{"id":18813,"date":"2023-11-15T12:35:52","date_gmt":"2023-11-15T12:35:52","guid":{"rendered":"https:\/\/kibrisdakik.com\/index.php\/2023\/11\/15\/ktams-calisanlar-arasinda-ayrimcilik-yapildigi-gerekcesiyle-yarin-mecliste-uyari-grevi-yapacak\/"},"modified":"2023-11-15T12:35:52","modified_gmt":"2023-11-15T12:35:52","slug":"ktams-calisanlar-arasinda-ayrimcilik-yapildigi-gerekcesiyle-yarin-mecliste-uyari-grevi-yapacak","status":"publish","type":"post","link":"https:\/\/kibrisdakik.com\/?p=18813","title":{"rendered":"KTAMS \u00e7al\u0131\u015fanlar aras\u0131nda ayr\u0131mc\u0131l\u0131k yap\u0131ld\u0131\u011f\u0131 gerek\u00e7esiyle yar\u0131n Meclis\u2019te uyar\u0131 grevi yapacak"},"content":{"rendered":"<p><img decoding=\"async\" src=\"https:\/\/www.kibristurk.com\/images\/haberler\/2023\/11\/ktams-calisanlar-arasinda-ayrimcilik-yapildigi-gerekcesiyle-yarin-mecliste-uyari-grevi-yapacak-1700047422.webp\" \/><\/p>\n<p style=\"text-align:left\"><span style=\"font-size:14px\"><span style=\"font-family:Arial,Helvetica,sans-serif\"><span style=\"color:#000000\"><span style=\"background-color:#ffffff\">Bengihan a\u00e7\u0131klamas\u0131nda \u201cSon g\u00fcnlerde y\u00f6neticiler taraf\u0131ndan Cumhuriyet Meclisi \u00e7al\u0131\u015fanlar\u0131 aras\u0131nda yarat\u0131lan ayr\u0131mc\u0131l\u0131k \u00e7al\u0131\u015fanlar aras\u0131nda huzursuzlu\u011fa neden olmaktad\u0131r. Ya\u015fanan bu ayr\u0131mc\u0131l\u0131\u011f\u0131n ileride kamu geneline \u00f6rnek te\u015fkil ederek kamu d\u00fczeninin bozulaca\u011f\u0131 kanaatinde olan sendikam\u0131z, bu konuya dikkat \u00e7ekmek \u00fczere yar\u0131n 09.30-10.30 saatleri aras\u0131nda Cumhuriyet Meclisi\u2019nde 1 saatlik uyar\u0131 grevi uygulayacakt\u0131r\u201d dedi.<\/span><\/span><\/span><\/span><\/p>\n<p style=\"text-align:left\"><span style=\"font-size:14px\"><span style=\"font-family:Arial,Helvetica,sans-serif\"><span style=\"color:#000000\"><span style=\"background-color:#ffffff\">Konuyla ilgili bas\u0131n a\u00e7\u0131klamas\u0131n\u0131n 10.00\u2019da Meclis \u00f6n\u00fcnde yap\u0131laca\u011f\u0131 belirtildi.<\/span><\/span><\/span><\/span><\/p>\n","protected":false},"excerpt":{"rendered":"<p>Bengihan a\u00e7\u0131klamas\u0131nda \u201cSon g\u00fcnlerde y\u00f6neticiler taraf\u0131ndan Cumhuriyet Meclisi \u00e7al\u0131\u015fanlar\u0131 aras\u0131nda yarat\u0131lan ayr\u0131mc\u0131l\u0131k \u00e7al\u0131\u015fanlar aras\u0131nda huzursuzlu\u011fa neden olmaktad\u0131r. Ya\u015fanan bu ayr\u0131mc\u0131l\u0131\u011f\u0131n ileride kamu geneline \u00f6rnek te\u015fkil ederek kamu d\u00fczeninin bozulaca\u011f\u0131 kanaatinde olan sendikam\u0131z, bu konuya dikkat \u00e7ekmek \u00fczere yar\u0131n 09.30-10.30 saatleri aras\u0131nda Cumhuriyet Meclisi\u2019nde 1 saatlik uyar\u0131 grevi uygulayacakt\u0131r\u201d dedi. Konuyla ilgili bas\u0131n a\u00e7\u0131klamas\u0131n\u0131n 10.00\u2019da Meclis<\/p>\n","protected":false},"author":1,"featured_media":18814,"comment_status":"open","ping_status":"open","sticky":false,"template":"","format":"standard","meta":{"footnotes":""},"categories":[1],"tags":[],"class_list":["post-18813","post","type-post","status-publish","format-standard","has-post-thumbnail","hentry","category-gundem"],"yoast_head":"<!-- This site is optimized with the Yoast SEO plugin v27.4 - https:\/\/yoast.com\/product\/yoast-seo-wordpress\/ -->\n<title>KTAMS \u00e7al\u0131\u015fanlar aras\u0131nda ayr\u0131mc\u0131l\u0131k yap\u0131ld\u0131\u011f\u0131 gerek\u00e7esiyle yar\u0131n Meclis\u2019te uyar\u0131 grevi yapacak -<\/title>\n<meta name=\"robots\" content=\"index, follow, max-snippet:-1, max-image-preview:large, max-video-preview:-1\" \/>\n<link rel=\"canonical\" href=\"https:\/\/kibrisdakik.com\/?p=18813\" \/>\n<meta property=\"og:locale\" content=\"tr_TR\" \/>\n<meta property=\"og:type\" content=\"article\" \/>\n<meta property=\"og:title\" content=\"KTAMS \u00e7al\u0131\u015fanlar aras\u0131nda ayr\u0131mc\u0131l\u0131k yap\u0131ld\u0131\u011f\u0131 gerek\u00e7esiyle yar\u0131n Meclis\u2019te uyar\u0131 grevi yapacak -\" \/>\n<meta property=\"og:description\" content=\"Bengihan a\u00e7\u0131klamas\u0131nda \u201cSon g\u00fcnlerde y\u00f6neticiler taraf\u0131ndan Cumhuriyet Meclisi \u00e7al\u0131\u015fanlar\u0131 aras\u0131nda yarat\u0131lan ayr\u0131mc\u0131l\u0131k \u00e7al\u0131\u015fanlar aras\u0131nda huzursuzlu\u011fa neden olmaktad\u0131r. Ya\u015fanan bu ayr\u0131mc\u0131l\u0131\u011f\u0131n ileride kamu geneline \u00f6rnek te\u015fkil ederek kamu d\u00fczeninin bozulaca\u011f\u0131 kanaatinde olan sendikam\u0131z, bu konuya dikkat \u00e7ekmek \u00fczere yar\u0131n 09.30-10.30 saatleri aras\u0131nda Cumhuriyet Meclisi\u2019nde 1 saatlik uyar\u0131 grevi uygulayacakt\u0131r\u201d dedi. Konuyla ilgili bas\u0131n a\u00e7\u0131klamas\u0131n\u0131n 10.00\u2019da Meclis\" \/>\n<meta property=\"og:url\" content=\"https:\/\/kibrisdakik.com\/?p=18813\" \/>\n<meta property=\"article:published_time\" content=\"2023-11-15T12:35:52+00:00\" \/>\n<meta property=\"og:image\" content=\"https:\/\/kibrisdakik.com\/wp-content\/uploads\/2023\/11\/ktams-calisanlar-arasinda-ayrimcilik-yapildigi-gerekcesiyle-yarin-mecliste-uyari-grevi-yapacak-1700047422.webp.webp\" \/>\n\t<meta property=\"og:image:width\" content=\"710\" \/>\n\t<meta property=\"og:image:height\" content=\"370\" \/>\n\t<meta property=\"og:image:type\" content=\"image\/webp\" \/>\n<meta name=\"author\" content=\"admin\" \/>\n<meta name=\"twitter:card\" content=\"summary_large_image\" \/>\n<meta name=\"twitter:label1\" content=\"Yazan:\" \/>\n\t<meta name=\"twitter:data1\" content=\"admin\" \/>\n<script type=\"application\/ld+json\" class=\"yoast-schema-graph\">{\"@context\":\"https:\\\/\\\/schema.org\",\"@graph\":[{\"@type\":\"Article\",\"@id\":\"https:\\\/\\\/kibrisdakik.com\\\/?p=18813#article\",\"isPartOf\":{\"@id\":\"https:\\\/\\\/kibrisdakik.com\\\/?p=18813\"},\"author\":{\"name\":\"admin\",\"@id\":\"https:\\\/\\\/kibrisdakik.com\\\/#\\\/schema\\\/person\\\/9cd9d437bbb44f72b73ba127e06d8e79\"},\"headline\":\"KTAMS \u00e7al\u0131\u015fanlar aras\u0131nda ayr\u0131mc\u0131l\u0131k yap\u0131ld\u0131\u011f\u0131 gerek\u00e7esiyle yar\u0131n Meclis\u2019te uyar\u0131 grevi yapacak\",\"datePublished\":\"2023-11-15T12:35:52+00:00\",\"mainEntityOfPage\":{\"@id\":\"https:\\\/\\\/kibrisdakik.com\\\/?p=18813\"},\"wordCount\":109,\"commentCount\":0,\"image\":{\"@id\":\"https:\\\/\\\/kibrisdakik.com\\\/?p=18813#primaryimage\"},\"thumbnailUrl\":\"https:\\\/\\\/kibrisdakik.com\\\/wp-content\\\/uploads\\\/2023\\\/11\\\/ktams-calisanlar-arasinda-ayrimcilik-yapildigi-gerekcesiyle-yarin-mecliste-uyari-grevi-yapacak-1700047422.webp.webp\",\"articleSection\":[\"G\u00fcndem\"],\"inLanguage\":\"tr\",\"potentialAction\":[{\"@type\":\"CommentAction\",\"name\":\"Comment\",\"target\":[\"https:\\\/\\\/kibrisdakik.com\\\/?p=18813#respond\"]}]},{\"@type\":\"WebPage\",\"@id\":\"https:\\\/\\\/kibrisdakik.com\\\/?p=18813\",\"url\":\"https:\\\/\\\/kibrisdakik.com\\\/?p=18813\",\"name\":\"KTAMS \u00e7al\u0131\u015fanlar aras\u0131nda ayr\u0131mc\u0131l\u0131k yap\u0131ld\u0131\u011f\u0131 gerek\u00e7esiyle yar\u0131n Meclis\u2019te uyar\u0131 grevi yapacak -\",\"isPartOf\":{\"@id\":\"https:\\\/\\\/kibrisdakik.com\\\/#website\"},\"primaryImageOfPage\":{\"@id\":\"https:\\\/\\\/kibrisdakik.com\\\/?p=18813#primaryimage\"},\"image\":{\"@id\":\"https:\\\/\\\/kibrisdakik.com\\\/?p=18813#primaryimage\"},\"thumbnailUrl\":\"https:\\\/\\\/kibrisdakik.com\\\/wp-content\\\/uploads\\\/2023\\\/11\\\/ktams-calisanlar-arasinda-ayrimcilik-yapildigi-gerekcesiyle-yarin-mecliste-uyari-grevi-yapacak-1700047422.webp.webp\",\"datePublished\":\"2023-11-15T12:35:52+00:00\",\"author\":{\"@id\":\"https:\\\/\\\/kibrisdakik.com\\\/#\\\/schema\\\/person\\\/9cd9d437bbb44f72b73ba127e06d8e79\"},\"breadcrumb\":{\"@id\":\"https:\\\/\\\/kibrisdakik.com\\\/?p=18813#breadcrumb\"},\"inLanguage\":\"tr\",\"potentialAction\":[{\"@type\":\"ReadAction\",\"target\":[\"https:\\\/\\\/kibrisdakik.com\\\/?p=18813\"]}]},{\"@type\":\"ImageObject\",\"inLanguage\":\"tr\",\"@id\":\"https:\\\/\\\/kibrisdakik.com\\\/?p=18813#primaryimage\",\"url\":\"https:\\\/\\\/kibrisdakik.com\\\/wp-content\\\/uploads\\\/2023\\\/11\\\/ktams-calisanlar-arasinda-ayrimcilik-yapildigi-gerekcesiyle-yarin-mecliste-uyari-grevi-yapacak-1700047422.webp.webp\",\"contentUrl\":\"https:\\\/\\\/kibrisdakik.com\\\/wp-content\\\/uploads\\\/2023\\\/11\\\/ktams-calisanlar-arasinda-ayrimcilik-yapildigi-gerekcesiyle-yarin-mecliste-uyari-grevi-yapacak-1700047422.webp.webp\",\"width\":710,\"height\":370},{\"@type\":\"BreadcrumbList\",\"@id\":\"https:\\\/\\\/kibrisdakik.com\\\/?p=18813#breadcrumb\",\"itemListElement\":[{\"@type\":\"ListItem\",\"position\":1,\"name\":\"Home\",\"item\":\"https:\\\/\\\/kibrisdakik.com\\\/\"},{\"@type\":\"ListItem\",\"position\":2,\"name\":\"KTAMS \u00e7al\u0131\u015fanlar aras\u0131nda ayr\u0131mc\u0131l\u0131k yap\u0131ld\u0131\u011f\u0131 gerek\u00e7esiyle yar\u0131n Meclis\u2019te uyar\u0131 grevi yapacak\"}]},{\"@type\":\"WebSite\",\"@id\":\"https:\\\/\\\/kibrisdakik.com\\\/#website\",\"url\":\"https:\\\/\\\/kibrisdakik.com\\\/\",\"name\":\"\",\"description\":\"Tam vaktinde haber\",\"potentialAction\":[{\"@type\":\"SearchAction\",\"target\":{\"@type\":\"EntryPoint\",\"urlTemplate\":\"https:\\\/\\\/kibrisdakik.com\\\/?s={search_term_string}\"},\"query-input\":{\"@type\":\"PropertyValueSpecification\",\"valueRequired\":true,\"valueName\":\"search_term_string\"}}],\"inLanguage\":\"tr\"},{\"@type\":\"Person\",\"@id\":\"https:\\\/\\\/kibrisdakik.com\\\/#\\\/schema\\\/person\\\/9cd9d437bbb44f72b73ba127e06d8e79\",\"name\":\"admin\",\"image\":{\"@type\":\"ImageObject\",\"inLanguage\":\"tr\",\"@id\":\"https:\\\/\\\/secure.gravatar.com\\\/avatar\\\/ccc17943b9d660506c869530f897617f7cb1c21a4bf30023f252596d83e1f007?s=96&d=mm&r=g\",\"url\":\"https:\\\/\\\/secure.gravatar.com\\\/avatar\\\/ccc17943b9d660506c869530f897617f7cb1c21a4bf30023f252596d83e1f007?s=96&d=mm&r=g\",\"contentUrl\":\"https:\\\/\\\/secure.gravatar.com\\\/avatar\\\/ccc17943b9d660506c869530f897617f7cb1c21a4bf30023f252596d83e1f007?s=96&d=mm&r=g\",\"caption\":\"admin\"},\"sameAs\":[\"https:\\\/\\\/kibrisdakik.com\"],\"url\":\"https:\\\/\\\/kibrisdakik.com\\\/?author=1\"}]}<\/script>\n<!-- \/ Yoast SEO plugin. -->","yoast_head_json":{"title":"KTAMS \u00e7al\u0131\u015fanlar aras\u0131nda ayr\u0131mc\u0131l\u0131k yap\u0131ld\u0131\u011f\u0131 gerek\u00e7esiyle yar\u0131n Meclis\u2019te uyar\u0131 grevi yapacak -","robots":{"index":"index","follow":"follow","max-snippet":"max-snippet:-1","max-image-preview":"max-image-preview:large","max-video-preview":"max-video-preview:-1"},"canonical":"https:\/\/kibrisdakik.com\/?p=18813","og_locale":"tr_TR","og_type":"article","og_title":"KTAMS \u00e7al\u0131\u015fanlar aras\u0131nda ayr\u0131mc\u0131l\u0131k yap\u0131ld\u0131\u011f\u0131 gerek\u00e7esiyle yar\u0131n Meclis\u2019te uyar\u0131 grevi yapacak -","og_description":"Bengihan a\u00e7\u0131klamas\u0131nda \u201cSon g\u00fcnlerde y\u00f6neticiler taraf\u0131ndan Cumhuriyet Meclisi \u00e7al\u0131\u015fanlar\u0131 aras\u0131nda yarat\u0131lan ayr\u0131mc\u0131l\u0131k \u00e7al\u0131\u015fanlar aras\u0131nda huzursuzlu\u011fa neden olmaktad\u0131r. Ya\u015fanan bu ayr\u0131mc\u0131l\u0131\u011f\u0131n ileride kamu geneline \u00f6rnek te\u015fkil ederek kamu d\u00fczeninin bozulaca\u011f\u0131 kanaatinde olan sendikam\u0131z, bu konuya dikkat \u00e7ekmek \u00fczere yar\u0131n 09.30-10.30 saatleri aras\u0131nda Cumhuriyet Meclisi\u2019nde 1 saatlik uyar\u0131 grevi uygulayacakt\u0131r\u201d dedi. Konuyla ilgili bas\u0131n a\u00e7\u0131klamas\u0131n\u0131n 10.00\u2019da Meclis","og_url":"https:\/\/kibrisdakik.com\/?p=18813","article_published_time":"2023-11-15T12:35:52+00:00","og_image":[{"width":710,"height":370,"url":"https:\/\/kibrisdakik.com\/wp-content\/uploads\/2023\/11\/ktams-calisanlar-arasinda-ayrimcilik-yapildigi-gerekcesiyle-yarin-mecliste-uyari-grevi-yapacak-1700047422.webp.webp","type":"image\/webp"}],"author":"admin","twitter_card":"summary_large_image","twitter_misc":{"Yazan:":"admin"},"schema":{"@context":"https:\/\/schema.org","@graph":[{"@type":"Article","@id":"https:\/\/kibrisdakik.com\/?p=18813#article","isPartOf":{"@id":"https:\/\/kibrisdakik.com\/?p=18813"},"author":{"name":"admin","@id":"https:\/\/kibrisdakik.com\/#\/schema\/person\/9cd9d437bbb44f72b73ba127e06d8e79"},"headline":"KTAMS \u00e7al\u0131\u015fanlar aras\u0131nda ayr\u0131mc\u0131l\u0131k yap\u0131ld\u0131\u011f\u0131 gerek\u00e7esiyle yar\u0131n Meclis\u2019te uyar\u0131 grevi yapacak","datePublished":"2023-11-15T12:35:52+00:00","mainEntityOfPage":{"@id":"https:\/\/kibrisdakik.com\/?p=18813"},"wordCount":109,"commentCount":0,"image":{"@id":"https:\/\/kibrisdakik.com\/?p=18813#primaryimage"},"thumbnailUrl":"https:\/\/kibrisdakik.com\/wp-content\/uploads\/2023\/11\/ktams-calisanlar-arasinda-ayrimcilik-yapildigi-gerekcesiyle-yarin-mecliste-uyari-grevi-yapacak-1700047422.webp.webp","articleSection":["G\u00fcndem"],"inLanguage":"tr","potentialAction":[{"@type":"CommentAction","name":"Comment","target":["https:\/\/kibrisdakik.com\/?p=18813#respond"]}]},{"@type":"WebPage","@id":"https:\/\/kibrisdakik.com\/?p=18813","url":"https:\/\/kibrisdakik.com\/?p=18813","name":"KTAMS \u00e7al\u0131\u015fanlar aras\u0131nda ayr\u0131mc\u0131l\u0131k yap\u0131ld\u0131\u011f\u0131 gerek\u00e7esiyle yar\u0131n Meclis\u2019te uyar\u0131 grevi yapacak -","isPartOf":{"@id":"https:\/\/kibrisdakik.com\/#website"},"primaryImageOfPage":{"@id":"https:\/\/kibrisdakik.com\/?p=18813#primaryimage"},"image":{"@id":"https:\/\/kibrisdakik.com\/?p=18813#primaryimage"},"thumbnailUrl":"https:\/\/kibrisdakik.com\/wp-content\/uploads\/2023\/11\/ktams-calisanlar-arasinda-ayrimcilik-yapildigi-gerekcesiyle-yarin-mecliste-uyari-grevi-yapacak-1700047422.webp.webp","datePublished":"2023-11-15T12:35:52+00:00","author":{"@id":"https:\/\/kibrisdakik.com\/#\/schema\/person\/9cd9d437bbb44f72b73ba127e06d8e79"},"breadcrumb":{"@id":"https:\/\/kibrisdakik.com\/?p=18813#breadcrumb"},"inLanguage":"tr","potentialAction":[{"@type":"ReadAction","target":["https:\/\/kibrisdakik.com\/?p=18813"]}]},{"@type":"ImageObject","inLanguage":"tr","@id":"https:\/\/kibrisdakik.com\/?p=18813#primaryimage","url":"https:\/\/kibrisdakik.com\/wp-content\/uploads\/2023\/11\/ktams-calisanlar-arasinda-ayrimcilik-yapildigi-gerekcesiyle-yarin-mecliste-uyari-grevi-yapacak-1700047422.webp.webp","contentUrl":"https:\/\/kibrisdakik.com\/wp-content\/uploads\/2023\/11\/ktams-calisanlar-arasinda-ayrimcilik-yapildigi-gerekcesiyle-yarin-mecliste-uyari-grevi-yapacak-1700047422.webp.webp","width":710,"height":370},{"@type":"BreadcrumbList","@id":"https:\/\/kibrisdakik.com\/?p=18813#breadcrumb","itemListElement":[{"@type":"ListItem","position":1,"name":"Home","item":"https:\/\/kibrisdakik.com\/"},{"@type":"ListItem","position":2,"name":"KTAMS \u00e7al\u0131\u015fanlar aras\u0131nda ayr\u0131mc\u0131l\u0131k yap\u0131ld\u0131\u011f\u0131 gerek\u00e7esiyle yar\u0131n Meclis\u2019te uyar\u0131 grevi yapacak"}]},{"@type":"WebSite","@id":"https:\/\/kibrisdakik.com\/#website","url":"https:\/\/kibrisdakik.com\/","name":"","description":"Tam vaktinde haber","potentialAction":[{"@type":"SearchAction","target":{"@type":"EntryPoint","urlTemplate":"https:\/\/kibrisdakik.com\/?s={search_term_string}"},"query-input":{"@type":"PropertyValueSpecification","valueRequired":true,"valueName":"search_term_string"}}],"inLanguage":"tr"},{"@type":"Person","@id":"https:\/\/kibrisdakik.com\/#\/schema\/person\/9cd9d437bbb44f72b73ba127e06d8e79","name":"admin","image":{"@type":"ImageObject","inLanguage":"tr","@id":"https:\/\/secure.gravatar.com\/avatar\/ccc17943b9d660506c869530f897617f7cb1c21a4bf30023f252596d83e1f007?s=96&d=mm&r=g","url":"https:\/\/secure.gravatar.com\/avatar\/ccc17943b9d660506c869530f897617f7cb1c21a4bf30023f252596d83e1f007?s=96&d=mm&r=g","contentUrl":"https:\/\/secure.gravatar.com\/avatar\/ccc17943b9d660506c869530f897617f7cb1c21a4bf30023f252596d83e1f007?s=96&d=mm&r=g","caption":"admin"},"sameAs":["https:\/\/kibrisdakik.com"],"url":"https:\/\/kibrisdakik.com\/?author=1"}]}},"_links":{"self":[{"href":"https:\/\/kibrisdakik.com\/index.php?rest_route=\/wp\/v2\/posts\/18813","targetHints":{"allow":["GET"]}}],"collection":[{"href":"https:\/\/kibrisdakik.com\/index.php?rest_route=\/wp\/v2\/posts"}],"about":[{"href":"https:\/\/kibrisdakik.com\/index.php?rest_route=\/wp\/v2\/types\/post"}],"author":[{"embeddable":true,"href":"https:\/\/kibrisdakik.com\/index.php?rest_route=\/wp\/v2\/users\/1"}],"replies":[{"embeddable":true,"href":"https:\/\/kibrisdakik.com\/index.php?rest_route=%2Fwp%2Fv2%2Fcomments&post=18813"}],"version-history":[{"count":0,"href":"https:\/\/kibrisdakik.com\/index.php?rest_route=\/wp\/v2\/posts\/18813\/revisions"}],"wp:featuredmedia":[{"embeddable":true,"href":"https:\/\/kibrisdakik.com\/index.php?rest_route=\/wp\/v2\/media\/18814"}],"wp:attachment":[{"href":"https:\/\/kibrisdakik.com\/index.php?rest_route=%2Fwp%2Fv2%2Fmedia&parent=18813"}],"wp:term":[{"taxonomy":"category","embeddable":true,"href":"https:\/\/kibrisdakik.com\/index.php?rest_route=%2Fwp%2Fv2%2Fcategories&post=18813"},{"taxonomy":"post_tag","embeddable":true,"href":"https:\/\/kibrisdakik.com\/index.php?rest_route=%2Fwp%2Fv2%2Ftags&post=18813"}],"curies":[{"name":"wp","href":"https:\/\/api.w.org\/{rel}","templated":true}]}}