{"id":18815,"date":"2023-11-15T13:01:50","date_gmt":"2023-11-15T13:01:50","guid":{"rendered":"https:\/\/kibrisdakik.com\/index.php\/2023\/11\/15\/kktcnin-40inci-yili-mehmetcikte-duzenlenen-torenle-kutlandi\/"},"modified":"2023-11-15T13:01:50","modified_gmt":"2023-11-15T13:01:50","slug":"kktcnin-40inci-yili-mehmetcikte-duzenlenen-torenle-kutlandi","status":"publish","type":"post","link":"https:\/\/kibrisdakik.com\/?p=18815","title":{"rendered":"KKTC\u2019nin 40\u2019\u0131nc\u0131 y\u0131l\u0131 Mehmet\u00e7ik\u2019te d\u00fczenlenen t\u00f6renle kutland\u0131"},"content":{"rendered":"<p><img decoding=\"async\" src=\"https:\/\/www.kibristurk.com\/images\/haberler\/2023\/11\/kktcnin-40inci-yili-mehmetcikte-duzenlenen-torenle-kutlandi-1700047455.webp\" \/><\/p>\n<p style=\"text-align:left\"><span style=\"font-size:16px\"><span style=\"font-family:Merriweather,serif !important\"><span style=\"color:#000000\"><span style=\"background-color:#ffffff\">KKTC\u2019nin ilan\u0131n\u0131n 40\u2019\u0131nc\u0131 y\u0131l d\u00f6n\u00fcm\u00fc nedeniyle Mehmet\u00e7ik&#8217;te&nbsp; Ecevit Meydan\u0131\u2019nda t\u00f6ren d\u00fczenlendi.<\/span><\/span><\/span><\/span><\/p>\n<p style=\"text-align:left\"><span style=\"font-size:16px\"><span style=\"font-family:Merriweather,serif !important\"><span style=\"color:#000000\"><span style=\"background-color:#ffffff\">Mehmet\u00e7ik Belediyesinden yap\u0131lan a\u00e7\u0131klamaya g\u00f6re t\u00f6rene Mehmet\u00e7ik B\u00fcy\u00fckkonuk Belediye Ba\u015fkan\u0131 Fatma \u00c7imen Tu\u011flu, Mehmet\u00e7ik Bucak sorumlusu, b\u00f6lge muhtarlar\u0131, b\u00f6lgede e\u011fitim veren \u00f6\u011fretmenler, b\u00f6lge \u00f6\u011frencileri ve kurum kurulu\u015f temsilcileri kat\u0131ld\u0131.<\/span><\/span><\/span><\/span><\/p>\n<p style=\"text-align:left\"><span style=\"font-size:16px\"><span style=\"font-family:Merriweather,serif !important\"><span style=\"color:#000000\"><span style=\"background-color:#ffffff\">Mehmet\u00e7ik B\u00fcy\u00fckkonuk Belediye Ba\u015fkan\u0131 Fatma \u00c7imen Tu\u011flu, t\u00f6rende yapt\u0131\u011f\u0131 konu\u015fmada, &#8220;15 Kas\u0131m 1983\u2019te Kurucu Cumhurba\u015fkan\u0131 Rauf Raif Denkta\u015f\u2019\u0131n, \u2018K\u0131br\u0131s T\u00fcrk halk\u0131n\u0131n me\u015fru ve \u00f6n\u00fcne ge\u00e7ilmesi imkans\u0131z istek ve iradesine terc\u00fcman olarak, Kuzey K\u0131br\u0131s T\u00fcrk Cumhuriyeti\u2019nin ba\u011f\u0131ms\u0131z bir devlet olarak kuruldu\u011funu d\u00fcnya ve tarih \u00f6n\u00fcnde ilan ediyoruz\u2019 deyi\u015fi ile var olu\u015f m\u00fccadelemizin zaferle ta\u00e7land\u0131r\u0131larak kurulan Cumhuriyetimizin 40\u2019\u0131nc\u0131 y\u0131l\u0131n\u0131 bug\u00fcn b\u00fcy\u00fck bir co\u015fku ile kutluyoruz.&#8221; dedi.<\/span><\/span><\/span><\/span><\/p>\n<p style=\"text-align:left\">&nbsp;<\/p>\n<p style=\"text-align:left\"><span style=\"font-size:16px\"><span style=\"font-family:Merriweather,serif !important\"><span style=\"color:#000000\"><span style=\"background-color:#ffffff\">&#8220;Ne mutlu bize ki, b\u00fcy\u00fcklerimizin yokluk i\u00e7inde, inanarak, cesurca m\u00fccadelesi sonucu, Anavatan T\u00fcrkiye\u2019nin de g\u00fcvencesi ile ba\u015f\u0131m\u0131z dik korkusuz ve en \u00f6nemlisi \u00f6zg\u00fcr ya\u015f\u0131yoruz.&#8221; diye devam eden Tu\u011flu, K\u0131br\u0131s T\u00fcrk halk\u0131n\u0131n bug\u00fcnlere kolay gelmedi\u011fini verilen m\u00fccadeleleri \u00f6zetleyerek anlatt\u0131.<\/span><\/span><\/span><\/span><\/p>\n<p style=\"text-align:left\">&nbsp;<\/p>\n<p>&nbsp;<\/p>\n<p style=\"text-align:left\"><span style=\"font-size:16px\"><span style=\"font-family:Merriweather,serif !important\"><span style=\"color:#000000\"><span style=\"background-color:#ffffff\">20 Temmuz 1974\u2019te Anavatan T\u00fcrkiye\u2019nin uluslararas\u0131 antla\u015fmalardan kaynaklanan garant\u00f6rl\u00fck hakk\u0131n\u0131 kullanarak Bar\u0131\u015f Harekat\u0131\u2019n\u0131 ger\u00e7ekle\u015ftirdi\u011fini ve&nbsp; halk\u0131n g\u00fcven ve huzur i\u00e7inde egemen ve \u00f6zg\u00fcr olarak ya\u015fayaca\u011f\u0131 vatan s\u0131n\u0131rlar\u0131 \u00e7izildi\u011fini vurgulad\u0131.<\/span><\/span><\/span><\/span><\/p>\n<p>&nbsp;<\/p>\n<p style=\"text-align:left\"><span style=\"font-size:16px\"><span style=\"font-family:Merriweather,serif !important\"><span style=\"color:#000000\"><span style=\"background-color:#ffffff\">Tu\u011flu, &#8220;40\u2019\u0131nc\u0131 y\u0131l\u0131n\u0131 gurur ve onurla kutlad\u0131\u011f\u0131m\u0131z devletimiz bize, \u015fehitlerimizin emanetidir. Cumhuriyetimize her ko\u015fulda sahip \u00e7\u0131kmak, sonsuza kadar ya\u015fatmak i\u00e7in birlik ve beraberli\u011fimizi koruyarak, gelece\u011fe emin ad\u0131mlarla y\u00fcr\u00fcmek ve gelece\u011fin teminat\u0131 \u00e7ocuklar\u0131m\u0131za daha iyi, daha g\u00fczel ve daha refah bir ya\u015fam sunmak bizlerin g\u00f6revidir.&#8221; diyerek,&nbsp; ba\u015fta var olu\u015f m\u00fccadelesi lideri Dr. Faz\u0131l K\u00fc\u00e7\u00fck, Kuzey K\u0131br\u0131s T\u00fcrk Cumhuriyeti Kurucu Cumhurba\u015fkan\u0131 Rauf Raif Denkta\u015f, \u015fehitler ve hayatta olmayan gazileri rahmetle and\u0131, hayatta olan gazi, M\u00fccahit ve M\u00fccahidelere&nbsp; minnet ve te\u015fekk\u00fcrlerini iletti.<\/span><\/span><\/span><\/span><\/p>\n","protected":false},"excerpt":{"rendered":"<p>KKTC\u2019nin ilan\u0131n\u0131n 40\u2019\u0131nc\u0131 y\u0131l d\u00f6n\u00fcm\u00fc nedeniyle Mehmet\u00e7ik&#8217;te&nbsp; Ecevit Meydan\u0131\u2019nda t\u00f6ren d\u00fczenlendi. Mehmet\u00e7ik Belediyesinden yap\u0131lan a\u00e7\u0131klamaya g\u00f6re t\u00f6rene Mehmet\u00e7ik B\u00fcy\u00fckkonuk Belediye Ba\u015fkan\u0131 Fatma \u00c7imen Tu\u011flu, Mehmet\u00e7ik Bucak sorumlusu, b\u00f6lge muhtarlar\u0131, b\u00f6lgede e\u011fitim veren \u00f6\u011fretmenler, b\u00f6lge \u00f6\u011frencileri ve kurum kurulu\u015f temsilcileri kat\u0131ld\u0131. Mehmet\u00e7ik B\u00fcy\u00fckkonuk Belediye Ba\u015fkan\u0131 Fatma \u00c7imen Tu\u011flu, t\u00f6rende yapt\u0131\u011f\u0131 konu\u015fmada, &#8220;15 Kas\u0131m 1983\u2019te Kurucu Cumhurba\u015fkan\u0131<\/p>\n","protected":false},"author":1,"featured_media":18816,"comment_status":"open","ping_status":"open","sticky":false,"template":"","format":"standard","meta":{"footnotes":""},"categories":[85],"tags":[],"class_list":["post-18815","post","type-post","status-publish","format-standard","has-post-thumbnail","hentry","category-spor"],"yoast_head":"<!-- This site is optimized with the Yoast SEO plugin v27.4 - https:\/\/yoast.com\/product\/yoast-seo-wordpress\/ -->\n<title>KKTC\u2019nin 40\u2019\u0131nc\u0131 y\u0131l\u0131 Mehmet\u00e7ik\u2019te d\u00fczenlenen t\u00f6renle kutland\u0131 -<\/title>\n<meta name=\"robots\" content=\"index, follow, max-snippet:-1, max-image-preview:large, max-video-preview:-1\" \/>\n<link rel=\"canonical\" href=\"https:\/\/kibrisdakik.com\/?p=18815\" \/>\n<meta property=\"og:locale\" content=\"tr_TR\" \/>\n<meta property=\"og:type\" content=\"article\" \/>\n<meta property=\"og:title\" content=\"KKTC\u2019nin 40\u2019\u0131nc\u0131 y\u0131l\u0131 Mehmet\u00e7ik\u2019te d\u00fczenlenen t\u00f6renle kutland\u0131 -\" \/>\n<meta property=\"og:description\" content=\"KKTC\u2019nin ilan\u0131n\u0131n 40\u2019\u0131nc\u0131 y\u0131l d\u00f6n\u00fcm\u00fc nedeniyle Mehmet\u00e7ik&#8217;te&nbsp; Ecevit Meydan\u0131\u2019nda t\u00f6ren d\u00fczenlendi. Mehmet\u00e7ik Belediyesinden yap\u0131lan a\u00e7\u0131klamaya g\u00f6re t\u00f6rene Mehmet\u00e7ik B\u00fcy\u00fckkonuk Belediye Ba\u015fkan\u0131 Fatma \u00c7imen Tu\u011flu, Mehmet\u00e7ik Bucak sorumlusu, b\u00f6lge muhtarlar\u0131, b\u00f6lgede e\u011fitim veren \u00f6\u011fretmenler, b\u00f6lge \u00f6\u011frencileri ve kurum kurulu\u015f temsilcileri kat\u0131ld\u0131. Mehmet\u00e7ik B\u00fcy\u00fckkonuk Belediye Ba\u015fkan\u0131 Fatma \u00c7imen Tu\u011flu, t\u00f6rende yapt\u0131\u011f\u0131 konu\u015fmada, &#8220;15 Kas\u0131m 1983\u2019te Kurucu Cumhurba\u015fkan\u0131\" \/>\n<meta property=\"og:url\" content=\"https:\/\/kibrisdakik.com\/?p=18815\" \/>\n<meta property=\"article:published_time\" content=\"2023-11-15T13:01:50+00:00\" \/>\n<meta property=\"og:image\" content=\"https:\/\/kibrisdakik.com\/wp-content\/uploads\/2023\/11\/kktcnin-40inci-yili-mehmetcikte-duzenlenen-torenle-kutlandi-1700047455.webp.webp\" \/>\n\t<meta property=\"og:image:width\" content=\"710\" \/>\n\t<meta property=\"og:image:height\" content=\"370\" \/>\n\t<meta property=\"og:image:type\" content=\"image\/webp\" \/>\n<meta name=\"author\" content=\"admin\" \/>\n<meta name=\"twitter:card\" content=\"summary_large_image\" \/>\n<meta name=\"twitter:label1\" content=\"Yazan:\" \/>\n\t<meta name=\"twitter:data1\" content=\"admin\" \/>\n\t<meta name=\"twitter:label2\" content=\"Tahmini okuma s\u00fcresi\" \/>\n\t<meta name=\"twitter:data2\" content=\"2 dakika\" \/>\n<script type=\"application\/ld+json\" class=\"yoast-schema-graph\">{\"@context\":\"https:\\\/\\\/schema.org\",\"@graph\":[{\"@type\":\"Article\",\"@id\":\"https:\\\/\\\/kibrisdakik.com\\\/?p=18815#article\",\"isPartOf\":{\"@id\":\"https:\\\/\\\/kibrisdakik.com\\\/?p=18815\"},\"author\":{\"name\":\"admin\",\"@id\":\"https:\\\/\\\/kibrisdakik.com\\\/#\\\/schema\\\/person\\\/9cd9d437bbb44f72b73ba127e06d8e79\"},\"headline\":\"KKTC\u2019nin 40\u2019\u0131nc\u0131 y\u0131l\u0131 Mehmet\u00e7ik\u2019te d\u00fczenlenen t\u00f6renle kutland\u0131\",\"datePublished\":\"2023-11-15T13:01:50+00:00\",\"mainEntityOfPage\":{\"@id\":\"https:\\\/\\\/kibrisdakik.com\\\/?p=18815\"},\"wordCount\":404,\"commentCount\":0,\"image\":{\"@id\":\"https:\\\/\\\/kibrisdakik.com\\\/?p=18815#primaryimage\"},\"thumbnailUrl\":\"https:\\\/\\\/kibrisdakik.com\\\/wp-content\\\/uploads\\\/2023\\\/11\\\/kktcnin-40inci-yili-mehmetcikte-duzenlenen-torenle-kutlandi-1700047455.webp.webp\",\"articleSection\":[\"Spor\"],\"inLanguage\":\"tr\",\"potentialAction\":[{\"@type\":\"CommentAction\",\"name\":\"Comment\",\"target\":[\"https:\\\/\\\/kibrisdakik.com\\\/?p=18815#respond\"]}]},{\"@type\":\"WebPage\",\"@id\":\"https:\\\/\\\/kibrisdakik.com\\\/?p=18815\",\"url\":\"https:\\\/\\\/kibrisdakik.com\\\/?p=18815\",\"name\":\"KKTC\u2019nin 40\u2019\u0131nc\u0131 y\u0131l\u0131 Mehmet\u00e7ik\u2019te d\u00fczenlenen t\u00f6renle kutland\u0131 -\",\"isPartOf\":{\"@id\":\"https:\\\/\\\/kibrisdakik.com\\\/#website\"},\"primaryImageOfPage\":{\"@id\":\"https:\\\/\\\/kibrisdakik.com\\\/?p=18815#primaryimage\"},\"image\":{\"@id\":\"https:\\\/\\\/kibrisdakik.com\\\/?p=18815#primaryimage\"},\"thumbnailUrl\":\"https:\\\/\\\/kibrisdakik.com\\\/wp-content\\\/uploads\\\/2023\\\/11\\\/kktcnin-40inci-yili-mehmetcikte-duzenlenen-torenle-kutlandi-1700047455.webp.webp\",\"datePublished\":\"2023-11-15T13:01:50+00:00\",\"author\":{\"@id\":\"https:\\\/\\\/kibrisdakik.com\\\/#\\\/schema\\\/person\\\/9cd9d437bbb44f72b73ba127e06d8e79\"},\"breadcrumb\":{\"@id\":\"https:\\\/\\\/kibrisdakik.com\\\/?p=18815#breadcrumb\"},\"inLanguage\":\"tr\",\"potentialAction\":[{\"@type\":\"ReadAction\",\"target\":[\"https:\\\/\\\/kibrisdakik.com\\\/?p=18815\"]}]},{\"@type\":\"ImageObject\",\"inLanguage\":\"tr\",\"@id\":\"https:\\\/\\\/kibrisdakik.com\\\/?p=18815#primaryimage\",\"url\":\"https:\\\/\\\/kibrisdakik.com\\\/wp-content\\\/uploads\\\/2023\\\/11\\\/kktcnin-40inci-yili-mehmetcikte-duzenlenen-torenle-kutlandi-1700047455.webp.webp\",\"contentUrl\":\"https:\\\/\\\/kibrisdakik.com\\\/wp-content\\\/uploads\\\/2023\\\/11\\\/kktcnin-40inci-yili-mehmetcikte-duzenlenen-torenle-kutlandi-1700047455.webp.webp\",\"width\":710,\"height\":370},{\"@type\":\"BreadcrumbList\",\"@id\":\"https:\\\/\\\/kibrisdakik.com\\\/?p=18815#breadcrumb\",\"itemListElement\":[{\"@type\":\"ListItem\",\"position\":1,\"name\":\"Home\",\"item\":\"https:\\\/\\\/kibrisdakik.com\\\/\"},{\"@type\":\"ListItem\",\"position\":2,\"name\":\"KKTC\u2019nin 40\u2019\u0131nc\u0131 y\u0131l\u0131 Mehmet\u00e7ik\u2019te d\u00fczenlenen t\u00f6renle kutland\u0131\"}]},{\"@type\":\"WebSite\",\"@id\":\"https:\\\/\\\/kibrisdakik.com\\\/#website\",\"url\":\"https:\\\/\\\/kibrisdakik.com\\\/\",\"name\":\"\",\"description\":\"Tam vaktinde haber\",\"potentialAction\":[{\"@type\":\"SearchAction\",\"target\":{\"@type\":\"EntryPoint\",\"urlTemplate\":\"https:\\\/\\\/kibrisdakik.com\\\/?s={search_term_string}\"},\"query-input\":{\"@type\":\"PropertyValueSpecification\",\"valueRequired\":true,\"valueName\":\"search_term_string\"}}],\"inLanguage\":\"tr\"},{\"@type\":\"Person\",\"@id\":\"https:\\\/\\\/kibrisdakik.com\\\/#\\\/schema\\\/person\\\/9cd9d437bbb44f72b73ba127e06d8e79\",\"name\":\"admin\",\"image\":{\"@type\":\"ImageObject\",\"inLanguage\":\"tr\",\"@id\":\"https:\\\/\\\/secure.gravatar.com\\\/avatar\\\/ccc17943b9d660506c869530f897617f7cb1c21a4bf30023f252596d83e1f007?s=96&d=mm&r=g\",\"url\":\"https:\\\/\\\/secure.gravatar.com\\\/avatar\\\/ccc17943b9d660506c869530f897617f7cb1c21a4bf30023f252596d83e1f007?s=96&d=mm&r=g\",\"contentUrl\":\"https:\\\/\\\/secure.gravatar.com\\\/avatar\\\/ccc17943b9d660506c869530f897617f7cb1c21a4bf30023f252596d83e1f007?s=96&d=mm&r=g\",\"caption\":\"admin\"},\"sameAs\":[\"https:\\\/\\\/kibrisdakik.com\"],\"url\":\"https:\\\/\\\/kibrisdakik.com\\\/?author=1\"}]}<\/script>\n<!-- \/ Yoast SEO plugin. -->","yoast_head_json":{"title":"KKTC\u2019nin 40\u2019\u0131nc\u0131 y\u0131l\u0131 Mehmet\u00e7ik\u2019te d\u00fczenlenen t\u00f6renle kutland\u0131 -","robots":{"index":"index","follow":"follow","max-snippet":"max-snippet:-1","max-image-preview":"max-image-preview:large","max-video-preview":"max-video-preview:-1"},"canonical":"https:\/\/kibrisdakik.com\/?p=18815","og_locale":"tr_TR","og_type":"article","og_title":"KKTC\u2019nin 40\u2019\u0131nc\u0131 y\u0131l\u0131 Mehmet\u00e7ik\u2019te d\u00fczenlenen t\u00f6renle kutland\u0131 -","og_description":"KKTC\u2019nin ilan\u0131n\u0131n 40\u2019\u0131nc\u0131 y\u0131l d\u00f6n\u00fcm\u00fc nedeniyle Mehmet\u00e7ik&#8217;te&nbsp; Ecevit Meydan\u0131\u2019nda t\u00f6ren d\u00fczenlendi. Mehmet\u00e7ik Belediyesinden yap\u0131lan a\u00e7\u0131klamaya g\u00f6re t\u00f6rene Mehmet\u00e7ik B\u00fcy\u00fckkonuk Belediye Ba\u015fkan\u0131 Fatma \u00c7imen Tu\u011flu, Mehmet\u00e7ik Bucak sorumlusu, b\u00f6lge muhtarlar\u0131, b\u00f6lgede e\u011fitim veren \u00f6\u011fretmenler, b\u00f6lge \u00f6\u011frencileri ve kurum kurulu\u015f temsilcileri kat\u0131ld\u0131. Mehmet\u00e7ik B\u00fcy\u00fckkonuk Belediye Ba\u015fkan\u0131 Fatma \u00c7imen Tu\u011flu, t\u00f6rende yapt\u0131\u011f\u0131 konu\u015fmada, &#8220;15 Kas\u0131m 1983\u2019te Kurucu Cumhurba\u015fkan\u0131","og_url":"https:\/\/kibrisdakik.com\/?p=18815","article_published_time":"2023-11-15T13:01:50+00:00","og_image":[{"width":710,"height":370,"url":"https:\/\/kibrisdakik.com\/wp-content\/uploads\/2023\/11\/kktcnin-40inci-yili-mehmetcikte-duzenlenen-torenle-kutlandi-1700047455.webp.webp","type":"image\/webp"}],"author":"admin","twitter_card":"summary_large_image","twitter_misc":{"Yazan:":"admin","Tahmini okuma s\u00fcresi":"2 dakika"},"schema":{"@context":"https:\/\/schema.org","@graph":[{"@type":"Article","@id":"https:\/\/kibrisdakik.com\/?p=18815#article","isPartOf":{"@id":"https:\/\/kibrisdakik.com\/?p=18815"},"author":{"name":"admin","@id":"https:\/\/kibrisdakik.com\/#\/schema\/person\/9cd9d437bbb44f72b73ba127e06d8e79"},"headline":"KKTC\u2019nin 40\u2019\u0131nc\u0131 y\u0131l\u0131 Mehmet\u00e7ik\u2019te d\u00fczenlenen t\u00f6renle kutland\u0131","datePublished":"2023-11-15T13:01:50+00:00","mainEntityOfPage":{"@id":"https:\/\/kibrisdakik.com\/?p=18815"},"wordCount":404,"commentCount":0,"image":{"@id":"https:\/\/kibrisdakik.com\/?p=18815#primaryimage"},"thumbnailUrl":"https:\/\/kibrisdakik.com\/wp-content\/uploads\/2023\/11\/kktcnin-40inci-yili-mehmetcikte-duzenlenen-torenle-kutlandi-1700047455.webp.webp","articleSection":["Spor"],"inLanguage":"tr","potentialAction":[{"@type":"CommentAction","name":"Comment","target":["https:\/\/kibrisdakik.com\/?p=18815#respond"]}]},{"@type":"WebPage","@id":"https:\/\/kibrisdakik.com\/?p=18815","url":"https:\/\/kibrisdakik.com\/?p=18815","name":"KKTC\u2019nin 40\u2019\u0131nc\u0131 y\u0131l\u0131 Mehmet\u00e7ik\u2019te d\u00fczenlenen t\u00f6renle kutland\u0131 -","isPartOf":{"@id":"https:\/\/kibrisdakik.com\/#website"},"primaryImageOfPage":{"@id":"https:\/\/kibrisdakik.com\/?p=18815#primaryimage"},"image":{"@id":"https:\/\/kibrisdakik.com\/?p=18815#primaryimage"},"thumbnailUrl":"https:\/\/kibrisdakik.com\/wp-content\/uploads\/2023\/11\/kktcnin-40inci-yili-mehmetcikte-duzenlenen-torenle-kutlandi-1700047455.webp.webp","datePublished":"2023-11-15T13:01:50+00:00","author":{"@id":"https:\/\/kibrisdakik.com\/#\/schema\/person\/9cd9d437bbb44f72b73ba127e06d8e79"},"breadcrumb":{"@id":"https:\/\/kibrisdakik.com\/?p=18815#breadcrumb"},"inLanguage":"tr","potentialAction":[{"@type":"ReadAction","target":["https:\/\/kibrisdakik.com\/?p=18815"]}]},{"@type":"ImageObject","inLanguage":"tr","@id":"https:\/\/kibrisdakik.com\/?p=18815#primaryimage","url":"https:\/\/kibrisdakik.com\/wp-content\/uploads\/2023\/11\/kktcnin-40inci-yili-mehmetcikte-duzenlenen-torenle-kutlandi-1700047455.webp.webp","contentUrl":"https:\/\/kibrisdakik.com\/wp-content\/uploads\/2023\/11\/kktcnin-40inci-yili-mehmetcikte-duzenlenen-torenle-kutlandi-1700047455.webp.webp","width":710,"height":370},{"@type":"BreadcrumbList","@id":"https:\/\/kibrisdakik.com\/?p=18815#breadcrumb","itemListElement":[{"@type":"ListItem","position":1,"name":"Home","item":"https:\/\/kibrisdakik.com\/"},{"@type":"ListItem","position":2,"name":"KKTC\u2019nin 40\u2019\u0131nc\u0131 y\u0131l\u0131 Mehmet\u00e7ik\u2019te d\u00fczenlenen t\u00f6renle kutland\u0131"}]},{"@type":"WebSite","@id":"https:\/\/kibrisdakik.com\/#website","url":"https:\/\/kibrisdakik.com\/","name":"","description":"Tam vaktinde haber","potentialAction":[{"@type":"SearchAction","target":{"@type":"EntryPoint","urlTemplate":"https:\/\/kibrisdakik.com\/?s={search_term_string}"},"query-input":{"@type":"PropertyValueSpecification","valueRequired":true,"valueName":"search_term_string"}}],"inLanguage":"tr"},{"@type":"Person","@id":"https:\/\/kibrisdakik.com\/#\/schema\/person\/9cd9d437bbb44f72b73ba127e06d8e79","name":"admin","image":{"@type":"ImageObject","inLanguage":"tr","@id":"https:\/\/secure.gravatar.com\/avatar\/ccc17943b9d660506c869530f897617f7cb1c21a4bf30023f252596d83e1f007?s=96&d=mm&r=g","url":"https:\/\/secure.gravatar.com\/avatar\/ccc17943b9d660506c869530f897617f7cb1c21a4bf30023f252596d83e1f007?s=96&d=mm&r=g","contentUrl":"https:\/\/secure.gravatar.com\/avatar\/ccc17943b9d660506c869530f897617f7cb1c21a4bf30023f252596d83e1f007?s=96&d=mm&r=g","caption":"admin"},"sameAs":["https:\/\/kibrisdakik.com"],"url":"https:\/\/kibrisdakik.com\/?author=1"}]}},"_links":{"self":[{"href":"https:\/\/kibrisdakik.com\/index.php?rest_route=\/wp\/v2\/posts\/18815","targetHints":{"allow":["GET"]}}],"collection":[{"href":"https:\/\/kibrisdakik.com\/index.php?rest_route=\/wp\/v2\/posts"}],"about":[{"href":"https:\/\/kibrisdakik.com\/index.php?rest_route=\/wp\/v2\/types\/post"}],"author":[{"embeddable":true,"href":"https:\/\/kibrisdakik.com\/index.php?rest_route=\/wp\/v2\/users\/1"}],"replies":[{"embeddable":true,"href":"https:\/\/kibrisdakik.com\/index.php?rest_route=%2Fwp%2Fv2%2Fcomments&post=18815"}],"version-history":[{"count":0,"href":"https:\/\/kibrisdakik.com\/index.php?rest_route=\/wp\/v2\/posts\/18815\/revisions"}],"wp:featuredmedia":[{"embeddable":true,"href":"https:\/\/kibrisdakik.com\/index.php?rest_route=\/wp\/v2\/media\/18816"}],"wp:attachment":[{"href":"https:\/\/kibrisdakik.com\/index.php?rest_route=%2Fwp%2Fv2%2Fmedia&parent=18815"}],"wp:term":[{"taxonomy":"category","embeddable":true,"href":"https:\/\/kibrisdakik.com\/index.php?rest_route=%2Fwp%2Fv2%2Fcategories&post=18815"},{"taxonomy":"post_tag","embeddable":true,"href":"https:\/\/kibrisdakik.com\/index.php?rest_route=%2Fwp%2Fv2%2Ftags&post=18815"}],"curies":[{"name":"wp","href":"https:\/\/api.w.org\/{rel}","templated":true}]}}