{"id":18874,"date":"2023-11-15T20:22:20","date_gmt":"2023-11-15T20:22:20","guid":{"rendered":"https:\/\/kibrisdakik.com\/index.php\/2023\/11\/15\/kktcnin-kurulusunun-40-yil-donumunde-ankarada-resepsiyon-verildi\/"},"modified":"2023-11-15T20:22:20","modified_gmt":"2023-11-15T20:22:20","slug":"kktcnin-kurulusunun-40-yil-donumunde-ankarada-resepsiyon-verildi","status":"publish","type":"post","link":"https:\/\/kibrisdakik.com\/?p=18874","title":{"rendered":"KKTC&#039;nin kurulu\u015funun 40. y\u0131l d\u00f6n\u00fcm\u00fcnde Ankara&#039;da resepsiyon verildi"},"content":{"rendered":"<p><img decoding=\"async\" src=\"https:\/\/www.kibristurk.com\/images\/haberler\/2023\/11\/kktcnin-kurulusunun-40-yil-donumunde-ankarada-resepsiyon-verildi-1700078527.webp\" \/><\/p>\n<p>T\u00fcrkiye Milli Savunma Bakan\u0131 Ya\u015far G\u00fcler, K\u0131br\u0131s meselesinin K\u0131br\u0131s T\u00fcrk halk\u0131n\u0131n me\u015fru \u00e7\u0131karlar\u0131n\u0131 ve g\u00fcvenli\u011fini teminat alt\u0131na alacak \u015fekilde bir an \u00f6nce \u00e7\u00f6z\u00fcme kavu\u015fturulmas\u0131n\u0131n T\u00fcrkiye&#8217;nin en \u00f6nemli \u00f6nceliklerinden birisi oldu\u011funu s\u00f6yledi.&nbsp;<\/p>\n<p>G\u00fcler, Gazze\u2019de uluslararas\u0131 hukukun ihlal edilmesi, \u00e7ocuk ve kad\u0131nlar\u0131n katledilmesi ve olay\u0131n vah\u015fet boyutuna d\u00f6n\u00fc\u015fmesinin &#8220;sava\u015f su\u00e7u ve asla kabul edilemez&#8221; oldu\u011funu belirterek, &#8220;Sivillere y\u00f6nelik sald\u0131r\u0131lar\u0131n derhal sonland\u0131r\u0131lmas\u0131 ve acilen ate\u015fkes ilan edilmesi gerekti\u011fini bir kez daha vurguluyoruz.&#8221; dedi.&nbsp;<\/p>\n<p>Kuzey K\u0131br\u0131s T\u00fcrk Cumhuriyeti&#8217;nin (KKTC) kurulu\u015funun 40&#8217;\u0131nc\u0131 y\u0131l d\u00f6n\u00fcm\u00fc m\u00fcnasebetiyle Ankara&#8217;da resepsiyon d\u00fczenlendi.&nbsp;<\/p>\n<p>Bir otelde d\u00fczenlenen resepsiyona, Milli Savunma Bakan\u0131 G\u00fcler, Ticaret Bakan\u0131 \u00d6mer Bolat, Ankara Valisi Vasip \u015eahin, Cumhurba\u015fkanl\u0131\u011f\u0131 Savunma Sanayii Ba\u015fkan\u0131 Haluk G\u00f6rg\u00fcn, B\u00fcy\u00fck Birlik Partisi (BBP) Ba\u015fkan\u0131 Mustafa Destici, yabanc\u0131 misyon temsilcileri ve \u00e7ok say\u0131da davetli kat\u0131ld\u0131. Resepsiyon, sayg\u0131 duru\u015fu ve \u0130stiklal Mar\u015f\u0131 ile ba\u015flad\u0131.&nbsp;<\/p>\n<p>G\u00fcler, burada yapt\u0131\u011f\u0131 konu\u015fmada, K\u0131br\u0131sl\u0131 T\u00fcrklerin y\u0131llarca s\u00fcren ba\u011f\u0131ms\u0131zl\u0131k m\u00fccadelesinin 40 y\u0131l \u00f6nce bug\u00fcn zaferle sonu\u00e7land\u0131\u011f\u0131n\u0131 ifade ederek, &#8220;Her zaman ifade etti\u011fimiz gibi K\u0131br\u0131s, bizim milli meselemizdir. Garant\u00f6r devlet olan T\u00fcrkiye&#8217;nin, adadaki askeri varl\u0131\u011f\u0131n\u0131 farkl\u0131 bir \u015fekilde tan\u0131mlamak, bu konuda provokatif s\u00f6ylemler dile getirmek Rum taraf\u0131na hi\u00e7bir fayda sa\u011flamayacakt\u0131r.&#8221; dedi.&nbsp;<\/p>\n<p>G\u00fcler, K\u0131br\u0131s meselesinin K\u0131br\u0131s T\u00fcrk halk\u0131n\u0131n me\u015fru \u00e7\u0131karlar\u0131n\u0131 ve g\u00fcvenli\u011fini teminat alt\u0131na alacak \u015fekilde bir an \u00f6nce \u00e7\u00f6z\u00fcme kavu\u015fturulmas\u0131n\u0131n T\u00fcrkiye&#8217;nin en \u00f6nemli \u00f6nceliklerinden birisi oldu\u011funa dikkati \u00e7ekti.&nbsp;<\/p>\n<p>Bu konuda &#8220;50 sene daha kaybetmeye tahamm\u00fcllerinin&#8221; olmad\u0131\u011f\u0131n\u0131 vurgulayan G\u00fcler, &#8220;Art\u0131k, ge\u00e7mi\u015ften s\u00fcregelen ve miyad\u0131 dolmu\u015f s\u00f6ylemlerin \u00e7\u00f6z\u00fcm \u00e7abalar\u0131na katk\u0131 sa\u011flamad\u0131\u011f\u0131 anla\u015f\u0131lmal\u0131d\u0131r. \u015eu hususun alt\u0131n\u0131 \u00e7izmek isterim ki stat\u00fckocu s\u00f6ylemlerle hayal kuranlar, \u00e7\u00f6z\u00fcms\u00fczl\u00fc\u011f\u00fcn yegane kayna\u011f\u0131d\u0131r. Halen de yapt\u0131klar\u0131 askeri anla\u015fmalar ve \u00fc\u00e7\u00fcnc\u00fc \u00fclkelerden ald\u0131klar\u0131 askeri yard\u0131mlar ile sadece ve sadece \u00e7\u00f6z\u00fcms\u00fczl\u00fc\u011fe hizmet etmektedirler.&#8221; diye konu\u015ftu.&nbsp;<\/p>\n<p>G\u00fcler, muhataplar\u0131ndan &#8220;K\u0131br\u0131s T\u00fcrk\u00fc&#8217;n\u00fcn ve T\u00fcrkiye&#8217;nin uluslararas\u0131 hukuktan kaynaklanan haklar\u0131na sayg\u0131l\u0131 olarak hareket etmelerini&#8221; beklediklerini belirtti.&nbsp;<\/p>\n<p>T\u00fcrkiye\u2019nin Akdeniz&#8217;deki hak ve menfaatlerini korumak i\u00e7in kararl\u0131 olduklar\u0131n\u0131n alt\u0131n\u0131 \u00e7izen G\u00fcler, uluslararas\u0131 camiay\u0131 da K\u0131br\u0131s konusunda &#8220;adil ve kal\u0131c\u0131 bir \u00e7\u00f6z\u00fcm i\u00e7in destek olmaya, sadece bir taraf\u0131n iddialar\u0131n\u0131 desteklemeyi b\u0131rak\u0131p konuya makul, mant\u0131kl\u0131 ve tarafs\u0131z \u015fekilde yakla\u015fmaya&#8221; davet etti.&nbsp;<\/p>\n<p>G\u00fcler, Birle\u015fmi\u015f Milletler Bar\u0131\u015f G\u00fcc\u00fc&#8217;n\u00fcn K\u0131br\u0131s adas\u0131nda bulunma misyonuna uygun hareket etmesi, KKTC&#8217;nin egemenlik haklar\u0131na sayg\u0131 g\u00f6stermesini beklediklerini belirterek, &#8220;Birle\u015fmi\u015f Milletler Bar\u0131\u015f G\u00fcc\u00fc\u2019n\u00fcn adadaki varl\u0131\u011f\u0131na y\u00f6nelik, Kuzey K\u0131br\u0131s T\u00fcrk Cumhuriyeti y\u00f6netimi ile de bir anla\u015fma yap\u0131lmas\u0131 gerekti\u011finin alt\u0131n\u0131 \u00e7iziyoruz.&#8221; dedi.&nbsp;<\/p>\n<p>T\u00fcrkiye&#8217;nin Karadeniz&#8217;den Afrika\u2019ya, Orta Do\u011fu\u2019dan Kafkaslar&#8217;a kadar bar\u0131\u015f ve istikrar\u0131n hakim olmas\u0131 i\u00e7in yo\u011fun gayret g\u00f6sterdi\u011fini ve &#8220;\u0130srail ve Filistin aras\u0131nda ya\u015fanan \u00e7at\u0131\u015fmalar\u0131 da yak\u0131ndan&#8221; takip ettiklerini kaydeden G\u00fcler, &#8220;Gazze&#8217;de uluslararas\u0131 hukukun ihlal edilmesi, hastaneler, okullar, kutsal mekanlar, m\u00fclteci kamplar\u0131 ile daha da vahimi \u00e7ocuk ve kad\u0131nlar\u0131n katledilmesi ve olay\u0131n vah\u015fet boyutuna d\u00f6n\u00fc\u015fmesi sava\u015f su\u00e7udur ve asla kabul edilemez. Sivillere y\u00f6nelik sald\u0131r\u0131lar\u0131n derhal sonland\u0131r\u0131lmas\u0131 ve acilen ate\u015fkes ilan edilmesi gerekti\u011fini bir kez daha vurguluyoruz.&#8221; ifadelerini kulland\u0131.&nbsp;&nbsp;&nbsp;<\/p>\n<p>G\u00fcler, T\u00fcrkiye&#8217;nin, insani yard\u0131m konusunda \u00fczerine d\u00fc\u015feni yapmaya, Gazze&#8217;ye y\u00f6nelik sald\u0131r\u0131lar\u0131n durdurulmas\u0131 ve kal\u0131c\u0131 \u00e7\u00f6z\u00fcm i\u00e7in diplomatik giri\u015fimlerde bulunmaya devam edece\u011fini belirtti.&nbsp;<\/p>\n<p>&#8211; Koruko\u011flu: &#8220;G\u00fcney K\u0131br\u0131s\u2019\u0131n Do\u011fu Akdeniz ve enerji kaynaklar\u0131na ili\u015fkin tek yanl\u0131 faaliyetlerine seyirci kalmayaca\u011f\u0131z&#8221;&nbsp;<\/p>\n<p>KKTC&#8217;nin Ankara B\u00fcy\u00fckel\u00e7isi \u0130smet Koruko\u011flu da 15 Kas\u0131m 1983 tarihinin, K\u0131br\u0131s T\u00fcrk\u00fc&#8217;n\u00fcn K\u0131br\u0131s adas\u0131ndaki varl\u0131\u011f\u0131n\u0131n baki oldu\u011funu t\u00fcm d\u00fcnyaya hayk\u0131rd\u0131\u011f\u0131 g\u00fcn olarak tarihe not edildi\u011fini belirtti.&nbsp;<\/p>\n<p>T\u00fcrkiye&#8217;nin, K\u0131br\u0131s T\u00fcrk\u00fc&#8217;n\u00fcn ekonomik kalk\u0131nmas\u0131 ve gen\u00e7 nesillere daha m\u00fcreffeh bir \u00fclke in\u015fa edebilmek i\u00e7in katk\u0131 sa\u011flamaya ko\u015fulsuz devam etti\u011fini vurgulayan Koruko\u011flu, T\u00fcrkiye&#8217;nin KKTC&#8217;de tamamlad\u0131\u011f\u0131 ve s\u00fcrd\u00fcrd\u00fc\u011f\u00fc baz\u0131 projelere de\u011findi.&nbsp;<\/p>\n<p>KKTC&#8217;nin Do\u011fu Akdeniz&#8217;deki meselelerin \u00e7\u00f6z\u00fcm\u00fc i\u00e7in diplomasi yolunu se\u00e7erek bir\u00e7ok kez i\u015fbirli\u011fi iradesini teyit etti\u011fini vurgulayan B\u00fcy\u00fckel\u00e7i, &#8220;K\u0131br\u0131s Rum taraf\u0131n\u0131n ise tek yanl\u0131 ve maksimalist yakla\u015f\u0131mlar\u0131n\u0131 s\u00fcrd\u00fcrd\u00fc\u011f\u00fcn\u00fc g\u00f6r\u00fcyoruz. K\u0131br\u0131s T\u00fcrk halk\u0131n\u0131n haklar\u0131n\u0131 gasp etmeye ve Ada\u2019n\u0131n tek temsilcisi olma iddias\u0131n\u0131 devam ettiren G\u00fcney K\u0131br\u0131s Rum Y\u00f6netimi&#8217;nin, Do\u011fu Akdeniz ve enerji kaynaklar\u0131na ili\u015fkin tek yanl\u0131 faaliyetlerine seyirci kalmayaca\u011f\u0131z.&#8221; ifadelerini kulland\u0131.&nbsp;<\/p>\n<p>Resepsiyon, Hacettepe \u00dcniversitesi Halk Danslar\u0131 ekibinin K\u0131br\u0131s-T\u00fcrk halk danslar\u0131 g\u00f6sterisiyle devam etti.&nbsp;<\/p>\n","protected":false},"excerpt":{"rendered":"<p>T\u00fcrkiye Milli Savunma Bakan\u0131 Ya\u015far G\u00fcler, K\u0131br\u0131s meselesinin K\u0131br\u0131s T\u00fcrk halk\u0131n\u0131n me\u015fru \u00e7\u0131karlar\u0131n\u0131 ve g\u00fcvenli\u011fini teminat alt\u0131na alacak \u015fekilde bir an \u00f6nce \u00e7\u00f6z\u00fcme kavu\u015fturulmas\u0131n\u0131n T\u00fcrkiye&#8217;nin en \u00f6nemli \u00f6nceliklerinden birisi oldu\u011funu s\u00f6yledi.&nbsp; G\u00fcler, Gazze\u2019de uluslararas\u0131 hukukun ihlal edilmesi, \u00e7ocuk ve kad\u0131nlar\u0131n katledilmesi ve olay\u0131n vah\u015fet boyutuna d\u00f6n\u00fc\u015fmesinin &#8220;sava\u015f su\u00e7u ve asla kabul edilemez&#8221; oldu\u011funu belirterek, &#8220;Sivillere<\/p>\n","protected":false},"author":1,"featured_media":18875,"comment_status":"open","ping_status":"open","sticky":false,"template":"","format":"standard","meta":{"footnotes":""},"categories":[86],"tags":[],"class_list":["post-18874","post","type-post","status-publish","format-standard","has-post-thumbnail","hentry","category-turkiye"],"yoast_head":"<!-- This site is optimized with the Yoast SEO plugin v27.5 - https:\/\/yoast.com\/product\/yoast-seo-wordpress\/ -->\n<title>KKTC&#039;nin kurulu\u015funun 40. y\u0131l d\u00f6n\u00fcm\u00fcnde Ankara&#039;da resepsiyon verildi -<\/title>\n<meta name=\"robots\" content=\"index, follow, max-snippet:-1, max-image-preview:large, max-video-preview:-1\" \/>\n<link rel=\"canonical\" href=\"https:\/\/kibrisdakik.com\/?p=18874\" \/>\n<meta property=\"og:locale\" content=\"tr_TR\" \/>\n<meta property=\"og:type\" content=\"article\" \/>\n<meta property=\"og:title\" content=\"KKTC&#039;nin kurulu\u015funun 40. y\u0131l d\u00f6n\u00fcm\u00fcnde Ankara&#039;da resepsiyon verildi -\" \/>\n<meta property=\"og:description\" content=\"T\u00fcrkiye Milli Savunma Bakan\u0131 Ya\u015far G\u00fcler, K\u0131br\u0131s meselesinin K\u0131br\u0131s T\u00fcrk halk\u0131n\u0131n me\u015fru \u00e7\u0131karlar\u0131n\u0131 ve g\u00fcvenli\u011fini teminat alt\u0131na alacak \u015fekilde bir an \u00f6nce \u00e7\u00f6z\u00fcme kavu\u015fturulmas\u0131n\u0131n T\u00fcrkiye&#8217;nin en \u00f6nemli \u00f6nceliklerinden birisi oldu\u011funu s\u00f6yledi.&nbsp; G\u00fcler, Gazze\u2019de uluslararas\u0131 hukukun ihlal edilmesi, \u00e7ocuk ve kad\u0131nlar\u0131n katledilmesi ve olay\u0131n vah\u015fet boyutuna d\u00f6n\u00fc\u015fmesinin &#8220;sava\u015f su\u00e7u ve asla kabul edilemez&#8221; oldu\u011funu belirterek, &#8220;Sivillere\" \/>\n<meta property=\"og:url\" content=\"https:\/\/kibrisdakik.com\/?p=18874\" \/>\n<meta property=\"article:published_time\" content=\"2023-11-15T20:22:20+00:00\" \/>\n<meta property=\"og:image\" content=\"https:\/\/kibrisdakik.com\/wp-content\/uploads\/2023\/11\/kktcnin-kurulusunun-40-yil-donumunde-ankarada-resepsiyon-verildi-1700078527.webp.webp\" \/>\n\t<meta property=\"og:image:width\" content=\"710\" \/>\n\t<meta property=\"og:image:height\" content=\"370\" \/>\n\t<meta property=\"og:image:type\" content=\"image\/webp\" \/>\n<meta name=\"author\" content=\"admin\" \/>\n<meta name=\"twitter:card\" content=\"summary_large_image\" \/>\n<meta name=\"twitter:label1\" content=\"Yazan:\" \/>\n\t<meta name=\"twitter:data1\" content=\"admin\" \/>\n\t<meta name=\"twitter:label2\" content=\"Tahmini okuma s\u00fcresi\" \/>\n\t<meta name=\"twitter:data2\" content=\"5 dakika\" \/>\n<script type=\"application\/ld+json\" class=\"yoast-schema-graph\">{\"@context\":\"https:\\\/\\\/schema.org\",\"@graph\":[{\"@type\":\"Article\",\"@id\":\"https:\\\/\\\/kibrisdakik.com\\\/?p=18874#article\",\"isPartOf\":{\"@id\":\"https:\\\/\\\/kibrisdakik.com\\\/?p=18874\"},\"author\":{\"name\":\"admin\",\"@id\":\"https:\\\/\\\/kibrisdakik.com\\\/#\\\/schema\\\/person\\\/9cd9d437bbb44f72b73ba127e06d8e79\"},\"headline\":\"KKTC&#039;nin kurulu\u015funun 40. y\u0131l d\u00f6n\u00fcm\u00fcnde Ankara&#039;da resepsiyon verildi\",\"datePublished\":\"2023-11-15T20:22:20+00:00\",\"mainEntityOfPage\":{\"@id\":\"https:\\\/\\\/kibrisdakik.com\\\/?p=18874\"},\"wordCount\":951,\"commentCount\":0,\"image\":{\"@id\":\"https:\\\/\\\/kibrisdakik.com\\\/?p=18874#primaryimage\"},\"thumbnailUrl\":\"https:\\\/\\\/kibrisdakik.com\\\/wp-content\\\/uploads\\\/2023\\\/11\\\/kktcnin-kurulusunun-40-yil-donumunde-ankarada-resepsiyon-verildi-1700078527.webp.webp\",\"articleSection\":[\"T\u00fcrkiye\"],\"inLanguage\":\"tr\",\"potentialAction\":[{\"@type\":\"CommentAction\",\"name\":\"Comment\",\"target\":[\"https:\\\/\\\/kibrisdakik.com\\\/?p=18874#respond\"]}]},{\"@type\":\"WebPage\",\"@id\":\"https:\\\/\\\/kibrisdakik.com\\\/?p=18874\",\"url\":\"https:\\\/\\\/kibrisdakik.com\\\/?p=18874\",\"name\":\"KKTC&#039;nin kurulu\u015funun 40. y\u0131l d\u00f6n\u00fcm\u00fcnde Ankara&#039;da resepsiyon verildi -\",\"isPartOf\":{\"@id\":\"https:\\\/\\\/kibrisdakik.com\\\/#website\"},\"primaryImageOfPage\":{\"@id\":\"https:\\\/\\\/kibrisdakik.com\\\/?p=18874#primaryimage\"},\"image\":{\"@id\":\"https:\\\/\\\/kibrisdakik.com\\\/?p=18874#primaryimage\"},\"thumbnailUrl\":\"https:\\\/\\\/kibrisdakik.com\\\/wp-content\\\/uploads\\\/2023\\\/11\\\/kktcnin-kurulusunun-40-yil-donumunde-ankarada-resepsiyon-verildi-1700078527.webp.webp\",\"datePublished\":\"2023-11-15T20:22:20+00:00\",\"author\":{\"@id\":\"https:\\\/\\\/kibrisdakik.com\\\/#\\\/schema\\\/person\\\/9cd9d437bbb44f72b73ba127e06d8e79\"},\"breadcrumb\":{\"@id\":\"https:\\\/\\\/kibrisdakik.com\\\/?p=18874#breadcrumb\"},\"inLanguage\":\"tr\",\"potentialAction\":[{\"@type\":\"ReadAction\",\"target\":[\"https:\\\/\\\/kibrisdakik.com\\\/?p=18874\"]}]},{\"@type\":\"ImageObject\",\"inLanguage\":\"tr\",\"@id\":\"https:\\\/\\\/kibrisdakik.com\\\/?p=18874#primaryimage\",\"url\":\"https:\\\/\\\/kibrisdakik.com\\\/wp-content\\\/uploads\\\/2023\\\/11\\\/kktcnin-kurulusunun-40-yil-donumunde-ankarada-resepsiyon-verildi-1700078527.webp.webp\",\"contentUrl\":\"https:\\\/\\\/kibrisdakik.com\\\/wp-content\\\/uploads\\\/2023\\\/11\\\/kktcnin-kurulusunun-40-yil-donumunde-ankarada-resepsiyon-verildi-1700078527.webp.webp\",\"width\":710,\"height\":370},{\"@type\":\"BreadcrumbList\",\"@id\":\"https:\\\/\\\/kibrisdakik.com\\\/?p=18874#breadcrumb\",\"itemListElement\":[{\"@type\":\"ListItem\",\"position\":1,\"name\":\"Home\",\"item\":\"https:\\\/\\\/kibrisdakik.com\\\/\"},{\"@type\":\"ListItem\",\"position\":2,\"name\":\"KKTC&#039;nin kurulu\u015funun 40. y\u0131l d\u00f6n\u00fcm\u00fcnde Ankara&#039;da resepsiyon verildi\"}]},{\"@type\":\"WebSite\",\"@id\":\"https:\\\/\\\/kibrisdakik.com\\\/#website\",\"url\":\"https:\\\/\\\/kibrisdakik.com\\\/\",\"name\":\"\",\"description\":\"Tam vaktinde haber\",\"potentialAction\":[{\"@type\":\"SearchAction\",\"target\":{\"@type\":\"EntryPoint\",\"urlTemplate\":\"https:\\\/\\\/kibrisdakik.com\\\/?s={search_term_string}\"},\"query-input\":{\"@type\":\"PropertyValueSpecification\",\"valueRequired\":true,\"valueName\":\"search_term_string\"}}],\"inLanguage\":\"tr\"},{\"@type\":\"Person\",\"@id\":\"https:\\\/\\\/kibrisdakik.com\\\/#\\\/schema\\\/person\\\/9cd9d437bbb44f72b73ba127e06d8e79\",\"name\":\"admin\",\"image\":{\"@type\":\"ImageObject\",\"inLanguage\":\"tr\",\"@id\":\"https:\\\/\\\/secure.gravatar.com\\\/avatar\\\/ccc17943b9d660506c869530f897617f7cb1c21a4bf30023f252596d83e1f007?s=96&d=mm&r=g\",\"url\":\"https:\\\/\\\/secure.gravatar.com\\\/avatar\\\/ccc17943b9d660506c869530f897617f7cb1c21a4bf30023f252596d83e1f007?s=96&d=mm&r=g\",\"contentUrl\":\"https:\\\/\\\/secure.gravatar.com\\\/avatar\\\/ccc17943b9d660506c869530f897617f7cb1c21a4bf30023f252596d83e1f007?s=96&d=mm&r=g\",\"caption\":\"admin\"},\"sameAs\":[\"https:\\\/\\\/kibrisdakik.com\"],\"url\":\"https:\\\/\\\/kibrisdakik.com\\\/?author=1\"}]}<\/script>\n<!-- \/ Yoast SEO plugin. -->","yoast_head_json":{"title":"KKTC&#039;nin kurulu\u015funun 40. y\u0131l d\u00f6n\u00fcm\u00fcnde Ankara&#039;da resepsiyon verildi -","robots":{"index":"index","follow":"follow","max-snippet":"max-snippet:-1","max-image-preview":"max-image-preview:large","max-video-preview":"max-video-preview:-1"},"canonical":"https:\/\/kibrisdakik.com\/?p=18874","og_locale":"tr_TR","og_type":"article","og_title":"KKTC&#039;nin kurulu\u015funun 40. y\u0131l d\u00f6n\u00fcm\u00fcnde Ankara&#039;da resepsiyon verildi -","og_description":"T\u00fcrkiye Milli Savunma Bakan\u0131 Ya\u015far G\u00fcler, K\u0131br\u0131s meselesinin K\u0131br\u0131s T\u00fcrk halk\u0131n\u0131n me\u015fru \u00e7\u0131karlar\u0131n\u0131 ve g\u00fcvenli\u011fini teminat alt\u0131na alacak \u015fekilde bir an \u00f6nce \u00e7\u00f6z\u00fcme kavu\u015fturulmas\u0131n\u0131n T\u00fcrkiye&#8217;nin en \u00f6nemli \u00f6nceliklerinden birisi oldu\u011funu s\u00f6yledi.&nbsp; G\u00fcler, Gazze\u2019de uluslararas\u0131 hukukun ihlal edilmesi, \u00e7ocuk ve kad\u0131nlar\u0131n katledilmesi ve olay\u0131n vah\u015fet boyutuna d\u00f6n\u00fc\u015fmesinin &#8220;sava\u015f su\u00e7u ve asla kabul edilemez&#8221; oldu\u011funu belirterek, &#8220;Sivillere","og_url":"https:\/\/kibrisdakik.com\/?p=18874","article_published_time":"2023-11-15T20:22:20+00:00","og_image":[{"width":710,"height":370,"url":"https:\/\/kibrisdakik.com\/wp-content\/uploads\/2023\/11\/kktcnin-kurulusunun-40-yil-donumunde-ankarada-resepsiyon-verildi-1700078527.webp.webp","type":"image\/webp"}],"author":"admin","twitter_card":"summary_large_image","twitter_misc":{"Yazan:":"admin","Tahmini okuma s\u00fcresi":"5 dakika"},"schema":{"@context":"https:\/\/schema.org","@graph":[{"@type":"Article","@id":"https:\/\/kibrisdakik.com\/?p=18874#article","isPartOf":{"@id":"https:\/\/kibrisdakik.com\/?p=18874"},"author":{"name":"admin","@id":"https:\/\/kibrisdakik.com\/#\/schema\/person\/9cd9d437bbb44f72b73ba127e06d8e79"},"headline":"KKTC&#039;nin kurulu\u015funun 40. y\u0131l d\u00f6n\u00fcm\u00fcnde Ankara&#039;da resepsiyon verildi","datePublished":"2023-11-15T20:22:20+00:00","mainEntityOfPage":{"@id":"https:\/\/kibrisdakik.com\/?p=18874"},"wordCount":951,"commentCount":0,"image":{"@id":"https:\/\/kibrisdakik.com\/?p=18874#primaryimage"},"thumbnailUrl":"https:\/\/kibrisdakik.com\/wp-content\/uploads\/2023\/11\/kktcnin-kurulusunun-40-yil-donumunde-ankarada-resepsiyon-verildi-1700078527.webp.webp","articleSection":["T\u00fcrkiye"],"inLanguage":"tr","potentialAction":[{"@type":"CommentAction","name":"Comment","target":["https:\/\/kibrisdakik.com\/?p=18874#respond"]}]},{"@type":"WebPage","@id":"https:\/\/kibrisdakik.com\/?p=18874","url":"https:\/\/kibrisdakik.com\/?p=18874","name":"KKTC&#039;nin kurulu\u015funun 40. y\u0131l d\u00f6n\u00fcm\u00fcnde Ankara&#039;da resepsiyon verildi -","isPartOf":{"@id":"https:\/\/kibrisdakik.com\/#website"},"primaryImageOfPage":{"@id":"https:\/\/kibrisdakik.com\/?p=18874#primaryimage"},"image":{"@id":"https:\/\/kibrisdakik.com\/?p=18874#primaryimage"},"thumbnailUrl":"https:\/\/kibrisdakik.com\/wp-content\/uploads\/2023\/11\/kktcnin-kurulusunun-40-yil-donumunde-ankarada-resepsiyon-verildi-1700078527.webp.webp","datePublished":"2023-11-15T20:22:20+00:00","author":{"@id":"https:\/\/kibrisdakik.com\/#\/schema\/person\/9cd9d437bbb44f72b73ba127e06d8e79"},"breadcrumb":{"@id":"https:\/\/kibrisdakik.com\/?p=18874#breadcrumb"},"inLanguage":"tr","potentialAction":[{"@type":"ReadAction","target":["https:\/\/kibrisdakik.com\/?p=18874"]}]},{"@type":"ImageObject","inLanguage":"tr","@id":"https:\/\/kibrisdakik.com\/?p=18874#primaryimage","url":"https:\/\/kibrisdakik.com\/wp-content\/uploads\/2023\/11\/kktcnin-kurulusunun-40-yil-donumunde-ankarada-resepsiyon-verildi-1700078527.webp.webp","contentUrl":"https:\/\/kibrisdakik.com\/wp-content\/uploads\/2023\/11\/kktcnin-kurulusunun-40-yil-donumunde-ankarada-resepsiyon-verildi-1700078527.webp.webp","width":710,"height":370},{"@type":"BreadcrumbList","@id":"https:\/\/kibrisdakik.com\/?p=18874#breadcrumb","itemListElement":[{"@type":"ListItem","position":1,"name":"Home","item":"https:\/\/kibrisdakik.com\/"},{"@type":"ListItem","position":2,"name":"KKTC&#039;nin kurulu\u015funun 40. y\u0131l d\u00f6n\u00fcm\u00fcnde Ankara&#039;da resepsiyon verildi"}]},{"@type":"WebSite","@id":"https:\/\/kibrisdakik.com\/#website","url":"https:\/\/kibrisdakik.com\/","name":"","description":"Tam vaktinde haber","potentialAction":[{"@type":"SearchAction","target":{"@type":"EntryPoint","urlTemplate":"https:\/\/kibrisdakik.com\/?s={search_term_string}"},"query-input":{"@type":"PropertyValueSpecification","valueRequired":true,"valueName":"search_term_string"}}],"inLanguage":"tr"},{"@type":"Person","@id":"https:\/\/kibrisdakik.com\/#\/schema\/person\/9cd9d437bbb44f72b73ba127e06d8e79","name":"admin","image":{"@type":"ImageObject","inLanguage":"tr","@id":"https:\/\/secure.gravatar.com\/avatar\/ccc17943b9d660506c869530f897617f7cb1c21a4bf30023f252596d83e1f007?s=96&d=mm&r=g","url":"https:\/\/secure.gravatar.com\/avatar\/ccc17943b9d660506c869530f897617f7cb1c21a4bf30023f252596d83e1f007?s=96&d=mm&r=g","contentUrl":"https:\/\/secure.gravatar.com\/avatar\/ccc17943b9d660506c869530f897617f7cb1c21a4bf30023f252596d83e1f007?s=96&d=mm&r=g","caption":"admin"},"sameAs":["https:\/\/kibrisdakik.com"],"url":"https:\/\/kibrisdakik.com\/?author=1"}]}},"_links":{"self":[{"href":"https:\/\/kibrisdakik.com\/index.php?rest_route=\/wp\/v2\/posts\/18874","targetHints":{"allow":["GET"]}}],"collection":[{"href":"https:\/\/kibrisdakik.com\/index.php?rest_route=\/wp\/v2\/posts"}],"about":[{"href":"https:\/\/kibrisdakik.com\/index.php?rest_route=\/wp\/v2\/types\/post"}],"author":[{"embeddable":true,"href":"https:\/\/kibrisdakik.com\/index.php?rest_route=\/wp\/v2\/users\/1"}],"replies":[{"embeddable":true,"href":"https:\/\/kibrisdakik.com\/index.php?rest_route=%2Fwp%2Fv2%2Fcomments&post=18874"}],"version-history":[{"count":0,"href":"https:\/\/kibrisdakik.com\/index.php?rest_route=\/wp\/v2\/posts\/18874\/revisions"}],"wp:featuredmedia":[{"embeddable":true,"href":"https:\/\/kibrisdakik.com\/index.php?rest_route=\/wp\/v2\/media\/18875"}],"wp:attachment":[{"href":"https:\/\/kibrisdakik.com\/index.php?rest_route=%2Fwp%2Fv2%2Fmedia&parent=18874"}],"wp:term":[{"taxonomy":"category","embeddable":true,"href":"https:\/\/kibrisdakik.com\/index.php?rest_route=%2Fwp%2Fv2%2Fcategories&post=18874"},{"taxonomy":"post_tag","embeddable":true,"href":"https:\/\/kibrisdakik.com\/index.php?rest_route=%2Fwp%2Fv2%2Ftags&post=18874"}],"curies":[{"name":"wp","href":"https:\/\/api.w.org\/{rel}","templated":true}]}}