{"id":18930,"date":"2023-11-16T09:39:01","date_gmt":"2023-11-16T09:39:01","guid":{"rendered":"https:\/\/kibrisdakik.com\/index.php\/2023\/11\/16\/ktams-mecliste-bir-saatlik-uyari-grevi-yapti\/"},"modified":"2023-11-16T09:39:01","modified_gmt":"2023-11-16T09:39:01","slug":"ktams-mecliste-bir-saatlik-uyari-grevi-yapti","status":"publish","type":"post","link":"https:\/\/kibrisdakik.com\/?p=18930","title":{"rendered":"KTAMS Meclis\u2019te bir saatlik uyar\u0131 grevi yapt\u0131"},"content":{"rendered":"<p><img decoding=\"async\" src=\"https:\/\/www.kibristurk.com\/images\/haberler\/2023\/11\/ktams-mecliste-bir-saatlik-uyari-grevi-yapti-1700126980.webp\" \/><\/p>\n<p style=\"text-align:left\"><span style=\"font-size:16px\"><span style=\"font-family:Merriweather,serif !important\"><span style=\"color:#000000\"><span style=\"background-color:#ffffff\"><span style=\"font-size:16px !important\"><span style=\"font-family:Merriweather,serif !important\"><span style=\"color:#000000 !important\">K\u0131br\u0131s T\u00fcrk Amme Memurlar\u0131 Sendikas\u0131 (KTAMS), Meclis \u00e7al\u0131\u015fanlar\u0131 aras\u0131nda ayr\u0131mc\u0131l\u0131k yarat\u0131ld\u0131\u011f\u0131 gerek\u00e7esiyle Cumhuriyet Meclisi\u2019nde bir saatlik uyar\u0131 grevi yapt\u0131.<\/span><\/span><\/span><\/span><\/span><\/span><\/span><\/p>\n<p style=\"text-align:left\"><span style=\"font-size:16px\"><span style=\"font-family:Merriweather,serif !important\"><span style=\"color:#000000\"><span style=\"background-color:#ffffff\"><span style=\"font-size:16px !important\"><span style=\"font-family:Merriweather,serif !important\"><span style=\"color:#000000 !important\">Bu \u00e7er\u00e7evede sendika \u00fcyesi Meclis \u00e7al\u0131\u015fanlar\u0131n\u0131n kat\u0131l\u0131m\u0131yla saat 10.00\u2019da bas\u0131na a\u00e7\u0131klamada bulunuldu.<\/span><\/span><\/span><\/span><\/span><\/span><\/span><\/p>\n<p style=\"text-align:left\"><span style=\"font-size:16px\"><span style=\"font-family:Merriweather,serif !important\"><span style=\"color:#000000\"><span style=\"background-color:#ffffff\"><span style=\"font-size:16px !important\"><span style=\"font-family:Merriweather,serif !important\"><span style=\"color:#000000 !important\">KTAMS Ba\u015fkan\u0131 G\u00fcven Bengihan, bir Meclis \u00e7al\u0131\u015fan\u0131n doktor veya Sa\u011fl\u0131k Kurulu raporu olmaks\u0131z\u0131n sa\u011fl\u0131k nedenleriyle ba\u015fka bir g\u00f6reve transfer edilmesinin huzursuzluk yaratt\u0131\u011f\u0131n\u0131 ve kamu genelinde emsal te\u015fkil etme riski bulundu\u011funu s\u00f6yleyerek, bu konuda geri ad\u0131m at\u0131lamamas\u0131 halinde ileriki g\u00fcnlerde eylem hakk\u0131n\u0131 kullanacaklar\u0131 uyar\u0131s\u0131nda bulundu.<\/span><\/span><\/span><\/span><\/span><\/span><\/span><\/p>\n<p style=\"text-align:left\"><span style=\"font-size:16px\"><span style=\"font-family:Merriweather,serif !important\"><span style=\"color:#000000\"><span style=\"background-color:#ffffff\"><span style=\"font-size:16px !important\"><span style=\"font-family:Merriweather,serif !important\"><span style=\"color:#000000 !important\">-\u201cEmsal te\u015fkil etme riski var\u201d<\/span><\/span><\/span><\/span><\/span><\/span><\/span><\/p>\n<p style=\"text-align:left\"><span style=\"font-size:16px\"><span style=\"font-family:Merriweather,serif !important\"><span style=\"color:#000000\"><span style=\"background-color:#ffffff\"><span style=\"font-size:16px !important\"><span style=\"font-family:Merriweather,serif !important\"><span style=\"color:#000000 !important\">Meclis\u2019in yasalar\u0131n yap\u0131ld\u0131\u011f\u0131 yer oldu\u011funu belirten Bengihan, Meclis Ba\u015fkan\u0131 ve Sekreteryas\u0131n\u0131n daha dikkatli olmas\u0131, yanl\u0131\u015fa m\u00fcdahale etmesi gerekti\u011fini s\u00f6yledi.<\/span><\/span><\/span><\/span><\/span><\/span><\/span><\/p>\n<p style=\"text-align:left\"><span style=\"font-size:16px\"><span style=\"font-family:Merriweather,serif !important\"><span style=\"color:#000000\"><span style=\"background-color:#ffffff\"><span style=\"font-size:16px !important\"><span style=\"font-family:Merriweather,serif !important\"><span style=\"color:#000000 !important\">Kamu G\u00f6revlileri Yasas\u0131\u2019na at\u0131fta bulunan Bengihan, hastal\u0131k durumunda, bir \u00e7al\u0131\u015fan\u0131n doktor veya Sa\u011fl\u0131k Kurulu raporu almas\u0131 gerekirken, Meclis\u2019te g\u00f6revli bir stenonun Girne Doktor Ak\u00e7i\u00e7ek Hastanesi\u2019nde g\u00f6revli ortopedi doktorundan ald\u0131\u011f\u0131 \u201c\u00fc\u00e7 ay s\u00fcreyle sa\u011f elini kullanamayaca\u011f\u0131na\u201d ili\u015fkin bir yaz\u0131yla ba\u015fka bir g\u00f6reve verildi\u011fini dile getirdi.<\/span><\/span><\/span><\/span><\/span><\/span><\/span><\/p>\n<p style=\"text-align:left\"><span style=\"font-size:16px\"><span style=\"font-family:Merriweather,serif !important\"><span style=\"color:#000000\"><span style=\"background-color:#ffffff\"><span style=\"font-size:16px !important\"><span style=\"font-family:Merriweather,serif !important\"><span style=\"color:#000000 !important\">Al\u0131nan yaz\u0131n\u0131n, sa\u011fl\u0131k raporu niteli\u011fi ta\u015f\u0131mad\u0131\u011f\u0131n\u0131 s\u00f6yleyen Bengihan, bunun kamu geneline yay\u0131lma riski ta\u015f\u0131d\u0131\u011f\u0131n\u0131 belirtti.<\/span><\/span><\/span><\/span><\/span><\/span><\/span><\/p>\n<p style=\"text-align:left\"><span style=\"font-size:16px\"><span style=\"font-family:Merriweather,serif !important\"><span style=\"color:#000000\"><span style=\"background-color:#ffffff\"><span style=\"font-size:16px !important\"><span style=\"font-family:Merriweather,serif !important\"><span style=\"color:#000000 !important\">\u201cAntetli ka\u011f\u0131tla yaz\u0131 yollaman\u0131n ucu a\u00e7\u0131l\u0131rsa, herkes bunu yapabilir. Bunun ucunu tutamay\u0131z\u201d diyen Bengihan, Meclis Genel Sekreterli\u011fi, Sa\u011fl\u0131k Bakanl\u0131\u011f\u0131 M\u00fcste\u015far\u0131, Personel Dairesi\u2019ne ba\u015fvurduklar\u0131n\u0131 ancak herhangi bir ad\u0131m at\u0131lmad\u0131\u011f\u0131n\u0131 savundu.<\/span><\/span><\/span><\/span><\/span><\/span><\/span><\/p>\n<p style=\"text-align:left\"><span style=\"font-size:16px\"><span style=\"font-family:Merriweather,serif !important\"><span style=\"color:#000000\"><span style=\"background-color:#ffffff\"><span style=\"font-size:16px !important\"><span style=\"font-family:Merriweather,serif !important\"><span style=\"color:#000000 !important\">Bengihan, bu konuda herhangi bir ad\u0131m at\u0131lmad\u0131\u011f\u0131 takdirde, ileriki g\u00fcnlerde demokratik eylem haklar\u0131n\u0131 kullanacaklar\u0131 uyar\u0131s\u0131nda bulundu.<\/span><\/span><\/span><\/span><\/span><\/span><\/span><\/p>\n","protected":false},"excerpt":{"rendered":"<p>K\u0131br\u0131s T\u00fcrk Amme Memurlar\u0131 Sendikas\u0131 (KTAMS), Meclis \u00e7al\u0131\u015fanlar\u0131 aras\u0131nda ayr\u0131mc\u0131l\u0131k yarat\u0131ld\u0131\u011f\u0131 gerek\u00e7esiyle Cumhuriyet Meclisi\u2019nde bir saatlik uyar\u0131 grevi yapt\u0131. Bu \u00e7er\u00e7evede sendika \u00fcyesi Meclis \u00e7al\u0131\u015fanlar\u0131n\u0131n kat\u0131l\u0131m\u0131yla saat 10.00\u2019da bas\u0131na a\u00e7\u0131klamada bulunuldu. KTAMS Ba\u015fkan\u0131 G\u00fcven Bengihan, bir Meclis \u00e7al\u0131\u015fan\u0131n doktor veya Sa\u011fl\u0131k Kurulu raporu olmaks\u0131z\u0131n sa\u011fl\u0131k nedenleriyle ba\u015fka bir g\u00f6reve transfer edilmesinin huzursuzluk yaratt\u0131\u011f\u0131n\u0131 ve kamu<\/p>\n","protected":false},"author":1,"featured_media":18931,"comment_status":"open","ping_status":"open","sticky":false,"template":"","format":"standard","meta":{"footnotes":""},"categories":[1],"tags":[],"class_list":["post-18930","post","type-post","status-publish","format-standard","has-post-thumbnail","hentry","category-gundem"],"yoast_head":"<!-- This site is optimized with the Yoast SEO plugin v27.5 - https:\/\/yoast.com\/product\/yoast-seo-wordpress\/ -->\n<title>KTAMS Meclis\u2019te bir saatlik uyar\u0131 grevi yapt\u0131 -<\/title>\n<meta name=\"robots\" content=\"index, follow, max-snippet:-1, max-image-preview:large, max-video-preview:-1\" \/>\n<link rel=\"canonical\" href=\"https:\/\/kibrisdakik.com\/?p=18930\" \/>\n<meta property=\"og:locale\" content=\"tr_TR\" \/>\n<meta property=\"og:type\" content=\"article\" \/>\n<meta property=\"og:title\" content=\"KTAMS Meclis\u2019te bir saatlik uyar\u0131 grevi yapt\u0131 -\" \/>\n<meta property=\"og:description\" content=\"K\u0131br\u0131s T\u00fcrk Amme Memurlar\u0131 Sendikas\u0131 (KTAMS), Meclis \u00e7al\u0131\u015fanlar\u0131 aras\u0131nda ayr\u0131mc\u0131l\u0131k yarat\u0131ld\u0131\u011f\u0131 gerek\u00e7esiyle Cumhuriyet Meclisi\u2019nde bir saatlik uyar\u0131 grevi yapt\u0131. Bu \u00e7er\u00e7evede sendika \u00fcyesi Meclis \u00e7al\u0131\u015fanlar\u0131n\u0131n kat\u0131l\u0131m\u0131yla saat 10.00\u2019da bas\u0131na a\u00e7\u0131klamada bulunuldu. KTAMS Ba\u015fkan\u0131 G\u00fcven Bengihan, bir Meclis \u00e7al\u0131\u015fan\u0131n doktor veya Sa\u011fl\u0131k Kurulu raporu olmaks\u0131z\u0131n sa\u011fl\u0131k nedenleriyle ba\u015fka bir g\u00f6reve transfer edilmesinin huzursuzluk yaratt\u0131\u011f\u0131n\u0131 ve kamu\" \/>\n<meta property=\"og:url\" content=\"https:\/\/kibrisdakik.com\/?p=18930\" \/>\n<meta property=\"article:published_time\" content=\"2023-11-16T09:39:01+00:00\" \/>\n<meta property=\"og:image\" content=\"https:\/\/kibrisdakik.com\/wp-content\/uploads\/2023\/11\/ktams-mecliste-bir-saatlik-uyari-grevi-yapti-1700126980.webp.webp\" \/>\n\t<meta property=\"og:image:width\" content=\"710\" \/>\n\t<meta property=\"og:image:height\" content=\"370\" \/>\n\t<meta property=\"og:image:type\" content=\"image\/webp\" \/>\n<meta name=\"author\" content=\"admin\" \/>\n<meta name=\"twitter:card\" content=\"summary_large_image\" \/>\n<meta name=\"twitter:label1\" content=\"Yazan:\" \/>\n\t<meta name=\"twitter:data1\" content=\"admin\" \/>\n\t<meta name=\"twitter:label2\" content=\"Tahmini okuma s\u00fcresi\" \/>\n\t<meta name=\"twitter:data2\" content=\"2 dakika\" \/>\n<script type=\"application\/ld+json\" class=\"yoast-schema-graph\">{\"@context\":\"https:\\\/\\\/schema.org\",\"@graph\":[{\"@type\":\"Article\",\"@id\":\"https:\\\/\\\/kibrisdakik.com\\\/?p=18930#article\",\"isPartOf\":{\"@id\":\"https:\\\/\\\/kibrisdakik.com\\\/?p=18930\"},\"author\":{\"name\":\"admin\",\"@id\":\"https:\\\/\\\/kibrisdakik.com\\\/#\\\/schema\\\/person\\\/9cd9d437bbb44f72b73ba127e06d8e79\"},\"headline\":\"KTAMS Meclis\u2019te bir saatlik uyar\u0131 grevi yapt\u0131\",\"datePublished\":\"2023-11-16T09:39:01+00:00\",\"mainEntityOfPage\":{\"@id\":\"https:\\\/\\\/kibrisdakik.com\\\/?p=18930\"},\"wordCount\":320,\"commentCount\":0,\"image\":{\"@id\":\"https:\\\/\\\/kibrisdakik.com\\\/?p=18930#primaryimage\"},\"thumbnailUrl\":\"https:\\\/\\\/kibrisdakik.com\\\/wp-content\\\/uploads\\\/2023\\\/11\\\/ktams-mecliste-bir-saatlik-uyari-grevi-yapti-1700126980.webp.webp\",\"articleSection\":[\"G\u00fcndem\"],\"inLanguage\":\"tr\",\"potentialAction\":[{\"@type\":\"CommentAction\",\"name\":\"Comment\",\"target\":[\"https:\\\/\\\/kibrisdakik.com\\\/?p=18930#respond\"]}]},{\"@type\":\"WebPage\",\"@id\":\"https:\\\/\\\/kibrisdakik.com\\\/?p=18930\",\"url\":\"https:\\\/\\\/kibrisdakik.com\\\/?p=18930\",\"name\":\"KTAMS Meclis\u2019te bir saatlik uyar\u0131 grevi yapt\u0131 -\",\"isPartOf\":{\"@id\":\"https:\\\/\\\/kibrisdakik.com\\\/#website\"},\"primaryImageOfPage\":{\"@id\":\"https:\\\/\\\/kibrisdakik.com\\\/?p=18930#primaryimage\"},\"image\":{\"@id\":\"https:\\\/\\\/kibrisdakik.com\\\/?p=18930#primaryimage\"},\"thumbnailUrl\":\"https:\\\/\\\/kibrisdakik.com\\\/wp-content\\\/uploads\\\/2023\\\/11\\\/ktams-mecliste-bir-saatlik-uyari-grevi-yapti-1700126980.webp.webp\",\"datePublished\":\"2023-11-16T09:39:01+00:00\",\"author\":{\"@id\":\"https:\\\/\\\/kibrisdakik.com\\\/#\\\/schema\\\/person\\\/9cd9d437bbb44f72b73ba127e06d8e79\"},\"breadcrumb\":{\"@id\":\"https:\\\/\\\/kibrisdakik.com\\\/?p=18930#breadcrumb\"},\"inLanguage\":\"tr\",\"potentialAction\":[{\"@type\":\"ReadAction\",\"target\":[\"https:\\\/\\\/kibrisdakik.com\\\/?p=18930\"]}]},{\"@type\":\"ImageObject\",\"inLanguage\":\"tr\",\"@id\":\"https:\\\/\\\/kibrisdakik.com\\\/?p=18930#primaryimage\",\"url\":\"https:\\\/\\\/kibrisdakik.com\\\/wp-content\\\/uploads\\\/2023\\\/11\\\/ktams-mecliste-bir-saatlik-uyari-grevi-yapti-1700126980.webp.webp\",\"contentUrl\":\"https:\\\/\\\/kibrisdakik.com\\\/wp-content\\\/uploads\\\/2023\\\/11\\\/ktams-mecliste-bir-saatlik-uyari-grevi-yapti-1700126980.webp.webp\",\"width\":710,\"height\":370},{\"@type\":\"BreadcrumbList\",\"@id\":\"https:\\\/\\\/kibrisdakik.com\\\/?p=18930#breadcrumb\",\"itemListElement\":[{\"@type\":\"ListItem\",\"position\":1,\"name\":\"Home\",\"item\":\"https:\\\/\\\/kibrisdakik.com\\\/\"},{\"@type\":\"ListItem\",\"position\":2,\"name\":\"KTAMS Meclis\u2019te bir saatlik uyar\u0131 grevi yapt\u0131\"}]},{\"@type\":\"WebSite\",\"@id\":\"https:\\\/\\\/kibrisdakik.com\\\/#website\",\"url\":\"https:\\\/\\\/kibrisdakik.com\\\/\",\"name\":\"\",\"description\":\"Tam vaktinde haber\",\"potentialAction\":[{\"@type\":\"SearchAction\",\"target\":{\"@type\":\"EntryPoint\",\"urlTemplate\":\"https:\\\/\\\/kibrisdakik.com\\\/?s={search_term_string}\"},\"query-input\":{\"@type\":\"PropertyValueSpecification\",\"valueRequired\":true,\"valueName\":\"search_term_string\"}}],\"inLanguage\":\"tr\"},{\"@type\":\"Person\",\"@id\":\"https:\\\/\\\/kibrisdakik.com\\\/#\\\/schema\\\/person\\\/9cd9d437bbb44f72b73ba127e06d8e79\",\"name\":\"admin\",\"image\":{\"@type\":\"ImageObject\",\"inLanguage\":\"tr\",\"@id\":\"https:\\\/\\\/secure.gravatar.com\\\/avatar\\\/ccc17943b9d660506c869530f897617f7cb1c21a4bf30023f252596d83e1f007?s=96&d=mm&r=g\",\"url\":\"https:\\\/\\\/secure.gravatar.com\\\/avatar\\\/ccc17943b9d660506c869530f897617f7cb1c21a4bf30023f252596d83e1f007?s=96&d=mm&r=g\",\"contentUrl\":\"https:\\\/\\\/secure.gravatar.com\\\/avatar\\\/ccc17943b9d660506c869530f897617f7cb1c21a4bf30023f252596d83e1f007?s=96&d=mm&r=g\",\"caption\":\"admin\"},\"sameAs\":[\"https:\\\/\\\/kibrisdakik.com\"],\"url\":\"https:\\\/\\\/kibrisdakik.com\\\/?author=1\"}]}<\/script>\n<!-- \/ Yoast SEO plugin. -->","yoast_head_json":{"title":"KTAMS Meclis\u2019te bir saatlik uyar\u0131 grevi yapt\u0131 -","robots":{"index":"index","follow":"follow","max-snippet":"max-snippet:-1","max-image-preview":"max-image-preview:large","max-video-preview":"max-video-preview:-1"},"canonical":"https:\/\/kibrisdakik.com\/?p=18930","og_locale":"tr_TR","og_type":"article","og_title":"KTAMS Meclis\u2019te bir saatlik uyar\u0131 grevi yapt\u0131 -","og_description":"K\u0131br\u0131s T\u00fcrk Amme Memurlar\u0131 Sendikas\u0131 (KTAMS), Meclis \u00e7al\u0131\u015fanlar\u0131 aras\u0131nda ayr\u0131mc\u0131l\u0131k yarat\u0131ld\u0131\u011f\u0131 gerek\u00e7esiyle Cumhuriyet Meclisi\u2019nde bir saatlik uyar\u0131 grevi yapt\u0131. Bu \u00e7er\u00e7evede sendika \u00fcyesi Meclis \u00e7al\u0131\u015fanlar\u0131n\u0131n kat\u0131l\u0131m\u0131yla saat 10.00\u2019da bas\u0131na a\u00e7\u0131klamada bulunuldu. KTAMS Ba\u015fkan\u0131 G\u00fcven Bengihan, bir Meclis \u00e7al\u0131\u015fan\u0131n doktor veya Sa\u011fl\u0131k Kurulu raporu olmaks\u0131z\u0131n sa\u011fl\u0131k nedenleriyle ba\u015fka bir g\u00f6reve transfer edilmesinin huzursuzluk yaratt\u0131\u011f\u0131n\u0131 ve kamu","og_url":"https:\/\/kibrisdakik.com\/?p=18930","article_published_time":"2023-11-16T09:39:01+00:00","og_image":[{"width":710,"height":370,"url":"https:\/\/kibrisdakik.com\/wp-content\/uploads\/2023\/11\/ktams-mecliste-bir-saatlik-uyari-grevi-yapti-1700126980.webp.webp","type":"image\/webp"}],"author":"admin","twitter_card":"summary_large_image","twitter_misc":{"Yazan:":"admin","Tahmini okuma s\u00fcresi":"2 dakika"},"schema":{"@context":"https:\/\/schema.org","@graph":[{"@type":"Article","@id":"https:\/\/kibrisdakik.com\/?p=18930#article","isPartOf":{"@id":"https:\/\/kibrisdakik.com\/?p=18930"},"author":{"name":"admin","@id":"https:\/\/kibrisdakik.com\/#\/schema\/person\/9cd9d437bbb44f72b73ba127e06d8e79"},"headline":"KTAMS Meclis\u2019te bir saatlik uyar\u0131 grevi yapt\u0131","datePublished":"2023-11-16T09:39:01+00:00","mainEntityOfPage":{"@id":"https:\/\/kibrisdakik.com\/?p=18930"},"wordCount":320,"commentCount":0,"image":{"@id":"https:\/\/kibrisdakik.com\/?p=18930#primaryimage"},"thumbnailUrl":"https:\/\/kibrisdakik.com\/wp-content\/uploads\/2023\/11\/ktams-mecliste-bir-saatlik-uyari-grevi-yapti-1700126980.webp.webp","articleSection":["G\u00fcndem"],"inLanguage":"tr","potentialAction":[{"@type":"CommentAction","name":"Comment","target":["https:\/\/kibrisdakik.com\/?p=18930#respond"]}]},{"@type":"WebPage","@id":"https:\/\/kibrisdakik.com\/?p=18930","url":"https:\/\/kibrisdakik.com\/?p=18930","name":"KTAMS Meclis\u2019te bir saatlik uyar\u0131 grevi yapt\u0131 -","isPartOf":{"@id":"https:\/\/kibrisdakik.com\/#website"},"primaryImageOfPage":{"@id":"https:\/\/kibrisdakik.com\/?p=18930#primaryimage"},"image":{"@id":"https:\/\/kibrisdakik.com\/?p=18930#primaryimage"},"thumbnailUrl":"https:\/\/kibrisdakik.com\/wp-content\/uploads\/2023\/11\/ktams-mecliste-bir-saatlik-uyari-grevi-yapti-1700126980.webp.webp","datePublished":"2023-11-16T09:39:01+00:00","author":{"@id":"https:\/\/kibrisdakik.com\/#\/schema\/person\/9cd9d437bbb44f72b73ba127e06d8e79"},"breadcrumb":{"@id":"https:\/\/kibrisdakik.com\/?p=18930#breadcrumb"},"inLanguage":"tr","potentialAction":[{"@type":"ReadAction","target":["https:\/\/kibrisdakik.com\/?p=18930"]}]},{"@type":"ImageObject","inLanguage":"tr","@id":"https:\/\/kibrisdakik.com\/?p=18930#primaryimage","url":"https:\/\/kibrisdakik.com\/wp-content\/uploads\/2023\/11\/ktams-mecliste-bir-saatlik-uyari-grevi-yapti-1700126980.webp.webp","contentUrl":"https:\/\/kibrisdakik.com\/wp-content\/uploads\/2023\/11\/ktams-mecliste-bir-saatlik-uyari-grevi-yapti-1700126980.webp.webp","width":710,"height":370},{"@type":"BreadcrumbList","@id":"https:\/\/kibrisdakik.com\/?p=18930#breadcrumb","itemListElement":[{"@type":"ListItem","position":1,"name":"Home","item":"https:\/\/kibrisdakik.com\/"},{"@type":"ListItem","position":2,"name":"KTAMS Meclis\u2019te bir saatlik uyar\u0131 grevi yapt\u0131"}]},{"@type":"WebSite","@id":"https:\/\/kibrisdakik.com\/#website","url":"https:\/\/kibrisdakik.com\/","name":"","description":"Tam vaktinde haber","potentialAction":[{"@type":"SearchAction","target":{"@type":"EntryPoint","urlTemplate":"https:\/\/kibrisdakik.com\/?s={search_term_string}"},"query-input":{"@type":"PropertyValueSpecification","valueRequired":true,"valueName":"search_term_string"}}],"inLanguage":"tr"},{"@type":"Person","@id":"https:\/\/kibrisdakik.com\/#\/schema\/person\/9cd9d437bbb44f72b73ba127e06d8e79","name":"admin","image":{"@type":"ImageObject","inLanguage":"tr","@id":"https:\/\/secure.gravatar.com\/avatar\/ccc17943b9d660506c869530f897617f7cb1c21a4bf30023f252596d83e1f007?s=96&d=mm&r=g","url":"https:\/\/secure.gravatar.com\/avatar\/ccc17943b9d660506c869530f897617f7cb1c21a4bf30023f252596d83e1f007?s=96&d=mm&r=g","contentUrl":"https:\/\/secure.gravatar.com\/avatar\/ccc17943b9d660506c869530f897617f7cb1c21a4bf30023f252596d83e1f007?s=96&d=mm&r=g","caption":"admin"},"sameAs":["https:\/\/kibrisdakik.com"],"url":"https:\/\/kibrisdakik.com\/?author=1"}]}},"_links":{"self":[{"href":"https:\/\/kibrisdakik.com\/index.php?rest_route=\/wp\/v2\/posts\/18930","targetHints":{"allow":["GET"]}}],"collection":[{"href":"https:\/\/kibrisdakik.com\/index.php?rest_route=\/wp\/v2\/posts"}],"about":[{"href":"https:\/\/kibrisdakik.com\/index.php?rest_route=\/wp\/v2\/types\/post"}],"author":[{"embeddable":true,"href":"https:\/\/kibrisdakik.com\/index.php?rest_route=\/wp\/v2\/users\/1"}],"replies":[{"embeddable":true,"href":"https:\/\/kibrisdakik.com\/index.php?rest_route=%2Fwp%2Fv2%2Fcomments&post=18930"}],"version-history":[{"count":0,"href":"https:\/\/kibrisdakik.com\/index.php?rest_route=\/wp\/v2\/posts\/18930\/revisions"}],"wp:featuredmedia":[{"embeddable":true,"href":"https:\/\/kibrisdakik.com\/index.php?rest_route=\/wp\/v2\/media\/18931"}],"wp:attachment":[{"href":"https:\/\/kibrisdakik.com\/index.php?rest_route=%2Fwp%2Fv2%2Fmedia&parent=18930"}],"wp:term":[{"taxonomy":"category","embeddable":true,"href":"https:\/\/kibrisdakik.com\/index.php?rest_route=%2Fwp%2Fv2%2Fcategories&post=18930"},{"taxonomy":"post_tag","embeddable":true,"href":"https:\/\/kibrisdakik.com\/index.php?rest_route=%2Fwp%2Fv2%2Ftags&post=18930"}],"curies":[{"name":"wp","href":"https:\/\/api.w.org\/{rel}","templated":true}]}}