{"id":18987,"date":"2023-11-16T15:29:16","date_gmt":"2023-11-16T15:29:16","guid":{"rendered":"https:\/\/kibrisdakik.com\/index.php\/2023\/11\/16\/garajda-duran-aracta-kisa-devre-sonucu-yangin-cikti\/"},"modified":"2023-11-16T15:29:16","modified_gmt":"2023-11-16T15:29:16","slug":"garajda-duran-aracta-kisa-devre-sonucu-yangin-cikti","status":"publish","type":"post","link":"https:\/\/kibrisdakik.com\/?p=18987","title":{"rendered":"Garajda duran ara\u00e7ta k\u0131sa devre sonucu yang\u0131n \u00e7\u0131kt\u0131"},"content":{"rendered":"<p><img decoding=\"async\" src=\"https:\/\/www.kibristurk.com\/images\/haberler\/2023\/11\/garajda-duran-aracta-kisa-devre-sonucu-yangin-cikti-1700148122.webp\" \/><\/p>\n<p>Kuzucuk\u2019ta Ahmet \u00dc\u00e7y\u0131ld\u0131z\u2019a ait salon ara\u00e7ta arac\u0131n motor b\u00f6l\u00fcm\u00fcndeki elektrik aksamlar\u0131n\u0131n k\u0131sa devre yapmas\u0131 sonucu yang\u0131n meydana geldi. Yang\u0131nda ara\u00e7 ve garaj i\u00e7erisinde bulunan di\u011fer ara\u00e7 ve \u00e7e\u015fitli e\u015fyalar zarar g\u00f6rd\u00fc.&nbsp;<\/p>\n<p>Polis\u2019ten yap\u0131lan a\u00e7\u0131klamaya g\u00f6re, bug\u00fcn saat 08.50 s\u0131ralar\u0131nda garaj i\u00e7erisine park halinde bulunan DC 334 plakal\u0131 ara\u00e7ta \u00e7\u0131kan yang\u0131n itfaiye ekipleri taraf\u0131ndan s\u00f6nd\u00fcr\u00fcld\u00fc.&nbsp;<\/p>\n<p>Yang\u0131n sonucunda DC 334 plakal\u0131 ara\u00e7 ile yine ayn\u0131 garaj i\u00e7erisinde bulunan HD 880 plakal\u0131 salon ara\u00e7, iki adet 1 kwt&#8217;l\u0131k jenerat\u00f6r, bir adet ot bi\u00e7me makinesi, bir adet odun kesme makinesi, iki adet bisiklet, muhtelif mutfak ve tamirat malzemesi, yakla\u015f\u0131k 12 adet \u00e7inko ve on adet ah\u015fap mertek tamamen yand\u0131.&nbsp;<\/p>\n<p>Soru\u015fturma devam ediyor.&nbsp;<\/p>\n<p>&#8211; \u0130skele-Ardan Anayolu\u2019nda trafik kazas\u0131..yaralanan olmad\u0131&nbsp;<\/p>\n<p>\u0130skele &#8211; Ardahan Anayolunun 2-3 km\u2019leri aras\u0131nda bug\u00fcn saat 06.30 s\u0131ralar\u0131nda s\u00fcr\u00fcc\u00fcn\u00fcn dikkatsizli\u011fi sonucu direksiyon hakimiyetini kaybetmesiyle kaza meydana geldi. Kazada yaralanan olmad\u0131.&nbsp;<\/p>\n<p>Polis Bas\u0131n Subayl\u0131\u011f\u0131ndan yap\u0131lan a\u00e7\u0131klamaya g\u00f6re, kaza, Ihar Kavalenka\u2019n\u0131n (E-59), y\u00f6netimindeki VM 669 plakal\u0131 jeep ara\u00e7 ile \u0130skele istikametinden Ardahan istikametine do\u011fru seyretti\u011fi s\u0131rada \u00e7\u00f6pl\u00fck kav\u015fa\u011f\u0131na geldi\u011finde yolun sa\u011f\u0131ndan yoldan \u00e7\u0131karak, ta\u015fa ve toprak sete \u00e7arp\u0131p takla atmas\u0131yla meydana geldi.&nbsp;<\/p>\n<p>Soru\u015fturman\u0131n devam etti\u011fi kaydedildi.&nbsp;<\/p>\n","protected":false},"excerpt":{"rendered":"<p>Kuzucuk\u2019ta Ahmet \u00dc\u00e7y\u0131ld\u0131z\u2019a ait salon ara\u00e7ta arac\u0131n motor b\u00f6l\u00fcm\u00fcndeki elektrik aksamlar\u0131n\u0131n k\u0131sa devre yapmas\u0131 sonucu yang\u0131n meydana geldi. Yang\u0131nda ara\u00e7 ve garaj i\u00e7erisinde bulunan di\u011fer ara\u00e7 ve \u00e7e\u015fitli e\u015fyalar zarar g\u00f6rd\u00fc.&nbsp; Polis\u2019ten yap\u0131lan a\u00e7\u0131klamaya g\u00f6re, bug\u00fcn saat 08.50 s\u0131ralar\u0131nda garaj i\u00e7erisine park halinde bulunan DC 334 plakal\u0131 ara\u00e7ta \u00e7\u0131kan yang\u0131n itfaiye ekipleri taraf\u0131ndan s\u00f6nd\u00fcr\u00fcld\u00fc.&nbsp; Yang\u0131n<\/p>\n","protected":false},"author":1,"featured_media":18988,"comment_status":"open","ping_status":"open","sticky":false,"template":"","format":"standard","meta":{"footnotes":""},"categories":[85],"tags":[],"class_list":["post-18987","post","type-post","status-publish","format-standard","has-post-thumbnail","hentry","category-spor"],"yoast_head":"<!-- This site is optimized with the Yoast SEO plugin v27.4 - https:\/\/yoast.com\/product\/yoast-seo-wordpress\/ -->\n<title>Garajda duran ara\u00e7ta k\u0131sa devre sonucu yang\u0131n \u00e7\u0131kt\u0131 -<\/title>\n<meta name=\"robots\" content=\"index, follow, max-snippet:-1, max-image-preview:large, max-video-preview:-1\" \/>\n<link rel=\"canonical\" href=\"https:\/\/kibrisdakik.com\/?p=18987\" \/>\n<meta property=\"og:locale\" content=\"tr_TR\" \/>\n<meta property=\"og:type\" content=\"article\" \/>\n<meta property=\"og:title\" content=\"Garajda duran ara\u00e7ta k\u0131sa devre sonucu yang\u0131n \u00e7\u0131kt\u0131 -\" \/>\n<meta property=\"og:description\" content=\"Kuzucuk\u2019ta Ahmet \u00dc\u00e7y\u0131ld\u0131z\u2019a ait salon ara\u00e7ta arac\u0131n motor b\u00f6l\u00fcm\u00fcndeki elektrik aksamlar\u0131n\u0131n k\u0131sa devre yapmas\u0131 sonucu yang\u0131n meydana geldi. Yang\u0131nda ara\u00e7 ve garaj i\u00e7erisinde bulunan di\u011fer ara\u00e7 ve \u00e7e\u015fitli e\u015fyalar zarar g\u00f6rd\u00fc.&nbsp; Polis\u2019ten yap\u0131lan a\u00e7\u0131klamaya g\u00f6re, bug\u00fcn saat 08.50 s\u0131ralar\u0131nda garaj i\u00e7erisine park halinde bulunan DC 334 plakal\u0131 ara\u00e7ta \u00e7\u0131kan yang\u0131n itfaiye ekipleri taraf\u0131ndan s\u00f6nd\u00fcr\u00fcld\u00fc.&nbsp; Yang\u0131n\" \/>\n<meta property=\"og:url\" content=\"https:\/\/kibrisdakik.com\/?p=18987\" \/>\n<meta property=\"article:published_time\" content=\"2023-11-16T15:29:16+00:00\" \/>\n<meta property=\"og:image\" content=\"https:\/\/kibrisdakik.com\/wp-content\/uploads\/2023\/11\/garajda-duran-aracta-kisa-devre-sonucu-yangin-cikti-1700148122.webp.webp\" \/>\n\t<meta property=\"og:image:width\" content=\"710\" \/>\n\t<meta property=\"og:image:height\" content=\"370\" \/>\n\t<meta property=\"og:image:type\" content=\"image\/webp\" \/>\n<meta name=\"author\" content=\"admin\" \/>\n<meta name=\"twitter:card\" content=\"summary_large_image\" \/>\n<meta name=\"twitter:label1\" content=\"Yazan:\" \/>\n\t<meta name=\"twitter:data1\" content=\"admin\" \/>\n\t<meta name=\"twitter:label2\" content=\"Tahmini okuma s\u00fcresi\" \/>\n\t<meta name=\"twitter:data2\" content=\"1 dakika\" \/>\n<script type=\"application\/ld+json\" class=\"yoast-schema-graph\">{\"@context\":\"https:\\\/\\\/schema.org\",\"@graph\":[{\"@type\":\"Article\",\"@id\":\"https:\\\/\\\/kibrisdakik.com\\\/?p=18987#article\",\"isPartOf\":{\"@id\":\"https:\\\/\\\/kibrisdakik.com\\\/?p=18987\"},\"author\":{\"name\":\"admin\",\"@id\":\"https:\\\/\\\/kibrisdakik.com\\\/#\\\/schema\\\/person\\\/9cd9d437bbb44f72b73ba127e06d8e79\"},\"headline\":\"Garajda duran ara\u00e7ta k\u0131sa devre sonucu yang\u0131n \u00e7\u0131kt\u0131\",\"datePublished\":\"2023-11-16T15:29:16+00:00\",\"mainEntityOfPage\":{\"@id\":\"https:\\\/\\\/kibrisdakik.com\\\/?p=18987\"},\"wordCount\":267,\"commentCount\":0,\"image\":{\"@id\":\"https:\\\/\\\/kibrisdakik.com\\\/?p=18987#primaryimage\"},\"thumbnailUrl\":\"https:\\\/\\\/kibrisdakik.com\\\/wp-content\\\/uploads\\\/2023\\\/11\\\/garajda-duran-aracta-kisa-devre-sonucu-yangin-cikti-1700148122.webp.webp\",\"articleSection\":[\"Spor\"],\"inLanguage\":\"tr\",\"potentialAction\":[{\"@type\":\"CommentAction\",\"name\":\"Comment\",\"target\":[\"https:\\\/\\\/kibrisdakik.com\\\/?p=18987#respond\"]}]},{\"@type\":\"WebPage\",\"@id\":\"https:\\\/\\\/kibrisdakik.com\\\/?p=18987\",\"url\":\"https:\\\/\\\/kibrisdakik.com\\\/?p=18987\",\"name\":\"Garajda duran ara\u00e7ta k\u0131sa devre sonucu yang\u0131n \u00e7\u0131kt\u0131 -\",\"isPartOf\":{\"@id\":\"https:\\\/\\\/kibrisdakik.com\\\/#website\"},\"primaryImageOfPage\":{\"@id\":\"https:\\\/\\\/kibrisdakik.com\\\/?p=18987#primaryimage\"},\"image\":{\"@id\":\"https:\\\/\\\/kibrisdakik.com\\\/?p=18987#primaryimage\"},\"thumbnailUrl\":\"https:\\\/\\\/kibrisdakik.com\\\/wp-content\\\/uploads\\\/2023\\\/11\\\/garajda-duran-aracta-kisa-devre-sonucu-yangin-cikti-1700148122.webp.webp\",\"datePublished\":\"2023-11-16T15:29:16+00:00\",\"author\":{\"@id\":\"https:\\\/\\\/kibrisdakik.com\\\/#\\\/schema\\\/person\\\/9cd9d437bbb44f72b73ba127e06d8e79\"},\"breadcrumb\":{\"@id\":\"https:\\\/\\\/kibrisdakik.com\\\/?p=18987#breadcrumb\"},\"inLanguage\":\"tr\",\"potentialAction\":[{\"@type\":\"ReadAction\",\"target\":[\"https:\\\/\\\/kibrisdakik.com\\\/?p=18987\"]}]},{\"@type\":\"ImageObject\",\"inLanguage\":\"tr\",\"@id\":\"https:\\\/\\\/kibrisdakik.com\\\/?p=18987#primaryimage\",\"url\":\"https:\\\/\\\/kibrisdakik.com\\\/wp-content\\\/uploads\\\/2023\\\/11\\\/garajda-duran-aracta-kisa-devre-sonucu-yangin-cikti-1700148122.webp.webp\",\"contentUrl\":\"https:\\\/\\\/kibrisdakik.com\\\/wp-content\\\/uploads\\\/2023\\\/11\\\/garajda-duran-aracta-kisa-devre-sonucu-yangin-cikti-1700148122.webp.webp\",\"width\":710,\"height\":370},{\"@type\":\"BreadcrumbList\",\"@id\":\"https:\\\/\\\/kibrisdakik.com\\\/?p=18987#breadcrumb\",\"itemListElement\":[{\"@type\":\"ListItem\",\"position\":1,\"name\":\"Home\",\"item\":\"https:\\\/\\\/kibrisdakik.com\\\/\"},{\"@type\":\"ListItem\",\"position\":2,\"name\":\"Garajda duran ara\u00e7ta k\u0131sa devre sonucu yang\u0131n \u00e7\u0131kt\u0131\"}]},{\"@type\":\"WebSite\",\"@id\":\"https:\\\/\\\/kibrisdakik.com\\\/#website\",\"url\":\"https:\\\/\\\/kibrisdakik.com\\\/\",\"name\":\"\",\"description\":\"Tam vaktinde haber\",\"potentialAction\":[{\"@type\":\"SearchAction\",\"target\":{\"@type\":\"EntryPoint\",\"urlTemplate\":\"https:\\\/\\\/kibrisdakik.com\\\/?s={search_term_string}\"},\"query-input\":{\"@type\":\"PropertyValueSpecification\",\"valueRequired\":true,\"valueName\":\"search_term_string\"}}],\"inLanguage\":\"tr\"},{\"@type\":\"Person\",\"@id\":\"https:\\\/\\\/kibrisdakik.com\\\/#\\\/schema\\\/person\\\/9cd9d437bbb44f72b73ba127e06d8e79\",\"name\":\"admin\",\"image\":{\"@type\":\"ImageObject\",\"inLanguage\":\"tr\",\"@id\":\"https:\\\/\\\/secure.gravatar.com\\\/avatar\\\/ccc17943b9d660506c869530f897617f7cb1c21a4bf30023f252596d83e1f007?s=96&d=mm&r=g\",\"url\":\"https:\\\/\\\/secure.gravatar.com\\\/avatar\\\/ccc17943b9d660506c869530f897617f7cb1c21a4bf30023f252596d83e1f007?s=96&d=mm&r=g\",\"contentUrl\":\"https:\\\/\\\/secure.gravatar.com\\\/avatar\\\/ccc17943b9d660506c869530f897617f7cb1c21a4bf30023f252596d83e1f007?s=96&d=mm&r=g\",\"caption\":\"admin\"},\"sameAs\":[\"https:\\\/\\\/kibrisdakik.com\"],\"url\":\"https:\\\/\\\/kibrisdakik.com\\\/?author=1\"}]}<\/script>\n<!-- \/ Yoast SEO plugin. -->","yoast_head_json":{"title":"Garajda duran ara\u00e7ta k\u0131sa devre sonucu yang\u0131n \u00e7\u0131kt\u0131 -","robots":{"index":"index","follow":"follow","max-snippet":"max-snippet:-1","max-image-preview":"max-image-preview:large","max-video-preview":"max-video-preview:-1"},"canonical":"https:\/\/kibrisdakik.com\/?p=18987","og_locale":"tr_TR","og_type":"article","og_title":"Garajda duran ara\u00e7ta k\u0131sa devre sonucu yang\u0131n \u00e7\u0131kt\u0131 -","og_description":"Kuzucuk\u2019ta Ahmet \u00dc\u00e7y\u0131ld\u0131z\u2019a ait salon ara\u00e7ta arac\u0131n motor b\u00f6l\u00fcm\u00fcndeki elektrik aksamlar\u0131n\u0131n k\u0131sa devre yapmas\u0131 sonucu yang\u0131n meydana geldi. Yang\u0131nda ara\u00e7 ve garaj i\u00e7erisinde bulunan di\u011fer ara\u00e7 ve \u00e7e\u015fitli e\u015fyalar zarar g\u00f6rd\u00fc.&nbsp; Polis\u2019ten yap\u0131lan a\u00e7\u0131klamaya g\u00f6re, bug\u00fcn saat 08.50 s\u0131ralar\u0131nda garaj i\u00e7erisine park halinde bulunan DC 334 plakal\u0131 ara\u00e7ta \u00e7\u0131kan yang\u0131n itfaiye ekipleri taraf\u0131ndan s\u00f6nd\u00fcr\u00fcld\u00fc.&nbsp; Yang\u0131n","og_url":"https:\/\/kibrisdakik.com\/?p=18987","article_published_time":"2023-11-16T15:29:16+00:00","og_image":[{"width":710,"height":370,"url":"https:\/\/kibrisdakik.com\/wp-content\/uploads\/2023\/11\/garajda-duran-aracta-kisa-devre-sonucu-yangin-cikti-1700148122.webp.webp","type":"image\/webp"}],"author":"admin","twitter_card":"summary_large_image","twitter_misc":{"Yazan:":"admin","Tahmini okuma s\u00fcresi":"1 dakika"},"schema":{"@context":"https:\/\/schema.org","@graph":[{"@type":"Article","@id":"https:\/\/kibrisdakik.com\/?p=18987#article","isPartOf":{"@id":"https:\/\/kibrisdakik.com\/?p=18987"},"author":{"name":"admin","@id":"https:\/\/kibrisdakik.com\/#\/schema\/person\/9cd9d437bbb44f72b73ba127e06d8e79"},"headline":"Garajda duran ara\u00e7ta k\u0131sa devre sonucu yang\u0131n \u00e7\u0131kt\u0131","datePublished":"2023-11-16T15:29:16+00:00","mainEntityOfPage":{"@id":"https:\/\/kibrisdakik.com\/?p=18987"},"wordCount":267,"commentCount":0,"image":{"@id":"https:\/\/kibrisdakik.com\/?p=18987#primaryimage"},"thumbnailUrl":"https:\/\/kibrisdakik.com\/wp-content\/uploads\/2023\/11\/garajda-duran-aracta-kisa-devre-sonucu-yangin-cikti-1700148122.webp.webp","articleSection":["Spor"],"inLanguage":"tr","potentialAction":[{"@type":"CommentAction","name":"Comment","target":["https:\/\/kibrisdakik.com\/?p=18987#respond"]}]},{"@type":"WebPage","@id":"https:\/\/kibrisdakik.com\/?p=18987","url":"https:\/\/kibrisdakik.com\/?p=18987","name":"Garajda duran ara\u00e7ta k\u0131sa devre sonucu yang\u0131n \u00e7\u0131kt\u0131 -","isPartOf":{"@id":"https:\/\/kibrisdakik.com\/#website"},"primaryImageOfPage":{"@id":"https:\/\/kibrisdakik.com\/?p=18987#primaryimage"},"image":{"@id":"https:\/\/kibrisdakik.com\/?p=18987#primaryimage"},"thumbnailUrl":"https:\/\/kibrisdakik.com\/wp-content\/uploads\/2023\/11\/garajda-duran-aracta-kisa-devre-sonucu-yangin-cikti-1700148122.webp.webp","datePublished":"2023-11-16T15:29:16+00:00","author":{"@id":"https:\/\/kibrisdakik.com\/#\/schema\/person\/9cd9d437bbb44f72b73ba127e06d8e79"},"breadcrumb":{"@id":"https:\/\/kibrisdakik.com\/?p=18987#breadcrumb"},"inLanguage":"tr","potentialAction":[{"@type":"ReadAction","target":["https:\/\/kibrisdakik.com\/?p=18987"]}]},{"@type":"ImageObject","inLanguage":"tr","@id":"https:\/\/kibrisdakik.com\/?p=18987#primaryimage","url":"https:\/\/kibrisdakik.com\/wp-content\/uploads\/2023\/11\/garajda-duran-aracta-kisa-devre-sonucu-yangin-cikti-1700148122.webp.webp","contentUrl":"https:\/\/kibrisdakik.com\/wp-content\/uploads\/2023\/11\/garajda-duran-aracta-kisa-devre-sonucu-yangin-cikti-1700148122.webp.webp","width":710,"height":370},{"@type":"BreadcrumbList","@id":"https:\/\/kibrisdakik.com\/?p=18987#breadcrumb","itemListElement":[{"@type":"ListItem","position":1,"name":"Home","item":"https:\/\/kibrisdakik.com\/"},{"@type":"ListItem","position":2,"name":"Garajda duran ara\u00e7ta k\u0131sa devre sonucu yang\u0131n \u00e7\u0131kt\u0131"}]},{"@type":"WebSite","@id":"https:\/\/kibrisdakik.com\/#website","url":"https:\/\/kibrisdakik.com\/","name":"","description":"Tam vaktinde haber","potentialAction":[{"@type":"SearchAction","target":{"@type":"EntryPoint","urlTemplate":"https:\/\/kibrisdakik.com\/?s={search_term_string}"},"query-input":{"@type":"PropertyValueSpecification","valueRequired":true,"valueName":"search_term_string"}}],"inLanguage":"tr"},{"@type":"Person","@id":"https:\/\/kibrisdakik.com\/#\/schema\/person\/9cd9d437bbb44f72b73ba127e06d8e79","name":"admin","image":{"@type":"ImageObject","inLanguage":"tr","@id":"https:\/\/secure.gravatar.com\/avatar\/ccc17943b9d660506c869530f897617f7cb1c21a4bf30023f252596d83e1f007?s=96&d=mm&r=g","url":"https:\/\/secure.gravatar.com\/avatar\/ccc17943b9d660506c869530f897617f7cb1c21a4bf30023f252596d83e1f007?s=96&d=mm&r=g","contentUrl":"https:\/\/secure.gravatar.com\/avatar\/ccc17943b9d660506c869530f897617f7cb1c21a4bf30023f252596d83e1f007?s=96&d=mm&r=g","caption":"admin"},"sameAs":["https:\/\/kibrisdakik.com"],"url":"https:\/\/kibrisdakik.com\/?author=1"}]}},"_links":{"self":[{"href":"https:\/\/kibrisdakik.com\/index.php?rest_route=\/wp\/v2\/posts\/18987","targetHints":{"allow":["GET"]}}],"collection":[{"href":"https:\/\/kibrisdakik.com\/index.php?rest_route=\/wp\/v2\/posts"}],"about":[{"href":"https:\/\/kibrisdakik.com\/index.php?rest_route=\/wp\/v2\/types\/post"}],"author":[{"embeddable":true,"href":"https:\/\/kibrisdakik.com\/index.php?rest_route=\/wp\/v2\/users\/1"}],"replies":[{"embeddable":true,"href":"https:\/\/kibrisdakik.com\/index.php?rest_route=%2Fwp%2Fv2%2Fcomments&post=18987"}],"version-history":[{"count":0,"href":"https:\/\/kibrisdakik.com\/index.php?rest_route=\/wp\/v2\/posts\/18987\/revisions"}],"wp:featuredmedia":[{"embeddable":true,"href":"https:\/\/kibrisdakik.com\/index.php?rest_route=\/wp\/v2\/media\/18988"}],"wp:attachment":[{"href":"https:\/\/kibrisdakik.com\/index.php?rest_route=%2Fwp%2Fv2%2Fmedia&parent=18987"}],"wp:term":[{"taxonomy":"category","embeddable":true,"href":"https:\/\/kibrisdakik.com\/index.php?rest_route=%2Fwp%2Fv2%2Fcategories&post=18987"},{"taxonomy":"post_tag","embeddable":true,"href":"https:\/\/kibrisdakik.com\/index.php?rest_route=%2Fwp%2Fv2%2Ftags&post=18987"}],"curies":[{"name":"wp","href":"https:\/\/api.w.org\/{rel}","templated":true}]}}