{"id":19126,"date":"2023-11-17T13:36:26","date_gmt":"2023-11-17T13:36:26","guid":{"rendered":"https:\/\/kibrisdakik.com\/index.php\/2023\/11\/17\/ataoglu-tanya-kilitkayaliyi-kabul-etti\/"},"modified":"2023-11-17T13:36:26","modified_gmt":"2023-11-17T13:36:26","slug":"ataoglu-tanya-kilitkayaliyi-kabul-etti","status":"publish","type":"post","link":"https:\/\/kibrisdakik.com\/?p=19126","title":{"rendered":"Atao\u011flu, Tanya Kilitkayal\u0131\u2019y\u0131 kabul etti"},"content":{"rendered":"<p><img decoding=\"async\" src=\"https:\/\/www.kibristurk.com\/images\/haberler\/2023\/11\/ataoglu-tanya-kilitkayaliyi-kabul-etti-1700227756.webp\" \/><\/p>\n<p style=\"text-align:left\"><span style=\"font-size:14px\"><span style=\"font-family:Arial,Helvetica,sans-serif\"><span style=\"color:#000000\"><span style=\"background-color:#ffffff\">Bakanl\u0131ktan yap\u0131lan a\u00e7\u0131klamaya g\u00f6re, Atao\u011flu, kabul\u00fcnde yapt\u0131\u011f\u0131 konu\u015fmas\u0131nda hem ba\u015far\u0131lar\u0131ndan dolay\u0131 hem de \u00f6zellikle \u00fclke tan\u0131t\u0131m\u0131na yapt\u0131\u011f\u0131 \u00f6nemli katk\u0131lar\u0131ndan dolay\u0131 Kilitkayal\u0131\u2019ya te\u015fekk\u00fcr etti.<\/span><\/span><\/span><\/span><\/p>\n<p style=\"text-align:left\"><span style=\"font-size:14px\"><span style=\"font-family:Arial,Helvetica,sans-serif\"><span style=\"color:#000000\"><span style=\"background-color:#ffffff\">\u201c\u00dclkemiz gastronomi alan\u0131nda zengin bir hazineye sahiptir\u201d diyen Atao\u011flu, gastronomi alan\u0131nda K\u0131br\u0131s T\u00fcrk k\u00fclt\u00fcr\u00fcn\u00fc en iyi \u015fekilde temsil etme ba\u015far\u0131s\u0131n\u0131 g\u00f6stermi\u015f olmas\u0131ndan dolay\u0131, Tanya Kilitkayal\u0131\u2019ya \u00fclke turizmi ad\u0131na te\u015fekk\u00fcr etti.<\/span><\/span><\/span><\/span><\/p>\n<p style=\"text-align:left\"><span style=\"font-size:14px\"><span style=\"font-family:Arial,Helvetica,sans-serif\"><span style=\"color:#000000\"><span style=\"background-color:#ffffff\">-Ortak proje<\/span><\/span><\/span><\/span><\/p>\n<p style=\"text-align:left\"><span style=\"font-size:14px\"><span style=\"font-family:Arial,Helvetica,sans-serif\"><span style=\"color:#000000\"><span style=\"background-color:#ffffff\">Ba\u015fbakan Yard\u0131mc\u0131s\u0131, Turizm, K\u00fclt\u00fcr, Gen\u00e7lik ve \u00c7evre Bakan\u0131 Fikri Atao\u011flu, Masterchef yar\u0131\u015fmas\u0131n\u0131n \u00f6nemli isimlerinden ve \u00fclke yemek k\u00fclt\u00fcr\u00fcn\u00fc en iyi \u015fekilde temsil etmesinden dolay\u0131 kabul etti\u011fi Tanya Kilitkayal\u0131 ile yapt\u0131\u011f\u0131 g\u00f6r\u00fc\u015fmesinde, K\u0131br\u0131s T\u00fcrk yemek k\u00fclt\u00fcr\u00fcn\u00fcn tan\u0131t\u0131m\u0131nda ortak proje \u00fcretilebilece\u011fi konusunda da g\u00f6r\u00fc\u015f al\u0131\u015fveri\u015finde bulunuldu.<\/span><\/span><\/span><\/span><\/p>\n<p style=\"text-align:left\"><span style=\"font-size:14px\"><span style=\"font-family:Arial,Helvetica,sans-serif\"><span style=\"color:#000000\"><span style=\"background-color:#ffffff\">-Kilitkayal\u0131<\/span><\/span><\/span><\/span><\/p>\n<p style=\"text-align:left\"><span style=\"font-size:14px\"><span style=\"font-family:Arial,Helvetica,sans-serif\"><span style=\"color:#000000\"><span style=\"background-color:#ffffff\">MasterChef All Star yar\u0131\u015fmas\u0131nda, K\u0131br\u0131s \u015fivesi ile ilgili olarak \u00e7\u0131kan ele\u015ftirilere kar\u015f\u0131, Atao\u011flu\u2019nun kendisine destek veren a\u00e7\u0131klamalar\u0131n\u0131n, kendisi i\u00e7in \u00e7ok de\u011ferli oldu\u011funu belirten Kilitkayal\u0131, \u201cBenim i\u00e7in b\u00fcy\u00fck bir motive kayna\u011f\u0131 oldu\u201d ifadelerini kulland\u0131.<\/span><\/span><\/span><\/span><\/p>\n<p style=\"text-align:left\"><span style=\"font-size:14px\"><span style=\"font-family:Arial,Helvetica,sans-serif\"><span style=\"color:#000000\"><span style=\"background-color:#ffffff\">Konu\u015fmalar\u0131n ard\u0131ndan, Kilitkayal\u0131 Atao\u011flu\u2019na ilk kitab\u0131n\u0131 hediye etti.<\/span><\/span><\/span><\/span><\/p>\n<p style=\"text-align:left\">&nbsp;<\/p>\n<p style=\"text-align:left\"><span style=\"font-size:14px\"><span style=\"font-family:Arial,Helvetica,sans-serif\"><span style=\"color:#000000\"><span style=\"background-color:#ffffff\">Atao\u011flu da ba\u015far\u0131lar\u0131ndan dolay\u0131, Tanya Kilitkayal\u0131\u2019ya hediye takdiminde bulundu.<\/span><\/span><\/span><\/span><\/p>\n<p>&nbsp;<\/p>\n","protected":false},"excerpt":{"rendered":"<p>Bakanl\u0131ktan yap\u0131lan a\u00e7\u0131klamaya g\u00f6re, Atao\u011flu, kabul\u00fcnde yapt\u0131\u011f\u0131 konu\u015fmas\u0131nda hem ba\u015far\u0131lar\u0131ndan dolay\u0131 hem de \u00f6zellikle \u00fclke tan\u0131t\u0131m\u0131na yapt\u0131\u011f\u0131 \u00f6nemli katk\u0131lar\u0131ndan dolay\u0131 Kilitkayal\u0131\u2019ya te\u015fekk\u00fcr etti. \u201c\u00dclkemiz gastronomi alan\u0131nda zengin bir hazineye sahiptir\u201d diyen Atao\u011flu, gastronomi alan\u0131nda K\u0131br\u0131s T\u00fcrk k\u00fclt\u00fcr\u00fcn\u00fc en iyi \u015fekilde temsil etme ba\u015far\u0131s\u0131n\u0131 g\u00f6stermi\u015f olmas\u0131ndan dolay\u0131, Tanya Kilitkayal\u0131\u2019ya \u00fclke turizmi ad\u0131na te\u015fekk\u00fcr etti. -Ortak proje<\/p>\n","protected":false},"author":1,"featured_media":19127,"comment_status":"open","ping_status":"open","sticky":false,"template":"","format":"standard","meta":{"footnotes":""},"categories":[1],"tags":[],"class_list":["post-19126","post","type-post","status-publish","format-standard","has-post-thumbnail","hentry","category-gundem"],"yoast_head":"<!-- This site is optimized with the Yoast SEO plugin v27.5 - https:\/\/yoast.com\/product\/yoast-seo-wordpress\/ -->\n<title>Atao\u011flu, Tanya Kilitkayal\u0131\u2019y\u0131 kabul etti -<\/title>\n<meta name=\"robots\" content=\"index, follow, max-snippet:-1, max-image-preview:large, max-video-preview:-1\" \/>\n<link rel=\"canonical\" href=\"https:\/\/kibrisdakik.com\/?p=19126\" \/>\n<meta property=\"og:locale\" content=\"tr_TR\" \/>\n<meta property=\"og:type\" content=\"article\" \/>\n<meta property=\"og:title\" content=\"Atao\u011flu, Tanya Kilitkayal\u0131\u2019y\u0131 kabul etti -\" \/>\n<meta property=\"og:description\" content=\"Bakanl\u0131ktan yap\u0131lan a\u00e7\u0131klamaya g\u00f6re, Atao\u011flu, kabul\u00fcnde yapt\u0131\u011f\u0131 konu\u015fmas\u0131nda hem ba\u015far\u0131lar\u0131ndan dolay\u0131 hem de \u00f6zellikle \u00fclke tan\u0131t\u0131m\u0131na yapt\u0131\u011f\u0131 \u00f6nemli katk\u0131lar\u0131ndan dolay\u0131 Kilitkayal\u0131\u2019ya te\u015fekk\u00fcr etti. \u201c\u00dclkemiz gastronomi alan\u0131nda zengin bir hazineye sahiptir\u201d diyen Atao\u011flu, gastronomi alan\u0131nda K\u0131br\u0131s T\u00fcrk k\u00fclt\u00fcr\u00fcn\u00fc en iyi \u015fekilde temsil etme ba\u015far\u0131s\u0131n\u0131 g\u00f6stermi\u015f olmas\u0131ndan dolay\u0131, Tanya Kilitkayal\u0131\u2019ya \u00fclke turizmi ad\u0131na te\u015fekk\u00fcr etti. -Ortak proje\" \/>\n<meta property=\"og:url\" content=\"https:\/\/kibrisdakik.com\/?p=19126\" \/>\n<meta property=\"article:published_time\" content=\"2023-11-17T13:36:26+00:00\" \/>\n<meta property=\"og:image\" content=\"https:\/\/kibrisdakik.com\/wp-content\/uploads\/2023\/11\/ataoglu-tanya-kilitkayaliyi-kabul-etti-1700227756.webp.webp\" \/>\n\t<meta property=\"og:image:width\" content=\"710\" \/>\n\t<meta property=\"og:image:height\" content=\"370\" \/>\n\t<meta property=\"og:image:type\" content=\"image\/webp\" \/>\n<meta name=\"author\" content=\"admin\" \/>\n<meta name=\"twitter:card\" content=\"summary_large_image\" \/>\n<meta name=\"twitter:label1\" content=\"Yazan:\" \/>\n\t<meta name=\"twitter:data1\" content=\"admin\" \/>\n\t<meta name=\"twitter:label2\" content=\"Tahmini okuma s\u00fcresi\" \/>\n\t<meta name=\"twitter:data2\" content=\"1 dakika\" \/>\n<script type=\"application\/ld+json\" class=\"yoast-schema-graph\">{\"@context\":\"https:\\\/\\\/schema.org\",\"@graph\":[{\"@type\":\"Article\",\"@id\":\"https:\\\/\\\/kibrisdakik.com\\\/?p=19126#article\",\"isPartOf\":{\"@id\":\"https:\\\/\\\/kibrisdakik.com\\\/?p=19126\"},\"author\":{\"name\":\"admin\",\"@id\":\"https:\\\/\\\/kibrisdakik.com\\\/#\\\/schema\\\/person\\\/9cd9d437bbb44f72b73ba127e06d8e79\"},\"headline\":\"Atao\u011flu, Tanya Kilitkayal\u0131\u2019y\u0131 kabul etti\",\"datePublished\":\"2023-11-17T13:36:26+00:00\",\"mainEntityOfPage\":{\"@id\":\"https:\\\/\\\/kibrisdakik.com\\\/?p=19126\"},\"wordCount\":253,\"commentCount\":0,\"image\":{\"@id\":\"https:\\\/\\\/kibrisdakik.com\\\/?p=19126#primaryimage\"},\"thumbnailUrl\":\"https:\\\/\\\/kibrisdakik.com\\\/wp-content\\\/uploads\\\/2023\\\/11\\\/ataoglu-tanya-kilitkayaliyi-kabul-etti-1700227756.webp.webp\",\"articleSection\":[\"G\u00fcndem\"],\"inLanguage\":\"tr\",\"potentialAction\":[{\"@type\":\"CommentAction\",\"name\":\"Comment\",\"target\":[\"https:\\\/\\\/kibrisdakik.com\\\/?p=19126#respond\"]}]},{\"@type\":\"WebPage\",\"@id\":\"https:\\\/\\\/kibrisdakik.com\\\/?p=19126\",\"url\":\"https:\\\/\\\/kibrisdakik.com\\\/?p=19126\",\"name\":\"Atao\u011flu, Tanya Kilitkayal\u0131\u2019y\u0131 kabul etti -\",\"isPartOf\":{\"@id\":\"https:\\\/\\\/kibrisdakik.com\\\/#website\"},\"primaryImageOfPage\":{\"@id\":\"https:\\\/\\\/kibrisdakik.com\\\/?p=19126#primaryimage\"},\"image\":{\"@id\":\"https:\\\/\\\/kibrisdakik.com\\\/?p=19126#primaryimage\"},\"thumbnailUrl\":\"https:\\\/\\\/kibrisdakik.com\\\/wp-content\\\/uploads\\\/2023\\\/11\\\/ataoglu-tanya-kilitkayaliyi-kabul-etti-1700227756.webp.webp\",\"datePublished\":\"2023-11-17T13:36:26+00:00\",\"author\":{\"@id\":\"https:\\\/\\\/kibrisdakik.com\\\/#\\\/schema\\\/person\\\/9cd9d437bbb44f72b73ba127e06d8e79\"},\"breadcrumb\":{\"@id\":\"https:\\\/\\\/kibrisdakik.com\\\/?p=19126#breadcrumb\"},\"inLanguage\":\"tr\",\"potentialAction\":[{\"@type\":\"ReadAction\",\"target\":[\"https:\\\/\\\/kibrisdakik.com\\\/?p=19126\"]}]},{\"@type\":\"ImageObject\",\"inLanguage\":\"tr\",\"@id\":\"https:\\\/\\\/kibrisdakik.com\\\/?p=19126#primaryimage\",\"url\":\"https:\\\/\\\/kibrisdakik.com\\\/wp-content\\\/uploads\\\/2023\\\/11\\\/ataoglu-tanya-kilitkayaliyi-kabul-etti-1700227756.webp.webp\",\"contentUrl\":\"https:\\\/\\\/kibrisdakik.com\\\/wp-content\\\/uploads\\\/2023\\\/11\\\/ataoglu-tanya-kilitkayaliyi-kabul-etti-1700227756.webp.webp\",\"width\":710,\"height\":370},{\"@type\":\"BreadcrumbList\",\"@id\":\"https:\\\/\\\/kibrisdakik.com\\\/?p=19126#breadcrumb\",\"itemListElement\":[{\"@type\":\"ListItem\",\"position\":1,\"name\":\"Home\",\"item\":\"https:\\\/\\\/kibrisdakik.com\\\/\"},{\"@type\":\"ListItem\",\"position\":2,\"name\":\"Atao\u011flu, Tanya Kilitkayal\u0131\u2019y\u0131 kabul etti\"}]},{\"@type\":\"WebSite\",\"@id\":\"https:\\\/\\\/kibrisdakik.com\\\/#website\",\"url\":\"https:\\\/\\\/kibrisdakik.com\\\/\",\"name\":\"\",\"description\":\"Tam vaktinde haber\",\"potentialAction\":[{\"@type\":\"SearchAction\",\"target\":{\"@type\":\"EntryPoint\",\"urlTemplate\":\"https:\\\/\\\/kibrisdakik.com\\\/?s={search_term_string}\"},\"query-input\":{\"@type\":\"PropertyValueSpecification\",\"valueRequired\":true,\"valueName\":\"search_term_string\"}}],\"inLanguage\":\"tr\"},{\"@type\":\"Person\",\"@id\":\"https:\\\/\\\/kibrisdakik.com\\\/#\\\/schema\\\/person\\\/9cd9d437bbb44f72b73ba127e06d8e79\",\"name\":\"admin\",\"image\":{\"@type\":\"ImageObject\",\"inLanguage\":\"tr\",\"@id\":\"https:\\\/\\\/secure.gravatar.com\\\/avatar\\\/ccc17943b9d660506c869530f897617f7cb1c21a4bf30023f252596d83e1f007?s=96&d=mm&r=g\",\"url\":\"https:\\\/\\\/secure.gravatar.com\\\/avatar\\\/ccc17943b9d660506c869530f897617f7cb1c21a4bf30023f252596d83e1f007?s=96&d=mm&r=g\",\"contentUrl\":\"https:\\\/\\\/secure.gravatar.com\\\/avatar\\\/ccc17943b9d660506c869530f897617f7cb1c21a4bf30023f252596d83e1f007?s=96&d=mm&r=g\",\"caption\":\"admin\"},\"sameAs\":[\"https:\\\/\\\/kibrisdakik.com\"],\"url\":\"https:\\\/\\\/kibrisdakik.com\\\/?author=1\"}]}<\/script>\n<!-- \/ Yoast SEO plugin. -->","yoast_head_json":{"title":"Atao\u011flu, Tanya Kilitkayal\u0131\u2019y\u0131 kabul etti -","robots":{"index":"index","follow":"follow","max-snippet":"max-snippet:-1","max-image-preview":"max-image-preview:large","max-video-preview":"max-video-preview:-1"},"canonical":"https:\/\/kibrisdakik.com\/?p=19126","og_locale":"tr_TR","og_type":"article","og_title":"Atao\u011flu, Tanya Kilitkayal\u0131\u2019y\u0131 kabul etti -","og_description":"Bakanl\u0131ktan yap\u0131lan a\u00e7\u0131klamaya g\u00f6re, Atao\u011flu, kabul\u00fcnde yapt\u0131\u011f\u0131 konu\u015fmas\u0131nda hem ba\u015far\u0131lar\u0131ndan dolay\u0131 hem de \u00f6zellikle \u00fclke tan\u0131t\u0131m\u0131na yapt\u0131\u011f\u0131 \u00f6nemli katk\u0131lar\u0131ndan dolay\u0131 Kilitkayal\u0131\u2019ya te\u015fekk\u00fcr etti. \u201c\u00dclkemiz gastronomi alan\u0131nda zengin bir hazineye sahiptir\u201d diyen Atao\u011flu, gastronomi alan\u0131nda K\u0131br\u0131s T\u00fcrk k\u00fclt\u00fcr\u00fcn\u00fc en iyi \u015fekilde temsil etme ba\u015far\u0131s\u0131n\u0131 g\u00f6stermi\u015f olmas\u0131ndan dolay\u0131, Tanya Kilitkayal\u0131\u2019ya \u00fclke turizmi ad\u0131na te\u015fekk\u00fcr etti. -Ortak proje","og_url":"https:\/\/kibrisdakik.com\/?p=19126","article_published_time":"2023-11-17T13:36:26+00:00","og_image":[{"width":710,"height":370,"url":"https:\/\/kibrisdakik.com\/wp-content\/uploads\/2023\/11\/ataoglu-tanya-kilitkayaliyi-kabul-etti-1700227756.webp.webp","type":"image\/webp"}],"author":"admin","twitter_card":"summary_large_image","twitter_misc":{"Yazan:":"admin","Tahmini okuma s\u00fcresi":"1 dakika"},"schema":{"@context":"https:\/\/schema.org","@graph":[{"@type":"Article","@id":"https:\/\/kibrisdakik.com\/?p=19126#article","isPartOf":{"@id":"https:\/\/kibrisdakik.com\/?p=19126"},"author":{"name":"admin","@id":"https:\/\/kibrisdakik.com\/#\/schema\/person\/9cd9d437bbb44f72b73ba127e06d8e79"},"headline":"Atao\u011flu, Tanya Kilitkayal\u0131\u2019y\u0131 kabul etti","datePublished":"2023-11-17T13:36:26+00:00","mainEntityOfPage":{"@id":"https:\/\/kibrisdakik.com\/?p=19126"},"wordCount":253,"commentCount":0,"image":{"@id":"https:\/\/kibrisdakik.com\/?p=19126#primaryimage"},"thumbnailUrl":"https:\/\/kibrisdakik.com\/wp-content\/uploads\/2023\/11\/ataoglu-tanya-kilitkayaliyi-kabul-etti-1700227756.webp.webp","articleSection":["G\u00fcndem"],"inLanguage":"tr","potentialAction":[{"@type":"CommentAction","name":"Comment","target":["https:\/\/kibrisdakik.com\/?p=19126#respond"]}]},{"@type":"WebPage","@id":"https:\/\/kibrisdakik.com\/?p=19126","url":"https:\/\/kibrisdakik.com\/?p=19126","name":"Atao\u011flu, Tanya Kilitkayal\u0131\u2019y\u0131 kabul etti -","isPartOf":{"@id":"https:\/\/kibrisdakik.com\/#website"},"primaryImageOfPage":{"@id":"https:\/\/kibrisdakik.com\/?p=19126#primaryimage"},"image":{"@id":"https:\/\/kibrisdakik.com\/?p=19126#primaryimage"},"thumbnailUrl":"https:\/\/kibrisdakik.com\/wp-content\/uploads\/2023\/11\/ataoglu-tanya-kilitkayaliyi-kabul-etti-1700227756.webp.webp","datePublished":"2023-11-17T13:36:26+00:00","author":{"@id":"https:\/\/kibrisdakik.com\/#\/schema\/person\/9cd9d437bbb44f72b73ba127e06d8e79"},"breadcrumb":{"@id":"https:\/\/kibrisdakik.com\/?p=19126#breadcrumb"},"inLanguage":"tr","potentialAction":[{"@type":"ReadAction","target":["https:\/\/kibrisdakik.com\/?p=19126"]}]},{"@type":"ImageObject","inLanguage":"tr","@id":"https:\/\/kibrisdakik.com\/?p=19126#primaryimage","url":"https:\/\/kibrisdakik.com\/wp-content\/uploads\/2023\/11\/ataoglu-tanya-kilitkayaliyi-kabul-etti-1700227756.webp.webp","contentUrl":"https:\/\/kibrisdakik.com\/wp-content\/uploads\/2023\/11\/ataoglu-tanya-kilitkayaliyi-kabul-etti-1700227756.webp.webp","width":710,"height":370},{"@type":"BreadcrumbList","@id":"https:\/\/kibrisdakik.com\/?p=19126#breadcrumb","itemListElement":[{"@type":"ListItem","position":1,"name":"Home","item":"https:\/\/kibrisdakik.com\/"},{"@type":"ListItem","position":2,"name":"Atao\u011flu, Tanya Kilitkayal\u0131\u2019y\u0131 kabul etti"}]},{"@type":"WebSite","@id":"https:\/\/kibrisdakik.com\/#website","url":"https:\/\/kibrisdakik.com\/","name":"","description":"Tam vaktinde haber","potentialAction":[{"@type":"SearchAction","target":{"@type":"EntryPoint","urlTemplate":"https:\/\/kibrisdakik.com\/?s={search_term_string}"},"query-input":{"@type":"PropertyValueSpecification","valueRequired":true,"valueName":"search_term_string"}}],"inLanguage":"tr"},{"@type":"Person","@id":"https:\/\/kibrisdakik.com\/#\/schema\/person\/9cd9d437bbb44f72b73ba127e06d8e79","name":"admin","image":{"@type":"ImageObject","inLanguage":"tr","@id":"https:\/\/secure.gravatar.com\/avatar\/ccc17943b9d660506c869530f897617f7cb1c21a4bf30023f252596d83e1f007?s=96&d=mm&r=g","url":"https:\/\/secure.gravatar.com\/avatar\/ccc17943b9d660506c869530f897617f7cb1c21a4bf30023f252596d83e1f007?s=96&d=mm&r=g","contentUrl":"https:\/\/secure.gravatar.com\/avatar\/ccc17943b9d660506c869530f897617f7cb1c21a4bf30023f252596d83e1f007?s=96&d=mm&r=g","caption":"admin"},"sameAs":["https:\/\/kibrisdakik.com"],"url":"https:\/\/kibrisdakik.com\/?author=1"}]}},"_links":{"self":[{"href":"https:\/\/kibrisdakik.com\/index.php?rest_route=\/wp\/v2\/posts\/19126","targetHints":{"allow":["GET"]}}],"collection":[{"href":"https:\/\/kibrisdakik.com\/index.php?rest_route=\/wp\/v2\/posts"}],"about":[{"href":"https:\/\/kibrisdakik.com\/index.php?rest_route=\/wp\/v2\/types\/post"}],"author":[{"embeddable":true,"href":"https:\/\/kibrisdakik.com\/index.php?rest_route=\/wp\/v2\/users\/1"}],"replies":[{"embeddable":true,"href":"https:\/\/kibrisdakik.com\/index.php?rest_route=%2Fwp%2Fv2%2Fcomments&post=19126"}],"version-history":[{"count":0,"href":"https:\/\/kibrisdakik.com\/index.php?rest_route=\/wp\/v2\/posts\/19126\/revisions"}],"wp:featuredmedia":[{"embeddable":true,"href":"https:\/\/kibrisdakik.com\/index.php?rest_route=\/wp\/v2\/media\/19127"}],"wp:attachment":[{"href":"https:\/\/kibrisdakik.com\/index.php?rest_route=%2Fwp%2Fv2%2Fmedia&parent=19126"}],"wp:term":[{"taxonomy":"category","embeddable":true,"href":"https:\/\/kibrisdakik.com\/index.php?rest_route=%2Fwp%2Fv2%2Fcategories&post=19126"},{"taxonomy":"post_tag","embeddable":true,"href":"https:\/\/kibrisdakik.com\/index.php?rest_route=%2Fwp%2Fv2%2Ftags&post=19126"}],"curies":[{"name":"wp","href":"https:\/\/api.w.org\/{rel}","templated":true}]}}