{"id":19160,"date":"2023-11-17T16:40:00","date_gmt":"2023-11-17T16:40:00","guid":{"rendered":"https:\/\/kibrisdakik.com\/index.php\/2023\/11\/17\/cumhurbaskani-tatar-ingiltere-turk-diyanet-vakfi-camiide-vatandaslarla-sohbet-etti\/"},"modified":"2023-11-17T16:40:00","modified_gmt":"2023-11-17T16:40:00","slug":"cumhurbaskani-tatar-ingiltere-turk-diyanet-vakfi-camiide-vatandaslarla-sohbet-etti","status":"publish","type":"post","link":"https:\/\/kibrisdakik.com\/?p=19160","title":{"rendered":"Cumhurba\u015fkan\u0131 Tatar, \u0130ngiltere T\u00fcrk Diyanet Vakf\u0131 Camii\u2019de vatanda\u015flarla sohbet etti"},"content":{"rendered":"<p><img decoding=\"async\" src=\"https:\/\/www.kibristurk.com\/images\/haberler\/2023\/11\/cumhurbaskani-tatar-ingiltere-turk-diyanet-vakfi-camiide-vatandaslarla-sohbet-etti-1700239290.webp\" \/><\/p>\n<p>Cumhurba\u015fkan\u0131 Ersin Tatar, \u0130ngiltere T\u00fcrk Diyanet Vakf\u0131 Camii\u2019de vatanda\u015flarla bir araya geldi, sohbet etti.&nbsp;<\/p>\n<p>Londra temaslar\u0131na devam eden Cumhurba\u015fkan\u0131 Ersin Tatar, KKTC\u2019li vatanda\u015flar ile cuma namaz\u0131na m\u00fcteakip sohbet toplant\u0131s\u0131 yapt\u0131.&nbsp;&nbsp;<\/p>\n<p>&nbsp;&nbsp;\u0130ngiltere Diyanet Camii\u2019de yer alan toplant\u0131da, Tatar, ilk olarak Gazze\u2019de ya\u015fanan sald\u0131r\u0131lar\u0131n son bulmas\u0131 temennisinde bulundu, Gazze halk\u0131n\u0131n ac\u0131s\u0131n\u0131 payla\u015ft\u0131.&nbsp;&nbsp;&nbsp;<\/p>\n<p>Tatar, 6 \u015eubat depreminde ya\u015fam\u0131n\u0131 yitiren \u015fampiyon melekleri ve vatanda\u015flar\u0131 and\u0131, ac\u0131lar\u0131n\u0131 hi\u00e7 bir zaman unutmayacaklar\u0131n\u0131 vurgulad\u0131 ve ailelerine sab\u0131rlar diledi.&nbsp;&nbsp;&nbsp;<\/p>\n<p>Londra\u2019da ya\u015fayan vatanda\u015flar\u0131n \u00fclkelerinden uzak oldu\u011funu ancak aralar\u0131ndaki ba\u011flar\u0131n her zaman g\u00fc\u00e7l\u00fc oldu\u011funu ifade eden Tatar, buralarda dili, dini, k\u00fclt\u00fcr\u00fc, \u00f6rf ve adetleri ya\u015fatan, vatan sevgisini gelecek nesillere aktaran herkese te\u015fekk\u00fcr etti.&nbsp;<\/p>\n<p>Tatar, esas olan\u0131n, aradaki ba\u011flar\u0131n g\u00fc\u00e7lenmesi ve vatana millete hizmet oldu\u011funu kaydetti<\/p>\n","protected":false},"excerpt":{"rendered":"<p>Cumhurba\u015fkan\u0131 Ersin Tatar, \u0130ngiltere T\u00fcrk Diyanet Vakf\u0131 Camii\u2019de vatanda\u015flarla bir araya geldi, sohbet etti.&nbsp; Londra temaslar\u0131na devam eden Cumhurba\u015fkan\u0131 Ersin Tatar, KKTC\u2019li vatanda\u015flar ile cuma namaz\u0131na m\u00fcteakip sohbet toplant\u0131s\u0131 yapt\u0131.&nbsp;&nbsp; &nbsp;&nbsp;\u0130ngiltere Diyanet Camii\u2019de yer alan toplant\u0131da, Tatar, ilk olarak Gazze\u2019de ya\u015fanan sald\u0131r\u0131lar\u0131n son bulmas\u0131 temennisinde bulundu, Gazze halk\u0131n\u0131n ac\u0131s\u0131n\u0131 payla\u015ft\u0131.&nbsp;&nbsp;&nbsp; Tatar, 6 \u015eubat depreminde ya\u015fam\u0131n\u0131<\/p>\n","protected":false},"author":1,"featured_media":19161,"comment_status":"open","ping_status":"open","sticky":false,"template":"","format":"standard","meta":{"footnotes":""},"categories":[1],"tags":[],"class_list":["post-19160","post","type-post","status-publish","format-standard","has-post-thumbnail","hentry","category-gundem"],"yoast_head":"<!-- This site is optimized with the Yoast SEO plugin v27.5 - https:\/\/yoast.com\/product\/yoast-seo-wordpress\/ -->\n<title>Cumhurba\u015fkan\u0131 Tatar, \u0130ngiltere T\u00fcrk Diyanet Vakf\u0131 Camii\u2019de vatanda\u015flarla sohbet etti -<\/title>\n<meta name=\"robots\" content=\"index, follow, max-snippet:-1, max-image-preview:large, max-video-preview:-1\" \/>\n<link rel=\"canonical\" href=\"https:\/\/kibrisdakik.com\/?p=19160\" \/>\n<meta property=\"og:locale\" content=\"tr_TR\" \/>\n<meta property=\"og:type\" content=\"article\" \/>\n<meta property=\"og:title\" content=\"Cumhurba\u015fkan\u0131 Tatar, \u0130ngiltere T\u00fcrk Diyanet Vakf\u0131 Camii\u2019de vatanda\u015flarla sohbet etti -\" \/>\n<meta property=\"og:description\" content=\"Cumhurba\u015fkan\u0131 Ersin Tatar, \u0130ngiltere T\u00fcrk Diyanet Vakf\u0131 Camii\u2019de vatanda\u015flarla bir araya geldi, sohbet etti.&nbsp; Londra temaslar\u0131na devam eden Cumhurba\u015fkan\u0131 Ersin Tatar, KKTC\u2019li vatanda\u015flar ile cuma namaz\u0131na m\u00fcteakip sohbet toplant\u0131s\u0131 yapt\u0131.&nbsp;&nbsp; &nbsp;&nbsp;\u0130ngiltere Diyanet Camii\u2019de yer alan toplant\u0131da, Tatar, ilk olarak Gazze\u2019de ya\u015fanan sald\u0131r\u0131lar\u0131n son bulmas\u0131 temennisinde bulundu, Gazze halk\u0131n\u0131n ac\u0131s\u0131n\u0131 payla\u015ft\u0131.&nbsp;&nbsp;&nbsp; Tatar, 6 \u015eubat depreminde ya\u015fam\u0131n\u0131\" \/>\n<meta property=\"og:url\" content=\"https:\/\/kibrisdakik.com\/?p=19160\" \/>\n<meta property=\"article:published_time\" content=\"2023-11-17T16:40:00+00:00\" \/>\n<meta property=\"og:image\" content=\"https:\/\/kibrisdakik.com\/wp-content\/uploads\/2023\/11\/cumhurbaskani-tatar-ingiltere-turk-diyanet-vakfi-camiide-vatandaslarla-sohbet-etti-1700239290.webp.webp\" \/>\n\t<meta property=\"og:image:width\" content=\"710\" \/>\n\t<meta property=\"og:image:height\" content=\"370\" \/>\n\t<meta property=\"og:image:type\" content=\"image\/webp\" \/>\n<meta name=\"author\" content=\"admin\" \/>\n<meta name=\"twitter:card\" content=\"summary_large_image\" \/>\n<meta name=\"twitter:label1\" content=\"Yazan:\" \/>\n\t<meta name=\"twitter:data1\" content=\"admin\" \/>\n\t<meta name=\"twitter:label2\" content=\"Tahmini okuma s\u00fcresi\" \/>\n\t<meta name=\"twitter:data2\" content=\"1 dakika\" \/>\n<script type=\"application\/ld+json\" class=\"yoast-schema-graph\">{\"@context\":\"https:\\\/\\\/schema.org\",\"@graph\":[{\"@type\":\"Article\",\"@id\":\"https:\\\/\\\/kibrisdakik.com\\\/?p=19160#article\",\"isPartOf\":{\"@id\":\"https:\\\/\\\/kibrisdakik.com\\\/?p=19160\"},\"author\":{\"name\":\"admin\",\"@id\":\"https:\\\/\\\/kibrisdakik.com\\\/#\\\/schema\\\/person\\\/9cd9d437bbb44f72b73ba127e06d8e79\"},\"headline\":\"Cumhurba\u015fkan\u0131 Tatar, \u0130ngiltere T\u00fcrk Diyanet Vakf\u0131 Camii\u2019de vatanda\u015flarla sohbet etti\",\"datePublished\":\"2023-11-17T16:40:00+00:00\",\"mainEntityOfPage\":{\"@id\":\"https:\\\/\\\/kibrisdakik.com\\\/?p=19160\"},\"wordCount\":190,\"commentCount\":0,\"image\":{\"@id\":\"https:\\\/\\\/kibrisdakik.com\\\/?p=19160#primaryimage\"},\"thumbnailUrl\":\"https:\\\/\\\/kibrisdakik.com\\\/wp-content\\\/uploads\\\/2023\\\/11\\\/cumhurbaskani-tatar-ingiltere-turk-diyanet-vakfi-camiide-vatandaslarla-sohbet-etti-1700239290.webp.webp\",\"articleSection\":[\"G\u00fcndem\"],\"inLanguage\":\"tr\",\"potentialAction\":[{\"@type\":\"CommentAction\",\"name\":\"Comment\",\"target\":[\"https:\\\/\\\/kibrisdakik.com\\\/?p=19160#respond\"]}]},{\"@type\":\"WebPage\",\"@id\":\"https:\\\/\\\/kibrisdakik.com\\\/?p=19160\",\"url\":\"https:\\\/\\\/kibrisdakik.com\\\/?p=19160\",\"name\":\"Cumhurba\u015fkan\u0131 Tatar, \u0130ngiltere T\u00fcrk Diyanet Vakf\u0131 Camii\u2019de vatanda\u015flarla sohbet etti -\",\"isPartOf\":{\"@id\":\"https:\\\/\\\/kibrisdakik.com\\\/#website\"},\"primaryImageOfPage\":{\"@id\":\"https:\\\/\\\/kibrisdakik.com\\\/?p=19160#primaryimage\"},\"image\":{\"@id\":\"https:\\\/\\\/kibrisdakik.com\\\/?p=19160#primaryimage\"},\"thumbnailUrl\":\"https:\\\/\\\/kibrisdakik.com\\\/wp-content\\\/uploads\\\/2023\\\/11\\\/cumhurbaskani-tatar-ingiltere-turk-diyanet-vakfi-camiide-vatandaslarla-sohbet-etti-1700239290.webp.webp\",\"datePublished\":\"2023-11-17T16:40:00+00:00\",\"author\":{\"@id\":\"https:\\\/\\\/kibrisdakik.com\\\/#\\\/schema\\\/person\\\/9cd9d437bbb44f72b73ba127e06d8e79\"},\"breadcrumb\":{\"@id\":\"https:\\\/\\\/kibrisdakik.com\\\/?p=19160#breadcrumb\"},\"inLanguage\":\"tr\",\"potentialAction\":[{\"@type\":\"ReadAction\",\"target\":[\"https:\\\/\\\/kibrisdakik.com\\\/?p=19160\"]}]},{\"@type\":\"ImageObject\",\"inLanguage\":\"tr\",\"@id\":\"https:\\\/\\\/kibrisdakik.com\\\/?p=19160#primaryimage\",\"url\":\"https:\\\/\\\/kibrisdakik.com\\\/wp-content\\\/uploads\\\/2023\\\/11\\\/cumhurbaskani-tatar-ingiltere-turk-diyanet-vakfi-camiide-vatandaslarla-sohbet-etti-1700239290.webp.webp\",\"contentUrl\":\"https:\\\/\\\/kibrisdakik.com\\\/wp-content\\\/uploads\\\/2023\\\/11\\\/cumhurbaskani-tatar-ingiltere-turk-diyanet-vakfi-camiide-vatandaslarla-sohbet-etti-1700239290.webp.webp\",\"width\":710,\"height\":370},{\"@type\":\"BreadcrumbList\",\"@id\":\"https:\\\/\\\/kibrisdakik.com\\\/?p=19160#breadcrumb\",\"itemListElement\":[{\"@type\":\"ListItem\",\"position\":1,\"name\":\"Home\",\"item\":\"https:\\\/\\\/kibrisdakik.com\\\/\"},{\"@type\":\"ListItem\",\"position\":2,\"name\":\"Cumhurba\u015fkan\u0131 Tatar, \u0130ngiltere T\u00fcrk Diyanet Vakf\u0131 Camii\u2019de vatanda\u015flarla sohbet etti\"}]},{\"@type\":\"WebSite\",\"@id\":\"https:\\\/\\\/kibrisdakik.com\\\/#website\",\"url\":\"https:\\\/\\\/kibrisdakik.com\\\/\",\"name\":\"\",\"description\":\"Tam vaktinde haber\",\"potentialAction\":[{\"@type\":\"SearchAction\",\"target\":{\"@type\":\"EntryPoint\",\"urlTemplate\":\"https:\\\/\\\/kibrisdakik.com\\\/?s={search_term_string}\"},\"query-input\":{\"@type\":\"PropertyValueSpecification\",\"valueRequired\":true,\"valueName\":\"search_term_string\"}}],\"inLanguage\":\"tr\"},{\"@type\":\"Person\",\"@id\":\"https:\\\/\\\/kibrisdakik.com\\\/#\\\/schema\\\/person\\\/9cd9d437bbb44f72b73ba127e06d8e79\",\"name\":\"admin\",\"image\":{\"@type\":\"ImageObject\",\"inLanguage\":\"tr\",\"@id\":\"https:\\\/\\\/secure.gravatar.com\\\/avatar\\\/ccc17943b9d660506c869530f897617f7cb1c21a4bf30023f252596d83e1f007?s=96&d=mm&r=g\",\"url\":\"https:\\\/\\\/secure.gravatar.com\\\/avatar\\\/ccc17943b9d660506c869530f897617f7cb1c21a4bf30023f252596d83e1f007?s=96&d=mm&r=g\",\"contentUrl\":\"https:\\\/\\\/secure.gravatar.com\\\/avatar\\\/ccc17943b9d660506c869530f897617f7cb1c21a4bf30023f252596d83e1f007?s=96&d=mm&r=g\",\"caption\":\"admin\"},\"sameAs\":[\"https:\\\/\\\/kibrisdakik.com\"],\"url\":\"https:\\\/\\\/kibrisdakik.com\\\/?author=1\"}]}<\/script>\n<!-- \/ Yoast SEO plugin. -->","yoast_head_json":{"title":"Cumhurba\u015fkan\u0131 Tatar, \u0130ngiltere T\u00fcrk Diyanet Vakf\u0131 Camii\u2019de vatanda\u015flarla sohbet etti -","robots":{"index":"index","follow":"follow","max-snippet":"max-snippet:-1","max-image-preview":"max-image-preview:large","max-video-preview":"max-video-preview:-1"},"canonical":"https:\/\/kibrisdakik.com\/?p=19160","og_locale":"tr_TR","og_type":"article","og_title":"Cumhurba\u015fkan\u0131 Tatar, \u0130ngiltere T\u00fcrk Diyanet Vakf\u0131 Camii\u2019de vatanda\u015flarla sohbet etti -","og_description":"Cumhurba\u015fkan\u0131 Ersin Tatar, \u0130ngiltere T\u00fcrk Diyanet Vakf\u0131 Camii\u2019de vatanda\u015flarla bir araya geldi, sohbet etti.&nbsp; Londra temaslar\u0131na devam eden Cumhurba\u015fkan\u0131 Ersin Tatar, KKTC\u2019li vatanda\u015flar ile cuma namaz\u0131na m\u00fcteakip sohbet toplant\u0131s\u0131 yapt\u0131.&nbsp;&nbsp; &nbsp;&nbsp;\u0130ngiltere Diyanet Camii\u2019de yer alan toplant\u0131da, Tatar, ilk olarak Gazze\u2019de ya\u015fanan sald\u0131r\u0131lar\u0131n son bulmas\u0131 temennisinde bulundu, Gazze halk\u0131n\u0131n ac\u0131s\u0131n\u0131 payla\u015ft\u0131.&nbsp;&nbsp;&nbsp; Tatar, 6 \u015eubat depreminde ya\u015fam\u0131n\u0131","og_url":"https:\/\/kibrisdakik.com\/?p=19160","article_published_time":"2023-11-17T16:40:00+00:00","og_image":[{"width":710,"height":370,"url":"https:\/\/kibrisdakik.com\/wp-content\/uploads\/2023\/11\/cumhurbaskani-tatar-ingiltere-turk-diyanet-vakfi-camiide-vatandaslarla-sohbet-etti-1700239290.webp.webp","type":"image\/webp"}],"author":"admin","twitter_card":"summary_large_image","twitter_misc":{"Yazan:":"admin","Tahmini okuma s\u00fcresi":"1 dakika"},"schema":{"@context":"https:\/\/schema.org","@graph":[{"@type":"Article","@id":"https:\/\/kibrisdakik.com\/?p=19160#article","isPartOf":{"@id":"https:\/\/kibrisdakik.com\/?p=19160"},"author":{"name":"admin","@id":"https:\/\/kibrisdakik.com\/#\/schema\/person\/9cd9d437bbb44f72b73ba127e06d8e79"},"headline":"Cumhurba\u015fkan\u0131 Tatar, \u0130ngiltere T\u00fcrk Diyanet Vakf\u0131 Camii\u2019de vatanda\u015flarla sohbet etti","datePublished":"2023-11-17T16:40:00+00:00","mainEntityOfPage":{"@id":"https:\/\/kibrisdakik.com\/?p=19160"},"wordCount":190,"commentCount":0,"image":{"@id":"https:\/\/kibrisdakik.com\/?p=19160#primaryimage"},"thumbnailUrl":"https:\/\/kibrisdakik.com\/wp-content\/uploads\/2023\/11\/cumhurbaskani-tatar-ingiltere-turk-diyanet-vakfi-camiide-vatandaslarla-sohbet-etti-1700239290.webp.webp","articleSection":["G\u00fcndem"],"inLanguage":"tr","potentialAction":[{"@type":"CommentAction","name":"Comment","target":["https:\/\/kibrisdakik.com\/?p=19160#respond"]}]},{"@type":"WebPage","@id":"https:\/\/kibrisdakik.com\/?p=19160","url":"https:\/\/kibrisdakik.com\/?p=19160","name":"Cumhurba\u015fkan\u0131 Tatar, \u0130ngiltere T\u00fcrk Diyanet Vakf\u0131 Camii\u2019de vatanda\u015flarla sohbet etti -","isPartOf":{"@id":"https:\/\/kibrisdakik.com\/#website"},"primaryImageOfPage":{"@id":"https:\/\/kibrisdakik.com\/?p=19160#primaryimage"},"image":{"@id":"https:\/\/kibrisdakik.com\/?p=19160#primaryimage"},"thumbnailUrl":"https:\/\/kibrisdakik.com\/wp-content\/uploads\/2023\/11\/cumhurbaskani-tatar-ingiltere-turk-diyanet-vakfi-camiide-vatandaslarla-sohbet-etti-1700239290.webp.webp","datePublished":"2023-11-17T16:40:00+00:00","author":{"@id":"https:\/\/kibrisdakik.com\/#\/schema\/person\/9cd9d437bbb44f72b73ba127e06d8e79"},"breadcrumb":{"@id":"https:\/\/kibrisdakik.com\/?p=19160#breadcrumb"},"inLanguage":"tr","potentialAction":[{"@type":"ReadAction","target":["https:\/\/kibrisdakik.com\/?p=19160"]}]},{"@type":"ImageObject","inLanguage":"tr","@id":"https:\/\/kibrisdakik.com\/?p=19160#primaryimage","url":"https:\/\/kibrisdakik.com\/wp-content\/uploads\/2023\/11\/cumhurbaskani-tatar-ingiltere-turk-diyanet-vakfi-camiide-vatandaslarla-sohbet-etti-1700239290.webp.webp","contentUrl":"https:\/\/kibrisdakik.com\/wp-content\/uploads\/2023\/11\/cumhurbaskani-tatar-ingiltere-turk-diyanet-vakfi-camiide-vatandaslarla-sohbet-etti-1700239290.webp.webp","width":710,"height":370},{"@type":"BreadcrumbList","@id":"https:\/\/kibrisdakik.com\/?p=19160#breadcrumb","itemListElement":[{"@type":"ListItem","position":1,"name":"Home","item":"https:\/\/kibrisdakik.com\/"},{"@type":"ListItem","position":2,"name":"Cumhurba\u015fkan\u0131 Tatar, \u0130ngiltere T\u00fcrk Diyanet Vakf\u0131 Camii\u2019de vatanda\u015flarla sohbet etti"}]},{"@type":"WebSite","@id":"https:\/\/kibrisdakik.com\/#website","url":"https:\/\/kibrisdakik.com\/","name":"","description":"Tam vaktinde haber","potentialAction":[{"@type":"SearchAction","target":{"@type":"EntryPoint","urlTemplate":"https:\/\/kibrisdakik.com\/?s={search_term_string}"},"query-input":{"@type":"PropertyValueSpecification","valueRequired":true,"valueName":"search_term_string"}}],"inLanguage":"tr"},{"@type":"Person","@id":"https:\/\/kibrisdakik.com\/#\/schema\/person\/9cd9d437bbb44f72b73ba127e06d8e79","name":"admin","image":{"@type":"ImageObject","inLanguage":"tr","@id":"https:\/\/secure.gravatar.com\/avatar\/ccc17943b9d660506c869530f897617f7cb1c21a4bf30023f252596d83e1f007?s=96&d=mm&r=g","url":"https:\/\/secure.gravatar.com\/avatar\/ccc17943b9d660506c869530f897617f7cb1c21a4bf30023f252596d83e1f007?s=96&d=mm&r=g","contentUrl":"https:\/\/secure.gravatar.com\/avatar\/ccc17943b9d660506c869530f897617f7cb1c21a4bf30023f252596d83e1f007?s=96&d=mm&r=g","caption":"admin"},"sameAs":["https:\/\/kibrisdakik.com"],"url":"https:\/\/kibrisdakik.com\/?author=1"}]}},"_links":{"self":[{"href":"https:\/\/kibrisdakik.com\/index.php?rest_route=\/wp\/v2\/posts\/19160","targetHints":{"allow":["GET"]}}],"collection":[{"href":"https:\/\/kibrisdakik.com\/index.php?rest_route=\/wp\/v2\/posts"}],"about":[{"href":"https:\/\/kibrisdakik.com\/index.php?rest_route=\/wp\/v2\/types\/post"}],"author":[{"embeddable":true,"href":"https:\/\/kibrisdakik.com\/index.php?rest_route=\/wp\/v2\/users\/1"}],"replies":[{"embeddable":true,"href":"https:\/\/kibrisdakik.com\/index.php?rest_route=%2Fwp%2Fv2%2Fcomments&post=19160"}],"version-history":[{"count":0,"href":"https:\/\/kibrisdakik.com\/index.php?rest_route=\/wp\/v2\/posts\/19160\/revisions"}],"wp:featuredmedia":[{"embeddable":true,"href":"https:\/\/kibrisdakik.com\/index.php?rest_route=\/wp\/v2\/media\/19161"}],"wp:attachment":[{"href":"https:\/\/kibrisdakik.com\/index.php?rest_route=%2Fwp%2Fv2%2Fmedia&parent=19160"}],"wp:term":[{"taxonomy":"category","embeddable":true,"href":"https:\/\/kibrisdakik.com\/index.php?rest_route=%2Fwp%2Fv2%2Fcategories&post=19160"},{"taxonomy":"post_tag","embeddable":true,"href":"https:\/\/kibrisdakik.com\/index.php?rest_route=%2Fwp%2Fv2%2Ftags&post=19160"}],"curies":[{"name":"wp","href":"https:\/\/api.w.org\/{rel}","templated":true}]}}