{"id":19260,"date":"2023-11-18T16:01:51","date_gmt":"2023-11-18T16:01:51","guid":{"rendered":"https:\/\/kibrisdakik.com\/index.php\/2023\/11\/18\/kktcnin-40-kurulus-yil-donumu-londra-turk-okullarinda-da-kutlandi\/"},"modified":"2023-11-18T16:01:51","modified_gmt":"2023-11-18T16:01:51","slug":"kktcnin-40-kurulus-yil-donumu-londra-turk-okullarinda-da-kutlandi","status":"publish","type":"post","link":"https:\/\/kibrisdakik.com\/?p=19260","title":{"rendered":"KKTC\u2019nin 40. kurulu\u015f y\u0131l d\u00f6n\u00fcm\u00fc Londra T\u00fcrk Okullar\u0131nda da kutland\u0131"},"content":{"rendered":"<p><img decoding=\"async\" src=\"https:\/\/www.kibristurk.com\/images\/haberler\/2023\/11\/kktcnin-40-kurulus-yil-donumu-londra-turk-okullarinda-da-kutlandi-1700322704.webp\" \/><\/p>\n<p>15 Kas\u0131m Cumhuriyet Bayram\u0131, Londra T\u00fcrk Okullar\u0131nda da kutlad\u0131.&nbsp;<\/p>\n<p>Cumhurba\u015fkan\u0131 Ersin Tatar, Londra\u2019da T\u00fcrk okullar\u0131n\u0131 ziyaret ederek, 15 Kas\u0131m Cumhuriyet Bayram\u0131 kutlamalar\u0131na kat\u0131ld\u0131.&nbsp;&nbsp;<\/p>\n<p>Cumhurba\u015fkan\u0131 Ersin Tatar, garant\u00f6r \u00fclke \u0130ngiltere\u2019yi; K\u0131br\u0131s T\u00fcrk halk\u0131na yapt\u0131\u011f\u0131 haks\u0131zl\u0131klara son vermeye, K\u0131br\u0131s T\u00fcrk halk\u0131n\u0131n hak ve hukukunu koruyarak, K\u0131br\u0131s siyasetini g\u00f6zden ge\u00e7irmeye ve direkt u\u00e7u\u015flar dahil di\u011fer t\u00fcm konularda K\u0131br\u0131s T\u00fcrk halk\u0131na y\u00f6nelik a\u00e7\u0131l\u0131mlar yapmas\u0131 i\u00e7in g\u00f6reve \u00e7a\u011f\u0131rd\u0131.&nbsp;&nbsp;<\/p>\n<p>Cumhurba\u015fkan\u0131 Tatar\u2019a, ziyaretlerinde, T\u00fcrkiye Cumhuriyeti Londra B\u00fcy\u00fckel\u00e7isi Osman Koray Erta\u015f ile KKTC Londra Temsilcisi \u00c7imen Keskin de e\u015flik etti. Ziyaretlerde, KKTC Londra E\u011fitim Ata\u015fesi Metin Harper de yer ald\u0131.&nbsp;&nbsp;<\/p>\n<p>-Dr. Faz\u0131l K\u00fc\u00e7\u00fck Okulu ziyareti&nbsp;&nbsp;<\/p>\n<p>Cumhurba\u015fkan\u0131 Tatar, ilk \u00f6nce Dr. Faz\u0131l K\u00fc\u00e7\u00fck T\u00fcrk Dili ve K\u00fclt\u00fcr\u00fc Okulu\u2019nu ziyaret etti.&nbsp;&nbsp;<\/p>\n<p>Buradaki t\u00f6ren, sayg\u0131 duru\u015fu ve \u0130stiklal Mar\u015f\u0131&#8217;n\u0131n okunmas\u0131yla ba\u015flad\u0131.&nbsp;&nbsp;<\/p>\n<p>Dr. Faz\u0131l K\u00fc\u00e7\u00fck T\u00fcrk Okulu Ba\u015fkan\u0131 Ula\u015f T\u00f6z\u00fcn, g\u00fcn\u00fcn anlam ve \u00f6nemini belirten konu\u015fmas\u0131n\u0131 yapt\u0131. K\u0131br\u0131s T\u00fcrk halk\u0131n\u0131n ba\u011f\u0131ms\u0131zl\u0131\u011f\u0131n\u0131n sembol\u00fc KKTC\u2019nin 40. ya\u015f\u0131n\u0131 gururla kutlad\u0131klar\u0131n\u0131 ifade eden T\u00f6z\u00fcn, devleti el birli\u011fiyle gelece\u011fe daha g\u00fc\u00e7l\u00fc \u015fekilde ta\u015f\u0131mak i\u00e7in \u00e7al\u0131\u015fmalar yapt\u0131klar\u0131n\u0131 s\u00f6yledi.&nbsp;&nbsp;<\/p>\n<p>T\u00f6z\u00fcn, \u0130ngiltere\u2019de, \u00e7ocuklar\u0131n gen\u00e7lerin dilini, k\u00fclt\u00fcr\u00fcn\u00fc, vatan sevgisini her zaman \u00fcst seviyede tutmak i\u00e7in \u00e7al\u0131\u015ft\u0131klar\u0131n\u0131 ifade ederek, \u015fehitleri and\u0131, gazileri yad etti, T\u00fcrkiye Cumhuriyeti&#8217;ne olan g\u00fcveni vurgulad\u0131 ve Cumhuriyet Bayram&#8217;\u0131n\u0131 kutlad\u0131.&nbsp;&nbsp;<\/p>\n<p>Cumhurba\u015fkan\u0131 Ersin Tatar da, KKTC\u2019nin 40. kurulu\u015f y\u0131l d\u00f6n\u00fcm\u00fcnde, Londra\u2019da T\u00fcrk \u00e7ocuklarla, gen\u00e7lerle, vatanda\u015flarla bir araya gelmekten mutluluk duydu\u011funu s\u00f6yledi ve Cumhuriyet Bayram&#8217;\u0131n\u0131 kutlad\u0131.&nbsp;&nbsp;<\/p>\n<p>Tatar, Londra\u2019da gen\u00e7lere dilini, k\u00fclt\u00fcr\u00fcn\u00fc, vatan sevgisini korumak, \u00f6\u011fretmek i\u00e7in zor ko\u015fullarda eme\u011fini ortaya koyan herkesi tebrik etti, bu zenginlikleri gelece\u011fe ta\u015f\u0131man\u0131n \u00f6nemine vurgu yapt\u0131.&nbsp;&nbsp;<\/p>\n<p>K\u0131br\u0131s T\u00fcrk halk\u0131n\u0131 birbirine ba\u011flayan vatan sevgisinin, Anavatan sevgisinin ba\u011flay\u0131c\u0131l\u0131\u011f\u0131na i\u015faret eden Tatar, \u0130ngiltere\u2019deki vatanda\u015flarla KKTC\u2019deki ba\u011flar\u0131n korunmas\u0131, ku\u015faktan ku\u015fa\u011fa aktar\u0131lmas\u0131n\u0131n \u00f6nemli oldu\u011funu belirtti.&nbsp;<\/p>\n<p>Bu ba\u011flar\u0131 daha da g\u00fc\u00e7lendirmek i\u00e7in KKTC\u2019den buralara gelip, gen\u00e7 ku\u015faklara milli de\u011ferleri, dili, k\u00fclt\u00fcr\u00fc, \u00f6rf adetleri aktaran \u00f6\u011fretmenleri de tebrik eden Tatar, Londra T\u00fcrk okullar\u0131n\u0131n alt yap\u0131s\u0131n\u0131n geli\u015ftirilmesine \u00f6nem verdiklerine, bunun g\u00f6revleri oldu\u011funa i\u015faret etti.&nbsp;&nbsp;<\/p>\n<p>Tarihe, \u00f6denen bedellere bak\u0131ld\u0131\u011f\u0131nda K\u0131br\u0131s T\u00fcrk halk\u0131n\u0131n b\u00fcy\u00fck ba\u015far\u0131lara imza atan bir halk oldu\u011funu ifade eden Tatar, ba\u011f\u0131ms\u0131z KKTC devletinin de bu ba\u015far\u0131lar\u0131n en b\u00fcy\u00fc\u011f\u00fc oldu\u011funu kaydetti.&nbsp;&nbsp;<\/p>\n<p>K\u0131br\u0131s\u2019ta bug\u00fcn iki devlet, iki halk oldu\u011funu vurgulayan Tatar, b\u00fct\u00fcn d\u00fcnyaya bunu anlatarak, gelecek nesillere b\u0131rak\u0131lacak eser i\u00e7in sonu\u00e7 almaya ba\u015flad\u0131klar\u0131n\u0131, t\u00fcm kesimlerin K\u0131br\u0131s\u2019ta iki devleti bildi\u011fini, duydu\u011funu, g\u00f6rd\u00fc\u011f\u00fcn\u00fc dile getirdi.&nbsp;&nbsp;<\/p>\n<p>T\u00fcrkiye Cumhuriyeti Cumhurba\u015fkan\u0131 Recep Tayyip Erdo\u011fan\u2019\u0131n da KKTC\u2019nin tan\u0131nmas\u0131na y\u00f6nelik tam destek verdi\u011fini ifade eden Tatar, hep birlikte hareket ettikten sonra ba\u015far\u0131n\u0131n ka\u00e7\u0131n\u0131lmaz oldu\u011funu \u00e7\u00fcnk\u00fc t\u00fcm vatanda\u015flar\u0131n nerede olursa olsun kalbinde vatan sevgisi oldu\u011funu belirtti.&nbsp;&nbsp;<\/p>\n<p>Vatan sevgisini gelecek nesillere aktarman\u0131n \u00f6nemine i\u015faret eden Tatar, burada g\u00f6zleri p\u0131r\u0131l p\u0131r\u0131l \u00f6\u011frencilerle gurur duydu\u011funu, gelece\u011fin teminat\u0131 \u00e7ocuklara g\u00fcvendi\u011fini s\u00f6yledi ve bu duygularla Cumhuriyet Bayram\u0131&#8217;n\u0131 tebrik etti.&nbsp;&nbsp;<\/p>\n<p>Londra\u2019da T\u00fcrk Okullar\u0131n\u0131n kurulmas\u0131nda ya\u015fanan zorluklar\u0131 dile getiren ve eme\u011fi ge\u00e7en herkesi yad eden Tatar, okullar\u0131n geli\u015ftirilmesinin g\u00f6revleri oldu\u011funu kaydetti.&nbsp;&nbsp;<\/p>\n<p>-&#8220;Garant\u00f6r \u0130ngiltere haks\u0131zl\u0131k yap\u0131yor&#8221;&nbsp;<\/p>\n<p>Garant\u00f6r \u00fclke \u0130ngiltere\u2019nin K\u0131br\u0131s T\u00fcrk halk\u0131na haks\u0131zl\u0131k yapt\u0131\u011f\u0131n\u0131, bu y\u00fczden K\u0131br\u0131s T\u00fcrk halk\u0131n\u0131n hak ve hukukunu koruyarak, K\u0131br\u0131s siyasetini g\u00f6zden ge\u00e7irmesi gerekti\u011fini ifade eden Tatar, K\u0131br\u0131s\u2019ta iki devlet, iki halk, iki ayr\u0131 yap\u0131 oldu\u011funu, K\u0131br\u0131s T\u00fcrk halk\u0131n\u0131n da adada Rumlar kadar e\u015fit ve hak sahibi oldu\u011funu vurgulad\u0131.&nbsp;&nbsp;<\/p>\n<p>-&#8220;Direkt u\u00e7u\u015flar&#8221;&nbsp;<\/p>\n<p>Tatar, bu \u00e7er\u00e7evede \u0130ngiltere\u2019yi, direkt u\u00e7u\u015flar dahil di\u011fer t\u00fcm konularda K\u0131br\u0131s T\u00fcrk halk\u0131na y\u00f6nelik a\u00e7\u0131l\u0131mlar yapmas\u0131 i\u00e7in g\u00f6reve \u00e7a\u011f\u0131rd\u0131.&nbsp;&nbsp;<\/p>\n<p>Konu\u015fman\u0131n ard\u0131ndan Tatar ve b\u00fcy\u00fckel\u00e7ilere plaket takdim edildi, an\u0131 foto\u011fraf\u0131 \u00e7ekildi.&nbsp;&nbsp;<\/p>\n<p>Etkinlikte, \u00e7ocuklar \u201ccumhuriyet h\u00fcrriyet demek\u201d isimli g\u00f6steri sundu, maniler ve \u015fiirler okudu, halk danslar\u0131 g\u00f6sterisi sundu, okul korosu sahne ald\u0131.&nbsp;&nbsp;<\/p>\n<p>Etkinlikte, KKTC\u2019nin ilan edildi\u011fi g\u00fcn\u00fc anlatan video g\u00f6sterimi de yap\u0131ld\u0131, Kurucu Cumhurba\u015fkan\u0131 Rauf Raif Denkta\u015f\u2019\u0131n sesinden \u201cBenim iki bayra\u011f\u0131m var\u201d adl\u0131 \u015fiir dinletildi.&nbsp;&nbsp;<\/p>\n<p>Tatar, etkinlik sonras\u0131 okulu gezdi, \u00e7ocuklarla ve \u00f6\u011fretmenlerle sohbet etti.&nbsp;&nbsp;<\/p>\n<p>-Rauf R. Denkta\u015f T\u00fcrk Okulu ziyareti&nbsp;&nbsp;<\/p>\n<p>Cumhurba\u015fkan\u0131 Ersin Tatar, ard\u0131ndan Rauf R. Denkta\u015f T\u00fcrk Dili ve K\u00fclt\u00fcr\u00fc Okulu\u2019nu ziyaret etti.&nbsp;&nbsp;<\/p>\n<p>Kuzey K\u0131br\u0131s T\u00fcrk Cumhuriyeti\u2019nin 40. kurulu\u015f y\u0131l d\u00f6n\u00fcm\u00fcn\u00fcn kutlama program\u0131na kat\u0131lan Tatar, Kuzey K\u0131br\u0131s T\u00fcrk Cumhuriyeti\u2019nin mutlaka bir g\u00fcn d\u00fcnyada hak etti\u011fi yeri alaca\u011f\u0131n\u0131 vurgulad\u0131.&nbsp;&nbsp;<\/p>\n<p>Okul Ba\u015fkan\u0131 Meryem Biricik, etkinlikte yapt\u0131\u011f\u0131 a\u00e7\u0131l\u0131\u015f konu\u015fmas\u0131nda, KKTC\u2019nin 40. y\u0131l\u0131n\u0131 kutlaman\u0131n gurur ve mutlulu\u011funu ya\u015fad\u0131klar\u0131n\u0131 belirtti.&nbsp;&nbsp;<\/p>\n<p>Biricik, vatandan uzak olsalar da kalplerinin her zaman KKTC ile, vatan ile birlikte att\u0131\u011f\u0131na i\u015faret ederek, Londra\u2019da gelecek nesillere de bu vatan sevgisini aktarmak i\u00e7in \u00e7al\u0131\u015ft\u0131klar\u0131n\u0131 s\u00f6yledi.&nbsp;&nbsp;<\/p>\n<p>KKTC\u2019nin Londra\u2019daki 40. y\u0131l kutlamalar\u0131na kat\u0131lan ve \u00f6nem veren Cumhurba\u015fkan\u0131 Tatar\u2019a te\u015fekk\u00fcr eden Biricik, \u201cCumhuriyetimiz ilelebet ya\u015fayacakt\u0131r\u201d dedi.&nbsp;&nbsp;<\/p>\n<p>Biricik, Anavatan T\u00fcrkiye Cumhuriyeti ile birlikte daha da ileriye gideceklerine i\u015faret ederek, g\u00f6revlerinin, ge\u00e7mi\u015fi unutmadan devletin cumhuriyetin de\u011ferini \u00e7ocuklara aktarmak oldu\u011funu ifade etti. Biricik, Dr. K\u00fc\u00e7\u00fck, Denkta\u015f ve t\u00fcm \u015fehitleri and\u0131.&nbsp;&nbsp;<\/p>\n<p>Cumhurba\u015fkan\u0131 Ersin Tatar da, Biricik\u2019e g\u00fczel konu\u015fmas\u0131ndan dolay\u0131 te\u015fekk\u00fcr ederek, KKTC\u2019nin 40. y\u0131l\u0131nda burada \u00e7ocuklar ve aileler ile birlikte olmaktan duydu\u011fu memnuniyeti dile getirdi.&nbsp;&nbsp;<\/p>\n<p>Tatar, Londra\u2019da \u00e7ocuklara, gen\u00e7lere e\u011fitim veren, kendi dil \u00f6rf adet ve k\u00fclt\u00fcr\u00fcn\u00fc \u00f6\u011freten \u00f6\u011fretmenleri tebrik etti.&nbsp;&nbsp;<\/p>\n<p>Tatar, K\u0131br\u0131s T\u00fcrk halk\u0131n\u0131n \u00e7ok zor y\u0131llar ge\u00e7irse de hi\u00e7bir zaman \u00fcmidini kaybetmeden devletine ula\u015ft\u0131\u011f\u0131n\u0131 belirtti.&nbsp;&nbsp;<\/p>\n<p>K\u0131br\u0131s T\u00fcrk halk\u0131n\u0131n T\u00fcrkiye Cumhuriyeti\u2019nin deste\u011fiyle K\u0131br\u0131s\u2019ta devlete, ba\u011f\u0131ms\u0131zl\u0131k ve h\u00fcrriyetine kavu\u015ftu\u011funu ifade eden Tatar, KKTC\u2019nin \u00fczerinde uygulanan ambargolar\u0131n kald\u0131r\u0131lmas\u0131 ve \u00f6zellikle garant\u00f6r \u00fclke \u0130ngiltere\u2019nin direkt u\u00e7u\u015flar dahil haks\u0131zl\u0131klar\u0131 ortadan kald\u0131rmas\u0131 gerekti\u011fini kaydetti.&nbsp;&nbsp;<\/p>\n<p>M\u00fccadeleyi sonuna kadar s\u00fcrd\u00fcr\u00fcp haks\u0131zl\u0131\u011f\u0131n kald\u0131r\u0131lmas\u0131 i\u00e7in temaslara devam edeceklerini belirten Tatar, K\u0131br\u0131s T\u00fcrk halk\u0131n\u0131n bir b\u00fct\u00fcn olarak m\u00fccadele vermesi halinde ba\u015far\u0131ya ula\u015f\u0131laca\u011f\u0131na vurgu yapt\u0131.&nbsp;&nbsp;<\/p>\n<p>Yurt d\u0131\u015f\u0131nda ya\u015fayan K\u0131br\u0131sl\u0131 T\u00fcrklerin t\u00fcm\u00fcn\u00fcn kalbinde vatan sevgisi oldu\u011funu vurgulayan Tatar, Londra T\u00fcrk Okullar\u0131nda \u00e7ocuklar\u0131n g\u00f6z\u00fcnde g\u00f6rd\u00fc\u011f\u00fc heyecandan dolay\u0131 duydu\u011fu memnuniyeti dile getirdi, KKTC\u2019ye her zaman hizmet edeceklerine inan\u00e7 belirtti.&nbsp;&nbsp;<\/p>\n<p>Aileleri ve okul y\u00f6netimlerini kutlayan Tatar, kendisinin de uluslararas\u0131 temaslar yapt\u0131\u011f\u0131n\u0131, KKTC\u2019nin tan\u0131n\u0131rl\u0131\u011f\u0131n\u0131,&nbsp; g\u00f6r\u00fcn\u00fcrl\u00fc\u011f\u00fcn\u00fc art\u0131rmak i\u00e7in \u00e7al\u0131\u015ft\u0131\u011f\u0131n\u0131 ve bu \u00e7al\u0131\u015fmalar\u0131n kabul g\u00f6rmeye ba\u015flad\u0131\u011f\u0131n\u0131 ifade etti, asla durmayacaklar\u0131n\u0131 s\u00f6yledi.&nbsp;&nbsp;<\/p>\n<p>Tatar, Londra\u2019da \u00f6rf ve adetlere, de\u011ferlere sahip \u00e7\u0131kan ailelere te\u015fekk\u00fcr etti, bir b\u00fct\u00fcn olarak K\u0131br\u0131s T\u00fcrk halk\u0131n\u0131 tek \u00e7at\u0131 alt\u0131nda toplayan KKTC i\u00e7in milli m\u00fccadeleyi s\u00fcrd\u00fcrmeye devam edeceklerini kaydetti.&nbsp;&nbsp;<\/p>\n<p>KKTC\u2019nin d\u00fcnyada hak etti\u011fi noktaya mutlaka gelece\u011fine vurgu yapan Tatar, yurt d\u0131\u015f\u0131nda ya\u015fayan K\u0131br\u0131s T\u00fcrk halk\u0131n\u0131n da bunda \u00f6neminin b\u00fcy\u00fck oldu\u011funu i\u015faret etti.&nbsp;&nbsp;<\/p>\n<p>Ayd\u0131nl\u0131k gelece\u011fe T\u00fcrkiye Cumhuriyeti devletinin de deste\u011fiyle mutlaka ula\u015facaklar\u0131n\u0131 belirten Tatar, \u201cGelecek bizimdir, gen\u00e7lerimizindir, Kuzey K\u0131br\u0131s T\u00fcrk Cumhuriyeti\u2019nindir\u201d dedi.&nbsp;&nbsp;<\/p>\n<p>Konu\u015fmalar\u0131n ard\u0131ndan \u00f6\u011frenciler mani at\u0131\u015fmas\u0131 yapt\u0131, oyunlar sundu, \u015fiirler okudu.&nbsp;&nbsp;<\/p>\n<p>Etkinlikte, 40. y\u0131l pastas\u0131 da kesildi, Cumhurba\u015fkan\u0131 Tatar ile b\u00fcy\u00fckel\u00e7ilere hediye takdim edildi, an\u0131 foto\u011fraf\u0131 \u00e7ekildi.&nbsp;<\/p>\n","protected":false},"excerpt":{"rendered":"<p>15 Kas\u0131m Cumhuriyet Bayram\u0131, Londra T\u00fcrk Okullar\u0131nda da kutlad\u0131.&nbsp; Cumhurba\u015fkan\u0131 Ersin Tatar, Londra\u2019da T\u00fcrk okullar\u0131n\u0131 ziyaret ederek, 15 Kas\u0131m Cumhuriyet Bayram\u0131 kutlamalar\u0131na kat\u0131ld\u0131.&nbsp;&nbsp; Cumhurba\u015fkan\u0131 Ersin Tatar, garant\u00f6r \u00fclke \u0130ngiltere\u2019yi; K\u0131br\u0131s T\u00fcrk halk\u0131na yapt\u0131\u011f\u0131 haks\u0131zl\u0131klara son vermeye, K\u0131br\u0131s T\u00fcrk halk\u0131n\u0131n hak ve hukukunu koruyarak, K\u0131br\u0131s siyasetini g\u00f6zden ge\u00e7irmeye ve direkt u\u00e7u\u015flar dahil di\u011fer t\u00fcm konularda K\u0131br\u0131s<\/p>\n","protected":false},"author":1,"featured_media":19261,"comment_status":"open","ping_status":"open","sticky":false,"template":"","format":"standard","meta":{"footnotes":""},"categories":[1],"tags":[],"class_list":["post-19260","post","type-post","status-publish","format-standard","has-post-thumbnail","hentry","category-gundem"],"yoast_head":"<!-- This site is optimized with the Yoast SEO plugin v27.5 - https:\/\/yoast.com\/product\/yoast-seo-wordpress\/ -->\n<title>KKTC\u2019nin 40. kurulu\u015f y\u0131l d\u00f6n\u00fcm\u00fc Londra T\u00fcrk Okullar\u0131nda da kutland\u0131 -<\/title>\n<meta name=\"robots\" content=\"index, follow, max-snippet:-1, max-image-preview:large, max-video-preview:-1\" \/>\n<link rel=\"canonical\" href=\"https:\/\/kibrisdakik.com\/?p=19260\" \/>\n<meta property=\"og:locale\" content=\"tr_TR\" \/>\n<meta property=\"og:type\" content=\"article\" \/>\n<meta property=\"og:title\" content=\"KKTC\u2019nin 40. kurulu\u015f y\u0131l d\u00f6n\u00fcm\u00fc Londra T\u00fcrk Okullar\u0131nda da kutland\u0131 -\" \/>\n<meta property=\"og:description\" content=\"15 Kas\u0131m Cumhuriyet Bayram\u0131, Londra T\u00fcrk Okullar\u0131nda da kutlad\u0131.&nbsp; Cumhurba\u015fkan\u0131 Ersin Tatar, Londra\u2019da T\u00fcrk okullar\u0131n\u0131 ziyaret ederek, 15 Kas\u0131m Cumhuriyet Bayram\u0131 kutlamalar\u0131na kat\u0131ld\u0131.&nbsp;&nbsp; Cumhurba\u015fkan\u0131 Ersin Tatar, garant\u00f6r \u00fclke \u0130ngiltere\u2019yi; K\u0131br\u0131s T\u00fcrk halk\u0131na yapt\u0131\u011f\u0131 haks\u0131zl\u0131klara son vermeye, K\u0131br\u0131s T\u00fcrk halk\u0131n\u0131n hak ve hukukunu koruyarak, K\u0131br\u0131s siyasetini g\u00f6zden ge\u00e7irmeye ve direkt u\u00e7u\u015flar dahil di\u011fer t\u00fcm konularda K\u0131br\u0131s\" \/>\n<meta property=\"og:url\" content=\"https:\/\/kibrisdakik.com\/?p=19260\" \/>\n<meta property=\"article:published_time\" content=\"2023-11-18T16:01:51+00:00\" \/>\n<meta property=\"og:image\" content=\"https:\/\/kibrisdakik.com\/wp-content\/uploads\/2023\/11\/kktcnin-40-kurulus-yil-donumu-londra-turk-okullarinda-da-kutlandi-1700322704.webp.webp\" \/>\n\t<meta property=\"og:image:width\" content=\"710\" \/>\n\t<meta property=\"og:image:height\" content=\"370\" \/>\n\t<meta property=\"og:image:type\" content=\"image\/webp\" \/>\n<meta name=\"author\" content=\"admin\" \/>\n<meta name=\"twitter:card\" content=\"summary_large_image\" \/>\n<meta name=\"twitter:label1\" content=\"Yazan:\" \/>\n\t<meta name=\"twitter:data1\" content=\"admin\" \/>\n\t<meta name=\"twitter:label2\" content=\"Tahmini okuma s\u00fcresi\" \/>\n\t<meta name=\"twitter:data2\" content=\"8 dakika\" \/>\n<script type=\"application\/ld+json\" class=\"yoast-schema-graph\">{\"@context\":\"https:\\\/\\\/schema.org\",\"@graph\":[{\"@type\":\"Article\",\"@id\":\"https:\\\/\\\/kibrisdakik.com\\\/?p=19260#article\",\"isPartOf\":{\"@id\":\"https:\\\/\\\/kibrisdakik.com\\\/?p=19260\"},\"author\":{\"name\":\"admin\",\"@id\":\"https:\\\/\\\/kibrisdakik.com\\\/#\\\/schema\\\/person\\\/9cd9d437bbb44f72b73ba127e06d8e79\"},\"headline\":\"KKTC\u2019nin 40. kurulu\u015f y\u0131l d\u00f6n\u00fcm\u00fc Londra T\u00fcrk Okullar\u0131nda da kutland\u0131\",\"datePublished\":\"2023-11-18T16:01:51+00:00\",\"mainEntityOfPage\":{\"@id\":\"https:\\\/\\\/kibrisdakik.com\\\/?p=19260\"},\"wordCount\":1647,\"commentCount\":0,\"image\":{\"@id\":\"https:\\\/\\\/kibrisdakik.com\\\/?p=19260#primaryimage\"},\"thumbnailUrl\":\"https:\\\/\\\/kibrisdakik.com\\\/wp-content\\\/uploads\\\/2023\\\/11\\\/kktcnin-40-kurulus-yil-donumu-londra-turk-okullarinda-da-kutlandi-1700322704.webp.webp\",\"articleSection\":[\"G\u00fcndem\"],\"inLanguage\":\"tr\",\"potentialAction\":[{\"@type\":\"CommentAction\",\"name\":\"Comment\",\"target\":[\"https:\\\/\\\/kibrisdakik.com\\\/?p=19260#respond\"]}]},{\"@type\":\"WebPage\",\"@id\":\"https:\\\/\\\/kibrisdakik.com\\\/?p=19260\",\"url\":\"https:\\\/\\\/kibrisdakik.com\\\/?p=19260\",\"name\":\"KKTC\u2019nin 40. kurulu\u015f y\u0131l d\u00f6n\u00fcm\u00fc Londra T\u00fcrk Okullar\u0131nda da kutland\u0131 -\",\"isPartOf\":{\"@id\":\"https:\\\/\\\/kibrisdakik.com\\\/#website\"},\"primaryImageOfPage\":{\"@id\":\"https:\\\/\\\/kibrisdakik.com\\\/?p=19260#primaryimage\"},\"image\":{\"@id\":\"https:\\\/\\\/kibrisdakik.com\\\/?p=19260#primaryimage\"},\"thumbnailUrl\":\"https:\\\/\\\/kibrisdakik.com\\\/wp-content\\\/uploads\\\/2023\\\/11\\\/kktcnin-40-kurulus-yil-donumu-londra-turk-okullarinda-da-kutlandi-1700322704.webp.webp\",\"datePublished\":\"2023-11-18T16:01:51+00:00\",\"author\":{\"@id\":\"https:\\\/\\\/kibrisdakik.com\\\/#\\\/schema\\\/person\\\/9cd9d437bbb44f72b73ba127e06d8e79\"},\"breadcrumb\":{\"@id\":\"https:\\\/\\\/kibrisdakik.com\\\/?p=19260#breadcrumb\"},\"inLanguage\":\"tr\",\"potentialAction\":[{\"@type\":\"ReadAction\",\"target\":[\"https:\\\/\\\/kibrisdakik.com\\\/?p=19260\"]}]},{\"@type\":\"ImageObject\",\"inLanguage\":\"tr\",\"@id\":\"https:\\\/\\\/kibrisdakik.com\\\/?p=19260#primaryimage\",\"url\":\"https:\\\/\\\/kibrisdakik.com\\\/wp-content\\\/uploads\\\/2023\\\/11\\\/kktcnin-40-kurulus-yil-donumu-londra-turk-okullarinda-da-kutlandi-1700322704.webp.webp\",\"contentUrl\":\"https:\\\/\\\/kibrisdakik.com\\\/wp-content\\\/uploads\\\/2023\\\/11\\\/kktcnin-40-kurulus-yil-donumu-londra-turk-okullarinda-da-kutlandi-1700322704.webp.webp\",\"width\":710,\"height\":370},{\"@type\":\"BreadcrumbList\",\"@id\":\"https:\\\/\\\/kibrisdakik.com\\\/?p=19260#breadcrumb\",\"itemListElement\":[{\"@type\":\"ListItem\",\"position\":1,\"name\":\"Home\",\"item\":\"https:\\\/\\\/kibrisdakik.com\\\/\"},{\"@type\":\"ListItem\",\"position\":2,\"name\":\"KKTC\u2019nin 40. kurulu\u015f y\u0131l d\u00f6n\u00fcm\u00fc Londra T\u00fcrk Okullar\u0131nda da kutland\u0131\"}]},{\"@type\":\"WebSite\",\"@id\":\"https:\\\/\\\/kibrisdakik.com\\\/#website\",\"url\":\"https:\\\/\\\/kibrisdakik.com\\\/\",\"name\":\"\",\"description\":\"Tam vaktinde haber\",\"potentialAction\":[{\"@type\":\"SearchAction\",\"target\":{\"@type\":\"EntryPoint\",\"urlTemplate\":\"https:\\\/\\\/kibrisdakik.com\\\/?s={search_term_string}\"},\"query-input\":{\"@type\":\"PropertyValueSpecification\",\"valueRequired\":true,\"valueName\":\"search_term_string\"}}],\"inLanguage\":\"tr\"},{\"@type\":\"Person\",\"@id\":\"https:\\\/\\\/kibrisdakik.com\\\/#\\\/schema\\\/person\\\/9cd9d437bbb44f72b73ba127e06d8e79\",\"name\":\"admin\",\"image\":{\"@type\":\"ImageObject\",\"inLanguage\":\"tr\",\"@id\":\"https:\\\/\\\/secure.gravatar.com\\\/avatar\\\/ccc17943b9d660506c869530f897617f7cb1c21a4bf30023f252596d83e1f007?s=96&d=mm&r=g\",\"url\":\"https:\\\/\\\/secure.gravatar.com\\\/avatar\\\/ccc17943b9d660506c869530f897617f7cb1c21a4bf30023f252596d83e1f007?s=96&d=mm&r=g\",\"contentUrl\":\"https:\\\/\\\/secure.gravatar.com\\\/avatar\\\/ccc17943b9d660506c869530f897617f7cb1c21a4bf30023f252596d83e1f007?s=96&d=mm&r=g\",\"caption\":\"admin\"},\"sameAs\":[\"https:\\\/\\\/kibrisdakik.com\"],\"url\":\"https:\\\/\\\/kibrisdakik.com\\\/?author=1\"}]}<\/script>\n<!-- \/ Yoast SEO plugin. -->","yoast_head_json":{"title":"KKTC\u2019nin 40. kurulu\u015f y\u0131l d\u00f6n\u00fcm\u00fc Londra T\u00fcrk Okullar\u0131nda da kutland\u0131 -","robots":{"index":"index","follow":"follow","max-snippet":"max-snippet:-1","max-image-preview":"max-image-preview:large","max-video-preview":"max-video-preview:-1"},"canonical":"https:\/\/kibrisdakik.com\/?p=19260","og_locale":"tr_TR","og_type":"article","og_title":"KKTC\u2019nin 40. kurulu\u015f y\u0131l d\u00f6n\u00fcm\u00fc Londra T\u00fcrk Okullar\u0131nda da kutland\u0131 -","og_description":"15 Kas\u0131m Cumhuriyet Bayram\u0131, Londra T\u00fcrk Okullar\u0131nda da kutlad\u0131.&nbsp; Cumhurba\u015fkan\u0131 Ersin Tatar, Londra\u2019da T\u00fcrk okullar\u0131n\u0131 ziyaret ederek, 15 Kas\u0131m Cumhuriyet Bayram\u0131 kutlamalar\u0131na kat\u0131ld\u0131.&nbsp;&nbsp; Cumhurba\u015fkan\u0131 Ersin Tatar, garant\u00f6r \u00fclke \u0130ngiltere\u2019yi; K\u0131br\u0131s T\u00fcrk halk\u0131na yapt\u0131\u011f\u0131 haks\u0131zl\u0131klara son vermeye, K\u0131br\u0131s T\u00fcrk halk\u0131n\u0131n hak ve hukukunu koruyarak, K\u0131br\u0131s siyasetini g\u00f6zden ge\u00e7irmeye ve direkt u\u00e7u\u015flar dahil di\u011fer t\u00fcm konularda K\u0131br\u0131s","og_url":"https:\/\/kibrisdakik.com\/?p=19260","article_published_time":"2023-11-18T16:01:51+00:00","og_image":[{"width":710,"height":370,"url":"https:\/\/kibrisdakik.com\/wp-content\/uploads\/2023\/11\/kktcnin-40-kurulus-yil-donumu-londra-turk-okullarinda-da-kutlandi-1700322704.webp.webp","type":"image\/webp"}],"author":"admin","twitter_card":"summary_large_image","twitter_misc":{"Yazan:":"admin","Tahmini okuma s\u00fcresi":"8 dakika"},"schema":{"@context":"https:\/\/schema.org","@graph":[{"@type":"Article","@id":"https:\/\/kibrisdakik.com\/?p=19260#article","isPartOf":{"@id":"https:\/\/kibrisdakik.com\/?p=19260"},"author":{"name":"admin","@id":"https:\/\/kibrisdakik.com\/#\/schema\/person\/9cd9d437bbb44f72b73ba127e06d8e79"},"headline":"KKTC\u2019nin 40. kurulu\u015f y\u0131l d\u00f6n\u00fcm\u00fc Londra T\u00fcrk Okullar\u0131nda da kutland\u0131","datePublished":"2023-11-18T16:01:51+00:00","mainEntityOfPage":{"@id":"https:\/\/kibrisdakik.com\/?p=19260"},"wordCount":1647,"commentCount":0,"image":{"@id":"https:\/\/kibrisdakik.com\/?p=19260#primaryimage"},"thumbnailUrl":"https:\/\/kibrisdakik.com\/wp-content\/uploads\/2023\/11\/kktcnin-40-kurulus-yil-donumu-londra-turk-okullarinda-da-kutlandi-1700322704.webp.webp","articleSection":["G\u00fcndem"],"inLanguage":"tr","potentialAction":[{"@type":"CommentAction","name":"Comment","target":["https:\/\/kibrisdakik.com\/?p=19260#respond"]}]},{"@type":"WebPage","@id":"https:\/\/kibrisdakik.com\/?p=19260","url":"https:\/\/kibrisdakik.com\/?p=19260","name":"KKTC\u2019nin 40. kurulu\u015f y\u0131l d\u00f6n\u00fcm\u00fc Londra T\u00fcrk Okullar\u0131nda da kutland\u0131 -","isPartOf":{"@id":"https:\/\/kibrisdakik.com\/#website"},"primaryImageOfPage":{"@id":"https:\/\/kibrisdakik.com\/?p=19260#primaryimage"},"image":{"@id":"https:\/\/kibrisdakik.com\/?p=19260#primaryimage"},"thumbnailUrl":"https:\/\/kibrisdakik.com\/wp-content\/uploads\/2023\/11\/kktcnin-40-kurulus-yil-donumu-londra-turk-okullarinda-da-kutlandi-1700322704.webp.webp","datePublished":"2023-11-18T16:01:51+00:00","author":{"@id":"https:\/\/kibrisdakik.com\/#\/schema\/person\/9cd9d437bbb44f72b73ba127e06d8e79"},"breadcrumb":{"@id":"https:\/\/kibrisdakik.com\/?p=19260#breadcrumb"},"inLanguage":"tr","potentialAction":[{"@type":"ReadAction","target":["https:\/\/kibrisdakik.com\/?p=19260"]}]},{"@type":"ImageObject","inLanguage":"tr","@id":"https:\/\/kibrisdakik.com\/?p=19260#primaryimage","url":"https:\/\/kibrisdakik.com\/wp-content\/uploads\/2023\/11\/kktcnin-40-kurulus-yil-donumu-londra-turk-okullarinda-da-kutlandi-1700322704.webp.webp","contentUrl":"https:\/\/kibrisdakik.com\/wp-content\/uploads\/2023\/11\/kktcnin-40-kurulus-yil-donumu-londra-turk-okullarinda-da-kutlandi-1700322704.webp.webp","width":710,"height":370},{"@type":"BreadcrumbList","@id":"https:\/\/kibrisdakik.com\/?p=19260#breadcrumb","itemListElement":[{"@type":"ListItem","position":1,"name":"Home","item":"https:\/\/kibrisdakik.com\/"},{"@type":"ListItem","position":2,"name":"KKTC\u2019nin 40. kurulu\u015f y\u0131l d\u00f6n\u00fcm\u00fc Londra T\u00fcrk Okullar\u0131nda da kutland\u0131"}]},{"@type":"WebSite","@id":"https:\/\/kibrisdakik.com\/#website","url":"https:\/\/kibrisdakik.com\/","name":"","description":"Tam vaktinde haber","potentialAction":[{"@type":"SearchAction","target":{"@type":"EntryPoint","urlTemplate":"https:\/\/kibrisdakik.com\/?s={search_term_string}"},"query-input":{"@type":"PropertyValueSpecification","valueRequired":true,"valueName":"search_term_string"}}],"inLanguage":"tr"},{"@type":"Person","@id":"https:\/\/kibrisdakik.com\/#\/schema\/person\/9cd9d437bbb44f72b73ba127e06d8e79","name":"admin","image":{"@type":"ImageObject","inLanguage":"tr","@id":"https:\/\/secure.gravatar.com\/avatar\/ccc17943b9d660506c869530f897617f7cb1c21a4bf30023f252596d83e1f007?s=96&d=mm&r=g","url":"https:\/\/secure.gravatar.com\/avatar\/ccc17943b9d660506c869530f897617f7cb1c21a4bf30023f252596d83e1f007?s=96&d=mm&r=g","contentUrl":"https:\/\/secure.gravatar.com\/avatar\/ccc17943b9d660506c869530f897617f7cb1c21a4bf30023f252596d83e1f007?s=96&d=mm&r=g","caption":"admin"},"sameAs":["https:\/\/kibrisdakik.com"],"url":"https:\/\/kibrisdakik.com\/?author=1"}]}},"_links":{"self":[{"href":"https:\/\/kibrisdakik.com\/index.php?rest_route=\/wp\/v2\/posts\/19260","targetHints":{"allow":["GET"]}}],"collection":[{"href":"https:\/\/kibrisdakik.com\/index.php?rest_route=\/wp\/v2\/posts"}],"about":[{"href":"https:\/\/kibrisdakik.com\/index.php?rest_route=\/wp\/v2\/types\/post"}],"author":[{"embeddable":true,"href":"https:\/\/kibrisdakik.com\/index.php?rest_route=\/wp\/v2\/users\/1"}],"replies":[{"embeddable":true,"href":"https:\/\/kibrisdakik.com\/index.php?rest_route=%2Fwp%2Fv2%2Fcomments&post=19260"}],"version-history":[{"count":0,"href":"https:\/\/kibrisdakik.com\/index.php?rest_route=\/wp\/v2\/posts\/19260\/revisions"}],"wp:featuredmedia":[{"embeddable":true,"href":"https:\/\/kibrisdakik.com\/index.php?rest_route=\/wp\/v2\/media\/19261"}],"wp:attachment":[{"href":"https:\/\/kibrisdakik.com\/index.php?rest_route=%2Fwp%2Fv2%2Fmedia&parent=19260"}],"wp:term":[{"taxonomy":"category","embeddable":true,"href":"https:\/\/kibrisdakik.com\/index.php?rest_route=%2Fwp%2Fv2%2Fcategories&post=19260"},{"taxonomy":"post_tag","embeddable":true,"href":"https:\/\/kibrisdakik.com\/index.php?rest_route=%2Fwp%2Fv2%2Ftags&post=19260"}],"curies":[{"name":"wp","href":"https:\/\/api.w.org\/{rel}","templated":true}]}}