{"id":19264,"date":"2023-11-18T16:38:55","date_gmt":"2023-11-18T16:38:55","guid":{"rendered":"https:\/\/kibrisdakik.com\/index.php\/2023\/11\/18\/kanal-t-bagimsiz-medya-grubuna-satildi\/"},"modified":"2023-11-18T16:38:55","modified_gmt":"2023-11-18T16:38:55","slug":"kanal-t-bagimsiz-medya-grubuna-satildi","status":"publish","type":"post","link":"https:\/\/kibrisdakik.com\/?p=19264","title":{"rendered":"Kanal T Ba\u011f\u0131ms\u0131z Medya Grubu\u2019na sat\u0131ld\u0131"},"content":{"rendered":"<p><img decoding=\"async\" src=\"https:\/\/www.kibristurk.com\/images\/haberler\/2023\/11\/kanal-t-bagimsiz-medya-grubuna-satildi-1700325044.webp\" \/><\/p>\n<p>\u00dclkemizin en eski ve en k\u00f6kl\u00fc televizyonu durumundaki Kanal T, bir s\u00fcre \u00f6nce Ba\u011f\u0131ms\u0131z Medya Grubu olarak ya\u015fam\u0131m\u0131za giren ve yat\u0131r\u0131m\u0131n\u0131 AKOL GROUP\u2019un yapt\u0131\u011f\u0131 kuruma sat\u0131ld\u0131.<\/p>\n<p>K\u0131sa bir s\u00fcre \u00f6nce \u00fclkemizde enerji yat\u0131r\u0131m\u0131 yapan AKSA, K\u0131br\u0131s Medya Grubu\u2019nu sat\u0131n alarak medyadaki ilk k\u00f6kl\u00fc de\u011fi\u015fime imza atm\u0131\u015ft\u0131.<\/p>\n<p>Kanal T, 1 Aral\u0131k tarihinden itibaren Ba\u011f\u0131ms\u0131z Medya Grubu kontrol\u00fcne ge\u00e7ecek.<\/p>\n<p>Genel yay\u0131n y\u00f6netmenli\u011fini deneyimli gazeteci Ali Baturay\u2019\u0131n yapt\u0131\u011f\u0131 Ba\u011f\u0131ms\u0131z, \u00fclkemizdeki en gen\u00e7 medya yat\u0131r\u0131m\u0131 olarak yoluna devam ediyor.<\/p>\n<p>Kanal T, bilindi\u011fi \u00fczere Cumhurba\u015fkan\u0131 Ersin Tatar taraf\u0131ndan kurulmu\u015f, uzun s\u00fcredir e\u015fi Sibel Tatar taraf\u0131ndan y\u00f6netiliyordu.<\/p>\n","protected":false},"excerpt":{"rendered":"<p>\u00dclkemizin en eski ve en k\u00f6kl\u00fc televizyonu durumundaki Kanal T, bir s\u00fcre \u00f6nce Ba\u011f\u0131ms\u0131z Medya Grubu olarak ya\u015fam\u0131m\u0131za giren ve yat\u0131r\u0131m\u0131n\u0131 AKOL GROUP\u2019un yapt\u0131\u011f\u0131 kuruma sat\u0131ld\u0131. K\u0131sa bir s\u00fcre \u00f6nce \u00fclkemizde enerji yat\u0131r\u0131m\u0131 yapan AKSA, K\u0131br\u0131s Medya Grubu\u2019nu sat\u0131n alarak medyadaki ilk k\u00f6kl\u00fc de\u011fi\u015fime imza atm\u0131\u015ft\u0131. Kanal T, 1 Aral\u0131k tarihinden itibaren Ba\u011f\u0131ms\u0131z Medya Grubu<\/p>\n","protected":false},"author":1,"featured_media":19265,"comment_status":"open","ping_status":"open","sticky":false,"template":"","format":"standard","meta":{"footnotes":""},"categories":[86],"tags":[],"class_list":["post-19264","post","type-post","status-publish","format-standard","has-post-thumbnail","hentry","category-turkiye"],"yoast_head":"<!-- This site is optimized with the Yoast SEO plugin v27.4 - https:\/\/yoast.com\/product\/yoast-seo-wordpress\/ -->\n<title>Kanal T Ba\u011f\u0131ms\u0131z Medya Grubu\u2019na sat\u0131ld\u0131 -<\/title>\n<meta name=\"robots\" content=\"index, follow, max-snippet:-1, max-image-preview:large, max-video-preview:-1\" \/>\n<link rel=\"canonical\" href=\"https:\/\/kibrisdakik.com\/?p=19264\" \/>\n<meta property=\"og:locale\" content=\"tr_TR\" \/>\n<meta property=\"og:type\" content=\"article\" \/>\n<meta property=\"og:title\" content=\"Kanal T Ba\u011f\u0131ms\u0131z Medya Grubu\u2019na sat\u0131ld\u0131 -\" \/>\n<meta property=\"og:description\" content=\"\u00dclkemizin en eski ve en k\u00f6kl\u00fc televizyonu durumundaki Kanal T, bir s\u00fcre \u00f6nce Ba\u011f\u0131ms\u0131z Medya Grubu olarak ya\u015fam\u0131m\u0131za giren ve yat\u0131r\u0131m\u0131n\u0131 AKOL GROUP\u2019un yapt\u0131\u011f\u0131 kuruma sat\u0131ld\u0131. K\u0131sa bir s\u00fcre \u00f6nce \u00fclkemizde enerji yat\u0131r\u0131m\u0131 yapan AKSA, K\u0131br\u0131s Medya Grubu\u2019nu sat\u0131n alarak medyadaki ilk k\u00f6kl\u00fc de\u011fi\u015fime imza atm\u0131\u015ft\u0131. Kanal T, 1 Aral\u0131k tarihinden itibaren Ba\u011f\u0131ms\u0131z Medya Grubu\" \/>\n<meta property=\"og:url\" content=\"https:\/\/kibrisdakik.com\/?p=19264\" \/>\n<meta property=\"article:published_time\" content=\"2023-11-18T16:38:55+00:00\" \/>\n<meta property=\"og:image\" content=\"https:\/\/kibrisdakik.com\/wp-content\/uploads\/2023\/11\/kanal-t-bagimsiz-medya-grubuna-satildi-1700325044.webp.webp\" \/>\n\t<meta property=\"og:image:width\" content=\"710\" \/>\n\t<meta property=\"og:image:height\" content=\"370\" \/>\n\t<meta property=\"og:image:type\" content=\"image\/webp\" \/>\n<meta name=\"author\" content=\"admin\" \/>\n<meta name=\"twitter:card\" content=\"summary_large_image\" \/>\n<meta name=\"twitter:label1\" content=\"Yazan:\" \/>\n\t<meta name=\"twitter:data1\" content=\"admin\" \/>\n\t<meta name=\"twitter:label2\" content=\"Tahmini okuma s\u00fcresi\" \/>\n\t<meta name=\"twitter:data2\" content=\"1 dakika\" \/>\n<script type=\"application\/ld+json\" class=\"yoast-schema-graph\">{\"@context\":\"https:\\\/\\\/schema.org\",\"@graph\":[{\"@type\":\"Article\",\"@id\":\"https:\\\/\\\/kibrisdakik.com\\\/?p=19264#article\",\"isPartOf\":{\"@id\":\"https:\\\/\\\/kibrisdakik.com\\\/?p=19264\"},\"author\":{\"name\":\"admin\",\"@id\":\"https:\\\/\\\/kibrisdakik.com\\\/#\\\/schema\\\/person\\\/9cd9d437bbb44f72b73ba127e06d8e79\"},\"headline\":\"Kanal T Ba\u011f\u0131ms\u0131z Medya Grubu\u2019na sat\u0131ld\u0131\",\"datePublished\":\"2023-11-18T16:38:55+00:00\",\"mainEntityOfPage\":{\"@id\":\"https:\\\/\\\/kibrisdakik.com\\\/?p=19264\"},\"wordCount\":144,\"commentCount\":0,\"image\":{\"@id\":\"https:\\\/\\\/kibrisdakik.com\\\/?p=19264#primaryimage\"},\"thumbnailUrl\":\"https:\\\/\\\/kibrisdakik.com\\\/wp-content\\\/uploads\\\/2023\\\/11\\\/kanal-t-bagimsiz-medya-grubuna-satildi-1700325044.webp.webp\",\"articleSection\":[\"T\u00fcrkiye\"],\"inLanguage\":\"tr\",\"potentialAction\":[{\"@type\":\"CommentAction\",\"name\":\"Comment\",\"target\":[\"https:\\\/\\\/kibrisdakik.com\\\/?p=19264#respond\"]}]},{\"@type\":\"WebPage\",\"@id\":\"https:\\\/\\\/kibrisdakik.com\\\/?p=19264\",\"url\":\"https:\\\/\\\/kibrisdakik.com\\\/?p=19264\",\"name\":\"Kanal T Ba\u011f\u0131ms\u0131z Medya Grubu\u2019na sat\u0131ld\u0131 -\",\"isPartOf\":{\"@id\":\"https:\\\/\\\/kibrisdakik.com\\\/#website\"},\"primaryImageOfPage\":{\"@id\":\"https:\\\/\\\/kibrisdakik.com\\\/?p=19264#primaryimage\"},\"image\":{\"@id\":\"https:\\\/\\\/kibrisdakik.com\\\/?p=19264#primaryimage\"},\"thumbnailUrl\":\"https:\\\/\\\/kibrisdakik.com\\\/wp-content\\\/uploads\\\/2023\\\/11\\\/kanal-t-bagimsiz-medya-grubuna-satildi-1700325044.webp.webp\",\"datePublished\":\"2023-11-18T16:38:55+00:00\",\"author\":{\"@id\":\"https:\\\/\\\/kibrisdakik.com\\\/#\\\/schema\\\/person\\\/9cd9d437bbb44f72b73ba127e06d8e79\"},\"breadcrumb\":{\"@id\":\"https:\\\/\\\/kibrisdakik.com\\\/?p=19264#breadcrumb\"},\"inLanguage\":\"tr\",\"potentialAction\":[{\"@type\":\"ReadAction\",\"target\":[\"https:\\\/\\\/kibrisdakik.com\\\/?p=19264\"]}]},{\"@type\":\"ImageObject\",\"inLanguage\":\"tr\",\"@id\":\"https:\\\/\\\/kibrisdakik.com\\\/?p=19264#primaryimage\",\"url\":\"https:\\\/\\\/kibrisdakik.com\\\/wp-content\\\/uploads\\\/2023\\\/11\\\/kanal-t-bagimsiz-medya-grubuna-satildi-1700325044.webp.webp\",\"contentUrl\":\"https:\\\/\\\/kibrisdakik.com\\\/wp-content\\\/uploads\\\/2023\\\/11\\\/kanal-t-bagimsiz-medya-grubuna-satildi-1700325044.webp.webp\",\"width\":710,\"height\":370},{\"@type\":\"BreadcrumbList\",\"@id\":\"https:\\\/\\\/kibrisdakik.com\\\/?p=19264#breadcrumb\",\"itemListElement\":[{\"@type\":\"ListItem\",\"position\":1,\"name\":\"Home\",\"item\":\"https:\\\/\\\/kibrisdakik.com\\\/\"},{\"@type\":\"ListItem\",\"position\":2,\"name\":\"Kanal T Ba\u011f\u0131ms\u0131z Medya Grubu\u2019na sat\u0131ld\u0131\"}]},{\"@type\":\"WebSite\",\"@id\":\"https:\\\/\\\/kibrisdakik.com\\\/#website\",\"url\":\"https:\\\/\\\/kibrisdakik.com\\\/\",\"name\":\"\",\"description\":\"Tam vaktinde haber\",\"potentialAction\":[{\"@type\":\"SearchAction\",\"target\":{\"@type\":\"EntryPoint\",\"urlTemplate\":\"https:\\\/\\\/kibrisdakik.com\\\/?s={search_term_string}\"},\"query-input\":{\"@type\":\"PropertyValueSpecification\",\"valueRequired\":true,\"valueName\":\"search_term_string\"}}],\"inLanguage\":\"tr\"},{\"@type\":\"Person\",\"@id\":\"https:\\\/\\\/kibrisdakik.com\\\/#\\\/schema\\\/person\\\/9cd9d437bbb44f72b73ba127e06d8e79\",\"name\":\"admin\",\"image\":{\"@type\":\"ImageObject\",\"inLanguage\":\"tr\",\"@id\":\"https:\\\/\\\/secure.gravatar.com\\\/avatar\\\/ccc17943b9d660506c869530f897617f7cb1c21a4bf30023f252596d83e1f007?s=96&d=mm&r=g\",\"url\":\"https:\\\/\\\/secure.gravatar.com\\\/avatar\\\/ccc17943b9d660506c869530f897617f7cb1c21a4bf30023f252596d83e1f007?s=96&d=mm&r=g\",\"contentUrl\":\"https:\\\/\\\/secure.gravatar.com\\\/avatar\\\/ccc17943b9d660506c869530f897617f7cb1c21a4bf30023f252596d83e1f007?s=96&d=mm&r=g\",\"caption\":\"admin\"},\"sameAs\":[\"https:\\\/\\\/kibrisdakik.com\"],\"url\":\"https:\\\/\\\/kibrisdakik.com\\\/?author=1\"}]}<\/script>\n<!-- \/ Yoast SEO plugin. -->","yoast_head_json":{"title":"Kanal T Ba\u011f\u0131ms\u0131z Medya Grubu\u2019na sat\u0131ld\u0131 -","robots":{"index":"index","follow":"follow","max-snippet":"max-snippet:-1","max-image-preview":"max-image-preview:large","max-video-preview":"max-video-preview:-1"},"canonical":"https:\/\/kibrisdakik.com\/?p=19264","og_locale":"tr_TR","og_type":"article","og_title":"Kanal T Ba\u011f\u0131ms\u0131z Medya Grubu\u2019na sat\u0131ld\u0131 -","og_description":"\u00dclkemizin en eski ve en k\u00f6kl\u00fc televizyonu durumundaki Kanal T, bir s\u00fcre \u00f6nce Ba\u011f\u0131ms\u0131z Medya Grubu olarak ya\u015fam\u0131m\u0131za giren ve yat\u0131r\u0131m\u0131n\u0131 AKOL GROUP\u2019un yapt\u0131\u011f\u0131 kuruma sat\u0131ld\u0131. K\u0131sa bir s\u00fcre \u00f6nce \u00fclkemizde enerji yat\u0131r\u0131m\u0131 yapan AKSA, K\u0131br\u0131s Medya Grubu\u2019nu sat\u0131n alarak medyadaki ilk k\u00f6kl\u00fc de\u011fi\u015fime imza atm\u0131\u015ft\u0131. Kanal T, 1 Aral\u0131k tarihinden itibaren Ba\u011f\u0131ms\u0131z Medya Grubu","og_url":"https:\/\/kibrisdakik.com\/?p=19264","article_published_time":"2023-11-18T16:38:55+00:00","og_image":[{"width":710,"height":370,"url":"https:\/\/kibrisdakik.com\/wp-content\/uploads\/2023\/11\/kanal-t-bagimsiz-medya-grubuna-satildi-1700325044.webp.webp","type":"image\/webp"}],"author":"admin","twitter_card":"summary_large_image","twitter_misc":{"Yazan:":"admin","Tahmini okuma s\u00fcresi":"1 dakika"},"schema":{"@context":"https:\/\/schema.org","@graph":[{"@type":"Article","@id":"https:\/\/kibrisdakik.com\/?p=19264#article","isPartOf":{"@id":"https:\/\/kibrisdakik.com\/?p=19264"},"author":{"name":"admin","@id":"https:\/\/kibrisdakik.com\/#\/schema\/person\/9cd9d437bbb44f72b73ba127e06d8e79"},"headline":"Kanal T Ba\u011f\u0131ms\u0131z Medya Grubu\u2019na sat\u0131ld\u0131","datePublished":"2023-11-18T16:38:55+00:00","mainEntityOfPage":{"@id":"https:\/\/kibrisdakik.com\/?p=19264"},"wordCount":144,"commentCount":0,"image":{"@id":"https:\/\/kibrisdakik.com\/?p=19264#primaryimage"},"thumbnailUrl":"https:\/\/kibrisdakik.com\/wp-content\/uploads\/2023\/11\/kanal-t-bagimsiz-medya-grubuna-satildi-1700325044.webp.webp","articleSection":["T\u00fcrkiye"],"inLanguage":"tr","potentialAction":[{"@type":"CommentAction","name":"Comment","target":["https:\/\/kibrisdakik.com\/?p=19264#respond"]}]},{"@type":"WebPage","@id":"https:\/\/kibrisdakik.com\/?p=19264","url":"https:\/\/kibrisdakik.com\/?p=19264","name":"Kanal T Ba\u011f\u0131ms\u0131z Medya Grubu\u2019na sat\u0131ld\u0131 -","isPartOf":{"@id":"https:\/\/kibrisdakik.com\/#website"},"primaryImageOfPage":{"@id":"https:\/\/kibrisdakik.com\/?p=19264#primaryimage"},"image":{"@id":"https:\/\/kibrisdakik.com\/?p=19264#primaryimage"},"thumbnailUrl":"https:\/\/kibrisdakik.com\/wp-content\/uploads\/2023\/11\/kanal-t-bagimsiz-medya-grubuna-satildi-1700325044.webp.webp","datePublished":"2023-11-18T16:38:55+00:00","author":{"@id":"https:\/\/kibrisdakik.com\/#\/schema\/person\/9cd9d437bbb44f72b73ba127e06d8e79"},"breadcrumb":{"@id":"https:\/\/kibrisdakik.com\/?p=19264#breadcrumb"},"inLanguage":"tr","potentialAction":[{"@type":"ReadAction","target":["https:\/\/kibrisdakik.com\/?p=19264"]}]},{"@type":"ImageObject","inLanguage":"tr","@id":"https:\/\/kibrisdakik.com\/?p=19264#primaryimage","url":"https:\/\/kibrisdakik.com\/wp-content\/uploads\/2023\/11\/kanal-t-bagimsiz-medya-grubuna-satildi-1700325044.webp.webp","contentUrl":"https:\/\/kibrisdakik.com\/wp-content\/uploads\/2023\/11\/kanal-t-bagimsiz-medya-grubuna-satildi-1700325044.webp.webp","width":710,"height":370},{"@type":"BreadcrumbList","@id":"https:\/\/kibrisdakik.com\/?p=19264#breadcrumb","itemListElement":[{"@type":"ListItem","position":1,"name":"Home","item":"https:\/\/kibrisdakik.com\/"},{"@type":"ListItem","position":2,"name":"Kanal T Ba\u011f\u0131ms\u0131z Medya Grubu\u2019na sat\u0131ld\u0131"}]},{"@type":"WebSite","@id":"https:\/\/kibrisdakik.com\/#website","url":"https:\/\/kibrisdakik.com\/","name":"","description":"Tam vaktinde haber","potentialAction":[{"@type":"SearchAction","target":{"@type":"EntryPoint","urlTemplate":"https:\/\/kibrisdakik.com\/?s={search_term_string}"},"query-input":{"@type":"PropertyValueSpecification","valueRequired":true,"valueName":"search_term_string"}}],"inLanguage":"tr"},{"@type":"Person","@id":"https:\/\/kibrisdakik.com\/#\/schema\/person\/9cd9d437bbb44f72b73ba127e06d8e79","name":"admin","image":{"@type":"ImageObject","inLanguage":"tr","@id":"https:\/\/secure.gravatar.com\/avatar\/ccc17943b9d660506c869530f897617f7cb1c21a4bf30023f252596d83e1f007?s=96&d=mm&r=g","url":"https:\/\/secure.gravatar.com\/avatar\/ccc17943b9d660506c869530f897617f7cb1c21a4bf30023f252596d83e1f007?s=96&d=mm&r=g","contentUrl":"https:\/\/secure.gravatar.com\/avatar\/ccc17943b9d660506c869530f897617f7cb1c21a4bf30023f252596d83e1f007?s=96&d=mm&r=g","caption":"admin"},"sameAs":["https:\/\/kibrisdakik.com"],"url":"https:\/\/kibrisdakik.com\/?author=1"}]}},"_links":{"self":[{"href":"https:\/\/kibrisdakik.com\/index.php?rest_route=\/wp\/v2\/posts\/19264","targetHints":{"allow":["GET"]}}],"collection":[{"href":"https:\/\/kibrisdakik.com\/index.php?rest_route=\/wp\/v2\/posts"}],"about":[{"href":"https:\/\/kibrisdakik.com\/index.php?rest_route=\/wp\/v2\/types\/post"}],"author":[{"embeddable":true,"href":"https:\/\/kibrisdakik.com\/index.php?rest_route=\/wp\/v2\/users\/1"}],"replies":[{"embeddable":true,"href":"https:\/\/kibrisdakik.com\/index.php?rest_route=%2Fwp%2Fv2%2Fcomments&post=19264"}],"version-history":[{"count":0,"href":"https:\/\/kibrisdakik.com\/index.php?rest_route=\/wp\/v2\/posts\/19264\/revisions"}],"wp:featuredmedia":[{"embeddable":true,"href":"https:\/\/kibrisdakik.com\/index.php?rest_route=\/wp\/v2\/media\/19265"}],"wp:attachment":[{"href":"https:\/\/kibrisdakik.com\/index.php?rest_route=%2Fwp%2Fv2%2Fmedia&parent=19264"}],"wp:term":[{"taxonomy":"category","embeddable":true,"href":"https:\/\/kibrisdakik.com\/index.php?rest_route=%2Fwp%2Fv2%2Fcategories&post=19264"},{"taxonomy":"post_tag","embeddable":true,"href":"https:\/\/kibrisdakik.com\/index.php?rest_route=%2Fwp%2Fv2%2Ftags&post=19264"}],"curies":[{"name":"wp","href":"https:\/\/api.w.org\/{rel}","templated":true}]}}