{"id":19279,"date":"2023-11-18T19:41:51","date_gmt":"2023-11-18T19:41:51","guid":{"rendered":"https:\/\/kibrisdakik.com\/index.php\/2023\/11\/18\/cumhurbaskani-tatar-guney-londrada-kibris-turk-toplumunun-onde-gelenleriyle-bir-araya-geldi\/"},"modified":"2023-11-18T19:41:51","modified_gmt":"2023-11-18T19:41:51","slug":"cumhurbaskani-tatar-guney-londrada-kibris-turk-toplumunun-onde-gelenleriyle-bir-araya-geldi","status":"publish","type":"post","link":"https:\/\/kibrisdakik.com\/?p=19279","title":{"rendered":"Cumhurba\u015fkan\u0131 Tatar, G\u00fcney Londra\u2019da K\u0131br\u0131s T\u00fcrk toplumunun \u00f6nde gelenleriyle bir araya geldi"},"content":{"rendered":"<p><img decoding=\"async\" src=\"https:\/\/www.kibristurk.com\/images\/haberler\/2023\/11\/cumhurbaskani-tatar-guney-londrada-kibris-turk-toplumunun-onde-gelenleriyle-bir-araya-geldi-1700333321.webp\" \/><\/p>\n<p>Cumhurba\u015fkan\u0131 Ersin Tatar, G\u00fcney Londra\u2019da K\u0131br\u0131s T\u00fcrk toplumunun \u00f6nde gelenleri ile bir araya geldi.&nbsp;&nbsp;<\/p>\n<p>K\u0131br\u0131sl\u0131 T\u00fcrk i\u015f insan\u0131 Eddie Ertan\u2019\u0131n ev sahipli\u011finde yer alan toplant\u0131da konu\u015fan Tatar, K\u0131br\u0131s T\u00fcrk halk\u0131n\u0131n bulundu\u011fu her yerde ba\u015far\u0131l\u0131 oldu\u011funa i\u015faret ederek, KKTC\u2019nin tan\u0131nmas\u0131 ve geli\u015fmesi i\u00e7in hep birlikte \u00e7al\u0131\u015fman\u0131n \u00f6nemine vurgu yapt\u0131.&nbsp;&nbsp;<\/p>\n<p>Tatar, K\u0131br\u0131s T\u00fcrk halk\u0131n\u0131n hi\u00e7 bir zaman pes etmedi\u011fini ve m\u00fccadeleden vazge\u00e7medi\u011fini belirterek, T\u00fcrkiye Cumhuriyeti\u2019nin deste\u011fiyle devleti geli\u015ftirmeye ve tan\u0131n\u0131rl\u0131\u011f\u0131n\u0131 art\u0131rmaya y\u00f6nelik \u00e7al\u0131\u015fmalar\u0131 s\u00fcrd\u00fcrd\u00fcklerini s\u00f6yledi.&nbsp;&nbsp;<\/p>\n<p>G\u00fcney Londra\u2019da K\u0131br\u0131s T\u00fcrk toplumunun \u00f6nde gelenleri ile bir araya gelmekten duydu\u011fu memnuniyeti dile getiren Tatar, Kuzey K\u0131br\u0131s T\u00fcrk Cumhuriyeti i\u00e7in omuz omuza \u00e7al\u0131\u015fmaya devam edeceklerini kaydetti.&nbsp;&nbsp;<\/p>\n<p>Ertan da, Cumhurba\u015fkan\u0131 Ersin Tatar\u2019\u0131n vizyonu ve liderli\u011fini kutlad\u0131\u011f\u0131 konu\u015fmas\u0131nda,&nbsp;&nbsp;&nbsp;<\/p>\n<p>Cumhurba\u015fkan\u0131 Ersin Tatar&#8217;\u0131n, bar\u0131\u015f, istikrar ve ilerlemeye olan ba\u011fl\u0131l\u0131\u011f\u0131 yan\u0131nda uluslararas\u0131 ili\u015fkileri g\u00fc\u00e7lendirme ve diyalo\u011fu te\u015fvik etme y\u00f6n\u00fcndeki kararl\u0131 \u00e7abalar\u0131n\u0131 taktir etti\u011fini s\u00f6yledi.&nbsp;&nbsp;<\/p>\n<p>Ertan, Tatar\u2019\u0131n, zorluklar ve belirsizlikler kar\u015f\u0131s\u0131nda kararl\u0131l\u0131\u011f\u0131 ve dayan\u0131kl\u0131l\u0131\u011f\u0131yla Kuzey K\u0131br\u0131s&#8217;a y\u00f6n veren, t\u00fcm vatanda\u015flara parlak ve m\u00fcreffeh bir gelecek sa\u011flamak i\u00e7in yorulmadan \u00e7al\u0131\u015fmaya devam etti\u011fini belirtti.&nbsp;&nbsp;<\/p>\n<p>Ertan, Cumhurba\u015fkan\u0131 Ersin Tatar&#8217;a, Kuzey K\u0131br\u0131s&#8217;\u0131n s\u00fcrd\u00fcr\u00fclebilir kalk\u0131nma, i\u015fbirli\u011fi ve bar\u0131\u015f \u00e7al\u0131\u015fmalar\u0131nda ba\u015far\u0131lar diledi.&nbsp;&nbsp;<\/p>\n<p>-Tatar TRT Haber&#8217;e konu\u015ftu&nbsp;&nbsp;<\/p>\n<p>Cumhurba\u015fkan\u0131 Ersin Tatar, Londra temaslar\u0131 \u00e7er\u00e7evesinde TRT Haber\u2019e de r\u00f6portaj verdi.&nbsp;&nbsp;&nbsp;<\/p>\n<p>Tatar, K\u0131br\u0131s T\u00fcrk taraf\u0131n\u0131n iki devlet zeminindeki yeni siyasetini anlatt\u0131, Londra temaslar\u0131 hakk\u0131nda bilgi verdi.&nbsp;<\/p>\n","protected":false},"excerpt":{"rendered":"<p>Cumhurba\u015fkan\u0131 Ersin Tatar, G\u00fcney Londra\u2019da K\u0131br\u0131s T\u00fcrk toplumunun \u00f6nde gelenleri ile bir araya geldi.&nbsp;&nbsp; K\u0131br\u0131sl\u0131 T\u00fcrk i\u015f insan\u0131 Eddie Ertan\u2019\u0131n ev sahipli\u011finde yer alan toplant\u0131da konu\u015fan Tatar, K\u0131br\u0131s T\u00fcrk halk\u0131n\u0131n bulundu\u011fu her yerde ba\u015far\u0131l\u0131 oldu\u011funa i\u015faret ederek, KKTC\u2019nin tan\u0131nmas\u0131 ve geli\u015fmesi i\u00e7in hep birlikte \u00e7al\u0131\u015fman\u0131n \u00f6nemine vurgu yapt\u0131.&nbsp;&nbsp; Tatar, K\u0131br\u0131s T\u00fcrk halk\u0131n\u0131n hi\u00e7 bir zaman<\/p>\n","protected":false},"author":1,"featured_media":19280,"comment_status":"open","ping_status":"open","sticky":false,"template":"","format":"standard","meta":{"footnotes":""},"categories":[86],"tags":[],"class_list":["post-19279","post","type-post","status-publish","format-standard","has-post-thumbnail","hentry","category-turkiye"],"yoast_head":"<!-- This site is optimized with the Yoast SEO plugin v27.4 - https:\/\/yoast.com\/product\/yoast-seo-wordpress\/ -->\n<title>Cumhurba\u015fkan\u0131 Tatar, G\u00fcney Londra\u2019da K\u0131br\u0131s T\u00fcrk toplumunun \u00f6nde gelenleriyle bir araya geldi -<\/title>\n<meta name=\"robots\" content=\"index, follow, max-snippet:-1, max-image-preview:large, max-video-preview:-1\" \/>\n<link rel=\"canonical\" href=\"https:\/\/kibrisdakik.com\/?p=19279\" \/>\n<meta property=\"og:locale\" content=\"tr_TR\" \/>\n<meta property=\"og:type\" content=\"article\" \/>\n<meta property=\"og:title\" content=\"Cumhurba\u015fkan\u0131 Tatar, G\u00fcney Londra\u2019da K\u0131br\u0131s T\u00fcrk toplumunun \u00f6nde gelenleriyle bir araya geldi -\" \/>\n<meta property=\"og:description\" content=\"Cumhurba\u015fkan\u0131 Ersin Tatar, G\u00fcney Londra\u2019da K\u0131br\u0131s T\u00fcrk toplumunun \u00f6nde gelenleri ile bir araya geldi.&nbsp;&nbsp; K\u0131br\u0131sl\u0131 T\u00fcrk i\u015f insan\u0131 Eddie Ertan\u2019\u0131n ev sahipli\u011finde yer alan toplant\u0131da konu\u015fan Tatar, K\u0131br\u0131s T\u00fcrk halk\u0131n\u0131n bulundu\u011fu her yerde ba\u015far\u0131l\u0131 oldu\u011funa i\u015faret ederek, KKTC\u2019nin tan\u0131nmas\u0131 ve geli\u015fmesi i\u00e7in hep birlikte \u00e7al\u0131\u015fman\u0131n \u00f6nemine vurgu yapt\u0131.&nbsp;&nbsp; Tatar, K\u0131br\u0131s T\u00fcrk halk\u0131n\u0131n hi\u00e7 bir zaman\" \/>\n<meta property=\"og:url\" content=\"https:\/\/kibrisdakik.com\/?p=19279\" \/>\n<meta property=\"article:published_time\" content=\"2023-11-18T19:41:51+00:00\" \/>\n<meta property=\"og:image\" content=\"https:\/\/kibrisdakik.com\/wp-content\/uploads\/2023\/11\/cumhurbaskani-tatar-guney-londrada-kibris-turk-toplumunun-onde-gelenleriyle-bir-araya-geldi-1700333321.webp.webp\" \/>\n\t<meta property=\"og:image:width\" content=\"710\" \/>\n\t<meta property=\"og:image:height\" content=\"370\" \/>\n\t<meta property=\"og:image:type\" content=\"image\/webp\" \/>\n<meta name=\"author\" content=\"admin\" \/>\n<meta name=\"twitter:card\" content=\"summary_large_image\" \/>\n<meta name=\"twitter:label1\" content=\"Yazan:\" \/>\n\t<meta name=\"twitter:data1\" content=\"admin\" \/>\n\t<meta name=\"twitter:label2\" content=\"Tahmini okuma s\u00fcresi\" \/>\n\t<meta name=\"twitter:data2\" content=\"2 dakika\" \/>\n<script type=\"application\/ld+json\" class=\"yoast-schema-graph\">{\"@context\":\"https:\\\/\\\/schema.org\",\"@graph\":[{\"@type\":\"Article\",\"@id\":\"https:\\\/\\\/kibrisdakik.com\\\/?p=19279#article\",\"isPartOf\":{\"@id\":\"https:\\\/\\\/kibrisdakik.com\\\/?p=19279\"},\"author\":{\"name\":\"admin\",\"@id\":\"https:\\\/\\\/kibrisdakik.com\\\/#\\\/schema\\\/person\\\/9cd9d437bbb44f72b73ba127e06d8e79\"},\"headline\":\"Cumhurba\u015fkan\u0131 Tatar, G\u00fcney Londra\u2019da K\u0131br\u0131s T\u00fcrk toplumunun \u00f6nde gelenleriyle bir araya geldi\",\"datePublished\":\"2023-11-18T19:41:51+00:00\",\"mainEntityOfPage\":{\"@id\":\"https:\\\/\\\/kibrisdakik.com\\\/?p=19279\"},\"wordCount\":369,\"commentCount\":0,\"image\":{\"@id\":\"https:\\\/\\\/kibrisdakik.com\\\/?p=19279#primaryimage\"},\"thumbnailUrl\":\"https:\\\/\\\/kibrisdakik.com\\\/wp-content\\\/uploads\\\/2023\\\/11\\\/cumhurbaskani-tatar-guney-londrada-kibris-turk-toplumunun-onde-gelenleriyle-bir-araya-geldi-1700333321.webp.webp\",\"articleSection\":[\"T\u00fcrkiye\"],\"inLanguage\":\"tr\",\"potentialAction\":[{\"@type\":\"CommentAction\",\"name\":\"Comment\",\"target\":[\"https:\\\/\\\/kibrisdakik.com\\\/?p=19279#respond\"]}]},{\"@type\":\"WebPage\",\"@id\":\"https:\\\/\\\/kibrisdakik.com\\\/?p=19279\",\"url\":\"https:\\\/\\\/kibrisdakik.com\\\/?p=19279\",\"name\":\"Cumhurba\u015fkan\u0131 Tatar, G\u00fcney Londra\u2019da K\u0131br\u0131s T\u00fcrk toplumunun \u00f6nde gelenleriyle bir araya geldi -\",\"isPartOf\":{\"@id\":\"https:\\\/\\\/kibrisdakik.com\\\/#website\"},\"primaryImageOfPage\":{\"@id\":\"https:\\\/\\\/kibrisdakik.com\\\/?p=19279#primaryimage\"},\"image\":{\"@id\":\"https:\\\/\\\/kibrisdakik.com\\\/?p=19279#primaryimage\"},\"thumbnailUrl\":\"https:\\\/\\\/kibrisdakik.com\\\/wp-content\\\/uploads\\\/2023\\\/11\\\/cumhurbaskani-tatar-guney-londrada-kibris-turk-toplumunun-onde-gelenleriyle-bir-araya-geldi-1700333321.webp.webp\",\"datePublished\":\"2023-11-18T19:41:51+00:00\",\"author\":{\"@id\":\"https:\\\/\\\/kibrisdakik.com\\\/#\\\/schema\\\/person\\\/9cd9d437bbb44f72b73ba127e06d8e79\"},\"breadcrumb\":{\"@id\":\"https:\\\/\\\/kibrisdakik.com\\\/?p=19279#breadcrumb\"},\"inLanguage\":\"tr\",\"potentialAction\":[{\"@type\":\"ReadAction\",\"target\":[\"https:\\\/\\\/kibrisdakik.com\\\/?p=19279\"]}]},{\"@type\":\"ImageObject\",\"inLanguage\":\"tr\",\"@id\":\"https:\\\/\\\/kibrisdakik.com\\\/?p=19279#primaryimage\",\"url\":\"https:\\\/\\\/kibrisdakik.com\\\/wp-content\\\/uploads\\\/2023\\\/11\\\/cumhurbaskani-tatar-guney-londrada-kibris-turk-toplumunun-onde-gelenleriyle-bir-araya-geldi-1700333321.webp.webp\",\"contentUrl\":\"https:\\\/\\\/kibrisdakik.com\\\/wp-content\\\/uploads\\\/2023\\\/11\\\/cumhurbaskani-tatar-guney-londrada-kibris-turk-toplumunun-onde-gelenleriyle-bir-araya-geldi-1700333321.webp.webp\",\"width\":710,\"height\":370},{\"@type\":\"BreadcrumbList\",\"@id\":\"https:\\\/\\\/kibrisdakik.com\\\/?p=19279#breadcrumb\",\"itemListElement\":[{\"@type\":\"ListItem\",\"position\":1,\"name\":\"Home\",\"item\":\"https:\\\/\\\/kibrisdakik.com\\\/\"},{\"@type\":\"ListItem\",\"position\":2,\"name\":\"Cumhurba\u015fkan\u0131 Tatar, G\u00fcney Londra\u2019da K\u0131br\u0131s T\u00fcrk toplumunun \u00f6nde gelenleriyle bir araya geldi\"}]},{\"@type\":\"WebSite\",\"@id\":\"https:\\\/\\\/kibrisdakik.com\\\/#website\",\"url\":\"https:\\\/\\\/kibrisdakik.com\\\/\",\"name\":\"\",\"description\":\"Tam vaktinde haber\",\"potentialAction\":[{\"@type\":\"SearchAction\",\"target\":{\"@type\":\"EntryPoint\",\"urlTemplate\":\"https:\\\/\\\/kibrisdakik.com\\\/?s={search_term_string}\"},\"query-input\":{\"@type\":\"PropertyValueSpecification\",\"valueRequired\":true,\"valueName\":\"search_term_string\"}}],\"inLanguage\":\"tr\"},{\"@type\":\"Person\",\"@id\":\"https:\\\/\\\/kibrisdakik.com\\\/#\\\/schema\\\/person\\\/9cd9d437bbb44f72b73ba127e06d8e79\",\"name\":\"admin\",\"image\":{\"@type\":\"ImageObject\",\"inLanguage\":\"tr\",\"@id\":\"https:\\\/\\\/secure.gravatar.com\\\/avatar\\\/ccc17943b9d660506c869530f897617f7cb1c21a4bf30023f252596d83e1f007?s=96&d=mm&r=g\",\"url\":\"https:\\\/\\\/secure.gravatar.com\\\/avatar\\\/ccc17943b9d660506c869530f897617f7cb1c21a4bf30023f252596d83e1f007?s=96&d=mm&r=g\",\"contentUrl\":\"https:\\\/\\\/secure.gravatar.com\\\/avatar\\\/ccc17943b9d660506c869530f897617f7cb1c21a4bf30023f252596d83e1f007?s=96&d=mm&r=g\",\"caption\":\"admin\"},\"sameAs\":[\"https:\\\/\\\/kibrisdakik.com\"],\"url\":\"https:\\\/\\\/kibrisdakik.com\\\/?author=1\"}]}<\/script>\n<!-- \/ Yoast SEO plugin. -->","yoast_head_json":{"title":"Cumhurba\u015fkan\u0131 Tatar, G\u00fcney Londra\u2019da K\u0131br\u0131s T\u00fcrk toplumunun \u00f6nde gelenleriyle bir araya geldi -","robots":{"index":"index","follow":"follow","max-snippet":"max-snippet:-1","max-image-preview":"max-image-preview:large","max-video-preview":"max-video-preview:-1"},"canonical":"https:\/\/kibrisdakik.com\/?p=19279","og_locale":"tr_TR","og_type":"article","og_title":"Cumhurba\u015fkan\u0131 Tatar, G\u00fcney Londra\u2019da K\u0131br\u0131s T\u00fcrk toplumunun \u00f6nde gelenleriyle bir araya geldi -","og_description":"Cumhurba\u015fkan\u0131 Ersin Tatar, G\u00fcney Londra\u2019da K\u0131br\u0131s T\u00fcrk toplumunun \u00f6nde gelenleri ile bir araya geldi.&nbsp;&nbsp; K\u0131br\u0131sl\u0131 T\u00fcrk i\u015f insan\u0131 Eddie Ertan\u2019\u0131n ev sahipli\u011finde yer alan toplant\u0131da konu\u015fan Tatar, K\u0131br\u0131s T\u00fcrk halk\u0131n\u0131n bulundu\u011fu her yerde ba\u015far\u0131l\u0131 oldu\u011funa i\u015faret ederek, KKTC\u2019nin tan\u0131nmas\u0131 ve geli\u015fmesi i\u00e7in hep birlikte \u00e7al\u0131\u015fman\u0131n \u00f6nemine vurgu yapt\u0131.&nbsp;&nbsp; Tatar, K\u0131br\u0131s T\u00fcrk halk\u0131n\u0131n hi\u00e7 bir zaman","og_url":"https:\/\/kibrisdakik.com\/?p=19279","article_published_time":"2023-11-18T19:41:51+00:00","og_image":[{"width":710,"height":370,"url":"https:\/\/kibrisdakik.com\/wp-content\/uploads\/2023\/11\/cumhurbaskani-tatar-guney-londrada-kibris-turk-toplumunun-onde-gelenleriyle-bir-araya-geldi-1700333321.webp.webp","type":"image\/webp"}],"author":"admin","twitter_card":"summary_large_image","twitter_misc":{"Yazan:":"admin","Tahmini okuma s\u00fcresi":"2 dakika"},"schema":{"@context":"https:\/\/schema.org","@graph":[{"@type":"Article","@id":"https:\/\/kibrisdakik.com\/?p=19279#article","isPartOf":{"@id":"https:\/\/kibrisdakik.com\/?p=19279"},"author":{"name":"admin","@id":"https:\/\/kibrisdakik.com\/#\/schema\/person\/9cd9d437bbb44f72b73ba127e06d8e79"},"headline":"Cumhurba\u015fkan\u0131 Tatar, G\u00fcney Londra\u2019da K\u0131br\u0131s T\u00fcrk toplumunun \u00f6nde gelenleriyle bir araya geldi","datePublished":"2023-11-18T19:41:51+00:00","mainEntityOfPage":{"@id":"https:\/\/kibrisdakik.com\/?p=19279"},"wordCount":369,"commentCount":0,"image":{"@id":"https:\/\/kibrisdakik.com\/?p=19279#primaryimage"},"thumbnailUrl":"https:\/\/kibrisdakik.com\/wp-content\/uploads\/2023\/11\/cumhurbaskani-tatar-guney-londrada-kibris-turk-toplumunun-onde-gelenleriyle-bir-araya-geldi-1700333321.webp.webp","articleSection":["T\u00fcrkiye"],"inLanguage":"tr","potentialAction":[{"@type":"CommentAction","name":"Comment","target":["https:\/\/kibrisdakik.com\/?p=19279#respond"]}]},{"@type":"WebPage","@id":"https:\/\/kibrisdakik.com\/?p=19279","url":"https:\/\/kibrisdakik.com\/?p=19279","name":"Cumhurba\u015fkan\u0131 Tatar, G\u00fcney Londra\u2019da K\u0131br\u0131s T\u00fcrk toplumunun \u00f6nde gelenleriyle bir araya geldi -","isPartOf":{"@id":"https:\/\/kibrisdakik.com\/#website"},"primaryImageOfPage":{"@id":"https:\/\/kibrisdakik.com\/?p=19279#primaryimage"},"image":{"@id":"https:\/\/kibrisdakik.com\/?p=19279#primaryimage"},"thumbnailUrl":"https:\/\/kibrisdakik.com\/wp-content\/uploads\/2023\/11\/cumhurbaskani-tatar-guney-londrada-kibris-turk-toplumunun-onde-gelenleriyle-bir-araya-geldi-1700333321.webp.webp","datePublished":"2023-11-18T19:41:51+00:00","author":{"@id":"https:\/\/kibrisdakik.com\/#\/schema\/person\/9cd9d437bbb44f72b73ba127e06d8e79"},"breadcrumb":{"@id":"https:\/\/kibrisdakik.com\/?p=19279#breadcrumb"},"inLanguage":"tr","potentialAction":[{"@type":"ReadAction","target":["https:\/\/kibrisdakik.com\/?p=19279"]}]},{"@type":"ImageObject","inLanguage":"tr","@id":"https:\/\/kibrisdakik.com\/?p=19279#primaryimage","url":"https:\/\/kibrisdakik.com\/wp-content\/uploads\/2023\/11\/cumhurbaskani-tatar-guney-londrada-kibris-turk-toplumunun-onde-gelenleriyle-bir-araya-geldi-1700333321.webp.webp","contentUrl":"https:\/\/kibrisdakik.com\/wp-content\/uploads\/2023\/11\/cumhurbaskani-tatar-guney-londrada-kibris-turk-toplumunun-onde-gelenleriyle-bir-araya-geldi-1700333321.webp.webp","width":710,"height":370},{"@type":"BreadcrumbList","@id":"https:\/\/kibrisdakik.com\/?p=19279#breadcrumb","itemListElement":[{"@type":"ListItem","position":1,"name":"Home","item":"https:\/\/kibrisdakik.com\/"},{"@type":"ListItem","position":2,"name":"Cumhurba\u015fkan\u0131 Tatar, G\u00fcney Londra\u2019da K\u0131br\u0131s T\u00fcrk toplumunun \u00f6nde gelenleriyle bir araya geldi"}]},{"@type":"WebSite","@id":"https:\/\/kibrisdakik.com\/#website","url":"https:\/\/kibrisdakik.com\/","name":"","description":"Tam vaktinde haber","potentialAction":[{"@type":"SearchAction","target":{"@type":"EntryPoint","urlTemplate":"https:\/\/kibrisdakik.com\/?s={search_term_string}"},"query-input":{"@type":"PropertyValueSpecification","valueRequired":true,"valueName":"search_term_string"}}],"inLanguage":"tr"},{"@type":"Person","@id":"https:\/\/kibrisdakik.com\/#\/schema\/person\/9cd9d437bbb44f72b73ba127e06d8e79","name":"admin","image":{"@type":"ImageObject","inLanguage":"tr","@id":"https:\/\/secure.gravatar.com\/avatar\/ccc17943b9d660506c869530f897617f7cb1c21a4bf30023f252596d83e1f007?s=96&d=mm&r=g","url":"https:\/\/secure.gravatar.com\/avatar\/ccc17943b9d660506c869530f897617f7cb1c21a4bf30023f252596d83e1f007?s=96&d=mm&r=g","contentUrl":"https:\/\/secure.gravatar.com\/avatar\/ccc17943b9d660506c869530f897617f7cb1c21a4bf30023f252596d83e1f007?s=96&d=mm&r=g","caption":"admin"},"sameAs":["https:\/\/kibrisdakik.com"],"url":"https:\/\/kibrisdakik.com\/?author=1"}]}},"_links":{"self":[{"href":"https:\/\/kibrisdakik.com\/index.php?rest_route=\/wp\/v2\/posts\/19279","targetHints":{"allow":["GET"]}}],"collection":[{"href":"https:\/\/kibrisdakik.com\/index.php?rest_route=\/wp\/v2\/posts"}],"about":[{"href":"https:\/\/kibrisdakik.com\/index.php?rest_route=\/wp\/v2\/types\/post"}],"author":[{"embeddable":true,"href":"https:\/\/kibrisdakik.com\/index.php?rest_route=\/wp\/v2\/users\/1"}],"replies":[{"embeddable":true,"href":"https:\/\/kibrisdakik.com\/index.php?rest_route=%2Fwp%2Fv2%2Fcomments&post=19279"}],"version-history":[{"count":0,"href":"https:\/\/kibrisdakik.com\/index.php?rest_route=\/wp\/v2\/posts\/19279\/revisions"}],"wp:featuredmedia":[{"embeddable":true,"href":"https:\/\/kibrisdakik.com\/index.php?rest_route=\/wp\/v2\/media\/19280"}],"wp:attachment":[{"href":"https:\/\/kibrisdakik.com\/index.php?rest_route=%2Fwp%2Fv2%2Fmedia&parent=19279"}],"wp:term":[{"taxonomy":"category","embeddable":true,"href":"https:\/\/kibrisdakik.com\/index.php?rest_route=%2Fwp%2Fv2%2Fcategories&post=19279"},{"taxonomy":"post_tag","embeddable":true,"href":"https:\/\/kibrisdakik.com\/index.php?rest_route=%2Fwp%2Fv2%2Ftags&post=19279"}],"curies":[{"name":"wp","href":"https:\/\/api.w.org\/{rel}","templated":true}]}}