{"id":19295,"date":"2023-11-19T11:08:19","date_gmt":"2023-11-19T11:08:19","guid":{"rendered":"https:\/\/kibrisdakik.com\/index.php\/2023\/11\/19\/gazimagusa-lefkosa-ve-minarelikoyde-yangin\/"},"modified":"2023-11-19T11:08:19","modified_gmt":"2023-11-19T11:08:19","slug":"gazimagusa-lefkosa-ve-minarelikoyde-yangin","status":"publish","type":"post","link":"https:\/\/kibrisdakik.com\/?p=19295","title":{"rendered":"Gazima\u011fusa, Lefko\u015fa ve Minarelik\u00f6y\u2019de yang\u0131n"},"content":{"rendered":"<p><img decoding=\"async\" src=\"https:\/\/www.kibristurk.com\/images\/haberler\/2023\/11\/gazimagusa-lefkosa-ve-minarelikoyde-yangin-1700390528.webp\" \/><\/p>\n<p style=\"text-align:left\"><span style=\"font-size:14px\"><span style=\"font-family:Arial,Helvetica,sans-serif\"><span style=\"color:#000000\"><span style=\"background-color:#ffffff\">Gazima\u011fusa\u2019da bu sabah 4.40 s\u0131ralar\u0131nda, Cahit S\u0131tk\u0131 Taranc\u0131 Sokak \u00fczerindeki bir binan\u0131n birinci kat\u0131ndaki dairede, buzdolab\u0131n\u0131n k\u0131sa devre yapmas\u0131 sonucu yang\u0131n \u00e7\u0131kt\u0131. Dairede bulunan Hasan \u015eahan (E-27), yang\u0131ndan dolay\u0131 7 metre y\u00fckseklikteki ikametgah\u0131n penceresinden atlad\u0131. Gazima\u011fusa Devlet Hastanesinde kald\u0131r\u0131lan \u015eahan\u2019\u0131n her iki aya\u011f\u0131nda k\u0131r\u0131k tespit edildi. \u0130tfaiye ekipleri taraf\u0131ndan s\u00f6nd\u00fcr\u00fclen yang\u0131n\u0131n baz\u0131 e\u015fyalar zarar verdi\u011fi tespit edildi.<\/span><\/span><\/span><\/span><\/p>\n<p style=\"text-align:left\"><span style=\"font-size:14px\"><span style=\"font-family:Arial,Helvetica,sans-serif\"><span style=\"color:#000000\"><span style=\"background-color:#ffffff\">Minarelik\u00f6y\u2019de \u015fiddetli r\u00fczgar nedeniyle, a\u011fa\u00e7 dallar\u0131n\u0131n \u00e7arpt\u0131\u011f\u0131 elektrik tellerinin kopmas\u0131, kopan elektrik tellerinin bir ikametgah\u0131n bah\u00e7e demir korkuluklar\u0131 \u00fczerine d\u00fc\u015fmesi sonucu yang\u0131n \u00e7\u0131kt\u0131. Yang\u0131n itfaiye ekipleri taraf\u0131ndan s\u00f6nd\u00fcr\u00fcld\u00fc. Yang\u0131nda bir klima d\u0131\u015f \u00fcnitesi k\u0131smen zarar g\u00f6rd\u00fc.<\/span><\/span><\/span><\/span><\/p>\n<p style=\"text-align:left\"><span style=\"font-size:14px\"><span style=\"font-family:Arial,Helvetica,sans-serif\"><span style=\"color:#000000\"><span style=\"background-color:#ffffff\">Lefko\u015fa\u2019n\u0131n Metehan b\u00f6lgesindeki sosyal konutlar\u0131n park alan\u0131nda park halindeki JR 890 plakal\u0131 salon ara\u00e7ta, bu sabah saatlerinde elektrikli kap\u0131 cam\u0131 a\u00e7ma kontrol d\u00fc\u011fmelerinin k\u0131sa devre yapmas\u0131 sonucu yang\u0131n \u00e7\u0131kt\u0131. Yang\u0131n itfaiye ekipleri taraf\u0131ndan s\u00f6nd\u00fcr\u00fcld\u00fc. \u00c7\u0131kan yang\u0131nda arac\u0131n k\u0131smen zarar g\u00f6rd\u00fc\u011f\u00fc belirtildi.<\/span><\/span><\/span><\/span><\/p>\n","protected":false},"excerpt":{"rendered":"<p>Gazima\u011fusa\u2019da bu sabah 4.40 s\u0131ralar\u0131nda, Cahit S\u0131tk\u0131 Taranc\u0131 Sokak \u00fczerindeki bir binan\u0131n birinci kat\u0131ndaki dairede, buzdolab\u0131n\u0131n k\u0131sa devre yapmas\u0131 sonucu yang\u0131n \u00e7\u0131kt\u0131. Dairede bulunan Hasan \u015eahan (E-27), yang\u0131ndan dolay\u0131 7 metre y\u00fckseklikteki ikametgah\u0131n penceresinden atlad\u0131. Gazima\u011fusa Devlet Hastanesinde kald\u0131r\u0131lan \u015eahan\u2019\u0131n her iki aya\u011f\u0131nda k\u0131r\u0131k tespit edildi. \u0130tfaiye ekipleri taraf\u0131ndan s\u00f6nd\u00fcr\u00fclen yang\u0131n\u0131n baz\u0131 e\u015fyalar zarar verdi\u011fi<\/p>\n","protected":false},"author":1,"featured_media":19296,"comment_status":"open","ping_status":"open","sticky":false,"template":"","format":"standard","meta":{"footnotes":""},"categories":[1],"tags":[],"class_list":["post-19295","post","type-post","status-publish","format-standard","has-post-thumbnail","hentry","category-gundem"],"yoast_head":"<!-- This site is optimized with the Yoast SEO plugin v27.4 - https:\/\/yoast.com\/product\/yoast-seo-wordpress\/ -->\n<title>Gazima\u011fusa, Lefko\u015fa ve Minarelik\u00f6y\u2019de yang\u0131n -<\/title>\n<meta name=\"robots\" content=\"index, follow, max-snippet:-1, max-image-preview:large, max-video-preview:-1\" \/>\n<link rel=\"canonical\" href=\"https:\/\/kibrisdakik.com\/?p=19295\" \/>\n<meta property=\"og:locale\" content=\"tr_TR\" \/>\n<meta property=\"og:type\" content=\"article\" \/>\n<meta property=\"og:title\" content=\"Gazima\u011fusa, Lefko\u015fa ve Minarelik\u00f6y\u2019de yang\u0131n -\" \/>\n<meta property=\"og:description\" content=\"Gazima\u011fusa\u2019da bu sabah 4.40 s\u0131ralar\u0131nda, Cahit S\u0131tk\u0131 Taranc\u0131 Sokak \u00fczerindeki bir binan\u0131n birinci kat\u0131ndaki dairede, buzdolab\u0131n\u0131n k\u0131sa devre yapmas\u0131 sonucu yang\u0131n \u00e7\u0131kt\u0131. Dairede bulunan Hasan \u015eahan (E-27), yang\u0131ndan dolay\u0131 7 metre y\u00fckseklikteki ikametgah\u0131n penceresinden atlad\u0131. Gazima\u011fusa Devlet Hastanesinde kald\u0131r\u0131lan \u015eahan\u2019\u0131n her iki aya\u011f\u0131nda k\u0131r\u0131k tespit edildi. \u0130tfaiye ekipleri taraf\u0131ndan s\u00f6nd\u00fcr\u00fclen yang\u0131n\u0131n baz\u0131 e\u015fyalar zarar verdi\u011fi\" \/>\n<meta property=\"og:url\" content=\"https:\/\/kibrisdakik.com\/?p=19295\" \/>\n<meta property=\"article:published_time\" content=\"2023-11-19T11:08:19+00:00\" \/>\n<meta property=\"og:image\" content=\"https:\/\/kibrisdakik.com\/wp-content\/uploads\/2023\/11\/gazimagusa-lefkosa-ve-minarelikoyde-yangin-1700390528.webp.webp\" \/>\n\t<meta property=\"og:image:width\" content=\"710\" \/>\n\t<meta property=\"og:image:height\" content=\"370\" \/>\n\t<meta property=\"og:image:type\" content=\"image\/webp\" \/>\n<meta name=\"author\" content=\"admin\" \/>\n<meta name=\"twitter:card\" content=\"summary_large_image\" \/>\n<meta name=\"twitter:label1\" content=\"Yazan:\" \/>\n\t<meta name=\"twitter:data1\" content=\"admin\" \/>\n\t<meta name=\"twitter:label2\" content=\"Tahmini okuma s\u00fcresi\" \/>\n\t<meta name=\"twitter:data2\" content=\"1 dakika\" \/>\n<script type=\"application\/ld+json\" class=\"yoast-schema-graph\">{\"@context\":\"https:\\\/\\\/schema.org\",\"@graph\":[{\"@type\":\"Article\",\"@id\":\"https:\\\/\\\/kibrisdakik.com\\\/?p=19295#article\",\"isPartOf\":{\"@id\":\"https:\\\/\\\/kibrisdakik.com\\\/?p=19295\"},\"author\":{\"name\":\"admin\",\"@id\":\"https:\\\/\\\/kibrisdakik.com\\\/#\\\/schema\\\/person\\\/9cd9d437bbb44f72b73ba127e06d8e79\"},\"headline\":\"Gazima\u011fusa, Lefko\u015fa ve Minarelik\u00f6y\u2019de yang\u0131n\",\"datePublished\":\"2023-11-19T11:08:19+00:00\",\"mainEntityOfPage\":{\"@id\":\"https:\\\/\\\/kibrisdakik.com\\\/?p=19295\"},\"wordCount\":208,\"commentCount\":0,\"image\":{\"@id\":\"https:\\\/\\\/kibrisdakik.com\\\/?p=19295#primaryimage\"},\"thumbnailUrl\":\"https:\\\/\\\/kibrisdakik.com\\\/wp-content\\\/uploads\\\/2023\\\/11\\\/gazimagusa-lefkosa-ve-minarelikoyde-yangin-1700390528.webp.webp\",\"articleSection\":[\"G\u00fcndem\"],\"inLanguage\":\"tr\",\"potentialAction\":[{\"@type\":\"CommentAction\",\"name\":\"Comment\",\"target\":[\"https:\\\/\\\/kibrisdakik.com\\\/?p=19295#respond\"]}]},{\"@type\":\"WebPage\",\"@id\":\"https:\\\/\\\/kibrisdakik.com\\\/?p=19295\",\"url\":\"https:\\\/\\\/kibrisdakik.com\\\/?p=19295\",\"name\":\"Gazima\u011fusa, Lefko\u015fa ve Minarelik\u00f6y\u2019de yang\u0131n -\",\"isPartOf\":{\"@id\":\"https:\\\/\\\/kibrisdakik.com\\\/#website\"},\"primaryImageOfPage\":{\"@id\":\"https:\\\/\\\/kibrisdakik.com\\\/?p=19295#primaryimage\"},\"image\":{\"@id\":\"https:\\\/\\\/kibrisdakik.com\\\/?p=19295#primaryimage\"},\"thumbnailUrl\":\"https:\\\/\\\/kibrisdakik.com\\\/wp-content\\\/uploads\\\/2023\\\/11\\\/gazimagusa-lefkosa-ve-minarelikoyde-yangin-1700390528.webp.webp\",\"datePublished\":\"2023-11-19T11:08:19+00:00\",\"author\":{\"@id\":\"https:\\\/\\\/kibrisdakik.com\\\/#\\\/schema\\\/person\\\/9cd9d437bbb44f72b73ba127e06d8e79\"},\"breadcrumb\":{\"@id\":\"https:\\\/\\\/kibrisdakik.com\\\/?p=19295#breadcrumb\"},\"inLanguage\":\"tr\",\"potentialAction\":[{\"@type\":\"ReadAction\",\"target\":[\"https:\\\/\\\/kibrisdakik.com\\\/?p=19295\"]}]},{\"@type\":\"ImageObject\",\"inLanguage\":\"tr\",\"@id\":\"https:\\\/\\\/kibrisdakik.com\\\/?p=19295#primaryimage\",\"url\":\"https:\\\/\\\/kibrisdakik.com\\\/wp-content\\\/uploads\\\/2023\\\/11\\\/gazimagusa-lefkosa-ve-minarelikoyde-yangin-1700390528.webp.webp\",\"contentUrl\":\"https:\\\/\\\/kibrisdakik.com\\\/wp-content\\\/uploads\\\/2023\\\/11\\\/gazimagusa-lefkosa-ve-minarelikoyde-yangin-1700390528.webp.webp\",\"width\":710,\"height\":370},{\"@type\":\"BreadcrumbList\",\"@id\":\"https:\\\/\\\/kibrisdakik.com\\\/?p=19295#breadcrumb\",\"itemListElement\":[{\"@type\":\"ListItem\",\"position\":1,\"name\":\"Home\",\"item\":\"https:\\\/\\\/kibrisdakik.com\\\/\"},{\"@type\":\"ListItem\",\"position\":2,\"name\":\"Gazima\u011fusa, Lefko\u015fa ve Minarelik\u00f6y\u2019de yang\u0131n\"}]},{\"@type\":\"WebSite\",\"@id\":\"https:\\\/\\\/kibrisdakik.com\\\/#website\",\"url\":\"https:\\\/\\\/kibrisdakik.com\\\/\",\"name\":\"\",\"description\":\"Tam vaktinde haber\",\"potentialAction\":[{\"@type\":\"SearchAction\",\"target\":{\"@type\":\"EntryPoint\",\"urlTemplate\":\"https:\\\/\\\/kibrisdakik.com\\\/?s={search_term_string}\"},\"query-input\":{\"@type\":\"PropertyValueSpecification\",\"valueRequired\":true,\"valueName\":\"search_term_string\"}}],\"inLanguage\":\"tr\"},{\"@type\":\"Person\",\"@id\":\"https:\\\/\\\/kibrisdakik.com\\\/#\\\/schema\\\/person\\\/9cd9d437bbb44f72b73ba127e06d8e79\",\"name\":\"admin\",\"image\":{\"@type\":\"ImageObject\",\"inLanguage\":\"tr\",\"@id\":\"https:\\\/\\\/secure.gravatar.com\\\/avatar\\\/ccc17943b9d660506c869530f897617f7cb1c21a4bf30023f252596d83e1f007?s=96&d=mm&r=g\",\"url\":\"https:\\\/\\\/secure.gravatar.com\\\/avatar\\\/ccc17943b9d660506c869530f897617f7cb1c21a4bf30023f252596d83e1f007?s=96&d=mm&r=g\",\"contentUrl\":\"https:\\\/\\\/secure.gravatar.com\\\/avatar\\\/ccc17943b9d660506c869530f897617f7cb1c21a4bf30023f252596d83e1f007?s=96&d=mm&r=g\",\"caption\":\"admin\"},\"sameAs\":[\"https:\\\/\\\/kibrisdakik.com\"],\"url\":\"https:\\\/\\\/kibrisdakik.com\\\/?author=1\"}]}<\/script>\n<!-- \/ Yoast SEO plugin. -->","yoast_head_json":{"title":"Gazima\u011fusa, Lefko\u015fa ve Minarelik\u00f6y\u2019de yang\u0131n -","robots":{"index":"index","follow":"follow","max-snippet":"max-snippet:-1","max-image-preview":"max-image-preview:large","max-video-preview":"max-video-preview:-1"},"canonical":"https:\/\/kibrisdakik.com\/?p=19295","og_locale":"tr_TR","og_type":"article","og_title":"Gazima\u011fusa, Lefko\u015fa ve Minarelik\u00f6y\u2019de yang\u0131n -","og_description":"Gazima\u011fusa\u2019da bu sabah 4.40 s\u0131ralar\u0131nda, Cahit S\u0131tk\u0131 Taranc\u0131 Sokak \u00fczerindeki bir binan\u0131n birinci kat\u0131ndaki dairede, buzdolab\u0131n\u0131n k\u0131sa devre yapmas\u0131 sonucu yang\u0131n \u00e7\u0131kt\u0131. Dairede bulunan Hasan \u015eahan (E-27), yang\u0131ndan dolay\u0131 7 metre y\u00fckseklikteki ikametgah\u0131n penceresinden atlad\u0131. Gazima\u011fusa Devlet Hastanesinde kald\u0131r\u0131lan \u015eahan\u2019\u0131n her iki aya\u011f\u0131nda k\u0131r\u0131k tespit edildi. \u0130tfaiye ekipleri taraf\u0131ndan s\u00f6nd\u00fcr\u00fclen yang\u0131n\u0131n baz\u0131 e\u015fyalar zarar verdi\u011fi","og_url":"https:\/\/kibrisdakik.com\/?p=19295","article_published_time":"2023-11-19T11:08:19+00:00","og_image":[{"width":710,"height":370,"url":"https:\/\/kibrisdakik.com\/wp-content\/uploads\/2023\/11\/gazimagusa-lefkosa-ve-minarelikoyde-yangin-1700390528.webp.webp","type":"image\/webp"}],"author":"admin","twitter_card":"summary_large_image","twitter_misc":{"Yazan:":"admin","Tahmini okuma s\u00fcresi":"1 dakika"},"schema":{"@context":"https:\/\/schema.org","@graph":[{"@type":"Article","@id":"https:\/\/kibrisdakik.com\/?p=19295#article","isPartOf":{"@id":"https:\/\/kibrisdakik.com\/?p=19295"},"author":{"name":"admin","@id":"https:\/\/kibrisdakik.com\/#\/schema\/person\/9cd9d437bbb44f72b73ba127e06d8e79"},"headline":"Gazima\u011fusa, Lefko\u015fa ve Minarelik\u00f6y\u2019de yang\u0131n","datePublished":"2023-11-19T11:08:19+00:00","mainEntityOfPage":{"@id":"https:\/\/kibrisdakik.com\/?p=19295"},"wordCount":208,"commentCount":0,"image":{"@id":"https:\/\/kibrisdakik.com\/?p=19295#primaryimage"},"thumbnailUrl":"https:\/\/kibrisdakik.com\/wp-content\/uploads\/2023\/11\/gazimagusa-lefkosa-ve-minarelikoyde-yangin-1700390528.webp.webp","articleSection":["G\u00fcndem"],"inLanguage":"tr","potentialAction":[{"@type":"CommentAction","name":"Comment","target":["https:\/\/kibrisdakik.com\/?p=19295#respond"]}]},{"@type":"WebPage","@id":"https:\/\/kibrisdakik.com\/?p=19295","url":"https:\/\/kibrisdakik.com\/?p=19295","name":"Gazima\u011fusa, Lefko\u015fa ve Minarelik\u00f6y\u2019de yang\u0131n -","isPartOf":{"@id":"https:\/\/kibrisdakik.com\/#website"},"primaryImageOfPage":{"@id":"https:\/\/kibrisdakik.com\/?p=19295#primaryimage"},"image":{"@id":"https:\/\/kibrisdakik.com\/?p=19295#primaryimage"},"thumbnailUrl":"https:\/\/kibrisdakik.com\/wp-content\/uploads\/2023\/11\/gazimagusa-lefkosa-ve-minarelikoyde-yangin-1700390528.webp.webp","datePublished":"2023-11-19T11:08:19+00:00","author":{"@id":"https:\/\/kibrisdakik.com\/#\/schema\/person\/9cd9d437bbb44f72b73ba127e06d8e79"},"breadcrumb":{"@id":"https:\/\/kibrisdakik.com\/?p=19295#breadcrumb"},"inLanguage":"tr","potentialAction":[{"@type":"ReadAction","target":["https:\/\/kibrisdakik.com\/?p=19295"]}]},{"@type":"ImageObject","inLanguage":"tr","@id":"https:\/\/kibrisdakik.com\/?p=19295#primaryimage","url":"https:\/\/kibrisdakik.com\/wp-content\/uploads\/2023\/11\/gazimagusa-lefkosa-ve-minarelikoyde-yangin-1700390528.webp.webp","contentUrl":"https:\/\/kibrisdakik.com\/wp-content\/uploads\/2023\/11\/gazimagusa-lefkosa-ve-minarelikoyde-yangin-1700390528.webp.webp","width":710,"height":370},{"@type":"BreadcrumbList","@id":"https:\/\/kibrisdakik.com\/?p=19295#breadcrumb","itemListElement":[{"@type":"ListItem","position":1,"name":"Home","item":"https:\/\/kibrisdakik.com\/"},{"@type":"ListItem","position":2,"name":"Gazima\u011fusa, Lefko\u015fa ve Minarelik\u00f6y\u2019de yang\u0131n"}]},{"@type":"WebSite","@id":"https:\/\/kibrisdakik.com\/#website","url":"https:\/\/kibrisdakik.com\/","name":"","description":"Tam vaktinde haber","potentialAction":[{"@type":"SearchAction","target":{"@type":"EntryPoint","urlTemplate":"https:\/\/kibrisdakik.com\/?s={search_term_string}"},"query-input":{"@type":"PropertyValueSpecification","valueRequired":true,"valueName":"search_term_string"}}],"inLanguage":"tr"},{"@type":"Person","@id":"https:\/\/kibrisdakik.com\/#\/schema\/person\/9cd9d437bbb44f72b73ba127e06d8e79","name":"admin","image":{"@type":"ImageObject","inLanguage":"tr","@id":"https:\/\/secure.gravatar.com\/avatar\/ccc17943b9d660506c869530f897617f7cb1c21a4bf30023f252596d83e1f007?s=96&d=mm&r=g","url":"https:\/\/secure.gravatar.com\/avatar\/ccc17943b9d660506c869530f897617f7cb1c21a4bf30023f252596d83e1f007?s=96&d=mm&r=g","contentUrl":"https:\/\/secure.gravatar.com\/avatar\/ccc17943b9d660506c869530f897617f7cb1c21a4bf30023f252596d83e1f007?s=96&d=mm&r=g","caption":"admin"},"sameAs":["https:\/\/kibrisdakik.com"],"url":"https:\/\/kibrisdakik.com\/?author=1"}]}},"_links":{"self":[{"href":"https:\/\/kibrisdakik.com\/index.php?rest_route=\/wp\/v2\/posts\/19295","targetHints":{"allow":["GET"]}}],"collection":[{"href":"https:\/\/kibrisdakik.com\/index.php?rest_route=\/wp\/v2\/posts"}],"about":[{"href":"https:\/\/kibrisdakik.com\/index.php?rest_route=\/wp\/v2\/types\/post"}],"author":[{"embeddable":true,"href":"https:\/\/kibrisdakik.com\/index.php?rest_route=\/wp\/v2\/users\/1"}],"replies":[{"embeddable":true,"href":"https:\/\/kibrisdakik.com\/index.php?rest_route=%2Fwp%2Fv2%2Fcomments&post=19295"}],"version-history":[{"count":0,"href":"https:\/\/kibrisdakik.com\/index.php?rest_route=\/wp\/v2\/posts\/19295\/revisions"}],"wp:featuredmedia":[{"embeddable":true,"href":"https:\/\/kibrisdakik.com\/index.php?rest_route=\/wp\/v2\/media\/19296"}],"wp:attachment":[{"href":"https:\/\/kibrisdakik.com\/index.php?rest_route=%2Fwp%2Fv2%2Fmedia&parent=19295"}],"wp:term":[{"taxonomy":"category","embeddable":true,"href":"https:\/\/kibrisdakik.com\/index.php?rest_route=%2Fwp%2Fv2%2Fcategories&post=19295"},{"taxonomy":"post_tag","embeddable":true,"href":"https:\/\/kibrisdakik.com\/index.php?rest_route=%2Fwp%2Fv2%2Ftags&post=19295"}],"curies":[{"name":"wp","href":"https:\/\/api.w.org\/{rel}","templated":true}]}}