{"id":19343,"date":"2023-11-20T07:29:21","date_gmt":"2023-11-20T07:29:21","guid":{"rendered":"https:\/\/kibrisdakik.com\/index.php\/2023\/11\/20\/sibel-tatardan-kanal-tnin-devrine-iliskin-aciklama\/"},"modified":"2023-11-20T07:29:21","modified_gmt":"2023-11-20T07:29:21","slug":"sibel-tatardan-kanal-tnin-devrine-iliskin-aciklama","status":"publish","type":"post","link":"https:\/\/kibrisdakik.com\/?p=19343","title":{"rendered":"Sibel Tatar\u2019dan Kanal T\u2019nin devrine ili\u015fkin a\u00e7\u0131klama"},"content":{"rendered":"<p><img decoding=\"async\" src=\"https:\/\/www.kibristurk.com\/images\/haberler\/2023\/11\/sibel-tatardan-kanal-tnin-devrine-iliskin-aciklama-1700465078.webp\" \/><\/p>\n<p style=\"text-align:left\"><span style=\"font-size:14px\"><span style=\"font-family:Arial,Helvetica,sans-serif\"><span style=\"color:#000000\"><span style=\"background-color:#ffffff\">Sibel Tatar, e\u015fi Ersin Tatar\u2019\u0131n cumhurba\u015fkan\u0131 se\u00e7ilmesinin ard\u0131ndan, &nbsp;Kanal T\u2019yi y\u00f6netmesinin yan\u0131s\u0131ra artan temsiliyet g\u00f6revi ve sosyal sorumluluk projeleri nedeniyle insan\u00fcst\u00fc bir efor sarfetmek durumunda kald\u0131\u011f\u0131n\u0131 ve ailesine de zaman ay\u0131rabilmek i\u00e7in b\u00f6yle bir karar ald\u0131\u011f\u0131n\u0131 belirtti.<\/span><\/span><\/span><\/span><\/p>\n<p style=\"text-align:left\"><span style=\"font-size:14px\"><span style=\"font-family:Arial,Helvetica,sans-serif\"><span style=\"color:#000000\"><span style=\"background-color:#ffffff\">Sibel Tatar, \u201cEkip arkada\u015flar\u0131m ve y\u0131llard\u0131r al\u0131n terimi d\u00f6kt\u00fc\u011f\u00fcm Kanal T\u2019nin g\u00fcvenli ellerde olaca\u011f\u0131na, TV yay\u0131nc\u0131l\u0131\u011f\u0131na getirecekleri yeniliklere duydu\u011fum inan\u00e7la devir anla\u015fmas\u0131n\u0131 imzalad\u0131m.\u201d dedi.<\/span><\/span><\/span><\/span><\/p>\n<p style=\"text-align:left\"><span style=\"font-size:14px\"><span style=\"font-family:Arial,Helvetica,sans-serif\"><span style=\"color:#000000\"><span style=\"background-color:#ffffff\">Sibel Tatar, Kanal T\u2019nin devriyle ilgili \u015fu a\u00e7\u0131klamay\u0131 yapt\u0131:<\/span><\/span><\/span><\/span><\/p>\n<p style=\"text-align:left\">&nbsp;<\/p>\n<p style=\"text-align:left\"><span style=\"font-size:14px\"><span style=\"font-family:Arial,Helvetica,sans-serif\"><span style=\"color:#000000\"><span style=\"background-color:#ffffff\">\u201cBildi\u011finiz \u00fczere, Kanal T, 16 Kas\u0131m 1996\u2019da KKTC&#8217;de ilk \u00f6zel kanal olarak Say\u0131n Ersin Tatar taraf\u0131ndan&nbsp; a\u00e7\u0131lm\u0131\u015ft\u0131r.<\/span><\/span><\/span><\/span><\/p>\n<p style=\"text-align:left\"><span style=\"font-size:14px\"><span style=\"font-family:Arial,Helvetica,sans-serif\"><span style=\"color:#000000\"><span style=\"background-color:#ffffff\">E\u015fim Ersin Tatar\u2019\u0131n, Maliye Bakanl\u0131\u011f\u0131\u2019na atand\u0131\u011f\u0131, 2009 y\u0131l\u0131ndan, bug\u00fcne kadar Kanal T\u2019nin y\u00f6netimini onurla s\u00fcrd\u00fcrd\u00fcm.<\/span><\/span><\/span><\/span><\/p>\n<p style=\"text-align:left\"><span style=\"font-size:14px\"><span style=\"font-family:Arial,Helvetica,sans-serif\"><span style=\"color:#000000\"><span style=\"background-color:#ffffff\">Tarafs\u0131z yay\u0131nc\u0131l\u0131k ilkesini g\u00f6zeterek yol ald\u0131\u011f\u0131m y\u0131llarda, yay\u0131ndan, yap\u0131ma, program sunucular\u0131ndan, habercilere ve lojistik hizmetlere varan zincirde; \u00e7ok de\u011ferli yol arkada\u015flar\u0131m oldu. Pek \u00e7o\u011fu ise y\u0131llar\u0131n\u0131 sayamayaca\u011f\u0131m kadar uzun s\u00fcre kanal\u0131m\u0131zla adeta g\u00f6n\u00fcl ba\u011f\u0131 kurdu. Ve \u00e7ok k\u0131ymetli izleyicilerimiz bizi bu s\u00fcre\u00e7te hi\u00e7 yaln\u0131z b\u0131rakmad\u0131lar. Her birine ayr\u0131 ayr\u0131 y\u00fcrekten te\u015fekk\u00fcr ederim.<\/span><\/span><\/span><\/span><\/p>\n<p style=\"text-align:left\"><span style=\"font-size:14px\"><span style=\"font-family:Arial,Helvetica,sans-serif\"><span style=\"color:#000000\"><span style=\"background-color:#ffffff\">E\u015fimin, Cumhurba\u015fkan\u0131 se\u00e7ilmesi sonras\u0131nda temsiliyet g\u00f6revim ile y\u0131llard\u0131r hayalini kurdu\u011fum sosyal sorumluluk projelerine ba\u015flad\u0131m. Bu s\u00fcre\u00e7te de KANAL T\u2019de ki g\u00f6revimi aksatmad\u0131m.<\/span><\/span><\/span><\/span><\/p>\n<p style=\"text-align:left\"><span style=\"font-size:14px\"><span style=\"font-family:Arial,Helvetica,sans-serif\"><span style=\"color:#000000\"><span style=\"background-color:#ffffff\">Takdir edece\u011finiz \u00fczere, insan\u00fcst\u00fc efor gerektiren bir s\u00fcre\u00e7ti ve i\u00e7im \u00e7ok ac\u0131sa da aileme de zaman ay\u0131rabilmek i\u00e7in bir karar vermek durumundayd\u0131m.<\/span><\/span><\/span><\/span><\/p>\n<p style=\"text-align:left\"><span style=\"font-size:14px\"><span style=\"font-family:Arial,Helvetica,sans-serif\"><span style=\"color:#000000\"><span style=\"background-color:#ffffff\">\u00dclkesine yapt\u0131\u011f\u0131 yat\u0131r\u0131mlarla sizlerin de yak\u0131ndan tan\u0131d\u0131\u011f\u0131 i\u015f insan\u0131 Say\u0131n Niyazi Sanal\u2019dan, kanal\u0131m\u0131z\u0131 devralma iste\u011fi, kanal\u0131n takdirle izledi\u011fim gazeteci Say\u0131n Ali Baturay taraf\u0131ndan y\u00f6netilece\u011fi bilgisi karar alma s\u00fcrecimi h\u0131zland\u0131rd\u0131.<\/span><\/span><\/span><\/span><\/p>\n<p style=\"text-align:left\"><span style=\"font-size:14px\"><span style=\"font-family:Arial,Helvetica,sans-serif\"><span style=\"color:#000000\"><span style=\"background-color:#ffffff\">Ekip arkada\u015flar\u0131m ve y\u0131llard\u0131r al\u0131n terimi d\u00f6kt\u00fc\u011f\u00fcm Kanal T\u2019nin g\u00fcvenli ellerde olaca\u011f\u0131na, TV yay\u0131nc\u0131l\u0131\u011f\u0131na getirecekleri yeniliklere duydu\u011fum inan\u00e7la devir anla\u015fmas\u0131n\u0131 imzalad\u0131m.<\/span><\/span><\/span><\/span><\/p>\n<p style=\"text-align:left\"><span style=\"font-size:14px\"><span style=\"font-family:Arial,Helvetica,sans-serif\"><span style=\"color:#000000\"><span style=\"background-color:#ffffff\">\u00dclkemize ve \u00fclkemiz TV yay\u0131nc\u0131l\u0131\u011f\u0131na hay\u0131rl\u0131 olmas\u0131 dileklerimle kamuoyuna sayg\u0131 ve sevgilerimle duyururum.\u201d<\/span><\/span><\/span><\/span><\/p>\n","protected":false},"excerpt":{"rendered":"<p>Sibel Tatar, e\u015fi Ersin Tatar\u2019\u0131n cumhurba\u015fkan\u0131 se\u00e7ilmesinin ard\u0131ndan, &nbsp;Kanal T\u2019yi y\u00f6netmesinin yan\u0131s\u0131ra artan temsiliyet g\u00f6revi ve sosyal sorumluluk projeleri nedeniyle insan\u00fcst\u00fc bir efor sarfetmek durumunda kald\u0131\u011f\u0131n\u0131 ve ailesine de zaman ay\u0131rabilmek i\u00e7in b\u00f6yle bir karar ald\u0131\u011f\u0131n\u0131 belirtti. Sibel Tatar, \u201cEkip arkada\u015flar\u0131m ve y\u0131llard\u0131r al\u0131n terimi d\u00f6kt\u00fc\u011f\u00fcm Kanal T\u2019nin g\u00fcvenli ellerde olaca\u011f\u0131na, TV yay\u0131nc\u0131l\u0131\u011f\u0131na getirecekleri yeniliklere<\/p>\n","protected":false},"author":1,"featured_media":19344,"comment_status":"open","ping_status":"open","sticky":false,"template":"","format":"standard","meta":{"footnotes":""},"categories":[86],"tags":[],"class_list":["post-19343","post","type-post","status-publish","format-standard","has-post-thumbnail","hentry","category-turkiye"],"yoast_head":"<!-- This site is optimized with the Yoast SEO plugin v27.5 - https:\/\/yoast.com\/product\/yoast-seo-wordpress\/ -->\n<title>Sibel Tatar\u2019dan Kanal T\u2019nin devrine ili\u015fkin a\u00e7\u0131klama -<\/title>\n<meta name=\"robots\" content=\"index, follow, max-snippet:-1, max-image-preview:large, max-video-preview:-1\" \/>\n<link rel=\"canonical\" href=\"https:\/\/kibrisdakik.com\/?p=19343\" \/>\n<meta property=\"og:locale\" content=\"tr_TR\" \/>\n<meta property=\"og:type\" content=\"article\" \/>\n<meta property=\"og:title\" content=\"Sibel Tatar\u2019dan Kanal T\u2019nin devrine ili\u015fkin a\u00e7\u0131klama -\" \/>\n<meta property=\"og:description\" content=\"Sibel Tatar, e\u015fi Ersin Tatar\u2019\u0131n cumhurba\u015fkan\u0131 se\u00e7ilmesinin ard\u0131ndan, &nbsp;Kanal T\u2019yi y\u00f6netmesinin yan\u0131s\u0131ra artan temsiliyet g\u00f6revi ve sosyal sorumluluk projeleri nedeniyle insan\u00fcst\u00fc bir efor sarfetmek durumunda kald\u0131\u011f\u0131n\u0131 ve ailesine de zaman ay\u0131rabilmek i\u00e7in b\u00f6yle bir karar ald\u0131\u011f\u0131n\u0131 belirtti. Sibel Tatar, \u201cEkip arkada\u015flar\u0131m ve y\u0131llard\u0131r al\u0131n terimi d\u00f6kt\u00fc\u011f\u00fcm Kanal T\u2019nin g\u00fcvenli ellerde olaca\u011f\u0131na, TV yay\u0131nc\u0131l\u0131\u011f\u0131na getirecekleri yeniliklere\" \/>\n<meta property=\"og:url\" content=\"https:\/\/kibrisdakik.com\/?p=19343\" \/>\n<meta property=\"article:published_time\" content=\"2023-11-20T07:29:21+00:00\" \/>\n<meta property=\"og:image\" content=\"https:\/\/kibrisdakik.com\/wp-content\/uploads\/2023\/11\/sibel-tatardan-kanal-tnin-devrine-iliskin-aciklama-1700465078.webp.webp\" \/>\n\t<meta property=\"og:image:width\" content=\"710\" \/>\n\t<meta property=\"og:image:height\" content=\"370\" \/>\n\t<meta property=\"og:image:type\" content=\"image\/webp\" \/>\n<meta name=\"author\" content=\"admin\" \/>\n<meta name=\"twitter:card\" content=\"summary_large_image\" \/>\n<meta name=\"twitter:label1\" content=\"Yazan:\" \/>\n\t<meta name=\"twitter:data1\" content=\"admin\" \/>\n\t<meta name=\"twitter:label2\" content=\"Tahmini okuma s\u00fcresi\" \/>\n\t<meta name=\"twitter:data2\" content=\"2 dakika\" \/>\n<script type=\"application\/ld+json\" class=\"yoast-schema-graph\">{\"@context\":\"https:\\\/\\\/schema.org\",\"@graph\":[{\"@type\":\"Article\",\"@id\":\"https:\\\/\\\/kibrisdakik.com\\\/?p=19343#article\",\"isPartOf\":{\"@id\":\"https:\\\/\\\/kibrisdakik.com\\\/?p=19343\"},\"author\":{\"name\":\"admin\",\"@id\":\"https:\\\/\\\/kibrisdakik.com\\\/#\\\/schema\\\/person\\\/9cd9d437bbb44f72b73ba127e06d8e79\"},\"headline\":\"Sibel Tatar\u2019dan Kanal T\u2019nin devrine ili\u015fkin a\u00e7\u0131klama\",\"datePublished\":\"2023-11-20T07:29:21+00:00\",\"mainEntityOfPage\":{\"@id\":\"https:\\\/\\\/kibrisdakik.com\\\/?p=19343\"},\"wordCount\":422,\"commentCount\":0,\"image\":{\"@id\":\"https:\\\/\\\/kibrisdakik.com\\\/?p=19343#primaryimage\"},\"thumbnailUrl\":\"https:\\\/\\\/kibrisdakik.com\\\/wp-content\\\/uploads\\\/2023\\\/11\\\/sibel-tatardan-kanal-tnin-devrine-iliskin-aciklama-1700465078.webp.webp\",\"articleSection\":[\"T\u00fcrkiye\"],\"inLanguage\":\"tr\",\"potentialAction\":[{\"@type\":\"CommentAction\",\"name\":\"Comment\",\"target\":[\"https:\\\/\\\/kibrisdakik.com\\\/?p=19343#respond\"]}]},{\"@type\":\"WebPage\",\"@id\":\"https:\\\/\\\/kibrisdakik.com\\\/?p=19343\",\"url\":\"https:\\\/\\\/kibrisdakik.com\\\/?p=19343\",\"name\":\"Sibel Tatar\u2019dan Kanal T\u2019nin devrine ili\u015fkin a\u00e7\u0131klama -\",\"isPartOf\":{\"@id\":\"https:\\\/\\\/kibrisdakik.com\\\/#website\"},\"primaryImageOfPage\":{\"@id\":\"https:\\\/\\\/kibrisdakik.com\\\/?p=19343#primaryimage\"},\"image\":{\"@id\":\"https:\\\/\\\/kibrisdakik.com\\\/?p=19343#primaryimage\"},\"thumbnailUrl\":\"https:\\\/\\\/kibrisdakik.com\\\/wp-content\\\/uploads\\\/2023\\\/11\\\/sibel-tatardan-kanal-tnin-devrine-iliskin-aciklama-1700465078.webp.webp\",\"datePublished\":\"2023-11-20T07:29:21+00:00\",\"author\":{\"@id\":\"https:\\\/\\\/kibrisdakik.com\\\/#\\\/schema\\\/person\\\/9cd9d437bbb44f72b73ba127e06d8e79\"},\"breadcrumb\":{\"@id\":\"https:\\\/\\\/kibrisdakik.com\\\/?p=19343#breadcrumb\"},\"inLanguage\":\"tr\",\"potentialAction\":[{\"@type\":\"ReadAction\",\"target\":[\"https:\\\/\\\/kibrisdakik.com\\\/?p=19343\"]}]},{\"@type\":\"ImageObject\",\"inLanguage\":\"tr\",\"@id\":\"https:\\\/\\\/kibrisdakik.com\\\/?p=19343#primaryimage\",\"url\":\"https:\\\/\\\/kibrisdakik.com\\\/wp-content\\\/uploads\\\/2023\\\/11\\\/sibel-tatardan-kanal-tnin-devrine-iliskin-aciklama-1700465078.webp.webp\",\"contentUrl\":\"https:\\\/\\\/kibrisdakik.com\\\/wp-content\\\/uploads\\\/2023\\\/11\\\/sibel-tatardan-kanal-tnin-devrine-iliskin-aciklama-1700465078.webp.webp\",\"width\":710,\"height\":370},{\"@type\":\"BreadcrumbList\",\"@id\":\"https:\\\/\\\/kibrisdakik.com\\\/?p=19343#breadcrumb\",\"itemListElement\":[{\"@type\":\"ListItem\",\"position\":1,\"name\":\"Home\",\"item\":\"https:\\\/\\\/kibrisdakik.com\\\/\"},{\"@type\":\"ListItem\",\"position\":2,\"name\":\"Sibel Tatar\u2019dan Kanal T\u2019nin devrine ili\u015fkin a\u00e7\u0131klama\"}]},{\"@type\":\"WebSite\",\"@id\":\"https:\\\/\\\/kibrisdakik.com\\\/#website\",\"url\":\"https:\\\/\\\/kibrisdakik.com\\\/\",\"name\":\"\",\"description\":\"Tam vaktinde haber\",\"potentialAction\":[{\"@type\":\"SearchAction\",\"target\":{\"@type\":\"EntryPoint\",\"urlTemplate\":\"https:\\\/\\\/kibrisdakik.com\\\/?s={search_term_string}\"},\"query-input\":{\"@type\":\"PropertyValueSpecification\",\"valueRequired\":true,\"valueName\":\"search_term_string\"}}],\"inLanguage\":\"tr\"},{\"@type\":\"Person\",\"@id\":\"https:\\\/\\\/kibrisdakik.com\\\/#\\\/schema\\\/person\\\/9cd9d437bbb44f72b73ba127e06d8e79\",\"name\":\"admin\",\"image\":{\"@type\":\"ImageObject\",\"inLanguage\":\"tr\",\"@id\":\"https:\\\/\\\/secure.gravatar.com\\\/avatar\\\/ccc17943b9d660506c869530f897617f7cb1c21a4bf30023f252596d83e1f007?s=96&d=mm&r=g\",\"url\":\"https:\\\/\\\/secure.gravatar.com\\\/avatar\\\/ccc17943b9d660506c869530f897617f7cb1c21a4bf30023f252596d83e1f007?s=96&d=mm&r=g\",\"contentUrl\":\"https:\\\/\\\/secure.gravatar.com\\\/avatar\\\/ccc17943b9d660506c869530f897617f7cb1c21a4bf30023f252596d83e1f007?s=96&d=mm&r=g\",\"caption\":\"admin\"},\"sameAs\":[\"https:\\\/\\\/kibrisdakik.com\"],\"url\":\"https:\\\/\\\/kibrisdakik.com\\\/?author=1\"}]}<\/script>\n<!-- \/ Yoast SEO plugin. -->","yoast_head_json":{"title":"Sibel Tatar\u2019dan Kanal T\u2019nin devrine ili\u015fkin a\u00e7\u0131klama -","robots":{"index":"index","follow":"follow","max-snippet":"max-snippet:-1","max-image-preview":"max-image-preview:large","max-video-preview":"max-video-preview:-1"},"canonical":"https:\/\/kibrisdakik.com\/?p=19343","og_locale":"tr_TR","og_type":"article","og_title":"Sibel Tatar\u2019dan Kanal T\u2019nin devrine ili\u015fkin a\u00e7\u0131klama -","og_description":"Sibel Tatar, e\u015fi Ersin Tatar\u2019\u0131n cumhurba\u015fkan\u0131 se\u00e7ilmesinin ard\u0131ndan, &nbsp;Kanal T\u2019yi y\u00f6netmesinin yan\u0131s\u0131ra artan temsiliyet g\u00f6revi ve sosyal sorumluluk projeleri nedeniyle insan\u00fcst\u00fc bir efor sarfetmek durumunda kald\u0131\u011f\u0131n\u0131 ve ailesine de zaman ay\u0131rabilmek i\u00e7in b\u00f6yle bir karar ald\u0131\u011f\u0131n\u0131 belirtti. Sibel Tatar, \u201cEkip arkada\u015flar\u0131m ve y\u0131llard\u0131r al\u0131n terimi d\u00f6kt\u00fc\u011f\u00fcm Kanal T\u2019nin g\u00fcvenli ellerde olaca\u011f\u0131na, TV yay\u0131nc\u0131l\u0131\u011f\u0131na getirecekleri yeniliklere","og_url":"https:\/\/kibrisdakik.com\/?p=19343","article_published_time":"2023-11-20T07:29:21+00:00","og_image":[{"width":710,"height":370,"url":"https:\/\/kibrisdakik.com\/wp-content\/uploads\/2023\/11\/sibel-tatardan-kanal-tnin-devrine-iliskin-aciklama-1700465078.webp.webp","type":"image\/webp"}],"author":"admin","twitter_card":"summary_large_image","twitter_misc":{"Yazan:":"admin","Tahmini okuma s\u00fcresi":"2 dakika"},"schema":{"@context":"https:\/\/schema.org","@graph":[{"@type":"Article","@id":"https:\/\/kibrisdakik.com\/?p=19343#article","isPartOf":{"@id":"https:\/\/kibrisdakik.com\/?p=19343"},"author":{"name":"admin","@id":"https:\/\/kibrisdakik.com\/#\/schema\/person\/9cd9d437bbb44f72b73ba127e06d8e79"},"headline":"Sibel Tatar\u2019dan Kanal T\u2019nin devrine ili\u015fkin a\u00e7\u0131klama","datePublished":"2023-11-20T07:29:21+00:00","mainEntityOfPage":{"@id":"https:\/\/kibrisdakik.com\/?p=19343"},"wordCount":422,"commentCount":0,"image":{"@id":"https:\/\/kibrisdakik.com\/?p=19343#primaryimage"},"thumbnailUrl":"https:\/\/kibrisdakik.com\/wp-content\/uploads\/2023\/11\/sibel-tatardan-kanal-tnin-devrine-iliskin-aciklama-1700465078.webp.webp","articleSection":["T\u00fcrkiye"],"inLanguage":"tr","potentialAction":[{"@type":"CommentAction","name":"Comment","target":["https:\/\/kibrisdakik.com\/?p=19343#respond"]}]},{"@type":"WebPage","@id":"https:\/\/kibrisdakik.com\/?p=19343","url":"https:\/\/kibrisdakik.com\/?p=19343","name":"Sibel Tatar\u2019dan Kanal T\u2019nin devrine ili\u015fkin a\u00e7\u0131klama -","isPartOf":{"@id":"https:\/\/kibrisdakik.com\/#website"},"primaryImageOfPage":{"@id":"https:\/\/kibrisdakik.com\/?p=19343#primaryimage"},"image":{"@id":"https:\/\/kibrisdakik.com\/?p=19343#primaryimage"},"thumbnailUrl":"https:\/\/kibrisdakik.com\/wp-content\/uploads\/2023\/11\/sibel-tatardan-kanal-tnin-devrine-iliskin-aciklama-1700465078.webp.webp","datePublished":"2023-11-20T07:29:21+00:00","author":{"@id":"https:\/\/kibrisdakik.com\/#\/schema\/person\/9cd9d437bbb44f72b73ba127e06d8e79"},"breadcrumb":{"@id":"https:\/\/kibrisdakik.com\/?p=19343#breadcrumb"},"inLanguage":"tr","potentialAction":[{"@type":"ReadAction","target":["https:\/\/kibrisdakik.com\/?p=19343"]}]},{"@type":"ImageObject","inLanguage":"tr","@id":"https:\/\/kibrisdakik.com\/?p=19343#primaryimage","url":"https:\/\/kibrisdakik.com\/wp-content\/uploads\/2023\/11\/sibel-tatardan-kanal-tnin-devrine-iliskin-aciklama-1700465078.webp.webp","contentUrl":"https:\/\/kibrisdakik.com\/wp-content\/uploads\/2023\/11\/sibel-tatardan-kanal-tnin-devrine-iliskin-aciklama-1700465078.webp.webp","width":710,"height":370},{"@type":"BreadcrumbList","@id":"https:\/\/kibrisdakik.com\/?p=19343#breadcrumb","itemListElement":[{"@type":"ListItem","position":1,"name":"Home","item":"https:\/\/kibrisdakik.com\/"},{"@type":"ListItem","position":2,"name":"Sibel Tatar\u2019dan Kanal T\u2019nin devrine ili\u015fkin a\u00e7\u0131klama"}]},{"@type":"WebSite","@id":"https:\/\/kibrisdakik.com\/#website","url":"https:\/\/kibrisdakik.com\/","name":"","description":"Tam vaktinde haber","potentialAction":[{"@type":"SearchAction","target":{"@type":"EntryPoint","urlTemplate":"https:\/\/kibrisdakik.com\/?s={search_term_string}"},"query-input":{"@type":"PropertyValueSpecification","valueRequired":true,"valueName":"search_term_string"}}],"inLanguage":"tr"},{"@type":"Person","@id":"https:\/\/kibrisdakik.com\/#\/schema\/person\/9cd9d437bbb44f72b73ba127e06d8e79","name":"admin","image":{"@type":"ImageObject","inLanguage":"tr","@id":"https:\/\/secure.gravatar.com\/avatar\/ccc17943b9d660506c869530f897617f7cb1c21a4bf30023f252596d83e1f007?s=96&d=mm&r=g","url":"https:\/\/secure.gravatar.com\/avatar\/ccc17943b9d660506c869530f897617f7cb1c21a4bf30023f252596d83e1f007?s=96&d=mm&r=g","contentUrl":"https:\/\/secure.gravatar.com\/avatar\/ccc17943b9d660506c869530f897617f7cb1c21a4bf30023f252596d83e1f007?s=96&d=mm&r=g","caption":"admin"},"sameAs":["https:\/\/kibrisdakik.com"],"url":"https:\/\/kibrisdakik.com\/?author=1"}]}},"_links":{"self":[{"href":"https:\/\/kibrisdakik.com\/index.php?rest_route=\/wp\/v2\/posts\/19343","targetHints":{"allow":["GET"]}}],"collection":[{"href":"https:\/\/kibrisdakik.com\/index.php?rest_route=\/wp\/v2\/posts"}],"about":[{"href":"https:\/\/kibrisdakik.com\/index.php?rest_route=\/wp\/v2\/types\/post"}],"author":[{"embeddable":true,"href":"https:\/\/kibrisdakik.com\/index.php?rest_route=\/wp\/v2\/users\/1"}],"replies":[{"embeddable":true,"href":"https:\/\/kibrisdakik.com\/index.php?rest_route=%2Fwp%2Fv2%2Fcomments&post=19343"}],"version-history":[{"count":0,"href":"https:\/\/kibrisdakik.com\/index.php?rest_route=\/wp\/v2\/posts\/19343\/revisions"}],"wp:featuredmedia":[{"embeddable":true,"href":"https:\/\/kibrisdakik.com\/index.php?rest_route=\/wp\/v2\/media\/19344"}],"wp:attachment":[{"href":"https:\/\/kibrisdakik.com\/index.php?rest_route=%2Fwp%2Fv2%2Fmedia&parent=19343"}],"wp:term":[{"taxonomy":"category","embeddable":true,"href":"https:\/\/kibrisdakik.com\/index.php?rest_route=%2Fwp%2Fv2%2Fcategories&post=19343"},{"taxonomy":"post_tag","embeddable":true,"href":"https:\/\/kibrisdakik.com\/index.php?rest_route=%2Fwp%2Fv2%2Ftags&post=19343"}],"curies":[{"name":"wp","href":"https:\/\/api.w.org\/{rel}","templated":true}]}}