{"id":19389,"date":"2023-11-20T12:04:53","date_gmt":"2023-11-20T12:04:53","guid":{"rendered":"https:\/\/kibrisdakik.com\/index.php\/2023\/11\/20\/ekonomi-ve-enerji-bakanligi-butcesi-komitede-gorusuluyor\/"},"modified":"2023-11-20T12:04:53","modified_gmt":"2023-11-20T12:04:53","slug":"ekonomi-ve-enerji-bakanligi-butcesi-komitede-gorusuluyor","status":"publish","type":"post","link":"https:\/\/kibrisdakik.com\/?p=19389","title":{"rendered":"Ekonomi ve Enerji Bakanl\u0131\u011f\u0131 b\u00fct\u00e7esi komitede g\u00f6r\u00fc\u015f\u00fcl\u00fcyor"},"content":{"rendered":"<p><img decoding=\"async\" src=\"https:\/\/www.kibristurk.com\/images\/haberler\/2023\/11\/ekonomi-ve-enerji-bakanligi-butcesi-komitede-gorusuluyor-1700481527.webp\" \/><\/p>\n<p style=\"text-align:left\"><span style=\"font-size:14px\"><span style=\"font-family:Arial,Helvetica,sans-serif\"><span style=\"color:#000000\"><span style=\"background-color:#ffffff\">\u0130lk s\u00f6z\u00fc CTP Milletvekili Fikri Toros ald\u0131.<\/span><\/span><\/span><\/span><\/p>\n<p style=\"text-align:left\"><span style=\"font-size:14px\"><span style=\"font-family:Arial,Helvetica,sans-serif\"><span style=\"color:#000000\"><span style=\"background-color:#ffffff\">&nbsp;<\/span><\/span><\/span><\/span><\/p>\n<p style=\"text-align:left\"><span style=\"font-size:14px\"><span style=\"font-family:Arial,Helvetica,sans-serif\"><span style=\"color:#000000\"><span style=\"background-color:#ffffff\">K\u00fcresel rekabete de\u011finin Toros, bat\u0131 \u00fclkelerindeki enflasyona i\u015faret ederek T\u00fcrkiye\u2019de ise mali politikalarda faiz oranlar\u0131n\u0131n y\u00fckseltilerek devasa enflasyonun \u00f6n\u00fcne ge\u00e7ilmeye \u00e7al\u0131\u015f\u0131ld\u0131\u011f\u0131n\u0131 dile getirdi.<\/span><\/span><\/span><\/span><\/p>\n<p style=\"text-align:left\"><span style=\"font-size:14px\"><span style=\"font-family:Arial,Helvetica,sans-serif\"><span style=\"color:#000000\"><span style=\"background-color:#ffffff\">&nbsp;<\/span><\/span><\/span><\/span><\/p>\n<p style=\"text-align:left\"><span style=\"font-size:14px\"><span style=\"font-family:Arial,Helvetica,sans-serif\"><span style=\"color:#000000\"><span style=\"background-color:#ffffff\">T\u00fcrk Liras\u0131\u2019n\u0131n d\u00f6viz kar\u015f\u0131s\u0131ndaki de\u011fer kayb\u0131n\u0131n, d\u00f6viz kurlar\u0131 yenilenmeyerek \u00f6nlendi\u011fini belirten Toros, bu uygulaman\u0131n tek ba\u015f\u0131na enflasyonu engellemede ba\u015far\u0131l\u0131 olmad\u0131\u011f\u0131n\u0131 kaydetti.<\/span><\/span><\/span><\/span><\/p>\n<p style=\"text-align:left\"><span style=\"font-size:14px\"><span style=\"font-family:Arial,Helvetica,sans-serif\"><span style=\"color:#000000\"><span style=\"background-color:#ffffff\">&nbsp;<\/span><\/span><\/span><\/span><\/p>\n<p style=\"text-align:left\"><span style=\"font-size:14px\"><span style=\"font-family:Arial,Helvetica,sans-serif\"><span style=\"color:#000000\"><span style=\"background-color:#ffffff\">KKTC\u2019de bulunan mevduat\u0131n T\u00fcrkiye\u2019ye ka\u00e7ma olas\u0131l\u0131\u011f\u0131 bulundu\u011funu ve ekonominin \u00e7arklar\u0131n\u0131 d\u00f6nd\u00fcrecek nakit paran\u0131n risk alt\u0131nda oldu\u011funu dile getiren Toros, bakanl\u0131\u011f\u0131n tedbir tasarlamas\u0131 gerekti\u011fini belirtti.<\/span><\/span><\/span><\/span><\/p>\n<p style=\"text-align:left\"><span style=\"font-size:14px\"><span style=\"font-family:Arial,Helvetica,sans-serif\"><span style=\"color:#000000\"><span style=\"background-color:#ffffff\">&nbsp;<\/span><\/span><\/span><\/span><\/p>\n<p style=\"text-align:left\"><span style=\"font-size:14px\"><span style=\"font-family:Arial,Helvetica,sans-serif\"><span style=\"color:#000000\"><span style=\"background-color:#ffffff\">Fikri Toros, k\u00fcresel geli\u015fmelerin KKTC\u2019ye de yans\u0131makta oldu\u011funu g\u00f6rd\u00fcklerini belirterek, yans\u0131malar\u0131n bir\u00e7ok sekt\u00f6rde belirgin \u015fekilde g\u00f6r\u00fcld\u00fc\u011f\u00fcn\u00fc s\u00f6yleyerek, alternatif sekt\u00f6rlerin kullan\u0131m\u0131 y\u00f6n\u00fcnde ad\u0131m at\u0131lmad\u0131\u011f\u0131n\u0131 kaydetti.<\/span><\/span><\/span><\/span><\/p>\n<p style=\"text-align:left\"><span style=\"font-size:14px\"><span style=\"font-family:Arial,Helvetica,sans-serif\"><span style=\"color:#000000\"><span style=\"background-color:#ffffff\">&nbsp;<\/span><\/span><\/span><\/span><\/p>\n<p style=\"text-align:left\"><span style=\"font-size:14px\"><span style=\"font-family:Arial,Helvetica,sans-serif\"><span style=\"color:#000000\"><span style=\"background-color:#ffffff\">Toros, \u00fclkedeki teknoparklar\u0131n at\u0131l kald\u0131\u011f\u0131n\u0131, kara para aklanmas\u0131n\u0131n tehlikeli boyuta ula\u015ft\u0131\u011f\u0131n\u0131 belirterek T\u00fcrkiye\u2019de ve KKTC\u2019de kara para konusunda gelinen noktan\u0131n tehlikelerini anlatt\u0131.<\/span><\/span><\/span><\/span><\/p>\n<p style=\"text-align:left\"><span style=\"font-size:14px\"><span style=\"font-family:Arial,Helvetica,sans-serif\"><span style=\"color:#000000\"><span style=\"background-color:#ffffff\">&nbsp;<\/span><\/span><\/span><\/span><\/p>\n<p style=\"text-align:left\"><span style=\"font-size:14px\"><span style=\"font-family:Arial,Helvetica,sans-serif\"><span style=\"color:#000000\"><span style=\"background-color:#ffffff\">\u00dclkenin gri listede olmas\u0131n\u0131n her ekonomik faaliyeti olumsuz etkileyece\u011fine dikkat \u00e7eken Toros, yabanc\u0131 faaliyetlerde de ciddi olumsuzluklar ya\u015fanaca\u011f\u0131n\u0131 kaydetti.<\/span><\/span><\/span><\/span><\/p>\n<p style=\"text-align:left\"><span style=\"font-size:14px\"><span style=\"font-family:Arial,Helvetica,sans-serif\"><span style=\"color:#000000\"><span style=\"background-color:#ffffff\">&nbsp;<\/span><\/span><\/span><\/span><\/p>\n<p style=\"text-align:left\"><span style=\"font-size:14px\"><span style=\"font-family:Arial,Helvetica,sans-serif\"><span style=\"color:#000000\"><span style=\"background-color:#ffffff\">Fikri Toros, gayrimenkul piyasas\u0131nda ya\u015fananlara de\u011finerek, bu sekt\u00f6rde ya\u015fanacak olumsuzluklara etkili politikalar \u00fcretilmesi gerekti\u011fini belirtti.<\/span><\/span><\/span><\/span><\/p>\n<p style=\"text-align:left\"><span style=\"font-size:14px\"><span style=\"font-family:Arial,Helvetica,sans-serif\"><span style=\"color:#000000\"><span style=\"background-color:#ffffff\">&nbsp;<\/span><\/span><\/span><\/span><\/p>\n<p style=\"text-align:left\"><span style=\"font-size:14px\"><span style=\"font-family:Arial,Helvetica,sans-serif\"><span style=\"color:#000000\"><span style=\"background-color:#ffffff\">K\u0131br\u0131s sorununun halen devam etmesinin ekonominin \u00f6n\u00fcndeki en b\u00fcy\u00fck engel oldu\u011funu s\u00f6yleyen Toros, enerji sorununda da en b\u00fcy\u00fck sorunun K\u0131br\u0131s sorunu oldu\u011funu belirtti.<\/span><\/span><\/span><\/span><\/p>\n<p style=\"text-align:left\"><span style=\"font-size:14px\"><span style=\"font-family:Arial,Helvetica,sans-serif\"><span style=\"color:#000000\"><span style=\"background-color:#ffffff\">&nbsp;<\/span><\/span><\/span><\/span><\/p>\n<p style=\"text-align:left\"><span style=\"font-size:14px\"><span style=\"font-family:Arial,Helvetica,sans-serif\"><span style=\"color:#000000\"><span style=\"background-color:#ffffff\">Bili\u015fim sekt\u00f6r\u00fc, kay\u0131t d\u0131\u015f\u0131l\u0131k, kara para aklama sorunu gibi sorunlara dikkat \u00e7eken Toros, \u00fcretimin azald\u0131\u011f\u0131n\u0131 vurgulad\u0131 ve tar\u0131m sekt\u00f6r\u00fcnde \u00e7ok b\u00fcy\u00fck at\u0131l bir potansiyel bulundu\u011funu kaydetti.<\/span><\/span><\/span><\/span><\/p>\n<p style=\"text-align:left\"><span style=\"font-size:14px\"><span style=\"font-family:Arial,Helvetica,sans-serif\"><span style=\"color:#000000\"><span style=\"background-color:#ffffff\">&nbsp;<\/span><\/span><\/span><\/span><\/p>\n<p style=\"text-align:left\"><span style=\"font-size:14px\"><span style=\"font-family:Arial,Helvetica,sans-serif\"><span style=\"color:#000000\"><span style=\"background-color:#ffffff\">Enerji alan\u0131nda yap\u0131lacak d\u00fczenlemelerde katk\u0131 koyacaklar\u0131n\u0131 dile getiren Toros, kabloyla elektrik sistemine entegre olman\u0131n enerji politikalar\u0131n\u0131n ba\u015f\u0131nda olmas\u0131 gerekti\u011fini belirtti.<\/span><\/span><\/span><\/span><\/p>\n<p style=\"text-align:left\"><span style=\"font-size:14px\"><span style=\"font-family:Arial,Helvetica,sans-serif\"><span style=\"color:#000000\"><span style=\"background-color:#ffffff\">&nbsp;<\/span><\/span><\/span><\/span><\/p>\n<p style=\"text-align:left\"><span style=\"font-size:14px\"><span style=\"font-family:Arial,Helvetica,sans-serif\"><span style=\"color:#000000\"><span style=\"background-color:#ffffff\">Kara paran\u0131n aklanmas\u0131yla alakal\u0131 olarak \u00e7ok acil \u00f6nlemlerin al\u0131nmas\u0131 gerekti\u011fini s\u00f6yleyen Fikri Toros, su\u00e7lar\u0131n aklanmas\u0131 konusunda yasa haz\u0131rlanmas\u0131n\u0131n \u00f6nemine vurgu yapt\u0131 ve bir\u00e7ok konuda bekleyen yasalar\u0131n da d\u00fczenlenmesi gerekti\u011fini kaydetti.<\/span><\/span><\/span><\/span><\/p>\n<p style=\"text-align:left\"><span style=\"font-size:14px\"><span style=\"font-family:Arial,Helvetica,sans-serif\"><span style=\"color:#000000\"><span style=\"background-color:#ffffff\">&nbsp;<\/span><\/span><\/span><\/span><\/p>\n<p style=\"text-align:left\"><span style=\"font-size:14px\"><span style=\"font-family:Arial,Helvetica,sans-serif\"><span style=\"color:#000000\"><span style=\"background-color:#ffffff\">Sermaye Piyasas\u0131 Kurulu\u2019nun da bir an \u00f6nce kurulmas\u0131 gerekti\u011fini dile getiren Toros, bakanl\u0131\u011f\u0131n Maliye Bakanl\u0131\u011f\u0131\u2019yla i\u015f birli\u011fi i\u00e7erisinde \u00e7al\u0131\u015fmas\u0131 ve konular\u0131n da g\u00fcncellenmesi gerekti\u011fini belirtti.<\/span><\/span><\/span><\/span><\/p>\n<p style=\"text-align:left\"><span style=\"font-size:14px\"><span style=\"font-family:Arial,Helvetica,sans-serif\"><span style=\"color:#000000\"><span style=\"background-color:#ffffff\">&nbsp;<\/span><\/span><\/span><\/span><\/p>\n<p style=\"text-align:left\"><span style=\"font-size:14px\"><span style=\"font-family:Arial,Helvetica,sans-serif\"><span style=\"color:#000000\"><span style=\"background-color:#ffffff\">CTP Milletvekili Fikri Toros, GSMH\u2019n\u0131n art\u0131r\u0131lmas\u0131n\u0131n \u015fart oldu\u011funu kaydederek, bunun i\u00e7in de tar\u0131m ve sanayi gibi konulara \u00f6ncelik verilecek politikalar \u00fcretilmesi gerekti\u011fini s\u00f6yledi.<\/span><\/span><\/span><\/span><\/p>\n<p style=\"text-align:left\"><span style=\"font-size:14px\"><span style=\"font-family:Arial,Helvetica,sans-serif\"><span style=\"color:#000000\"><span style=\"background-color:#ffffff\">&nbsp;<\/span><\/span><\/span><\/span><\/p>\n<p style=\"text-align:left\"><span style=\"font-size:14px\"><span style=\"font-family:Arial,Helvetica,sans-serif\"><span style=\"color:#000000\"><span style=\"background-color:#ffffff\">K\u0131b-Tek ile ilgili \u00fcretim faaliyetlerine y\u00f6nelik a\u00e7\u0131lan ihaleleri de soran Toros, enerji konusunda yol g\u00f6sterecek ve politika \u00fcretecek bakanl\u0131\u011f\u0131n Ekonomi ve Enerji Bakanl\u0131\u011f\u0131 oldu\u011funu bildiklerini ve yap\u0131lacak yat\u0131r\u0131mlar konusunda bilgi istediklerini belirtti.<\/span><\/span><\/span><\/span><\/p>\n<p style=\"text-align:left\"><span style=\"font-size:14px\"><span style=\"font-family:Arial,Helvetica,sans-serif\"><span style=\"color:#000000\"><span style=\"background-color:#ffffff\">&nbsp;<\/span><\/span><\/span><\/span><\/p>\n<p style=\"text-align:left\"><span style=\"font-size:14px\"><span style=\"font-family:Arial,Helvetica,sans-serif\"><span style=\"color:#000000\"><span style=\"background-color:#ffffff\">AKSA ile yap\u0131lan s\u00f6zle\u015fmenin malum oldu\u011funu dile getiren Toros, rekabet edebilecek ko\u015fullar\u0131n ortadan kald\u0131ran ve K\u0131b-Tek\u2019te ihalesiz yap\u0131lan bu anla\u015fmalar\u0131 sert ifadelerle k\u0131nad\u0131.<\/span><\/span><\/span><\/span><\/p>\n<p style=\"text-align:left\"><span style=\"font-size:14px\"><span style=\"font-family:Arial,Helvetica,sans-serif\"><span style=\"color:#000000\"><span style=\"background-color:#ffffff\">&nbsp;<\/span><\/span><\/span><\/span><\/p>\n<p style=\"text-align:left\"><span style=\"font-size:14px\"><span style=\"font-family:Arial,Helvetica,sans-serif\"><span style=\"color:#000000\"><span style=\"background-color:#ffffff\">-Bar\u00e7\u0131n<\/span><\/span><\/span><\/span><\/p>\n<p style=\"text-align:left\"><span style=\"font-size:14px\"><span style=\"font-family:Arial,Helvetica,sans-serif\"><span style=\"color:#000000\"><span style=\"background-color:#ffffff\">&nbsp;<\/span><\/span><\/span><\/span><\/p>\n<p style=\"text-align:left\"><span style=\"font-size:14px\"><span style=\"font-family:Arial,Helvetica,sans-serif\"><span style=\"color:#000000\"><span style=\"background-color:#ffffff\">CTP Milletvekili Devrim Bar\u00e7\u0131n da konu\u015fmas\u0131nda, Maliye bakanl\u0131\u011f\u0131n\u0131n haz\u0131rlad\u0131\u011f\u0131 orta vadeli b\u00fct\u00e7e \u00e7er\u00e7evesinde verilerin haz\u0131r olmamas\u0131 gerekti\u011fini dile getirdi.<\/span><\/span><\/span><\/span><\/p>\n<p style=\"text-align:left\"><span style=\"font-size:14px\"><span style=\"font-family:Arial,Helvetica,sans-serif\"><span style=\"color:#000000\"><span style=\"background-color:#ffffff\">&nbsp;<\/span><\/span><\/span><\/span><\/p>\n<p style=\"text-align:left\"><span style=\"font-size:14px\"><span style=\"font-family:Arial,Helvetica,sans-serif\"><span style=\"color:#000000\"><span style=\"background-color:#ffffff\">Kalk\u0131nma plan\u0131n\u0131n haz\u0131rland\u0131\u011f\u0131n\u0131 ve bu haz\u0131rl\u0131klar\u0131n \u015eirketler Mukayyitli\u011fini de ilgilendirdi\u011fini dile getiren Bar\u00e7\u0131n, bir ki\u015fi \u015firket kurmadan \u00f6nce Devlet Planlama \u00d6rg\u00fct\u00fc\u2019nden onay al\u0131nmadan mukayyitli\u011fin izin vermeyece\u011finin bilinip bilinmedi\u011fini sordu.<\/span><\/span><\/span><\/span><\/p>\n<p style=\"text-align:left\"><span style=\"font-size:14px\"><span style=\"font-family:Arial,Helvetica,sans-serif\"><span style=\"color:#000000\"><span style=\"background-color:#ffffff\">&nbsp;<\/span><\/span><\/span><\/span><\/p>\n<p style=\"text-align:left\"><span style=\"font-size:14px\"><span style=\"font-family:Arial,Helvetica,sans-serif\"><span style=\"color:#000000\"><span style=\"background-color:#ffffff\">-\u00d6zuslu<\/span><\/span><\/span><\/span><\/p>\n<p style=\"text-align:left\"><span style=\"font-size:14px\"><span style=\"font-family:Arial,Helvetica,sans-serif\"><span style=\"color:#000000\"><span style=\"background-color:#ffffff\">Daha sonra CTP Milletvekili Sami \u00d6zuslu s\u00f6z alarak, KKTC ekonomisinin en b\u00fcy\u00fck sorununun TL kullan\u0131m\u0131 oldu\u011funu s\u00f6yledi.<\/span><\/span><\/span><\/span><\/p>\n<p style=\"text-align:left\"><span style=\"font-size:14px\"><span style=\"font-family:Arial,Helvetica,sans-serif\"><span style=\"color:#000000\"><span style=\"background-color:#ffffff\">&nbsp;<\/span><\/span><\/span><\/span><\/p>\n<p style=\"text-align:left\"><span style=\"font-size:14px\"><span style=\"font-family:Arial,Helvetica,sans-serif\"><span style=\"color:#000000\"><span style=\"background-color:#ffffff\">Giderlerin d\u00f6viz oldu\u011fu \u00fclkede gelirlerin de bu \u015fekilde istikrarl\u0131 bir muhasebe \u015feklinde yap\u0131labilmesi gerekti\u011fini dile getiren \u00d6zuslu, gelir da\u011f\u0131l\u0131m\u0131ndaki adaletsizli\u011fe de vurgu yaparak, \u00fclkede y\u00fczde 14\u2019l\u00fck bir k\u0131sm\u0131n a\u00e7l\u0131k s\u0131n\u0131r\u0131n\u0131n alt\u0131nda ya\u015fad\u0131\u011f\u0131n\u0131 belirtti.<\/span><\/span><\/span><\/span><\/p>\n<p style=\"text-align:left\"><span style=\"font-size:14px\"><span style=\"font-family:Arial,Helvetica,sans-serif\"><span style=\"color:#000000\"><span style=\"background-color:#ffffff\">&nbsp;<\/span><\/span><\/span><\/span><\/p>\n<p style=\"text-align:left\"><span style=\"font-size:14px\"><span style=\"font-family:Arial,Helvetica,sans-serif\"><span style=\"color:#000000\"><span style=\"background-color:#ffffff\">Yay\u0131n kurulu\u015flar\u0131n\u0131n, Rekabet Kurulunun da g\u00fcndemine gelen haks\u0131z uygulamalar\u0131 beraberinde getirdi\u011fini dile getiren \u00d6zuslu, K\u0131br\u0131s T\u00fcrk bas\u0131n\u0131na bu ayr\u0131mc\u0131l\u0131ktan kurtulma imkan\u0131 verilmedi\u011fini kaydetti.<\/span><\/span><\/span><\/span><\/p>\n<p style=\"text-align:left\"><span style=\"font-size:14px\"><span style=\"font-family:Arial,Helvetica,sans-serif\"><span style=\"color:#000000\"><span style=\"background-color:#ffffff\">&nbsp;<\/span><\/span><\/span><\/span><\/p>\n<p style=\"text-align:left\"><span style=\"font-size:14px\"><span style=\"font-family:Arial,Helvetica,sans-serif\"><span style=\"color:#000000\"><span style=\"background-color:#ffffff\">\u00dclkede haks\u0131z rekabet ya\u015fand\u0131\u011f\u0131na dikkat \u00e7eken \u00d6zuslu, T\u00fcrkiye Cumhuriyeti\u2019ndeki \u015firketlerin KKTC ekonomisine katk\u0131s\u0131n\u0131n ne oldu\u011funu sordu ve \u00fclkede \u00fcretilen \u00fcr\u00fcnlerin di\u011fer \u00fclkelerdeki \u00fcr\u00fcnlerle rekabet g\u00fcc\u00fcn\u00fcn olmad\u0131\u011f\u0131n\u0131 belirtti.<\/span><\/span><\/span><\/span><\/p>\n<p style=\"text-align:left\"><span style=\"font-size:14px\"><span style=\"font-family:Arial,Helvetica,sans-serif\"><span style=\"color:#000000\"><span style=\"background-color:#ffffff\">&nbsp;<\/span><\/span><\/span><\/span><\/p>\n<p style=\"text-align:left\"><span style=\"font-size:14px\"><span style=\"font-family:Arial,Helvetica,sans-serif\"><span style=\"color:#000000\"><span style=\"background-color:#ffffff\">Denetimsizlikten de bahseden \u00d6zuslu, bakanl\u0131\u011f\u0131n en fazla ele\u015ftirildi\u011fi noktan\u0131n fahi\u015f fiyatlara kar\u015f\u0131 denetim yap\u0131lmamas\u0131 oldu\u011funu dile getirerek, \u201cYetkiniz mi yok, niyetiniz mi yok. Yeriniz mi dar?\u201d ifadelerini kulland\u0131.<\/span><\/span><\/span><\/span><\/p>\n<p style=\"text-align:left\"><span style=\"font-size:14px\"><span style=\"font-family:Arial,Helvetica,sans-serif\"><span style=\"color:#000000\"><span style=\"background-color:#ffffff\">&nbsp;<\/span><\/span><\/span><\/span><\/p>\n<p style=\"text-align:left\"><span style=\"font-size:14px\"><span style=\"font-family:Arial,Helvetica,sans-serif\"><span style=\"color:#000000\"><span style=\"background-color:#ffffff\">Sami \u00d6zuslu, t\u00fcketicilerin korunmas\u0131 konusunda da ciddi eksiklikler oldu\u011funu kaydederek, ALO t\u00fcketici hatt\u0131n\u0131n gere\u011fini yap\u0131p yapmad\u0131\u011f\u0131n\u0131 sordu ve bu konuda da bir bilin\u00e7lenme kampanyas\u0131 gerekti\u011fini belirtti.<\/span><\/span><\/span><\/span><\/p>\n<p style=\"text-align:left\"><span style=\"font-size:14px\"><span style=\"font-family:Arial,Helvetica,sans-serif\"><span style=\"color:#000000\"><span style=\"background-color:#ffffff\">&nbsp;<\/span><\/span><\/span><\/span><\/p>\n<p style=\"text-align:left\"><span style=\"font-size:14px\"><span style=\"font-family:Arial,Helvetica,sans-serif\"><span style=\"color:#000000\"><span style=\"background-color:#ffffff\">Organize sanayi b\u00f6lgelerine de\u011finen \u00d6zuslu, Sanayi B\u00f6lgesi\u2019nde bir yetki karma\u015fas\u0131 ya\u015fand\u0131\u011f\u0131n\u0131 belirtti ve buradaki sorunun ne durumda oldu\u011funu sordu.<\/span><\/span><\/span><\/span><\/p>\n<p style=\"text-align:left\"><span style=\"font-size:14px\"><span style=\"font-family:Arial,Helvetica,sans-serif\"><span style=\"color:#000000\"><span style=\"background-color:#ffffff\">&nbsp;<\/span><\/span><\/span><\/span><\/p>\n<p style=\"text-align:left\"><span style=\"font-size:14px\"><span style=\"font-family:Arial,Helvetica,sans-serif\"><span style=\"color:#000000\"><span style=\"background-color:#ffffff\">Ge\u00e7i\u015f kap\u0131lar\u0131n\u0131n art\u0131r\u0131lmas\u0131 konusuna da de\u011finin \u00d6zuslu, \u201cNeden kap\u0131 a\u00e7\u0131lmas\u0131n\u0131 istemezsiniz? Bir kap\u0131 daha a\u00e7\u0131lmas\u0131 gerekir.\u201d diyerek bu ge\u00e7i\u015flerin ekonomiye katk\u0131 yapt\u0131\u011f\u0131n\u0131 s\u00f6yledi.<\/span><\/span><\/span><\/span><\/p>\n<p style=\"text-align:left\"><span style=\"font-size:14px\"><span style=\"font-family:Arial,Helvetica,sans-serif\"><span style=\"color:#000000\"><span style=\"background-color:#ffffff\">&nbsp;<\/span><\/span><\/span><\/span><\/p>\n<p style=\"text-align:left\"><span style=\"font-size:14px\"><span style=\"font-family:Arial,Helvetica,sans-serif\"><span style=\"color:#000000\"><span style=\"background-color:#ffffff\">-\u0130ncirli<\/span><\/span><\/span><\/span><\/p>\n<p style=\"text-align:left\"><span style=\"font-size:14px\"><span style=\"font-family:Arial,Helvetica,sans-serif\"><span style=\"color:#000000\"><span style=\"background-color:#ffffff\">CTP Milletvekili S\u0131la Usar \u0130ncirli de konu\u015fmas\u0131nda, \u00fclkenin \u00e7ok beklentisi oldu\u011fu bir b\u00fct\u00e7e g\u00f6r\u00fc\u015f\u00fcld\u00fc\u011f\u00fcn\u00fc s\u00f6yledi.<\/span><\/span><\/span><\/span><\/p>\n<p style=\"text-align:left\"><span style=\"font-size:14px\"><span style=\"font-family:Arial,Helvetica,sans-serif\"><span style=\"color:#000000\"><span style=\"background-color:#ffffff\">&nbsp;<\/span><\/span><\/span><\/span><\/p>\n<p style=\"text-align:left\"><span style=\"font-size:14px\"><span style=\"font-family:Arial,Helvetica,sans-serif\"><span style=\"color:#000000\"><span style=\"background-color:#ffffff\">Sanayi b\u00f6lgelerinin \u00f6nemli bir k\u0131sm\u0131n\u0131n, i\u00e7ine girilemeyecek kadar k\u00f6t\u00fc durumda oldu\u011funu kaydeden \u0130ncirli, sanayi b\u00f6lgelerine yeterli alt yap\u0131 yat\u0131r\u0131m\u0131 yap\u0131lmazken siyasi istismar yap\u0131ld\u0131\u011f\u0131n\u0131 ve yetki kimdedir karma\u015fas\u0131ndan dolay\u0131 da \u00e7arp\u0131k yap\u0131la\u015fmaya devam edildi\u011fini ifade etti.<\/span><\/span><\/span><\/span><\/p>\n<p style=\"text-align:left\"><span style=\"font-size:14px\"><span style=\"font-family:Arial,Helvetica,sans-serif\"><span style=\"color:#000000\"><span style=\"background-color:#ffffff\">&nbsp;<\/span><\/span><\/span><\/span><\/p>\n<p style=\"text-align:left\"><span style=\"font-size:14px\"><span style=\"font-family:Arial,Helvetica,sans-serif\"><span style=\"color:#000000\"><span style=\"background-color:#ffffff\">Sanayi b\u00f6lgelerinde en \u00f6nemli sorunun yang\u0131n riski oldu\u011funu vurgulayan \u0130ncirli, yang\u0131n riskinin g\u00f6z \u00f6n\u00fcnde bulundurulmas\u0131 ve su drenajlar\u0131 sorunu olmas\u0131ndan dolay\u0131 da s\u00fcrekli su bask\u0131n\u0131 ya\u015fand\u0131\u011f\u0131n\u0131 belirtti.<\/span><\/span><\/span><\/span><\/p>\n<p style=\"text-align:left\"><span style=\"font-size:14px\"><span style=\"font-family:Arial,Helvetica,sans-serif\"><span style=\"color:#000000\"><span style=\"background-color:#ffffff\">&nbsp;<\/span><\/span><\/span><\/span><\/p>\n<p style=\"text-align:left\"><span style=\"font-size:14px\"><span style=\"font-family:Arial,Helvetica,sans-serif\"><span style=\"color:#000000\"><span style=\"background-color:#ffffff\">Altyap\u0131 sorununun ne zaman \u00e7\u00f6z\u00fclece\u011fini soran \u0130ncirli, TC kaynakl\u0131 olmas\u0131 halinde de ise bu kaynaklar\u0131n ne zaman gelece\u011fini ve ne zaman yap\u0131laca\u011f\u0131n\u0131n bilinmesi gerekti\u011fini kaydetti.<\/span><\/span><\/span><\/span><\/p>\n<p style=\"text-align:left\"><span style=\"font-size:14px\"><span style=\"font-family:Arial,Helvetica,sans-serif\"><span style=\"color:#000000\"><span style=\"background-color:#ffffff\">&nbsp;<\/span><\/span><\/span><\/span><\/p>\n<p style=\"text-align:left\"><span style=\"font-size:14px\"><span style=\"font-family:Arial,Helvetica,sans-serif\"><span style=\"color:#000000\"><span style=\"background-color:#ffffff\">\u0130thalat ihracat deste\u011finin nas\u0131l kurulaca\u011f\u0131n\u0131 soran \u0130ncirli, \u00fcretimin g\u00fc\u00e7lendirilmesi gerekti\u011fini s\u00f6yledi ve bunlar\u0131n yap\u0131lmamas\u0131 halinde ise \u201cRakamalar bizi yutar\u201d ifadelerini kulland\u0131.<\/span><\/span><\/span><\/span><\/p>\n<p style=\"text-align:left\"><span style=\"font-size:14px\"><span style=\"font-family:Arial,Helvetica,sans-serif\"><span style=\"color:#000000\"><span style=\"background-color:#ffffff\">&nbsp;<\/span><\/span><\/span><\/span><\/p>\n<p style=\"text-align:left\"><span style=\"font-size:14px\"><span style=\"font-family:Arial,Helvetica,sans-serif\"><span style=\"color:#000000\"><span style=\"background-color:#ffffff\">Sanayi b\u00f6lgelerinde sa\u011fl\u0131k ko\u015fullar\u0131n\u0131n da s\u0131k\u0131nt\u0131 oldu\u011funu dile getiren \u0130ncirli, kirlili\u011fin sanayi b\u00f6lgelerinde b\u00fcy\u00fcd\u00fc\u011f\u00fcn\u00fc ve sahipsiz k\u00f6peklerin bu b\u00f6lgelerde insan ve \u00e7evre sa\u011fl\u0131\u011f\u0131n\u0131 tehdit etti\u011fini belirtti.<\/span><\/span><\/span><\/span><\/p>\n<p style=\"text-align:left\"><span style=\"font-size:14px\"><span style=\"font-family:Arial,Helvetica,sans-serif\"><span style=\"color:#000000\"><span style=\"background-color:#ffffff\">&nbsp;<\/span><\/span><\/span><\/span><\/p>\n<p style=\"text-align:left\"><span style=\"font-size:14px\"><span style=\"font-family:Arial,Helvetica,sans-serif\"><span style=\"color:#000000\"><span style=\"background-color:#ffffff\">Bu t\u00fcr olaylarda koordinasyonun bakanl\u0131kta oldu\u011funu an\u0131msatan \u0130ncirli, bu konuda mutsuz ve endi\u015feli oldu\u011funu kaydetti.<\/span><\/span><\/span><\/span><\/p>\n<p style=\"text-align:left\"><span style=\"font-size:14px\"><span style=\"font-family:Arial,Helvetica,sans-serif\"><span style=\"color:#000000\"><span style=\"background-color:#ffffff\">&nbsp;<\/span><\/span><\/span><\/span><\/p>\n<p style=\"text-align:left\"><span style=\"font-size:14px\"><span style=\"font-family:Arial,Helvetica,sans-serif\"><span style=\"color:#000000\"><span style=\"background-color:#ffffff\">Gen\u00e7lere ve kad\u0131nlara te\u015fviklerin art\u0131r\u0131lmas\u0131 gerekti\u011fine de vurgu yapan \u0130ncirli, \u00fclkede ge\u00e7i\u015f noktalar\u0131n\u0131n art\u0131r\u0131lmas\u0131n\u0131n da b\u00fcy\u00fck \u00f6nem ta\u015f\u0131d\u0131\u011f\u0131n\u0131 s\u00f6yledi ve bu noktalar\u0131n art\u0131rt\u0131lmas\u0131n\u0131n art\u0131k \u015fart oldu\u011funu vurgulad\u0131.<\/span><\/span><\/span><\/span><\/p>\n<p style=\"text-align:left\"><span style=\"font-size:14px\"><span style=\"font-family:Arial,Helvetica,sans-serif\"><span style=\"color:#000000\"><span style=\"background-color:#ffffff\">&nbsp;<\/span><\/span><\/span><\/span><\/p>\n<p style=\"text-align:left\"><span style=\"font-size:14px\"><span style=\"font-family:Arial,Helvetica,sans-serif\"><span style=\"color:#000000\"><span style=\"background-color:#ffffff\">\u0130ncirli, bakanl\u0131\u011f\u0131n \u00e7ok \u00f6nemli ve yapmas\u0131 gerekti\u011fi bir\u00e7ok i\u015fi oldu\u011funa dikkat \u00e7ekerek, bakanl\u0131ktan tespit edilen sorunlara \u00e7\u00f6z\u00fcm \u00f6nerisi beklediklerini belirtti.<\/span><\/span><\/span><\/span><\/p>\n<p style=\"text-align:left\"><span style=\"font-size:14px\"><span style=\"font-family:Arial,Helvetica,sans-serif\"><span style=\"color:#000000\"><span style=\"background-color:#ffffff\">&nbsp;<\/span><\/span><\/span><\/span><\/p>\n<p style=\"text-align:left\"><span style=\"font-size:14px\"><span style=\"font-family:Arial,Helvetica,sans-serif\"><span style=\"color:#000000\"><span style=\"background-color:#ffffff\">-Solyal\u0131<\/span><\/span><\/span><\/span><\/p>\n<p style=\"text-align:left\"><span style=\"font-size:14px\"><span style=\"font-family:Arial,Helvetica,sans-serif\"><span style=\"color:#000000\"><span style=\"background-color:#ffffff\">CTP Milletvekili \u00dcr\u00fcn Solyal\u0131, Ekonomi ve Enerji Bakanl\u0131\u011f\u0131 b\u00fct\u00e7esinde enerjinin, hi\u00e7 bu b\u00fct\u00e7eye yans\u0131mad\u0131\u011f\u0131n\u0131 s\u00f6yledi.<\/span><\/span><\/span><\/span><\/p>\n<p style=\"text-align:left\"><span style=\"font-size:14px\"><span style=\"font-family:Arial,Helvetica,sans-serif\"><span style=\"color:#000000\"><span style=\"background-color:#ffffff\">&nbsp;<\/span><\/span><\/span><\/span><\/p>\n<p style=\"text-align:left\"><span style=\"font-size:14px\"><span style=\"font-family:Arial,Helvetica,sans-serif\"><span style=\"color:#000000\"><span style=\"background-color:#ffffff\">Enerjiyle alakal\u0131 politikalar, vizyon ve projeleri okuyamad\u0131klar\u0131n\u0131 dile getiren Solyal\u0131, b\u00fct\u00e7e i\u00e7erisinde enerji ile alakal\u0131 bir kalem bulamad\u0131klar\u0131n\u0131 kaydetti.<\/span><\/span><\/span><\/span><\/p>\n<p style=\"text-align:left\"><span style=\"font-size:14px\"><span style=\"font-family:Arial,Helvetica,sans-serif\"><span style=\"color:#000000\"><span style=\"background-color:#ffffff\">&nbsp;<\/span><\/span><\/span><\/span><\/p>\n<p style=\"text-align:left\"><span style=\"font-size:14px\"><span style=\"font-family:Arial,Helvetica,sans-serif\"><span style=\"color:#000000\"><span style=\"background-color:#ffffff\">Bakanl\u0131\u011f\u0131n bir gecede \u00f6zel bir \u015firketle enerji anla\u015fmas\u0131 yap\u0131ld\u0131\u011f\u0131n\u0131 dile getiren Solyal\u0131, enerjiyi \u00f6zel tekele aktarmakta hi\u00e7 teredd\u00fct edilmedi\u011fini belirtti ve kendilerine enerji konusunun anlat\u0131lmas\u0131n\u0131 istedi.<\/span><\/span><\/span><\/span><\/p>\n<p style=\"text-align:left\"><span style=\"font-size:14px\"><span style=\"font-family:Arial,Helvetica,sans-serif\"><span style=\"color:#000000\"><span style=\"background-color:#ffffff\">&nbsp;<\/span><\/span><\/span><\/span><\/p>\n<p style=\"text-align:left\"><span style=\"font-size:14px\"><span style=\"font-family:Arial,Helvetica,sans-serif\"><span style=\"color:#000000\"><span style=\"background-color:#ffffff\">-Amcao\u011flu<\/span><\/span><\/span><\/span><\/p>\n<p style=\"text-align:left\"><span style=\"font-size:14px\"><span style=\"font-family:Arial,Helvetica,sans-serif\"><span style=\"color:#000000\"><span style=\"background-color:#ffffff\">Ekonomi ve Enerji Bakan\u0131 Olgun Amcao\u011flu da s\u00f6z alarak enerji konusunu anlatmayaca\u011f\u0131n\u0131 anlatsa da vekilin \u201ckapasitesi\u201d olmad\u0131\u011f\u0131ndan dolay\u0131 anlayamayaca\u011f\u0131n\u0131 s\u00f6yledi.<\/span><\/span><\/span><\/span><\/p>\n<p style=\"text-align:left\"><span style=\"font-size:14px\"><span style=\"font-family:Arial,Helvetica,sans-serif\"><span style=\"color:#000000\"><span style=\"background-color:#ffffff\">&nbsp;<\/span><\/span><\/span><\/span><\/p>\n<p style=\"text-align:left\"><span style=\"font-size:14px\"><span style=\"font-family:Arial,Helvetica,sans-serif\"><span style=\"color:#000000\"><span style=\"background-color:#ffffff\">Bunun \u00fczerine komitede k\u0131sa s\u00fcreli tart\u0131\u015fma ya\u015fand\u0131.<\/span><\/span><\/span><\/span><\/p>\n<p style=\"text-align:left\"><span style=\"font-size:14px\"><span style=\"font-family:Arial,Helvetica,sans-serif\"><span style=\"color:#000000\"><span style=\"background-color:#ffffff\">&nbsp;<\/span><\/span><\/span><\/span><\/p>\n<p style=\"text-align:left\"><span style=\"font-size:14px\"><span style=\"font-family:Arial,Helvetica,sans-serif\"><span style=\"color:#000000\"><span style=\"background-color:#ffffff\">\u00dcr\u00fcn Soylal\u0131 da enerji ile alakal\u0131 bir c\u00fcmle g\u00f6rmedi\u011fini ve Enerji Bakanl\u0131\u011f\u0131n\u0131n nas\u0131l oldu\u011funu sordu.<\/span><\/span><\/span><\/span><\/p>\n<p style=\"text-align:left\"><span style=\"font-size:14px\"><span style=\"font-family:Arial,Helvetica,sans-serif\"><span style=\"color:#000000\"><span style=\"background-color:#ffffff\">&nbsp;<\/span><\/span><\/span><\/span><\/p>\n<p style=\"text-align:left\"><span style=\"font-size:14px\"><span style=\"font-family:Arial,Helvetica,sans-serif\"><span style=\"color:#000000\"><span style=\"background-color:#ffffff\">Ekonomiye dair bir vizyona ba\u011fl\u0131 bir b\u00fct\u00e7e modeli g\u00f6rmediklerini dile getiren Solyal\u0131, AR-GE, yat\u0131r\u0131m ve reel destek ad\u0131na yeterli bir b\u00fct\u00e7e olmamas\u0131 halinde birlikte art\u0131r\u0131ma gidilmesi gerekti\u011fini s\u00f6yledi.<\/span><\/span><\/span><\/span><\/p>\n<p style=\"text-align:left\"><span style=\"font-size:14px\"><span style=\"font-family:Arial,Helvetica,sans-serif\"><span style=\"color:#000000\"><span style=\"background-color:#ffffff\">&nbsp;<\/span><\/span><\/span><\/span><\/p>\n<p style=\"text-align:left\"><span style=\"font-size:14px\"><span style=\"font-family:Arial,Helvetica,sans-serif\"><span style=\"color:#000000\"><span style=\"background-color:#ffffff\">\u00dclkede orta kesim kalmad\u0131\u011f\u0131n\u0131 dile getiren Solyal\u0131, \u00fclkedeki kayb\u0131 giderecek politikalar\u0131 giderecek bir \u00f6nlem ve T\u00fcrkiye ile ek protokol imzalanma olas\u0131l\u0131\u011f\u0131 olup olmad\u0131\u011f\u0131n\u0131 sordu.<\/span><\/span><\/span><\/span><\/p>\n<p style=\"text-align:left\"><span style=\"font-size:14px\"><span style=\"font-family:Arial,Helvetica,sans-serif\"><span style=\"color:#000000\"><span style=\"background-color:#ffffff\">&nbsp;<\/span><\/span><\/span><\/span><\/p>\n<p style=\"text-align:left\"><span style=\"font-size:14px\"><span style=\"font-family:Arial,Helvetica,sans-serif\"><span style=\"color:#000000\"><span style=\"background-color:#ffffff\">Solyal\u0131, ekonomiyi y\u00f6netme modeli konusunda bilgi isteyerek, d\u00f6viz riskine kar\u015f\u0131 ne \u00f6nlem al\u0131nd\u0131\u011f\u0131n\u0131 sordu.<\/span><\/span><\/span><\/span><\/p>\n<p style=\"text-align:left\"><span style=\"font-size:14px\"><span style=\"font-family:Arial,Helvetica,sans-serif\"><span style=\"color:#000000\"><span style=\"background-color:#ffffff\">&nbsp;<\/span><\/span><\/span><\/span><\/p>\n<p style=\"text-align:left\"><span style=\"font-size:14px\"><span style=\"font-family:Arial,Helvetica,sans-serif\"><span style=\"color:#000000\"><span style=\"background-color:#ffffff\">\u0130nsanlar\u0131n TL \u00f6denip kredisini \u00f6deyemez durumda oldu\u011funa dikkat \u00e7eken Solyal\u0131, \u201cTabii ki bunlar ekonomiyi ilgilendirmez. Zaten enerji yok, ekonomi yok, hi\u00e7 sorumlulu\u011funuz yoktur&#8230;\u201d ifadelerini kulland\u0131.<\/span><\/span><\/span><\/span><\/p>\n<p style=\"text-align:left\"><span style=\"font-size:14px\"><span style=\"font-family:Arial,Helvetica,sans-serif\"><span style=\"color:#000000\"><span style=\"background-color:#ffffff\">&nbsp;<\/span><\/span><\/span><\/span><\/p>\n<p style=\"text-align:left\"><span style=\"font-size:14px\"><span style=\"font-family:Arial,Helvetica,sans-serif\"><span style=\"color:#000000\"><span style=\"background-color:#ffffff\">Rekabet Kurulu\u2019na iki y\u0131l bo\u015f tutularak daha sonra yap\u0131lan \u00fcye atamalar\u0131n\u0131 da ele\u015ftiren Solyal\u0131, atamalar\u0131 ele\u015ftirme haklar\u0131 oldu\u011funu kaydetti.<\/span><\/span><\/span><\/span><\/p>\n<p style=\"text-align:left\"><span style=\"font-size:14px\"><span style=\"font-family:Arial,Helvetica,sans-serif\"><span style=\"color:#000000\"><span style=\"background-color:#ffffff\">&nbsp;<\/span><\/span><\/span><\/span><\/p>\n<p style=\"text-align:left\"><span style=\"font-size:14px\"><span style=\"font-family:Arial,Helvetica,sans-serif\"><span style=\"color:#000000\"><span style=\"background-color:#ffffff\">Ekonomi ve Enerji Bakan\u0131 Olgun Amcao\u011flu da atamalar\u0131 ele\u015ftiren Solyal\u0131\u2019ya \u201cBir atamalar m\u0131 kald\u0131 ele\u015ftirmedi\u011fin?\u201d diye sordu.<\/span><\/span><\/span><\/span><\/p>\n<p style=\"text-align:left\"><span style=\"font-size:14px\"><span style=\"font-family:Arial,Helvetica,sans-serif\"><span style=\"color:#000000\"><span style=\"background-color:#ffffff\">&nbsp;<\/span><\/span><\/span><\/span><\/p>\n<p style=\"text-align:left\"><span style=\"font-size:14px\"><span style=\"font-family:Arial,Helvetica,sans-serif\"><span style=\"color:#000000\"><span style=\"background-color:#ffffff\">-\u015eahiner<\/span><\/span><\/span><\/span><\/p>\n<p style=\"text-align:left\"><span style=\"font-size:14px\"><span style=\"font-family:Arial,Helvetica,sans-serif\"><span style=\"color:#000000\"><span style=\"background-color:#ffffff\">CTP Milletvekili Salahi \u015eahiner de s\u00f6z alarak, b\u00fct\u00e7enin yetersiz oldu\u011funu s\u00f6yleyerek, \u201cBu b\u00fct\u00e7e sizin partiniz taraf\u0131ndan aya\u011f\u0131n\u0131z\u0131 kayd\u0131rmak i\u00e7in haz\u0131rlanan bir b\u00fct\u00e7edir.\u201d dedi.<\/span><\/span><\/span><\/span><\/p>\n<p style=\"text-align:left\"><span style=\"font-size:14px\"><span style=\"font-family:Arial,Helvetica,sans-serif\"><span style=\"color:#000000\"><span style=\"background-color:#ffffff\">&nbsp;<\/span><\/span><\/span><\/span><\/p>\n<p style=\"text-align:left\"><span style=\"font-size:14px\"><span style=\"font-family:Arial,Helvetica,sans-serif\"><span style=\"color:#000000\"><span style=\"background-color:#ffffff\">\u015eahiner, Ticaret Dairesi\u2019nin \u00f6zellikle daha etkin \u00e7al\u0131\u015fabilmesi i\u00e7in denetimlerini yapmas\u0131 ve kay\u0131t d\u0131\u015f\u0131nda kalanlar\u0131n kay\u0131t alt\u0131na al\u0131nabilmesi gerekti\u011fini dile getirdi.<\/span><\/span><\/span><\/span><\/p>\n<p style=\"text-align:left\"><span style=\"font-size:14px\"><span style=\"font-family:Arial,Helvetica,sans-serif\"><span style=\"color:#000000\"><span style=\"background-color:#ffffff\">&nbsp;<\/span><\/span><\/span><\/span><\/p>\n<p style=\"text-align:left\"><span style=\"font-size:14px\"><span style=\"font-family:Arial,Helvetica,sans-serif\"><span style=\"color:#000000\"><span style=\"background-color:#ffffff\">Enflasyonla m\u00fccadelenin bu bakanl\u0131\u011f\u0131n g\u00f6rev ve sorumluluklar\u0131 oldu\u011funu dile getiren \u015eahiner, insanlar\u0131n \u00fcretimden koptu\u011funu kaydetti ve \u00fcretim sekt\u00f6rlerini destekleyecek ekonomik bak\u0131\u015f a\u00e7\u0131s\u0131yla yola \u00e7\u0131kmak gerekti\u011fini kaydetti.<\/span><\/span><\/span><\/span><\/p>\n<p style=\"text-align:left\"><span style=\"font-size:14px\"><span style=\"font-family:Arial,Helvetica,sans-serif\"><span style=\"color:#000000\"><span style=\"background-color:#ffffff\">&nbsp;<\/span><\/span><\/span><\/span><\/p>\n<p style=\"text-align:left\"><span style=\"font-size:14px\"><span style=\"font-family:Arial,Helvetica,sans-serif\"><span style=\"color:#000000\"><span style=\"background-color:#ffffff\">Salahi \u015eahiner, yenilebilir enerjinin \u00fcretimde kullan\u0131lacak \u015feklinde verilebilece\u011fini dile getirerek, yerli \u00fcretimin ithalata kapat\u0131lmas\u0131n\u0131n enflasyon rakam\u0131n\u0131 \u00e7ok y\u00fckse\u011fe \u00e7ekilece\u011fin belirtti.<\/span><\/span><\/span><\/span><\/p>\n<p style=\"text-align:left\"><span style=\"font-size:14px\"><span style=\"font-family:Arial,Helvetica,sans-serif\"><span style=\"color:#000000\"><span style=\"background-color:#ffffff\">&nbsp;<\/span><\/span><\/span><\/span><\/p>\n<p style=\"text-align:left\"><span style=\"font-size:14px\"><span style=\"font-family:Arial,Helvetica,sans-serif\"><span style=\"color:#000000\"><span style=\"background-color:#ffffff\">Yerli sermayeye \u00e7ok \u00e7irkin davran\u0131ld\u0131\u011f\u0131n\u0131 s\u00f6yleyen \u015eahiner, yerli sermayeye hi\u00e7bir vergi muafiyeti yap\u0131lmazken, yabanc\u0131 sermayeye uygulanan vergi muafiyetiyle yerli sermayeye \u00e7ok ay\u0131p edildi\u011fini kaydetti.<\/span><\/span><\/span><\/span><\/p>\n<p style=\"text-align:left\"><span style=\"font-size:14px\"><span style=\"font-family:Arial,Helvetica,sans-serif\"><span style=\"color:#000000\"><span style=\"background-color:#ffffff\">&nbsp;<\/span><\/span><\/span><\/span><\/p>\n<p style=\"text-align:left\"><span style=\"font-size:14px\"><span style=\"font-family:Arial,Helvetica,sans-serif\"><span style=\"color:#000000\"><span style=\"background-color:#ffffff\">H\u00fck\u00fcmetin, halka ihanet s\u00f6zle\u015fmesi olarak nitelenen AKSA s\u00f6zle\u015fmesine imza att\u0131\u011f\u0131n\u0131 dile getiren \u015eahiner, halktan al\u0131nanlar\u0131n birka\u00e7 \u015firkete pe\u015fke\u015f \u00e7ekildi\u011fini savundu.<\/span><\/span><\/span><\/span><\/p>\n<p style=\"text-align:left\"><span style=\"font-size:14px\"><span style=\"font-family:Arial,Helvetica,sans-serif\"><span style=\"color:#000000\"><span style=\"background-color:#ffffff\">&nbsp;<\/span><\/span><\/span><\/span><\/p>\n<p style=\"text-align:left\"><span style=\"font-size:14px\"><span style=\"font-family:Arial,Helvetica,sans-serif\"><span style=\"color:#000000\"><span style=\"background-color:#ffffff\">Ticaret Dairesinin g\u00f6rev, yetki ve sorumluluklar\u0131n\u0131n \u00e7er\u00e7evesinin geni\u015f oldu\u011funa dikkat \u00e7eken \u015eahiner, baz\u0131 marketlerde reyondaki fiyat ile kasadaki fiyat aras\u0131nda farkl\u0131l\u0131klar oldu\u011funu kaydetti.<\/span><\/span><\/span><\/span><\/p>\n<p style=\"text-align:left\"><span style=\"font-size:14px\"><span style=\"font-family:Arial,Helvetica,sans-serif\"><span style=\"color:#000000\"><span style=\"background-color:#ffffff\">&nbsp;<\/span><\/span><\/span><\/span><\/p>\n<p style=\"text-align:left\"><span style=\"font-size:14px\"><span style=\"font-family:Arial,Helvetica,sans-serif\"><span style=\"color:#000000\"><span style=\"background-color:#ffffff\">G\u00fcneyle ticaretin \u00f6nemine dikkat \u00e7eken \u015eahiner, TL\u2019nin de\u011fer kayb\u0131ndan dolay\u0131 \u00fclkeye geli\u015fin artt\u0131\u011f\u0131n\u0131 s\u00f6yledi ve kap\u0131daki ge\u00e7i\u015flerin kolayla\u015ft\u0131r\u0131labilmesi i\u00e7in tek bir ad\u0131m at\u0131lmad\u0131\u011f\u0131n\u0131 belirtti ve bu konuya dahil olup olunamayaca\u011f\u0131n\u0131 sordu.<\/span><\/span><\/span><\/span><\/p>\n<p style=\"text-align:left\"><span style=\"font-size:14px\"><span style=\"font-family:Arial,Helvetica,sans-serif\"><span style=\"color:#000000\"><span style=\"background-color:#ffffff\">&nbsp;<\/span><\/span><\/span><\/span><\/p>\n<p style=\"text-align:left\"><span style=\"font-size:14px\"><span style=\"font-family:Arial,Helvetica,sans-serif\"><span style=\"color:#000000\"><span style=\"background-color:#ffffff\">Te\u015fviklendirme yasalar\u0131nda bir de\u011fi\u015fiklik olup olmad\u0131\u011f\u0131n\u0131 soran \u015eahiner, Rekabet Kurulu\u2019ndaki eksiklikleri de g\u00fcndeme getirerek, bu kurulun hayati bir \u00f6neme sahip oldu\u011funu ve geli\u015ftirilmesi gerekti\u011fini kaydetti.<\/span><\/span><\/span><\/span><\/p>\n<p style=\"text-align:left\"><span style=\"font-size:14px\"><span style=\"font-family:Arial,Helvetica,sans-serif\"><span style=\"color:#000000\"><span style=\"background-color:#ffffff\">&nbsp;<\/span><\/span><\/span><\/span><\/p>\n<p style=\"text-align:left\"><span style=\"font-size:14px\"><span style=\"font-family:Arial,Helvetica,sans-serif\"><span style=\"color:#000000\"><span style=\"background-color:#ffffff\">Serbest Liman\u2019daki i\u015fletmenin \u00f6nemine vurgu yapan \u015eahiner, orda bulunan posta kutusu kullan\u0131larak i\u015fletme kuranlar oldu\u011funu; bu nedenle denetimin \u00f6nemli oldu\u011funu belirtti.<\/span><\/span><\/span><\/span><\/p>\n<p style=\"text-align:left\"><span style=\"font-size:14px\"><span style=\"font-family:Arial,Helvetica,sans-serif\"><span style=\"color:#000000\"><span style=\"background-color:#ffffff\">&nbsp;<\/span><\/span><\/span><\/span><\/p>\n<p style=\"text-align:left\"><span style=\"font-size:14px\"><span style=\"font-family:Arial,Helvetica,sans-serif\"><span style=\"color:#000000\"><span style=\"background-color:#ffffff\">Ekonomi ve Enerji Bakan\u0131 Olgun Amcao\u011flu da s\u00f6z alarak buradaki denetimi sa\u011flayabilmek i\u00e7in yasa ve t\u00fcz\u00fcklerinde de\u011fi\u015fiklik yapt\u0131klar\u0131n\u0131 ve \u00e7al\u0131\u015fman\u0131n yak\u0131n zamanda bitece\u011fini kaydetti. &nbsp;<\/span><\/span><\/span><\/span><\/p>\n<p style=\"text-align:left\"><span style=\"font-size:14px\"><span style=\"font-family:Arial,Helvetica,sans-serif\"><span style=\"color:#000000\"><span style=\"background-color:#ffffff\">&nbsp;<\/span><\/span><\/span><\/span><\/p>\n<p style=\"text-align:left\"><span style=\"font-size:14px\"><span style=\"font-family:Arial,Helvetica,sans-serif\"><span style=\"color:#000000\"><span style=\"background-color:#ffffff\">\u015eahiner tekrar s\u00f6z alarak, bakanl\u0131\u011f\u0131n\u0131n alt\u0131 bo\u015falt\u0131lm\u0131\u015f olsa bile enerji konusunda iyi niyetli bir \u015feyler yap\u0131lmaya \u00e7al\u0131\u015f\u0131ld\u0131\u011f\u0131n\u0131 fakat o alanlar\u0131n da pe\u015fke\u015f \u00e7ekildi\u011fini kaydetti.<\/span><\/span><\/span><\/span><\/p>\n<p style=\"text-align:left\"><span style=\"font-size:14px\"><span style=\"font-family:Arial,Helvetica,sans-serif\"><span style=\"color:#000000\"><span style=\"background-color:#ffffff\">&nbsp;<\/span><\/span><\/span><\/span><\/p>\n<p style=\"text-align:left\"><span style=\"font-size:14px\"><span style=\"font-family:Arial,Helvetica,sans-serif\"><span style=\"color:#000000\"><span style=\"background-color:#ffffff\">Enerji \u00dcst Kurulu\u2019nun i\u015flevsel hi\u00e7bir \u015feyi kalmad\u0131\u011f\u0131n\u0131 dile getiren \u015eahiner, kurulun, \u00fclkede yap\u0131lacak yat\u0131r\u0131mlara y\u00f6n verecek d\u00fczeyde olmas\u0131 gerekti\u011fini belirtti.<\/span><\/span><\/span><\/span><\/p>\n<p style=\"text-align:left\"><span style=\"font-size:14px\"><span style=\"font-family:Arial,Helvetica,sans-serif\"><span style=\"color:#000000\"><span style=\"background-color:#ffffff\">B\u00fct\u00e7e g\u00f6r\u00fc\u015fmelerinde daha sonra oturuma bir saatlik yemek aras\u0131 verildi.<\/span><\/span><\/span><\/span><\/p>\n<p style=\"text-align:left\"><span style=\"font-size:14px\"><span style=\"font-family:Arial,Helvetica,sans-serif\"><span style=\"color:#000000\"><span style=\"background-color:#ffffff\">&nbsp;<\/span><\/span><\/span><\/span><\/p>\n","protected":false},"excerpt":{"rendered":"<p>\u0130lk s\u00f6z\u00fc CTP Milletvekili Fikri Toros ald\u0131. &nbsp; K\u00fcresel rekabete de\u011finin Toros, bat\u0131 \u00fclkelerindeki enflasyona i\u015faret ederek T\u00fcrkiye\u2019de ise mali politikalarda faiz oranlar\u0131n\u0131n y\u00fckseltilerek devasa enflasyonun \u00f6n\u00fcne ge\u00e7ilmeye \u00e7al\u0131\u015f\u0131ld\u0131\u011f\u0131n\u0131 dile getirdi. &nbsp; T\u00fcrk Liras\u0131\u2019n\u0131n d\u00f6viz kar\u015f\u0131s\u0131ndaki de\u011fer kayb\u0131n\u0131n, d\u00f6viz kurlar\u0131 yenilenmeyerek \u00f6nlendi\u011fini belirten Toros, bu uygulaman\u0131n tek ba\u015f\u0131na enflasyonu engellemede ba\u015far\u0131l\u0131 olmad\u0131\u011f\u0131n\u0131 kaydetti. &nbsp; KKTC\u2019de<\/p>\n","protected":false},"author":1,"featured_media":19390,"comment_status":"open","ping_status":"open","sticky":false,"template":"","format":"standard","meta":{"footnotes":""},"categories":[85],"tags":[],"class_list":["post-19389","post","type-post","status-publish","format-standard","has-post-thumbnail","hentry","category-spor"],"yoast_head":"<!-- This site is optimized with the Yoast SEO plugin v27.4 - https:\/\/yoast.com\/product\/yoast-seo-wordpress\/ -->\n<title>Ekonomi ve Enerji Bakanl\u0131\u011f\u0131 b\u00fct\u00e7esi komitede g\u00f6r\u00fc\u015f\u00fcl\u00fcyor -<\/title>\n<meta name=\"robots\" content=\"index, follow, max-snippet:-1, max-image-preview:large, max-video-preview:-1\" \/>\n<link rel=\"canonical\" href=\"https:\/\/kibrisdakik.com\/?p=19389\" \/>\n<meta property=\"og:locale\" content=\"tr_TR\" \/>\n<meta property=\"og:type\" content=\"article\" \/>\n<meta property=\"og:title\" content=\"Ekonomi ve Enerji Bakanl\u0131\u011f\u0131 b\u00fct\u00e7esi komitede g\u00f6r\u00fc\u015f\u00fcl\u00fcyor -\" \/>\n<meta property=\"og:description\" content=\"\u0130lk s\u00f6z\u00fc CTP Milletvekili Fikri Toros ald\u0131. &nbsp; K\u00fcresel rekabete de\u011finin Toros, bat\u0131 \u00fclkelerindeki enflasyona i\u015faret ederek T\u00fcrkiye\u2019de ise mali politikalarda faiz oranlar\u0131n\u0131n y\u00fckseltilerek devasa enflasyonun \u00f6n\u00fcne ge\u00e7ilmeye \u00e7al\u0131\u015f\u0131ld\u0131\u011f\u0131n\u0131 dile getirdi. &nbsp; T\u00fcrk Liras\u0131\u2019n\u0131n d\u00f6viz kar\u015f\u0131s\u0131ndaki de\u011fer kayb\u0131n\u0131n, d\u00f6viz kurlar\u0131 yenilenmeyerek \u00f6nlendi\u011fini belirten Toros, bu uygulaman\u0131n tek ba\u015f\u0131na enflasyonu engellemede ba\u015far\u0131l\u0131 olmad\u0131\u011f\u0131n\u0131 kaydetti. &nbsp; KKTC\u2019de\" \/>\n<meta property=\"og:url\" content=\"https:\/\/kibrisdakik.com\/?p=19389\" \/>\n<meta property=\"article:published_time\" content=\"2023-11-20T12:04:53+00:00\" \/>\n<meta property=\"og:image\" content=\"https:\/\/kibrisdakik.com\/wp-content\/uploads\/2023\/11\/ekonomi-ve-enerji-bakanligi-butcesi-komitede-gorusuluyor-1700481527.webp.webp\" \/>\n\t<meta property=\"og:image:width\" content=\"710\" \/>\n\t<meta property=\"og:image:height\" content=\"370\" \/>\n\t<meta property=\"og:image:type\" content=\"image\/webp\" \/>\n<meta name=\"author\" content=\"admin\" \/>\n<meta name=\"twitter:card\" content=\"summary_large_image\" \/>\n<meta name=\"twitter:label1\" content=\"Yazan:\" \/>\n\t<meta name=\"twitter:data1\" content=\"admin\" \/>\n\t<meta name=\"twitter:label2\" content=\"Tahmini okuma s\u00fcresi\" \/>\n\t<meta name=\"twitter:data2\" content=\"10 dakika\" \/>\n<script type=\"application\/ld+json\" class=\"yoast-schema-graph\">{\"@context\":\"https:\\\/\\\/schema.org\",\"@graph\":[{\"@type\":\"Article\",\"@id\":\"https:\\\/\\\/kibrisdakik.com\\\/?p=19389#article\",\"isPartOf\":{\"@id\":\"https:\\\/\\\/kibrisdakik.com\\\/?p=19389\"},\"author\":{\"name\":\"admin\",\"@id\":\"https:\\\/\\\/kibrisdakik.com\\\/#\\\/schema\\\/person\\\/9cd9d437bbb44f72b73ba127e06d8e79\"},\"headline\":\"Ekonomi ve Enerji Bakanl\u0131\u011f\u0131 b\u00fct\u00e7esi komitede g\u00f6r\u00fc\u015f\u00fcl\u00fcyor\",\"datePublished\":\"2023-11-20T12:04:53+00:00\",\"mainEntityOfPage\":{\"@id\":\"https:\\\/\\\/kibrisdakik.com\\\/?p=19389\"},\"wordCount\":2075,\"commentCount\":0,\"image\":{\"@id\":\"https:\\\/\\\/kibrisdakik.com\\\/?p=19389#primaryimage\"},\"thumbnailUrl\":\"https:\\\/\\\/kibrisdakik.com\\\/wp-content\\\/uploads\\\/2023\\\/11\\\/ekonomi-ve-enerji-bakanligi-butcesi-komitede-gorusuluyor-1700481527.webp.webp\",\"articleSection\":[\"Spor\"],\"inLanguage\":\"tr\",\"potentialAction\":[{\"@type\":\"CommentAction\",\"name\":\"Comment\",\"target\":[\"https:\\\/\\\/kibrisdakik.com\\\/?p=19389#respond\"]}]},{\"@type\":\"WebPage\",\"@id\":\"https:\\\/\\\/kibrisdakik.com\\\/?p=19389\",\"url\":\"https:\\\/\\\/kibrisdakik.com\\\/?p=19389\",\"name\":\"Ekonomi ve Enerji Bakanl\u0131\u011f\u0131 b\u00fct\u00e7esi komitede g\u00f6r\u00fc\u015f\u00fcl\u00fcyor -\",\"isPartOf\":{\"@id\":\"https:\\\/\\\/kibrisdakik.com\\\/#website\"},\"primaryImageOfPage\":{\"@id\":\"https:\\\/\\\/kibrisdakik.com\\\/?p=19389#primaryimage\"},\"image\":{\"@id\":\"https:\\\/\\\/kibrisdakik.com\\\/?p=19389#primaryimage\"},\"thumbnailUrl\":\"https:\\\/\\\/kibrisdakik.com\\\/wp-content\\\/uploads\\\/2023\\\/11\\\/ekonomi-ve-enerji-bakanligi-butcesi-komitede-gorusuluyor-1700481527.webp.webp\",\"datePublished\":\"2023-11-20T12:04:53+00:00\",\"author\":{\"@id\":\"https:\\\/\\\/kibrisdakik.com\\\/#\\\/schema\\\/person\\\/9cd9d437bbb44f72b73ba127e06d8e79\"},\"breadcrumb\":{\"@id\":\"https:\\\/\\\/kibrisdakik.com\\\/?p=19389#breadcrumb\"},\"inLanguage\":\"tr\",\"potentialAction\":[{\"@type\":\"ReadAction\",\"target\":[\"https:\\\/\\\/kibrisdakik.com\\\/?p=19389\"]}]},{\"@type\":\"ImageObject\",\"inLanguage\":\"tr\",\"@id\":\"https:\\\/\\\/kibrisdakik.com\\\/?p=19389#primaryimage\",\"url\":\"https:\\\/\\\/kibrisdakik.com\\\/wp-content\\\/uploads\\\/2023\\\/11\\\/ekonomi-ve-enerji-bakanligi-butcesi-komitede-gorusuluyor-1700481527.webp.webp\",\"contentUrl\":\"https:\\\/\\\/kibrisdakik.com\\\/wp-content\\\/uploads\\\/2023\\\/11\\\/ekonomi-ve-enerji-bakanligi-butcesi-komitede-gorusuluyor-1700481527.webp.webp\",\"width\":710,\"height\":370},{\"@type\":\"BreadcrumbList\",\"@id\":\"https:\\\/\\\/kibrisdakik.com\\\/?p=19389#breadcrumb\",\"itemListElement\":[{\"@type\":\"ListItem\",\"position\":1,\"name\":\"Home\",\"item\":\"https:\\\/\\\/kibrisdakik.com\\\/\"},{\"@type\":\"ListItem\",\"position\":2,\"name\":\"Ekonomi ve Enerji Bakanl\u0131\u011f\u0131 b\u00fct\u00e7esi komitede g\u00f6r\u00fc\u015f\u00fcl\u00fcyor\"}]},{\"@type\":\"WebSite\",\"@id\":\"https:\\\/\\\/kibrisdakik.com\\\/#website\",\"url\":\"https:\\\/\\\/kibrisdakik.com\\\/\",\"name\":\"\",\"description\":\"Tam vaktinde haber\",\"potentialAction\":[{\"@type\":\"SearchAction\",\"target\":{\"@type\":\"EntryPoint\",\"urlTemplate\":\"https:\\\/\\\/kibrisdakik.com\\\/?s={search_term_string}\"},\"query-input\":{\"@type\":\"PropertyValueSpecification\",\"valueRequired\":true,\"valueName\":\"search_term_string\"}}],\"inLanguage\":\"tr\"},{\"@type\":\"Person\",\"@id\":\"https:\\\/\\\/kibrisdakik.com\\\/#\\\/schema\\\/person\\\/9cd9d437bbb44f72b73ba127e06d8e79\",\"name\":\"admin\",\"image\":{\"@type\":\"ImageObject\",\"inLanguage\":\"tr\",\"@id\":\"https:\\\/\\\/secure.gravatar.com\\\/avatar\\\/ccc17943b9d660506c869530f897617f7cb1c21a4bf30023f252596d83e1f007?s=96&d=mm&r=g\",\"url\":\"https:\\\/\\\/secure.gravatar.com\\\/avatar\\\/ccc17943b9d660506c869530f897617f7cb1c21a4bf30023f252596d83e1f007?s=96&d=mm&r=g\",\"contentUrl\":\"https:\\\/\\\/secure.gravatar.com\\\/avatar\\\/ccc17943b9d660506c869530f897617f7cb1c21a4bf30023f252596d83e1f007?s=96&d=mm&r=g\",\"caption\":\"admin\"},\"sameAs\":[\"https:\\\/\\\/kibrisdakik.com\"],\"url\":\"https:\\\/\\\/kibrisdakik.com\\\/?author=1\"}]}<\/script>\n<!-- \/ Yoast SEO plugin. -->","yoast_head_json":{"title":"Ekonomi ve Enerji Bakanl\u0131\u011f\u0131 b\u00fct\u00e7esi komitede g\u00f6r\u00fc\u015f\u00fcl\u00fcyor -","robots":{"index":"index","follow":"follow","max-snippet":"max-snippet:-1","max-image-preview":"max-image-preview:large","max-video-preview":"max-video-preview:-1"},"canonical":"https:\/\/kibrisdakik.com\/?p=19389","og_locale":"tr_TR","og_type":"article","og_title":"Ekonomi ve Enerji Bakanl\u0131\u011f\u0131 b\u00fct\u00e7esi komitede g\u00f6r\u00fc\u015f\u00fcl\u00fcyor -","og_description":"\u0130lk s\u00f6z\u00fc CTP Milletvekili Fikri Toros ald\u0131. &nbsp; K\u00fcresel rekabete de\u011finin Toros, bat\u0131 \u00fclkelerindeki enflasyona i\u015faret ederek T\u00fcrkiye\u2019de ise mali politikalarda faiz oranlar\u0131n\u0131n y\u00fckseltilerek devasa enflasyonun \u00f6n\u00fcne ge\u00e7ilmeye \u00e7al\u0131\u015f\u0131ld\u0131\u011f\u0131n\u0131 dile getirdi. &nbsp; T\u00fcrk Liras\u0131\u2019n\u0131n d\u00f6viz kar\u015f\u0131s\u0131ndaki de\u011fer kayb\u0131n\u0131n, d\u00f6viz kurlar\u0131 yenilenmeyerek \u00f6nlendi\u011fini belirten Toros, bu uygulaman\u0131n tek ba\u015f\u0131na enflasyonu engellemede ba\u015far\u0131l\u0131 olmad\u0131\u011f\u0131n\u0131 kaydetti. &nbsp; KKTC\u2019de","og_url":"https:\/\/kibrisdakik.com\/?p=19389","article_published_time":"2023-11-20T12:04:53+00:00","og_image":[{"width":710,"height":370,"url":"https:\/\/kibrisdakik.com\/wp-content\/uploads\/2023\/11\/ekonomi-ve-enerji-bakanligi-butcesi-komitede-gorusuluyor-1700481527.webp.webp","type":"image\/webp"}],"author":"admin","twitter_card":"summary_large_image","twitter_misc":{"Yazan:":"admin","Tahmini okuma s\u00fcresi":"10 dakika"},"schema":{"@context":"https:\/\/schema.org","@graph":[{"@type":"Article","@id":"https:\/\/kibrisdakik.com\/?p=19389#article","isPartOf":{"@id":"https:\/\/kibrisdakik.com\/?p=19389"},"author":{"name":"admin","@id":"https:\/\/kibrisdakik.com\/#\/schema\/person\/9cd9d437bbb44f72b73ba127e06d8e79"},"headline":"Ekonomi ve Enerji Bakanl\u0131\u011f\u0131 b\u00fct\u00e7esi komitede g\u00f6r\u00fc\u015f\u00fcl\u00fcyor","datePublished":"2023-11-20T12:04:53+00:00","mainEntityOfPage":{"@id":"https:\/\/kibrisdakik.com\/?p=19389"},"wordCount":2075,"commentCount":0,"image":{"@id":"https:\/\/kibrisdakik.com\/?p=19389#primaryimage"},"thumbnailUrl":"https:\/\/kibrisdakik.com\/wp-content\/uploads\/2023\/11\/ekonomi-ve-enerji-bakanligi-butcesi-komitede-gorusuluyor-1700481527.webp.webp","articleSection":["Spor"],"inLanguage":"tr","potentialAction":[{"@type":"CommentAction","name":"Comment","target":["https:\/\/kibrisdakik.com\/?p=19389#respond"]}]},{"@type":"WebPage","@id":"https:\/\/kibrisdakik.com\/?p=19389","url":"https:\/\/kibrisdakik.com\/?p=19389","name":"Ekonomi ve Enerji Bakanl\u0131\u011f\u0131 b\u00fct\u00e7esi komitede g\u00f6r\u00fc\u015f\u00fcl\u00fcyor -","isPartOf":{"@id":"https:\/\/kibrisdakik.com\/#website"},"primaryImageOfPage":{"@id":"https:\/\/kibrisdakik.com\/?p=19389#primaryimage"},"image":{"@id":"https:\/\/kibrisdakik.com\/?p=19389#primaryimage"},"thumbnailUrl":"https:\/\/kibrisdakik.com\/wp-content\/uploads\/2023\/11\/ekonomi-ve-enerji-bakanligi-butcesi-komitede-gorusuluyor-1700481527.webp.webp","datePublished":"2023-11-20T12:04:53+00:00","author":{"@id":"https:\/\/kibrisdakik.com\/#\/schema\/person\/9cd9d437bbb44f72b73ba127e06d8e79"},"breadcrumb":{"@id":"https:\/\/kibrisdakik.com\/?p=19389#breadcrumb"},"inLanguage":"tr","potentialAction":[{"@type":"ReadAction","target":["https:\/\/kibrisdakik.com\/?p=19389"]}]},{"@type":"ImageObject","inLanguage":"tr","@id":"https:\/\/kibrisdakik.com\/?p=19389#primaryimage","url":"https:\/\/kibrisdakik.com\/wp-content\/uploads\/2023\/11\/ekonomi-ve-enerji-bakanligi-butcesi-komitede-gorusuluyor-1700481527.webp.webp","contentUrl":"https:\/\/kibrisdakik.com\/wp-content\/uploads\/2023\/11\/ekonomi-ve-enerji-bakanligi-butcesi-komitede-gorusuluyor-1700481527.webp.webp","width":710,"height":370},{"@type":"BreadcrumbList","@id":"https:\/\/kibrisdakik.com\/?p=19389#breadcrumb","itemListElement":[{"@type":"ListItem","position":1,"name":"Home","item":"https:\/\/kibrisdakik.com\/"},{"@type":"ListItem","position":2,"name":"Ekonomi ve Enerji Bakanl\u0131\u011f\u0131 b\u00fct\u00e7esi komitede g\u00f6r\u00fc\u015f\u00fcl\u00fcyor"}]},{"@type":"WebSite","@id":"https:\/\/kibrisdakik.com\/#website","url":"https:\/\/kibrisdakik.com\/","name":"","description":"Tam vaktinde haber","potentialAction":[{"@type":"SearchAction","target":{"@type":"EntryPoint","urlTemplate":"https:\/\/kibrisdakik.com\/?s={search_term_string}"},"query-input":{"@type":"PropertyValueSpecification","valueRequired":true,"valueName":"search_term_string"}}],"inLanguage":"tr"},{"@type":"Person","@id":"https:\/\/kibrisdakik.com\/#\/schema\/person\/9cd9d437bbb44f72b73ba127e06d8e79","name":"admin","image":{"@type":"ImageObject","inLanguage":"tr","@id":"https:\/\/secure.gravatar.com\/avatar\/ccc17943b9d660506c869530f897617f7cb1c21a4bf30023f252596d83e1f007?s=96&d=mm&r=g","url":"https:\/\/secure.gravatar.com\/avatar\/ccc17943b9d660506c869530f897617f7cb1c21a4bf30023f252596d83e1f007?s=96&d=mm&r=g","contentUrl":"https:\/\/secure.gravatar.com\/avatar\/ccc17943b9d660506c869530f897617f7cb1c21a4bf30023f252596d83e1f007?s=96&d=mm&r=g","caption":"admin"},"sameAs":["https:\/\/kibrisdakik.com"],"url":"https:\/\/kibrisdakik.com\/?author=1"}]}},"_links":{"self":[{"href":"https:\/\/kibrisdakik.com\/index.php?rest_route=\/wp\/v2\/posts\/19389","targetHints":{"allow":["GET"]}}],"collection":[{"href":"https:\/\/kibrisdakik.com\/index.php?rest_route=\/wp\/v2\/posts"}],"about":[{"href":"https:\/\/kibrisdakik.com\/index.php?rest_route=\/wp\/v2\/types\/post"}],"author":[{"embeddable":true,"href":"https:\/\/kibrisdakik.com\/index.php?rest_route=\/wp\/v2\/users\/1"}],"replies":[{"embeddable":true,"href":"https:\/\/kibrisdakik.com\/index.php?rest_route=%2Fwp%2Fv2%2Fcomments&post=19389"}],"version-history":[{"count":0,"href":"https:\/\/kibrisdakik.com\/index.php?rest_route=\/wp\/v2\/posts\/19389\/revisions"}],"wp:featuredmedia":[{"embeddable":true,"href":"https:\/\/kibrisdakik.com\/index.php?rest_route=\/wp\/v2\/media\/19390"}],"wp:attachment":[{"href":"https:\/\/kibrisdakik.com\/index.php?rest_route=%2Fwp%2Fv2%2Fmedia&parent=19389"}],"wp:term":[{"taxonomy":"category","embeddable":true,"href":"https:\/\/kibrisdakik.com\/index.php?rest_route=%2Fwp%2Fv2%2Fcategories&post=19389"},{"taxonomy":"post_tag","embeddable":true,"href":"https:\/\/kibrisdakik.com\/index.php?rest_route=%2Fwp%2Fv2%2Ftags&post=19389"}],"curies":[{"name":"wp","href":"https:\/\/api.w.org\/{rel}","templated":true}]}}