{"id":19403,"date":"2023-11-20T13:42:57","date_gmt":"2023-11-20T13:42:57","guid":{"rendered":"https:\/\/kibrisdakik.com\/index.php\/2023\/11\/20\/12-yanginda-3-milyona-yakin-maddi-hasar-olustu-ilk-siradaki-yangin-sebebi-kisa-devre\/"},"modified":"2023-11-20T13:42:57","modified_gmt":"2023-11-20T13:42:57","slug":"12-yanginda-3-milyona-yakin-maddi-hasar-olustu-ilk-siradaki-yangin-sebebi-kisa-devre","status":"publish","type":"post","link":"https:\/\/kibrisdakik.com\/?p=19403","title":{"rendered":"12 yang\u0131nda 3 milyona yak\u0131n maddi hasar olu\u015ftu.. \u0130lk s\u0131radaki yang\u0131n sebebi k\u0131sa devre"},"content":{"rendered":"<p><img decoding=\"async\" src=\"https:\/\/www.kibristurk.com\/images\/haberler\/2023\/11\/12-yanginda-3-milyona-yakin-maddi-hasar-olustu-ilk-siradaki-yangin-sebebi-kisa-devre-1700486019.webp\" \/><\/p>\n<p style=\"text-align:left\"><span style=\"font-size:16px\"><span style=\"font-family:Merriweather,serif !important\"><span style=\"color:#000000\"><span style=\"background-color:#ffffff\">\u00dclkede bir haftada \u00e7\u0131kan 12 yang\u0131nda 3 milyon TL&#8217;ye&nbsp; yak\u0131n maddi hasar olu\u015ftu. Yang\u0131nlar\u0131n ilk s\u0131radaki sebebi k\u0131sa devre olarak a\u00e7\u0131kland\u0131.<\/span><\/span><\/span><\/span><\/p>\n<p style=\"text-align:left\"><span style=\"font-size:16px\"><span style=\"font-family:Merriweather,serif !important\"><span style=\"color:#000000\"><span style=\"background-color:#ffffff\">En fazla yang\u0131n Lefko\u015fa b\u00f6lgesinde meydana gelirken, ara\u00e7 yang\u0131n\u0131 ile elektrik kaynakl\u0131 yang\u0131nlar ilk s\u0131rada yer ald\u0131.<\/span><\/span><\/span><\/span><\/p>\n<p style=\"text-align:left\"><span style=\"font-size:16px\"><span style=\"font-family:Merriweather,serif !important\"><span style=\"color:#000000\"><span style=\"background-color:#ffffff\">13 Kas\u0131m &#8211; 19 Kas\u0131m tarihlerini kapsayan itfaiye raporuna g\u00f6re, \u00fclkede 12 yang\u0131na, 21 hususi servis olay\u0131na m\u00fcdahale edildi. Yang\u0131nlarda meydana gelen toplam zarar miktar\u0131 yakla\u015f\u0131k 2 milyon 731 bin 500 TL olarak a\u00e7\u0131kland\u0131.<\/span><\/span><\/span><\/span><\/p>\n<p style=\"text-align:left\"><span style=\"font-size:16px\"><span style=\"font-family:Merriweather,serif !important\"><span style=\"color:#000000\"><span style=\"background-color:#ffffff\">Yang\u0131nlar\u0131n muhtemel sebepleri: kaza yapan arac\u0131n benzin hortumundan s\u0131zan yak\u0131t, bacada biriken ya\u011f, r\u00fczgar nedeniyle birbirine \u00e7arpan veya kopan elektrik telleri, temizlik maksatl\u0131 yak\u0131lan ate\u015fin kontrolden \u00e7\u0131kmas\u0131 ve k\u0131sa devre olarak ifade edildi.<\/span><\/span><\/span><\/span><\/p>\n<p style=\"text-align:left\"><span style=\"font-size:16px\"><span style=\"font-family:Merriweather,serif !important\"><span style=\"color:#000000\"><span style=\"background-color:#ffffff\">Hususi servis olaylar\u0131 ise \u015fu \u015fekilde aktar\u0131ld\u0131:<\/span><\/span><\/span><\/span><\/p>\n<p style=\"text-align:left\"><span style=\"font-size:16px\"><span style=\"font-family:Merriweather,serif !important\"><span style=\"color:#000000\"><span style=\"background-color:#ffffff\">\u201cEvde mahsur kalan 8 ayl\u0131k \u00e7ocu\u011fun, evin bah\u00e7e kap\u0131s\u0131na s\u0131k\u0131\u015fan kedinin, mutfak b\u00f6l\u00fcm\u00fcnde mahsur kalan g\u00fcvercinin, su kuyusuna d\u00fc\u015fen k\u00f6pe\u011fin, asans\u00f6rde mahsur kalan \u015fah\u0131slar\u0131n kurtar\u0131lmas\u0131. Yang\u0131na kar\u015f\u0131 tedbir al\u0131nmas\u0131, yang\u0131n e\u011fitimi verilmesi, yol g\u00fcvenli\u011finin sa\u011flanmas\u0131 ve hayat\u0131n\u0131 kaybeden \u015fah\u0131slar\u0131n adli soru\u015fturma ama\u00e7l\u0131 hastaneye sevki.\u201d<\/span><\/span><\/span><\/span><\/p>\n","protected":false},"excerpt":{"rendered":"<p>\u00dclkede bir haftada \u00e7\u0131kan 12 yang\u0131nda 3 milyon TL&#8217;ye&nbsp; yak\u0131n maddi hasar olu\u015ftu. Yang\u0131nlar\u0131n ilk s\u0131radaki sebebi k\u0131sa devre olarak a\u00e7\u0131kland\u0131. En fazla yang\u0131n Lefko\u015fa b\u00f6lgesinde meydana gelirken, ara\u00e7 yang\u0131n\u0131 ile elektrik kaynakl\u0131 yang\u0131nlar ilk s\u0131rada yer ald\u0131. 13 Kas\u0131m &#8211; 19 Kas\u0131m tarihlerini kapsayan itfaiye raporuna g\u00f6re, \u00fclkede 12 yang\u0131na, 21 hususi servis olay\u0131na<\/p>\n","protected":false},"author":1,"featured_media":19404,"comment_status":"open","ping_status":"open","sticky":false,"template":"","format":"standard","meta":{"footnotes":""},"categories":[1],"tags":[],"class_list":["post-19403","post","type-post","status-publish","format-standard","has-post-thumbnail","hentry","category-gundem"],"yoast_head":"<!-- This site is optimized with the Yoast SEO plugin v27.5 - https:\/\/yoast.com\/product\/yoast-seo-wordpress\/ -->\n<title>12 yang\u0131nda 3 milyona yak\u0131n maddi hasar olu\u015ftu.. \u0130lk s\u0131radaki yang\u0131n sebebi k\u0131sa devre -<\/title>\n<meta name=\"robots\" content=\"index, follow, max-snippet:-1, max-image-preview:large, max-video-preview:-1\" \/>\n<link rel=\"canonical\" href=\"https:\/\/kibrisdakik.com\/?p=19403\" \/>\n<meta property=\"og:locale\" content=\"tr_TR\" \/>\n<meta property=\"og:type\" content=\"article\" \/>\n<meta property=\"og:title\" content=\"12 yang\u0131nda 3 milyona yak\u0131n maddi hasar olu\u015ftu.. \u0130lk s\u0131radaki yang\u0131n sebebi k\u0131sa devre -\" \/>\n<meta property=\"og:description\" content=\"\u00dclkede bir haftada \u00e7\u0131kan 12 yang\u0131nda 3 milyon TL&#8217;ye&nbsp; yak\u0131n maddi hasar olu\u015ftu. Yang\u0131nlar\u0131n ilk s\u0131radaki sebebi k\u0131sa devre olarak a\u00e7\u0131kland\u0131. En fazla yang\u0131n Lefko\u015fa b\u00f6lgesinde meydana gelirken, ara\u00e7 yang\u0131n\u0131 ile elektrik kaynakl\u0131 yang\u0131nlar ilk s\u0131rada yer ald\u0131. 13 Kas\u0131m &#8211; 19 Kas\u0131m tarihlerini kapsayan itfaiye raporuna g\u00f6re, \u00fclkede 12 yang\u0131na, 21 hususi servis olay\u0131na\" \/>\n<meta property=\"og:url\" content=\"https:\/\/kibrisdakik.com\/?p=19403\" \/>\n<meta property=\"article:published_time\" content=\"2023-11-20T13:42:57+00:00\" \/>\n<meta property=\"og:image\" content=\"https:\/\/kibrisdakik.com\/wp-content\/uploads\/2023\/11\/12-yanginda-3-milyona-yakin-maddi-hasar-olustu-ilk-siradaki-yangin-sebebi-kisa-devre-1700486019.webp.webp\" \/>\n\t<meta property=\"og:image:width\" content=\"710\" \/>\n\t<meta property=\"og:image:height\" content=\"370\" \/>\n\t<meta property=\"og:image:type\" content=\"image\/webp\" \/>\n<meta name=\"author\" content=\"admin\" \/>\n<meta name=\"twitter:card\" content=\"summary_large_image\" \/>\n<meta name=\"twitter:label1\" content=\"Yazan:\" \/>\n\t<meta name=\"twitter:data1\" content=\"admin\" \/>\n\t<meta name=\"twitter:label2\" content=\"Tahmini okuma s\u00fcresi\" \/>\n\t<meta name=\"twitter:data2\" content=\"1 dakika\" \/>\n<script type=\"application\/ld+json\" class=\"yoast-schema-graph\">{\"@context\":\"https:\\\/\\\/schema.org\",\"@graph\":[{\"@type\":\"Article\",\"@id\":\"https:\\\/\\\/kibrisdakik.com\\\/?p=19403#article\",\"isPartOf\":{\"@id\":\"https:\\\/\\\/kibrisdakik.com\\\/?p=19403\"},\"author\":{\"name\":\"admin\",\"@id\":\"https:\\\/\\\/kibrisdakik.com\\\/#\\\/schema\\\/person\\\/9cd9d437bbb44f72b73ba127e06d8e79\"},\"headline\":\"12 yang\u0131nda 3 milyona yak\u0131n maddi hasar olu\u015ftu.. \u0130lk s\u0131radaki yang\u0131n sebebi k\u0131sa devre\",\"datePublished\":\"2023-11-20T13:42:57+00:00\",\"mainEntityOfPage\":{\"@id\":\"https:\\\/\\\/kibrisdakik.com\\\/?p=19403\"},\"wordCount\":228,\"commentCount\":0,\"image\":{\"@id\":\"https:\\\/\\\/kibrisdakik.com\\\/?p=19403#primaryimage\"},\"thumbnailUrl\":\"https:\\\/\\\/kibrisdakik.com\\\/wp-content\\\/uploads\\\/2023\\\/11\\\/12-yanginda-3-milyona-yakin-maddi-hasar-olustu-ilk-siradaki-yangin-sebebi-kisa-devre-1700486019.webp.webp\",\"articleSection\":[\"G\u00fcndem\"],\"inLanguage\":\"tr\",\"potentialAction\":[{\"@type\":\"CommentAction\",\"name\":\"Comment\",\"target\":[\"https:\\\/\\\/kibrisdakik.com\\\/?p=19403#respond\"]}]},{\"@type\":\"WebPage\",\"@id\":\"https:\\\/\\\/kibrisdakik.com\\\/?p=19403\",\"url\":\"https:\\\/\\\/kibrisdakik.com\\\/?p=19403\",\"name\":\"12 yang\u0131nda 3 milyona yak\u0131n maddi hasar olu\u015ftu.. \u0130lk s\u0131radaki yang\u0131n sebebi k\u0131sa devre -\",\"isPartOf\":{\"@id\":\"https:\\\/\\\/kibrisdakik.com\\\/#website\"},\"primaryImageOfPage\":{\"@id\":\"https:\\\/\\\/kibrisdakik.com\\\/?p=19403#primaryimage\"},\"image\":{\"@id\":\"https:\\\/\\\/kibrisdakik.com\\\/?p=19403#primaryimage\"},\"thumbnailUrl\":\"https:\\\/\\\/kibrisdakik.com\\\/wp-content\\\/uploads\\\/2023\\\/11\\\/12-yanginda-3-milyona-yakin-maddi-hasar-olustu-ilk-siradaki-yangin-sebebi-kisa-devre-1700486019.webp.webp\",\"datePublished\":\"2023-11-20T13:42:57+00:00\",\"author\":{\"@id\":\"https:\\\/\\\/kibrisdakik.com\\\/#\\\/schema\\\/person\\\/9cd9d437bbb44f72b73ba127e06d8e79\"},\"breadcrumb\":{\"@id\":\"https:\\\/\\\/kibrisdakik.com\\\/?p=19403#breadcrumb\"},\"inLanguage\":\"tr\",\"potentialAction\":[{\"@type\":\"ReadAction\",\"target\":[\"https:\\\/\\\/kibrisdakik.com\\\/?p=19403\"]}]},{\"@type\":\"ImageObject\",\"inLanguage\":\"tr\",\"@id\":\"https:\\\/\\\/kibrisdakik.com\\\/?p=19403#primaryimage\",\"url\":\"https:\\\/\\\/kibrisdakik.com\\\/wp-content\\\/uploads\\\/2023\\\/11\\\/12-yanginda-3-milyona-yakin-maddi-hasar-olustu-ilk-siradaki-yangin-sebebi-kisa-devre-1700486019.webp.webp\",\"contentUrl\":\"https:\\\/\\\/kibrisdakik.com\\\/wp-content\\\/uploads\\\/2023\\\/11\\\/12-yanginda-3-milyona-yakin-maddi-hasar-olustu-ilk-siradaki-yangin-sebebi-kisa-devre-1700486019.webp.webp\",\"width\":710,\"height\":370},{\"@type\":\"BreadcrumbList\",\"@id\":\"https:\\\/\\\/kibrisdakik.com\\\/?p=19403#breadcrumb\",\"itemListElement\":[{\"@type\":\"ListItem\",\"position\":1,\"name\":\"Home\",\"item\":\"https:\\\/\\\/kibrisdakik.com\\\/\"},{\"@type\":\"ListItem\",\"position\":2,\"name\":\"12 yang\u0131nda 3 milyona yak\u0131n maddi hasar olu\u015ftu.. \u0130lk s\u0131radaki yang\u0131n sebebi k\u0131sa devre\"}]},{\"@type\":\"WebSite\",\"@id\":\"https:\\\/\\\/kibrisdakik.com\\\/#website\",\"url\":\"https:\\\/\\\/kibrisdakik.com\\\/\",\"name\":\"\",\"description\":\"Tam vaktinde haber\",\"potentialAction\":[{\"@type\":\"SearchAction\",\"target\":{\"@type\":\"EntryPoint\",\"urlTemplate\":\"https:\\\/\\\/kibrisdakik.com\\\/?s={search_term_string}\"},\"query-input\":{\"@type\":\"PropertyValueSpecification\",\"valueRequired\":true,\"valueName\":\"search_term_string\"}}],\"inLanguage\":\"tr\"},{\"@type\":\"Person\",\"@id\":\"https:\\\/\\\/kibrisdakik.com\\\/#\\\/schema\\\/person\\\/9cd9d437bbb44f72b73ba127e06d8e79\",\"name\":\"admin\",\"image\":{\"@type\":\"ImageObject\",\"inLanguage\":\"tr\",\"@id\":\"https:\\\/\\\/secure.gravatar.com\\\/avatar\\\/ccc17943b9d660506c869530f897617f7cb1c21a4bf30023f252596d83e1f007?s=96&d=mm&r=g\",\"url\":\"https:\\\/\\\/secure.gravatar.com\\\/avatar\\\/ccc17943b9d660506c869530f897617f7cb1c21a4bf30023f252596d83e1f007?s=96&d=mm&r=g\",\"contentUrl\":\"https:\\\/\\\/secure.gravatar.com\\\/avatar\\\/ccc17943b9d660506c869530f897617f7cb1c21a4bf30023f252596d83e1f007?s=96&d=mm&r=g\",\"caption\":\"admin\"},\"sameAs\":[\"https:\\\/\\\/kibrisdakik.com\"],\"url\":\"https:\\\/\\\/kibrisdakik.com\\\/?author=1\"}]}<\/script>\n<!-- \/ Yoast SEO plugin. -->","yoast_head_json":{"title":"12 yang\u0131nda 3 milyona yak\u0131n maddi hasar olu\u015ftu.. \u0130lk s\u0131radaki yang\u0131n sebebi k\u0131sa devre -","robots":{"index":"index","follow":"follow","max-snippet":"max-snippet:-1","max-image-preview":"max-image-preview:large","max-video-preview":"max-video-preview:-1"},"canonical":"https:\/\/kibrisdakik.com\/?p=19403","og_locale":"tr_TR","og_type":"article","og_title":"12 yang\u0131nda 3 milyona yak\u0131n maddi hasar olu\u015ftu.. \u0130lk s\u0131radaki yang\u0131n sebebi k\u0131sa devre -","og_description":"\u00dclkede bir haftada \u00e7\u0131kan 12 yang\u0131nda 3 milyon TL&#8217;ye&nbsp; yak\u0131n maddi hasar olu\u015ftu. Yang\u0131nlar\u0131n ilk s\u0131radaki sebebi k\u0131sa devre olarak a\u00e7\u0131kland\u0131. En fazla yang\u0131n Lefko\u015fa b\u00f6lgesinde meydana gelirken, ara\u00e7 yang\u0131n\u0131 ile elektrik kaynakl\u0131 yang\u0131nlar ilk s\u0131rada yer ald\u0131. 13 Kas\u0131m &#8211; 19 Kas\u0131m tarihlerini kapsayan itfaiye raporuna g\u00f6re, \u00fclkede 12 yang\u0131na, 21 hususi servis olay\u0131na","og_url":"https:\/\/kibrisdakik.com\/?p=19403","article_published_time":"2023-11-20T13:42:57+00:00","og_image":[{"width":710,"height":370,"url":"https:\/\/kibrisdakik.com\/wp-content\/uploads\/2023\/11\/12-yanginda-3-milyona-yakin-maddi-hasar-olustu-ilk-siradaki-yangin-sebebi-kisa-devre-1700486019.webp.webp","type":"image\/webp"}],"author":"admin","twitter_card":"summary_large_image","twitter_misc":{"Yazan:":"admin","Tahmini okuma s\u00fcresi":"1 dakika"},"schema":{"@context":"https:\/\/schema.org","@graph":[{"@type":"Article","@id":"https:\/\/kibrisdakik.com\/?p=19403#article","isPartOf":{"@id":"https:\/\/kibrisdakik.com\/?p=19403"},"author":{"name":"admin","@id":"https:\/\/kibrisdakik.com\/#\/schema\/person\/9cd9d437bbb44f72b73ba127e06d8e79"},"headline":"12 yang\u0131nda 3 milyona yak\u0131n maddi hasar olu\u015ftu.. \u0130lk s\u0131radaki yang\u0131n sebebi k\u0131sa devre","datePublished":"2023-11-20T13:42:57+00:00","mainEntityOfPage":{"@id":"https:\/\/kibrisdakik.com\/?p=19403"},"wordCount":228,"commentCount":0,"image":{"@id":"https:\/\/kibrisdakik.com\/?p=19403#primaryimage"},"thumbnailUrl":"https:\/\/kibrisdakik.com\/wp-content\/uploads\/2023\/11\/12-yanginda-3-milyona-yakin-maddi-hasar-olustu-ilk-siradaki-yangin-sebebi-kisa-devre-1700486019.webp.webp","articleSection":["G\u00fcndem"],"inLanguage":"tr","potentialAction":[{"@type":"CommentAction","name":"Comment","target":["https:\/\/kibrisdakik.com\/?p=19403#respond"]}]},{"@type":"WebPage","@id":"https:\/\/kibrisdakik.com\/?p=19403","url":"https:\/\/kibrisdakik.com\/?p=19403","name":"12 yang\u0131nda 3 milyona yak\u0131n maddi hasar olu\u015ftu.. \u0130lk s\u0131radaki yang\u0131n sebebi k\u0131sa devre -","isPartOf":{"@id":"https:\/\/kibrisdakik.com\/#website"},"primaryImageOfPage":{"@id":"https:\/\/kibrisdakik.com\/?p=19403#primaryimage"},"image":{"@id":"https:\/\/kibrisdakik.com\/?p=19403#primaryimage"},"thumbnailUrl":"https:\/\/kibrisdakik.com\/wp-content\/uploads\/2023\/11\/12-yanginda-3-milyona-yakin-maddi-hasar-olustu-ilk-siradaki-yangin-sebebi-kisa-devre-1700486019.webp.webp","datePublished":"2023-11-20T13:42:57+00:00","author":{"@id":"https:\/\/kibrisdakik.com\/#\/schema\/person\/9cd9d437bbb44f72b73ba127e06d8e79"},"breadcrumb":{"@id":"https:\/\/kibrisdakik.com\/?p=19403#breadcrumb"},"inLanguage":"tr","potentialAction":[{"@type":"ReadAction","target":["https:\/\/kibrisdakik.com\/?p=19403"]}]},{"@type":"ImageObject","inLanguage":"tr","@id":"https:\/\/kibrisdakik.com\/?p=19403#primaryimage","url":"https:\/\/kibrisdakik.com\/wp-content\/uploads\/2023\/11\/12-yanginda-3-milyona-yakin-maddi-hasar-olustu-ilk-siradaki-yangin-sebebi-kisa-devre-1700486019.webp.webp","contentUrl":"https:\/\/kibrisdakik.com\/wp-content\/uploads\/2023\/11\/12-yanginda-3-milyona-yakin-maddi-hasar-olustu-ilk-siradaki-yangin-sebebi-kisa-devre-1700486019.webp.webp","width":710,"height":370},{"@type":"BreadcrumbList","@id":"https:\/\/kibrisdakik.com\/?p=19403#breadcrumb","itemListElement":[{"@type":"ListItem","position":1,"name":"Home","item":"https:\/\/kibrisdakik.com\/"},{"@type":"ListItem","position":2,"name":"12 yang\u0131nda 3 milyona yak\u0131n maddi hasar olu\u015ftu.. \u0130lk s\u0131radaki yang\u0131n sebebi k\u0131sa devre"}]},{"@type":"WebSite","@id":"https:\/\/kibrisdakik.com\/#website","url":"https:\/\/kibrisdakik.com\/","name":"","description":"Tam vaktinde haber","potentialAction":[{"@type":"SearchAction","target":{"@type":"EntryPoint","urlTemplate":"https:\/\/kibrisdakik.com\/?s={search_term_string}"},"query-input":{"@type":"PropertyValueSpecification","valueRequired":true,"valueName":"search_term_string"}}],"inLanguage":"tr"},{"@type":"Person","@id":"https:\/\/kibrisdakik.com\/#\/schema\/person\/9cd9d437bbb44f72b73ba127e06d8e79","name":"admin","image":{"@type":"ImageObject","inLanguage":"tr","@id":"https:\/\/secure.gravatar.com\/avatar\/ccc17943b9d660506c869530f897617f7cb1c21a4bf30023f252596d83e1f007?s=96&d=mm&r=g","url":"https:\/\/secure.gravatar.com\/avatar\/ccc17943b9d660506c869530f897617f7cb1c21a4bf30023f252596d83e1f007?s=96&d=mm&r=g","contentUrl":"https:\/\/secure.gravatar.com\/avatar\/ccc17943b9d660506c869530f897617f7cb1c21a4bf30023f252596d83e1f007?s=96&d=mm&r=g","caption":"admin"},"sameAs":["https:\/\/kibrisdakik.com"],"url":"https:\/\/kibrisdakik.com\/?author=1"}]}},"_links":{"self":[{"href":"https:\/\/kibrisdakik.com\/index.php?rest_route=\/wp\/v2\/posts\/19403","targetHints":{"allow":["GET"]}}],"collection":[{"href":"https:\/\/kibrisdakik.com\/index.php?rest_route=\/wp\/v2\/posts"}],"about":[{"href":"https:\/\/kibrisdakik.com\/index.php?rest_route=\/wp\/v2\/types\/post"}],"author":[{"embeddable":true,"href":"https:\/\/kibrisdakik.com\/index.php?rest_route=\/wp\/v2\/users\/1"}],"replies":[{"embeddable":true,"href":"https:\/\/kibrisdakik.com\/index.php?rest_route=%2Fwp%2Fv2%2Fcomments&post=19403"}],"version-history":[{"count":0,"href":"https:\/\/kibrisdakik.com\/index.php?rest_route=\/wp\/v2\/posts\/19403\/revisions"}],"wp:featuredmedia":[{"embeddable":true,"href":"https:\/\/kibrisdakik.com\/index.php?rest_route=\/wp\/v2\/media\/19404"}],"wp:attachment":[{"href":"https:\/\/kibrisdakik.com\/index.php?rest_route=%2Fwp%2Fv2%2Fmedia&parent=19403"}],"wp:term":[{"taxonomy":"category","embeddable":true,"href":"https:\/\/kibrisdakik.com\/index.php?rest_route=%2Fwp%2Fv2%2Fcategories&post=19403"},{"taxonomy":"post_tag","embeddable":true,"href":"https:\/\/kibrisdakik.com\/index.php?rest_route=%2Fwp%2Fv2%2Ftags&post=19403"}],"curies":[{"name":"wp","href":"https:\/\/api.w.org\/{rel}","templated":true}]}}