{"id":19409,"date":"2023-11-20T14:06:48","date_gmt":"2023-11-20T14:06:48","guid":{"rendered":"https:\/\/kibrisdakik.com\/index.php\/2023\/11\/20\/saglik-bakani-dincyurek-tum-saglik-merkezlerinde-kanal-tedavisi-yapilabildigini-soyledi\/"},"modified":"2023-11-20T14:06:48","modified_gmt":"2023-11-20T14:06:48","slug":"saglik-bakani-dincyurek-tum-saglik-merkezlerinde-kanal-tedavisi-yapilabildigini-soyledi","status":"publish","type":"post","link":"https:\/\/kibrisdakik.com\/?p=19409","title":{"rendered":"Sa\u011fl\u0131k Bakan\u0131 Din\u00e7y\u00fcrek t\u00fcm sa\u011fl\u0131k merkezlerinde kanal tedavisi yap\u0131labildi\u011fini s\u00f6yledi"},"content":{"rendered":"<p><img decoding=\"async\" src=\"https:\/\/www.kibristurk.com\/images\/haberler\/2023\/11\/saglik-bakani-dincyurek-tum-saglik-merkezlerinde-kanal-tedavisi-yapilabildigini-soyledi-1700485676.webp\" \/><\/p>\n<p style=\"text-align:left\"><span style=\"font-size:16px\"><span style=\"font-family:Merriweather,serif !important\"><span style=\"color:#000000\"><span style=\"background-color:#ffffff\">Sa\u011fl\u0131k Bakan\u0131 Dr. Hakan Din\u00e7y\u00fcrek, Di\u015f Hekimli\u011fi Haftas\u0131 nedeniyle K\u0131br\u0131s T\u00fcrk Di\u015f Tabipleri Odas\u0131 Ba\u015fkan\u0131 Halil Bakkalo\u011flu ve baz\u0131 Oda yetkililerini kabul etti.<\/span><\/span><\/span><\/span><\/p>\n<p style=\"text-align:left\"><span style=\"font-size:16px\"><span style=\"font-family:Merriweather,serif !important\"><span style=\"color:#000000\"><span style=\"background-color:#ffffff\">Sa\u011fl\u0131k Bakanl\u0131\u011f\u0131ndan verilen bilgiye g\u00f6re, Bakan Din\u00e7y\u00fcrek, kabulde yapt\u0131\u011f\u0131 konu\u015fmas\u0131nda, t\u00fcm di\u015f hekimlerinin Di\u015f Hekimli\u011fi haftas\u0131n\u0131 kutlad\u0131.<\/span><\/span><\/span><\/span><\/p>\n<p style=\"text-align:left\"><span style=\"font-size:16px\"><span style=\"font-family:Merriweather,serif !important\"><span style=\"color:#000000\"><span style=\"background-color:#ffffff\">Din\u00e7y\u00fcrek, yetkin olmayan ki\u015filer taraf\u0131ndan i\u015flem ve tedavi yap\u0131lmas\u0131n\u0131n son derece tehlikeli ve gayri yasal oldu\u011funu, Tabipler Birli\u011fi ile daha \u00f6nce yapt\u0131\u011f\u0131 g\u00f6r\u00fc\u015fmede bu konuyu masaya yat\u0131rd\u0131klar\u0131n\u0131 kaydetti. Bakan Din\u00e7y\u00fcrek, bu konuda bakanl\u0131k olarak ortak hareket etmeye haz\u0131r olduklar\u0131n\u0131 s\u00f6yledi.<\/span><\/span><\/span><\/span><\/p>\n<p style=\"text-align:left\"><span style=\"font-size:16px\"><span style=\"font-family:Merriweather,serif !important\"><span style=\"color:#000000\"><span style=\"background-color:#ffffff\">Di\u015f Hekimli\u011finin h\u0131zl\u0131 bir de\u011fi\u015fime u\u011frad\u0131\u011f\u0131n\u0131 belirten Bakan Din\u00e7y\u00fcrek,&nbsp; teknolojik geli\u015fimden mesle\u011fin nasibini ald\u0131\u011f\u0131n\u0131, kamuda ve \u00f6zelde di\u015f sa\u011fl\u0131\u011f\u0131 hizmetlerinin daha etkin yap\u0131lmas\u0131 konusunda i\u015fbirli\u011fine a\u00e7\u0131k olduklar\u0131n\u0131 belirtti.<\/span><\/span><\/span><\/span><\/p>\n<p style=\"text-align:left\"><span style=\"font-size:16px\"><span style=\"font-family:Merriweather,serif !important\"><span style=\"color:#000000\"><span style=\"background-color:#ffffff\">Din\u00e7y\u00fcrek, ada genelinde birinci basamak sa\u011fl\u0131k merkezlerinin neredeyse tamam\u0131nda di\u015f hekimi ve \u00fcnitelerinin mevcut oldu\u011funu, yapt\u0131\u011f\u0131 ziyaretlerde baz\u0131 eksiklikleri yerinde tespit etti\u011fini, \u015fu anda t\u00fcm sa\u011fl\u0131k merkezlerinde kanal tedavisi dahil olmak \u00fczere gerekli t\u00fcm eksikliklerin tamamland\u0131\u011f\u0131n\u0131 vurgulad\u0131.<\/span><\/span><\/span><\/span><\/p>\n<p style=\"text-align:left\"><span style=\"font-size:16px\"><span style=\"font-family:Merriweather,serif !important\"><span style=\"color:#000000\"><span style=\"background-color:#ffffff\">Di\u015f hekimlerinin mesleklerini icra ederken daha etkin olmalar\u0131, hastalar\u0131n daha verimli hizmet olmas\u0131 i\u00e7in her zaman i\u015fbirli\u011fine haz\u0131r oldu\u011funu bir kez daha dile getiren Bakan Din\u00e7y\u00fcrek, ortak paydan\u0131n insana hizmet oldu\u011funu ifade etti.<\/span><\/span><\/span><\/span><\/p>\n<p style=\"text-align:left\"><span style=\"font-size:16px\"><span style=\"font-family:Merriweather,serif !important\"><span style=\"color:#000000\"><span style=\"background-color:#ffffff\">-Bakkalo\u011flu<\/span><\/span><\/span><\/span><\/p>\n<p style=\"text-align:left\"><span style=\"font-size:16px\"><span style=\"font-family:Merriweather,serif !important\"><span style=\"color:#000000\"><span style=\"background-color:#ffffff\">Oda Ba\u015fkan\u0131 Halil Bakkalo\u011flu, Sa\u011fl\u0131k Bakanl\u0131\u011f\u0131 ile Di\u015f Tabipleri Odas\u0131 olarak i\u015fbirli\u011fi konusunda isti\u015fare etmek istediklerini s\u00f6yledi.<\/span><\/span><\/span><\/span><\/p>\n","protected":false},"excerpt":{"rendered":"<p>Sa\u011fl\u0131k Bakan\u0131 Dr. Hakan Din\u00e7y\u00fcrek, Di\u015f Hekimli\u011fi Haftas\u0131 nedeniyle K\u0131br\u0131s T\u00fcrk Di\u015f Tabipleri Odas\u0131 Ba\u015fkan\u0131 Halil Bakkalo\u011flu ve baz\u0131 Oda yetkililerini kabul etti. Sa\u011fl\u0131k Bakanl\u0131\u011f\u0131ndan verilen bilgiye g\u00f6re, Bakan Din\u00e7y\u00fcrek, kabulde yapt\u0131\u011f\u0131 konu\u015fmas\u0131nda, t\u00fcm di\u015f hekimlerinin Di\u015f Hekimli\u011fi haftas\u0131n\u0131 kutlad\u0131. Din\u00e7y\u00fcrek, yetkin olmayan ki\u015filer taraf\u0131ndan i\u015flem ve tedavi yap\u0131lmas\u0131n\u0131n son derece tehlikeli ve gayri yasal<\/p>\n","protected":false},"author":1,"featured_media":19410,"comment_status":"open","ping_status":"open","sticky":false,"template":"","format":"standard","meta":{"footnotes":""},"categories":[85],"tags":[],"class_list":["post-19409","post","type-post","status-publish","format-standard","has-post-thumbnail","hentry","category-spor"],"yoast_head":"<!-- This site is optimized with the Yoast SEO plugin v27.5 - https:\/\/yoast.com\/product\/yoast-seo-wordpress\/ -->\n<title>Sa\u011fl\u0131k Bakan\u0131 Din\u00e7y\u00fcrek t\u00fcm sa\u011fl\u0131k merkezlerinde kanal tedavisi yap\u0131labildi\u011fini s\u00f6yledi -<\/title>\n<meta name=\"robots\" content=\"index, follow, max-snippet:-1, max-image-preview:large, max-video-preview:-1\" \/>\n<link rel=\"canonical\" href=\"https:\/\/kibrisdakik.com\/?p=19409\" \/>\n<meta property=\"og:locale\" content=\"tr_TR\" \/>\n<meta property=\"og:type\" content=\"article\" \/>\n<meta property=\"og:title\" content=\"Sa\u011fl\u0131k Bakan\u0131 Din\u00e7y\u00fcrek t\u00fcm sa\u011fl\u0131k merkezlerinde kanal tedavisi yap\u0131labildi\u011fini s\u00f6yledi -\" \/>\n<meta property=\"og:description\" content=\"Sa\u011fl\u0131k Bakan\u0131 Dr. Hakan Din\u00e7y\u00fcrek, Di\u015f Hekimli\u011fi Haftas\u0131 nedeniyle K\u0131br\u0131s T\u00fcrk Di\u015f Tabipleri Odas\u0131 Ba\u015fkan\u0131 Halil Bakkalo\u011flu ve baz\u0131 Oda yetkililerini kabul etti. Sa\u011fl\u0131k Bakanl\u0131\u011f\u0131ndan verilen bilgiye g\u00f6re, Bakan Din\u00e7y\u00fcrek, kabulde yapt\u0131\u011f\u0131 konu\u015fmas\u0131nda, t\u00fcm di\u015f hekimlerinin Di\u015f Hekimli\u011fi haftas\u0131n\u0131 kutlad\u0131. Din\u00e7y\u00fcrek, yetkin olmayan ki\u015filer taraf\u0131ndan i\u015flem ve tedavi yap\u0131lmas\u0131n\u0131n son derece tehlikeli ve gayri yasal\" \/>\n<meta property=\"og:url\" content=\"https:\/\/kibrisdakik.com\/?p=19409\" \/>\n<meta property=\"article:published_time\" content=\"2023-11-20T14:06:48+00:00\" \/>\n<meta property=\"og:image\" content=\"https:\/\/kibrisdakik.com\/wp-content\/uploads\/2023\/11\/saglik-bakani-dincyurek-tum-saglik-merkezlerinde-kanal-tedavisi-yapilabildigini-soyledi-1700485676.webp.webp\" \/>\n\t<meta property=\"og:image:width\" content=\"710\" \/>\n\t<meta property=\"og:image:height\" content=\"370\" \/>\n\t<meta property=\"og:image:type\" content=\"image\/webp\" \/>\n<meta name=\"author\" content=\"admin\" \/>\n<meta name=\"twitter:card\" content=\"summary_large_image\" \/>\n<meta name=\"twitter:label1\" content=\"Yazan:\" \/>\n\t<meta name=\"twitter:data1\" content=\"admin\" \/>\n\t<meta name=\"twitter:label2\" content=\"Tahmini okuma s\u00fcresi\" \/>\n\t<meta name=\"twitter:data2\" content=\"1 dakika\" \/>\n<script type=\"application\/ld+json\" class=\"yoast-schema-graph\">{\"@context\":\"https:\\\/\\\/schema.org\",\"@graph\":[{\"@type\":\"Article\",\"@id\":\"https:\\\/\\\/kibrisdakik.com\\\/?p=19409#article\",\"isPartOf\":{\"@id\":\"https:\\\/\\\/kibrisdakik.com\\\/?p=19409\"},\"author\":{\"name\":\"admin\",\"@id\":\"https:\\\/\\\/kibrisdakik.com\\\/#\\\/schema\\\/person\\\/9cd9d437bbb44f72b73ba127e06d8e79\"},\"headline\":\"Sa\u011fl\u0131k Bakan\u0131 Din\u00e7y\u00fcrek t\u00fcm sa\u011fl\u0131k merkezlerinde kanal tedavisi yap\u0131labildi\u011fini s\u00f6yledi\",\"datePublished\":\"2023-11-20T14:06:48+00:00\",\"mainEntityOfPage\":{\"@id\":\"https:\\\/\\\/kibrisdakik.com\\\/?p=19409\"},\"wordCount\":307,\"commentCount\":0,\"image\":{\"@id\":\"https:\\\/\\\/kibrisdakik.com\\\/?p=19409#primaryimage\"},\"thumbnailUrl\":\"https:\\\/\\\/kibrisdakik.com\\\/wp-content\\\/uploads\\\/2023\\\/11\\\/saglik-bakani-dincyurek-tum-saglik-merkezlerinde-kanal-tedavisi-yapilabildigini-soyledi-1700485676.webp.webp\",\"articleSection\":[\"Spor\"],\"inLanguage\":\"tr\",\"potentialAction\":[{\"@type\":\"CommentAction\",\"name\":\"Comment\",\"target\":[\"https:\\\/\\\/kibrisdakik.com\\\/?p=19409#respond\"]}]},{\"@type\":\"WebPage\",\"@id\":\"https:\\\/\\\/kibrisdakik.com\\\/?p=19409\",\"url\":\"https:\\\/\\\/kibrisdakik.com\\\/?p=19409\",\"name\":\"Sa\u011fl\u0131k Bakan\u0131 Din\u00e7y\u00fcrek t\u00fcm sa\u011fl\u0131k merkezlerinde kanal tedavisi yap\u0131labildi\u011fini s\u00f6yledi -\",\"isPartOf\":{\"@id\":\"https:\\\/\\\/kibrisdakik.com\\\/#website\"},\"primaryImageOfPage\":{\"@id\":\"https:\\\/\\\/kibrisdakik.com\\\/?p=19409#primaryimage\"},\"image\":{\"@id\":\"https:\\\/\\\/kibrisdakik.com\\\/?p=19409#primaryimage\"},\"thumbnailUrl\":\"https:\\\/\\\/kibrisdakik.com\\\/wp-content\\\/uploads\\\/2023\\\/11\\\/saglik-bakani-dincyurek-tum-saglik-merkezlerinde-kanal-tedavisi-yapilabildigini-soyledi-1700485676.webp.webp\",\"datePublished\":\"2023-11-20T14:06:48+00:00\",\"author\":{\"@id\":\"https:\\\/\\\/kibrisdakik.com\\\/#\\\/schema\\\/person\\\/9cd9d437bbb44f72b73ba127e06d8e79\"},\"breadcrumb\":{\"@id\":\"https:\\\/\\\/kibrisdakik.com\\\/?p=19409#breadcrumb\"},\"inLanguage\":\"tr\",\"potentialAction\":[{\"@type\":\"ReadAction\",\"target\":[\"https:\\\/\\\/kibrisdakik.com\\\/?p=19409\"]}]},{\"@type\":\"ImageObject\",\"inLanguage\":\"tr\",\"@id\":\"https:\\\/\\\/kibrisdakik.com\\\/?p=19409#primaryimage\",\"url\":\"https:\\\/\\\/kibrisdakik.com\\\/wp-content\\\/uploads\\\/2023\\\/11\\\/saglik-bakani-dincyurek-tum-saglik-merkezlerinde-kanal-tedavisi-yapilabildigini-soyledi-1700485676.webp.webp\",\"contentUrl\":\"https:\\\/\\\/kibrisdakik.com\\\/wp-content\\\/uploads\\\/2023\\\/11\\\/saglik-bakani-dincyurek-tum-saglik-merkezlerinde-kanal-tedavisi-yapilabildigini-soyledi-1700485676.webp.webp\",\"width\":710,\"height\":370},{\"@type\":\"BreadcrumbList\",\"@id\":\"https:\\\/\\\/kibrisdakik.com\\\/?p=19409#breadcrumb\",\"itemListElement\":[{\"@type\":\"ListItem\",\"position\":1,\"name\":\"Home\",\"item\":\"https:\\\/\\\/kibrisdakik.com\\\/\"},{\"@type\":\"ListItem\",\"position\":2,\"name\":\"Sa\u011fl\u0131k Bakan\u0131 Din\u00e7y\u00fcrek t\u00fcm sa\u011fl\u0131k merkezlerinde kanal tedavisi yap\u0131labildi\u011fini s\u00f6yledi\"}]},{\"@type\":\"WebSite\",\"@id\":\"https:\\\/\\\/kibrisdakik.com\\\/#website\",\"url\":\"https:\\\/\\\/kibrisdakik.com\\\/\",\"name\":\"\",\"description\":\"Tam vaktinde haber\",\"potentialAction\":[{\"@type\":\"SearchAction\",\"target\":{\"@type\":\"EntryPoint\",\"urlTemplate\":\"https:\\\/\\\/kibrisdakik.com\\\/?s={search_term_string}\"},\"query-input\":{\"@type\":\"PropertyValueSpecification\",\"valueRequired\":true,\"valueName\":\"search_term_string\"}}],\"inLanguage\":\"tr\"},{\"@type\":\"Person\",\"@id\":\"https:\\\/\\\/kibrisdakik.com\\\/#\\\/schema\\\/person\\\/9cd9d437bbb44f72b73ba127e06d8e79\",\"name\":\"admin\",\"image\":{\"@type\":\"ImageObject\",\"inLanguage\":\"tr\",\"@id\":\"https:\\\/\\\/secure.gravatar.com\\\/avatar\\\/ccc17943b9d660506c869530f897617f7cb1c21a4bf30023f252596d83e1f007?s=96&d=mm&r=g\",\"url\":\"https:\\\/\\\/secure.gravatar.com\\\/avatar\\\/ccc17943b9d660506c869530f897617f7cb1c21a4bf30023f252596d83e1f007?s=96&d=mm&r=g\",\"contentUrl\":\"https:\\\/\\\/secure.gravatar.com\\\/avatar\\\/ccc17943b9d660506c869530f897617f7cb1c21a4bf30023f252596d83e1f007?s=96&d=mm&r=g\",\"caption\":\"admin\"},\"sameAs\":[\"https:\\\/\\\/kibrisdakik.com\"],\"url\":\"https:\\\/\\\/kibrisdakik.com\\\/?author=1\"}]}<\/script>\n<!-- \/ Yoast SEO plugin. -->","yoast_head_json":{"title":"Sa\u011fl\u0131k Bakan\u0131 Din\u00e7y\u00fcrek t\u00fcm sa\u011fl\u0131k merkezlerinde kanal tedavisi yap\u0131labildi\u011fini s\u00f6yledi -","robots":{"index":"index","follow":"follow","max-snippet":"max-snippet:-1","max-image-preview":"max-image-preview:large","max-video-preview":"max-video-preview:-1"},"canonical":"https:\/\/kibrisdakik.com\/?p=19409","og_locale":"tr_TR","og_type":"article","og_title":"Sa\u011fl\u0131k Bakan\u0131 Din\u00e7y\u00fcrek t\u00fcm sa\u011fl\u0131k merkezlerinde kanal tedavisi yap\u0131labildi\u011fini s\u00f6yledi -","og_description":"Sa\u011fl\u0131k Bakan\u0131 Dr. Hakan Din\u00e7y\u00fcrek, Di\u015f Hekimli\u011fi Haftas\u0131 nedeniyle K\u0131br\u0131s T\u00fcrk Di\u015f Tabipleri Odas\u0131 Ba\u015fkan\u0131 Halil Bakkalo\u011flu ve baz\u0131 Oda yetkililerini kabul etti. Sa\u011fl\u0131k Bakanl\u0131\u011f\u0131ndan verilen bilgiye g\u00f6re, Bakan Din\u00e7y\u00fcrek, kabulde yapt\u0131\u011f\u0131 konu\u015fmas\u0131nda, t\u00fcm di\u015f hekimlerinin Di\u015f Hekimli\u011fi haftas\u0131n\u0131 kutlad\u0131. Din\u00e7y\u00fcrek, yetkin olmayan ki\u015filer taraf\u0131ndan i\u015flem ve tedavi yap\u0131lmas\u0131n\u0131n son derece tehlikeli ve gayri yasal","og_url":"https:\/\/kibrisdakik.com\/?p=19409","article_published_time":"2023-11-20T14:06:48+00:00","og_image":[{"width":710,"height":370,"url":"https:\/\/kibrisdakik.com\/wp-content\/uploads\/2023\/11\/saglik-bakani-dincyurek-tum-saglik-merkezlerinde-kanal-tedavisi-yapilabildigini-soyledi-1700485676.webp.webp","type":"image\/webp"}],"author":"admin","twitter_card":"summary_large_image","twitter_misc":{"Yazan:":"admin","Tahmini okuma s\u00fcresi":"1 dakika"},"schema":{"@context":"https:\/\/schema.org","@graph":[{"@type":"Article","@id":"https:\/\/kibrisdakik.com\/?p=19409#article","isPartOf":{"@id":"https:\/\/kibrisdakik.com\/?p=19409"},"author":{"name":"admin","@id":"https:\/\/kibrisdakik.com\/#\/schema\/person\/9cd9d437bbb44f72b73ba127e06d8e79"},"headline":"Sa\u011fl\u0131k Bakan\u0131 Din\u00e7y\u00fcrek t\u00fcm sa\u011fl\u0131k merkezlerinde kanal tedavisi yap\u0131labildi\u011fini s\u00f6yledi","datePublished":"2023-11-20T14:06:48+00:00","mainEntityOfPage":{"@id":"https:\/\/kibrisdakik.com\/?p=19409"},"wordCount":307,"commentCount":0,"image":{"@id":"https:\/\/kibrisdakik.com\/?p=19409#primaryimage"},"thumbnailUrl":"https:\/\/kibrisdakik.com\/wp-content\/uploads\/2023\/11\/saglik-bakani-dincyurek-tum-saglik-merkezlerinde-kanal-tedavisi-yapilabildigini-soyledi-1700485676.webp.webp","articleSection":["Spor"],"inLanguage":"tr","potentialAction":[{"@type":"CommentAction","name":"Comment","target":["https:\/\/kibrisdakik.com\/?p=19409#respond"]}]},{"@type":"WebPage","@id":"https:\/\/kibrisdakik.com\/?p=19409","url":"https:\/\/kibrisdakik.com\/?p=19409","name":"Sa\u011fl\u0131k Bakan\u0131 Din\u00e7y\u00fcrek t\u00fcm sa\u011fl\u0131k merkezlerinde kanal tedavisi yap\u0131labildi\u011fini s\u00f6yledi -","isPartOf":{"@id":"https:\/\/kibrisdakik.com\/#website"},"primaryImageOfPage":{"@id":"https:\/\/kibrisdakik.com\/?p=19409#primaryimage"},"image":{"@id":"https:\/\/kibrisdakik.com\/?p=19409#primaryimage"},"thumbnailUrl":"https:\/\/kibrisdakik.com\/wp-content\/uploads\/2023\/11\/saglik-bakani-dincyurek-tum-saglik-merkezlerinde-kanal-tedavisi-yapilabildigini-soyledi-1700485676.webp.webp","datePublished":"2023-11-20T14:06:48+00:00","author":{"@id":"https:\/\/kibrisdakik.com\/#\/schema\/person\/9cd9d437bbb44f72b73ba127e06d8e79"},"breadcrumb":{"@id":"https:\/\/kibrisdakik.com\/?p=19409#breadcrumb"},"inLanguage":"tr","potentialAction":[{"@type":"ReadAction","target":["https:\/\/kibrisdakik.com\/?p=19409"]}]},{"@type":"ImageObject","inLanguage":"tr","@id":"https:\/\/kibrisdakik.com\/?p=19409#primaryimage","url":"https:\/\/kibrisdakik.com\/wp-content\/uploads\/2023\/11\/saglik-bakani-dincyurek-tum-saglik-merkezlerinde-kanal-tedavisi-yapilabildigini-soyledi-1700485676.webp.webp","contentUrl":"https:\/\/kibrisdakik.com\/wp-content\/uploads\/2023\/11\/saglik-bakani-dincyurek-tum-saglik-merkezlerinde-kanal-tedavisi-yapilabildigini-soyledi-1700485676.webp.webp","width":710,"height":370},{"@type":"BreadcrumbList","@id":"https:\/\/kibrisdakik.com\/?p=19409#breadcrumb","itemListElement":[{"@type":"ListItem","position":1,"name":"Home","item":"https:\/\/kibrisdakik.com\/"},{"@type":"ListItem","position":2,"name":"Sa\u011fl\u0131k Bakan\u0131 Din\u00e7y\u00fcrek t\u00fcm sa\u011fl\u0131k merkezlerinde kanal tedavisi yap\u0131labildi\u011fini s\u00f6yledi"}]},{"@type":"WebSite","@id":"https:\/\/kibrisdakik.com\/#website","url":"https:\/\/kibrisdakik.com\/","name":"","description":"Tam vaktinde haber","potentialAction":[{"@type":"SearchAction","target":{"@type":"EntryPoint","urlTemplate":"https:\/\/kibrisdakik.com\/?s={search_term_string}"},"query-input":{"@type":"PropertyValueSpecification","valueRequired":true,"valueName":"search_term_string"}}],"inLanguage":"tr"},{"@type":"Person","@id":"https:\/\/kibrisdakik.com\/#\/schema\/person\/9cd9d437bbb44f72b73ba127e06d8e79","name":"admin","image":{"@type":"ImageObject","inLanguage":"tr","@id":"https:\/\/secure.gravatar.com\/avatar\/ccc17943b9d660506c869530f897617f7cb1c21a4bf30023f252596d83e1f007?s=96&d=mm&r=g","url":"https:\/\/secure.gravatar.com\/avatar\/ccc17943b9d660506c869530f897617f7cb1c21a4bf30023f252596d83e1f007?s=96&d=mm&r=g","contentUrl":"https:\/\/secure.gravatar.com\/avatar\/ccc17943b9d660506c869530f897617f7cb1c21a4bf30023f252596d83e1f007?s=96&d=mm&r=g","caption":"admin"},"sameAs":["https:\/\/kibrisdakik.com"],"url":"https:\/\/kibrisdakik.com\/?author=1"}]}},"_links":{"self":[{"href":"https:\/\/kibrisdakik.com\/index.php?rest_route=\/wp\/v2\/posts\/19409","targetHints":{"allow":["GET"]}}],"collection":[{"href":"https:\/\/kibrisdakik.com\/index.php?rest_route=\/wp\/v2\/posts"}],"about":[{"href":"https:\/\/kibrisdakik.com\/index.php?rest_route=\/wp\/v2\/types\/post"}],"author":[{"embeddable":true,"href":"https:\/\/kibrisdakik.com\/index.php?rest_route=\/wp\/v2\/users\/1"}],"replies":[{"embeddable":true,"href":"https:\/\/kibrisdakik.com\/index.php?rest_route=%2Fwp%2Fv2%2Fcomments&post=19409"}],"version-history":[{"count":0,"href":"https:\/\/kibrisdakik.com\/index.php?rest_route=\/wp\/v2\/posts\/19409\/revisions"}],"wp:featuredmedia":[{"embeddable":true,"href":"https:\/\/kibrisdakik.com\/index.php?rest_route=\/wp\/v2\/media\/19410"}],"wp:attachment":[{"href":"https:\/\/kibrisdakik.com\/index.php?rest_route=%2Fwp%2Fv2%2Fmedia&parent=19409"}],"wp:term":[{"taxonomy":"category","embeddable":true,"href":"https:\/\/kibrisdakik.com\/index.php?rest_route=%2Fwp%2Fv2%2Fcategories&post=19409"},{"taxonomy":"post_tag","embeddable":true,"href":"https:\/\/kibrisdakik.com\/index.php?rest_route=%2Fwp%2Fv2%2Ftags&post=19409"}],"curies":[{"name":"wp","href":"https:\/\/api.w.org\/{rel}","templated":true}]}}