{"id":19423,"date":"2023-11-20T15:44:53","date_gmt":"2023-11-20T15:44:53","guid":{"rendered":"https:\/\/kibrisdakik.com\/index.php\/2023\/11\/20\/ekonomi-ve-enerji-bakanligi-butcesi-komitede-onaylandi\/"},"modified":"2023-11-20T15:44:53","modified_gmt":"2023-11-20T15:44:53","slug":"ekonomi-ve-enerji-bakanligi-butcesi-komitede-onaylandi","status":"publish","type":"post","link":"https:\/\/kibrisdakik.com\/?p=19423","title":{"rendered":"Ekonomi ve Enerji Bakanl\u0131\u011f\u0131 b\u00fct\u00e7esi komitede onayland\u0131"},"content":{"rendered":"<p><img decoding=\"async\" src=\"https:\/\/www.kibristurk.com\/images\/haberler\/2023\/11\/ekonomi-ve-enerji-bakanligi-butcesi-komitede-onaylandi-1700493355.webp\" \/><\/p>\n<p>Cumhuriyet Meclisi Ekonomi, Maliye, B\u00fct\u00e7e ve Plan Komitesi, 287 milyon 653 bin 100 TL\u2019lik Ekonomi ve Enerji Bakanl\u0131\u011f\u0131 ile bakanl\u0131\u011fa ba\u011fl\u0131 Serbest Liman ve B\u00f6lge\u2019nin b\u00fct\u00e7esini oy\u00e7oklu\u011fuyla onaylad\u0131.&nbsp;<\/p>\n<p>Komitede verilen aran\u0131n ard\u0131ndan Ekonomi ve Enerji Bakanl\u0131\u011f\u0131 b\u00fct\u00e7esinin genel g\u00f6r\u00fc\u015fmesine devam edildi.&nbsp;<\/p>\n<p>-\u015eahiner&nbsp;<\/p>\n<p>CTP Milletvekili Salahi \u015eahiner, AKSA ile imzalanan protokol \u00e7er\u00e7evesinde enterkonnekte&nbsp; sisteminin devreye girmesiyle&nbsp;, solar da dahil \u00f6nceden yap\u0131lan anla\u015fmalar\u0131n y\u00fcr\u00fcrl\u00fckten kalkaca\u011f\u0131n\u0131 savundu.&nbsp;<\/p>\n<p>-Bar\u00e7\u0131n&nbsp;<\/p>\n<p>CTP Milletvekili Devrim Bar\u00e7\u0131n, yurtd\u0131\u015f\u0131 yolluklar\u0131n art\u0131\u015f oranlar\u0131n\u0131n neye g\u00f6re belirlendi\u011fini sordu.&nbsp;<\/p>\n<p>Maliye Bakanl\u0131\u011f\u0131 yetkilisi de bunun planlanan temaslar do\u011frultusunda belirlendi\u011fini s\u00f6yledi.&nbsp;<\/p>\n<p>-Baybars&nbsp;<br \/>\n&nbsp;<\/p>\n<p>Ba\u011f\u0131ms\u0131z milletvekili Ay\u015feg\u00fcl Baybars, h\u00fck\u00fcmet program\u0131nda Ekonomi ve Enerji Bakanl\u0131\u011f\u0131yla ilgili maddeleri okuyarak, protokolde yer alan konularda ne durumda olundu\u011fuyla ilgili Amcao\u011flu\u2019ndan bilgi istedi.&nbsp;<\/p>\n<p>Ekonomi Bakanl\u0131\u011f\u0131\u2019n\u0131n \u00fclkedeki t\u00fcm yat\u0131r\u0131mlardan sorumlu olmas\u0131 gerekti\u011fini ve \u00f6ncelikle yabanc\u0131 yat\u0131r\u0131mc\u0131lar\u0131n gayr\u0131 menkul d\u0131\u015f\u0131nda yat\u0131r\u0131m yapmas\u0131n\u0131n \u00f6n\u00fcn\u00fcn a\u00e7\u0131lmas\u0131 gerekti\u011fini belirtti.&nbsp;<\/p>\n<p>Bakanl\u0131\u011f\u0131n sanayi politikalar\u0131 varsa ne olduklar\u0131n\u0131 da merak ati\u011fini dile getiren Baybars, \u015firket kurma s\u00fcre\u00e7lerinin k\u0131salt\u0131lmas\u0131 i\u00e7in neler yap\u0131ld\u0131\u011f\u0131n\u0131 da sordu.&nbsp;<\/p>\n<p>Baybars, konu\u015fmas\u0131n\u0131n devam\u0131nda Amcao\u011flu&#8217;na bir dizi soru y\u00f6nelterek, cevaplar\u0131 de\u011ferlendirdi.&nbsp;<\/p>\n<p>-\u015eahali&nbsp;<\/p>\n<p>CTP Milletvekili Erkut \u015eahali, bu bakanl\u0131\u011f\u0131n sadece maa\u015f \u00f6demekle sorumlu bir imaj \u00e7izdi\u011fini kaydederek, bu nedenle enerji baca\u011f\u0131n\u0131 konu\u015fman\u0131n &#8220;\u00e7ok anlams\u0131z&#8221; oldu\u011funu s\u00f6yledi.&nbsp;<\/p>\n<p>Yenilenebilir enerjide 2016 y\u0131l\u0131nda bile izinlendirme yap\u0131lamad\u0131\u011f\u0131n\u0131 hat\u0131rlatan \u015eahali, akaryak\u0131t ve gaz\u0131n fiyatland\u0131rma yetkisinin bu bakanl\u0131kta oldu\u011funu hat\u0131rlatarak, bu k\u0131\u015f aylar\u0131nda t\u00fcm \u00fclkenin bu \u00fcr\u00fcnlerin fiyatlar\u0131n\u0131n ne olaca\u011f\u0131n\u0131 merak etti\u011fini belirtti.&nbsp;<\/p>\n<p>\u015eahali, fiyat denetimi konusuna de\u011finerek, denetlemesi gerekenin Ticaret Dairesi oldu\u011funu ancak var olan personelle bunun m\u00fcmk\u00fcn olamayaca\u011f\u0131n\u0131 kaydetti.&nbsp;<\/p>\n<p>Genel t\u00fcketim maddelerinde niye \u201cmaksimum fiyat \u015fudur\u201d karar\u0131 al\u0131namad\u0131\u011f\u0131n\u0131 soran \u015eahali, insan kayna\u011f\u0131 yeterli olmasa da bunun yap\u0131labilece\u011fini s\u00f6yledi.&nbsp;<\/p>\n<p>\u00dclkedeki kay\u0131t d\u0131\u015f\u0131l\u0131\u011f\u0131n devasa boyutlarda oldu\u011funu, \u00fcstelik bunun \u00e7ok sistematik \u015fekilde devletin kayba u\u011frat\u0131ld\u0131\u011f\u0131 bir nokta oldu\u011funu ileri s\u00fcren \u015eahali, g\u00fcmr\u00fckte KDV\u2019si direkt al\u0131nan \u00fcr\u00fcnlerin bile el de\u011fi\u015fme s\u0131ras\u0131nda birden \u00e7ok KDV \u00f6demesine maruz kalmas\u0131n\u0131 ele\u015ftirdi.&nbsp;<\/p>\n<p>\u015eahali, nakit kullan\u0131m\u0131n\u0131n s\u0131n\u0131rland\u0131r\u0131lmas\u0131yla kay\u0131t d\u0131\u015f\u0131l\u0131\u011f\u0131n b\u00fcy\u00fck \u00f6l\u00e7\u00fcde kontrol alt\u0131na al\u0131naca\u011f\u0131n\u0131 s\u00f6yleyerek, t\u00fcm bunlar yap\u0131lmazsa bakanl\u0131\u011f\u0131n sadece maa\u015f \u00f6demekten ibaret olaca\u011f\u0131n\u0131 belirtti.&nbsp;<\/p>\n<p>Ekonomi ve Enerji Bakanl\u0131\u011f\u0131n\u0131n hareket alan\u0131n\u0131n s\u0131n\u0131rs\u0131z oldu\u011funu ve her haneye n\u00fcfus edebilece\u011fini belirten \u015eahali, denetim faaliyetlerinin al\u0131nan kararlarla s\u00fcrd\u00fcr\u00fclebilir hale getirilebilece\u011fine inand\u0131\u011f\u0131n\u0131 kaydetti.&nbsp;<\/p>\n<p>&nbsp;\u015eahali, buharl\u0131 nikotin \u00fcr\u00fcn\u00fc emirnamesinin ge\u00e7ti\u011fini ve bu \u00fcr\u00fcn\u00fcn test edilmesine olanak sa\u011flayacak yap\u0131ya sahip olunmad\u0131\u011f\u0131n\u0131 s\u00f6yledi.&nbsp;<\/p>\n<p>Bu \u00fcr\u00fcn\u00fcn ithalat\u0131n\u0131n \u00f6n\u00fcn\u00fc a\u00e7an \u00fcst d\u00fczey bir ba\u011flant\u0131 oldu\u011funu iddia eden \u015eahali, b\u00f6yle bir \u00fcr\u00fcn\u00fcn \u00fclkeye gelmesini kendi a\u00e7\u0131s\u0131ndan kabul edilebilir bulmad\u0131\u011f\u0131n\u0131 s\u00f6yledi.&nbsp;<\/p>\n<p>Hal yasas\u0131yla ilgili at\u0131lan ad\u0131mlar\u0131 da s\u0131ralayan \u015eahali, Hal Yasas\u0131n\u0131n ge\u00e7mesiyle belediyenin yetkilerinin de kald\u0131r\u0131ld\u0131\u011f\u0131n\u0131 hat\u0131rlatt\u0131.&nbsp;<\/p>\n<p>-Amcao\u011flu&nbsp;<\/p>\n<p>Ele\u015ftirileri yan\u0131tlayan Enerji ve Ekonomi Bakan\u0131 Olgun Amcao\u011flu,&nbsp; buharl\u0131 t\u00fct\u00fcn \u00fcr\u00fcnlerinin G\u00fcney&#8217;de yasal olmas\u0131 nedeniyle sipari\u015fle evlere bile gelecek hale geldi\u011fini, al\u0131nan kararla en az\u0131ndan ruhsats\u0131z olanlar\u0131 toplama haklar\u0131 olaca\u011f\u0131n\u0131 kaydetti.&nbsp;<\/p>\n<p>\u00dclkeye giri\u015flerinde de Sa\u011fl\u0131k Bakanl\u0131\u011f\u0131n\u0131n onay\u0131na ihtiya\u00e7 duyulaca\u011f\u0131n\u0131 ve bunun bile bir s\u00fczge\u00e7 g\u00f6revi g\u00f6rece\u011fini ve \u015fu an herhangi bir ithal izni talebi de bulunmad\u0131\u011f\u0131n\u0131 vurgulad\u0131.&nbsp;<\/p>\n<p>Amcao\u011flu, kimsenin can\u0131n\u0131 yakacak bir karar almad\u0131klar\u0131n\u0131 ve kendilerinin bu konuda \u00e7ok titiz davrand\u0131\u011f\u0131n\u0131 yineleyerek, en az\u0131ndan sat\u0131\u015f\u0131n\u0131 yetkiye ve denetime ba\u011flad\u0131klar\u0131n\u0131 kaydetti.&nbsp;<\/p>\n<p>Serbest Liman i\u015fletme t\u00fcz\u00fc\u011f\u00fcn\u00fcn de\u011fi\u015fece\u011fini de belirten Bakan Amcao\u011flu,&nbsp; yap\u0131lacak baz\u0131 de\u011fi\u015fikliklerle ilgili bilgi verdi&nbsp;<\/p>\n<p>Konu\u015fmalar\u0131n ard\u0131ndan 287 milyon 653 bin 100 TL\u2019lik Ekonomi ve Enerji Bakanl\u0131\u011f\u0131 B\u00fct\u00e7esi oy\u00e7oklu\u011fuyla kabul edildi.&nbsp;<\/p>\n<p>&nbsp;<\/p>\n","protected":false},"excerpt":{"rendered":"<p>Cumhuriyet Meclisi Ekonomi, Maliye, B\u00fct\u00e7e ve Plan Komitesi, 287 milyon 653 bin 100 TL\u2019lik Ekonomi ve Enerji Bakanl\u0131\u011f\u0131 ile bakanl\u0131\u011fa ba\u011fl\u0131 Serbest Liman ve B\u00f6lge\u2019nin b\u00fct\u00e7esini oy\u00e7oklu\u011fuyla onaylad\u0131.&nbsp; Komitede verilen aran\u0131n ard\u0131ndan Ekonomi ve Enerji Bakanl\u0131\u011f\u0131 b\u00fct\u00e7esinin genel g\u00f6r\u00fc\u015fmesine devam edildi.&nbsp; -\u015eahiner&nbsp; CTP Milletvekili Salahi \u015eahiner, AKSA ile imzalanan protokol \u00e7er\u00e7evesinde enterkonnekte&nbsp; sisteminin devreye girmesiyle&nbsp;,<\/p>\n","protected":false},"author":1,"featured_media":19424,"comment_status":"open","ping_status":"open","sticky":false,"template":"","format":"standard","meta":{"footnotes":""},"categories":[1],"tags":[],"class_list":["post-19423","post","type-post","status-publish","format-standard","has-post-thumbnail","hentry","category-gundem"],"yoast_head":"<!-- This site is optimized with the Yoast SEO plugin v27.5 - https:\/\/yoast.com\/product\/yoast-seo-wordpress\/ -->\n<title>Ekonomi ve Enerji Bakanl\u0131\u011f\u0131 b\u00fct\u00e7esi komitede onayland\u0131 -<\/title>\n<meta name=\"robots\" content=\"index, follow, max-snippet:-1, max-image-preview:large, max-video-preview:-1\" \/>\n<link rel=\"canonical\" href=\"https:\/\/kibrisdakik.com\/?p=19423\" \/>\n<meta property=\"og:locale\" content=\"tr_TR\" \/>\n<meta property=\"og:type\" content=\"article\" \/>\n<meta property=\"og:title\" content=\"Ekonomi ve Enerji Bakanl\u0131\u011f\u0131 b\u00fct\u00e7esi komitede onayland\u0131 -\" \/>\n<meta property=\"og:description\" content=\"Cumhuriyet Meclisi Ekonomi, Maliye, B\u00fct\u00e7e ve Plan Komitesi, 287 milyon 653 bin 100 TL\u2019lik Ekonomi ve Enerji Bakanl\u0131\u011f\u0131 ile bakanl\u0131\u011fa ba\u011fl\u0131 Serbest Liman ve B\u00f6lge\u2019nin b\u00fct\u00e7esini oy\u00e7oklu\u011fuyla onaylad\u0131.&nbsp; Komitede verilen aran\u0131n ard\u0131ndan Ekonomi ve Enerji Bakanl\u0131\u011f\u0131 b\u00fct\u00e7esinin genel g\u00f6r\u00fc\u015fmesine devam edildi.&nbsp; -\u015eahiner&nbsp; CTP Milletvekili Salahi \u015eahiner, AKSA ile imzalanan protokol \u00e7er\u00e7evesinde enterkonnekte&nbsp; sisteminin devreye girmesiyle&nbsp;,\" \/>\n<meta property=\"og:url\" content=\"https:\/\/kibrisdakik.com\/?p=19423\" \/>\n<meta property=\"article:published_time\" content=\"2023-11-20T15:44:53+00:00\" \/>\n<meta property=\"og:image\" content=\"https:\/\/kibrisdakik.com\/wp-content\/uploads\/2023\/11\/ekonomi-ve-enerji-bakanligi-butcesi-komitede-onaylandi-1700493355.webp.webp\" \/>\n\t<meta property=\"og:image:width\" content=\"710\" \/>\n\t<meta property=\"og:image:height\" content=\"370\" \/>\n\t<meta property=\"og:image:type\" content=\"image\/webp\" \/>\n<meta name=\"author\" content=\"admin\" \/>\n<meta name=\"twitter:card\" content=\"summary_large_image\" \/>\n<meta name=\"twitter:label1\" content=\"Yazan:\" \/>\n\t<meta name=\"twitter:data1\" content=\"admin\" \/>\n\t<meta name=\"twitter:label2\" content=\"Tahmini okuma s\u00fcresi\" \/>\n\t<meta name=\"twitter:data2\" content=\"4 dakika\" \/>\n<script type=\"application\/ld+json\" class=\"yoast-schema-graph\">{\"@context\":\"https:\\\/\\\/schema.org\",\"@graph\":[{\"@type\":\"Article\",\"@id\":\"https:\\\/\\\/kibrisdakik.com\\\/?p=19423#article\",\"isPartOf\":{\"@id\":\"https:\\\/\\\/kibrisdakik.com\\\/?p=19423\"},\"author\":{\"name\":\"admin\",\"@id\":\"https:\\\/\\\/kibrisdakik.com\\\/#\\\/schema\\\/person\\\/9cd9d437bbb44f72b73ba127e06d8e79\"},\"headline\":\"Ekonomi ve Enerji Bakanl\u0131\u011f\u0131 b\u00fct\u00e7esi komitede onayland\u0131\",\"datePublished\":\"2023-11-20T15:44:53+00:00\",\"mainEntityOfPage\":{\"@id\":\"https:\\\/\\\/kibrisdakik.com\\\/?p=19423\"},\"wordCount\":814,\"commentCount\":0,\"image\":{\"@id\":\"https:\\\/\\\/kibrisdakik.com\\\/?p=19423#primaryimage\"},\"thumbnailUrl\":\"https:\\\/\\\/kibrisdakik.com\\\/wp-content\\\/uploads\\\/2023\\\/11\\\/ekonomi-ve-enerji-bakanligi-butcesi-komitede-onaylandi-1700493355.webp.webp\",\"articleSection\":[\"G\u00fcndem\"],\"inLanguage\":\"tr\",\"potentialAction\":[{\"@type\":\"CommentAction\",\"name\":\"Comment\",\"target\":[\"https:\\\/\\\/kibrisdakik.com\\\/?p=19423#respond\"]}]},{\"@type\":\"WebPage\",\"@id\":\"https:\\\/\\\/kibrisdakik.com\\\/?p=19423\",\"url\":\"https:\\\/\\\/kibrisdakik.com\\\/?p=19423\",\"name\":\"Ekonomi ve Enerji Bakanl\u0131\u011f\u0131 b\u00fct\u00e7esi komitede onayland\u0131 -\",\"isPartOf\":{\"@id\":\"https:\\\/\\\/kibrisdakik.com\\\/#website\"},\"primaryImageOfPage\":{\"@id\":\"https:\\\/\\\/kibrisdakik.com\\\/?p=19423#primaryimage\"},\"image\":{\"@id\":\"https:\\\/\\\/kibrisdakik.com\\\/?p=19423#primaryimage\"},\"thumbnailUrl\":\"https:\\\/\\\/kibrisdakik.com\\\/wp-content\\\/uploads\\\/2023\\\/11\\\/ekonomi-ve-enerji-bakanligi-butcesi-komitede-onaylandi-1700493355.webp.webp\",\"datePublished\":\"2023-11-20T15:44:53+00:00\",\"author\":{\"@id\":\"https:\\\/\\\/kibrisdakik.com\\\/#\\\/schema\\\/person\\\/9cd9d437bbb44f72b73ba127e06d8e79\"},\"breadcrumb\":{\"@id\":\"https:\\\/\\\/kibrisdakik.com\\\/?p=19423#breadcrumb\"},\"inLanguage\":\"tr\",\"potentialAction\":[{\"@type\":\"ReadAction\",\"target\":[\"https:\\\/\\\/kibrisdakik.com\\\/?p=19423\"]}]},{\"@type\":\"ImageObject\",\"inLanguage\":\"tr\",\"@id\":\"https:\\\/\\\/kibrisdakik.com\\\/?p=19423#primaryimage\",\"url\":\"https:\\\/\\\/kibrisdakik.com\\\/wp-content\\\/uploads\\\/2023\\\/11\\\/ekonomi-ve-enerji-bakanligi-butcesi-komitede-onaylandi-1700493355.webp.webp\",\"contentUrl\":\"https:\\\/\\\/kibrisdakik.com\\\/wp-content\\\/uploads\\\/2023\\\/11\\\/ekonomi-ve-enerji-bakanligi-butcesi-komitede-onaylandi-1700493355.webp.webp\",\"width\":710,\"height\":370},{\"@type\":\"BreadcrumbList\",\"@id\":\"https:\\\/\\\/kibrisdakik.com\\\/?p=19423#breadcrumb\",\"itemListElement\":[{\"@type\":\"ListItem\",\"position\":1,\"name\":\"Home\",\"item\":\"https:\\\/\\\/kibrisdakik.com\\\/\"},{\"@type\":\"ListItem\",\"position\":2,\"name\":\"Ekonomi ve Enerji Bakanl\u0131\u011f\u0131 b\u00fct\u00e7esi komitede onayland\u0131\"}]},{\"@type\":\"WebSite\",\"@id\":\"https:\\\/\\\/kibrisdakik.com\\\/#website\",\"url\":\"https:\\\/\\\/kibrisdakik.com\\\/\",\"name\":\"\",\"description\":\"Tam vaktinde haber\",\"potentialAction\":[{\"@type\":\"SearchAction\",\"target\":{\"@type\":\"EntryPoint\",\"urlTemplate\":\"https:\\\/\\\/kibrisdakik.com\\\/?s={search_term_string}\"},\"query-input\":{\"@type\":\"PropertyValueSpecification\",\"valueRequired\":true,\"valueName\":\"search_term_string\"}}],\"inLanguage\":\"tr\"},{\"@type\":\"Person\",\"@id\":\"https:\\\/\\\/kibrisdakik.com\\\/#\\\/schema\\\/person\\\/9cd9d437bbb44f72b73ba127e06d8e79\",\"name\":\"admin\",\"image\":{\"@type\":\"ImageObject\",\"inLanguage\":\"tr\",\"@id\":\"https:\\\/\\\/secure.gravatar.com\\\/avatar\\\/ccc17943b9d660506c869530f897617f7cb1c21a4bf30023f252596d83e1f007?s=96&d=mm&r=g\",\"url\":\"https:\\\/\\\/secure.gravatar.com\\\/avatar\\\/ccc17943b9d660506c869530f897617f7cb1c21a4bf30023f252596d83e1f007?s=96&d=mm&r=g\",\"contentUrl\":\"https:\\\/\\\/secure.gravatar.com\\\/avatar\\\/ccc17943b9d660506c869530f897617f7cb1c21a4bf30023f252596d83e1f007?s=96&d=mm&r=g\",\"caption\":\"admin\"},\"sameAs\":[\"https:\\\/\\\/kibrisdakik.com\"],\"url\":\"https:\\\/\\\/kibrisdakik.com\\\/?author=1\"}]}<\/script>\n<!-- \/ Yoast SEO plugin. -->","yoast_head_json":{"title":"Ekonomi ve Enerji Bakanl\u0131\u011f\u0131 b\u00fct\u00e7esi komitede onayland\u0131 -","robots":{"index":"index","follow":"follow","max-snippet":"max-snippet:-1","max-image-preview":"max-image-preview:large","max-video-preview":"max-video-preview:-1"},"canonical":"https:\/\/kibrisdakik.com\/?p=19423","og_locale":"tr_TR","og_type":"article","og_title":"Ekonomi ve Enerji Bakanl\u0131\u011f\u0131 b\u00fct\u00e7esi komitede onayland\u0131 -","og_description":"Cumhuriyet Meclisi Ekonomi, Maliye, B\u00fct\u00e7e ve Plan Komitesi, 287 milyon 653 bin 100 TL\u2019lik Ekonomi ve Enerji Bakanl\u0131\u011f\u0131 ile bakanl\u0131\u011fa ba\u011fl\u0131 Serbest Liman ve B\u00f6lge\u2019nin b\u00fct\u00e7esini oy\u00e7oklu\u011fuyla onaylad\u0131.&nbsp; Komitede verilen aran\u0131n ard\u0131ndan Ekonomi ve Enerji Bakanl\u0131\u011f\u0131 b\u00fct\u00e7esinin genel g\u00f6r\u00fc\u015fmesine devam edildi.&nbsp; -\u015eahiner&nbsp; CTP Milletvekili Salahi \u015eahiner, AKSA ile imzalanan protokol \u00e7er\u00e7evesinde enterkonnekte&nbsp; sisteminin devreye girmesiyle&nbsp;,","og_url":"https:\/\/kibrisdakik.com\/?p=19423","article_published_time":"2023-11-20T15:44:53+00:00","og_image":[{"width":710,"height":370,"url":"https:\/\/kibrisdakik.com\/wp-content\/uploads\/2023\/11\/ekonomi-ve-enerji-bakanligi-butcesi-komitede-onaylandi-1700493355.webp.webp","type":"image\/webp"}],"author":"admin","twitter_card":"summary_large_image","twitter_misc":{"Yazan:":"admin","Tahmini okuma s\u00fcresi":"4 dakika"},"schema":{"@context":"https:\/\/schema.org","@graph":[{"@type":"Article","@id":"https:\/\/kibrisdakik.com\/?p=19423#article","isPartOf":{"@id":"https:\/\/kibrisdakik.com\/?p=19423"},"author":{"name":"admin","@id":"https:\/\/kibrisdakik.com\/#\/schema\/person\/9cd9d437bbb44f72b73ba127e06d8e79"},"headline":"Ekonomi ve Enerji Bakanl\u0131\u011f\u0131 b\u00fct\u00e7esi komitede onayland\u0131","datePublished":"2023-11-20T15:44:53+00:00","mainEntityOfPage":{"@id":"https:\/\/kibrisdakik.com\/?p=19423"},"wordCount":814,"commentCount":0,"image":{"@id":"https:\/\/kibrisdakik.com\/?p=19423#primaryimage"},"thumbnailUrl":"https:\/\/kibrisdakik.com\/wp-content\/uploads\/2023\/11\/ekonomi-ve-enerji-bakanligi-butcesi-komitede-onaylandi-1700493355.webp.webp","articleSection":["G\u00fcndem"],"inLanguage":"tr","potentialAction":[{"@type":"CommentAction","name":"Comment","target":["https:\/\/kibrisdakik.com\/?p=19423#respond"]}]},{"@type":"WebPage","@id":"https:\/\/kibrisdakik.com\/?p=19423","url":"https:\/\/kibrisdakik.com\/?p=19423","name":"Ekonomi ve Enerji Bakanl\u0131\u011f\u0131 b\u00fct\u00e7esi komitede onayland\u0131 -","isPartOf":{"@id":"https:\/\/kibrisdakik.com\/#website"},"primaryImageOfPage":{"@id":"https:\/\/kibrisdakik.com\/?p=19423#primaryimage"},"image":{"@id":"https:\/\/kibrisdakik.com\/?p=19423#primaryimage"},"thumbnailUrl":"https:\/\/kibrisdakik.com\/wp-content\/uploads\/2023\/11\/ekonomi-ve-enerji-bakanligi-butcesi-komitede-onaylandi-1700493355.webp.webp","datePublished":"2023-11-20T15:44:53+00:00","author":{"@id":"https:\/\/kibrisdakik.com\/#\/schema\/person\/9cd9d437bbb44f72b73ba127e06d8e79"},"breadcrumb":{"@id":"https:\/\/kibrisdakik.com\/?p=19423#breadcrumb"},"inLanguage":"tr","potentialAction":[{"@type":"ReadAction","target":["https:\/\/kibrisdakik.com\/?p=19423"]}]},{"@type":"ImageObject","inLanguage":"tr","@id":"https:\/\/kibrisdakik.com\/?p=19423#primaryimage","url":"https:\/\/kibrisdakik.com\/wp-content\/uploads\/2023\/11\/ekonomi-ve-enerji-bakanligi-butcesi-komitede-onaylandi-1700493355.webp.webp","contentUrl":"https:\/\/kibrisdakik.com\/wp-content\/uploads\/2023\/11\/ekonomi-ve-enerji-bakanligi-butcesi-komitede-onaylandi-1700493355.webp.webp","width":710,"height":370},{"@type":"BreadcrumbList","@id":"https:\/\/kibrisdakik.com\/?p=19423#breadcrumb","itemListElement":[{"@type":"ListItem","position":1,"name":"Home","item":"https:\/\/kibrisdakik.com\/"},{"@type":"ListItem","position":2,"name":"Ekonomi ve Enerji Bakanl\u0131\u011f\u0131 b\u00fct\u00e7esi komitede onayland\u0131"}]},{"@type":"WebSite","@id":"https:\/\/kibrisdakik.com\/#website","url":"https:\/\/kibrisdakik.com\/","name":"","description":"Tam vaktinde haber","potentialAction":[{"@type":"SearchAction","target":{"@type":"EntryPoint","urlTemplate":"https:\/\/kibrisdakik.com\/?s={search_term_string}"},"query-input":{"@type":"PropertyValueSpecification","valueRequired":true,"valueName":"search_term_string"}}],"inLanguage":"tr"},{"@type":"Person","@id":"https:\/\/kibrisdakik.com\/#\/schema\/person\/9cd9d437bbb44f72b73ba127e06d8e79","name":"admin","image":{"@type":"ImageObject","inLanguage":"tr","@id":"https:\/\/secure.gravatar.com\/avatar\/ccc17943b9d660506c869530f897617f7cb1c21a4bf30023f252596d83e1f007?s=96&d=mm&r=g","url":"https:\/\/secure.gravatar.com\/avatar\/ccc17943b9d660506c869530f897617f7cb1c21a4bf30023f252596d83e1f007?s=96&d=mm&r=g","contentUrl":"https:\/\/secure.gravatar.com\/avatar\/ccc17943b9d660506c869530f897617f7cb1c21a4bf30023f252596d83e1f007?s=96&d=mm&r=g","caption":"admin"},"sameAs":["https:\/\/kibrisdakik.com"],"url":"https:\/\/kibrisdakik.com\/?author=1"}]}},"_links":{"self":[{"href":"https:\/\/kibrisdakik.com\/index.php?rest_route=\/wp\/v2\/posts\/19423","targetHints":{"allow":["GET"]}}],"collection":[{"href":"https:\/\/kibrisdakik.com\/index.php?rest_route=\/wp\/v2\/posts"}],"about":[{"href":"https:\/\/kibrisdakik.com\/index.php?rest_route=\/wp\/v2\/types\/post"}],"author":[{"embeddable":true,"href":"https:\/\/kibrisdakik.com\/index.php?rest_route=\/wp\/v2\/users\/1"}],"replies":[{"embeddable":true,"href":"https:\/\/kibrisdakik.com\/index.php?rest_route=%2Fwp%2Fv2%2Fcomments&post=19423"}],"version-history":[{"count":0,"href":"https:\/\/kibrisdakik.com\/index.php?rest_route=\/wp\/v2\/posts\/19423\/revisions"}],"wp:featuredmedia":[{"embeddable":true,"href":"https:\/\/kibrisdakik.com\/index.php?rest_route=\/wp\/v2\/media\/19424"}],"wp:attachment":[{"href":"https:\/\/kibrisdakik.com\/index.php?rest_route=%2Fwp%2Fv2%2Fmedia&parent=19423"}],"wp:term":[{"taxonomy":"category","embeddable":true,"href":"https:\/\/kibrisdakik.com\/index.php?rest_route=%2Fwp%2Fv2%2Fcategories&post=19423"},{"taxonomy":"post_tag","embeddable":true,"href":"https:\/\/kibrisdakik.com\/index.php?rest_route=%2Fwp%2Fv2%2Ftags&post=19423"}],"curies":[{"name":"wp","href":"https:\/\/api.w.org\/{rel}","templated":true}]}}