{"id":19431,"date":"2023-11-20T16:43:30","date_gmt":"2023-11-20T16:43:30","guid":{"rendered":"https:\/\/kibrisdakik.com\/index.php\/2023\/11\/20\/ab-hidrojen-yatirimlarini-artirmak-istiyor\/"},"modified":"2023-11-20T16:43:30","modified_gmt":"2023-11-20T16:43:30","slug":"ab-hidrojen-yatirimlarini-artirmak-istiyor","status":"publish","type":"post","link":"https:\/\/kibrisdakik.com\/?p=19431","title":{"rendered":"AB, hidrojen yat\u0131r\u0131mlar\u0131n\u0131 art\u0131rmak istiyor"},"content":{"rendered":"<p><img decoding=\"async\" src=\"https:\/\/www.kibristurk.com\/images\/haberler\/2023\/11\/ab-hidrojen-yatirimlarini-artirmak-istiyor-1700498120.webp\" \/><\/p>\n<p>Von der Leyen, Avrupa Hidrojen Haftas\u0131 nedeniyle Br\u00fcksel&#8217;de d\u00fczenlenen program\u0131n a\u00e7\u0131l\u0131\u015f\u0131na video konferansla ba\u011flanarak konu\u015ftu.<\/p>\n<p>Hidrojen ekonomisinin h\u0131zla geli\u015fti\u011fine i\u015faret eden von der Leyen, Avrupa genelinde \u00e7ok say\u0131da \u015fehirde ilk hidrojen otob\u00fcslerin \u00e7al\u0131\u015fmaya ba\u015flad\u0131\u011f\u0131n\u0131 anlatt\u0131.<\/p>\n<p>Von der Leyen, Rotterdam Liman\u0131&#8217;nda 1000 kilometreden fazla bir alana yay\u0131lacak hidrojen a\u011f\u0131 in\u015fas\u0131 i\u00e7in \u00e7al\u0131\u015fmalar\u0131n ba\u015flad\u0131\u011f\u0131n\u0131, d\u00fcnyan\u0131n s\u0131v\u0131 hidrojenle \u00e7al\u0131\u015fan ilk u\u00e7a\u011f\u0131n\u0131n da birka\u00e7 hafta \u00f6nce Slovenya semalar\u0131nda u\u00e7tu\u011funu anlatt\u0131.<\/p>\n<p>&#8220;Temiz hidrojen \u00e7a\u011f\u0131n\u0131n \u015fafa\u011f\u0131nday\u0131z.&#8221; diyen von der Leyen, AB Komisyonunun hidrojen alan\u0131na destek olmak i\u00e7in elinden geleni yapt\u0131\u011f\u0131n\u0131 belirtti.<\/p>\n<p>Von der Leyen, hidrojen pazar\u0131n\u0131 b\u00fcy\u00fctmek i\u00e7in g\u00fc\u00e7l\u00fc kamu yat\u0131r\u0131m\u0131, hidrojen i\u00e7in k\u00fcresel bir pazar olu\u015fturmaya y\u00f6nelik uluslararas\u0131 i\u015fbirli\u011fi ve yenili\u011fi te\u015fvik etmek i\u00e7in \u00f6zel sekt\u00f6rle yeni ortakl\u0131k \u00fczerinde \u00e7al\u0131\u015ft\u0131klar\u0131n\u0131 ifade etti.<\/p>\n<p>Avrupa Ye\u015fil Mutabakat\u0131 kapsam\u0131nda \u00e7e\u015fitli fonlarla hidrojen vadilerine, hidrojen trenlerine ve temiz \u00e7elik fabrikalar\u0131na yat\u0131r\u0131m yapt\u0131klar\u0131na i\u015faret eden von der Leyen, &#8220;AB genelinde yakla\u015f\u0131k 80 hidrojen projesi i\u00e7in 17 milyar avronun \u00fczerinde kamu deste\u011fine onay verdik.&#8221; dedi.<\/p>\n<p>Von der Leyen, AB&#8217;nin 800 milyon avroluk fonuyla Avrupa Hidrojen Bankas\u0131n\u0131n ilk ihalesini bu hafta ba\u015flatacaklar\u0131na dikkati \u00e7ekerek bunun \u00f6zel sekt\u00f6r finansman\u0131n\u0131 \u00e7ekece\u011fini ve ticari al\u0131m anla\u015fmalar\u0131yla sonu\u00e7lanaca\u011f\u0131n\u0131 s\u00f6yledi.<\/p>\n<p>Avrupa Hidrojen Bankas\u0131n\u0131n 2024 ilkbahar\u0131nda, toplam de\u011feri 3 milyar avroya ula\u015facak ikinci tur ihaleleri ba\u015flataca\u011f\u0131na i\u015faret eden von der Leyen, bankan\u0131n uluslararas\u0131 aya\u011f\u0131 \u00fczerine de \u00e7al\u0131\u015ft\u0131klar\u0131n\u0131, bunun d\u0131\u015far\u0131daki tedarik\u00e7ilerden hidrojen ithalat\u0131n\u0131 g\u00fcvence alt\u0131na alaca\u011f\u0131n\u0131 anlatt\u0131.<\/p>\n<p>Von der Leyen, M\u0131s\u0131r, Kenya ve Namibya gibi pek \u00e7ok \u00fclkeyle hidrojen ortakl\u0131klar\u0131na imza att\u0131klar\u0131na dikkati \u00e7ekerek bu \u00fclkelerin temiz enerji \u00fcretme ve bunu temiz hidrojene d\u00f6n\u00fc\u015ft\u00fcrme konusunda ciddi potansiyele sahip olduklar\u0131n\u0131 vurgulad\u0131.<\/p>\n<p>AB&#8217;nin Brezilya&#8217;da d\u00fcnyan\u0131n en b\u00fcy\u00fck hidrojen projelerinden birinin in\u015fas\u0131na destek verece\u011fini belirten von der Leyen, K\u00fcresel Ge\u00e7it program\u0131 \u00e7er\u00e7evesinde Brezilya&#8217;da hidrojen de\u011fer zincirine 2 milyar avroluk yat\u0131r\u0131m ger\u00e7ekle\u015ftireceklerini anlatt\u0131.<\/p>\n<p>Von der Leyen, Brezilya&#8217;da kurulacak yeni Ye\u015fil Enerji Park\u0131&#8217;n\u0131n temiz hidrojen ve amonyak i\u00e7in 10 gigavatl\u0131k bir \u00fcretim tesisi i\u00e7erece\u011fini ve bunlar\u0131n daha sonra H\u0131rvatistan&#8217;a ve oradan da di\u011fer Avrupa \u00fclkelerine g\u00f6nderilece\u011fini s\u00f6yledi.<\/p>\n<p>&#8220;Avrupa sadece temiz hidrojenin \u00f6nc\u00fcs\u00fc de\u011fil, ayn\u0131 zamanda d\u00fcnya \u00e7ap\u0131nda bir hidrojen pazar\u0131n\u0131n in\u015fa edilmesinde bir ortak konumundad\u0131r.&#8221; diyen von der Leyen, bu alanda kamu yat\u0131r\u0131mlar\u0131yla b\u00fcy\u00fck miktarda \u00f6zel sermayenin harekete ge\u00e7irilmesine yard\u0131mc\u0131 olduklar\u0131n\u0131 s\u00f6yledi.<\/p>\n<p>Von der Leyen, hidrojende kamu finansman\u0131na eri\u015fimi de kolayla\u015ft\u0131racaklar\u0131n\u0131, hidrojen projesi destek\u00e7ilerine AB finansman\u0131 konusunda destek vermek i\u00e7in Avrupa Hidrojen Bankas\u0131 b\u00fcnyesinde bir tek durak noktas\u0131 olu\u015fturacaklar\u0131n\u0131 anlatt\u0131.<\/p>\n","protected":false},"excerpt":{"rendered":"<p>Von der Leyen, Avrupa Hidrojen Haftas\u0131 nedeniyle Br\u00fcksel&#8217;de d\u00fczenlenen program\u0131n a\u00e7\u0131l\u0131\u015f\u0131na video konferansla ba\u011flanarak konu\u015ftu. Hidrojen ekonomisinin h\u0131zla geli\u015fti\u011fine i\u015faret eden von der Leyen, Avrupa genelinde \u00e7ok say\u0131da \u015fehirde ilk hidrojen otob\u00fcslerin \u00e7al\u0131\u015fmaya ba\u015flad\u0131\u011f\u0131n\u0131 anlatt\u0131. Von der Leyen, Rotterdam Liman\u0131&#8217;nda 1000 kilometreden fazla bir alana yay\u0131lacak hidrojen a\u011f\u0131 in\u015fas\u0131 i\u00e7in \u00e7al\u0131\u015fmalar\u0131n ba\u015flad\u0131\u011f\u0131n\u0131, d\u00fcnyan\u0131n s\u0131v\u0131 hidrojenle<\/p>\n","protected":false},"author":1,"featured_media":19432,"comment_status":"open","ping_status":"open","sticky":false,"template":"","format":"standard","meta":{"footnotes":""},"categories":[86],"tags":[],"class_list":["post-19431","post","type-post","status-publish","format-standard","has-post-thumbnail","hentry","category-turkiye"],"yoast_head":"<!-- This site is optimized with the Yoast SEO plugin v27.5 - https:\/\/yoast.com\/product\/yoast-seo-wordpress\/ -->\n<title>AB, hidrojen yat\u0131r\u0131mlar\u0131n\u0131 art\u0131rmak istiyor -<\/title>\n<meta name=\"robots\" content=\"index, follow, max-snippet:-1, max-image-preview:large, max-video-preview:-1\" \/>\n<link rel=\"canonical\" href=\"https:\/\/kibrisdakik.com\/?p=19431\" \/>\n<meta property=\"og:locale\" content=\"tr_TR\" \/>\n<meta property=\"og:type\" content=\"article\" \/>\n<meta property=\"og:title\" content=\"AB, hidrojen yat\u0131r\u0131mlar\u0131n\u0131 art\u0131rmak istiyor -\" \/>\n<meta property=\"og:description\" content=\"Von der Leyen, Avrupa Hidrojen Haftas\u0131 nedeniyle Br\u00fcksel&#8217;de d\u00fczenlenen program\u0131n a\u00e7\u0131l\u0131\u015f\u0131na video konferansla ba\u011flanarak konu\u015ftu. Hidrojen ekonomisinin h\u0131zla geli\u015fti\u011fine i\u015faret eden von der Leyen, Avrupa genelinde \u00e7ok say\u0131da \u015fehirde ilk hidrojen otob\u00fcslerin \u00e7al\u0131\u015fmaya ba\u015flad\u0131\u011f\u0131n\u0131 anlatt\u0131. Von der Leyen, Rotterdam Liman\u0131&#8217;nda 1000 kilometreden fazla bir alana yay\u0131lacak hidrojen a\u011f\u0131 in\u015fas\u0131 i\u00e7in \u00e7al\u0131\u015fmalar\u0131n ba\u015flad\u0131\u011f\u0131n\u0131, d\u00fcnyan\u0131n s\u0131v\u0131 hidrojenle\" \/>\n<meta property=\"og:url\" content=\"https:\/\/kibrisdakik.com\/?p=19431\" \/>\n<meta property=\"article:published_time\" content=\"2023-11-20T16:43:30+00:00\" \/>\n<meta property=\"og:image\" content=\"https:\/\/kibrisdakik.com\/wp-content\/uploads\/2023\/11\/ab-hidrojen-yatirimlarini-artirmak-istiyor-1700498120.webp.webp\" \/>\n\t<meta property=\"og:image:width\" content=\"710\" \/>\n\t<meta property=\"og:image:height\" content=\"370\" \/>\n\t<meta property=\"og:image:type\" content=\"image\/webp\" \/>\n<meta name=\"author\" content=\"admin\" \/>\n<meta name=\"twitter:card\" content=\"summary_large_image\" \/>\n<meta name=\"twitter:label1\" content=\"Yazan:\" \/>\n\t<meta name=\"twitter:data1\" content=\"admin\" \/>\n\t<meta name=\"twitter:label2\" content=\"Tahmini okuma s\u00fcresi\" \/>\n\t<meta name=\"twitter:data2\" content=\"3 dakika\" \/>\n<script type=\"application\/ld+json\" class=\"yoast-schema-graph\">{\"@context\":\"https:\\\/\\\/schema.org\",\"@graph\":[{\"@type\":\"Article\",\"@id\":\"https:\\\/\\\/kibrisdakik.com\\\/?p=19431#article\",\"isPartOf\":{\"@id\":\"https:\\\/\\\/kibrisdakik.com\\\/?p=19431\"},\"author\":{\"name\":\"admin\",\"@id\":\"https:\\\/\\\/kibrisdakik.com\\\/#\\\/schema\\\/person\\\/9cd9d437bbb44f72b73ba127e06d8e79\"},\"headline\":\"AB, hidrojen yat\u0131r\u0131mlar\u0131n\u0131 art\u0131rmak istiyor\",\"datePublished\":\"2023-11-20T16:43:30+00:00\",\"mainEntityOfPage\":{\"@id\":\"https:\\\/\\\/kibrisdakik.com\\\/?p=19431\"},\"wordCount\":548,\"commentCount\":0,\"image\":{\"@id\":\"https:\\\/\\\/kibrisdakik.com\\\/?p=19431#primaryimage\"},\"thumbnailUrl\":\"https:\\\/\\\/kibrisdakik.com\\\/wp-content\\\/uploads\\\/2023\\\/11\\\/ab-hidrojen-yatirimlarini-artirmak-istiyor-1700498120.webp.webp\",\"articleSection\":[\"T\u00fcrkiye\"],\"inLanguage\":\"tr\",\"potentialAction\":[{\"@type\":\"CommentAction\",\"name\":\"Comment\",\"target\":[\"https:\\\/\\\/kibrisdakik.com\\\/?p=19431#respond\"]}]},{\"@type\":\"WebPage\",\"@id\":\"https:\\\/\\\/kibrisdakik.com\\\/?p=19431\",\"url\":\"https:\\\/\\\/kibrisdakik.com\\\/?p=19431\",\"name\":\"AB, hidrojen yat\u0131r\u0131mlar\u0131n\u0131 art\u0131rmak istiyor -\",\"isPartOf\":{\"@id\":\"https:\\\/\\\/kibrisdakik.com\\\/#website\"},\"primaryImageOfPage\":{\"@id\":\"https:\\\/\\\/kibrisdakik.com\\\/?p=19431#primaryimage\"},\"image\":{\"@id\":\"https:\\\/\\\/kibrisdakik.com\\\/?p=19431#primaryimage\"},\"thumbnailUrl\":\"https:\\\/\\\/kibrisdakik.com\\\/wp-content\\\/uploads\\\/2023\\\/11\\\/ab-hidrojen-yatirimlarini-artirmak-istiyor-1700498120.webp.webp\",\"datePublished\":\"2023-11-20T16:43:30+00:00\",\"author\":{\"@id\":\"https:\\\/\\\/kibrisdakik.com\\\/#\\\/schema\\\/person\\\/9cd9d437bbb44f72b73ba127e06d8e79\"},\"breadcrumb\":{\"@id\":\"https:\\\/\\\/kibrisdakik.com\\\/?p=19431#breadcrumb\"},\"inLanguage\":\"tr\",\"potentialAction\":[{\"@type\":\"ReadAction\",\"target\":[\"https:\\\/\\\/kibrisdakik.com\\\/?p=19431\"]}]},{\"@type\":\"ImageObject\",\"inLanguage\":\"tr\",\"@id\":\"https:\\\/\\\/kibrisdakik.com\\\/?p=19431#primaryimage\",\"url\":\"https:\\\/\\\/kibrisdakik.com\\\/wp-content\\\/uploads\\\/2023\\\/11\\\/ab-hidrojen-yatirimlarini-artirmak-istiyor-1700498120.webp.webp\",\"contentUrl\":\"https:\\\/\\\/kibrisdakik.com\\\/wp-content\\\/uploads\\\/2023\\\/11\\\/ab-hidrojen-yatirimlarini-artirmak-istiyor-1700498120.webp.webp\",\"width\":710,\"height\":370},{\"@type\":\"BreadcrumbList\",\"@id\":\"https:\\\/\\\/kibrisdakik.com\\\/?p=19431#breadcrumb\",\"itemListElement\":[{\"@type\":\"ListItem\",\"position\":1,\"name\":\"Home\",\"item\":\"https:\\\/\\\/kibrisdakik.com\\\/\"},{\"@type\":\"ListItem\",\"position\":2,\"name\":\"AB, hidrojen yat\u0131r\u0131mlar\u0131n\u0131 art\u0131rmak istiyor\"}]},{\"@type\":\"WebSite\",\"@id\":\"https:\\\/\\\/kibrisdakik.com\\\/#website\",\"url\":\"https:\\\/\\\/kibrisdakik.com\\\/\",\"name\":\"\",\"description\":\"Tam vaktinde haber\",\"potentialAction\":[{\"@type\":\"SearchAction\",\"target\":{\"@type\":\"EntryPoint\",\"urlTemplate\":\"https:\\\/\\\/kibrisdakik.com\\\/?s={search_term_string}\"},\"query-input\":{\"@type\":\"PropertyValueSpecification\",\"valueRequired\":true,\"valueName\":\"search_term_string\"}}],\"inLanguage\":\"tr\"},{\"@type\":\"Person\",\"@id\":\"https:\\\/\\\/kibrisdakik.com\\\/#\\\/schema\\\/person\\\/9cd9d437bbb44f72b73ba127e06d8e79\",\"name\":\"admin\",\"image\":{\"@type\":\"ImageObject\",\"inLanguage\":\"tr\",\"@id\":\"https:\\\/\\\/secure.gravatar.com\\\/avatar\\\/ccc17943b9d660506c869530f897617f7cb1c21a4bf30023f252596d83e1f007?s=96&d=mm&r=g\",\"url\":\"https:\\\/\\\/secure.gravatar.com\\\/avatar\\\/ccc17943b9d660506c869530f897617f7cb1c21a4bf30023f252596d83e1f007?s=96&d=mm&r=g\",\"contentUrl\":\"https:\\\/\\\/secure.gravatar.com\\\/avatar\\\/ccc17943b9d660506c869530f897617f7cb1c21a4bf30023f252596d83e1f007?s=96&d=mm&r=g\",\"caption\":\"admin\"},\"sameAs\":[\"https:\\\/\\\/kibrisdakik.com\"],\"url\":\"https:\\\/\\\/kibrisdakik.com\\\/?author=1\"}]}<\/script>\n<!-- \/ Yoast SEO plugin. -->","yoast_head_json":{"title":"AB, hidrojen yat\u0131r\u0131mlar\u0131n\u0131 art\u0131rmak istiyor -","robots":{"index":"index","follow":"follow","max-snippet":"max-snippet:-1","max-image-preview":"max-image-preview:large","max-video-preview":"max-video-preview:-1"},"canonical":"https:\/\/kibrisdakik.com\/?p=19431","og_locale":"tr_TR","og_type":"article","og_title":"AB, hidrojen yat\u0131r\u0131mlar\u0131n\u0131 art\u0131rmak istiyor -","og_description":"Von der Leyen, Avrupa Hidrojen Haftas\u0131 nedeniyle Br\u00fcksel&#8217;de d\u00fczenlenen program\u0131n a\u00e7\u0131l\u0131\u015f\u0131na video konferansla ba\u011flanarak konu\u015ftu. Hidrojen ekonomisinin h\u0131zla geli\u015fti\u011fine i\u015faret eden von der Leyen, Avrupa genelinde \u00e7ok say\u0131da \u015fehirde ilk hidrojen otob\u00fcslerin \u00e7al\u0131\u015fmaya ba\u015flad\u0131\u011f\u0131n\u0131 anlatt\u0131. Von der Leyen, Rotterdam Liman\u0131&#8217;nda 1000 kilometreden fazla bir alana yay\u0131lacak hidrojen a\u011f\u0131 in\u015fas\u0131 i\u00e7in \u00e7al\u0131\u015fmalar\u0131n ba\u015flad\u0131\u011f\u0131n\u0131, d\u00fcnyan\u0131n s\u0131v\u0131 hidrojenle","og_url":"https:\/\/kibrisdakik.com\/?p=19431","article_published_time":"2023-11-20T16:43:30+00:00","og_image":[{"width":710,"height":370,"url":"https:\/\/kibrisdakik.com\/wp-content\/uploads\/2023\/11\/ab-hidrojen-yatirimlarini-artirmak-istiyor-1700498120.webp.webp","type":"image\/webp"}],"author":"admin","twitter_card":"summary_large_image","twitter_misc":{"Yazan:":"admin","Tahmini okuma s\u00fcresi":"3 dakika"},"schema":{"@context":"https:\/\/schema.org","@graph":[{"@type":"Article","@id":"https:\/\/kibrisdakik.com\/?p=19431#article","isPartOf":{"@id":"https:\/\/kibrisdakik.com\/?p=19431"},"author":{"name":"admin","@id":"https:\/\/kibrisdakik.com\/#\/schema\/person\/9cd9d437bbb44f72b73ba127e06d8e79"},"headline":"AB, hidrojen yat\u0131r\u0131mlar\u0131n\u0131 art\u0131rmak istiyor","datePublished":"2023-11-20T16:43:30+00:00","mainEntityOfPage":{"@id":"https:\/\/kibrisdakik.com\/?p=19431"},"wordCount":548,"commentCount":0,"image":{"@id":"https:\/\/kibrisdakik.com\/?p=19431#primaryimage"},"thumbnailUrl":"https:\/\/kibrisdakik.com\/wp-content\/uploads\/2023\/11\/ab-hidrojen-yatirimlarini-artirmak-istiyor-1700498120.webp.webp","articleSection":["T\u00fcrkiye"],"inLanguage":"tr","potentialAction":[{"@type":"CommentAction","name":"Comment","target":["https:\/\/kibrisdakik.com\/?p=19431#respond"]}]},{"@type":"WebPage","@id":"https:\/\/kibrisdakik.com\/?p=19431","url":"https:\/\/kibrisdakik.com\/?p=19431","name":"AB, hidrojen yat\u0131r\u0131mlar\u0131n\u0131 art\u0131rmak istiyor -","isPartOf":{"@id":"https:\/\/kibrisdakik.com\/#website"},"primaryImageOfPage":{"@id":"https:\/\/kibrisdakik.com\/?p=19431#primaryimage"},"image":{"@id":"https:\/\/kibrisdakik.com\/?p=19431#primaryimage"},"thumbnailUrl":"https:\/\/kibrisdakik.com\/wp-content\/uploads\/2023\/11\/ab-hidrojen-yatirimlarini-artirmak-istiyor-1700498120.webp.webp","datePublished":"2023-11-20T16:43:30+00:00","author":{"@id":"https:\/\/kibrisdakik.com\/#\/schema\/person\/9cd9d437bbb44f72b73ba127e06d8e79"},"breadcrumb":{"@id":"https:\/\/kibrisdakik.com\/?p=19431#breadcrumb"},"inLanguage":"tr","potentialAction":[{"@type":"ReadAction","target":["https:\/\/kibrisdakik.com\/?p=19431"]}]},{"@type":"ImageObject","inLanguage":"tr","@id":"https:\/\/kibrisdakik.com\/?p=19431#primaryimage","url":"https:\/\/kibrisdakik.com\/wp-content\/uploads\/2023\/11\/ab-hidrojen-yatirimlarini-artirmak-istiyor-1700498120.webp.webp","contentUrl":"https:\/\/kibrisdakik.com\/wp-content\/uploads\/2023\/11\/ab-hidrojen-yatirimlarini-artirmak-istiyor-1700498120.webp.webp","width":710,"height":370},{"@type":"BreadcrumbList","@id":"https:\/\/kibrisdakik.com\/?p=19431#breadcrumb","itemListElement":[{"@type":"ListItem","position":1,"name":"Home","item":"https:\/\/kibrisdakik.com\/"},{"@type":"ListItem","position":2,"name":"AB, hidrojen yat\u0131r\u0131mlar\u0131n\u0131 art\u0131rmak istiyor"}]},{"@type":"WebSite","@id":"https:\/\/kibrisdakik.com\/#website","url":"https:\/\/kibrisdakik.com\/","name":"","description":"Tam vaktinde haber","potentialAction":[{"@type":"SearchAction","target":{"@type":"EntryPoint","urlTemplate":"https:\/\/kibrisdakik.com\/?s={search_term_string}"},"query-input":{"@type":"PropertyValueSpecification","valueRequired":true,"valueName":"search_term_string"}}],"inLanguage":"tr"},{"@type":"Person","@id":"https:\/\/kibrisdakik.com\/#\/schema\/person\/9cd9d437bbb44f72b73ba127e06d8e79","name":"admin","image":{"@type":"ImageObject","inLanguage":"tr","@id":"https:\/\/secure.gravatar.com\/avatar\/ccc17943b9d660506c869530f897617f7cb1c21a4bf30023f252596d83e1f007?s=96&d=mm&r=g","url":"https:\/\/secure.gravatar.com\/avatar\/ccc17943b9d660506c869530f897617f7cb1c21a4bf30023f252596d83e1f007?s=96&d=mm&r=g","contentUrl":"https:\/\/secure.gravatar.com\/avatar\/ccc17943b9d660506c869530f897617f7cb1c21a4bf30023f252596d83e1f007?s=96&d=mm&r=g","caption":"admin"},"sameAs":["https:\/\/kibrisdakik.com"],"url":"https:\/\/kibrisdakik.com\/?author=1"}]}},"_links":{"self":[{"href":"https:\/\/kibrisdakik.com\/index.php?rest_route=\/wp\/v2\/posts\/19431","targetHints":{"allow":["GET"]}}],"collection":[{"href":"https:\/\/kibrisdakik.com\/index.php?rest_route=\/wp\/v2\/posts"}],"about":[{"href":"https:\/\/kibrisdakik.com\/index.php?rest_route=\/wp\/v2\/types\/post"}],"author":[{"embeddable":true,"href":"https:\/\/kibrisdakik.com\/index.php?rest_route=\/wp\/v2\/users\/1"}],"replies":[{"embeddable":true,"href":"https:\/\/kibrisdakik.com\/index.php?rest_route=%2Fwp%2Fv2%2Fcomments&post=19431"}],"version-history":[{"count":0,"href":"https:\/\/kibrisdakik.com\/index.php?rest_route=\/wp\/v2\/posts\/19431\/revisions"}],"wp:featuredmedia":[{"embeddable":true,"href":"https:\/\/kibrisdakik.com\/index.php?rest_route=\/wp\/v2\/media\/19432"}],"wp:attachment":[{"href":"https:\/\/kibrisdakik.com\/index.php?rest_route=%2Fwp%2Fv2%2Fmedia&parent=19431"}],"wp:term":[{"taxonomy":"category","embeddable":true,"href":"https:\/\/kibrisdakik.com\/index.php?rest_route=%2Fwp%2Fv2%2Fcategories&post=19431"},{"taxonomy":"post_tag","embeddable":true,"href":"https:\/\/kibrisdakik.com\/index.php?rest_route=%2Fwp%2Fv2%2Ftags&post=19431"}],"curies":[{"name":"wp","href":"https:\/\/api.w.org\/{rel}","templated":true}]}}