{"id":19456,"date":"2023-11-20T21:15:26","date_gmt":"2023-11-20T21:15:26","guid":{"rendered":"https:\/\/kibrisdakik.com\/index.php\/2023\/11\/20\/liberyada-ana-muhalefetin-adayi-boakai-ulkenin-yeni-cumhurbaskani-ilan-edildi\/"},"modified":"2023-11-20T21:15:26","modified_gmt":"2023-11-20T21:15:26","slug":"liberyada-ana-muhalefetin-adayi-boakai-ulkenin-yeni-cumhurbaskani-ilan-edildi","status":"publish","type":"post","link":"https:\/\/kibrisdakik.com\/?p=19456","title":{"rendered":"Liberya&#039;da ana muhalefetin aday\u0131 Boakai, \u00fclkenin yeni cumhurba\u015fkan\u0131 ilan edildi"},"content":{"rendered":"<p><img decoding=\"async\" src=\"https:\/\/www.kibristurk.com\/images\/haberler\/2023\/11\/liberyada-ana-muhalefetin-adayi-boakai-ulkenin-yeni-cumhurbaskani-ilan-edildi-1700514258.webp\" \/><\/p>\n<p>Ulusal Se\u00e7im Komisyonu (NEC) Ba\u015fkan\u0131 Davidetta Browne Lansanah, yapt\u0131\u011f\u0131 a\u00e7\u0131klamada, 14 Kas\u0131m&#8217;da d\u00fczenlenen cumhurba\u015fkan\u0131 se\u00e7iminin ikinci turunda verilen oylar\u0131n tamam\u0131n\u0131n say\u0131ld\u0131\u011f\u0131n\u0131 belirtti.<\/p>\n<p>Lansanah, se\u00e7imde ana muhalefetteki Birlik Partisinin (UP) aday\u0131 eski Cumhurba\u015fkan\u0131 Yard\u0131mc\u0131s\u0131, 78 ya\u015f\u0131ndaki Boakai&#8217;nin oylar\u0131n y\u00fczde 50,64&#8217;\u00fcn\u00fc, iktidar partisi Demokratik De\u011fi\u015fim Koalisyonunun (CDC) aday\u0131 57 ya\u015f\u0131ndaki George Manneh Weah&#8217;\u0131n ise y\u00fczde 49,36&#8217;s\u0131n\u0131 ald\u0131\u011f\u0131n\u0131 duyurdu.<\/p>\n<p>NEC Ba\u015fkan\u0131 Lansanah, &#8220;Liberya&#8217;da Joseph Nyumah Boakai&#8217;nin se\u00e7ildi\u011fini ilan ediyorum.&#8221; dedi.<\/p>\n<p>Yakla\u015f\u0131k 5,2 milyon n\u00fcfusa sahip \u00fclkede cumhurba\u015fkan\u0131 se\u00e7iminin ilk turu 20 aday\u0131n kat\u0131l\u0131m\u0131yla 10 Ekim&#8217;de yap\u0131lm\u0131\u015ft\u0131.<\/p>\n<p>Se\u00e7imin ikinci turunda, ilk turda oylar\u0131n y\u00fczde 43,8&#8217;ini alan mevcut Cumhurba\u015fkan\u0131 ve eski futbolcu Weah ve y\u00fczde 43,4&#8217;\u00fcn\u00fc alan 78 ya\u015f\u0131ndaki Boakai yar\u0131\u015fm\u0131\u015ft\u0131.<\/p>\n<p>&nbsp;<\/p>\n","protected":false},"excerpt":{"rendered":"<p>Ulusal Se\u00e7im Komisyonu (NEC) Ba\u015fkan\u0131 Davidetta Browne Lansanah, yapt\u0131\u011f\u0131 a\u00e7\u0131klamada, 14 Kas\u0131m&#8217;da d\u00fczenlenen cumhurba\u015fkan\u0131 se\u00e7iminin ikinci turunda verilen oylar\u0131n tamam\u0131n\u0131n say\u0131ld\u0131\u011f\u0131n\u0131 belirtti. Lansanah, se\u00e7imde ana muhalefetteki Birlik Partisinin (UP) aday\u0131 eski Cumhurba\u015fkan\u0131 Yard\u0131mc\u0131s\u0131, 78 ya\u015f\u0131ndaki Boakai&#8217;nin oylar\u0131n y\u00fczde 50,64&#8217;\u00fcn\u00fc, iktidar partisi Demokratik De\u011fi\u015fim Koalisyonunun (CDC) aday\u0131 57 ya\u015f\u0131ndaki George Manneh Weah&#8217;\u0131n ise y\u00fczde 49,36&#8217;s\u0131n\u0131 ald\u0131\u011f\u0131n\u0131<\/p>\n","protected":false},"author":1,"featured_media":19457,"comment_status":"open","ping_status":"open","sticky":false,"template":"","format":"standard","meta":{"footnotes":""},"categories":[85],"tags":[],"class_list":["post-19456","post","type-post","status-publish","format-standard","has-post-thumbnail","hentry","category-spor"],"yoast_head":"<!-- This site is optimized with the Yoast SEO plugin v27.5 - https:\/\/yoast.com\/product\/yoast-seo-wordpress\/ -->\n<title>Liberya&#039;da ana muhalefetin aday\u0131 Boakai, \u00fclkenin yeni cumhurba\u015fkan\u0131 ilan edildi -<\/title>\n<meta name=\"robots\" content=\"index, follow, max-snippet:-1, max-image-preview:large, max-video-preview:-1\" \/>\n<link rel=\"canonical\" href=\"https:\/\/kibrisdakik.com\/?p=19456\" \/>\n<meta property=\"og:locale\" content=\"tr_TR\" \/>\n<meta property=\"og:type\" content=\"article\" \/>\n<meta property=\"og:title\" content=\"Liberya&#039;da ana muhalefetin aday\u0131 Boakai, \u00fclkenin yeni cumhurba\u015fkan\u0131 ilan edildi -\" \/>\n<meta property=\"og:description\" content=\"Ulusal Se\u00e7im Komisyonu (NEC) Ba\u015fkan\u0131 Davidetta Browne Lansanah, yapt\u0131\u011f\u0131 a\u00e7\u0131klamada, 14 Kas\u0131m&#8217;da d\u00fczenlenen cumhurba\u015fkan\u0131 se\u00e7iminin ikinci turunda verilen oylar\u0131n tamam\u0131n\u0131n say\u0131ld\u0131\u011f\u0131n\u0131 belirtti. Lansanah, se\u00e7imde ana muhalefetteki Birlik Partisinin (UP) aday\u0131 eski Cumhurba\u015fkan\u0131 Yard\u0131mc\u0131s\u0131, 78 ya\u015f\u0131ndaki Boakai&#8217;nin oylar\u0131n y\u00fczde 50,64&#8217;\u00fcn\u00fc, iktidar partisi Demokratik De\u011fi\u015fim Koalisyonunun (CDC) aday\u0131 57 ya\u015f\u0131ndaki George Manneh Weah&#8217;\u0131n ise y\u00fczde 49,36&#8217;s\u0131n\u0131 ald\u0131\u011f\u0131n\u0131\" \/>\n<meta property=\"og:url\" content=\"https:\/\/kibrisdakik.com\/?p=19456\" \/>\n<meta property=\"article:published_time\" content=\"2023-11-20T21:15:26+00:00\" \/>\n<meta property=\"og:image\" content=\"https:\/\/kibrisdakik.com\/wp-content\/uploads\/2023\/11\/liberyada-ana-muhalefetin-adayi-boakai-ulkenin-yeni-cumhurbaskani-ilan-edildi-1700514258.webp.webp\" \/>\n\t<meta property=\"og:image:width\" content=\"710\" \/>\n\t<meta property=\"og:image:height\" content=\"370\" \/>\n\t<meta property=\"og:image:type\" content=\"image\/webp\" \/>\n<meta name=\"author\" content=\"admin\" \/>\n<meta name=\"twitter:card\" content=\"summary_large_image\" \/>\n<meta name=\"twitter:label1\" content=\"Yazan:\" \/>\n\t<meta name=\"twitter:data1\" content=\"admin\" \/>\n\t<meta name=\"twitter:label2\" content=\"Tahmini okuma s\u00fcresi\" \/>\n\t<meta name=\"twitter:data2\" content=\"1 dakika\" \/>\n<script type=\"application\/ld+json\" class=\"yoast-schema-graph\">{\"@context\":\"https:\\\/\\\/schema.org\",\"@graph\":[{\"@type\":\"Article\",\"@id\":\"https:\\\/\\\/kibrisdakik.com\\\/?p=19456#article\",\"isPartOf\":{\"@id\":\"https:\\\/\\\/kibrisdakik.com\\\/?p=19456\"},\"author\":{\"name\":\"admin\",\"@id\":\"https:\\\/\\\/kibrisdakik.com\\\/#\\\/schema\\\/person\\\/9cd9d437bbb44f72b73ba127e06d8e79\"},\"headline\":\"Liberya&#039;da ana muhalefetin aday\u0131 Boakai, \u00fclkenin yeni cumhurba\u015fkan\u0131 ilan edildi\",\"datePublished\":\"2023-11-20T21:15:26+00:00\",\"mainEntityOfPage\":{\"@id\":\"https:\\\/\\\/kibrisdakik.com\\\/?p=19456\"},\"wordCount\":161,\"commentCount\":0,\"image\":{\"@id\":\"https:\\\/\\\/kibrisdakik.com\\\/?p=19456#primaryimage\"},\"thumbnailUrl\":\"https:\\\/\\\/kibrisdakik.com\\\/wp-content\\\/uploads\\\/2023\\\/11\\\/liberyada-ana-muhalefetin-adayi-boakai-ulkenin-yeni-cumhurbaskani-ilan-edildi-1700514258.webp.webp\",\"articleSection\":[\"Spor\"],\"inLanguage\":\"tr\",\"potentialAction\":[{\"@type\":\"CommentAction\",\"name\":\"Comment\",\"target\":[\"https:\\\/\\\/kibrisdakik.com\\\/?p=19456#respond\"]}]},{\"@type\":\"WebPage\",\"@id\":\"https:\\\/\\\/kibrisdakik.com\\\/?p=19456\",\"url\":\"https:\\\/\\\/kibrisdakik.com\\\/?p=19456\",\"name\":\"Liberya&#039;da ana muhalefetin aday\u0131 Boakai, \u00fclkenin yeni cumhurba\u015fkan\u0131 ilan edildi -\",\"isPartOf\":{\"@id\":\"https:\\\/\\\/kibrisdakik.com\\\/#website\"},\"primaryImageOfPage\":{\"@id\":\"https:\\\/\\\/kibrisdakik.com\\\/?p=19456#primaryimage\"},\"image\":{\"@id\":\"https:\\\/\\\/kibrisdakik.com\\\/?p=19456#primaryimage\"},\"thumbnailUrl\":\"https:\\\/\\\/kibrisdakik.com\\\/wp-content\\\/uploads\\\/2023\\\/11\\\/liberyada-ana-muhalefetin-adayi-boakai-ulkenin-yeni-cumhurbaskani-ilan-edildi-1700514258.webp.webp\",\"datePublished\":\"2023-11-20T21:15:26+00:00\",\"author\":{\"@id\":\"https:\\\/\\\/kibrisdakik.com\\\/#\\\/schema\\\/person\\\/9cd9d437bbb44f72b73ba127e06d8e79\"},\"breadcrumb\":{\"@id\":\"https:\\\/\\\/kibrisdakik.com\\\/?p=19456#breadcrumb\"},\"inLanguage\":\"tr\",\"potentialAction\":[{\"@type\":\"ReadAction\",\"target\":[\"https:\\\/\\\/kibrisdakik.com\\\/?p=19456\"]}]},{\"@type\":\"ImageObject\",\"inLanguage\":\"tr\",\"@id\":\"https:\\\/\\\/kibrisdakik.com\\\/?p=19456#primaryimage\",\"url\":\"https:\\\/\\\/kibrisdakik.com\\\/wp-content\\\/uploads\\\/2023\\\/11\\\/liberyada-ana-muhalefetin-adayi-boakai-ulkenin-yeni-cumhurbaskani-ilan-edildi-1700514258.webp.webp\",\"contentUrl\":\"https:\\\/\\\/kibrisdakik.com\\\/wp-content\\\/uploads\\\/2023\\\/11\\\/liberyada-ana-muhalefetin-adayi-boakai-ulkenin-yeni-cumhurbaskani-ilan-edildi-1700514258.webp.webp\",\"width\":710,\"height\":370},{\"@type\":\"BreadcrumbList\",\"@id\":\"https:\\\/\\\/kibrisdakik.com\\\/?p=19456#breadcrumb\",\"itemListElement\":[{\"@type\":\"ListItem\",\"position\":1,\"name\":\"Home\",\"item\":\"https:\\\/\\\/kibrisdakik.com\\\/\"},{\"@type\":\"ListItem\",\"position\":2,\"name\":\"Liberya&#039;da ana muhalefetin aday\u0131 Boakai, \u00fclkenin yeni cumhurba\u015fkan\u0131 ilan edildi\"}]},{\"@type\":\"WebSite\",\"@id\":\"https:\\\/\\\/kibrisdakik.com\\\/#website\",\"url\":\"https:\\\/\\\/kibrisdakik.com\\\/\",\"name\":\"\",\"description\":\"Tam vaktinde haber\",\"potentialAction\":[{\"@type\":\"SearchAction\",\"target\":{\"@type\":\"EntryPoint\",\"urlTemplate\":\"https:\\\/\\\/kibrisdakik.com\\\/?s={search_term_string}\"},\"query-input\":{\"@type\":\"PropertyValueSpecification\",\"valueRequired\":true,\"valueName\":\"search_term_string\"}}],\"inLanguage\":\"tr\"},{\"@type\":\"Person\",\"@id\":\"https:\\\/\\\/kibrisdakik.com\\\/#\\\/schema\\\/person\\\/9cd9d437bbb44f72b73ba127e06d8e79\",\"name\":\"admin\",\"image\":{\"@type\":\"ImageObject\",\"inLanguage\":\"tr\",\"@id\":\"https:\\\/\\\/secure.gravatar.com\\\/avatar\\\/ccc17943b9d660506c869530f897617f7cb1c21a4bf30023f252596d83e1f007?s=96&d=mm&r=g\",\"url\":\"https:\\\/\\\/secure.gravatar.com\\\/avatar\\\/ccc17943b9d660506c869530f897617f7cb1c21a4bf30023f252596d83e1f007?s=96&d=mm&r=g\",\"contentUrl\":\"https:\\\/\\\/secure.gravatar.com\\\/avatar\\\/ccc17943b9d660506c869530f897617f7cb1c21a4bf30023f252596d83e1f007?s=96&d=mm&r=g\",\"caption\":\"admin\"},\"sameAs\":[\"https:\\\/\\\/kibrisdakik.com\"],\"url\":\"https:\\\/\\\/kibrisdakik.com\\\/?author=1\"}]}<\/script>\n<!-- \/ Yoast SEO plugin. -->","yoast_head_json":{"title":"Liberya&#039;da ana muhalefetin aday\u0131 Boakai, \u00fclkenin yeni cumhurba\u015fkan\u0131 ilan edildi -","robots":{"index":"index","follow":"follow","max-snippet":"max-snippet:-1","max-image-preview":"max-image-preview:large","max-video-preview":"max-video-preview:-1"},"canonical":"https:\/\/kibrisdakik.com\/?p=19456","og_locale":"tr_TR","og_type":"article","og_title":"Liberya&#039;da ana muhalefetin aday\u0131 Boakai, \u00fclkenin yeni cumhurba\u015fkan\u0131 ilan edildi -","og_description":"Ulusal Se\u00e7im Komisyonu (NEC) Ba\u015fkan\u0131 Davidetta Browne Lansanah, yapt\u0131\u011f\u0131 a\u00e7\u0131klamada, 14 Kas\u0131m&#8217;da d\u00fczenlenen cumhurba\u015fkan\u0131 se\u00e7iminin ikinci turunda verilen oylar\u0131n tamam\u0131n\u0131n say\u0131ld\u0131\u011f\u0131n\u0131 belirtti. Lansanah, se\u00e7imde ana muhalefetteki Birlik Partisinin (UP) aday\u0131 eski Cumhurba\u015fkan\u0131 Yard\u0131mc\u0131s\u0131, 78 ya\u015f\u0131ndaki Boakai&#8217;nin oylar\u0131n y\u00fczde 50,64&#8217;\u00fcn\u00fc, iktidar partisi Demokratik De\u011fi\u015fim Koalisyonunun (CDC) aday\u0131 57 ya\u015f\u0131ndaki George Manneh Weah&#8217;\u0131n ise y\u00fczde 49,36&#8217;s\u0131n\u0131 ald\u0131\u011f\u0131n\u0131","og_url":"https:\/\/kibrisdakik.com\/?p=19456","article_published_time":"2023-11-20T21:15:26+00:00","og_image":[{"width":710,"height":370,"url":"https:\/\/kibrisdakik.com\/wp-content\/uploads\/2023\/11\/liberyada-ana-muhalefetin-adayi-boakai-ulkenin-yeni-cumhurbaskani-ilan-edildi-1700514258.webp.webp","type":"image\/webp"}],"author":"admin","twitter_card":"summary_large_image","twitter_misc":{"Yazan:":"admin","Tahmini okuma s\u00fcresi":"1 dakika"},"schema":{"@context":"https:\/\/schema.org","@graph":[{"@type":"Article","@id":"https:\/\/kibrisdakik.com\/?p=19456#article","isPartOf":{"@id":"https:\/\/kibrisdakik.com\/?p=19456"},"author":{"name":"admin","@id":"https:\/\/kibrisdakik.com\/#\/schema\/person\/9cd9d437bbb44f72b73ba127e06d8e79"},"headline":"Liberya&#039;da ana muhalefetin aday\u0131 Boakai, \u00fclkenin yeni cumhurba\u015fkan\u0131 ilan edildi","datePublished":"2023-11-20T21:15:26+00:00","mainEntityOfPage":{"@id":"https:\/\/kibrisdakik.com\/?p=19456"},"wordCount":161,"commentCount":0,"image":{"@id":"https:\/\/kibrisdakik.com\/?p=19456#primaryimage"},"thumbnailUrl":"https:\/\/kibrisdakik.com\/wp-content\/uploads\/2023\/11\/liberyada-ana-muhalefetin-adayi-boakai-ulkenin-yeni-cumhurbaskani-ilan-edildi-1700514258.webp.webp","articleSection":["Spor"],"inLanguage":"tr","potentialAction":[{"@type":"CommentAction","name":"Comment","target":["https:\/\/kibrisdakik.com\/?p=19456#respond"]}]},{"@type":"WebPage","@id":"https:\/\/kibrisdakik.com\/?p=19456","url":"https:\/\/kibrisdakik.com\/?p=19456","name":"Liberya&#039;da ana muhalefetin aday\u0131 Boakai, \u00fclkenin yeni cumhurba\u015fkan\u0131 ilan edildi -","isPartOf":{"@id":"https:\/\/kibrisdakik.com\/#website"},"primaryImageOfPage":{"@id":"https:\/\/kibrisdakik.com\/?p=19456#primaryimage"},"image":{"@id":"https:\/\/kibrisdakik.com\/?p=19456#primaryimage"},"thumbnailUrl":"https:\/\/kibrisdakik.com\/wp-content\/uploads\/2023\/11\/liberyada-ana-muhalefetin-adayi-boakai-ulkenin-yeni-cumhurbaskani-ilan-edildi-1700514258.webp.webp","datePublished":"2023-11-20T21:15:26+00:00","author":{"@id":"https:\/\/kibrisdakik.com\/#\/schema\/person\/9cd9d437bbb44f72b73ba127e06d8e79"},"breadcrumb":{"@id":"https:\/\/kibrisdakik.com\/?p=19456#breadcrumb"},"inLanguage":"tr","potentialAction":[{"@type":"ReadAction","target":["https:\/\/kibrisdakik.com\/?p=19456"]}]},{"@type":"ImageObject","inLanguage":"tr","@id":"https:\/\/kibrisdakik.com\/?p=19456#primaryimage","url":"https:\/\/kibrisdakik.com\/wp-content\/uploads\/2023\/11\/liberyada-ana-muhalefetin-adayi-boakai-ulkenin-yeni-cumhurbaskani-ilan-edildi-1700514258.webp.webp","contentUrl":"https:\/\/kibrisdakik.com\/wp-content\/uploads\/2023\/11\/liberyada-ana-muhalefetin-adayi-boakai-ulkenin-yeni-cumhurbaskani-ilan-edildi-1700514258.webp.webp","width":710,"height":370},{"@type":"BreadcrumbList","@id":"https:\/\/kibrisdakik.com\/?p=19456#breadcrumb","itemListElement":[{"@type":"ListItem","position":1,"name":"Home","item":"https:\/\/kibrisdakik.com\/"},{"@type":"ListItem","position":2,"name":"Liberya&#039;da ana muhalefetin aday\u0131 Boakai, \u00fclkenin yeni cumhurba\u015fkan\u0131 ilan edildi"}]},{"@type":"WebSite","@id":"https:\/\/kibrisdakik.com\/#website","url":"https:\/\/kibrisdakik.com\/","name":"","description":"Tam vaktinde haber","potentialAction":[{"@type":"SearchAction","target":{"@type":"EntryPoint","urlTemplate":"https:\/\/kibrisdakik.com\/?s={search_term_string}"},"query-input":{"@type":"PropertyValueSpecification","valueRequired":true,"valueName":"search_term_string"}}],"inLanguage":"tr"},{"@type":"Person","@id":"https:\/\/kibrisdakik.com\/#\/schema\/person\/9cd9d437bbb44f72b73ba127e06d8e79","name":"admin","image":{"@type":"ImageObject","inLanguage":"tr","@id":"https:\/\/secure.gravatar.com\/avatar\/ccc17943b9d660506c869530f897617f7cb1c21a4bf30023f252596d83e1f007?s=96&d=mm&r=g","url":"https:\/\/secure.gravatar.com\/avatar\/ccc17943b9d660506c869530f897617f7cb1c21a4bf30023f252596d83e1f007?s=96&d=mm&r=g","contentUrl":"https:\/\/secure.gravatar.com\/avatar\/ccc17943b9d660506c869530f897617f7cb1c21a4bf30023f252596d83e1f007?s=96&d=mm&r=g","caption":"admin"},"sameAs":["https:\/\/kibrisdakik.com"],"url":"https:\/\/kibrisdakik.com\/?author=1"}]}},"_links":{"self":[{"href":"https:\/\/kibrisdakik.com\/index.php?rest_route=\/wp\/v2\/posts\/19456","targetHints":{"allow":["GET"]}}],"collection":[{"href":"https:\/\/kibrisdakik.com\/index.php?rest_route=\/wp\/v2\/posts"}],"about":[{"href":"https:\/\/kibrisdakik.com\/index.php?rest_route=\/wp\/v2\/types\/post"}],"author":[{"embeddable":true,"href":"https:\/\/kibrisdakik.com\/index.php?rest_route=\/wp\/v2\/users\/1"}],"replies":[{"embeddable":true,"href":"https:\/\/kibrisdakik.com\/index.php?rest_route=%2Fwp%2Fv2%2Fcomments&post=19456"}],"version-history":[{"count":0,"href":"https:\/\/kibrisdakik.com\/index.php?rest_route=\/wp\/v2\/posts\/19456\/revisions"}],"wp:featuredmedia":[{"embeddable":true,"href":"https:\/\/kibrisdakik.com\/index.php?rest_route=\/wp\/v2\/media\/19457"}],"wp:attachment":[{"href":"https:\/\/kibrisdakik.com\/index.php?rest_route=%2Fwp%2Fv2%2Fmedia&parent=19456"}],"wp:term":[{"taxonomy":"category","embeddable":true,"href":"https:\/\/kibrisdakik.com\/index.php?rest_route=%2Fwp%2Fv2%2Fcategories&post=19456"},{"taxonomy":"post_tag","embeddable":true,"href":"https:\/\/kibrisdakik.com\/index.php?rest_route=%2Fwp%2Fv2%2Ftags&post=19456"}],"curies":[{"name":"wp","href":"https:\/\/api.w.org\/{rel}","templated":true}]}}