{"id":19474,"date":"2023-11-21T07:08:18","date_gmt":"2023-11-21T07:08:18","guid":{"rendered":"https:\/\/kibrisdakik.com\/index.php\/2023\/11\/21\/kibrisin-guvenligi-turkiyenin-guvenligi-demektir\/"},"modified":"2023-11-21T07:08:18","modified_gmt":"2023-11-21T07:08:18","slug":"kibrisin-guvenligi-turkiyenin-guvenligi-demektir","status":"publish","type":"post","link":"https:\/\/kibrisdakik.com\/?p=19474","title":{"rendered":"\u201cK\u0131br\u0131s\u2019\u0131n g\u00fcvenli\u011fi T\u00fcrkiye\u2019nin g\u00fcvenli\u011fi demektir\u201d"},"content":{"rendered":"<p><img decoding=\"async\" src=\"https:\/\/www.kibristurk.com\/images\/haberler\/2023\/11\/kibrisin-guvenligi-turkiyenin-guvenligi-demektir-1700544723.webp\" \/><\/p>\n<p><span style=\"font-size:11pt\"><span style=\"font-family:Calibri,sans-serif\"><span style=\"font-size:13.0pt\">Yeniden Refah Partisi \u0130stanbul Milletvekili Do\u011fan Bekin, \u201cT\u00fcrkiye\u2019nin G\u00fcvenli\u011fi K\u0131br\u0131ss\u0131z, K\u0131br\u0131s\u2019\u0131n g\u00fcvenli\u011fi T\u00fcrkiyesiz olamayaca\u011f\u0131 gibi, K\u0131br\u0131ss\u0131z bir T\u00fcrkiye, T\u00fcrkiyesiz bir K\u0131br\u0131s\u2019\u0131n da s\u00f6z konusu olamayaca\u011f\u0131 muhakkakt\u0131r\u201d dedi.<\/span><\/span><\/span><\/p>\n<p><span style=\"font-size:11pt\"><span style=\"font-family:Calibri,sans-serif\"><span style=\"font-size:13.0pt\">Do\u011fan Bekin\u2019in a\u00e7\u0131klamas\u0131 \u015fu \u015fekilde: <\/span><\/span><\/span><\/p>\n<p><span style=\"font-size:11pt\"><span style=\"font-family:Calibri,sans-serif\"><strong><em><span style=\"font-size:13.0pt\">Bilindi\u011fi \u00fczere ABD\u2019nin kurulu\u015f felsefesi g\u00f6\u00e7 ve yerli n\u00fcfusun saf d\u0131\u015f\u0131 b\u0131rak\u0131lmas\u0131 temeli \u00fczerine olup Siyonist \u0130srail de benzer yolu izlemek suretiyle \u00f6rg\u00fctlenerek ho\u015fg\u00f6r\u00fcs\u00fcz ve dar kal\u0131pl\u0131 kabile anlay\u0131\u015fl\u0131 zihniyet ile yerli Filistin halk\u0131 \u00fczerinde bask\u0131 ve tahakk\u00fcm kurmak suretiyle b\u00fcy\u00fck \u00f6l\u00e7\u00fcde kendi devletini olu\u015fturma amac\u0131na ula\u015fm\u0131\u015f oldu.<\/span><\/em><\/strong><\/span><\/span><\/p>\n<p><span style=\"font-size:11pt\"><span style=\"font-family:Calibri,sans-serif\"><strong><em><span style=\"font-size:13.0pt\">May\u0131s 1948\u2019de \u0130srail\u2019in Yahudi n\u00fcfusu d\u00fcnyadaki Yahudi n\u00fcfusunun ancak %6\u2019s\u0131n\u0131 olu\u015fturuyordu. Bug\u00fcn ise bu oran y\u00fczde 46\u2019ya ula\u015fm\u0131\u015ft\u0131r. \u0130srail d\u00fcnyadaki en b\u00fcy\u00fck Yahudi n\u00fcfusuna sahip olup, bu oran her y\u0131l artmaktad\u0131r.<\/span><\/em><\/strong><\/span><\/span><\/p>\n<p><span style=\"font-size:11pt\"><span style=\"font-family:Calibri,sans-serif\"><strong><em><span style=\"font-size:13.0pt\">Bu kadar k\u00fc\u00e7\u00fck bir co\u011frafyada h\u0131zla b\u00fcy\u00fcyen bir n\u00fcfusun kar\u015f\u0131 kar\u015f\u0131ya oldu\u011fu zorluklar ortadad\u0131r. <\/span><\/em><\/strong><\/span><\/span><\/p>\n<p><span style=\"font-size:11pt\"><span style=\"font-family:Calibri,sans-serif\"><strong><em><span style=\"font-size:13.0pt\">\u0130\u015fgalci \u0130srail, \u00f6zellikle 1967 sava\u015f\u0131ndan sonra geni\u015f \u00e7apl\u0131 ku\u015fatma hareketi uygulayarak Filistin kontrol\u00fcndeki b\u00f6lgeleri i\u015fgal etmek suretiyle yasa d\u0131\u015f\u0131 yerle\u015fim yerleri ve \u2018Ayr\u0131m Duvar\u0131 (Utan\u00e7 Duvar\u0131) ile Filistinlileri birbirlerinden ay\u0131rarak aralar\u0131nda bandustanlar olu\u015fturarak, olas\u0131 bir Filistin devletinin mevcudiyetini fiilen izole etmi\u015f oldu. \u015eu anda iki devletli \u00e7\u00f6z\u00fcmden bahsedenlerin \u00f6ncelikli olarak Filistin b\u00f6lgelerinde olu\u015fturduklar\u0131 yasal olmayan yerle\u015fim alanlar\u0131n\u0131n y\u0131k\u0131lmas\u0131 konusunda ad\u0131m atmalar\u0131 gerekmektedir. ABD y\u00f6netimi, bir yandan iki devletli \u00e7\u00f6z\u00fcm \u00f6nerisini dillendirirken, iki devletli \u00e7\u00f6z\u00fcm \u00f6n\u00fcndeki en b\u00fcy\u00fck engel olu\u015fturan ya\u015fa d\u0131\u015f\u0131 yerle\u015fim i\u00e7in finans kaynaklar\u0131n\u0131 harekete ge\u00e7irmesi akla ziyan bir uygulamad\u0131r.<\/span><\/em><\/strong><\/span><\/span><\/p>\n<p><span style=\"font-size:11pt\"><span style=\"font-family:Calibri,sans-serif\"><strong><em><span style=\"font-size:13.0pt\">\u0130\u015fgal alt\u0131ndaki Filistin\u2019de b\u00fct\u00fcn bu geli\u015fmeler ya\u015fan\u0131rken Hasidizmin bir kolu olan Chabad-Lubavitch hareketi mensuplar\u0131n\u0131n KKTC\u2019ne y\u00f6nelik yerle\u015fim planlar\u0131n\u0131n yak\u0131ndan takip edilmesi, Gazze\u2019deki son geli\u015fmelerden de b\u00fcy\u00fck dersler \u00e7\u0131kararak ge\u00e7 kalmadan \u00f6nleyici tedbirlerin al\u0131nmas\u0131 art\u0131k ka\u00e7\u0131n\u0131lmazd\u0131r.<\/span><\/em><\/strong><\/span><\/span><\/p>\n<p><span style=\"font-size:11pt\"><span style=\"font-family:Calibri,sans-serif\"><strong><em><span style=\"font-size:13.0pt\">Son y\u0131llarda Chabad-Lubavitch mensuplar\u0131n\u0131n Haredi ve Ortodoks n\u00fcfus i\u00e7in \u00f6zellikle KKTC\u2019nin Karpaz Gate Marina civar\u0131nda, Girne\u2019nin Tatl\u0131su ve Esentepe sahilleri gibi m\u00fcmbit arazilerde h\u0131zla yerle\u015fim alanlar\u0131 olu\u015fturmalar\u0131 yeni bir Filistin dram\u0131n\u0131n K\u0131br\u0131s\u2019ta ya\u015fanmas\u0131na yol a\u00e7aca\u011f\u0131 muhakkakt\u0131r.<\/span><\/em><\/strong><\/span><\/span><\/p>\n<p><span style=\"font-size:11pt\"><span style=\"font-family:Calibri,sans-serif\"><strong><em><span style=\"font-size:13.0pt\">\u00d6zellikle Chabad-Lubavitch y\u00f6neticilerinin; &#8220;As\u0131l hedefimiz K\u0131br\u0131s&#8217;taki her Yahudi i\u00e7in Yahudi ya\u015fam kalitesini iyile\u015ftirmektir. Buna ilaveten, Yahudili\u011fin sundu\u011fu ahlaki de\u011ferler ve zengin gelenek ve g\u00f6reneklerden, hi\u00e7bir Yahudi\u2019nin mahrum b\u0131rak\u0131lmamas\u0131 gerekmektedir\u201d \u015feklindeki ifadeleri K\u0131br\u0131s\u2019ta Haham Hillel Azimov y\u00f6netiminde Chabad \u00f6rg\u00fct\u00fc taraf\u0131ndan gettola\u015fma yolunda \u015fimdiden al\u0131nmaya \u00e7al\u0131\u015f\u0131lan tedbirlerin bir g\u00f6stergesi niteli\u011findedir.<\/span><\/em><\/strong><\/span><\/span><\/p>\n<p><span style=\"font-size:11pt\"><span style=\"font-family:Calibri,sans-serif\"><strong><em><span style=\"font-size:13.0pt\">T\u00fcrkiye\u2019nin G\u00fcvenli\u011fi K\u0131br\u0131ss\u0131z, K\u0131br\u0131s\u2019\u0131n g\u00fcvenli\u011fi T\u00fcrkiyesiz olamayaca\u011f\u0131 gibi, K\u0131br\u0131ss\u0131z bir T\u00fcrkiye, T\u00fcrkiyesiz bir K\u0131br\u0131s\u2019\u0131n da s\u00f6z konusu olamayaca\u011f\u0131 muhakkakt\u0131r. <\/span><\/em><\/strong><\/span><\/span><\/p>\n<p><span style=\"font-size:11pt\"><span style=\"font-family:Calibri,sans-serif\"><strong><em><span style=\"font-size:13.0pt\">Sonu\u00e7 olarak, KKTC y\u00f6neticilerinin&nbsp;&nbsp; ge\u00e7 olmadan bir an \u00f6nce Chabad \u00f6rg\u00fct\u00fc taraf\u0131ndan perde gerisinden y\u00f6netilmekte olan K\u0131br\u0131s\u2019taki sinsi yerle\u015fim planlar\u0131yla ilgili tehlikeli gidi\u015fata dur diyecek \u00f6nlemleri almal\u0131d\u0131rlar.<\/span><\/em><\/strong><\/span><\/span><\/p>\n","protected":false},"excerpt":{"rendered":"<p>Yeniden Refah Partisi \u0130stanbul Milletvekili Do\u011fan Bekin, \u201cT\u00fcrkiye\u2019nin G\u00fcvenli\u011fi K\u0131br\u0131ss\u0131z, K\u0131br\u0131s\u2019\u0131n g\u00fcvenli\u011fi T\u00fcrkiyesiz olamayaca\u011f\u0131 gibi, K\u0131br\u0131ss\u0131z bir T\u00fcrkiye, T\u00fcrkiyesiz bir K\u0131br\u0131s\u2019\u0131n da s\u00f6z konusu olamayaca\u011f\u0131 muhakkakt\u0131r\u201d dedi. Do\u011fan Bekin\u2019in a\u00e7\u0131klamas\u0131 \u015fu \u015fekilde: Bilindi\u011fi \u00fczere ABD\u2019nin kurulu\u015f felsefesi g\u00f6\u00e7 ve yerli n\u00fcfusun saf d\u0131\u015f\u0131 b\u0131rak\u0131lmas\u0131 temeli \u00fczerine olup Siyonist \u0130srail de benzer yolu izlemek suretiyle \u00f6rg\u00fctlenerek<\/p>\n","protected":false},"author":1,"featured_media":19475,"comment_status":"open","ping_status":"open","sticky":false,"template":"","format":"standard","meta":{"footnotes":""},"categories":[86],"tags":[],"class_list":["post-19474","post","type-post","status-publish","format-standard","has-post-thumbnail","hentry","category-turkiye"],"yoast_head":"<!-- This site is optimized with the Yoast SEO plugin v27.5 - https:\/\/yoast.com\/product\/yoast-seo-wordpress\/ -->\n<title>\u201cK\u0131br\u0131s\u2019\u0131n g\u00fcvenli\u011fi T\u00fcrkiye\u2019nin g\u00fcvenli\u011fi demektir\u201d -<\/title>\n<meta name=\"robots\" content=\"index, follow, max-snippet:-1, max-image-preview:large, max-video-preview:-1\" \/>\n<link rel=\"canonical\" href=\"https:\/\/kibrisdakik.com\/?p=19474\" \/>\n<meta property=\"og:locale\" content=\"tr_TR\" \/>\n<meta property=\"og:type\" content=\"article\" \/>\n<meta property=\"og:title\" content=\"\u201cK\u0131br\u0131s\u2019\u0131n g\u00fcvenli\u011fi T\u00fcrkiye\u2019nin g\u00fcvenli\u011fi demektir\u201d -\" \/>\n<meta property=\"og:description\" content=\"Yeniden Refah Partisi \u0130stanbul Milletvekili Do\u011fan Bekin, \u201cT\u00fcrkiye\u2019nin G\u00fcvenli\u011fi K\u0131br\u0131ss\u0131z, K\u0131br\u0131s\u2019\u0131n g\u00fcvenli\u011fi T\u00fcrkiyesiz olamayaca\u011f\u0131 gibi, K\u0131br\u0131ss\u0131z bir T\u00fcrkiye, T\u00fcrkiyesiz bir K\u0131br\u0131s\u2019\u0131n da s\u00f6z konusu olamayaca\u011f\u0131 muhakkakt\u0131r\u201d dedi. Do\u011fan Bekin\u2019in a\u00e7\u0131klamas\u0131 \u015fu \u015fekilde: Bilindi\u011fi \u00fczere ABD\u2019nin kurulu\u015f felsefesi g\u00f6\u00e7 ve yerli n\u00fcfusun saf d\u0131\u015f\u0131 b\u0131rak\u0131lmas\u0131 temeli \u00fczerine olup Siyonist \u0130srail de benzer yolu izlemek suretiyle \u00f6rg\u00fctlenerek\" \/>\n<meta property=\"og:url\" content=\"https:\/\/kibrisdakik.com\/?p=19474\" \/>\n<meta property=\"article:published_time\" content=\"2023-11-21T07:08:18+00:00\" \/>\n<meta property=\"og:image\" content=\"https:\/\/kibrisdakik.com\/wp-content\/uploads\/2023\/11\/kibrisin-guvenligi-turkiyenin-guvenligi-demektir-1700544723.webp.webp\" \/>\n\t<meta property=\"og:image:width\" content=\"710\" \/>\n\t<meta property=\"og:image:height\" content=\"370\" \/>\n\t<meta property=\"og:image:type\" content=\"image\/webp\" \/>\n<meta name=\"author\" content=\"admin\" \/>\n<meta name=\"twitter:card\" content=\"summary_large_image\" \/>\n<meta name=\"twitter:label1\" content=\"Yazan:\" \/>\n\t<meta name=\"twitter:data1\" content=\"admin\" \/>\n\t<meta name=\"twitter:label2\" content=\"Tahmini okuma s\u00fcresi\" \/>\n\t<meta name=\"twitter:data2\" content=\"3 dakika\" \/>\n<script type=\"application\/ld+json\" class=\"yoast-schema-graph\">{\"@context\":\"https:\\\/\\\/schema.org\",\"@graph\":[{\"@type\":\"Article\",\"@id\":\"https:\\\/\\\/kibrisdakik.com\\\/?p=19474#article\",\"isPartOf\":{\"@id\":\"https:\\\/\\\/kibrisdakik.com\\\/?p=19474\"},\"author\":{\"name\":\"admin\",\"@id\":\"https:\\\/\\\/kibrisdakik.com\\\/#\\\/schema\\\/person\\\/9cd9d437bbb44f72b73ba127e06d8e79\"},\"headline\":\"\u201cK\u0131br\u0131s\u2019\u0131n g\u00fcvenli\u011fi T\u00fcrkiye\u2019nin g\u00fcvenli\u011fi demektir\u201d\",\"datePublished\":\"2023-11-21T07:08:18+00:00\",\"mainEntityOfPage\":{\"@id\":\"https:\\\/\\\/kibrisdakik.com\\\/?p=19474\"},\"wordCount\":608,\"commentCount\":0,\"image\":{\"@id\":\"https:\\\/\\\/kibrisdakik.com\\\/?p=19474#primaryimage\"},\"thumbnailUrl\":\"https:\\\/\\\/kibrisdakik.com\\\/wp-content\\\/uploads\\\/2023\\\/11\\\/kibrisin-guvenligi-turkiyenin-guvenligi-demektir-1700544723.webp.webp\",\"articleSection\":[\"T\u00fcrkiye\"],\"inLanguage\":\"tr\",\"potentialAction\":[{\"@type\":\"CommentAction\",\"name\":\"Comment\",\"target\":[\"https:\\\/\\\/kibrisdakik.com\\\/?p=19474#respond\"]}]},{\"@type\":\"WebPage\",\"@id\":\"https:\\\/\\\/kibrisdakik.com\\\/?p=19474\",\"url\":\"https:\\\/\\\/kibrisdakik.com\\\/?p=19474\",\"name\":\"\u201cK\u0131br\u0131s\u2019\u0131n g\u00fcvenli\u011fi T\u00fcrkiye\u2019nin g\u00fcvenli\u011fi demektir\u201d -\",\"isPartOf\":{\"@id\":\"https:\\\/\\\/kibrisdakik.com\\\/#website\"},\"primaryImageOfPage\":{\"@id\":\"https:\\\/\\\/kibrisdakik.com\\\/?p=19474#primaryimage\"},\"image\":{\"@id\":\"https:\\\/\\\/kibrisdakik.com\\\/?p=19474#primaryimage\"},\"thumbnailUrl\":\"https:\\\/\\\/kibrisdakik.com\\\/wp-content\\\/uploads\\\/2023\\\/11\\\/kibrisin-guvenligi-turkiyenin-guvenligi-demektir-1700544723.webp.webp\",\"datePublished\":\"2023-11-21T07:08:18+00:00\",\"author\":{\"@id\":\"https:\\\/\\\/kibrisdakik.com\\\/#\\\/schema\\\/person\\\/9cd9d437bbb44f72b73ba127e06d8e79\"},\"breadcrumb\":{\"@id\":\"https:\\\/\\\/kibrisdakik.com\\\/?p=19474#breadcrumb\"},\"inLanguage\":\"tr\",\"potentialAction\":[{\"@type\":\"ReadAction\",\"target\":[\"https:\\\/\\\/kibrisdakik.com\\\/?p=19474\"]}]},{\"@type\":\"ImageObject\",\"inLanguage\":\"tr\",\"@id\":\"https:\\\/\\\/kibrisdakik.com\\\/?p=19474#primaryimage\",\"url\":\"https:\\\/\\\/kibrisdakik.com\\\/wp-content\\\/uploads\\\/2023\\\/11\\\/kibrisin-guvenligi-turkiyenin-guvenligi-demektir-1700544723.webp.webp\",\"contentUrl\":\"https:\\\/\\\/kibrisdakik.com\\\/wp-content\\\/uploads\\\/2023\\\/11\\\/kibrisin-guvenligi-turkiyenin-guvenligi-demektir-1700544723.webp.webp\",\"width\":710,\"height\":370},{\"@type\":\"BreadcrumbList\",\"@id\":\"https:\\\/\\\/kibrisdakik.com\\\/?p=19474#breadcrumb\",\"itemListElement\":[{\"@type\":\"ListItem\",\"position\":1,\"name\":\"Home\",\"item\":\"https:\\\/\\\/kibrisdakik.com\\\/\"},{\"@type\":\"ListItem\",\"position\":2,\"name\":\"\u201cK\u0131br\u0131s\u2019\u0131n g\u00fcvenli\u011fi T\u00fcrkiye\u2019nin g\u00fcvenli\u011fi demektir\u201d\"}]},{\"@type\":\"WebSite\",\"@id\":\"https:\\\/\\\/kibrisdakik.com\\\/#website\",\"url\":\"https:\\\/\\\/kibrisdakik.com\\\/\",\"name\":\"\",\"description\":\"Tam vaktinde haber\",\"potentialAction\":[{\"@type\":\"SearchAction\",\"target\":{\"@type\":\"EntryPoint\",\"urlTemplate\":\"https:\\\/\\\/kibrisdakik.com\\\/?s={search_term_string}\"},\"query-input\":{\"@type\":\"PropertyValueSpecification\",\"valueRequired\":true,\"valueName\":\"search_term_string\"}}],\"inLanguage\":\"tr\"},{\"@type\":\"Person\",\"@id\":\"https:\\\/\\\/kibrisdakik.com\\\/#\\\/schema\\\/person\\\/9cd9d437bbb44f72b73ba127e06d8e79\",\"name\":\"admin\",\"image\":{\"@type\":\"ImageObject\",\"inLanguage\":\"tr\",\"@id\":\"https:\\\/\\\/secure.gravatar.com\\\/avatar\\\/ccc17943b9d660506c869530f897617f7cb1c21a4bf30023f252596d83e1f007?s=96&d=mm&r=g\",\"url\":\"https:\\\/\\\/secure.gravatar.com\\\/avatar\\\/ccc17943b9d660506c869530f897617f7cb1c21a4bf30023f252596d83e1f007?s=96&d=mm&r=g\",\"contentUrl\":\"https:\\\/\\\/secure.gravatar.com\\\/avatar\\\/ccc17943b9d660506c869530f897617f7cb1c21a4bf30023f252596d83e1f007?s=96&d=mm&r=g\",\"caption\":\"admin\"},\"sameAs\":[\"https:\\\/\\\/kibrisdakik.com\"],\"url\":\"https:\\\/\\\/kibrisdakik.com\\\/?author=1\"}]}<\/script>\n<!-- \/ Yoast SEO plugin. -->","yoast_head_json":{"title":"\u201cK\u0131br\u0131s\u2019\u0131n g\u00fcvenli\u011fi T\u00fcrkiye\u2019nin g\u00fcvenli\u011fi demektir\u201d -","robots":{"index":"index","follow":"follow","max-snippet":"max-snippet:-1","max-image-preview":"max-image-preview:large","max-video-preview":"max-video-preview:-1"},"canonical":"https:\/\/kibrisdakik.com\/?p=19474","og_locale":"tr_TR","og_type":"article","og_title":"\u201cK\u0131br\u0131s\u2019\u0131n g\u00fcvenli\u011fi T\u00fcrkiye\u2019nin g\u00fcvenli\u011fi demektir\u201d -","og_description":"Yeniden Refah Partisi \u0130stanbul Milletvekili Do\u011fan Bekin, \u201cT\u00fcrkiye\u2019nin G\u00fcvenli\u011fi K\u0131br\u0131ss\u0131z, K\u0131br\u0131s\u2019\u0131n g\u00fcvenli\u011fi T\u00fcrkiyesiz olamayaca\u011f\u0131 gibi, K\u0131br\u0131ss\u0131z bir T\u00fcrkiye, T\u00fcrkiyesiz bir K\u0131br\u0131s\u2019\u0131n da s\u00f6z konusu olamayaca\u011f\u0131 muhakkakt\u0131r\u201d dedi. Do\u011fan Bekin\u2019in a\u00e7\u0131klamas\u0131 \u015fu \u015fekilde: Bilindi\u011fi \u00fczere ABD\u2019nin kurulu\u015f felsefesi g\u00f6\u00e7 ve yerli n\u00fcfusun saf d\u0131\u015f\u0131 b\u0131rak\u0131lmas\u0131 temeli \u00fczerine olup Siyonist \u0130srail de benzer yolu izlemek suretiyle \u00f6rg\u00fctlenerek","og_url":"https:\/\/kibrisdakik.com\/?p=19474","article_published_time":"2023-11-21T07:08:18+00:00","og_image":[{"width":710,"height":370,"url":"https:\/\/kibrisdakik.com\/wp-content\/uploads\/2023\/11\/kibrisin-guvenligi-turkiyenin-guvenligi-demektir-1700544723.webp.webp","type":"image\/webp"}],"author":"admin","twitter_card":"summary_large_image","twitter_misc":{"Yazan:":"admin","Tahmini okuma s\u00fcresi":"3 dakika"},"schema":{"@context":"https:\/\/schema.org","@graph":[{"@type":"Article","@id":"https:\/\/kibrisdakik.com\/?p=19474#article","isPartOf":{"@id":"https:\/\/kibrisdakik.com\/?p=19474"},"author":{"name":"admin","@id":"https:\/\/kibrisdakik.com\/#\/schema\/person\/9cd9d437bbb44f72b73ba127e06d8e79"},"headline":"\u201cK\u0131br\u0131s\u2019\u0131n g\u00fcvenli\u011fi T\u00fcrkiye\u2019nin g\u00fcvenli\u011fi demektir\u201d","datePublished":"2023-11-21T07:08:18+00:00","mainEntityOfPage":{"@id":"https:\/\/kibrisdakik.com\/?p=19474"},"wordCount":608,"commentCount":0,"image":{"@id":"https:\/\/kibrisdakik.com\/?p=19474#primaryimage"},"thumbnailUrl":"https:\/\/kibrisdakik.com\/wp-content\/uploads\/2023\/11\/kibrisin-guvenligi-turkiyenin-guvenligi-demektir-1700544723.webp.webp","articleSection":["T\u00fcrkiye"],"inLanguage":"tr","potentialAction":[{"@type":"CommentAction","name":"Comment","target":["https:\/\/kibrisdakik.com\/?p=19474#respond"]}]},{"@type":"WebPage","@id":"https:\/\/kibrisdakik.com\/?p=19474","url":"https:\/\/kibrisdakik.com\/?p=19474","name":"\u201cK\u0131br\u0131s\u2019\u0131n g\u00fcvenli\u011fi T\u00fcrkiye\u2019nin g\u00fcvenli\u011fi demektir\u201d -","isPartOf":{"@id":"https:\/\/kibrisdakik.com\/#website"},"primaryImageOfPage":{"@id":"https:\/\/kibrisdakik.com\/?p=19474#primaryimage"},"image":{"@id":"https:\/\/kibrisdakik.com\/?p=19474#primaryimage"},"thumbnailUrl":"https:\/\/kibrisdakik.com\/wp-content\/uploads\/2023\/11\/kibrisin-guvenligi-turkiyenin-guvenligi-demektir-1700544723.webp.webp","datePublished":"2023-11-21T07:08:18+00:00","author":{"@id":"https:\/\/kibrisdakik.com\/#\/schema\/person\/9cd9d437bbb44f72b73ba127e06d8e79"},"breadcrumb":{"@id":"https:\/\/kibrisdakik.com\/?p=19474#breadcrumb"},"inLanguage":"tr","potentialAction":[{"@type":"ReadAction","target":["https:\/\/kibrisdakik.com\/?p=19474"]}]},{"@type":"ImageObject","inLanguage":"tr","@id":"https:\/\/kibrisdakik.com\/?p=19474#primaryimage","url":"https:\/\/kibrisdakik.com\/wp-content\/uploads\/2023\/11\/kibrisin-guvenligi-turkiyenin-guvenligi-demektir-1700544723.webp.webp","contentUrl":"https:\/\/kibrisdakik.com\/wp-content\/uploads\/2023\/11\/kibrisin-guvenligi-turkiyenin-guvenligi-demektir-1700544723.webp.webp","width":710,"height":370},{"@type":"BreadcrumbList","@id":"https:\/\/kibrisdakik.com\/?p=19474#breadcrumb","itemListElement":[{"@type":"ListItem","position":1,"name":"Home","item":"https:\/\/kibrisdakik.com\/"},{"@type":"ListItem","position":2,"name":"\u201cK\u0131br\u0131s\u2019\u0131n g\u00fcvenli\u011fi T\u00fcrkiye\u2019nin g\u00fcvenli\u011fi demektir\u201d"}]},{"@type":"WebSite","@id":"https:\/\/kibrisdakik.com\/#website","url":"https:\/\/kibrisdakik.com\/","name":"","description":"Tam vaktinde haber","potentialAction":[{"@type":"SearchAction","target":{"@type":"EntryPoint","urlTemplate":"https:\/\/kibrisdakik.com\/?s={search_term_string}"},"query-input":{"@type":"PropertyValueSpecification","valueRequired":true,"valueName":"search_term_string"}}],"inLanguage":"tr"},{"@type":"Person","@id":"https:\/\/kibrisdakik.com\/#\/schema\/person\/9cd9d437bbb44f72b73ba127e06d8e79","name":"admin","image":{"@type":"ImageObject","inLanguage":"tr","@id":"https:\/\/secure.gravatar.com\/avatar\/ccc17943b9d660506c869530f897617f7cb1c21a4bf30023f252596d83e1f007?s=96&d=mm&r=g","url":"https:\/\/secure.gravatar.com\/avatar\/ccc17943b9d660506c869530f897617f7cb1c21a4bf30023f252596d83e1f007?s=96&d=mm&r=g","contentUrl":"https:\/\/secure.gravatar.com\/avatar\/ccc17943b9d660506c869530f897617f7cb1c21a4bf30023f252596d83e1f007?s=96&d=mm&r=g","caption":"admin"},"sameAs":["https:\/\/kibrisdakik.com"],"url":"https:\/\/kibrisdakik.com\/?author=1"}]}},"_links":{"self":[{"href":"https:\/\/kibrisdakik.com\/index.php?rest_route=\/wp\/v2\/posts\/19474","targetHints":{"allow":["GET"]}}],"collection":[{"href":"https:\/\/kibrisdakik.com\/index.php?rest_route=\/wp\/v2\/posts"}],"about":[{"href":"https:\/\/kibrisdakik.com\/index.php?rest_route=\/wp\/v2\/types\/post"}],"author":[{"embeddable":true,"href":"https:\/\/kibrisdakik.com\/index.php?rest_route=\/wp\/v2\/users\/1"}],"replies":[{"embeddable":true,"href":"https:\/\/kibrisdakik.com\/index.php?rest_route=%2Fwp%2Fv2%2Fcomments&post=19474"}],"version-history":[{"count":0,"href":"https:\/\/kibrisdakik.com\/index.php?rest_route=\/wp\/v2\/posts\/19474\/revisions"}],"wp:featuredmedia":[{"embeddable":true,"href":"https:\/\/kibrisdakik.com\/index.php?rest_route=\/wp\/v2\/media\/19475"}],"wp:attachment":[{"href":"https:\/\/kibrisdakik.com\/index.php?rest_route=%2Fwp%2Fv2%2Fmedia&parent=19474"}],"wp:term":[{"taxonomy":"category","embeddable":true,"href":"https:\/\/kibrisdakik.com\/index.php?rest_route=%2Fwp%2Fv2%2Fcategories&post=19474"},{"taxonomy":"post_tag","embeddable":true,"href":"https:\/\/kibrisdakik.com\/index.php?rest_route=%2Fwp%2Fv2%2Ftags&post=19474"}],"curies":[{"name":"wp","href":"https:\/\/api.w.org\/{rel}","templated":true}]}}