{"id":19508,"date":"2023-11-21T12:21:24","date_gmt":"2023-11-21T12:21:24","guid":{"rendered":"https:\/\/kibrisdakik.com\/index.php\/2023\/11\/21\/ucuncu-cumhurbaskani-eroglu-salih-miroglu-ve-ozker-ozgur-anisina-mesaj-yayimladi\/"},"modified":"2023-11-21T12:21:24","modified_gmt":"2023-11-21T12:21:24","slug":"ucuncu-cumhurbaskani-eroglu-salih-miroglu-ve-ozker-ozgur-anisina-mesaj-yayimladi","status":"publish","type":"post","link":"https:\/\/kibrisdakik.com\/?p=19508","title":{"rendered":"\u00dc\u00e7\u00fcnc\u00fc Cumhurba\u015fkan\u0131 Ero\u011flu, Salih Miro\u011flu ve \u00d6zker \u00d6zg\u00fcr an\u0131s\u0131na mesaj yay\u0131mlad\u0131"},"content":{"rendered":"<p><img decoding=\"async\" src=\"https:\/\/www.kibristurk.com\/images\/haberler\/2023\/11\/ucuncu-cumhurbaskani-eroglu-salih-miroglu-ve-ozker-ozgur-anisina-mesaj-yayimladi-1700565698.webp\" \/><\/p>\n<p style=\"text-align:left\"><span style=\"font-size:14px\"><span style=\"font-family:Arial,Helvetica,sans-serif\"><span style=\"color:#000000\"><span style=\"background-color:#ffffff\">Ero\u011flu mesaj\u0131nda \u201cSalih Miro\u011flu, Ulusal Birlik Partisi\u2019nin, K\u0131br\u0131s T\u00fcrk toplumuna mal olmu\u015f \u00f6nemli bir de\u011feri idi. Herkes onu, gen\u00e7lerle kayna\u015fmas\u0131, parti y\u00f6netimi ile b\u00fct\u00fcnle\u015fmesi, birle\u015ftirici karakteri ile tan\u0131d\u0131, sevdi\u201d dedi.<\/span><\/span><\/span><\/span><\/p>\n<p style=\"text-align:left\"><span style=\"font-size:14px\"><span style=\"font-family:Arial,Helvetica,sans-serif\"><span style=\"color:#000000\"><span style=\"background-color:#ffffff\">&nbsp;<\/span><\/span><\/span><\/span><\/p>\n<p style=\"text-align:left\"><span style=\"font-size:14px\"><span style=\"font-family:Arial,Helvetica,sans-serif\"><span style=\"color:#000000\"><span style=\"background-color:#ffffff\">Miro\u011flu\u2019nu gen\u00e7 bir doktor iken tan\u0131d\u0131\u011f\u0131n\u0131 ve T\u00fcrk\u00e7eyi d\u00fczg\u00fcn, etkili kullanmas\u0131, kararl\u0131 bir duru\u015fu ve \u00e7evresiyle diyalog kurmaktaki ba\u015far\u0131s\u0131ndan etkilendi\u011fini kaydeden Ero\u011flu, \u201cDo\u011fru insanlar\u0131n siyaset d\u00fcnyam\u0131za girmelerinin sa\u011flanmas\u0131 gerekti\u011fine inand\u0131\u011f\u0131m i\u00e7in&nbsp; UBP\u2019den aday olmas\u0131na , milletvekili se\u00e7ilmesine destek verdim, kabinelerimde bakan olarak g\u00f6rev almas\u0131n\u0131 sa\u011flad\u0131m.&nbsp; Ba\u015far\u0131l\u0131 bir bakan oldu, partimiz i\u00e7inde sevildi say\u0131ld\u0131\u201d dedi.<\/span><\/span><\/span><\/span><\/p>\n<p style=\"text-align:left\"><span style=\"font-size:14px\"><span style=\"font-family:Arial,Helvetica,sans-serif\"><span style=\"color:#000000\"><span style=\"background-color:#ffffff\">&nbsp;<\/span><\/span><\/span><\/span><\/p>\n<p style=\"text-align:left\"><span style=\"font-size:14px\"><span style=\"font-family:Arial,Helvetica,sans-serif\"><span style=\"color:#000000\"><span style=\"background-color:#ffffff\">UBP Genel Ba\u015fkan\u0131 olmaya \u00e7ok yak\u0131nken, gen\u00e7 denilebilecek ya\u015fta, ebediyete g\u00f6\u00e7&nbsp; eden Salih Miro\u011flu\u2019nun geride \u00e7ok g\u00fczel an\u0131lar ve \u00f6rnek al\u0131nabilecek bir siyaset adam\u0131 profili b\u0131rakt\u0131\u011f\u0131n\u0131 kaydeden Ero\u011flu, UBP olarak Miro\u011flu\u2019nu unutmayacaklar\u0131n\u0131 s\u00f6yledi.<\/span><\/span><\/span><\/span><\/p>\n<p style=\"text-align:left\"><span style=\"font-size:14px\"><span style=\"font-family:Arial,Helvetica,sans-serif\"><span style=\"color:#000000\"><span style=\"background-color:#ffffff\">&nbsp;<\/span><\/span><\/span><\/span><\/p>\n<p style=\"text-align:left\"><span style=\"font-size:14px\"><span style=\"font-family:Arial,Helvetica,sans-serif\"><span style=\"color:#000000\"><span style=\"background-color:#ffffff\">CTP genel ba\u015fkanlar\u0131ndan \u00d6zker \u00d6zg\u00fcr\u2019le uzun bir s\u00fcre s\u00fcre rakip partilerin genel ba\u015fkanlar\u0131 olarak Meclis\u2019te g\u00f6rev yapt\u0131klar\u0131n\u0131 an\u0131msatan Ero\u011flu \u201cHep birbirimize sayg\u0131l\u0131 olduk\u201d dedi.<\/span><\/span><\/span><\/span><\/p>\n<p style=\"text-align:left\"><span style=\"font-size:14px\"><span style=\"font-family:Arial,Helvetica,sans-serif\"><span style=\"color:#000000\"><span style=\"background-color:#ffffff\">&nbsp;<\/span><\/span><\/span><\/span><\/p>\n<p style=\"text-align:left\"><span style=\"font-size:14px\"><span style=\"font-family:Arial,Helvetica,sans-serif\"><span style=\"color:#000000\"><span style=\"background-color:#ffffff\">Dervi\u015f Ero\u011flu \u015fu ifadeleri&nbsp; kulland\u0131:<\/span><\/span><\/span><\/span><\/p>\n<p style=\"text-align:left\"><span style=\"font-size:14px\"><span style=\"font-family:Arial,Helvetica,sans-serif\"><span style=\"color:#000000\"><span style=\"background-color:#ffffff\">&nbsp;<\/span><\/span><\/span><\/span><\/p>\n<p style=\"text-align:left\"><span style=\"font-size:14px\"><span style=\"font-family:Arial,Helvetica,sans-serif\"><span style=\"color:#000000\"><span style=\"background-color:#ffffff\">\u201cSiyaset, bo\u015funa kavga, polemik alan\u0131 de\u011fildir; Siyaset halka hizmet gibi ulvi bir u\u011fra\u015f i\u00e7inde olma yeridir. Daha \u00f6nceleri de ifade etti\u011fim \u00fczere, KKTC\u2019nin en b\u00fcy\u00fck en eski iki siyasal partisinin Miro\u011flu ve \u00d6zg\u00fcr gibi iki de\u011ferli evlad\u0131n\u0131 ayn\u0131 g\u00fcn an\u0131yor olmas\u0131 ders al\u0131nmas\u0131, \u00fczerinde \u00e7ok\u00e7a d\u00fc\u015f\u00fcn\u00fclmesi gereken bir tesad\u00fcft\u00fcr.<\/span><\/span><\/span><\/span><\/p>\n<p style=\"text-align:left\"><span style=\"font-size:14px\"><span style=\"font-family:Arial,Helvetica,sans-serif\"><span style=\"color:#000000\"><span style=\"background-color:#ffffff\">&nbsp;<\/span><\/span><\/span><\/span><\/p>\n<p style=\"text-align:left\"><span style=\"font-size:14px\"><span style=\"font-family:Arial,Helvetica,sans-serif\"><span style=\"color:#000000\"><span style=\"background-color:#ffffff\">Hi\u00e7 unutmamal\u0131y\u0131z ki, bizlerin, sevinci de , kederi de kaderi de ortakt\u0131r. Yapmam\u0131z gereken, baz\u0131 ayr\u0131l\u0131klar\u0131m\u0131z\u0131 zenginlik sayarak&nbsp; binlerce ortak y\u00f6n\u00fcm\u00fcz oldu\u011funun bilinci i\u00e7inde , halk\u0131m\u0131z, vatan\u0131m\u0131z, Devletimiz, egemenli\u011fimiz, \u00f6zg\u00fcrl\u00fc\u011f\u00fcm\u00fcz s\u00f6z konusu oldu\u011funda birle\u015fmektir. \u00d6l\u00fcmlerinin 18\u2019inci&nbsp; y\u0131l d\u00f6n\u00fcm\u00fcnde Miro\u011flu ve \u00d6zg\u00fcr\u2019e bir kez daha Allah\u2019tan rahmet dilerim\u201d<\/span><\/span><\/span><\/span><\/p>\n","protected":false},"excerpt":{"rendered":"<p>Ero\u011flu mesaj\u0131nda \u201cSalih Miro\u011flu, Ulusal Birlik Partisi\u2019nin, K\u0131br\u0131s T\u00fcrk toplumuna mal olmu\u015f \u00f6nemli bir de\u011feri idi. Herkes onu, gen\u00e7lerle kayna\u015fmas\u0131, parti y\u00f6netimi ile b\u00fct\u00fcnle\u015fmesi, birle\u015ftirici karakteri ile tan\u0131d\u0131, sevdi\u201d dedi. &nbsp; Miro\u011flu\u2019nu gen\u00e7 bir doktor iken tan\u0131d\u0131\u011f\u0131n\u0131 ve T\u00fcrk\u00e7eyi d\u00fczg\u00fcn, etkili kullanmas\u0131, kararl\u0131 bir duru\u015fu ve \u00e7evresiyle diyalog kurmaktaki ba\u015far\u0131s\u0131ndan etkilendi\u011fini kaydeden Ero\u011flu, \u201cDo\u011fru insanlar\u0131n<\/p>\n","protected":false},"author":1,"featured_media":19509,"comment_status":"open","ping_status":"open","sticky":false,"template":"","format":"standard","meta":{"footnotes":""},"categories":[1],"tags":[],"class_list":["post-19508","post","type-post","status-publish","format-standard","has-post-thumbnail","hentry","category-gundem"],"yoast_head":"<!-- This site is optimized with the Yoast SEO plugin v27.5 - https:\/\/yoast.com\/product\/yoast-seo-wordpress\/ -->\n<title>\u00dc\u00e7\u00fcnc\u00fc Cumhurba\u015fkan\u0131 Ero\u011flu, Salih Miro\u011flu ve \u00d6zker \u00d6zg\u00fcr an\u0131s\u0131na mesaj yay\u0131mlad\u0131 -<\/title>\n<meta name=\"robots\" content=\"index, follow, max-snippet:-1, max-image-preview:large, max-video-preview:-1\" \/>\n<link rel=\"canonical\" href=\"https:\/\/kibrisdakik.com\/?p=19508\" \/>\n<meta property=\"og:locale\" content=\"tr_TR\" \/>\n<meta property=\"og:type\" content=\"article\" \/>\n<meta property=\"og:title\" content=\"\u00dc\u00e7\u00fcnc\u00fc Cumhurba\u015fkan\u0131 Ero\u011flu, Salih Miro\u011flu ve \u00d6zker \u00d6zg\u00fcr an\u0131s\u0131na mesaj yay\u0131mlad\u0131 -\" \/>\n<meta property=\"og:description\" content=\"Ero\u011flu mesaj\u0131nda \u201cSalih Miro\u011flu, Ulusal Birlik Partisi\u2019nin, K\u0131br\u0131s T\u00fcrk toplumuna mal olmu\u015f \u00f6nemli bir de\u011feri idi. Herkes onu, gen\u00e7lerle kayna\u015fmas\u0131, parti y\u00f6netimi ile b\u00fct\u00fcnle\u015fmesi, birle\u015ftirici karakteri ile tan\u0131d\u0131, sevdi\u201d dedi. &nbsp; Miro\u011flu\u2019nu gen\u00e7 bir doktor iken tan\u0131d\u0131\u011f\u0131n\u0131 ve T\u00fcrk\u00e7eyi d\u00fczg\u00fcn, etkili kullanmas\u0131, kararl\u0131 bir duru\u015fu ve \u00e7evresiyle diyalog kurmaktaki ba\u015far\u0131s\u0131ndan etkilendi\u011fini kaydeden Ero\u011flu, \u201cDo\u011fru insanlar\u0131n\" \/>\n<meta property=\"og:url\" content=\"https:\/\/kibrisdakik.com\/?p=19508\" \/>\n<meta property=\"article:published_time\" content=\"2023-11-21T12:21:24+00:00\" \/>\n<meta property=\"og:image\" content=\"https:\/\/kibrisdakik.com\/wp-content\/uploads\/2023\/11\/ucuncu-cumhurbaskani-eroglu-salih-miroglu-ve-ozker-ozgur-anisina-mesaj-yayimladi-1700565698.webp.webp\" \/>\n\t<meta property=\"og:image:width\" content=\"710\" \/>\n\t<meta property=\"og:image:height\" content=\"370\" \/>\n\t<meta property=\"og:image:type\" content=\"image\/webp\" \/>\n<meta name=\"author\" content=\"admin\" \/>\n<meta name=\"twitter:card\" content=\"summary_large_image\" \/>\n<meta name=\"twitter:label1\" content=\"Yazan:\" \/>\n\t<meta name=\"twitter:data1\" content=\"admin\" \/>\n\t<meta name=\"twitter:label2\" content=\"Tahmini okuma s\u00fcresi\" \/>\n\t<meta name=\"twitter:data2\" content=\"2 dakika\" \/>\n<script type=\"application\/ld+json\" class=\"yoast-schema-graph\">{\"@context\":\"https:\\\/\\\/schema.org\",\"@graph\":[{\"@type\":\"Article\",\"@id\":\"https:\\\/\\\/kibrisdakik.com\\\/?p=19508#article\",\"isPartOf\":{\"@id\":\"https:\\\/\\\/kibrisdakik.com\\\/?p=19508\"},\"author\":{\"name\":\"admin\",\"@id\":\"https:\\\/\\\/kibrisdakik.com\\\/#\\\/schema\\\/person\\\/9cd9d437bbb44f72b73ba127e06d8e79\"},\"headline\":\"\u00dc\u00e7\u00fcnc\u00fc Cumhurba\u015fkan\u0131 Ero\u011flu, Salih Miro\u011flu ve \u00d6zker \u00d6zg\u00fcr an\u0131s\u0131na mesaj yay\u0131mlad\u0131\",\"datePublished\":\"2023-11-21T12:21:24+00:00\",\"mainEntityOfPage\":{\"@id\":\"https:\\\/\\\/kibrisdakik.com\\\/?p=19508\"},\"wordCount\":401,\"commentCount\":0,\"image\":{\"@id\":\"https:\\\/\\\/kibrisdakik.com\\\/?p=19508#primaryimage\"},\"thumbnailUrl\":\"https:\\\/\\\/kibrisdakik.com\\\/wp-content\\\/uploads\\\/2023\\\/11\\\/ucuncu-cumhurbaskani-eroglu-salih-miroglu-ve-ozker-ozgur-anisina-mesaj-yayimladi-1700565698.webp.webp\",\"articleSection\":[\"G\u00fcndem\"],\"inLanguage\":\"tr\",\"potentialAction\":[{\"@type\":\"CommentAction\",\"name\":\"Comment\",\"target\":[\"https:\\\/\\\/kibrisdakik.com\\\/?p=19508#respond\"]}]},{\"@type\":\"WebPage\",\"@id\":\"https:\\\/\\\/kibrisdakik.com\\\/?p=19508\",\"url\":\"https:\\\/\\\/kibrisdakik.com\\\/?p=19508\",\"name\":\"\u00dc\u00e7\u00fcnc\u00fc Cumhurba\u015fkan\u0131 Ero\u011flu, Salih Miro\u011flu ve \u00d6zker \u00d6zg\u00fcr an\u0131s\u0131na mesaj yay\u0131mlad\u0131 -\",\"isPartOf\":{\"@id\":\"https:\\\/\\\/kibrisdakik.com\\\/#website\"},\"primaryImageOfPage\":{\"@id\":\"https:\\\/\\\/kibrisdakik.com\\\/?p=19508#primaryimage\"},\"image\":{\"@id\":\"https:\\\/\\\/kibrisdakik.com\\\/?p=19508#primaryimage\"},\"thumbnailUrl\":\"https:\\\/\\\/kibrisdakik.com\\\/wp-content\\\/uploads\\\/2023\\\/11\\\/ucuncu-cumhurbaskani-eroglu-salih-miroglu-ve-ozker-ozgur-anisina-mesaj-yayimladi-1700565698.webp.webp\",\"datePublished\":\"2023-11-21T12:21:24+00:00\",\"author\":{\"@id\":\"https:\\\/\\\/kibrisdakik.com\\\/#\\\/schema\\\/person\\\/9cd9d437bbb44f72b73ba127e06d8e79\"},\"breadcrumb\":{\"@id\":\"https:\\\/\\\/kibrisdakik.com\\\/?p=19508#breadcrumb\"},\"inLanguage\":\"tr\",\"potentialAction\":[{\"@type\":\"ReadAction\",\"target\":[\"https:\\\/\\\/kibrisdakik.com\\\/?p=19508\"]}]},{\"@type\":\"ImageObject\",\"inLanguage\":\"tr\",\"@id\":\"https:\\\/\\\/kibrisdakik.com\\\/?p=19508#primaryimage\",\"url\":\"https:\\\/\\\/kibrisdakik.com\\\/wp-content\\\/uploads\\\/2023\\\/11\\\/ucuncu-cumhurbaskani-eroglu-salih-miroglu-ve-ozker-ozgur-anisina-mesaj-yayimladi-1700565698.webp.webp\",\"contentUrl\":\"https:\\\/\\\/kibrisdakik.com\\\/wp-content\\\/uploads\\\/2023\\\/11\\\/ucuncu-cumhurbaskani-eroglu-salih-miroglu-ve-ozker-ozgur-anisina-mesaj-yayimladi-1700565698.webp.webp\",\"width\":710,\"height\":370},{\"@type\":\"BreadcrumbList\",\"@id\":\"https:\\\/\\\/kibrisdakik.com\\\/?p=19508#breadcrumb\",\"itemListElement\":[{\"@type\":\"ListItem\",\"position\":1,\"name\":\"Home\",\"item\":\"https:\\\/\\\/kibrisdakik.com\\\/\"},{\"@type\":\"ListItem\",\"position\":2,\"name\":\"\u00dc\u00e7\u00fcnc\u00fc Cumhurba\u015fkan\u0131 Ero\u011flu, Salih Miro\u011flu ve \u00d6zker \u00d6zg\u00fcr an\u0131s\u0131na mesaj yay\u0131mlad\u0131\"}]},{\"@type\":\"WebSite\",\"@id\":\"https:\\\/\\\/kibrisdakik.com\\\/#website\",\"url\":\"https:\\\/\\\/kibrisdakik.com\\\/\",\"name\":\"\",\"description\":\"Tam vaktinde haber\",\"potentialAction\":[{\"@type\":\"SearchAction\",\"target\":{\"@type\":\"EntryPoint\",\"urlTemplate\":\"https:\\\/\\\/kibrisdakik.com\\\/?s={search_term_string}\"},\"query-input\":{\"@type\":\"PropertyValueSpecification\",\"valueRequired\":true,\"valueName\":\"search_term_string\"}}],\"inLanguage\":\"tr\"},{\"@type\":\"Person\",\"@id\":\"https:\\\/\\\/kibrisdakik.com\\\/#\\\/schema\\\/person\\\/9cd9d437bbb44f72b73ba127e06d8e79\",\"name\":\"admin\",\"image\":{\"@type\":\"ImageObject\",\"inLanguage\":\"tr\",\"@id\":\"https:\\\/\\\/secure.gravatar.com\\\/avatar\\\/ccc17943b9d660506c869530f897617f7cb1c21a4bf30023f252596d83e1f007?s=96&d=mm&r=g\",\"url\":\"https:\\\/\\\/secure.gravatar.com\\\/avatar\\\/ccc17943b9d660506c869530f897617f7cb1c21a4bf30023f252596d83e1f007?s=96&d=mm&r=g\",\"contentUrl\":\"https:\\\/\\\/secure.gravatar.com\\\/avatar\\\/ccc17943b9d660506c869530f897617f7cb1c21a4bf30023f252596d83e1f007?s=96&d=mm&r=g\",\"caption\":\"admin\"},\"sameAs\":[\"https:\\\/\\\/kibrisdakik.com\"],\"url\":\"https:\\\/\\\/kibrisdakik.com\\\/?author=1\"}]}<\/script>\n<!-- \/ Yoast SEO plugin. -->","yoast_head_json":{"title":"\u00dc\u00e7\u00fcnc\u00fc Cumhurba\u015fkan\u0131 Ero\u011flu, Salih Miro\u011flu ve \u00d6zker \u00d6zg\u00fcr an\u0131s\u0131na mesaj yay\u0131mlad\u0131 -","robots":{"index":"index","follow":"follow","max-snippet":"max-snippet:-1","max-image-preview":"max-image-preview:large","max-video-preview":"max-video-preview:-1"},"canonical":"https:\/\/kibrisdakik.com\/?p=19508","og_locale":"tr_TR","og_type":"article","og_title":"\u00dc\u00e7\u00fcnc\u00fc Cumhurba\u015fkan\u0131 Ero\u011flu, Salih Miro\u011flu ve \u00d6zker \u00d6zg\u00fcr an\u0131s\u0131na mesaj yay\u0131mlad\u0131 -","og_description":"Ero\u011flu mesaj\u0131nda \u201cSalih Miro\u011flu, Ulusal Birlik Partisi\u2019nin, K\u0131br\u0131s T\u00fcrk toplumuna mal olmu\u015f \u00f6nemli bir de\u011feri idi. Herkes onu, gen\u00e7lerle kayna\u015fmas\u0131, parti y\u00f6netimi ile b\u00fct\u00fcnle\u015fmesi, birle\u015ftirici karakteri ile tan\u0131d\u0131, sevdi\u201d dedi. &nbsp; Miro\u011flu\u2019nu gen\u00e7 bir doktor iken tan\u0131d\u0131\u011f\u0131n\u0131 ve T\u00fcrk\u00e7eyi d\u00fczg\u00fcn, etkili kullanmas\u0131, kararl\u0131 bir duru\u015fu ve \u00e7evresiyle diyalog kurmaktaki ba\u015far\u0131s\u0131ndan etkilendi\u011fini kaydeden Ero\u011flu, \u201cDo\u011fru insanlar\u0131n","og_url":"https:\/\/kibrisdakik.com\/?p=19508","article_published_time":"2023-11-21T12:21:24+00:00","og_image":[{"width":710,"height":370,"url":"https:\/\/kibrisdakik.com\/wp-content\/uploads\/2023\/11\/ucuncu-cumhurbaskani-eroglu-salih-miroglu-ve-ozker-ozgur-anisina-mesaj-yayimladi-1700565698.webp.webp","type":"image\/webp"}],"author":"admin","twitter_card":"summary_large_image","twitter_misc":{"Yazan:":"admin","Tahmini okuma s\u00fcresi":"2 dakika"},"schema":{"@context":"https:\/\/schema.org","@graph":[{"@type":"Article","@id":"https:\/\/kibrisdakik.com\/?p=19508#article","isPartOf":{"@id":"https:\/\/kibrisdakik.com\/?p=19508"},"author":{"name":"admin","@id":"https:\/\/kibrisdakik.com\/#\/schema\/person\/9cd9d437bbb44f72b73ba127e06d8e79"},"headline":"\u00dc\u00e7\u00fcnc\u00fc Cumhurba\u015fkan\u0131 Ero\u011flu, Salih Miro\u011flu ve \u00d6zker \u00d6zg\u00fcr an\u0131s\u0131na mesaj yay\u0131mlad\u0131","datePublished":"2023-11-21T12:21:24+00:00","mainEntityOfPage":{"@id":"https:\/\/kibrisdakik.com\/?p=19508"},"wordCount":401,"commentCount":0,"image":{"@id":"https:\/\/kibrisdakik.com\/?p=19508#primaryimage"},"thumbnailUrl":"https:\/\/kibrisdakik.com\/wp-content\/uploads\/2023\/11\/ucuncu-cumhurbaskani-eroglu-salih-miroglu-ve-ozker-ozgur-anisina-mesaj-yayimladi-1700565698.webp.webp","articleSection":["G\u00fcndem"],"inLanguage":"tr","potentialAction":[{"@type":"CommentAction","name":"Comment","target":["https:\/\/kibrisdakik.com\/?p=19508#respond"]}]},{"@type":"WebPage","@id":"https:\/\/kibrisdakik.com\/?p=19508","url":"https:\/\/kibrisdakik.com\/?p=19508","name":"\u00dc\u00e7\u00fcnc\u00fc Cumhurba\u015fkan\u0131 Ero\u011flu, Salih Miro\u011flu ve \u00d6zker \u00d6zg\u00fcr an\u0131s\u0131na mesaj yay\u0131mlad\u0131 -","isPartOf":{"@id":"https:\/\/kibrisdakik.com\/#website"},"primaryImageOfPage":{"@id":"https:\/\/kibrisdakik.com\/?p=19508#primaryimage"},"image":{"@id":"https:\/\/kibrisdakik.com\/?p=19508#primaryimage"},"thumbnailUrl":"https:\/\/kibrisdakik.com\/wp-content\/uploads\/2023\/11\/ucuncu-cumhurbaskani-eroglu-salih-miroglu-ve-ozker-ozgur-anisina-mesaj-yayimladi-1700565698.webp.webp","datePublished":"2023-11-21T12:21:24+00:00","author":{"@id":"https:\/\/kibrisdakik.com\/#\/schema\/person\/9cd9d437bbb44f72b73ba127e06d8e79"},"breadcrumb":{"@id":"https:\/\/kibrisdakik.com\/?p=19508#breadcrumb"},"inLanguage":"tr","potentialAction":[{"@type":"ReadAction","target":["https:\/\/kibrisdakik.com\/?p=19508"]}]},{"@type":"ImageObject","inLanguage":"tr","@id":"https:\/\/kibrisdakik.com\/?p=19508#primaryimage","url":"https:\/\/kibrisdakik.com\/wp-content\/uploads\/2023\/11\/ucuncu-cumhurbaskani-eroglu-salih-miroglu-ve-ozker-ozgur-anisina-mesaj-yayimladi-1700565698.webp.webp","contentUrl":"https:\/\/kibrisdakik.com\/wp-content\/uploads\/2023\/11\/ucuncu-cumhurbaskani-eroglu-salih-miroglu-ve-ozker-ozgur-anisina-mesaj-yayimladi-1700565698.webp.webp","width":710,"height":370},{"@type":"BreadcrumbList","@id":"https:\/\/kibrisdakik.com\/?p=19508#breadcrumb","itemListElement":[{"@type":"ListItem","position":1,"name":"Home","item":"https:\/\/kibrisdakik.com\/"},{"@type":"ListItem","position":2,"name":"\u00dc\u00e7\u00fcnc\u00fc Cumhurba\u015fkan\u0131 Ero\u011flu, Salih Miro\u011flu ve \u00d6zker \u00d6zg\u00fcr an\u0131s\u0131na mesaj yay\u0131mlad\u0131"}]},{"@type":"WebSite","@id":"https:\/\/kibrisdakik.com\/#website","url":"https:\/\/kibrisdakik.com\/","name":"","description":"Tam vaktinde haber","potentialAction":[{"@type":"SearchAction","target":{"@type":"EntryPoint","urlTemplate":"https:\/\/kibrisdakik.com\/?s={search_term_string}"},"query-input":{"@type":"PropertyValueSpecification","valueRequired":true,"valueName":"search_term_string"}}],"inLanguage":"tr"},{"@type":"Person","@id":"https:\/\/kibrisdakik.com\/#\/schema\/person\/9cd9d437bbb44f72b73ba127e06d8e79","name":"admin","image":{"@type":"ImageObject","inLanguage":"tr","@id":"https:\/\/secure.gravatar.com\/avatar\/ccc17943b9d660506c869530f897617f7cb1c21a4bf30023f252596d83e1f007?s=96&d=mm&r=g","url":"https:\/\/secure.gravatar.com\/avatar\/ccc17943b9d660506c869530f897617f7cb1c21a4bf30023f252596d83e1f007?s=96&d=mm&r=g","contentUrl":"https:\/\/secure.gravatar.com\/avatar\/ccc17943b9d660506c869530f897617f7cb1c21a4bf30023f252596d83e1f007?s=96&d=mm&r=g","caption":"admin"},"sameAs":["https:\/\/kibrisdakik.com"],"url":"https:\/\/kibrisdakik.com\/?author=1"}]}},"_links":{"self":[{"href":"https:\/\/kibrisdakik.com\/index.php?rest_route=\/wp\/v2\/posts\/19508","targetHints":{"allow":["GET"]}}],"collection":[{"href":"https:\/\/kibrisdakik.com\/index.php?rest_route=\/wp\/v2\/posts"}],"about":[{"href":"https:\/\/kibrisdakik.com\/index.php?rest_route=\/wp\/v2\/types\/post"}],"author":[{"embeddable":true,"href":"https:\/\/kibrisdakik.com\/index.php?rest_route=\/wp\/v2\/users\/1"}],"replies":[{"embeddable":true,"href":"https:\/\/kibrisdakik.com\/index.php?rest_route=%2Fwp%2Fv2%2Fcomments&post=19508"}],"version-history":[{"count":0,"href":"https:\/\/kibrisdakik.com\/index.php?rest_route=\/wp\/v2\/posts\/19508\/revisions"}],"wp:featuredmedia":[{"embeddable":true,"href":"https:\/\/kibrisdakik.com\/index.php?rest_route=\/wp\/v2\/media\/19509"}],"wp:attachment":[{"href":"https:\/\/kibrisdakik.com\/index.php?rest_route=%2Fwp%2Fv2%2Fmedia&parent=19508"}],"wp:term":[{"taxonomy":"category","embeddable":true,"href":"https:\/\/kibrisdakik.com\/index.php?rest_route=%2Fwp%2Fv2%2Fcategories&post=19508"},{"taxonomy":"post_tag","embeddable":true,"href":"https:\/\/kibrisdakik.com\/index.php?rest_route=%2Fwp%2Fv2%2Ftags&post=19508"}],"curies":[{"name":"wp","href":"https:\/\/api.w.org\/{rel}","templated":true}]}}