{"id":19518,"date":"2023-11-21T13:22:31","date_gmt":"2023-11-21T13:22:31","guid":{"rendered":"https:\/\/kibrisdakik.com\/index.php\/2023\/11\/21\/berova-ubp-eski-genel-sekreteri-salih-miroglunun-olum-yildonumu-nedeniyle-mesaj-yayimladi\/"},"modified":"2023-11-21T13:22:31","modified_gmt":"2023-11-21T13:22:31","slug":"berova-ubp-eski-genel-sekreteri-salih-miroglunun-olum-yildonumu-nedeniyle-mesaj-yayimladi","status":"publish","type":"post","link":"https:\/\/kibrisdakik.com\/?p=19518","title":{"rendered":"Berova, UBP eski Genel Sekreteri Salih Miro\u011flu\u2019nun \u00f6l\u00fcm y\u0131ld\u00f6n\u00fcm\u00fc nedeniyle mesaj yay\u0131mlad\u0131"},"content":{"rendered":"<p><img decoding=\"async\" src=\"https:\/\/www.kibristurk.com\/images\/haberler\/2023\/11\/berova-ubp-eski-genel-sekreteri-salih-miroglunun-olum-yildonumu-nedeniyle-mesaj-yayimladi-1700571274.webp\" \/><\/p>\n<p style=\"text-align:left\"><span style=\"font-size:16px\"><span style=\"font-family:Merriweather,serif !important\"><span style=\"color:#000000\"><span style=\"background-color:#ffffff\">Maliye Bakan\u0131 \u00d6zdemir Berova<span style=\"font-size:16px !important\"><span style=\"font-family:Merriweather,serif !important\"><span style=\"color:#000000 !important\">, Ulusal Birlik Partisi (UBP) eski Genel Sekreteri Salih Miro\u011flu\u2019nun 18. \u00f6l\u00fcm y\u0131ld\u00f6n\u00fcm\u00fc dolay\u0131s\u0131yla mesaj yay\u0131mlad\u0131.<\/span><\/span><\/span><\/span><\/span><\/span><\/span><\/p>\n<p style=\"text-align:left\"><span style=\"font-size:16px\"><span style=\"font-family:Merriweather,serif !important\"><span style=\"color:#000000\"><span style=\"background-color:#ffffff\">&nbsp;<\/span><\/span><\/span><\/span><\/p>\n<p style=\"text-align:left\"><span style=\"font-size:16px\"><span style=\"font-family:Merriweather,serif !important\"><span style=\"color:#000000\"><span style=\"background-color:#ffffff\"><span style=\"font-size:16px !important\"><span style=\"font-family:Merriweather,serif !important\"><span style=\"color:#000000 !important\">Berova mesaj\u0131nda, \u201cK\u0131br\u0131s T\u00fcrk Halk\u0131\u2019n\u0131n yeti\u015ftirdi\u011fi ve \u00fclkemize t\u0131p, siyaset alanlar\u0131nda b\u00fcy\u00fck katk\u0131larda bulunan, uzla\u015fmac\u0131, ho\u015fg\u00f6r\u00fcl\u00fc, ilkeli ve dik duru\u015fu ile K\u0131br\u0131s T\u00fcrk siyasi hayat\u0131m\u0131za iz b\u0131rakan ve unutulmazlar\u0131 aras\u0131nda yer alan Dr. Salih Miro\u011flu\u2019nu vefat\u0131n\u0131n seneidevriyesinde O\u2019nu bir kez daha sayg\u0131, \u00f6zlem ve rahmetle y\u00e2d ediyorum.\u201d ifadelerini kulland\u0131.<\/span><\/span><\/span><\/span><\/span><\/span><\/span><\/p>\n<p style=\"text-align:left\"><span style=\"font-size:16px\"><span style=\"font-family:Merriweather,serif !important\"><span style=\"color:#000000\"><span style=\"background-color:#ffffff\">&nbsp;<\/span><\/span><\/span><\/span><\/p>\n<p style=\"text-align:left\"><span style=\"font-size:16px\"><span style=\"font-family:Merriweather,serif !important\"><span style=\"color:#000000\"><span style=\"background-color:#ffffff\"><span style=\"font-size:16px !important\"><span style=\"font-family:Merriweather,serif !important\"><span style=\"color:#000000 !important\">Berova mesaj\u0131nda Miro\u011flu\u2019nun ailesine, UBP camias\u0131na ve sevenlerine ba\u015fsa\u011fl\u0131\u011f\u0131 diledi.<\/span><\/span><\/span><\/span><\/span><\/span><\/span><\/p>\n","protected":false},"excerpt":{"rendered":"<p>Maliye Bakan\u0131 \u00d6zdemir Berova, Ulusal Birlik Partisi (UBP) eski Genel Sekreteri Salih Miro\u011flu\u2019nun 18. \u00f6l\u00fcm y\u0131ld\u00f6n\u00fcm\u00fc dolay\u0131s\u0131yla mesaj yay\u0131mlad\u0131. &nbsp; Berova mesaj\u0131nda, \u201cK\u0131br\u0131s T\u00fcrk Halk\u0131\u2019n\u0131n yeti\u015ftirdi\u011fi ve \u00fclkemize t\u0131p, siyaset alanlar\u0131nda b\u00fcy\u00fck katk\u0131larda bulunan, uzla\u015fmac\u0131, ho\u015fg\u00f6r\u00fcl\u00fc, ilkeli ve dik duru\u015fu ile K\u0131br\u0131s T\u00fcrk siyasi hayat\u0131m\u0131za iz b\u0131rakan ve unutulmazlar\u0131 aras\u0131nda yer alan Dr. Salih Miro\u011flu\u2019nu<\/p>\n","protected":false},"author":1,"featured_media":19519,"comment_status":"open","ping_status":"open","sticky":false,"template":"","format":"standard","meta":{"footnotes":""},"categories":[1],"tags":[],"class_list":["post-19518","post","type-post","status-publish","format-standard","has-post-thumbnail","hentry","category-gundem"],"yoast_head":"<!-- This site is optimized with the Yoast SEO plugin v27.4 - https:\/\/yoast.com\/product\/yoast-seo-wordpress\/ -->\n<title>Berova, UBP eski Genel Sekreteri Salih Miro\u011flu\u2019nun \u00f6l\u00fcm y\u0131ld\u00f6n\u00fcm\u00fc nedeniyle mesaj yay\u0131mlad\u0131 -<\/title>\n<meta name=\"robots\" content=\"index, follow, max-snippet:-1, max-image-preview:large, max-video-preview:-1\" \/>\n<link rel=\"canonical\" href=\"https:\/\/kibrisdakik.com\/?p=19518\" \/>\n<meta property=\"og:locale\" content=\"tr_TR\" \/>\n<meta property=\"og:type\" content=\"article\" \/>\n<meta property=\"og:title\" content=\"Berova, UBP eski Genel Sekreteri Salih Miro\u011flu\u2019nun \u00f6l\u00fcm y\u0131ld\u00f6n\u00fcm\u00fc nedeniyle mesaj yay\u0131mlad\u0131 -\" \/>\n<meta property=\"og:description\" content=\"Maliye Bakan\u0131 \u00d6zdemir Berova, Ulusal Birlik Partisi (UBP) eski Genel Sekreteri Salih Miro\u011flu\u2019nun 18. \u00f6l\u00fcm y\u0131ld\u00f6n\u00fcm\u00fc dolay\u0131s\u0131yla mesaj yay\u0131mlad\u0131. &nbsp; Berova mesaj\u0131nda, \u201cK\u0131br\u0131s T\u00fcrk Halk\u0131\u2019n\u0131n yeti\u015ftirdi\u011fi ve \u00fclkemize t\u0131p, siyaset alanlar\u0131nda b\u00fcy\u00fck katk\u0131larda bulunan, uzla\u015fmac\u0131, ho\u015fg\u00f6r\u00fcl\u00fc, ilkeli ve dik duru\u015fu ile K\u0131br\u0131s T\u00fcrk siyasi hayat\u0131m\u0131za iz b\u0131rakan ve unutulmazlar\u0131 aras\u0131nda yer alan Dr. Salih Miro\u011flu\u2019nu\" \/>\n<meta property=\"og:url\" content=\"https:\/\/kibrisdakik.com\/?p=19518\" \/>\n<meta property=\"article:published_time\" content=\"2023-11-21T13:22:31+00:00\" \/>\n<meta property=\"og:image\" content=\"https:\/\/kibrisdakik.com\/wp-content\/uploads\/2023\/11\/berova-ubp-eski-genel-sekreteri-salih-miroglunun-olum-yildonumu-nedeniyle-mesaj-yayimladi-1700571274.webp.webp\" \/>\n\t<meta property=\"og:image:width\" content=\"710\" \/>\n\t<meta property=\"og:image:height\" content=\"370\" \/>\n\t<meta property=\"og:image:type\" content=\"image\/webp\" \/>\n<meta name=\"author\" content=\"admin\" \/>\n<meta name=\"twitter:card\" content=\"summary_large_image\" \/>\n<meta name=\"twitter:label1\" content=\"Yazan:\" \/>\n\t<meta name=\"twitter:data1\" content=\"admin\" \/>\n\t<meta name=\"twitter:label2\" content=\"Tahmini okuma s\u00fcresi\" \/>\n\t<meta name=\"twitter:data2\" content=\"1 dakika\" \/>\n<script type=\"application\/ld+json\" class=\"yoast-schema-graph\">{\"@context\":\"https:\\\/\\\/schema.org\",\"@graph\":[{\"@type\":\"Article\",\"@id\":\"https:\\\/\\\/kibrisdakik.com\\\/?p=19518#article\",\"isPartOf\":{\"@id\":\"https:\\\/\\\/kibrisdakik.com\\\/?p=19518\"},\"author\":{\"name\":\"admin\",\"@id\":\"https:\\\/\\\/kibrisdakik.com\\\/#\\\/schema\\\/person\\\/9cd9d437bbb44f72b73ba127e06d8e79\"},\"headline\":\"Berova, UBP eski Genel Sekreteri Salih Miro\u011flu\u2019nun \u00f6l\u00fcm y\u0131ld\u00f6n\u00fcm\u00fc nedeniyle mesaj yay\u0131mlad\u0131\",\"datePublished\":\"2023-11-21T13:22:31+00:00\",\"mainEntityOfPage\":{\"@id\":\"https:\\\/\\\/kibrisdakik.com\\\/?p=19518\"},\"wordCount\":144,\"commentCount\":0,\"image\":{\"@id\":\"https:\\\/\\\/kibrisdakik.com\\\/?p=19518#primaryimage\"},\"thumbnailUrl\":\"https:\\\/\\\/kibrisdakik.com\\\/wp-content\\\/uploads\\\/2023\\\/11\\\/berova-ubp-eski-genel-sekreteri-salih-miroglunun-olum-yildonumu-nedeniyle-mesaj-yayimladi-1700571274.webp.webp\",\"articleSection\":[\"G\u00fcndem\"],\"inLanguage\":\"tr\",\"potentialAction\":[{\"@type\":\"CommentAction\",\"name\":\"Comment\",\"target\":[\"https:\\\/\\\/kibrisdakik.com\\\/?p=19518#respond\"]}]},{\"@type\":\"WebPage\",\"@id\":\"https:\\\/\\\/kibrisdakik.com\\\/?p=19518\",\"url\":\"https:\\\/\\\/kibrisdakik.com\\\/?p=19518\",\"name\":\"Berova, UBP eski Genel Sekreteri Salih Miro\u011flu\u2019nun \u00f6l\u00fcm y\u0131ld\u00f6n\u00fcm\u00fc nedeniyle mesaj yay\u0131mlad\u0131 -\",\"isPartOf\":{\"@id\":\"https:\\\/\\\/kibrisdakik.com\\\/#website\"},\"primaryImageOfPage\":{\"@id\":\"https:\\\/\\\/kibrisdakik.com\\\/?p=19518#primaryimage\"},\"image\":{\"@id\":\"https:\\\/\\\/kibrisdakik.com\\\/?p=19518#primaryimage\"},\"thumbnailUrl\":\"https:\\\/\\\/kibrisdakik.com\\\/wp-content\\\/uploads\\\/2023\\\/11\\\/berova-ubp-eski-genel-sekreteri-salih-miroglunun-olum-yildonumu-nedeniyle-mesaj-yayimladi-1700571274.webp.webp\",\"datePublished\":\"2023-11-21T13:22:31+00:00\",\"author\":{\"@id\":\"https:\\\/\\\/kibrisdakik.com\\\/#\\\/schema\\\/person\\\/9cd9d437bbb44f72b73ba127e06d8e79\"},\"breadcrumb\":{\"@id\":\"https:\\\/\\\/kibrisdakik.com\\\/?p=19518#breadcrumb\"},\"inLanguage\":\"tr\",\"potentialAction\":[{\"@type\":\"ReadAction\",\"target\":[\"https:\\\/\\\/kibrisdakik.com\\\/?p=19518\"]}]},{\"@type\":\"ImageObject\",\"inLanguage\":\"tr\",\"@id\":\"https:\\\/\\\/kibrisdakik.com\\\/?p=19518#primaryimage\",\"url\":\"https:\\\/\\\/kibrisdakik.com\\\/wp-content\\\/uploads\\\/2023\\\/11\\\/berova-ubp-eski-genel-sekreteri-salih-miroglunun-olum-yildonumu-nedeniyle-mesaj-yayimladi-1700571274.webp.webp\",\"contentUrl\":\"https:\\\/\\\/kibrisdakik.com\\\/wp-content\\\/uploads\\\/2023\\\/11\\\/berova-ubp-eski-genel-sekreteri-salih-miroglunun-olum-yildonumu-nedeniyle-mesaj-yayimladi-1700571274.webp.webp\",\"width\":710,\"height\":370},{\"@type\":\"BreadcrumbList\",\"@id\":\"https:\\\/\\\/kibrisdakik.com\\\/?p=19518#breadcrumb\",\"itemListElement\":[{\"@type\":\"ListItem\",\"position\":1,\"name\":\"Home\",\"item\":\"https:\\\/\\\/kibrisdakik.com\\\/\"},{\"@type\":\"ListItem\",\"position\":2,\"name\":\"Berova, UBP eski Genel Sekreteri Salih Miro\u011flu\u2019nun \u00f6l\u00fcm y\u0131ld\u00f6n\u00fcm\u00fc nedeniyle mesaj yay\u0131mlad\u0131\"}]},{\"@type\":\"WebSite\",\"@id\":\"https:\\\/\\\/kibrisdakik.com\\\/#website\",\"url\":\"https:\\\/\\\/kibrisdakik.com\\\/\",\"name\":\"\",\"description\":\"Tam vaktinde haber\",\"potentialAction\":[{\"@type\":\"SearchAction\",\"target\":{\"@type\":\"EntryPoint\",\"urlTemplate\":\"https:\\\/\\\/kibrisdakik.com\\\/?s={search_term_string}\"},\"query-input\":{\"@type\":\"PropertyValueSpecification\",\"valueRequired\":true,\"valueName\":\"search_term_string\"}}],\"inLanguage\":\"tr\"},{\"@type\":\"Person\",\"@id\":\"https:\\\/\\\/kibrisdakik.com\\\/#\\\/schema\\\/person\\\/9cd9d437bbb44f72b73ba127e06d8e79\",\"name\":\"admin\",\"image\":{\"@type\":\"ImageObject\",\"inLanguage\":\"tr\",\"@id\":\"https:\\\/\\\/secure.gravatar.com\\\/avatar\\\/ccc17943b9d660506c869530f897617f7cb1c21a4bf30023f252596d83e1f007?s=96&d=mm&r=g\",\"url\":\"https:\\\/\\\/secure.gravatar.com\\\/avatar\\\/ccc17943b9d660506c869530f897617f7cb1c21a4bf30023f252596d83e1f007?s=96&d=mm&r=g\",\"contentUrl\":\"https:\\\/\\\/secure.gravatar.com\\\/avatar\\\/ccc17943b9d660506c869530f897617f7cb1c21a4bf30023f252596d83e1f007?s=96&d=mm&r=g\",\"caption\":\"admin\"},\"sameAs\":[\"https:\\\/\\\/kibrisdakik.com\"],\"url\":\"https:\\\/\\\/kibrisdakik.com\\\/?author=1\"}]}<\/script>\n<!-- \/ Yoast SEO plugin. -->","yoast_head_json":{"title":"Berova, UBP eski Genel Sekreteri Salih Miro\u011flu\u2019nun \u00f6l\u00fcm y\u0131ld\u00f6n\u00fcm\u00fc nedeniyle mesaj yay\u0131mlad\u0131 -","robots":{"index":"index","follow":"follow","max-snippet":"max-snippet:-1","max-image-preview":"max-image-preview:large","max-video-preview":"max-video-preview:-1"},"canonical":"https:\/\/kibrisdakik.com\/?p=19518","og_locale":"tr_TR","og_type":"article","og_title":"Berova, UBP eski Genel Sekreteri Salih Miro\u011flu\u2019nun \u00f6l\u00fcm y\u0131ld\u00f6n\u00fcm\u00fc nedeniyle mesaj yay\u0131mlad\u0131 -","og_description":"Maliye Bakan\u0131 \u00d6zdemir Berova, Ulusal Birlik Partisi (UBP) eski Genel Sekreteri Salih Miro\u011flu\u2019nun 18. \u00f6l\u00fcm y\u0131ld\u00f6n\u00fcm\u00fc dolay\u0131s\u0131yla mesaj yay\u0131mlad\u0131. &nbsp; Berova mesaj\u0131nda, \u201cK\u0131br\u0131s T\u00fcrk Halk\u0131\u2019n\u0131n yeti\u015ftirdi\u011fi ve \u00fclkemize t\u0131p, siyaset alanlar\u0131nda b\u00fcy\u00fck katk\u0131larda bulunan, uzla\u015fmac\u0131, ho\u015fg\u00f6r\u00fcl\u00fc, ilkeli ve dik duru\u015fu ile K\u0131br\u0131s T\u00fcrk siyasi hayat\u0131m\u0131za iz b\u0131rakan ve unutulmazlar\u0131 aras\u0131nda yer alan Dr. Salih Miro\u011flu\u2019nu","og_url":"https:\/\/kibrisdakik.com\/?p=19518","article_published_time":"2023-11-21T13:22:31+00:00","og_image":[{"width":710,"height":370,"url":"https:\/\/kibrisdakik.com\/wp-content\/uploads\/2023\/11\/berova-ubp-eski-genel-sekreteri-salih-miroglunun-olum-yildonumu-nedeniyle-mesaj-yayimladi-1700571274.webp.webp","type":"image\/webp"}],"author":"admin","twitter_card":"summary_large_image","twitter_misc":{"Yazan:":"admin","Tahmini okuma s\u00fcresi":"1 dakika"},"schema":{"@context":"https:\/\/schema.org","@graph":[{"@type":"Article","@id":"https:\/\/kibrisdakik.com\/?p=19518#article","isPartOf":{"@id":"https:\/\/kibrisdakik.com\/?p=19518"},"author":{"name":"admin","@id":"https:\/\/kibrisdakik.com\/#\/schema\/person\/9cd9d437bbb44f72b73ba127e06d8e79"},"headline":"Berova, UBP eski Genel Sekreteri Salih Miro\u011flu\u2019nun \u00f6l\u00fcm y\u0131ld\u00f6n\u00fcm\u00fc nedeniyle mesaj yay\u0131mlad\u0131","datePublished":"2023-11-21T13:22:31+00:00","mainEntityOfPage":{"@id":"https:\/\/kibrisdakik.com\/?p=19518"},"wordCount":144,"commentCount":0,"image":{"@id":"https:\/\/kibrisdakik.com\/?p=19518#primaryimage"},"thumbnailUrl":"https:\/\/kibrisdakik.com\/wp-content\/uploads\/2023\/11\/berova-ubp-eski-genel-sekreteri-salih-miroglunun-olum-yildonumu-nedeniyle-mesaj-yayimladi-1700571274.webp.webp","articleSection":["G\u00fcndem"],"inLanguage":"tr","potentialAction":[{"@type":"CommentAction","name":"Comment","target":["https:\/\/kibrisdakik.com\/?p=19518#respond"]}]},{"@type":"WebPage","@id":"https:\/\/kibrisdakik.com\/?p=19518","url":"https:\/\/kibrisdakik.com\/?p=19518","name":"Berova, UBP eski Genel Sekreteri Salih Miro\u011flu\u2019nun \u00f6l\u00fcm y\u0131ld\u00f6n\u00fcm\u00fc nedeniyle mesaj yay\u0131mlad\u0131 -","isPartOf":{"@id":"https:\/\/kibrisdakik.com\/#website"},"primaryImageOfPage":{"@id":"https:\/\/kibrisdakik.com\/?p=19518#primaryimage"},"image":{"@id":"https:\/\/kibrisdakik.com\/?p=19518#primaryimage"},"thumbnailUrl":"https:\/\/kibrisdakik.com\/wp-content\/uploads\/2023\/11\/berova-ubp-eski-genel-sekreteri-salih-miroglunun-olum-yildonumu-nedeniyle-mesaj-yayimladi-1700571274.webp.webp","datePublished":"2023-11-21T13:22:31+00:00","author":{"@id":"https:\/\/kibrisdakik.com\/#\/schema\/person\/9cd9d437bbb44f72b73ba127e06d8e79"},"breadcrumb":{"@id":"https:\/\/kibrisdakik.com\/?p=19518#breadcrumb"},"inLanguage":"tr","potentialAction":[{"@type":"ReadAction","target":["https:\/\/kibrisdakik.com\/?p=19518"]}]},{"@type":"ImageObject","inLanguage":"tr","@id":"https:\/\/kibrisdakik.com\/?p=19518#primaryimage","url":"https:\/\/kibrisdakik.com\/wp-content\/uploads\/2023\/11\/berova-ubp-eski-genel-sekreteri-salih-miroglunun-olum-yildonumu-nedeniyle-mesaj-yayimladi-1700571274.webp.webp","contentUrl":"https:\/\/kibrisdakik.com\/wp-content\/uploads\/2023\/11\/berova-ubp-eski-genel-sekreteri-salih-miroglunun-olum-yildonumu-nedeniyle-mesaj-yayimladi-1700571274.webp.webp","width":710,"height":370},{"@type":"BreadcrumbList","@id":"https:\/\/kibrisdakik.com\/?p=19518#breadcrumb","itemListElement":[{"@type":"ListItem","position":1,"name":"Home","item":"https:\/\/kibrisdakik.com\/"},{"@type":"ListItem","position":2,"name":"Berova, UBP eski Genel Sekreteri Salih Miro\u011flu\u2019nun \u00f6l\u00fcm y\u0131ld\u00f6n\u00fcm\u00fc nedeniyle mesaj yay\u0131mlad\u0131"}]},{"@type":"WebSite","@id":"https:\/\/kibrisdakik.com\/#website","url":"https:\/\/kibrisdakik.com\/","name":"","description":"Tam vaktinde haber","potentialAction":[{"@type":"SearchAction","target":{"@type":"EntryPoint","urlTemplate":"https:\/\/kibrisdakik.com\/?s={search_term_string}"},"query-input":{"@type":"PropertyValueSpecification","valueRequired":true,"valueName":"search_term_string"}}],"inLanguage":"tr"},{"@type":"Person","@id":"https:\/\/kibrisdakik.com\/#\/schema\/person\/9cd9d437bbb44f72b73ba127e06d8e79","name":"admin","image":{"@type":"ImageObject","inLanguage":"tr","@id":"https:\/\/secure.gravatar.com\/avatar\/ccc17943b9d660506c869530f897617f7cb1c21a4bf30023f252596d83e1f007?s=96&d=mm&r=g","url":"https:\/\/secure.gravatar.com\/avatar\/ccc17943b9d660506c869530f897617f7cb1c21a4bf30023f252596d83e1f007?s=96&d=mm&r=g","contentUrl":"https:\/\/secure.gravatar.com\/avatar\/ccc17943b9d660506c869530f897617f7cb1c21a4bf30023f252596d83e1f007?s=96&d=mm&r=g","caption":"admin"},"sameAs":["https:\/\/kibrisdakik.com"],"url":"https:\/\/kibrisdakik.com\/?author=1"}]}},"_links":{"self":[{"href":"https:\/\/kibrisdakik.com\/index.php?rest_route=\/wp\/v2\/posts\/19518","targetHints":{"allow":["GET"]}}],"collection":[{"href":"https:\/\/kibrisdakik.com\/index.php?rest_route=\/wp\/v2\/posts"}],"about":[{"href":"https:\/\/kibrisdakik.com\/index.php?rest_route=\/wp\/v2\/types\/post"}],"author":[{"embeddable":true,"href":"https:\/\/kibrisdakik.com\/index.php?rest_route=\/wp\/v2\/users\/1"}],"replies":[{"embeddable":true,"href":"https:\/\/kibrisdakik.com\/index.php?rest_route=%2Fwp%2Fv2%2Fcomments&post=19518"}],"version-history":[{"count":0,"href":"https:\/\/kibrisdakik.com\/index.php?rest_route=\/wp\/v2\/posts\/19518\/revisions"}],"wp:featuredmedia":[{"embeddable":true,"href":"https:\/\/kibrisdakik.com\/index.php?rest_route=\/wp\/v2\/media\/19519"}],"wp:attachment":[{"href":"https:\/\/kibrisdakik.com\/index.php?rest_route=%2Fwp%2Fv2%2Fmedia&parent=19518"}],"wp:term":[{"taxonomy":"category","embeddable":true,"href":"https:\/\/kibrisdakik.com\/index.php?rest_route=%2Fwp%2Fv2%2Fcategories&post=19518"},{"taxonomy":"post_tag","embeddable":true,"href":"https:\/\/kibrisdakik.com\/index.php?rest_route=%2Fwp%2Fv2%2Ftags&post=19518"}],"curies":[{"name":"wp","href":"https:\/\/api.w.org\/{rel}","templated":true}]}}