{"id":19550,"date":"2023-11-21T17:25:44","date_gmt":"2023-11-21T17:25:44","guid":{"rendered":"https:\/\/kibrisdakik.com\/index.php\/2023\/11\/21\/ktto-65-kurulus-yil-donumu-etkinlikleri-kapsaminda-resepsiyon-duzenledi\/"},"modified":"2023-11-21T17:25:44","modified_gmt":"2023-11-21T17:25:44","slug":"ktto-65-kurulus-yil-donumu-etkinlikleri-kapsaminda-resepsiyon-duzenledi","status":"publish","type":"post","link":"https:\/\/kibrisdakik.com\/?p=19550","title":{"rendered":"KTTO, 65. kurulu\u015f y\u0131l d\u00f6n\u00fcm\u00fc etkinlikleri kapsam\u0131nda resepsiyon d\u00fczenledi"},"content":{"rendered":"<p><img decoding=\"async\" src=\"https:\/\/www.kibristurk.com\/images\/haberler\/2023\/11\/ktto-65-kurulus-yil-donumu-etkinlikleri-kapsaminda-resepsiyon-duzenledi-1700584299.webp\" \/><\/p>\n<p>K\u0131br\u0131s T\u00fcrk Ticaret Odas\u0131 (KTTO) 65. kurulu\u015f y\u0131l d\u00f6n\u00fcm\u00fc etkinlikleri kapsam\u0131nda adada g\u00f6revli yabanc\u0131 misyon temsilcilerinin de davetli oldu\u011fu bir resepsiyon d\u00fczenledi.&nbsp;<br \/>\n&nbsp;<\/p>\n<p>KTTO\u2019dan yap\u0131lan a\u00e7\u0131klamaya g\u00f6re, Oda\u2019n\u0131n her y\u0131l geleneksel olarak d\u00fczenledi\u011fi kurulu\u015f y\u0131l d\u00f6n\u00fcm\u00fc resepsiyonuna adada g\u00f6revde bulunan bir\u00e7ok yabanc\u0131 misyon \u015fefi ve mensubu da kat\u0131ld\u0131.&nbsp;<\/p>\n<p>Resepsiyona kat\u0131lanlar aras\u0131nda Amerika Birle\u015fik Devletleri, Finlandiya, Fransa, \u0130rlanda, \u0130talya, Japonya, Romanya, \u0130sve\u00e7, \u0130svi\u00e7re, Slovakya, \u00c7ek Cumhuriyeti, Avusturya B\u00fcy\u00fckel\u00e7ileri ile \u0130ngiliz Y\u00fcksek Komiseri; \u00c7in, Polonya, Portekiz, Almanya ve Hollanda B\u00fcy\u00fckel\u00e7ili\u011fi mensuplar\u0131, Birle\u015fmi\u015f Milletler K\u0131br\u0131s \u00d6zel Temsilcisi Colin Stewart, UNDP K\u0131br\u0131s ofis m\u00fcd\u00fcr\u00fc Jakhongir Khaydarov, Avrupa Komisyonu yetkilileri, K\u0131br\u0131s (Rum) Ticaret ve Sanayi Odas\u0131 yetkilileri ve adada konu\u015flu proje ekipleri ile tak\u0131m liderleri yer ald\u0131.&nbsp;<\/p>\n<p>Oda Ba\u015fkan\u0131 Turgay Deniz\u2019in e\u015fi Aylan Deniz ve Oda Genel Sekreteri Aysun \u00d6net ileri ile birlikte konuklar\u0131 kar\u015f\u0131lad\u0131\u011f\u0131 resepsiyonda, Oda\u2019n\u0131n Y\u00f6netim Kurulu \u00fcyeleri, Meclis \u00fcyeleri, Kad\u0131n Giri\u015fimciler Konseyi Y\u00f6netim Kurulu \u00fcyeleri ve Oda profesyonelleri de haz\u0131r bulundu.&nbsp;<\/p>\n<p>&nbsp;<\/p>\n<p>-Deniz&nbsp;<\/p>\n<p>Oda Ba\u015fkan\u0131 Turgay Deniz yapt\u0131\u011f\u0131 a\u00e7\u0131l\u0131\u015f konu\u015fmas\u0131nda, 65 y\u0131l \u00f6nce Lefko\u015fa\u2019da bir grup K\u0131br\u0131sl\u0131 T\u00fcrk i\u015f insan\u0131 taraf\u0131ndan kurulan KTTO\u2019nun bug\u00fcn Kuzey K\u0131br\u0131s&#8217;\u0131n en \u00f6nde gelen i\u015f \u00f6rg\u00fct\u00fc oldu\u011funu ve kadar \u00e7e\u015fitli sekt\u00f6rleri kapsayan 5 bine yak\u0131n aktif \u00fcyeyi temsil etti\u011fini kaydetti.&nbsp;<\/p>\n<p>KTTO\u2019nun K\u0131br\u0131s T\u00fcrk ekonomisinin b\u00fcy\u00fck bir oran\u0131n\u0131 temsil etti\u011fini ifade eden Deniz, \u015f\u00f6yle devam etti:&nbsp;<\/p>\n<p>\u201cK\u00fcresel eri\u015fim taahh\u00fcd\u00fcm\u00fcz do\u011frultusunda, 2005&#8217;ten beri Br\u00fcksel&#8217;de, 2018&#8217;den beri Ankara&#8217;da ve 2022&#8217;den beri Londra&#8217;da temsilcilikler kurduk. Odam\u0131z, K\u0131br\u0131s T\u00fcrk i\u015f d\u00fcnyas\u0131n\u0131 tan\u0131mlayan giri\u015fimcilik ruhunu simgeleyen bir diren\u00e7 ve kararl\u0131l\u0131k feneri olmu\u015ftur. Y\u0131llar boyunca, \u00fcyelerimizin sars\u0131lmaz ba\u011fl\u0131l\u0131\u011f\u0131n\u0131n ve ekonomimizin canl\u0131l\u0131\u011f\u0131n\u0131n bir kan\u0131t\u0131 olarak duran ekonomik de\u011fi\u015fimler, siyasi de\u011fi\u015fiklikler ve k\u00fcresel zorluklar aras\u0131nda gezindik.&nbsp;<\/p>\n<p>K\u00fcresel manzara geli\u015fiyor ve hem f\u0131rsatlar hem de zorluklar sunuyor. K\u0131br\u0131s T\u00fcrk Ticaret Odas\u0131 olarak, uyum sa\u011flamaya, yenilik yapmaya ve ekonomimizin b\u00fcy\u00fcmesine katk\u0131da bulunmaya kararl\u0131y\u0131z. \u0130\u015f dostu bir ortam\u0131 savunmaya, yat\u0131r\u0131m\u0131 te\u015fvik etmeye ve \u00fcyelerimizin \u00e7\u0131karlar\u0131n\u0131 savunmaya devam edece\u011fiz. Sonu\u00e7 olarak, yolculu\u011fumuzun bir par\u00e7as\u0131 olan t\u00fcm ki\u015fi ve kurulu\u015flara en derin te\u015fekk\u00fcrlerimi sunuyorum. K\u0131br\u0131s T\u00fcrk Ticaret Odas\u0131&#8217;n\u0131n 65. kurulu\u015f y\u0131l d\u00f6n\u00fcm\u00fc sadece ge\u00e7mi\u015fin kutlanmas\u0131 de\u011fil; i\u015f birli\u011finin s\u0131n\u0131r tan\u0131mad\u0131\u011f\u0131 ve ekonomik ilerlemenin ortak bir \u00e7aba oldu\u011fu bir gelece\u011fe y\u00f6nelik taahh\u00fctt\u00fcr.\u201d&nbsp;<\/p>\n<p>&nbsp;<\/p>\n","protected":false},"excerpt":{"rendered":"<p>K\u0131br\u0131s T\u00fcrk Ticaret Odas\u0131 (KTTO) 65. kurulu\u015f y\u0131l d\u00f6n\u00fcm\u00fc etkinlikleri kapsam\u0131nda adada g\u00f6revli yabanc\u0131 misyon temsilcilerinin de davetli oldu\u011fu bir resepsiyon d\u00fczenledi.&nbsp; &nbsp; KTTO\u2019dan yap\u0131lan a\u00e7\u0131klamaya g\u00f6re, Oda\u2019n\u0131n her y\u0131l geleneksel olarak d\u00fczenledi\u011fi kurulu\u015f y\u0131l d\u00f6n\u00fcm\u00fc resepsiyonuna adada g\u00f6revde bulunan bir\u00e7ok yabanc\u0131 misyon \u015fefi ve mensubu da kat\u0131ld\u0131.&nbsp; Resepsiyona kat\u0131lanlar aras\u0131nda Amerika Birle\u015fik Devletleri, Finlandiya,<\/p>\n","protected":false},"author":1,"featured_media":19551,"comment_status":"open","ping_status":"open","sticky":false,"template":"","format":"standard","meta":{"footnotes":""},"categories":[1],"tags":[],"class_list":["post-19550","post","type-post","status-publish","format-standard","has-post-thumbnail","hentry","category-gundem"],"yoast_head":"<!-- This site is optimized with the Yoast SEO plugin v27.4 - https:\/\/yoast.com\/product\/yoast-seo-wordpress\/ -->\n<title>KTTO, 65. kurulu\u015f y\u0131l d\u00f6n\u00fcm\u00fc etkinlikleri kapsam\u0131nda resepsiyon d\u00fczenledi -<\/title>\n<meta name=\"robots\" content=\"index, follow, max-snippet:-1, max-image-preview:large, max-video-preview:-1\" \/>\n<link rel=\"canonical\" href=\"https:\/\/kibrisdakik.com\/?p=19550\" \/>\n<meta property=\"og:locale\" content=\"tr_TR\" \/>\n<meta property=\"og:type\" content=\"article\" \/>\n<meta property=\"og:title\" content=\"KTTO, 65. kurulu\u015f y\u0131l d\u00f6n\u00fcm\u00fc etkinlikleri kapsam\u0131nda resepsiyon d\u00fczenledi -\" \/>\n<meta property=\"og:description\" content=\"K\u0131br\u0131s T\u00fcrk Ticaret Odas\u0131 (KTTO) 65. kurulu\u015f y\u0131l d\u00f6n\u00fcm\u00fc etkinlikleri kapsam\u0131nda adada g\u00f6revli yabanc\u0131 misyon temsilcilerinin de davetli oldu\u011fu bir resepsiyon d\u00fczenledi.&nbsp; &nbsp; KTTO\u2019dan yap\u0131lan a\u00e7\u0131klamaya g\u00f6re, Oda\u2019n\u0131n her y\u0131l geleneksel olarak d\u00fczenledi\u011fi kurulu\u015f y\u0131l d\u00f6n\u00fcm\u00fc resepsiyonuna adada g\u00f6revde bulunan bir\u00e7ok yabanc\u0131 misyon \u015fefi ve mensubu da kat\u0131ld\u0131.&nbsp; Resepsiyona kat\u0131lanlar aras\u0131nda Amerika Birle\u015fik Devletleri, Finlandiya,\" \/>\n<meta property=\"og:url\" content=\"https:\/\/kibrisdakik.com\/?p=19550\" \/>\n<meta property=\"article:published_time\" content=\"2023-11-21T17:25:44+00:00\" \/>\n<meta property=\"og:image\" content=\"https:\/\/kibrisdakik.com\/wp-content\/uploads\/2023\/11\/ktto-65-kurulus-yil-donumu-etkinlikleri-kapsaminda-resepsiyon-duzenledi-1700584299.webp.webp\" \/>\n\t<meta property=\"og:image:width\" content=\"710\" \/>\n\t<meta property=\"og:image:height\" content=\"370\" \/>\n\t<meta property=\"og:image:type\" content=\"image\/webp\" \/>\n<meta name=\"author\" content=\"admin\" \/>\n<meta name=\"twitter:card\" content=\"summary_large_image\" \/>\n<meta name=\"twitter:label1\" content=\"Yazan:\" \/>\n\t<meta name=\"twitter:data1\" content=\"admin\" \/>\n\t<meta name=\"twitter:label2\" content=\"Tahmini okuma s\u00fcresi\" \/>\n\t<meta name=\"twitter:data2\" content=\"3 dakika\" \/>\n<script type=\"application\/ld+json\" class=\"yoast-schema-graph\">{\"@context\":\"https:\\\/\\\/schema.org\",\"@graph\":[{\"@type\":\"Article\",\"@id\":\"https:\\\/\\\/kibrisdakik.com\\\/?p=19550#article\",\"isPartOf\":{\"@id\":\"https:\\\/\\\/kibrisdakik.com\\\/?p=19550\"},\"author\":{\"name\":\"admin\",\"@id\":\"https:\\\/\\\/kibrisdakik.com\\\/#\\\/schema\\\/person\\\/9cd9d437bbb44f72b73ba127e06d8e79\"},\"headline\":\"KTTO, 65. kurulu\u015f y\u0131l d\u00f6n\u00fcm\u00fc etkinlikleri kapsam\u0131nda resepsiyon d\u00fczenledi\",\"datePublished\":\"2023-11-21T17:25:44+00:00\",\"mainEntityOfPage\":{\"@id\":\"https:\\\/\\\/kibrisdakik.com\\\/?p=19550\"},\"wordCount\":525,\"commentCount\":0,\"image\":{\"@id\":\"https:\\\/\\\/kibrisdakik.com\\\/?p=19550#primaryimage\"},\"thumbnailUrl\":\"https:\\\/\\\/kibrisdakik.com\\\/wp-content\\\/uploads\\\/2023\\\/11\\\/ktto-65-kurulus-yil-donumu-etkinlikleri-kapsaminda-resepsiyon-duzenledi-1700584299.webp.webp\",\"articleSection\":[\"G\u00fcndem\"],\"inLanguage\":\"tr\",\"potentialAction\":[{\"@type\":\"CommentAction\",\"name\":\"Comment\",\"target\":[\"https:\\\/\\\/kibrisdakik.com\\\/?p=19550#respond\"]}]},{\"@type\":\"WebPage\",\"@id\":\"https:\\\/\\\/kibrisdakik.com\\\/?p=19550\",\"url\":\"https:\\\/\\\/kibrisdakik.com\\\/?p=19550\",\"name\":\"KTTO, 65. kurulu\u015f y\u0131l d\u00f6n\u00fcm\u00fc etkinlikleri kapsam\u0131nda resepsiyon d\u00fczenledi -\",\"isPartOf\":{\"@id\":\"https:\\\/\\\/kibrisdakik.com\\\/#website\"},\"primaryImageOfPage\":{\"@id\":\"https:\\\/\\\/kibrisdakik.com\\\/?p=19550#primaryimage\"},\"image\":{\"@id\":\"https:\\\/\\\/kibrisdakik.com\\\/?p=19550#primaryimage\"},\"thumbnailUrl\":\"https:\\\/\\\/kibrisdakik.com\\\/wp-content\\\/uploads\\\/2023\\\/11\\\/ktto-65-kurulus-yil-donumu-etkinlikleri-kapsaminda-resepsiyon-duzenledi-1700584299.webp.webp\",\"datePublished\":\"2023-11-21T17:25:44+00:00\",\"author\":{\"@id\":\"https:\\\/\\\/kibrisdakik.com\\\/#\\\/schema\\\/person\\\/9cd9d437bbb44f72b73ba127e06d8e79\"},\"breadcrumb\":{\"@id\":\"https:\\\/\\\/kibrisdakik.com\\\/?p=19550#breadcrumb\"},\"inLanguage\":\"tr\",\"potentialAction\":[{\"@type\":\"ReadAction\",\"target\":[\"https:\\\/\\\/kibrisdakik.com\\\/?p=19550\"]}]},{\"@type\":\"ImageObject\",\"inLanguage\":\"tr\",\"@id\":\"https:\\\/\\\/kibrisdakik.com\\\/?p=19550#primaryimage\",\"url\":\"https:\\\/\\\/kibrisdakik.com\\\/wp-content\\\/uploads\\\/2023\\\/11\\\/ktto-65-kurulus-yil-donumu-etkinlikleri-kapsaminda-resepsiyon-duzenledi-1700584299.webp.webp\",\"contentUrl\":\"https:\\\/\\\/kibrisdakik.com\\\/wp-content\\\/uploads\\\/2023\\\/11\\\/ktto-65-kurulus-yil-donumu-etkinlikleri-kapsaminda-resepsiyon-duzenledi-1700584299.webp.webp\",\"width\":710,\"height\":370},{\"@type\":\"BreadcrumbList\",\"@id\":\"https:\\\/\\\/kibrisdakik.com\\\/?p=19550#breadcrumb\",\"itemListElement\":[{\"@type\":\"ListItem\",\"position\":1,\"name\":\"Home\",\"item\":\"https:\\\/\\\/kibrisdakik.com\\\/\"},{\"@type\":\"ListItem\",\"position\":2,\"name\":\"KTTO, 65. kurulu\u015f y\u0131l d\u00f6n\u00fcm\u00fc etkinlikleri kapsam\u0131nda resepsiyon d\u00fczenledi\"}]},{\"@type\":\"WebSite\",\"@id\":\"https:\\\/\\\/kibrisdakik.com\\\/#website\",\"url\":\"https:\\\/\\\/kibrisdakik.com\\\/\",\"name\":\"\",\"description\":\"Tam vaktinde haber\",\"potentialAction\":[{\"@type\":\"SearchAction\",\"target\":{\"@type\":\"EntryPoint\",\"urlTemplate\":\"https:\\\/\\\/kibrisdakik.com\\\/?s={search_term_string}\"},\"query-input\":{\"@type\":\"PropertyValueSpecification\",\"valueRequired\":true,\"valueName\":\"search_term_string\"}}],\"inLanguage\":\"tr\"},{\"@type\":\"Person\",\"@id\":\"https:\\\/\\\/kibrisdakik.com\\\/#\\\/schema\\\/person\\\/9cd9d437bbb44f72b73ba127e06d8e79\",\"name\":\"admin\",\"image\":{\"@type\":\"ImageObject\",\"inLanguage\":\"tr\",\"@id\":\"https:\\\/\\\/secure.gravatar.com\\\/avatar\\\/ccc17943b9d660506c869530f897617f7cb1c21a4bf30023f252596d83e1f007?s=96&d=mm&r=g\",\"url\":\"https:\\\/\\\/secure.gravatar.com\\\/avatar\\\/ccc17943b9d660506c869530f897617f7cb1c21a4bf30023f252596d83e1f007?s=96&d=mm&r=g\",\"contentUrl\":\"https:\\\/\\\/secure.gravatar.com\\\/avatar\\\/ccc17943b9d660506c869530f897617f7cb1c21a4bf30023f252596d83e1f007?s=96&d=mm&r=g\",\"caption\":\"admin\"},\"sameAs\":[\"https:\\\/\\\/kibrisdakik.com\"],\"url\":\"https:\\\/\\\/kibrisdakik.com\\\/?author=1\"}]}<\/script>\n<!-- \/ Yoast SEO plugin. -->","yoast_head_json":{"title":"KTTO, 65. kurulu\u015f y\u0131l d\u00f6n\u00fcm\u00fc etkinlikleri kapsam\u0131nda resepsiyon d\u00fczenledi -","robots":{"index":"index","follow":"follow","max-snippet":"max-snippet:-1","max-image-preview":"max-image-preview:large","max-video-preview":"max-video-preview:-1"},"canonical":"https:\/\/kibrisdakik.com\/?p=19550","og_locale":"tr_TR","og_type":"article","og_title":"KTTO, 65. kurulu\u015f y\u0131l d\u00f6n\u00fcm\u00fc etkinlikleri kapsam\u0131nda resepsiyon d\u00fczenledi -","og_description":"K\u0131br\u0131s T\u00fcrk Ticaret Odas\u0131 (KTTO) 65. kurulu\u015f y\u0131l d\u00f6n\u00fcm\u00fc etkinlikleri kapsam\u0131nda adada g\u00f6revli yabanc\u0131 misyon temsilcilerinin de davetli oldu\u011fu bir resepsiyon d\u00fczenledi.&nbsp; &nbsp; KTTO\u2019dan yap\u0131lan a\u00e7\u0131klamaya g\u00f6re, Oda\u2019n\u0131n her y\u0131l geleneksel olarak d\u00fczenledi\u011fi kurulu\u015f y\u0131l d\u00f6n\u00fcm\u00fc resepsiyonuna adada g\u00f6revde bulunan bir\u00e7ok yabanc\u0131 misyon \u015fefi ve mensubu da kat\u0131ld\u0131.&nbsp; Resepsiyona kat\u0131lanlar aras\u0131nda Amerika Birle\u015fik Devletleri, Finlandiya,","og_url":"https:\/\/kibrisdakik.com\/?p=19550","article_published_time":"2023-11-21T17:25:44+00:00","og_image":[{"width":710,"height":370,"url":"https:\/\/kibrisdakik.com\/wp-content\/uploads\/2023\/11\/ktto-65-kurulus-yil-donumu-etkinlikleri-kapsaminda-resepsiyon-duzenledi-1700584299.webp.webp","type":"image\/webp"}],"author":"admin","twitter_card":"summary_large_image","twitter_misc":{"Yazan:":"admin","Tahmini okuma s\u00fcresi":"3 dakika"},"schema":{"@context":"https:\/\/schema.org","@graph":[{"@type":"Article","@id":"https:\/\/kibrisdakik.com\/?p=19550#article","isPartOf":{"@id":"https:\/\/kibrisdakik.com\/?p=19550"},"author":{"name":"admin","@id":"https:\/\/kibrisdakik.com\/#\/schema\/person\/9cd9d437bbb44f72b73ba127e06d8e79"},"headline":"KTTO, 65. kurulu\u015f y\u0131l d\u00f6n\u00fcm\u00fc etkinlikleri kapsam\u0131nda resepsiyon d\u00fczenledi","datePublished":"2023-11-21T17:25:44+00:00","mainEntityOfPage":{"@id":"https:\/\/kibrisdakik.com\/?p=19550"},"wordCount":525,"commentCount":0,"image":{"@id":"https:\/\/kibrisdakik.com\/?p=19550#primaryimage"},"thumbnailUrl":"https:\/\/kibrisdakik.com\/wp-content\/uploads\/2023\/11\/ktto-65-kurulus-yil-donumu-etkinlikleri-kapsaminda-resepsiyon-duzenledi-1700584299.webp.webp","articleSection":["G\u00fcndem"],"inLanguage":"tr","potentialAction":[{"@type":"CommentAction","name":"Comment","target":["https:\/\/kibrisdakik.com\/?p=19550#respond"]}]},{"@type":"WebPage","@id":"https:\/\/kibrisdakik.com\/?p=19550","url":"https:\/\/kibrisdakik.com\/?p=19550","name":"KTTO, 65. kurulu\u015f y\u0131l d\u00f6n\u00fcm\u00fc etkinlikleri kapsam\u0131nda resepsiyon d\u00fczenledi -","isPartOf":{"@id":"https:\/\/kibrisdakik.com\/#website"},"primaryImageOfPage":{"@id":"https:\/\/kibrisdakik.com\/?p=19550#primaryimage"},"image":{"@id":"https:\/\/kibrisdakik.com\/?p=19550#primaryimage"},"thumbnailUrl":"https:\/\/kibrisdakik.com\/wp-content\/uploads\/2023\/11\/ktto-65-kurulus-yil-donumu-etkinlikleri-kapsaminda-resepsiyon-duzenledi-1700584299.webp.webp","datePublished":"2023-11-21T17:25:44+00:00","author":{"@id":"https:\/\/kibrisdakik.com\/#\/schema\/person\/9cd9d437bbb44f72b73ba127e06d8e79"},"breadcrumb":{"@id":"https:\/\/kibrisdakik.com\/?p=19550#breadcrumb"},"inLanguage":"tr","potentialAction":[{"@type":"ReadAction","target":["https:\/\/kibrisdakik.com\/?p=19550"]}]},{"@type":"ImageObject","inLanguage":"tr","@id":"https:\/\/kibrisdakik.com\/?p=19550#primaryimage","url":"https:\/\/kibrisdakik.com\/wp-content\/uploads\/2023\/11\/ktto-65-kurulus-yil-donumu-etkinlikleri-kapsaminda-resepsiyon-duzenledi-1700584299.webp.webp","contentUrl":"https:\/\/kibrisdakik.com\/wp-content\/uploads\/2023\/11\/ktto-65-kurulus-yil-donumu-etkinlikleri-kapsaminda-resepsiyon-duzenledi-1700584299.webp.webp","width":710,"height":370},{"@type":"BreadcrumbList","@id":"https:\/\/kibrisdakik.com\/?p=19550#breadcrumb","itemListElement":[{"@type":"ListItem","position":1,"name":"Home","item":"https:\/\/kibrisdakik.com\/"},{"@type":"ListItem","position":2,"name":"KTTO, 65. kurulu\u015f y\u0131l d\u00f6n\u00fcm\u00fc etkinlikleri kapsam\u0131nda resepsiyon d\u00fczenledi"}]},{"@type":"WebSite","@id":"https:\/\/kibrisdakik.com\/#website","url":"https:\/\/kibrisdakik.com\/","name":"","description":"Tam vaktinde haber","potentialAction":[{"@type":"SearchAction","target":{"@type":"EntryPoint","urlTemplate":"https:\/\/kibrisdakik.com\/?s={search_term_string}"},"query-input":{"@type":"PropertyValueSpecification","valueRequired":true,"valueName":"search_term_string"}}],"inLanguage":"tr"},{"@type":"Person","@id":"https:\/\/kibrisdakik.com\/#\/schema\/person\/9cd9d437bbb44f72b73ba127e06d8e79","name":"admin","image":{"@type":"ImageObject","inLanguage":"tr","@id":"https:\/\/secure.gravatar.com\/avatar\/ccc17943b9d660506c869530f897617f7cb1c21a4bf30023f252596d83e1f007?s=96&d=mm&r=g","url":"https:\/\/secure.gravatar.com\/avatar\/ccc17943b9d660506c869530f897617f7cb1c21a4bf30023f252596d83e1f007?s=96&d=mm&r=g","contentUrl":"https:\/\/secure.gravatar.com\/avatar\/ccc17943b9d660506c869530f897617f7cb1c21a4bf30023f252596d83e1f007?s=96&d=mm&r=g","caption":"admin"},"sameAs":["https:\/\/kibrisdakik.com"],"url":"https:\/\/kibrisdakik.com\/?author=1"}]}},"_links":{"self":[{"href":"https:\/\/kibrisdakik.com\/index.php?rest_route=\/wp\/v2\/posts\/19550","targetHints":{"allow":["GET"]}}],"collection":[{"href":"https:\/\/kibrisdakik.com\/index.php?rest_route=\/wp\/v2\/posts"}],"about":[{"href":"https:\/\/kibrisdakik.com\/index.php?rest_route=\/wp\/v2\/types\/post"}],"author":[{"embeddable":true,"href":"https:\/\/kibrisdakik.com\/index.php?rest_route=\/wp\/v2\/users\/1"}],"replies":[{"embeddable":true,"href":"https:\/\/kibrisdakik.com\/index.php?rest_route=%2Fwp%2Fv2%2Fcomments&post=19550"}],"version-history":[{"count":0,"href":"https:\/\/kibrisdakik.com\/index.php?rest_route=\/wp\/v2\/posts\/19550\/revisions"}],"wp:featuredmedia":[{"embeddable":true,"href":"https:\/\/kibrisdakik.com\/index.php?rest_route=\/wp\/v2\/media\/19551"}],"wp:attachment":[{"href":"https:\/\/kibrisdakik.com\/index.php?rest_route=%2Fwp%2Fv2%2Fmedia&parent=19550"}],"wp:term":[{"taxonomy":"category","embeddable":true,"href":"https:\/\/kibrisdakik.com\/index.php?rest_route=%2Fwp%2Fv2%2Fcategories&post=19550"},{"taxonomy":"post_tag","embeddable":true,"href":"https:\/\/kibrisdakik.com\/index.php?rest_route=%2Fwp%2Fv2%2Ftags&post=19550"}],"curies":[{"name":"wp","href":"https:\/\/api.w.org\/{rel}","templated":true}]}}