{"id":19599,"date":"2023-11-22T08:48:11","date_gmt":"2023-11-22T08:48:11","guid":{"rendered":"https:\/\/kibrisdakik.com\/index.php\/2023\/11\/22\/hamas-gazzedeki-ateskes-anlasmasiyla-ilgili-daha-fazla-ayrinti-yayinladi\/"},"modified":"2023-11-22T08:48:11","modified_gmt":"2023-11-22T08:48:11","slug":"hamas-gazzedeki-ateskes-anlasmasiyla-ilgili-daha-fazla-ayrinti-yayinladi","status":"publish","type":"post","link":"https:\/\/kibrisdakik.com\/?p=19599","title":{"rendered":"Hamas, Gazze&#039;deki ate\u015fkes anla\u015fmas\u0131yla ilgili daha fazla ayr\u0131nt\u0131 yay\u0131nlad\u0131"},"content":{"rendered":"<p><img decoding=\"async\" src=\"https:\/\/www.kibristurk.com\/images\/haberler\/2023\/11\/hamas-gazzedeki-ateskes-anlasmasiyla-ilgili-daha-fazla-ayrinti-yayinladi-1700641821.webp\" \/><\/p>\n<p>Telegram&#8217;da payla\u015f\u0131lan a\u00e7\u0131klamada Hamas, anla\u015fman\u0131n detaylar\u0131yla ilgili \u015fu bilgileri verdi:<\/p>\n<p>\u0130srail, askeri ara\u00e7lar\u0131n hareketi de dahil olmak \u00fczere&nbsp;Gazze&nbsp;\u015eeridi&#8217;nin t\u00fcm b\u00f6lgelerindeki askeri eylemleri durduracak.<\/p>\n<p>T\u0131bbi ve&nbsp;yak\u0131t&nbsp;malzemelerinin de aralar\u0131nda bulundu\u011fu y\u00fczlerce insani yard\u0131m kamyonunun Gazze&#8217;ye girmesine izin verilecek.<\/p>\n<p>Gazze&#8217;nin g\u00fcneyindeki dronlar d\u00f6rt g\u00fcn boyunca duracak. Kuzeyde, yerel saatle 10:00 ile 16:00 aras\u0131nda g\u00fcnde alt\u0131 saat duracaklar.<\/p>\n<p>Ate\u015fkes d\u00f6neminde&nbsp;\u0130srail&nbsp;\u201cGazze \u015eeridi&#8217;nin hi\u00e7bir b\u00f6lgesinde kimseye sald\u0131rmayacak veya kimseyi tutuklamayacak.<\/p>\n<p>Salah al-Deen Caddesi boyunca hareket \u00f6zg\u00fcrl\u00fc\u011f\u00fc garanti alt\u0131na al\u0131nacak.<\/p>\n<p>Hamas&nbsp;ayr\u0131ca anla\u015fma kapsam\u0131nda \u0130srail hapishanelerinde tutulan 150 Filistinli kad\u0131n ve \u00e7ocu\u011fun da serbest b\u0131rak\u0131laca\u011f\u0131n\u0131 s\u00f6yledi.<\/p>\n<p>&nbsp;<\/p>\n<p><strong>\u0130srail&#8217;in ate\u015fkes anla\u015fmas\u0131na dair verdi\u011fi detaylar<\/strong><\/p>\n<p>\u0130srail Ba\u015fbakanl\u0131k Bas\u0131n Ofisinden yap\u0131lan yaz\u0131l\u0131 a\u00e7\u0131klamada, esir takas\u0131 anla\u015fmas\u0131n\u0131 ele almak \u00fczere Ba\u015fbakan Binyamin&nbsp;Netanyahu&nbsp;\u00f6nc\u00fcl\u00fc\u011f\u00fcnde toplanan h\u00fck\u00fcmet kabinesinin onaylad\u0131\u011f\u0131 karar duyuruldu.<\/p>\n<p>H\u00fck\u00fcmetin bu gece Gazze&#8217;deki \u0130srailli esirlerin t\u00fcm\u00fcn\u00fcn geri getirilmesi hedefinin ilk a\u015famas\u0131n\u0131 onaylad\u0131\u011f\u0131 belirtilen a\u00e7\u0131klamada, &#8220;Buna g\u00f6re, kad\u0131n ve \u00e7ocuklardan olu\u015fan en az 50 rehinenin 4 g\u00fcnl\u00fck s\u00fcrede serbest b\u0131rak\u0131lmas\u0131 ve bu s\u00fcre zarf\u0131nda \u00e7at\u0131\u015fmalara ara verilmesi \u00f6ng\u00f6r\u00fcl\u00fcyor.&#8221; ifadesi kullan\u0131ld\u0131.<\/p>\n<p>A\u00e7\u0131klamada, &#8220;her 10 esirin serbest b\u0131rak\u0131lmas\u0131n\u0131n, \u00e7at\u0131\u015fmalara ek bir g\u00fcn daha ara verilmesini sa\u011flayaca\u011f\u0131&#8221; belirtildi.<\/p>\n<p><strong>\u0130nsani aran\u0131n ne zaman y\u00fcr\u00fcrl\u00fc\u011fe girece\u011fi 24 saat i\u00e7inde belli olacak<\/strong><\/p>\n<p>Esir takas\u0131 konusunda arabuluculuk rol\u00fc oynayan Katar&#8217;dan da anla\u015fmaya ili\u015fkin a\u00e7\u0131klama geldi.<\/p>\n<p>Katar D\u0131\u015fi\u015fleri Bakanl\u0131\u011f\u0131ndan yap\u0131lan yaz\u0131l\u0131 a\u00e7\u0131klamada, \u0130srail ile Hamas aras\u0131ndaki \u00e7at\u0131\u015fmalara verilecek insani aran\u0131n ne zaman y\u00fcr\u00fcrl\u00fc\u011fe girece\u011finin 24 saat i\u00e7inde ilan edilece\u011fi duyuruldu.<\/p>\n<p>\u00c7at\u0131\u015fmalara insani ara verilece\u011fi belirtilen a\u00e7\u0131klamada, aran\u0131n 4 g\u00fcn olaca\u011f\u0131 ve bu s\u00fcrenin uzat\u0131lma ihtimalinin oldu\u011fu ve Gazze&#8217;ye yak\u0131t dahil olmak \u00fczere insani yard\u0131m ta\u015f\u0131yan t\u0131rlar\u0131n giri\u015finin sa\u011flanaca\u011f\u0131 kaydedildi.<\/p>\n<p><strong>50 esir kademeli olarak serbest b\u0131rak\u0131lacak<\/strong><\/p>\n<p>\u0130srail bas\u0131n\u0131na konu\u015fan kaynaklar, Hamas&#8217;\u0131n elindeki esirleri a\u015famal\u0131 olarak serbest b\u0131rakaca\u011f\u0131n\u0131 belirtti.<\/p>\n<p>Hamas&#8217;\u0131n 4 g\u00fcn boyunca her g\u00fcn 12 veya 13 esiri serbest b\u0131rakaca\u011f\u0131 ifade edildi.<\/p>\n<p><strong>\u0130srail, serbest b\u0131rak\u0131labilecek 300 Filistinli tutuklunun listesini yay\u0131nlad\u0131<\/strong><\/p>\n<p>Tel Aviv y\u00f6netimi, \u0130srailli esirlerin serbest b\u0131rak\u0131lmas\u0131na y\u00f6nelik anla\u015fma kapsam\u0131nda serbest b\u0131rak\u0131labilecek 300 Filistinli mahkum ve tutuklunun listesini yay\u0131nlad\u0131.<\/p>\n<p>Listede yer alan Filistinli tutuklulardan 287&#8217;sinin 18 ya\u015f alt\u0131 \u00e7ocuk, 13&#8217;n\u00fcn kad\u0131n oldu\u011fu belirtiliyor.<\/p>\n","protected":false},"excerpt":{"rendered":"<p>Telegram&#8217;da payla\u015f\u0131lan a\u00e7\u0131klamada Hamas, anla\u015fman\u0131n detaylar\u0131yla ilgili \u015fu bilgileri verdi: \u0130srail, askeri ara\u00e7lar\u0131n hareketi de dahil olmak \u00fczere&nbsp;Gazze&nbsp;\u015eeridi&#8217;nin t\u00fcm b\u00f6lgelerindeki askeri eylemleri durduracak. T\u0131bbi ve&nbsp;yak\u0131t&nbsp;malzemelerinin de aralar\u0131nda bulundu\u011fu y\u00fczlerce insani yard\u0131m kamyonunun Gazze&#8217;ye girmesine izin verilecek. Gazze&#8217;nin g\u00fcneyindeki dronlar d\u00f6rt g\u00fcn boyunca duracak. Kuzeyde, yerel saatle 10:00 ile 16:00 aras\u0131nda g\u00fcnde alt\u0131 saat duracaklar. Ate\u015fkes<\/p>\n","protected":false},"author":1,"featured_media":19600,"comment_status":"open","ping_status":"open","sticky":false,"template":"","format":"standard","meta":{"footnotes":""},"categories":[86],"tags":[],"class_list":["post-19599","post","type-post","status-publish","format-standard","has-post-thumbnail","hentry","category-turkiye"],"yoast_head":"<!-- This site is optimized with the Yoast SEO plugin v27.4 - https:\/\/yoast.com\/product\/yoast-seo-wordpress\/ -->\n<title>Hamas, Gazze&#039;deki ate\u015fkes anla\u015fmas\u0131yla ilgili daha fazla ayr\u0131nt\u0131 yay\u0131nlad\u0131 -<\/title>\n<meta name=\"robots\" content=\"index, follow, max-snippet:-1, max-image-preview:large, max-video-preview:-1\" \/>\n<link rel=\"canonical\" href=\"https:\/\/kibrisdakik.com\/?p=19599\" \/>\n<meta property=\"og:locale\" content=\"tr_TR\" \/>\n<meta property=\"og:type\" content=\"article\" \/>\n<meta property=\"og:title\" content=\"Hamas, Gazze&#039;deki ate\u015fkes anla\u015fmas\u0131yla ilgili daha fazla ayr\u0131nt\u0131 yay\u0131nlad\u0131 -\" \/>\n<meta property=\"og:description\" content=\"Telegram&#8217;da payla\u015f\u0131lan a\u00e7\u0131klamada Hamas, anla\u015fman\u0131n detaylar\u0131yla ilgili \u015fu bilgileri verdi: \u0130srail, askeri ara\u00e7lar\u0131n hareketi de dahil olmak \u00fczere&nbsp;Gazze&nbsp;\u015eeridi&#8217;nin t\u00fcm b\u00f6lgelerindeki askeri eylemleri durduracak. T\u0131bbi ve&nbsp;yak\u0131t&nbsp;malzemelerinin de aralar\u0131nda bulundu\u011fu y\u00fczlerce insani yard\u0131m kamyonunun Gazze&#8217;ye girmesine izin verilecek. Gazze&#8217;nin g\u00fcneyindeki dronlar d\u00f6rt g\u00fcn boyunca duracak. Kuzeyde, yerel saatle 10:00 ile 16:00 aras\u0131nda g\u00fcnde alt\u0131 saat duracaklar. Ate\u015fkes\" \/>\n<meta property=\"og:url\" content=\"https:\/\/kibrisdakik.com\/?p=19599\" \/>\n<meta property=\"article:published_time\" content=\"2023-11-22T08:48:11+00:00\" \/>\n<meta property=\"og:image\" content=\"https:\/\/kibrisdakik.com\/wp-content\/uploads\/2023\/11\/hamas-gazzedeki-ateskes-anlasmasiyla-ilgili-daha-fazla-ayrinti-yayinladi-1700641821.webp.webp\" \/>\n\t<meta property=\"og:image:width\" content=\"710\" \/>\n\t<meta property=\"og:image:height\" content=\"370\" \/>\n\t<meta property=\"og:image:type\" content=\"image\/webp\" \/>\n<meta name=\"author\" content=\"admin\" \/>\n<meta name=\"twitter:card\" content=\"summary_large_image\" \/>\n<meta name=\"twitter:label1\" content=\"Yazan:\" \/>\n\t<meta name=\"twitter:data1\" content=\"admin\" \/>\n\t<meta name=\"twitter:label2\" content=\"Tahmini okuma s\u00fcresi\" \/>\n\t<meta name=\"twitter:data2\" content=\"2 dakika\" \/>\n<script type=\"application\/ld+json\" class=\"yoast-schema-graph\">{\"@context\":\"https:\\\/\\\/schema.org\",\"@graph\":[{\"@type\":\"Article\",\"@id\":\"https:\\\/\\\/kibrisdakik.com\\\/?p=19599#article\",\"isPartOf\":{\"@id\":\"https:\\\/\\\/kibrisdakik.com\\\/?p=19599\"},\"author\":{\"name\":\"admin\",\"@id\":\"https:\\\/\\\/kibrisdakik.com\\\/#\\\/schema\\\/person\\\/9cd9d437bbb44f72b73ba127e06d8e79\"},\"headline\":\"Hamas, Gazze&#039;deki ate\u015fkes anla\u015fmas\u0131yla ilgili daha fazla ayr\u0131nt\u0131 yay\u0131nlad\u0131\",\"datePublished\":\"2023-11-22T08:48:11+00:00\",\"mainEntityOfPage\":{\"@id\":\"https:\\\/\\\/kibrisdakik.com\\\/?p=19599\"},\"wordCount\":490,\"commentCount\":0,\"image\":{\"@id\":\"https:\\\/\\\/kibrisdakik.com\\\/?p=19599#primaryimage\"},\"thumbnailUrl\":\"https:\\\/\\\/kibrisdakik.com\\\/wp-content\\\/uploads\\\/2023\\\/11\\\/hamas-gazzedeki-ateskes-anlasmasiyla-ilgili-daha-fazla-ayrinti-yayinladi-1700641821.webp.webp\",\"articleSection\":[\"T\u00fcrkiye\"],\"inLanguage\":\"tr\",\"potentialAction\":[{\"@type\":\"CommentAction\",\"name\":\"Comment\",\"target\":[\"https:\\\/\\\/kibrisdakik.com\\\/?p=19599#respond\"]}]},{\"@type\":\"WebPage\",\"@id\":\"https:\\\/\\\/kibrisdakik.com\\\/?p=19599\",\"url\":\"https:\\\/\\\/kibrisdakik.com\\\/?p=19599\",\"name\":\"Hamas, Gazze&#039;deki ate\u015fkes anla\u015fmas\u0131yla ilgili daha fazla ayr\u0131nt\u0131 yay\u0131nlad\u0131 -\",\"isPartOf\":{\"@id\":\"https:\\\/\\\/kibrisdakik.com\\\/#website\"},\"primaryImageOfPage\":{\"@id\":\"https:\\\/\\\/kibrisdakik.com\\\/?p=19599#primaryimage\"},\"image\":{\"@id\":\"https:\\\/\\\/kibrisdakik.com\\\/?p=19599#primaryimage\"},\"thumbnailUrl\":\"https:\\\/\\\/kibrisdakik.com\\\/wp-content\\\/uploads\\\/2023\\\/11\\\/hamas-gazzedeki-ateskes-anlasmasiyla-ilgili-daha-fazla-ayrinti-yayinladi-1700641821.webp.webp\",\"datePublished\":\"2023-11-22T08:48:11+00:00\",\"author\":{\"@id\":\"https:\\\/\\\/kibrisdakik.com\\\/#\\\/schema\\\/person\\\/9cd9d437bbb44f72b73ba127e06d8e79\"},\"breadcrumb\":{\"@id\":\"https:\\\/\\\/kibrisdakik.com\\\/?p=19599#breadcrumb\"},\"inLanguage\":\"tr\",\"potentialAction\":[{\"@type\":\"ReadAction\",\"target\":[\"https:\\\/\\\/kibrisdakik.com\\\/?p=19599\"]}]},{\"@type\":\"ImageObject\",\"inLanguage\":\"tr\",\"@id\":\"https:\\\/\\\/kibrisdakik.com\\\/?p=19599#primaryimage\",\"url\":\"https:\\\/\\\/kibrisdakik.com\\\/wp-content\\\/uploads\\\/2023\\\/11\\\/hamas-gazzedeki-ateskes-anlasmasiyla-ilgili-daha-fazla-ayrinti-yayinladi-1700641821.webp.webp\",\"contentUrl\":\"https:\\\/\\\/kibrisdakik.com\\\/wp-content\\\/uploads\\\/2023\\\/11\\\/hamas-gazzedeki-ateskes-anlasmasiyla-ilgili-daha-fazla-ayrinti-yayinladi-1700641821.webp.webp\",\"width\":710,\"height\":370},{\"@type\":\"BreadcrumbList\",\"@id\":\"https:\\\/\\\/kibrisdakik.com\\\/?p=19599#breadcrumb\",\"itemListElement\":[{\"@type\":\"ListItem\",\"position\":1,\"name\":\"Home\",\"item\":\"https:\\\/\\\/kibrisdakik.com\\\/\"},{\"@type\":\"ListItem\",\"position\":2,\"name\":\"Hamas, Gazze&#039;deki ate\u015fkes anla\u015fmas\u0131yla ilgili daha fazla ayr\u0131nt\u0131 yay\u0131nlad\u0131\"}]},{\"@type\":\"WebSite\",\"@id\":\"https:\\\/\\\/kibrisdakik.com\\\/#website\",\"url\":\"https:\\\/\\\/kibrisdakik.com\\\/\",\"name\":\"\",\"description\":\"Tam vaktinde haber\",\"potentialAction\":[{\"@type\":\"SearchAction\",\"target\":{\"@type\":\"EntryPoint\",\"urlTemplate\":\"https:\\\/\\\/kibrisdakik.com\\\/?s={search_term_string}\"},\"query-input\":{\"@type\":\"PropertyValueSpecification\",\"valueRequired\":true,\"valueName\":\"search_term_string\"}}],\"inLanguage\":\"tr\"},{\"@type\":\"Person\",\"@id\":\"https:\\\/\\\/kibrisdakik.com\\\/#\\\/schema\\\/person\\\/9cd9d437bbb44f72b73ba127e06d8e79\",\"name\":\"admin\",\"image\":{\"@type\":\"ImageObject\",\"inLanguage\":\"tr\",\"@id\":\"https:\\\/\\\/secure.gravatar.com\\\/avatar\\\/ccc17943b9d660506c869530f897617f7cb1c21a4bf30023f252596d83e1f007?s=96&d=mm&r=g\",\"url\":\"https:\\\/\\\/secure.gravatar.com\\\/avatar\\\/ccc17943b9d660506c869530f897617f7cb1c21a4bf30023f252596d83e1f007?s=96&d=mm&r=g\",\"contentUrl\":\"https:\\\/\\\/secure.gravatar.com\\\/avatar\\\/ccc17943b9d660506c869530f897617f7cb1c21a4bf30023f252596d83e1f007?s=96&d=mm&r=g\",\"caption\":\"admin\"},\"sameAs\":[\"https:\\\/\\\/kibrisdakik.com\"],\"url\":\"https:\\\/\\\/kibrisdakik.com\\\/?author=1\"}]}<\/script>\n<!-- \/ Yoast SEO plugin. -->","yoast_head_json":{"title":"Hamas, Gazze&#039;deki ate\u015fkes anla\u015fmas\u0131yla ilgili daha fazla ayr\u0131nt\u0131 yay\u0131nlad\u0131 -","robots":{"index":"index","follow":"follow","max-snippet":"max-snippet:-1","max-image-preview":"max-image-preview:large","max-video-preview":"max-video-preview:-1"},"canonical":"https:\/\/kibrisdakik.com\/?p=19599","og_locale":"tr_TR","og_type":"article","og_title":"Hamas, Gazze&#039;deki ate\u015fkes anla\u015fmas\u0131yla ilgili daha fazla ayr\u0131nt\u0131 yay\u0131nlad\u0131 -","og_description":"Telegram&#8217;da payla\u015f\u0131lan a\u00e7\u0131klamada Hamas, anla\u015fman\u0131n detaylar\u0131yla ilgili \u015fu bilgileri verdi: \u0130srail, askeri ara\u00e7lar\u0131n hareketi de dahil olmak \u00fczere&nbsp;Gazze&nbsp;\u015eeridi&#8217;nin t\u00fcm b\u00f6lgelerindeki askeri eylemleri durduracak. T\u0131bbi ve&nbsp;yak\u0131t&nbsp;malzemelerinin de aralar\u0131nda bulundu\u011fu y\u00fczlerce insani yard\u0131m kamyonunun Gazze&#8217;ye girmesine izin verilecek. Gazze&#8217;nin g\u00fcneyindeki dronlar d\u00f6rt g\u00fcn boyunca duracak. Kuzeyde, yerel saatle 10:00 ile 16:00 aras\u0131nda g\u00fcnde alt\u0131 saat duracaklar. Ate\u015fkes","og_url":"https:\/\/kibrisdakik.com\/?p=19599","article_published_time":"2023-11-22T08:48:11+00:00","og_image":[{"width":710,"height":370,"url":"https:\/\/kibrisdakik.com\/wp-content\/uploads\/2023\/11\/hamas-gazzedeki-ateskes-anlasmasiyla-ilgili-daha-fazla-ayrinti-yayinladi-1700641821.webp.webp","type":"image\/webp"}],"author":"admin","twitter_card":"summary_large_image","twitter_misc":{"Yazan:":"admin","Tahmini okuma s\u00fcresi":"2 dakika"},"schema":{"@context":"https:\/\/schema.org","@graph":[{"@type":"Article","@id":"https:\/\/kibrisdakik.com\/?p=19599#article","isPartOf":{"@id":"https:\/\/kibrisdakik.com\/?p=19599"},"author":{"name":"admin","@id":"https:\/\/kibrisdakik.com\/#\/schema\/person\/9cd9d437bbb44f72b73ba127e06d8e79"},"headline":"Hamas, Gazze&#039;deki ate\u015fkes anla\u015fmas\u0131yla ilgili daha fazla ayr\u0131nt\u0131 yay\u0131nlad\u0131","datePublished":"2023-11-22T08:48:11+00:00","mainEntityOfPage":{"@id":"https:\/\/kibrisdakik.com\/?p=19599"},"wordCount":490,"commentCount":0,"image":{"@id":"https:\/\/kibrisdakik.com\/?p=19599#primaryimage"},"thumbnailUrl":"https:\/\/kibrisdakik.com\/wp-content\/uploads\/2023\/11\/hamas-gazzedeki-ateskes-anlasmasiyla-ilgili-daha-fazla-ayrinti-yayinladi-1700641821.webp.webp","articleSection":["T\u00fcrkiye"],"inLanguage":"tr","potentialAction":[{"@type":"CommentAction","name":"Comment","target":["https:\/\/kibrisdakik.com\/?p=19599#respond"]}]},{"@type":"WebPage","@id":"https:\/\/kibrisdakik.com\/?p=19599","url":"https:\/\/kibrisdakik.com\/?p=19599","name":"Hamas, Gazze&#039;deki ate\u015fkes anla\u015fmas\u0131yla ilgili daha fazla ayr\u0131nt\u0131 yay\u0131nlad\u0131 -","isPartOf":{"@id":"https:\/\/kibrisdakik.com\/#website"},"primaryImageOfPage":{"@id":"https:\/\/kibrisdakik.com\/?p=19599#primaryimage"},"image":{"@id":"https:\/\/kibrisdakik.com\/?p=19599#primaryimage"},"thumbnailUrl":"https:\/\/kibrisdakik.com\/wp-content\/uploads\/2023\/11\/hamas-gazzedeki-ateskes-anlasmasiyla-ilgili-daha-fazla-ayrinti-yayinladi-1700641821.webp.webp","datePublished":"2023-11-22T08:48:11+00:00","author":{"@id":"https:\/\/kibrisdakik.com\/#\/schema\/person\/9cd9d437bbb44f72b73ba127e06d8e79"},"breadcrumb":{"@id":"https:\/\/kibrisdakik.com\/?p=19599#breadcrumb"},"inLanguage":"tr","potentialAction":[{"@type":"ReadAction","target":["https:\/\/kibrisdakik.com\/?p=19599"]}]},{"@type":"ImageObject","inLanguage":"tr","@id":"https:\/\/kibrisdakik.com\/?p=19599#primaryimage","url":"https:\/\/kibrisdakik.com\/wp-content\/uploads\/2023\/11\/hamas-gazzedeki-ateskes-anlasmasiyla-ilgili-daha-fazla-ayrinti-yayinladi-1700641821.webp.webp","contentUrl":"https:\/\/kibrisdakik.com\/wp-content\/uploads\/2023\/11\/hamas-gazzedeki-ateskes-anlasmasiyla-ilgili-daha-fazla-ayrinti-yayinladi-1700641821.webp.webp","width":710,"height":370},{"@type":"BreadcrumbList","@id":"https:\/\/kibrisdakik.com\/?p=19599#breadcrumb","itemListElement":[{"@type":"ListItem","position":1,"name":"Home","item":"https:\/\/kibrisdakik.com\/"},{"@type":"ListItem","position":2,"name":"Hamas, Gazze&#039;deki ate\u015fkes anla\u015fmas\u0131yla ilgili daha fazla ayr\u0131nt\u0131 yay\u0131nlad\u0131"}]},{"@type":"WebSite","@id":"https:\/\/kibrisdakik.com\/#website","url":"https:\/\/kibrisdakik.com\/","name":"","description":"Tam vaktinde haber","potentialAction":[{"@type":"SearchAction","target":{"@type":"EntryPoint","urlTemplate":"https:\/\/kibrisdakik.com\/?s={search_term_string}"},"query-input":{"@type":"PropertyValueSpecification","valueRequired":true,"valueName":"search_term_string"}}],"inLanguage":"tr"},{"@type":"Person","@id":"https:\/\/kibrisdakik.com\/#\/schema\/person\/9cd9d437bbb44f72b73ba127e06d8e79","name":"admin","image":{"@type":"ImageObject","inLanguage":"tr","@id":"https:\/\/secure.gravatar.com\/avatar\/ccc17943b9d660506c869530f897617f7cb1c21a4bf30023f252596d83e1f007?s=96&d=mm&r=g","url":"https:\/\/secure.gravatar.com\/avatar\/ccc17943b9d660506c869530f897617f7cb1c21a4bf30023f252596d83e1f007?s=96&d=mm&r=g","contentUrl":"https:\/\/secure.gravatar.com\/avatar\/ccc17943b9d660506c869530f897617f7cb1c21a4bf30023f252596d83e1f007?s=96&d=mm&r=g","caption":"admin"},"sameAs":["https:\/\/kibrisdakik.com"],"url":"https:\/\/kibrisdakik.com\/?author=1"}]}},"_links":{"self":[{"href":"https:\/\/kibrisdakik.com\/index.php?rest_route=\/wp\/v2\/posts\/19599","targetHints":{"allow":["GET"]}}],"collection":[{"href":"https:\/\/kibrisdakik.com\/index.php?rest_route=\/wp\/v2\/posts"}],"about":[{"href":"https:\/\/kibrisdakik.com\/index.php?rest_route=\/wp\/v2\/types\/post"}],"author":[{"embeddable":true,"href":"https:\/\/kibrisdakik.com\/index.php?rest_route=\/wp\/v2\/users\/1"}],"replies":[{"embeddable":true,"href":"https:\/\/kibrisdakik.com\/index.php?rest_route=%2Fwp%2Fv2%2Fcomments&post=19599"}],"version-history":[{"count":0,"href":"https:\/\/kibrisdakik.com\/index.php?rest_route=\/wp\/v2\/posts\/19599\/revisions"}],"wp:featuredmedia":[{"embeddable":true,"href":"https:\/\/kibrisdakik.com\/index.php?rest_route=\/wp\/v2\/media\/19600"}],"wp:attachment":[{"href":"https:\/\/kibrisdakik.com\/index.php?rest_route=%2Fwp%2Fv2%2Fmedia&parent=19599"}],"wp:term":[{"taxonomy":"category","embeddable":true,"href":"https:\/\/kibrisdakik.com\/index.php?rest_route=%2Fwp%2Fv2%2Fcategories&post=19599"},{"taxonomy":"post_tag","embeddable":true,"href":"https:\/\/kibrisdakik.com\/index.php?rest_route=%2Fwp%2Fv2%2Ftags&post=19599"}],"curies":[{"name":"wp","href":"https:\/\/api.w.org\/{rel}","templated":true}]}}