{"id":19625,"date":"2023-11-22T11:11:17","date_gmt":"2023-11-22T11:11:17","guid":{"rendered":"https:\/\/kibrisdakik.com\/index.php\/2023\/11\/22\/yunus-emre-enstitusu-ile-haydar-aliyev-uluslararasi-cok-kulturlu-merkez-dernegi-arasinda-is-birligi-protokolu-imzalandi\/"},"modified":"2023-11-22T11:11:17","modified_gmt":"2023-11-22T11:11:17","slug":"yunus-emre-enstitusu-ile-haydar-aliyev-uluslararasi-cok-kulturlu-merkez-dernegi-arasinda-is-birligi-protokolu-imzalandi","status":"publish","type":"post","link":"https:\/\/kibrisdakik.com\/?p=19625","title":{"rendered":"Yunus Emre Enstit\u00fcs\u00fc ile Haydar Aliyev Uluslararas\u0131 \u00c7ok K\u00fclt\u00fcrl\u00fc Merkez Derne\u011fi aras\u0131nda i\u015f birli\u011fi protokol\u00fc imzaland\u0131"},"content":{"rendered":"<p><img decoding=\"async\" src=\"https:\/\/www.kibristurk.com\/images\/haberler\/2023\/11\/yunus-emre-enstitusu-ile-haydar-aliyev-uluslararasi-cok-kulturlu-merkez-dernegi-arasinda-is-birligi-protokolu-imzalandi-1700643955.webp\" \/><\/p>\n<p style=\"text-align:left\"><span style=\"font-size:16px\"><span style=\"font-family:Merriweather,serif !important\"><span style=\"color:#000000\"><span style=\"background-color:#ffffff\">Yunus Emre Enstit\u00fcs\u00fc ile Haydar Aliyev Uluslararas\u0131 \u00c7ok K\u00fclt\u00fcrl\u00fc Merkez Derne\u011fi (HAAL) aras\u0131nda i\u015f birli\u011fi protokol\u00fc imzaland\u0131.<\/span><\/span><\/span><\/span><\/p>\n<p style=\"text-align:left\"><span style=\"font-size:16px\"><span style=\"font-family:Merriweather,serif !important\"><span style=\"color:#000000\"><span style=\"background-color:#ffffff\">Yunus Emre Enstit\u00fcs\u00fc\u2019nden yap\u0131lan a\u00e7\u0131klamaya g\u00f6re HAAL\u2019\u0131n, Lapta\u2019da bulunan merkez ofisinde yer alan imza t\u00f6reninde, HAAL Ba\u015fkan\u0131 Orhan Hasano\u011flu ve Lefko\u015fa Yunus Emre Enstit\u00fcs\u00fc M\u00fcd\u00fcr\u00fc Abdullah Akta\u015f protokole imza koydu.<\/span><\/span><\/span><\/span><\/p>\n<p style=\"text-align:left\"><span style=\"font-size:16px\"><span style=\"font-family:Merriweather,serif !important\"><span style=\"color:#000000\"><span style=\"background-color:#ffffff\">Be\u015f y\u0131l s\u00fcreyle ge\u00e7erli olacak protokol \u00e7er\u00e7evesinde, kar\u015f\u0131l\u0131kl\u0131 anlay\u0131\u015f ve dostlu\u011fa dayal\u0131 i\u015f birli\u011finin g\u00fc\u00e7lendirilmesi ve s\u00fcrd\u00fcr\u00fclmesi, T\u00fcrk\u00e7e \u00f6\u011fretimin yayg\u0131nla\u015ft\u0131r\u0131lmas\u0131 hedefleniyor.<\/span><\/span><\/span><\/span><\/p>\n<p style=\"text-align:left\">&nbsp;<\/p>\n<p style=\"text-align:left\"><span style=\"font-size:16px\"><span style=\"font-family:Merriweather,serif !important\"><span style=\"color:#000000\"><span style=\"background-color:#ffffff\">-Akta\u015f: \u201c\u0130\u015fbirlikleri ile T\u00fcrk\u00e7e \u00f6\u011fretiminin daha da yayg\u0131nla\u015fmas\u0131n\u0131 arzu ediyoruz\u201d<\/span><\/span><\/span><\/span><\/p>\n<p style=\"text-align:left\">&nbsp;<\/p>\n<p style=\"text-align:left\"><span style=\"font-size:16px\"><span style=\"font-family:Merriweather,serif !important\"><span style=\"color:#000000\"><span style=\"background-color:#ffffff\">\u0130mza t\u00f6reninde konu\u015fan Enstit\u00fcs\u00fc M\u00fcd\u00fcr\u00fc Abdullah Akta\u015f, Yunus Emre Enstit\u00fcs\u00fc&#8217;n\u00fcn T\u00fcrkiye\u2019yi ve T\u00fcrkiye\u2019nin k\u00fclt\u00fcrel miras\u0131n\u0131, T\u00fcrk dilini, k\u00fclt\u00fcr\u00fcn\u00fc ve sanat\u0131n\u0131 tan\u0131tmak i\u00e7in \u00e7al\u0131\u015fmalar y\u00fcr\u00fctt\u00fc\u011f\u00fcn\u00fc ifade etti.<\/span><\/span><\/span><\/span><\/p>\n<p style=\"text-align:left\"><span style=\"font-size:16px\"><span style=\"font-family:Merriweather,serif !important\"><span style=\"color:#000000\"><span style=\"background-color:#ffffff\">Akta\u015f, protokol\u00fcn amac\u0131n\u0131n Haydar Aliyev Uluslararas\u0131 \u00c7ok K\u00fclt\u00fcrl\u00fc Merkez Derne\u011fi ile Yunus Emre Enstit\u00fcs\u00fc taraf\u0131ndan birlikte y\u00fcr\u00fct\u00fclecek faaliyetlerin tayin edilmesinin yan\u0131nda her iki kurumun var olan kar\u015f\u0131l\u0131kl\u0131 anlay\u0131\u015fa dayal\u0131 i\u015f birli\u011finin g\u00fc\u00e7lendirilmesi, s\u00fcrd\u00fcr\u00fclmesine y\u00f6nelik hedef, ilke, faaliyet, y\u00fck\u00fcml\u00fcl\u00fck ve uygulama s\u00fcrecinin devam\u0131n\u0131n sa\u011flanmas\u0131 oldu\u011funu belirtti.<\/span><\/span><\/span><\/span><\/p>\n","protected":false},"excerpt":{"rendered":"<p>Yunus Emre Enstit\u00fcs\u00fc ile Haydar Aliyev Uluslararas\u0131 \u00c7ok K\u00fclt\u00fcrl\u00fc Merkez Derne\u011fi (HAAL) aras\u0131nda i\u015f birli\u011fi protokol\u00fc imzaland\u0131. Yunus Emre Enstit\u00fcs\u00fc\u2019nden yap\u0131lan a\u00e7\u0131klamaya g\u00f6re HAAL\u2019\u0131n, Lapta\u2019da bulunan merkez ofisinde yer alan imza t\u00f6reninde, HAAL Ba\u015fkan\u0131 Orhan Hasano\u011flu ve Lefko\u015fa Yunus Emre Enstit\u00fcs\u00fc M\u00fcd\u00fcr\u00fc Abdullah Akta\u015f protokole imza koydu. Be\u015f y\u0131l s\u00fcreyle ge\u00e7erli olacak protokol \u00e7er\u00e7evesinde, kar\u015f\u0131l\u0131kl\u0131<\/p>\n","protected":false},"author":1,"featured_media":19626,"comment_status":"open","ping_status":"open","sticky":false,"template":"","format":"standard","meta":{"footnotes":""},"categories":[85],"tags":[],"class_list":["post-19625","post","type-post","status-publish","format-standard","has-post-thumbnail","hentry","category-spor"],"yoast_head":"<!-- This site is optimized with the Yoast SEO plugin v27.4 - https:\/\/yoast.com\/product\/yoast-seo-wordpress\/ -->\n<title>Yunus Emre Enstit\u00fcs\u00fc ile Haydar Aliyev Uluslararas\u0131 \u00c7ok K\u00fclt\u00fcrl\u00fc Merkez Derne\u011fi aras\u0131nda i\u015f birli\u011fi protokol\u00fc imzaland\u0131 -<\/title>\n<meta name=\"robots\" content=\"index, follow, max-snippet:-1, max-image-preview:large, max-video-preview:-1\" \/>\n<link rel=\"canonical\" href=\"https:\/\/kibrisdakik.com\/?p=19625\" \/>\n<meta property=\"og:locale\" content=\"tr_TR\" \/>\n<meta property=\"og:type\" content=\"article\" \/>\n<meta property=\"og:title\" content=\"Yunus Emre Enstit\u00fcs\u00fc ile Haydar Aliyev Uluslararas\u0131 \u00c7ok K\u00fclt\u00fcrl\u00fc Merkez Derne\u011fi aras\u0131nda i\u015f birli\u011fi protokol\u00fc imzaland\u0131 -\" \/>\n<meta property=\"og:description\" content=\"Yunus Emre Enstit\u00fcs\u00fc ile Haydar Aliyev Uluslararas\u0131 \u00c7ok K\u00fclt\u00fcrl\u00fc Merkez Derne\u011fi (HAAL) aras\u0131nda i\u015f birli\u011fi protokol\u00fc imzaland\u0131. Yunus Emre Enstit\u00fcs\u00fc\u2019nden yap\u0131lan a\u00e7\u0131klamaya g\u00f6re HAAL\u2019\u0131n, Lapta\u2019da bulunan merkez ofisinde yer alan imza t\u00f6reninde, HAAL Ba\u015fkan\u0131 Orhan Hasano\u011flu ve Lefko\u015fa Yunus Emre Enstit\u00fcs\u00fc M\u00fcd\u00fcr\u00fc Abdullah Akta\u015f protokole imza koydu. Be\u015f y\u0131l s\u00fcreyle ge\u00e7erli olacak protokol \u00e7er\u00e7evesinde, kar\u015f\u0131l\u0131kl\u0131\" \/>\n<meta property=\"og:url\" content=\"https:\/\/kibrisdakik.com\/?p=19625\" \/>\n<meta property=\"article:published_time\" content=\"2023-11-22T11:11:17+00:00\" \/>\n<meta property=\"og:image\" content=\"https:\/\/kibrisdakik.com\/wp-content\/uploads\/2023\/11\/yunus-emre-enstitusu-ile-haydar-aliyev-uluslararasi-cok-kulturlu-merkez-dernegi-arasinda-is-birligi-protokolu-imzalandi-1700643955.webp.webp\" \/>\n\t<meta property=\"og:image:width\" content=\"710\" \/>\n\t<meta property=\"og:image:height\" content=\"370\" \/>\n\t<meta property=\"og:image:type\" content=\"image\/webp\" \/>\n<meta name=\"author\" content=\"admin\" \/>\n<meta name=\"twitter:card\" content=\"summary_large_image\" \/>\n<meta name=\"twitter:label1\" content=\"Yazan:\" \/>\n\t<meta name=\"twitter:data1\" content=\"admin\" \/>\n\t<meta name=\"twitter:label2\" content=\"Tahmini okuma s\u00fcresi\" \/>\n\t<meta name=\"twitter:data2\" content=\"1 dakika\" \/>\n<script type=\"application\/ld+json\" class=\"yoast-schema-graph\">{\"@context\":\"https:\\\/\\\/schema.org\",\"@graph\":[{\"@type\":\"Article\",\"@id\":\"https:\\\/\\\/kibrisdakik.com\\\/?p=19625#article\",\"isPartOf\":{\"@id\":\"https:\\\/\\\/kibrisdakik.com\\\/?p=19625\"},\"author\":{\"name\":\"admin\",\"@id\":\"https:\\\/\\\/kibrisdakik.com\\\/#\\\/schema\\\/person\\\/9cd9d437bbb44f72b73ba127e06d8e79\"},\"headline\":\"Yunus Emre Enstit\u00fcs\u00fc ile Haydar Aliyev Uluslararas\u0131 \u00c7ok K\u00fclt\u00fcrl\u00fc Merkez Derne\u011fi aras\u0131nda i\u015f birli\u011fi protokol\u00fc imzaland\u0131\",\"datePublished\":\"2023-11-22T11:11:17+00:00\",\"mainEntityOfPage\":{\"@id\":\"https:\\\/\\\/kibrisdakik.com\\\/?p=19625\"},\"wordCount\":272,\"commentCount\":0,\"image\":{\"@id\":\"https:\\\/\\\/kibrisdakik.com\\\/?p=19625#primaryimage\"},\"thumbnailUrl\":\"https:\\\/\\\/kibrisdakik.com\\\/wp-content\\\/uploads\\\/2023\\\/11\\\/yunus-emre-enstitusu-ile-haydar-aliyev-uluslararasi-cok-kulturlu-merkez-dernegi-arasinda-is-birligi-protokolu-imzalandi-1700643955.webp.webp\",\"articleSection\":[\"Spor\"],\"inLanguage\":\"tr\",\"potentialAction\":[{\"@type\":\"CommentAction\",\"name\":\"Comment\",\"target\":[\"https:\\\/\\\/kibrisdakik.com\\\/?p=19625#respond\"]}]},{\"@type\":\"WebPage\",\"@id\":\"https:\\\/\\\/kibrisdakik.com\\\/?p=19625\",\"url\":\"https:\\\/\\\/kibrisdakik.com\\\/?p=19625\",\"name\":\"Yunus Emre Enstit\u00fcs\u00fc ile Haydar Aliyev Uluslararas\u0131 \u00c7ok K\u00fclt\u00fcrl\u00fc Merkez Derne\u011fi aras\u0131nda i\u015f birli\u011fi protokol\u00fc imzaland\u0131 -\",\"isPartOf\":{\"@id\":\"https:\\\/\\\/kibrisdakik.com\\\/#website\"},\"primaryImageOfPage\":{\"@id\":\"https:\\\/\\\/kibrisdakik.com\\\/?p=19625#primaryimage\"},\"image\":{\"@id\":\"https:\\\/\\\/kibrisdakik.com\\\/?p=19625#primaryimage\"},\"thumbnailUrl\":\"https:\\\/\\\/kibrisdakik.com\\\/wp-content\\\/uploads\\\/2023\\\/11\\\/yunus-emre-enstitusu-ile-haydar-aliyev-uluslararasi-cok-kulturlu-merkez-dernegi-arasinda-is-birligi-protokolu-imzalandi-1700643955.webp.webp\",\"datePublished\":\"2023-11-22T11:11:17+00:00\",\"author\":{\"@id\":\"https:\\\/\\\/kibrisdakik.com\\\/#\\\/schema\\\/person\\\/9cd9d437bbb44f72b73ba127e06d8e79\"},\"breadcrumb\":{\"@id\":\"https:\\\/\\\/kibrisdakik.com\\\/?p=19625#breadcrumb\"},\"inLanguage\":\"tr\",\"potentialAction\":[{\"@type\":\"ReadAction\",\"target\":[\"https:\\\/\\\/kibrisdakik.com\\\/?p=19625\"]}]},{\"@type\":\"ImageObject\",\"inLanguage\":\"tr\",\"@id\":\"https:\\\/\\\/kibrisdakik.com\\\/?p=19625#primaryimage\",\"url\":\"https:\\\/\\\/kibrisdakik.com\\\/wp-content\\\/uploads\\\/2023\\\/11\\\/yunus-emre-enstitusu-ile-haydar-aliyev-uluslararasi-cok-kulturlu-merkez-dernegi-arasinda-is-birligi-protokolu-imzalandi-1700643955.webp.webp\",\"contentUrl\":\"https:\\\/\\\/kibrisdakik.com\\\/wp-content\\\/uploads\\\/2023\\\/11\\\/yunus-emre-enstitusu-ile-haydar-aliyev-uluslararasi-cok-kulturlu-merkez-dernegi-arasinda-is-birligi-protokolu-imzalandi-1700643955.webp.webp\",\"width\":710,\"height\":370},{\"@type\":\"BreadcrumbList\",\"@id\":\"https:\\\/\\\/kibrisdakik.com\\\/?p=19625#breadcrumb\",\"itemListElement\":[{\"@type\":\"ListItem\",\"position\":1,\"name\":\"Home\",\"item\":\"https:\\\/\\\/kibrisdakik.com\\\/\"},{\"@type\":\"ListItem\",\"position\":2,\"name\":\"Yunus Emre Enstit\u00fcs\u00fc ile Haydar Aliyev Uluslararas\u0131 \u00c7ok K\u00fclt\u00fcrl\u00fc Merkez Derne\u011fi aras\u0131nda i\u015f birli\u011fi protokol\u00fc imzaland\u0131\"}]},{\"@type\":\"WebSite\",\"@id\":\"https:\\\/\\\/kibrisdakik.com\\\/#website\",\"url\":\"https:\\\/\\\/kibrisdakik.com\\\/\",\"name\":\"\",\"description\":\"Tam vaktinde haber\",\"potentialAction\":[{\"@type\":\"SearchAction\",\"target\":{\"@type\":\"EntryPoint\",\"urlTemplate\":\"https:\\\/\\\/kibrisdakik.com\\\/?s={search_term_string}\"},\"query-input\":{\"@type\":\"PropertyValueSpecification\",\"valueRequired\":true,\"valueName\":\"search_term_string\"}}],\"inLanguage\":\"tr\"},{\"@type\":\"Person\",\"@id\":\"https:\\\/\\\/kibrisdakik.com\\\/#\\\/schema\\\/person\\\/9cd9d437bbb44f72b73ba127e06d8e79\",\"name\":\"admin\",\"image\":{\"@type\":\"ImageObject\",\"inLanguage\":\"tr\",\"@id\":\"https:\\\/\\\/secure.gravatar.com\\\/avatar\\\/ccc17943b9d660506c869530f897617f7cb1c21a4bf30023f252596d83e1f007?s=96&d=mm&r=g\",\"url\":\"https:\\\/\\\/secure.gravatar.com\\\/avatar\\\/ccc17943b9d660506c869530f897617f7cb1c21a4bf30023f252596d83e1f007?s=96&d=mm&r=g\",\"contentUrl\":\"https:\\\/\\\/secure.gravatar.com\\\/avatar\\\/ccc17943b9d660506c869530f897617f7cb1c21a4bf30023f252596d83e1f007?s=96&d=mm&r=g\",\"caption\":\"admin\"},\"sameAs\":[\"https:\\\/\\\/kibrisdakik.com\"],\"url\":\"https:\\\/\\\/kibrisdakik.com\\\/?author=1\"}]}<\/script>\n<!-- \/ Yoast SEO plugin. -->","yoast_head_json":{"title":"Yunus Emre Enstit\u00fcs\u00fc ile Haydar Aliyev Uluslararas\u0131 \u00c7ok K\u00fclt\u00fcrl\u00fc Merkez Derne\u011fi aras\u0131nda i\u015f birli\u011fi protokol\u00fc imzaland\u0131 -","robots":{"index":"index","follow":"follow","max-snippet":"max-snippet:-1","max-image-preview":"max-image-preview:large","max-video-preview":"max-video-preview:-1"},"canonical":"https:\/\/kibrisdakik.com\/?p=19625","og_locale":"tr_TR","og_type":"article","og_title":"Yunus Emre Enstit\u00fcs\u00fc ile Haydar Aliyev Uluslararas\u0131 \u00c7ok K\u00fclt\u00fcrl\u00fc Merkez Derne\u011fi aras\u0131nda i\u015f birli\u011fi protokol\u00fc imzaland\u0131 -","og_description":"Yunus Emre Enstit\u00fcs\u00fc ile Haydar Aliyev Uluslararas\u0131 \u00c7ok K\u00fclt\u00fcrl\u00fc Merkez Derne\u011fi (HAAL) aras\u0131nda i\u015f birli\u011fi protokol\u00fc imzaland\u0131. Yunus Emre Enstit\u00fcs\u00fc\u2019nden yap\u0131lan a\u00e7\u0131klamaya g\u00f6re HAAL\u2019\u0131n, Lapta\u2019da bulunan merkez ofisinde yer alan imza t\u00f6reninde, HAAL Ba\u015fkan\u0131 Orhan Hasano\u011flu ve Lefko\u015fa Yunus Emre Enstit\u00fcs\u00fc M\u00fcd\u00fcr\u00fc Abdullah Akta\u015f protokole imza koydu. Be\u015f y\u0131l s\u00fcreyle ge\u00e7erli olacak protokol \u00e7er\u00e7evesinde, kar\u015f\u0131l\u0131kl\u0131","og_url":"https:\/\/kibrisdakik.com\/?p=19625","article_published_time":"2023-11-22T11:11:17+00:00","og_image":[{"width":710,"height":370,"url":"https:\/\/kibrisdakik.com\/wp-content\/uploads\/2023\/11\/yunus-emre-enstitusu-ile-haydar-aliyev-uluslararasi-cok-kulturlu-merkez-dernegi-arasinda-is-birligi-protokolu-imzalandi-1700643955.webp.webp","type":"image\/webp"}],"author":"admin","twitter_card":"summary_large_image","twitter_misc":{"Yazan:":"admin","Tahmini okuma s\u00fcresi":"1 dakika"},"schema":{"@context":"https:\/\/schema.org","@graph":[{"@type":"Article","@id":"https:\/\/kibrisdakik.com\/?p=19625#article","isPartOf":{"@id":"https:\/\/kibrisdakik.com\/?p=19625"},"author":{"name":"admin","@id":"https:\/\/kibrisdakik.com\/#\/schema\/person\/9cd9d437bbb44f72b73ba127e06d8e79"},"headline":"Yunus Emre Enstit\u00fcs\u00fc ile Haydar Aliyev Uluslararas\u0131 \u00c7ok K\u00fclt\u00fcrl\u00fc Merkez Derne\u011fi aras\u0131nda i\u015f birli\u011fi protokol\u00fc imzaland\u0131","datePublished":"2023-11-22T11:11:17+00:00","mainEntityOfPage":{"@id":"https:\/\/kibrisdakik.com\/?p=19625"},"wordCount":272,"commentCount":0,"image":{"@id":"https:\/\/kibrisdakik.com\/?p=19625#primaryimage"},"thumbnailUrl":"https:\/\/kibrisdakik.com\/wp-content\/uploads\/2023\/11\/yunus-emre-enstitusu-ile-haydar-aliyev-uluslararasi-cok-kulturlu-merkez-dernegi-arasinda-is-birligi-protokolu-imzalandi-1700643955.webp.webp","articleSection":["Spor"],"inLanguage":"tr","potentialAction":[{"@type":"CommentAction","name":"Comment","target":["https:\/\/kibrisdakik.com\/?p=19625#respond"]}]},{"@type":"WebPage","@id":"https:\/\/kibrisdakik.com\/?p=19625","url":"https:\/\/kibrisdakik.com\/?p=19625","name":"Yunus Emre Enstit\u00fcs\u00fc ile Haydar Aliyev Uluslararas\u0131 \u00c7ok K\u00fclt\u00fcrl\u00fc Merkez Derne\u011fi aras\u0131nda i\u015f birli\u011fi protokol\u00fc imzaland\u0131 -","isPartOf":{"@id":"https:\/\/kibrisdakik.com\/#website"},"primaryImageOfPage":{"@id":"https:\/\/kibrisdakik.com\/?p=19625#primaryimage"},"image":{"@id":"https:\/\/kibrisdakik.com\/?p=19625#primaryimage"},"thumbnailUrl":"https:\/\/kibrisdakik.com\/wp-content\/uploads\/2023\/11\/yunus-emre-enstitusu-ile-haydar-aliyev-uluslararasi-cok-kulturlu-merkez-dernegi-arasinda-is-birligi-protokolu-imzalandi-1700643955.webp.webp","datePublished":"2023-11-22T11:11:17+00:00","author":{"@id":"https:\/\/kibrisdakik.com\/#\/schema\/person\/9cd9d437bbb44f72b73ba127e06d8e79"},"breadcrumb":{"@id":"https:\/\/kibrisdakik.com\/?p=19625#breadcrumb"},"inLanguage":"tr","potentialAction":[{"@type":"ReadAction","target":["https:\/\/kibrisdakik.com\/?p=19625"]}]},{"@type":"ImageObject","inLanguage":"tr","@id":"https:\/\/kibrisdakik.com\/?p=19625#primaryimage","url":"https:\/\/kibrisdakik.com\/wp-content\/uploads\/2023\/11\/yunus-emre-enstitusu-ile-haydar-aliyev-uluslararasi-cok-kulturlu-merkez-dernegi-arasinda-is-birligi-protokolu-imzalandi-1700643955.webp.webp","contentUrl":"https:\/\/kibrisdakik.com\/wp-content\/uploads\/2023\/11\/yunus-emre-enstitusu-ile-haydar-aliyev-uluslararasi-cok-kulturlu-merkez-dernegi-arasinda-is-birligi-protokolu-imzalandi-1700643955.webp.webp","width":710,"height":370},{"@type":"BreadcrumbList","@id":"https:\/\/kibrisdakik.com\/?p=19625#breadcrumb","itemListElement":[{"@type":"ListItem","position":1,"name":"Home","item":"https:\/\/kibrisdakik.com\/"},{"@type":"ListItem","position":2,"name":"Yunus Emre Enstit\u00fcs\u00fc ile Haydar Aliyev Uluslararas\u0131 \u00c7ok K\u00fclt\u00fcrl\u00fc Merkez Derne\u011fi aras\u0131nda i\u015f birli\u011fi protokol\u00fc imzaland\u0131"}]},{"@type":"WebSite","@id":"https:\/\/kibrisdakik.com\/#website","url":"https:\/\/kibrisdakik.com\/","name":"","description":"Tam vaktinde haber","potentialAction":[{"@type":"SearchAction","target":{"@type":"EntryPoint","urlTemplate":"https:\/\/kibrisdakik.com\/?s={search_term_string}"},"query-input":{"@type":"PropertyValueSpecification","valueRequired":true,"valueName":"search_term_string"}}],"inLanguage":"tr"},{"@type":"Person","@id":"https:\/\/kibrisdakik.com\/#\/schema\/person\/9cd9d437bbb44f72b73ba127e06d8e79","name":"admin","image":{"@type":"ImageObject","inLanguage":"tr","@id":"https:\/\/secure.gravatar.com\/avatar\/ccc17943b9d660506c869530f897617f7cb1c21a4bf30023f252596d83e1f007?s=96&d=mm&r=g","url":"https:\/\/secure.gravatar.com\/avatar\/ccc17943b9d660506c869530f897617f7cb1c21a4bf30023f252596d83e1f007?s=96&d=mm&r=g","contentUrl":"https:\/\/secure.gravatar.com\/avatar\/ccc17943b9d660506c869530f897617f7cb1c21a4bf30023f252596d83e1f007?s=96&d=mm&r=g","caption":"admin"},"sameAs":["https:\/\/kibrisdakik.com"],"url":"https:\/\/kibrisdakik.com\/?author=1"}]}},"_links":{"self":[{"href":"https:\/\/kibrisdakik.com\/index.php?rest_route=\/wp\/v2\/posts\/19625","targetHints":{"allow":["GET"]}}],"collection":[{"href":"https:\/\/kibrisdakik.com\/index.php?rest_route=\/wp\/v2\/posts"}],"about":[{"href":"https:\/\/kibrisdakik.com\/index.php?rest_route=\/wp\/v2\/types\/post"}],"author":[{"embeddable":true,"href":"https:\/\/kibrisdakik.com\/index.php?rest_route=\/wp\/v2\/users\/1"}],"replies":[{"embeddable":true,"href":"https:\/\/kibrisdakik.com\/index.php?rest_route=%2Fwp%2Fv2%2Fcomments&post=19625"}],"version-history":[{"count":0,"href":"https:\/\/kibrisdakik.com\/index.php?rest_route=\/wp\/v2\/posts\/19625\/revisions"}],"wp:featuredmedia":[{"embeddable":true,"href":"https:\/\/kibrisdakik.com\/index.php?rest_route=\/wp\/v2\/media\/19626"}],"wp:attachment":[{"href":"https:\/\/kibrisdakik.com\/index.php?rest_route=%2Fwp%2Fv2%2Fmedia&parent=19625"}],"wp:term":[{"taxonomy":"category","embeddable":true,"href":"https:\/\/kibrisdakik.com\/index.php?rest_route=%2Fwp%2Fv2%2Fcategories&post=19625"},{"taxonomy":"post_tag","embeddable":true,"href":"https:\/\/kibrisdakik.com\/index.php?rest_route=%2Fwp%2Fv2%2Ftags&post=19625"}],"curies":[{"name":"wp","href":"https:\/\/api.w.org\/{rel}","templated":true}]}}