{"id":19671,"date":"2023-11-22T16:01:13","date_gmt":"2023-11-22T16:01:13","guid":{"rendered":"https:\/\/kibrisdakik.com\/index.php\/2023\/11\/22\/bakan-gardiyanoglu-kamusen-kadin-ve-cocuk-haklari-komitesi-uyelerini-kabul-etti\/"},"modified":"2023-11-22T16:01:13","modified_gmt":"2023-11-22T16:01:13","slug":"bakan-gardiyanoglu-kamusen-kadin-ve-cocuk-haklari-komitesi-uyelerini-kabul-etti","status":"publish","type":"post","link":"https:\/\/kibrisdakik.com\/?p=19671","title":{"rendered":"Bakan Gardiyano\u011flu, Kamusen Kad\u0131n ve \u00c7ocuk Haklar\u0131 Komitesi \u00fcyelerini kabul etti"},"content":{"rendered":"<p><img decoding=\"async\" src=\"https:\/\/www.kibristurk.com\/images\/haberler\/2023\/11\/bakan-gardiyanoglu-kamusen-kadin-ve-cocuk-haklari-komitesi-uyelerini-kabul-etti-1700665977.webp\" \/><\/p>\n<p>\u00c7al\u0131\u015fma ve Sosyal G\u00fcvenlik Bakan\u0131 Sad\u0131k Gardiyano\u011flu, Seher G\u00fcne\u015f ba\u015fkanl\u0131\u011f\u0131ndaki Kamusen Kad\u0131n ve \u00c7ocuk Haklar\u0131 Komitesi \u00fcyelerini kabul etti. Kabulde Sosyal Hizmetler Dairesi M\u00fcd\u00fcr\u00fc Alev Ecevit de haz\u0131r bulundu.&nbsp;<\/p>\n<p>Bakanl\u0131ktan yap\u0131lan a\u00e7\u0131klamaya g\u00f6re, \u00c7al\u0131\u015fma ve Sosyal G\u00fcvenlik Bakan\u0131 Sad\u0131k Gardiyano\u011flu da konu\u015fmas\u0131nda,&nbsp; 21. y\u00fczy\u0131lda halen kad\u0131na \u015fiddetin konu\u015fulmas\u0131n\u0131 bir z\u00fcl olarak g\u00f6rd\u00fc\u011f\u00fcn\u00fc s\u00f6yledi.&nbsp;<\/p>\n<p>&#8220;Kad\u0131nlar bizim e\u015fimiz de\u011fil e\u015fitimizdir&#8221; \u015feklinde konu\u015fan Gardiyano\u011flu, Bakanl\u0131k ile K.T. Barolar Birli\u011fi aras\u0131nda imzalanan adli yard\u0131m protokol\u00fcnde sivil toplum \u00f6rg\u00fctlerine yapt\u0131\u011f\u0131 \u00e7a\u011fr\u0131y\u0131 bir kez daha yineleyerek,&nbsp; KAMUSEN Kad\u0131n Haklar\u0131 Komitesi&nbsp; ba\u015fta olmak \u00fczere payda\u015f \u00f6rg\u00fctleri kad\u0131na y\u00f6nelik \u015fiddetle m\u00fccadelede&nbsp;&nbsp;&nbsp; Sosyal Hizmetler Dairesi ile birlikte&nbsp; i\u015f birli\u011fi yapmaya ve sorunun temeline inmeye davet etti.&nbsp;<\/p>\n<p>Sosyal Hizmetler Dairesi\u2019ne ihbar olarak gelen \u015fikayetlerin say\u0131s\u0131na ve adli yard\u0131m deste\u011fi i\u00e7in ba\u015fvuran kad\u0131nlar\u0131n istatisti\u011fine bak\u0131ld\u0131\u011f\u0131nda \u00f6zellikle pandemiden sonra&nbsp; ciddi bir art\u0131\u015f oldu\u011funa dikkat \u00e7eken Gardiyano\u011flu, ya\u015fanan art\u0131\u015f\u0131n&nbsp; bug\u00fcne kadar&nbsp; \u015fiddetle m\u00fccadele etmek i\u00e7in uygulanan politikalar\u0131n s\u00fcrd\u00fcr\u00fclebilir olmad\u0131\u011f\u0131n\u0131n bir g\u00f6stergesi oldu\u011funu s\u00f6yledi.&nbsp;<\/p>\n<p>Kad\u0131na y\u00f6nelik \u015fiddetle m\u00fccadelede yasa yapman\u0131n de\u011fil yap\u0131lan yasal d\u00fczenlemeleri somut \u015fekilde hayata ge\u00e7irmenin \u00f6nemine vurgu yapan Gardiyano\u011flu, sorunun temeline inilmesi ve do\u011fru te\u015fhis konulmas\u0131 gerekti\u011fini belirtti.&nbsp;<\/p>\n<p>Aksi takdirde her y\u0131l 25 Kas\u0131m\u2019da ayn\u0131 s\u00f6ylemlerin yinelenece\u011fini dile getiren Gardiyano\u011flu, \u201cBir e\u015f, bir evlat bir birey olarak payda\u015f \u00f6rg\u00fctlerimize a\u00e7\u0131k \u00e7a\u011fr\u0131md\u0131r. Gelin bilgi, birikim ve verilerimizi masaya koyal\u0131m. Strateji eylem planlar\u0131, s\u00fcsl\u00fc kelimelerle \u00e7al\u0131\u015ftaylarda, kad\u0131na y\u00f6nelik \u015fiddetle m\u00fccadele sloganlarda,&nbsp; ilgili yasalar Meclisin tozlu raflar\u0131nda kalmas\u0131n. Te\u015fhisi do\u011fru koyup soruna ne\u015fter vural\u0131m.&#8221; \u015feklinde konu\u015ftu.&nbsp;<\/p>\n<p>-G\u00fcne\u015f&nbsp;<\/p>\n<p>Komite Ba\u015fkan\u0131 Seher G\u00fcne\u015f kabulde yapt\u0131\u011f\u0131 konu\u015fmada,&nbsp; 25 Kas\u0131m Kad\u0131na Y\u00f6nelik \u015eiddetle M\u00fccadele Haftas\u0131\u2019nda KAMUSEN Kad\u0131n ve \u00c7ocuk Haklar\u0131 Komitesi&nbsp; olarak&nbsp; Bakan Gardiyano\u011flu\u2019nu ziyaret ederek kad\u0131na y\u00f6nelik \u015fiddetle m\u00fccadele ile ilgili \u00f6nerilerini iletmek istediklerini s\u00f6yledi.&nbsp;<\/p>\n<p>Kad\u0131nlar\u0131n d\u00fcnyan\u0131n her yerinde fiziksel, ekonomik ve&nbsp; psikolojik \u015fiddete maruz kald\u0131\u011f\u0131n\u0131 belirten G\u00fcne\u015f, Toplumsal Cinsiyet E\u015fitli\u011fi dersinin m\u00fcfredata dahil edilmesiyle, \u00e7ocuk ve gen\u00e7lerin okul \u00e7a\u011f\u0131ndan itibaren toplumsal cinsiyet e\u015fitli\u011fini benimsemesinin \u00f6nemine vurgu yapt\u0131.&nbsp;<\/p>\n<p>Kad\u0131n\u0131n\u0131n \u015fiddetten korunmas\u0131n\u0131n&nbsp; bir devlet politikas\u0131 olmas\u0131 gerekti\u011fini dile getiren G\u00fcne\u015f,&nbsp; devletin yasal d\u00fczenlemeler yap\u0131p \u00f6nlemler almas\u0131n\u0131n yan\u0131nda&nbsp; cayd\u0131r\u0131c\u0131 yapt\u0131r\u0131mlar da uygulamas\u0131 gerekti\u011fini, kad\u0131n\u0131n \u015fiddete maruz kalmas\u0131n\u0131n hafifletici bir sebebinin olamayaca\u011f\u0131n\u0131 s\u00f6yledi.&nbsp;<\/p>\n<p>Uluslararas\u0131 \u00c7al\u0131\u015fma \u00d6rg\u00fct\u00fc (\u0130LO) taraf\u0131ndan kabul edilen&nbsp; \u2018\u2018\u0130LO 190 \u0130\u015f Yerinde \u015eiddet ve Tacizi \u00d6nleme&nbsp; S\u00f6zle\u015fmesi\u2019\u2019ni yasa \u00f6nerisi olarak Bakan Gardiyano\u011flu\u2019na sunan G\u00fcne\u015f,&nbsp; s\u00f6zle\u015fmenin onaylanarak yasalla\u015fmas\u0131n\u0131n gerek kamuda gerekse \u00f6zel sekt\u00f6rde \u00e7al\u0131\u015fan&nbsp; kad\u0131nlar\u0131n&nbsp; \u015fiddete maruz kalmas\u0131n\u0131 engellemek i\u00e7in \u00f6nemli bir ad\u0131m olaca\u011f\u0131n\u0131 kaydetti.&nbsp;<\/p>\n<p>&nbsp;<\/p>\n","protected":false},"excerpt":{"rendered":"<p>\u00c7al\u0131\u015fma ve Sosyal G\u00fcvenlik Bakan\u0131 Sad\u0131k Gardiyano\u011flu, Seher G\u00fcne\u015f ba\u015fkanl\u0131\u011f\u0131ndaki Kamusen Kad\u0131n ve \u00c7ocuk Haklar\u0131 Komitesi \u00fcyelerini kabul etti. Kabulde Sosyal Hizmetler Dairesi M\u00fcd\u00fcr\u00fc Alev Ecevit de haz\u0131r bulundu.&nbsp; Bakanl\u0131ktan yap\u0131lan a\u00e7\u0131klamaya g\u00f6re, \u00c7al\u0131\u015fma ve Sosyal G\u00fcvenlik Bakan\u0131 Sad\u0131k Gardiyano\u011flu da konu\u015fmas\u0131nda,&nbsp; 21. y\u00fczy\u0131lda halen kad\u0131na \u015fiddetin konu\u015fulmas\u0131n\u0131 bir z\u00fcl olarak g\u00f6rd\u00fc\u011f\u00fcn\u00fc s\u00f6yledi.&nbsp; &#8220;Kad\u0131nlar bizim<\/p>\n","protected":false},"author":1,"featured_media":19672,"comment_status":"open","ping_status":"open","sticky":false,"template":"","format":"standard","meta":{"footnotes":""},"categories":[1],"tags":[],"class_list":["post-19671","post","type-post","status-publish","format-standard","has-post-thumbnail","hentry","category-gundem"],"yoast_head":"<!-- This site is optimized with the Yoast SEO plugin v27.5 - https:\/\/yoast.com\/product\/yoast-seo-wordpress\/ -->\n<title>Bakan Gardiyano\u011flu, Kamusen Kad\u0131n ve \u00c7ocuk Haklar\u0131 Komitesi \u00fcyelerini kabul etti -<\/title>\n<meta name=\"robots\" content=\"index, follow, max-snippet:-1, max-image-preview:large, max-video-preview:-1\" \/>\n<link rel=\"canonical\" href=\"https:\/\/kibrisdakik.com\/?p=19671\" \/>\n<meta property=\"og:locale\" content=\"tr_TR\" \/>\n<meta property=\"og:type\" content=\"article\" \/>\n<meta property=\"og:title\" content=\"Bakan Gardiyano\u011flu, Kamusen Kad\u0131n ve \u00c7ocuk Haklar\u0131 Komitesi \u00fcyelerini kabul etti -\" \/>\n<meta property=\"og:description\" content=\"\u00c7al\u0131\u015fma ve Sosyal G\u00fcvenlik Bakan\u0131 Sad\u0131k Gardiyano\u011flu, Seher G\u00fcne\u015f ba\u015fkanl\u0131\u011f\u0131ndaki Kamusen Kad\u0131n ve \u00c7ocuk Haklar\u0131 Komitesi \u00fcyelerini kabul etti. Kabulde Sosyal Hizmetler Dairesi M\u00fcd\u00fcr\u00fc Alev Ecevit de haz\u0131r bulundu.&nbsp; Bakanl\u0131ktan yap\u0131lan a\u00e7\u0131klamaya g\u00f6re, \u00c7al\u0131\u015fma ve Sosyal G\u00fcvenlik Bakan\u0131 Sad\u0131k Gardiyano\u011flu da konu\u015fmas\u0131nda,&nbsp; 21. y\u00fczy\u0131lda halen kad\u0131na \u015fiddetin konu\u015fulmas\u0131n\u0131 bir z\u00fcl olarak g\u00f6rd\u00fc\u011f\u00fcn\u00fc s\u00f6yledi.&nbsp; &#8220;Kad\u0131nlar bizim\" \/>\n<meta property=\"og:url\" content=\"https:\/\/kibrisdakik.com\/?p=19671\" \/>\n<meta property=\"article:published_time\" content=\"2023-11-22T16:01:13+00:00\" \/>\n<meta property=\"og:image\" content=\"https:\/\/kibrisdakik.com\/wp-content\/uploads\/2023\/11\/bakan-gardiyanoglu-kamusen-kadin-ve-cocuk-haklari-komitesi-uyelerini-kabul-etti-1700665977.webp.webp\" \/>\n\t<meta property=\"og:image:width\" content=\"710\" \/>\n\t<meta property=\"og:image:height\" content=\"370\" \/>\n\t<meta property=\"og:image:type\" content=\"image\/webp\" \/>\n<meta name=\"author\" content=\"admin\" \/>\n<meta name=\"twitter:card\" content=\"summary_large_image\" \/>\n<meta name=\"twitter:label1\" content=\"Yazan:\" \/>\n\t<meta name=\"twitter:data1\" content=\"admin\" \/>\n\t<meta name=\"twitter:label2\" content=\"Tahmini okuma s\u00fcresi\" \/>\n\t<meta name=\"twitter:data2\" content=\"3 dakika\" \/>\n<script type=\"application\/ld+json\" class=\"yoast-schema-graph\">{\"@context\":\"https:\\\/\\\/schema.org\",\"@graph\":[{\"@type\":\"Article\",\"@id\":\"https:\\\/\\\/kibrisdakik.com\\\/?p=19671#article\",\"isPartOf\":{\"@id\":\"https:\\\/\\\/kibrisdakik.com\\\/?p=19671\"},\"author\":{\"name\":\"admin\",\"@id\":\"https:\\\/\\\/kibrisdakik.com\\\/#\\\/schema\\\/person\\\/9cd9d437bbb44f72b73ba127e06d8e79\"},\"headline\":\"Bakan Gardiyano\u011flu, Kamusen Kad\u0131n ve \u00c7ocuk Haklar\u0131 Komitesi \u00fcyelerini kabul etti\",\"datePublished\":\"2023-11-22T16:01:13+00:00\",\"mainEntityOfPage\":{\"@id\":\"https:\\\/\\\/kibrisdakik.com\\\/?p=19671\"},\"wordCount\":609,\"commentCount\":0,\"image\":{\"@id\":\"https:\\\/\\\/kibrisdakik.com\\\/?p=19671#primaryimage\"},\"thumbnailUrl\":\"https:\\\/\\\/kibrisdakik.com\\\/wp-content\\\/uploads\\\/2023\\\/11\\\/bakan-gardiyanoglu-kamusen-kadin-ve-cocuk-haklari-komitesi-uyelerini-kabul-etti-1700665977.webp.webp\",\"articleSection\":[\"G\u00fcndem\"],\"inLanguage\":\"tr\",\"potentialAction\":[{\"@type\":\"CommentAction\",\"name\":\"Comment\",\"target\":[\"https:\\\/\\\/kibrisdakik.com\\\/?p=19671#respond\"]}]},{\"@type\":\"WebPage\",\"@id\":\"https:\\\/\\\/kibrisdakik.com\\\/?p=19671\",\"url\":\"https:\\\/\\\/kibrisdakik.com\\\/?p=19671\",\"name\":\"Bakan Gardiyano\u011flu, Kamusen Kad\u0131n ve \u00c7ocuk Haklar\u0131 Komitesi \u00fcyelerini kabul etti -\",\"isPartOf\":{\"@id\":\"https:\\\/\\\/kibrisdakik.com\\\/#website\"},\"primaryImageOfPage\":{\"@id\":\"https:\\\/\\\/kibrisdakik.com\\\/?p=19671#primaryimage\"},\"image\":{\"@id\":\"https:\\\/\\\/kibrisdakik.com\\\/?p=19671#primaryimage\"},\"thumbnailUrl\":\"https:\\\/\\\/kibrisdakik.com\\\/wp-content\\\/uploads\\\/2023\\\/11\\\/bakan-gardiyanoglu-kamusen-kadin-ve-cocuk-haklari-komitesi-uyelerini-kabul-etti-1700665977.webp.webp\",\"datePublished\":\"2023-11-22T16:01:13+00:00\",\"author\":{\"@id\":\"https:\\\/\\\/kibrisdakik.com\\\/#\\\/schema\\\/person\\\/9cd9d437bbb44f72b73ba127e06d8e79\"},\"breadcrumb\":{\"@id\":\"https:\\\/\\\/kibrisdakik.com\\\/?p=19671#breadcrumb\"},\"inLanguage\":\"tr\",\"potentialAction\":[{\"@type\":\"ReadAction\",\"target\":[\"https:\\\/\\\/kibrisdakik.com\\\/?p=19671\"]}]},{\"@type\":\"ImageObject\",\"inLanguage\":\"tr\",\"@id\":\"https:\\\/\\\/kibrisdakik.com\\\/?p=19671#primaryimage\",\"url\":\"https:\\\/\\\/kibrisdakik.com\\\/wp-content\\\/uploads\\\/2023\\\/11\\\/bakan-gardiyanoglu-kamusen-kadin-ve-cocuk-haklari-komitesi-uyelerini-kabul-etti-1700665977.webp.webp\",\"contentUrl\":\"https:\\\/\\\/kibrisdakik.com\\\/wp-content\\\/uploads\\\/2023\\\/11\\\/bakan-gardiyanoglu-kamusen-kadin-ve-cocuk-haklari-komitesi-uyelerini-kabul-etti-1700665977.webp.webp\",\"width\":710,\"height\":370},{\"@type\":\"BreadcrumbList\",\"@id\":\"https:\\\/\\\/kibrisdakik.com\\\/?p=19671#breadcrumb\",\"itemListElement\":[{\"@type\":\"ListItem\",\"position\":1,\"name\":\"Home\",\"item\":\"https:\\\/\\\/kibrisdakik.com\\\/\"},{\"@type\":\"ListItem\",\"position\":2,\"name\":\"Bakan Gardiyano\u011flu, Kamusen Kad\u0131n ve \u00c7ocuk Haklar\u0131 Komitesi \u00fcyelerini kabul etti\"}]},{\"@type\":\"WebSite\",\"@id\":\"https:\\\/\\\/kibrisdakik.com\\\/#website\",\"url\":\"https:\\\/\\\/kibrisdakik.com\\\/\",\"name\":\"\",\"description\":\"Tam vaktinde haber\",\"potentialAction\":[{\"@type\":\"SearchAction\",\"target\":{\"@type\":\"EntryPoint\",\"urlTemplate\":\"https:\\\/\\\/kibrisdakik.com\\\/?s={search_term_string}\"},\"query-input\":{\"@type\":\"PropertyValueSpecification\",\"valueRequired\":true,\"valueName\":\"search_term_string\"}}],\"inLanguage\":\"tr\"},{\"@type\":\"Person\",\"@id\":\"https:\\\/\\\/kibrisdakik.com\\\/#\\\/schema\\\/person\\\/9cd9d437bbb44f72b73ba127e06d8e79\",\"name\":\"admin\",\"image\":{\"@type\":\"ImageObject\",\"inLanguage\":\"tr\",\"@id\":\"https:\\\/\\\/secure.gravatar.com\\\/avatar\\\/ccc17943b9d660506c869530f897617f7cb1c21a4bf30023f252596d83e1f007?s=96&d=mm&r=g\",\"url\":\"https:\\\/\\\/secure.gravatar.com\\\/avatar\\\/ccc17943b9d660506c869530f897617f7cb1c21a4bf30023f252596d83e1f007?s=96&d=mm&r=g\",\"contentUrl\":\"https:\\\/\\\/secure.gravatar.com\\\/avatar\\\/ccc17943b9d660506c869530f897617f7cb1c21a4bf30023f252596d83e1f007?s=96&d=mm&r=g\",\"caption\":\"admin\"},\"sameAs\":[\"https:\\\/\\\/kibrisdakik.com\"],\"url\":\"https:\\\/\\\/kibrisdakik.com\\\/?author=1\"}]}<\/script>\n<!-- \/ Yoast SEO plugin. -->","yoast_head_json":{"title":"Bakan Gardiyano\u011flu, Kamusen Kad\u0131n ve \u00c7ocuk Haklar\u0131 Komitesi \u00fcyelerini kabul etti -","robots":{"index":"index","follow":"follow","max-snippet":"max-snippet:-1","max-image-preview":"max-image-preview:large","max-video-preview":"max-video-preview:-1"},"canonical":"https:\/\/kibrisdakik.com\/?p=19671","og_locale":"tr_TR","og_type":"article","og_title":"Bakan Gardiyano\u011flu, Kamusen Kad\u0131n ve \u00c7ocuk Haklar\u0131 Komitesi \u00fcyelerini kabul etti -","og_description":"\u00c7al\u0131\u015fma ve Sosyal G\u00fcvenlik Bakan\u0131 Sad\u0131k Gardiyano\u011flu, Seher G\u00fcne\u015f ba\u015fkanl\u0131\u011f\u0131ndaki Kamusen Kad\u0131n ve \u00c7ocuk Haklar\u0131 Komitesi \u00fcyelerini kabul etti. Kabulde Sosyal Hizmetler Dairesi M\u00fcd\u00fcr\u00fc Alev Ecevit de haz\u0131r bulundu.&nbsp; Bakanl\u0131ktan yap\u0131lan a\u00e7\u0131klamaya g\u00f6re, \u00c7al\u0131\u015fma ve Sosyal G\u00fcvenlik Bakan\u0131 Sad\u0131k Gardiyano\u011flu da konu\u015fmas\u0131nda,&nbsp; 21. y\u00fczy\u0131lda halen kad\u0131na \u015fiddetin konu\u015fulmas\u0131n\u0131 bir z\u00fcl olarak g\u00f6rd\u00fc\u011f\u00fcn\u00fc s\u00f6yledi.&nbsp; &#8220;Kad\u0131nlar bizim","og_url":"https:\/\/kibrisdakik.com\/?p=19671","article_published_time":"2023-11-22T16:01:13+00:00","og_image":[{"width":710,"height":370,"url":"https:\/\/kibrisdakik.com\/wp-content\/uploads\/2023\/11\/bakan-gardiyanoglu-kamusen-kadin-ve-cocuk-haklari-komitesi-uyelerini-kabul-etti-1700665977.webp.webp","type":"image\/webp"}],"author":"admin","twitter_card":"summary_large_image","twitter_misc":{"Yazan:":"admin","Tahmini okuma s\u00fcresi":"3 dakika"},"schema":{"@context":"https:\/\/schema.org","@graph":[{"@type":"Article","@id":"https:\/\/kibrisdakik.com\/?p=19671#article","isPartOf":{"@id":"https:\/\/kibrisdakik.com\/?p=19671"},"author":{"name":"admin","@id":"https:\/\/kibrisdakik.com\/#\/schema\/person\/9cd9d437bbb44f72b73ba127e06d8e79"},"headline":"Bakan Gardiyano\u011flu, Kamusen Kad\u0131n ve \u00c7ocuk Haklar\u0131 Komitesi \u00fcyelerini kabul etti","datePublished":"2023-11-22T16:01:13+00:00","mainEntityOfPage":{"@id":"https:\/\/kibrisdakik.com\/?p=19671"},"wordCount":609,"commentCount":0,"image":{"@id":"https:\/\/kibrisdakik.com\/?p=19671#primaryimage"},"thumbnailUrl":"https:\/\/kibrisdakik.com\/wp-content\/uploads\/2023\/11\/bakan-gardiyanoglu-kamusen-kadin-ve-cocuk-haklari-komitesi-uyelerini-kabul-etti-1700665977.webp.webp","articleSection":["G\u00fcndem"],"inLanguage":"tr","potentialAction":[{"@type":"CommentAction","name":"Comment","target":["https:\/\/kibrisdakik.com\/?p=19671#respond"]}]},{"@type":"WebPage","@id":"https:\/\/kibrisdakik.com\/?p=19671","url":"https:\/\/kibrisdakik.com\/?p=19671","name":"Bakan Gardiyano\u011flu, Kamusen Kad\u0131n ve \u00c7ocuk Haklar\u0131 Komitesi \u00fcyelerini kabul etti -","isPartOf":{"@id":"https:\/\/kibrisdakik.com\/#website"},"primaryImageOfPage":{"@id":"https:\/\/kibrisdakik.com\/?p=19671#primaryimage"},"image":{"@id":"https:\/\/kibrisdakik.com\/?p=19671#primaryimage"},"thumbnailUrl":"https:\/\/kibrisdakik.com\/wp-content\/uploads\/2023\/11\/bakan-gardiyanoglu-kamusen-kadin-ve-cocuk-haklari-komitesi-uyelerini-kabul-etti-1700665977.webp.webp","datePublished":"2023-11-22T16:01:13+00:00","author":{"@id":"https:\/\/kibrisdakik.com\/#\/schema\/person\/9cd9d437bbb44f72b73ba127e06d8e79"},"breadcrumb":{"@id":"https:\/\/kibrisdakik.com\/?p=19671#breadcrumb"},"inLanguage":"tr","potentialAction":[{"@type":"ReadAction","target":["https:\/\/kibrisdakik.com\/?p=19671"]}]},{"@type":"ImageObject","inLanguage":"tr","@id":"https:\/\/kibrisdakik.com\/?p=19671#primaryimage","url":"https:\/\/kibrisdakik.com\/wp-content\/uploads\/2023\/11\/bakan-gardiyanoglu-kamusen-kadin-ve-cocuk-haklari-komitesi-uyelerini-kabul-etti-1700665977.webp.webp","contentUrl":"https:\/\/kibrisdakik.com\/wp-content\/uploads\/2023\/11\/bakan-gardiyanoglu-kamusen-kadin-ve-cocuk-haklari-komitesi-uyelerini-kabul-etti-1700665977.webp.webp","width":710,"height":370},{"@type":"BreadcrumbList","@id":"https:\/\/kibrisdakik.com\/?p=19671#breadcrumb","itemListElement":[{"@type":"ListItem","position":1,"name":"Home","item":"https:\/\/kibrisdakik.com\/"},{"@type":"ListItem","position":2,"name":"Bakan Gardiyano\u011flu, Kamusen Kad\u0131n ve \u00c7ocuk Haklar\u0131 Komitesi \u00fcyelerini kabul etti"}]},{"@type":"WebSite","@id":"https:\/\/kibrisdakik.com\/#website","url":"https:\/\/kibrisdakik.com\/","name":"","description":"Tam vaktinde haber","potentialAction":[{"@type":"SearchAction","target":{"@type":"EntryPoint","urlTemplate":"https:\/\/kibrisdakik.com\/?s={search_term_string}"},"query-input":{"@type":"PropertyValueSpecification","valueRequired":true,"valueName":"search_term_string"}}],"inLanguage":"tr"},{"@type":"Person","@id":"https:\/\/kibrisdakik.com\/#\/schema\/person\/9cd9d437bbb44f72b73ba127e06d8e79","name":"admin","image":{"@type":"ImageObject","inLanguage":"tr","@id":"https:\/\/secure.gravatar.com\/avatar\/ccc17943b9d660506c869530f897617f7cb1c21a4bf30023f252596d83e1f007?s=96&d=mm&r=g","url":"https:\/\/secure.gravatar.com\/avatar\/ccc17943b9d660506c869530f897617f7cb1c21a4bf30023f252596d83e1f007?s=96&d=mm&r=g","contentUrl":"https:\/\/secure.gravatar.com\/avatar\/ccc17943b9d660506c869530f897617f7cb1c21a4bf30023f252596d83e1f007?s=96&d=mm&r=g","caption":"admin"},"sameAs":["https:\/\/kibrisdakik.com"],"url":"https:\/\/kibrisdakik.com\/?author=1"}]}},"_links":{"self":[{"href":"https:\/\/kibrisdakik.com\/index.php?rest_route=\/wp\/v2\/posts\/19671","targetHints":{"allow":["GET"]}}],"collection":[{"href":"https:\/\/kibrisdakik.com\/index.php?rest_route=\/wp\/v2\/posts"}],"about":[{"href":"https:\/\/kibrisdakik.com\/index.php?rest_route=\/wp\/v2\/types\/post"}],"author":[{"embeddable":true,"href":"https:\/\/kibrisdakik.com\/index.php?rest_route=\/wp\/v2\/users\/1"}],"replies":[{"embeddable":true,"href":"https:\/\/kibrisdakik.com\/index.php?rest_route=%2Fwp%2Fv2%2Fcomments&post=19671"}],"version-history":[{"count":0,"href":"https:\/\/kibrisdakik.com\/index.php?rest_route=\/wp\/v2\/posts\/19671\/revisions"}],"wp:featuredmedia":[{"embeddable":true,"href":"https:\/\/kibrisdakik.com\/index.php?rest_route=\/wp\/v2\/media\/19672"}],"wp:attachment":[{"href":"https:\/\/kibrisdakik.com\/index.php?rest_route=%2Fwp%2Fv2%2Fmedia&parent=19671"}],"wp:term":[{"taxonomy":"category","embeddable":true,"href":"https:\/\/kibrisdakik.com\/index.php?rest_route=%2Fwp%2Fv2%2Fcategories&post=19671"},{"taxonomy":"post_tag","embeddable":true,"href":"https:\/\/kibrisdakik.com\/index.php?rest_route=%2Fwp%2Fv2%2Ftags&post=19671"}],"curies":[{"name":"wp","href":"https:\/\/api.w.org\/{rel}","templated":true}]}}