{"id":19769,"date":"2023-11-23T13:22:59","date_gmt":"2023-11-23T13:22:59","guid":{"rendered":"https:\/\/kibrisdakik.com\/index.php\/2023\/11\/23\/genel-kurulda-yabancilara-mal-satisi-konusu-konusuldu\/"},"modified":"2023-11-23T13:22:59","modified_gmt":"2023-11-23T13:22:59","slug":"genel-kurulda-yabancilara-mal-satisi-konusu-konusuldu","status":"publish","type":"post","link":"https:\/\/kibrisdakik.com\/?p=19769","title":{"rendered":"Genel Kurul&#039;da yabanc\u0131lara mal sat\u0131\u015f\u0131 konusu konu\u015fuldu"},"content":{"rendered":"<p><img decoding=\"async\" src=\"https:\/\/www.kibristurk.com\/images\/haberler\/2023\/11\/genel-kurulda-yabancilara-mal-satisi-konusu-konusuldu-1700745345.webp\" \/><\/p>\n<p style=\"text-align:left\"><span style=\"font-size:14px\"><span style=\"font-family:Arial,Helvetica,sans-serif\"><span style=\"color:#000000\"><span style=\"background-color:#ffffff\"><span style=\"color:#000000 !important\">\u0130lk olarak CTP Genel Ba\u015fkan\u0131 Tufan Erh\u00fcrman, 62. madde taht\u0131nda \u201cm\u00fclkiyet\u201d ile ilgili konu\u015fmak \u00fczere s\u00f6z ald\u0131.<\/span><\/span><\/span><\/span><\/span><\/p>\n<p style=\"text-align:left\"><span style=\"font-size:14px\"><span style=\"font-family:Arial,Helvetica,sans-serif\"><span style=\"color:#000000\"><span style=\"background-color:#ffffff\"><span style=\"color:#000000 !important\">Erh\u00fcrman, CTP milletvekillerinin uzun s\u00fcredir m\u00fclkiyet ile ilgili sorunlar\u0131 s\u00fcrekli g\u00fcndeme getirdi\u011fini s\u00f6yleyerek, n\u00fcfus politikas\u0131n\u0131n \u00f6nemine i\u015faret ettiklerini belirtti.<\/span><\/span><\/span><\/span><\/span><\/p>\n<p style=\"text-align:left\"><span style=\"font-size:14px\"><span style=\"font-family:Arial,Helvetica,sans-serif\"><span style=\"color:#000000\"><span style=\"background-color:#ffffff\">M\u00fclkiyet ile ilgili d\u0131\u015far\u0131dan \u00e7e\u015fitli iddialar ba\u015flad\u0131\u011f\u0131n\u0131 s\u00f6yleyen Er<span style=\"color:#000000 !important\">h\u00fcrman, \u201cBug\u00fcn \u00fclkedeki gazetelerin \u00f6n sayfas\u0131nda bu konu var. Sanki bu konu ilk defa duyuldu\u201d dedi.<\/span><\/span><\/span><\/span><\/span><\/p>\n<p style=\"text-align:left\"><span style=\"font-size:14px\"><span style=\"font-family:Arial,Helvetica,sans-serif\"><span style=\"color:#000000\"><span style=\"background-color:#ffffff\"><span style=\"color:#000000 !important\">T\u00fcrkiye Cumhuriyeti\u2019nde KKTC ile ilgili pek \u00e7ok iddialar\u0131n g\u00fcndeme geldi\u011fini, meselenin \u0130srail \u00fczerinden de an\u0131ld\u0131\u011f\u0131n\u0131, Avrupa\u2019da ise Ruslar, G\u00fcneyde ise \u0130ranl\u0131lar \u00fczerinden konunun g\u00fcndeme geldi\u011fini s\u00f6yleyen Erh\u00fcrman, bunun d\u0131\u015f\u0131nda \u201ckara para\u201d konusunun da tart\u0131\u015f\u0131ld\u0131\u011f\u0131n\u0131 belirtti.<\/span><\/span><\/span><\/span><\/span><\/p>\n<p style=\"text-align:left\"><span style=\"font-size:14px\"><span style=\"font-family:Arial,Helvetica,sans-serif\"><span style=\"color:#000000\"><span style=\"background-color:#ffffff\"><span style=\"color:#000000 !important\">T\u00fcm sekt\u00f6rler \u00fczerinde bask\u0131n\u0131n ba\u015flad\u0131\u011f\u0131n\u0131 s\u00f6yleyen Erh\u00fcrman, \u201c\u015eimdi bu noktadan sonra ay\u0131klay\u0131n pirincin ta\u015f\u0131n\u0131\u201d dedi.<\/span><\/span><\/span><\/span><\/span><\/p>\n<p style=\"text-align:left\"><span style=\"font-size:14px\"><span style=\"font-family:Arial,Helvetica,sans-serif\"><span style=\"color:#000000\"><span style=\"background-color:#ffffff\"><span style=\"color:#000000 !important\">Erh\u00fcrman, \u015fu ana kadar Ba\u015fbakanl\u0131k ve \u0130\u00e7i\u015fleri Bakanl\u0131\u011f\u0131\u2019ndan bu konuda hi\u00e7bir \u015fey duyulmad\u0131\u011f\u0131n\u0131, \u201c\u00e7al\u0131\u015fmalar yap\u0131ld\u0131\u011f\u0131n\u0131n s\u00f6ylendi\u011fini\u201d savundu.<\/span><\/span><\/span><\/span><\/span><\/p>\n<p style=\"text-align:left\"><span style=\"font-size:14px\"><span style=\"font-family:Arial,Helvetica,sans-serif\"><span style=\"color:#000000\"><span style=\"background-color:#ffffff\"><span style=\"color:#000000 !important\">The Guardian gazetesinde yay\u0131mlanan habere at\u0131fta bulunan Erh\u00fcrman, haberde 30 bin \u00fczeri Rus\u2019un son bir y\u0131lda \u00fclkede ya\u015famaya ba\u015flad\u0131\u011f\u0131n\u0131n yer ald\u0131\u011f\u0131n\u0131 s\u00f6yleyerek, \u201cPeki ka\u00e7 \u0130ranl\u0131, Alman, Kazak var? N\u00fcfusumuz ka\u00e7?\u201d diye sordu.<\/span><\/span><\/span><\/span><\/span><\/p>\n<p style=\"text-align:left\"><span style=\"font-size:14px\"><span style=\"font-family:Arial,Helvetica,sans-serif\"><span style=\"color:#000000\"><span style=\"background-color:#ffffff\"><span style=\"color:#000000 !important\">Erh\u00fcrman, \u00fclkenin sosyal, k\u00fclt\u00fcrel, altyap\u0131, \u00e7evre olarak b\u00f6yle bir n\u00fcfusun alt\u0131ndan nas\u0131l kalkabilece\u011fini sorarak, \u00fclkeyi y\u00f6netenlerin ne yapt\u0131\u011f\u0131n\u0131 sordu.<\/span><\/span><\/span><\/span><\/span><\/p>\n<p style=\"text-align:left\"><span style=\"font-size:14px\"><span style=\"font-family:Arial,Helvetica,sans-serif\"><span style=\"color:#000000\"><span style=\"background-color:#ffffff\"><span style=\"color:#000000 !important\">\u201c\u0130\u00e7inde bulundu\u011fumuz an \u00e7ocuklar\u0131m\u0131z\u0131n hayatlar\u0131ndan \u00e7ald\u0131\u011f\u0131m\u0131z and\u0131r\u201d diyen Erh\u00fcrman, okul, hastane, hapishane hi\u00e7birinin yeterli olmayaca\u011f\u0131n\u0131, \u00e7ocuklar\u0131n gelecekte gettolarda ya\u015fayaca\u011f\u0131n\u0131 savundu.<\/span><\/span><\/span><\/span><\/span><\/p>\n<p style=\"text-align:left\"><span style=\"font-size:14px\"><span style=\"font-family:Arial,Helvetica,sans-serif\"><span style=\"color:#000000\"><span style=\"background-color:#ffffff\"><span style=\"color:#000000 !important\">-O\u011fuz<\/span><\/span><\/span><\/span><\/span><\/p>\n<p style=\"text-align:left\"><span style=\"font-size:14px\"><span style=\"font-family:Arial,Helvetica,sans-serif\"><span style=\"color:#000000\"><span style=\"background-color:#ffffff\"><span style=\"color:#000000 !important\">\u0130\u00e7i\u015fleri Bakan\u0131 Dursun O\u011fuz, yabanc\u0131lar\u0131n mal al\u0131m\u0131 ve emlak\u00e7\u0131larla ilgili iki yasa tasar\u0131s\u0131n\u0131n haz\u0131rlanmakta oldu\u011funu belirtti.<\/span><\/span><\/span><\/span><\/span><\/p>\n<p style=\"text-align:left\"><span style=\"font-size:14px\"><span style=\"font-family:Arial,Helvetica,sans-serif\"><span style=\"color:#000000\"><span style=\"background-color:#ffffff\"><span style=\"color:#000000 !important\">\u00dclkenin gelece\u011fini d\u00fc\u015f\u00fcnmek zorunda olduklar\u0131n\u0131 s\u00f6yleyen O\u011fuz, yabanc\u0131lar\u0131n mal al\u0131m\u0131 ile ilgili belli k\u0131s\u0131tlamalara gidilece\u011fini kaydetti.<\/span><\/span><\/span><\/span><\/span><\/p>\n<p style=\"text-align:left\"><span style=\"font-size:14px\"><span style=\"font-family:Arial,Helvetica,sans-serif\"><span style=\"color:#000000\"><span style=\"background-color:#ffffff\"><span style=\"color:#000000 !important\">O\u011fuz, s\u00f6zle\u015fmelerin say\u0131lar\u0131n\u0131n son 5 y\u0131lda artt\u0131\u011f\u0131n\u0131, yabanc\u0131lara mal izni i\u00e7in yakla\u015f\u0131k 14 bin Bakanlar Kurulu karar\u0131 \u00e7\u0131kt\u0131\u011f\u0131n\u0131 dile getirerek, yakla\u015f\u0131k be\u015f binin ko\u00e7ana gitti\u011fini s\u00f6yledi.<\/span><\/span><\/span><\/span><\/span><\/p>\n<p style=\"text-align:left\"><span style=\"font-size:14px\"><span style=\"font-family:Arial,Helvetica,sans-serif\"><span style=\"color:#000000\"><span style=\"background-color:#ffffff\"><span style=\"color:#000000 !important\">Bakanlar Kurulu\u2019ndan ge\u00e7ip ko\u00e7ana gitmeme noktas\u0131nda sorun oldu\u011funu yasa tasar\u0131s\u0131nda ko\u00e7ana gitmeyenlerle ilgili iptal karar\u0131 al\u0131naca\u011f\u0131n\u0131, yabanc\u0131lar ve yabanc\u0131 \u015firketlerle ilgili de kurallar gelece\u011fini belirten O\u011fuz, yabanc\u0131lar\u0131n yap-sat konusunda faaliyetine yasak gelece\u011fini kaydetti.<\/span><\/span><\/span><\/span><\/span><\/p>\n<p style=\"text-align:left\"><span style=\"font-size:14px\"><span style=\"font-family:Arial,Helvetica,sans-serif\"><span style=\"color:#000000\"><span style=\"background-color:#ffffff\"><span style=\"color:#000000 !important\">O\u011fuz, s\u00f6zle\u015fmelerle ilgili g\u00fcvenlik sorunu da bulundu\u011funu, kime sat\u0131ld\u0131\u011f\u0131yla ilgili sorun oldu\u011funu, d\u00fczenlemelerin i\u00e7inde bunun da yer alaca\u011f\u0131n\u0131 ifade etti.<\/span><\/span><\/span><\/span><\/span><\/p>\n<p style=\"text-align:left\"><span style=\"font-size:14px\"><span style=\"font-family:Arial,Helvetica,sans-serif\"><span style=\"color:#000000\"><span style=\"background-color:#ffffff\"><span style=\"color:#000000 !important\">\u00c7ok say\u0131da mal al\u0131nd\u0131\u011f\u0131yla ilgili duyumlar\u0131n oldu\u011funu dile getiren O\u011fuz, bunun da d\u00fczenlenece\u011fini kaydetti.<\/span><\/span><\/span><\/span><\/span><\/p>\n<p style=\"text-align:left\"><span style=\"font-size:14px\"><span style=\"font-family:Arial,Helvetica,sans-serif\"><span style=\"color:#000000\"><span style=\"background-color:#ffffff\"><span style=\"color:#000000 !important\">O\u011fuz, izinsiz ikametle ilgili sorunlar bulundu\u011funu, insan haklar\u0131 \u00e7er\u00e7evesinde yarg\u0131lanma haklar\u0131 bulundu\u011funu bu prosed\u00fcr\u00fcn h\u0131zlanmas\u0131 i\u00e7in \u00e7al\u0131\u015fmalar yap\u0131ld\u0131\u011f\u0131n\u0131 belirtti.<\/span><\/span><\/span><\/span><\/span><\/p>\n<p style=\"text-align:left\"><span style=\"font-size:14px\"><span style=\"font-family:Arial,Helvetica,sans-serif\"><span style=\"color:#000000\"><span style=\"background-color:#ffffff\"><span style=\"color:#000000 !important\">N\u00fcfus say\u0131m\u0131n\u0131n yap\u0131lmas\u0131 gerekti\u011fini dile getiren O\u011fuz, Mesarya\u2019yada \u015firketlerin ilgisi oldu\u011funu, tar\u0131m arazilerinin korunmas\u0131na y\u00f6nelik ortak \u00e7al\u0131\u015fma ba\u015flat\u0131ld\u0131\u011f\u0131n\u0131, d\u00fczenlemeler yap\u0131laca\u011f\u0131n\u0131 s\u00f6yledi.<\/span><\/span><\/span><\/span><\/span><\/p>\n<p style=\"text-align:left\"><span style=\"font-size:14px\"><span style=\"font-family:Arial,Helvetica,sans-serif\"><span style=\"color:#000000\"><span style=\"background-color:#ffffff\"><span style=\"color:#000000 !important\">Daha sonra CTP Genel Ba\u015fkan\u0131 Tufan Erh\u00fcrman, yeniden s\u00f6z alarak, Emlak\u00e7\u0131lar Birli\u011fi Yasa Tasar\u0131s\u0131nda emlak\u00e7\u0131lara lisans verme yetkisi verilmedi\u011fini s\u00f6yleyerek, ele\u015ftirilerde bulundu.<\/span><\/span><\/span><\/span><\/span><\/p>\n<p style=\"text-align:left\"><span style=\"font-size:14px\"><span style=\"font-family:Arial,Helvetica,sans-serif\"><span style=\"color:#000000\"><span style=\"background-color:#ffffff\"><span style=\"color:#000000 !important\">Rant\u0131n yabanc\u0131lar taraf\u0131ndan payla\u015f\u0131ld\u0131\u011f\u0131n\u0131, \u00fclkeye yarar\u0131 olmad\u0131\u011f\u0131n\u0131 s\u00f6yleyen Erh\u00fcrman, \u00f6te yandan da hastane ve okul i\u00e7in kaynak bulunamad\u0131\u011f\u0131n\u0131 belirtti.<\/span><\/span><\/span><\/span><\/span><\/p>\n<p style=\"text-align:left\"><span style=\"font-size:14px\"><span style=\"font-family:Arial,Helvetica,sans-serif\"><span style=\"color:#000000\"><span style=\"background-color:#ffffff\"><span style=\"color:#000000 !important\">Erh\u00fcrman, \u201c\u00d6yle bir noktaya geldik ki yokla\u015f\u0131yoruz\u201d dedi.<\/span><\/span><\/span><\/span><\/span><\/p>\n<p style=\"text-align:left\"><span style=\"font-size:14px\"><span style=\"font-family:Arial,Helvetica,sans-serif\"><span style=\"color:#000000\"><span style=\"background-color:#ffffff\"><span style=\"color:#000000 !important\">Bir soru \u00fczerine, \u0130\u00e7i\u015fleri Bakan\u0131 Dursun O\u011fuz, \u00fclkenin gelece\u011fini d\u00fc\u015f\u00fcnmek zorunda olduklar\u0131n\u0131, vatanda\u015fl\u0131klarda uygulanan prosed\u00fcr\u00fcn belli oldu\u011funu, bilinmeyenleri bilinen hale getirmek i\u00e7in \u00e7al\u0131\u015ft\u0131klar\u0131n\u0131 belirtti.<\/span><\/span><\/span><\/span><\/span><\/p>\n<p style=\"text-align:left\"><span style=\"font-size:14px\"><span style=\"font-family:Arial,Helvetica,sans-serif\"><span style=\"color:#000000\"><span style=\"background-color:#ffffff\"><span style=\"color:#000000 !important\">-Bar\u00e7\u0131n<\/span><\/span><\/span><\/span><\/span><\/p>\n<p style=\"text-align:left\"><span style=\"font-size:14px\"><span style=\"font-family:Arial,Helvetica,sans-serif\"><span style=\"color:#000000\"><span style=\"background-color:#ffffff\"><span style=\"color:#000000 !important\">Daha sonra g\u00fcncel konu\u015fmalar b\u00f6l\u00fcm\u00fcnde ilk s\u00f6z\u00fc CTP Milletvekili Devrim Bar\u00e7\u0131n, \u201cEmekli \u00c7al\u0131\u015fanlardan Anayasaya ayk\u0131r\u0131 al\u0131nan gelir vergisi\u201d konusunda ald\u0131.<\/span><\/span><\/span><\/span><\/span><\/p>\n<p style=\"text-align:left\"><span style=\"font-size:14px\"><span style=\"font-family:Arial,Helvetica,sans-serif\"><span style=\"color:#000000\"><span style=\"background-color:#ffffff\"><span style=\"color:#000000 !important\">Bar\u00e7\u0131n, h\u00fck\u00fcmetin uygulad\u0131\u011f\u0131 vergi politikalar\u0131yla vatanda\u015fa \u201ck\u00f6k s\u00f6kt\u00fcr\u00fcld\u00fc\u011f\u00fcn\u00fc\u201d savundu.<\/span><\/span><\/span><\/span><\/span><\/p>\n<p style=\"text-align:left\"><span style=\"font-size:14px\"><span style=\"font-family:Arial,Helvetica,sans-serif\"><span style=\"color:#000000\"><span style=\"background-color:#ffffff\"><span style=\"color:#000000 !important\">Pandemi d\u00f6neminde yap\u0131lan bir yasa g\u00fcc\u00fcnde kararname ile Anayasa\u2019ya ayk\u0131r\u0131 bir uygulama yap\u0131ld\u0131\u011f\u0131n\u0131 savunan Bar\u00e7\u0131n, kararnamenin vatanda\u015f\u0131 yoksulla\u015ft\u0131rd\u0131\u011f\u0131n\u0131 belirtti.<\/span><\/span><\/span><\/span><\/span><\/p>\n<p style=\"text-align:left\"><span style=\"font-size:14px\"><span style=\"font-family:Arial,Helvetica,sans-serif\"><span style=\"color:#000000\"><span style=\"background-color:#ffffff\"><span style=\"color:#000000 !important\">Kararnamenin asgari \u00fccret kadar bir emekli maa\u015f\u0131 olan, bu para yetmedi\u011fi i\u00e7in \u00e7al\u0131\u015fan bir ki\u015fiden vergi al\u0131nmas\u0131n\u0131 \u00f6ng\u00f6rd\u00fc\u011f\u00fcn\u00fc savunan Bar\u00e7\u0131n, bu kararnamenin revize edilmesi gerekti\u011fini s\u00f6yledi.<\/span><\/span><\/span><\/span><\/span><\/p>\n<p style=\"text-align:left\"><span style=\"font-size:14px\"><span style=\"font-family:Arial,Helvetica,sans-serif\"><span style=\"color:#000000\"><span style=\"background-color:#ffffff\"><span style=\"color:#000000 !important\">A\u00e7l\u0131k ve yoksulluk s\u0131n\u0131r\u0131 rakamlar\u0131na de\u011finen Bar\u00e7\u0131n, istihdam korunmak isteniyorsa, ge\u00e7im endeksi \u00e7er\u00e7evesinde bu karar\u0131n g\u00f6zden ge\u00e7irilmesi gerekti\u011fini belirtti.<\/span><\/span><\/span><\/span><\/span><\/p>\n<p style=\"text-align:left\"><span style=\"font-size:14px\"><span style=\"font-family:Arial,Helvetica,sans-serif\"><span style=\"color:#000000\"><span style=\"background-color:#ffffff\">Yerinden s\u00f6z alan Ekonomi ve Enerji Bakan\u0131 Olgun Amcao\u011flu da bu kararnamenin gen\u00e7 i\u015fsizlik oran\u0131n azalt\u0131lmas\u0131 ve pandemi ko\u015fullar\u0131 nedeniyle \u00e7\u0131kt\u0131\u011f\u0131n\u0131 de\u011fi\u015ftirilmesi gerekti\u011fini ifade etti.<\/span><\/span><\/span><\/span><\/p>\n<p style=\"text-align:left\"><span style=\"font-size:14px\"><span style=\"font-family:Arial,Helvetica,sans-serif\"><span style=\"color:#000000\"><span style=\"background-color:#ffffff\"><span style=\"color:#000000 !important\">Bar\u00e7\u0131n, bu konunun b\u00fct\u00e7e biter bitmez yeniden de\u011ferlendirilmesini talep ederek, bu durumun kay\u0131t d\u0131\u015f\u0131l\u0131\u011f\u0131 art\u0131rd\u0131\u011f\u0131n\u0131 belirtti.<\/span><\/span><\/span><\/span><\/span><\/p>\n<p style=\"text-align:left\"><span style=\"font-size:14px\"><span style=\"font-family:Arial,Helvetica,sans-serif\"><span style=\"color:#000000\"><span style=\"background-color:#ffffff\"><span style=\"color:#000000 !important\">Bar\u00e7\u0131n, Ocak ay\u0131na y\u00f6nelik vergi dilimleriyle ilgili d\u00fczenlemeler konusunda Maliye Bakan\u0131na sorular y\u00f6neltti.<\/span><\/span><\/span><\/span><\/span><\/p>\n<p style=\"text-align:left\"><span style=\"font-size:14px\"><span style=\"font-family:Arial,Helvetica,sans-serif\"><span style=\"color:#000000\"><span style=\"background-color:#ffffff\"><span style=\"color:#000000 !important\">En alt vergi dilimini y\u00fczde 10\u2019ndan y\u00fczde 20\u2019ye \u00e7\u0131kar\u0131ld\u0131\u011f\u0131n\u0131n iddia edildi\u011fini s\u00f6yleyen Bar\u00e7\u0131n, di\u011fer vergi dilimlerinin de ar\u0131t\u0131laca\u011f\u0131n\u0131n iddia edildi\u011fini, bu ger\u00e7ekle\u015firse, yoksul kesimin vergi \u00f6deme miktar\u0131n\u0131 y\u00fczde 100 art\u0131rma anlam\u0131 ta\u015f\u0131d\u0131\u011f\u0131n\u0131, al\u0131m g\u00fcc\u00fcn\u00fc d\u00fc\u015f\u00fcrece\u011fini belirtti.<\/span><\/span><\/span><\/span><\/span><\/p>\n<p style=\"text-align:left\"><span style=\"font-size:14px\"><span style=\"font-family:Arial,Helvetica,sans-serif\"><span style=\"color:#000000\"><span style=\"background-color:#ffffff\"><span style=\"color:#000000 !important\">Bar\u00e7\u0131n, vergi oranlar\u0131n\u0131n yeterli oldu\u011funu, s\u0131k\u0131nt\u0131n\u0131n vergi dilimleriyle ilgili oldu\u011funu ifade etti.<\/span><\/span><\/span><\/span><\/span><\/p>\n<p style=\"text-align:left\"><span style=\"font-size:14px\"><span style=\"font-family:Arial,Helvetica,sans-serif\"><span style=\"color:#000000\"><span style=\"background-color:#ffffff\"><span style=\"color:#000000 !important\">-Berova<\/span><\/span><\/span><\/span><\/span><\/p>\n<p style=\"text-align:left\"><span style=\"font-size:14px\"><span style=\"font-family:Arial,Helvetica,sans-serif\"><span style=\"color:#000000\"><span style=\"background-color:#ffffff\"><span style=\"color:#000000 !important\">Maliye Bakan\u0131 \u00d6zdemir Berova, emekli olanlar\u0131n \u00e7al\u0131\u015fmas\u0131 ve vergilendirilmesi ile ilgili konular\u0131n farkl\u0131 \u00fclkelerde de tart\u0131\u015f\u0131ld\u0131\u011f\u0131n\u0131 dile getirerek, kararnamenin pandemi ko\u015fullar\u0131 i\u00e7inde yap\u0131ld\u0131\u011f\u0131n\u0131, &nbsp;karar\u0131n gerek\u00e7esinin do\u011fru oldu\u011funu s\u00f6yledi.<\/span><\/span><\/span><\/span><\/span><\/p>\n<p style=\"text-align:left\"><span style=\"font-size:14px\"><span style=\"font-family:Arial,Helvetica,sans-serif\"><span style=\"color:#000000\"><span style=\"background-color:#ffffff\"><span style=\"color:#000000 !important\">Berova, bug\u00fcn\u00fcn ko\u015fullar\u0131 i\u00e7inde konunun \u00e7al\u0131\u015f\u0131laca\u011f\u0131n\u0131, vergilerin incelenece\u011fini dile getirerek, bu t\u00fcr \u00e7al\u0131\u015fmalar\u0131n teknik \u00e7al\u0131\u015fmalar oldu\u011funu kaydetti.<\/span><\/span><\/span><\/span><\/span><\/p>\n<p style=\"text-align:left\"><span style=\"font-size:14px\"><span style=\"font-family:Arial,Helvetica,sans-serif\"><span style=\"color:#000000\"><span style=\"background-color:#ffffff\"><span style=\"color:#000000 !important\">Vergi dilimleri ile ilgili \u00e7al\u0131\u015fmalara ba\u015fland\u0131\u011f\u0131n\u0131 s\u00f6yleyen Berova, oransal art\u0131\u015fa y\u00f6nelik s\u00f6ylentilerin \u201cas\u0131ls\u0131z oldu\u011funu, b\u00f6yle bir \u00e7al\u0131\u015fma olmad\u0131\u011f\u0131n\u0131\u201d belirtti.<\/span><\/span><\/span><\/span><\/span><\/p>\n<p style=\"text-align:left\"><span style=\"font-size:14px\"><span style=\"font-family:Arial,Helvetica,sans-serif\"><span style=\"color:#000000\"><span style=\"background-color:#ffffff\"><span style=\"color:#000000 !important\">Vergi dilimleri i\u00e7inde yap\u0131lan hesaplamalara de\u011finen Berova, bu konuda \u00e7al\u0131\u015fma yap\u0131lmas\u0131 i\u00e7in komite olu\u015fturuldu\u011funu, farkl\u0131 alternatifler ortaya konaca\u011f\u0131n\u0131, genel de\u011ferlendirme yap\u0131laca\u011f\u0131n\u0131, sendikalarla da g\u00f6r\u00fc\u015f\u00fclece\u011fini, d\u00fczenlemenin bu \u015fekilde hayata ge\u00e7irilece\u011fini s\u00f6yledi.<\/span><\/span><\/span><\/span><\/span><\/p>\n<p style=\"text-align:left\"><span style=\"font-size:14px\"><span style=\"font-family:Arial,Helvetica,sans-serif\"><span style=\"color:#000000\"><span style=\"background-color:#ffffff\"><span style=\"color:#000000 !important\">Berova, kararnamenin i\u00e7eri\u011fi konusunda ilgili b\u00fcrokratlara talimat verece\u011fini ve \u00e7al\u0131\u015fma yap\u0131laca\u011f\u0131n\u0131 ifade etti.<\/span><\/span><\/span><\/span><\/span><\/p>\n<p style=\"text-align:left\">&nbsp;<\/p>\n<p style=\"text-align:left\"><span style=\"font-size:14px\"><span style=\"font-family:Arial,Helvetica,sans-serif\"><span style=\"color:#000000\"><span style=\"background-color:#ffffff\"><span style=\"color:#000000 !important\">Arabalara \u00d6TV gelece\u011fi konusunda da iddialar bulundu\u011funu dile getiren Berova, yeni bir vergi, \u00d6TV i\u00e7in \u00e7al\u0131\u015fma olmad\u0131\u011f\u0131n\u0131 belirtti.&nbsp;<\/span><\/span><\/span><\/span><\/span><\/p>\n","protected":false},"excerpt":{"rendered":"<p>\u0130lk olarak CTP Genel Ba\u015fkan\u0131 Tufan Erh\u00fcrman, 62. madde taht\u0131nda \u201cm\u00fclkiyet\u201d ile ilgili konu\u015fmak \u00fczere s\u00f6z ald\u0131. Erh\u00fcrman, CTP milletvekillerinin uzun s\u00fcredir m\u00fclkiyet ile ilgili sorunlar\u0131 s\u00fcrekli g\u00fcndeme getirdi\u011fini s\u00f6yleyerek, n\u00fcfus politikas\u0131n\u0131n \u00f6nemine i\u015faret ettiklerini belirtti. M\u00fclkiyet ile ilgili d\u0131\u015far\u0131dan \u00e7e\u015fitli iddialar ba\u015flad\u0131\u011f\u0131n\u0131 s\u00f6yleyen Erh\u00fcrman, \u201cBug\u00fcn \u00fclkedeki gazetelerin \u00f6n sayfas\u0131nda bu konu var. Sanki bu<\/p>\n","protected":false},"author":1,"featured_media":19770,"comment_status":"open","ping_status":"open","sticky":false,"template":"","format":"standard","meta":{"footnotes":""},"categories":[1],"tags":[],"class_list":["post-19769","post","type-post","status-publish","format-standard","has-post-thumbnail","hentry","category-gundem"],"yoast_head":"<!-- This site is optimized with the Yoast SEO plugin v27.5 - https:\/\/yoast.com\/product\/yoast-seo-wordpress\/ -->\n<title>Genel Kurul&#039;da yabanc\u0131lara mal sat\u0131\u015f\u0131 konusu konu\u015fuldu -<\/title>\n<meta name=\"robots\" content=\"index, follow, max-snippet:-1, max-image-preview:large, max-video-preview:-1\" \/>\n<link rel=\"canonical\" href=\"https:\/\/kibrisdakik.com\/?p=19769\" \/>\n<meta property=\"og:locale\" content=\"tr_TR\" \/>\n<meta property=\"og:type\" content=\"article\" \/>\n<meta property=\"og:title\" content=\"Genel Kurul&#039;da yabanc\u0131lara mal sat\u0131\u015f\u0131 konusu konu\u015fuldu -\" \/>\n<meta property=\"og:description\" content=\"\u0130lk olarak CTP Genel Ba\u015fkan\u0131 Tufan Erh\u00fcrman, 62. madde taht\u0131nda \u201cm\u00fclkiyet\u201d ile ilgili konu\u015fmak \u00fczere s\u00f6z ald\u0131. Erh\u00fcrman, CTP milletvekillerinin uzun s\u00fcredir m\u00fclkiyet ile ilgili sorunlar\u0131 s\u00fcrekli g\u00fcndeme getirdi\u011fini s\u00f6yleyerek, n\u00fcfus politikas\u0131n\u0131n \u00f6nemine i\u015faret ettiklerini belirtti. M\u00fclkiyet ile ilgili d\u0131\u015far\u0131dan \u00e7e\u015fitli iddialar ba\u015flad\u0131\u011f\u0131n\u0131 s\u00f6yleyen Erh\u00fcrman, \u201cBug\u00fcn \u00fclkedeki gazetelerin \u00f6n sayfas\u0131nda bu konu var. Sanki bu\" \/>\n<meta property=\"og:url\" content=\"https:\/\/kibrisdakik.com\/?p=19769\" \/>\n<meta property=\"article:published_time\" content=\"2023-11-23T13:22:59+00:00\" \/>\n<meta property=\"og:image\" content=\"https:\/\/kibrisdakik.com\/wp-content\/uploads\/2023\/11\/genel-kurulda-yabancilara-mal-satisi-konusu-konusuldu-1700745345.webp.webp\" \/>\n\t<meta property=\"og:image:width\" content=\"710\" \/>\n\t<meta property=\"og:image:height\" content=\"370\" \/>\n\t<meta property=\"og:image:type\" content=\"image\/webp\" \/>\n<meta name=\"author\" content=\"admin\" \/>\n<meta name=\"twitter:card\" content=\"summary_large_image\" \/>\n<meta name=\"twitter:label1\" content=\"Yazan:\" \/>\n\t<meta name=\"twitter:data1\" content=\"admin\" \/>\n\t<meta name=\"twitter:label2\" content=\"Tahmini okuma s\u00fcresi\" \/>\n\t<meta name=\"twitter:data2\" content=\"6 dakika\" \/>\n<script type=\"application\/ld+json\" class=\"yoast-schema-graph\">{\"@context\":\"https:\\\/\\\/schema.org\",\"@graph\":[{\"@type\":\"Article\",\"@id\":\"https:\\\/\\\/kibrisdakik.com\\\/?p=19769#article\",\"isPartOf\":{\"@id\":\"https:\\\/\\\/kibrisdakik.com\\\/?p=19769\"},\"author\":{\"name\":\"admin\",\"@id\":\"https:\\\/\\\/kibrisdakik.com\\\/#\\\/schema\\\/person\\\/9cd9d437bbb44f72b73ba127e06d8e79\"},\"headline\":\"Genel Kurul&#039;da yabanc\u0131lara mal sat\u0131\u015f\u0131 konusu konu\u015fuldu\",\"datePublished\":\"2023-11-23T13:22:59+00:00\",\"mainEntityOfPage\":{\"@id\":\"https:\\\/\\\/kibrisdakik.com\\\/?p=19769\"},\"wordCount\":1200,\"commentCount\":0,\"image\":{\"@id\":\"https:\\\/\\\/kibrisdakik.com\\\/?p=19769#primaryimage\"},\"thumbnailUrl\":\"https:\\\/\\\/kibrisdakik.com\\\/wp-content\\\/uploads\\\/2023\\\/11\\\/genel-kurulda-yabancilara-mal-satisi-konusu-konusuldu-1700745345.webp.webp\",\"articleSection\":[\"G\u00fcndem\"],\"inLanguage\":\"tr\",\"potentialAction\":[{\"@type\":\"CommentAction\",\"name\":\"Comment\",\"target\":[\"https:\\\/\\\/kibrisdakik.com\\\/?p=19769#respond\"]}]},{\"@type\":\"WebPage\",\"@id\":\"https:\\\/\\\/kibrisdakik.com\\\/?p=19769\",\"url\":\"https:\\\/\\\/kibrisdakik.com\\\/?p=19769\",\"name\":\"Genel Kurul&#039;da yabanc\u0131lara mal sat\u0131\u015f\u0131 konusu konu\u015fuldu -\",\"isPartOf\":{\"@id\":\"https:\\\/\\\/kibrisdakik.com\\\/#website\"},\"primaryImageOfPage\":{\"@id\":\"https:\\\/\\\/kibrisdakik.com\\\/?p=19769#primaryimage\"},\"image\":{\"@id\":\"https:\\\/\\\/kibrisdakik.com\\\/?p=19769#primaryimage\"},\"thumbnailUrl\":\"https:\\\/\\\/kibrisdakik.com\\\/wp-content\\\/uploads\\\/2023\\\/11\\\/genel-kurulda-yabancilara-mal-satisi-konusu-konusuldu-1700745345.webp.webp\",\"datePublished\":\"2023-11-23T13:22:59+00:00\",\"author\":{\"@id\":\"https:\\\/\\\/kibrisdakik.com\\\/#\\\/schema\\\/person\\\/9cd9d437bbb44f72b73ba127e06d8e79\"},\"breadcrumb\":{\"@id\":\"https:\\\/\\\/kibrisdakik.com\\\/?p=19769#breadcrumb\"},\"inLanguage\":\"tr\",\"potentialAction\":[{\"@type\":\"ReadAction\",\"target\":[\"https:\\\/\\\/kibrisdakik.com\\\/?p=19769\"]}]},{\"@type\":\"ImageObject\",\"inLanguage\":\"tr\",\"@id\":\"https:\\\/\\\/kibrisdakik.com\\\/?p=19769#primaryimage\",\"url\":\"https:\\\/\\\/kibrisdakik.com\\\/wp-content\\\/uploads\\\/2023\\\/11\\\/genel-kurulda-yabancilara-mal-satisi-konusu-konusuldu-1700745345.webp.webp\",\"contentUrl\":\"https:\\\/\\\/kibrisdakik.com\\\/wp-content\\\/uploads\\\/2023\\\/11\\\/genel-kurulda-yabancilara-mal-satisi-konusu-konusuldu-1700745345.webp.webp\",\"width\":710,\"height\":370},{\"@type\":\"BreadcrumbList\",\"@id\":\"https:\\\/\\\/kibrisdakik.com\\\/?p=19769#breadcrumb\",\"itemListElement\":[{\"@type\":\"ListItem\",\"position\":1,\"name\":\"Home\",\"item\":\"https:\\\/\\\/kibrisdakik.com\\\/\"},{\"@type\":\"ListItem\",\"position\":2,\"name\":\"Genel Kurul&#039;da yabanc\u0131lara mal sat\u0131\u015f\u0131 konusu konu\u015fuldu\"}]},{\"@type\":\"WebSite\",\"@id\":\"https:\\\/\\\/kibrisdakik.com\\\/#website\",\"url\":\"https:\\\/\\\/kibrisdakik.com\\\/\",\"name\":\"\",\"description\":\"Tam vaktinde haber\",\"potentialAction\":[{\"@type\":\"SearchAction\",\"target\":{\"@type\":\"EntryPoint\",\"urlTemplate\":\"https:\\\/\\\/kibrisdakik.com\\\/?s={search_term_string}\"},\"query-input\":{\"@type\":\"PropertyValueSpecification\",\"valueRequired\":true,\"valueName\":\"search_term_string\"}}],\"inLanguage\":\"tr\"},{\"@type\":\"Person\",\"@id\":\"https:\\\/\\\/kibrisdakik.com\\\/#\\\/schema\\\/person\\\/9cd9d437bbb44f72b73ba127e06d8e79\",\"name\":\"admin\",\"image\":{\"@type\":\"ImageObject\",\"inLanguage\":\"tr\",\"@id\":\"https:\\\/\\\/secure.gravatar.com\\\/avatar\\\/ccc17943b9d660506c869530f897617f7cb1c21a4bf30023f252596d83e1f007?s=96&d=mm&r=g\",\"url\":\"https:\\\/\\\/secure.gravatar.com\\\/avatar\\\/ccc17943b9d660506c869530f897617f7cb1c21a4bf30023f252596d83e1f007?s=96&d=mm&r=g\",\"contentUrl\":\"https:\\\/\\\/secure.gravatar.com\\\/avatar\\\/ccc17943b9d660506c869530f897617f7cb1c21a4bf30023f252596d83e1f007?s=96&d=mm&r=g\",\"caption\":\"admin\"},\"sameAs\":[\"https:\\\/\\\/kibrisdakik.com\"],\"url\":\"https:\\\/\\\/kibrisdakik.com\\\/?author=1\"}]}<\/script>\n<!-- \/ Yoast SEO plugin. -->","yoast_head_json":{"title":"Genel Kurul&#039;da yabanc\u0131lara mal sat\u0131\u015f\u0131 konusu konu\u015fuldu -","robots":{"index":"index","follow":"follow","max-snippet":"max-snippet:-1","max-image-preview":"max-image-preview:large","max-video-preview":"max-video-preview:-1"},"canonical":"https:\/\/kibrisdakik.com\/?p=19769","og_locale":"tr_TR","og_type":"article","og_title":"Genel Kurul&#039;da yabanc\u0131lara mal sat\u0131\u015f\u0131 konusu konu\u015fuldu -","og_description":"\u0130lk olarak CTP Genel Ba\u015fkan\u0131 Tufan Erh\u00fcrman, 62. madde taht\u0131nda \u201cm\u00fclkiyet\u201d ile ilgili konu\u015fmak \u00fczere s\u00f6z ald\u0131. Erh\u00fcrman, CTP milletvekillerinin uzun s\u00fcredir m\u00fclkiyet ile ilgili sorunlar\u0131 s\u00fcrekli g\u00fcndeme getirdi\u011fini s\u00f6yleyerek, n\u00fcfus politikas\u0131n\u0131n \u00f6nemine i\u015faret ettiklerini belirtti. M\u00fclkiyet ile ilgili d\u0131\u015far\u0131dan \u00e7e\u015fitli iddialar ba\u015flad\u0131\u011f\u0131n\u0131 s\u00f6yleyen Erh\u00fcrman, \u201cBug\u00fcn \u00fclkedeki gazetelerin \u00f6n sayfas\u0131nda bu konu var. Sanki bu","og_url":"https:\/\/kibrisdakik.com\/?p=19769","article_published_time":"2023-11-23T13:22:59+00:00","og_image":[{"width":710,"height":370,"url":"https:\/\/kibrisdakik.com\/wp-content\/uploads\/2023\/11\/genel-kurulda-yabancilara-mal-satisi-konusu-konusuldu-1700745345.webp.webp","type":"image\/webp"}],"author":"admin","twitter_card":"summary_large_image","twitter_misc":{"Yazan:":"admin","Tahmini okuma s\u00fcresi":"6 dakika"},"schema":{"@context":"https:\/\/schema.org","@graph":[{"@type":"Article","@id":"https:\/\/kibrisdakik.com\/?p=19769#article","isPartOf":{"@id":"https:\/\/kibrisdakik.com\/?p=19769"},"author":{"name":"admin","@id":"https:\/\/kibrisdakik.com\/#\/schema\/person\/9cd9d437bbb44f72b73ba127e06d8e79"},"headline":"Genel Kurul&#039;da yabanc\u0131lara mal sat\u0131\u015f\u0131 konusu konu\u015fuldu","datePublished":"2023-11-23T13:22:59+00:00","mainEntityOfPage":{"@id":"https:\/\/kibrisdakik.com\/?p=19769"},"wordCount":1200,"commentCount":0,"image":{"@id":"https:\/\/kibrisdakik.com\/?p=19769#primaryimage"},"thumbnailUrl":"https:\/\/kibrisdakik.com\/wp-content\/uploads\/2023\/11\/genel-kurulda-yabancilara-mal-satisi-konusu-konusuldu-1700745345.webp.webp","articleSection":["G\u00fcndem"],"inLanguage":"tr","potentialAction":[{"@type":"CommentAction","name":"Comment","target":["https:\/\/kibrisdakik.com\/?p=19769#respond"]}]},{"@type":"WebPage","@id":"https:\/\/kibrisdakik.com\/?p=19769","url":"https:\/\/kibrisdakik.com\/?p=19769","name":"Genel Kurul&#039;da yabanc\u0131lara mal sat\u0131\u015f\u0131 konusu konu\u015fuldu -","isPartOf":{"@id":"https:\/\/kibrisdakik.com\/#website"},"primaryImageOfPage":{"@id":"https:\/\/kibrisdakik.com\/?p=19769#primaryimage"},"image":{"@id":"https:\/\/kibrisdakik.com\/?p=19769#primaryimage"},"thumbnailUrl":"https:\/\/kibrisdakik.com\/wp-content\/uploads\/2023\/11\/genel-kurulda-yabancilara-mal-satisi-konusu-konusuldu-1700745345.webp.webp","datePublished":"2023-11-23T13:22:59+00:00","author":{"@id":"https:\/\/kibrisdakik.com\/#\/schema\/person\/9cd9d437bbb44f72b73ba127e06d8e79"},"breadcrumb":{"@id":"https:\/\/kibrisdakik.com\/?p=19769#breadcrumb"},"inLanguage":"tr","potentialAction":[{"@type":"ReadAction","target":["https:\/\/kibrisdakik.com\/?p=19769"]}]},{"@type":"ImageObject","inLanguage":"tr","@id":"https:\/\/kibrisdakik.com\/?p=19769#primaryimage","url":"https:\/\/kibrisdakik.com\/wp-content\/uploads\/2023\/11\/genel-kurulda-yabancilara-mal-satisi-konusu-konusuldu-1700745345.webp.webp","contentUrl":"https:\/\/kibrisdakik.com\/wp-content\/uploads\/2023\/11\/genel-kurulda-yabancilara-mal-satisi-konusu-konusuldu-1700745345.webp.webp","width":710,"height":370},{"@type":"BreadcrumbList","@id":"https:\/\/kibrisdakik.com\/?p=19769#breadcrumb","itemListElement":[{"@type":"ListItem","position":1,"name":"Home","item":"https:\/\/kibrisdakik.com\/"},{"@type":"ListItem","position":2,"name":"Genel Kurul&#039;da yabanc\u0131lara mal sat\u0131\u015f\u0131 konusu konu\u015fuldu"}]},{"@type":"WebSite","@id":"https:\/\/kibrisdakik.com\/#website","url":"https:\/\/kibrisdakik.com\/","name":"","description":"Tam vaktinde haber","potentialAction":[{"@type":"SearchAction","target":{"@type":"EntryPoint","urlTemplate":"https:\/\/kibrisdakik.com\/?s={search_term_string}"},"query-input":{"@type":"PropertyValueSpecification","valueRequired":true,"valueName":"search_term_string"}}],"inLanguage":"tr"},{"@type":"Person","@id":"https:\/\/kibrisdakik.com\/#\/schema\/person\/9cd9d437bbb44f72b73ba127e06d8e79","name":"admin","image":{"@type":"ImageObject","inLanguage":"tr","@id":"https:\/\/secure.gravatar.com\/avatar\/ccc17943b9d660506c869530f897617f7cb1c21a4bf30023f252596d83e1f007?s=96&d=mm&r=g","url":"https:\/\/secure.gravatar.com\/avatar\/ccc17943b9d660506c869530f897617f7cb1c21a4bf30023f252596d83e1f007?s=96&d=mm&r=g","contentUrl":"https:\/\/secure.gravatar.com\/avatar\/ccc17943b9d660506c869530f897617f7cb1c21a4bf30023f252596d83e1f007?s=96&d=mm&r=g","caption":"admin"},"sameAs":["https:\/\/kibrisdakik.com"],"url":"https:\/\/kibrisdakik.com\/?author=1"}]}},"_links":{"self":[{"href":"https:\/\/kibrisdakik.com\/index.php?rest_route=\/wp\/v2\/posts\/19769","targetHints":{"allow":["GET"]}}],"collection":[{"href":"https:\/\/kibrisdakik.com\/index.php?rest_route=\/wp\/v2\/posts"}],"about":[{"href":"https:\/\/kibrisdakik.com\/index.php?rest_route=\/wp\/v2\/types\/post"}],"author":[{"embeddable":true,"href":"https:\/\/kibrisdakik.com\/index.php?rest_route=\/wp\/v2\/users\/1"}],"replies":[{"embeddable":true,"href":"https:\/\/kibrisdakik.com\/index.php?rest_route=%2Fwp%2Fv2%2Fcomments&post=19769"}],"version-history":[{"count":0,"href":"https:\/\/kibrisdakik.com\/index.php?rest_route=\/wp\/v2\/posts\/19769\/revisions"}],"wp:featuredmedia":[{"embeddable":true,"href":"https:\/\/kibrisdakik.com\/index.php?rest_route=\/wp\/v2\/media\/19770"}],"wp:attachment":[{"href":"https:\/\/kibrisdakik.com\/index.php?rest_route=%2Fwp%2Fv2%2Fmedia&parent=19769"}],"wp:term":[{"taxonomy":"category","embeddable":true,"href":"https:\/\/kibrisdakik.com\/index.php?rest_route=%2Fwp%2Fv2%2Fcategories&post=19769"},{"taxonomy":"post_tag","embeddable":true,"href":"https:\/\/kibrisdakik.com\/index.php?rest_route=%2Fwp%2Fv2%2Ftags&post=19769"}],"curies":[{"name":"wp","href":"https:\/\/api.w.org\/{rel}","templated":true}]}}