{"id":19805,"date":"2023-11-23T16:41:57","date_gmt":"2023-11-23T16:41:57","guid":{"rendered":"https:\/\/kibrisdakik.com\/index.php\/2023\/11\/23\/cumhurbaskani-tatar-24-kasim-ogretmenler-gunu-dolayisiyla-mesaj-yayimladi\/"},"modified":"2023-11-23T16:41:57","modified_gmt":"2023-11-23T16:41:57","slug":"cumhurbaskani-tatar-24-kasim-ogretmenler-gunu-dolayisiyla-mesaj-yayimladi","status":"publish","type":"post","link":"https:\/\/kibrisdakik.com\/?p=19805","title":{"rendered":"Cumhurba\u015fkan\u0131 Tatar, 24 Kas\u0131m \u00d6\u011fretmenler G\u00fcn\u00fc dolay\u0131s\u0131yla mesaj yay\u0131mlad\u0131"},"content":{"rendered":"<p><img decoding=\"async\" src=\"https:\/\/www.kibristurk.com\/images\/haberler\/2023\/11\/cumhurbaskani-tatar-24-kasim-ogretmenler-gunu-dolayisiyla-mesaj-yayimladi-1700754646.webp\" \/><\/p>\n<p>Cumhurba\u015fkan\u0131 Ersin Tatar, 24 Kas\u0131m \u00d6\u011fretmenler G\u00fcn\u00fc dolay\u0131s\u0131yla mesaj yay\u0131mlad\u0131.&nbsp;<\/p>\n<p>Cumhurba\u015fkan\u0131 Tatar mesaj\u0131nda, \u201cBilgi \u00e7a\u011f\u0131nday\u0131z, b\u00fcy\u00fck teknolojik geli\u015fmeler ya\u015fan\u0131yor, b\u00f6yle bir zamanda kendi de\u011ferlerimize, hak ve menfaatlerimize sahip \u00e7\u0131kmam\u0131z gerekmektedir. Aksi takdirde ba\u015fkalar\u0131 haklar\u0131m\u0131z\u0131 al\u0131r ve onlar\u0131n g\u00fcd\u00fcm\u00fcne gireriz\u201d dedi.&nbsp;<\/p>\n<p>Cumhurba\u015fkanl\u0131\u011f\u0131ndan yap\u0131lan a\u00e7\u0131klamaya g\u00f6re Cumhurba\u015fkan\u0131 Tatar mesaj\u0131nda, T\u00fcrkiye Cumhuriyeti\u2019nin kurucusu B\u00fcy\u00fck \u00d6nder Mustafa Kemal Atat\u00fcrk\u2019\u00fcn \u201cMillet Mektepleri Ba\u015f\u00f6\u011fretmenli\u011fi\u201d unvan\u0131n\u0131 kabul etti\u011fi g\u00fcn olan 24 Kas\u0131m 1928 tarihinin, Atat\u00fcrk\u2019\u00fcn 100. do\u011fum y\u0131l d\u00f6n\u00fcm\u00fcn\u00fcn kutland\u0131\u011f\u0131 1981 y\u0131l\u0131ndan beri her y\u0131l \u00d6\u011fretmenler G\u00fcn\u00fc olarak kutlanmakta oldu\u011funu hat\u0131rlatt\u0131.&nbsp;<\/p>\n<p>\u201cK\u0131br\u0131s T\u00fcrk halk\u0131n\u0131n yok edilmek istenen bir toplum noktas\u0131ndan devlet sahibi bir halk noktas\u0131na gelmesinde K\u0131br\u0131s T\u00fcrk \u00f6\u011fretmenlerinin b\u00fcy\u00fck katk\u0131s\u0131 oldu\u011funu\u201d belirten Cumhurba\u015fkan\u0131 Tatar, &nbsp;mesaj\u0131nda devamla \u015fu ifadeleri kulland\u0131:&nbsp;<\/p>\n<p>\u201cE\u011fer bug\u00fcn insan kaynaklar\u0131m\u0131zla \u00f6v\u00fcn\u00fcyorsak bunda hi\u00e7 ku\u015fkusuz \u00f6\u011fretmenlerimizin de b\u00fcy\u00fck pay\u0131 vard\u0131r. K\u0131br\u0131s T\u00fcrk halk\u0131n\u0131n, Kuzey K\u0131br\u0131s T\u00fcrk Cumhuriyeti devletinin \u00e7at\u0131s\u0131 alt\u0131nda vermekte oldu\u011fu ya\u015famsal \u00f6neme sahip \u00f6zg\u00fcrl\u00fck, egemenlik m\u00fccadelesi devam etmektedir. Ortaya koydu\u011fumuz egemen e\u015fitlik ve uluslararas\u0131 e\u015fit stat\u00fcye dayal\u0131 siyasetimiz insan\u0131 ba\u011flamda yapm\u0131\u015f oldu\u011fumuz i\u015f birli\u011fi \u00e7a\u011fr\u0131lar\u0131m\u0131za ra\u011fmen kom\u015fumuz G\u00fcney K\u0131br\u0131s Rum Y\u00f6netimi uzla\u015fmaz tavr\u0131n\u0131 s\u00fcrd\u00fcrmektedir. Bilgi \u00e7a\u011f\u0131nday\u0131z. B\u00fcy\u00fck teknolojik geli\u015fmeler ya\u015fan\u0131yor ancak halen uluslararas\u0131 rekabet, anla\u015fmazl\u0131k ve uzla\u015fmazl\u0131klar \u00e7ok ciddi boyutlarda devam ediyor. Dolay\u0131s\u0131 ile kendi de\u011ferlerimize, hak ve menfaatlerimize sahip \u00e7\u0131kmam\u0131z gerekmektedir. Aksi takdirde ba\u015fkalar\u0131 haklar\u0131m\u0131z\u0131 al\u0131r ve onlar\u0131n g\u00fcd\u00fcm\u00fcne gireriz.&nbsp; Bu durumun en g\u00fcncel \u00f6rne\u011fi Filistin&#8217;de ya\u015fananlard\u0131r. Ya\u015fanan insanl\u0131k dram\u0131 ve sava\u015f su\u00e7lar\u0131na ra\u011fmen hem Avrupa hem de Birle\u015fmi\u015f Milletler olay\u0131 sadece basit \u00e7a\u011fr\u0131larla ge\u00e7i\u015ftirmekte ve ya\u015fananlara g\u00f6z yummaktad\u0131r .\u201d&nbsp;<\/p>\n<p>\u201cGelecek nesilleri yeti\u015ftiren \u00f6\u011fretmenlerin \u00e7a\u011f\u0131 do\u011fru anlamalar\u0131 ve anlatmalar\u0131n\u0131n son derece \u00f6nemli oldu\u011funu\u201d belirten Cumhurba\u015fkan\u0131 Tatar, \u201cBu duygu ve d\u00fc\u015f\u00fcncelerle K\u0131br\u0131s T\u00fcrk m\u00fccadele tarihinden bug\u00fcne Kuzey K\u0131br\u0131s T\u00fcrk Cumhuriyeti&#8217;nin d\u00f6rt bir yan\u0131nda g\u00f6rev yapan t\u00fcm \u00f6\u011fretmenlerimize te\u015fekk\u00fcr eder, b\u00fct\u00fcn \u00f6\u011fretmenlerimizin 24 Kas\u0131m \u00d6\u011fretmenler G\u00fcn\u00fc\u2019n\u00fc en i\u00e7ten dileklerimle kutlar\u0131m\u201d dedi.&nbsp;<\/p>\n<p>&nbsp;<\/p>\n","protected":false},"excerpt":{"rendered":"<p>Cumhurba\u015fkan\u0131 Ersin Tatar, 24 Kas\u0131m \u00d6\u011fretmenler G\u00fcn\u00fc dolay\u0131s\u0131yla mesaj yay\u0131mlad\u0131.&nbsp; Cumhurba\u015fkan\u0131 Tatar mesaj\u0131nda, \u201cBilgi \u00e7a\u011f\u0131nday\u0131z, b\u00fcy\u00fck teknolojik geli\u015fmeler ya\u015fan\u0131yor, b\u00f6yle bir zamanda kendi de\u011ferlerimize, hak ve menfaatlerimize sahip \u00e7\u0131kmam\u0131z gerekmektedir. Aksi takdirde ba\u015fkalar\u0131 haklar\u0131m\u0131z\u0131 al\u0131r ve onlar\u0131n g\u00fcd\u00fcm\u00fcne gireriz\u201d dedi.&nbsp; Cumhurba\u015fkanl\u0131\u011f\u0131ndan yap\u0131lan a\u00e7\u0131klamaya g\u00f6re Cumhurba\u015fkan\u0131 Tatar mesaj\u0131nda, T\u00fcrkiye Cumhuriyeti\u2019nin kurucusu B\u00fcy\u00fck \u00d6nder Mustafa Kemal Atat\u00fcrk\u2019\u00fcn<\/p>\n","protected":false},"author":1,"featured_media":19806,"comment_status":"open","ping_status":"open","sticky":false,"template":"","format":"standard","meta":{"footnotes":""},"categories":[85],"tags":[],"class_list":["post-19805","post","type-post","status-publish","format-standard","has-post-thumbnail","hentry","category-spor"],"yoast_head":"<!-- This site is optimized with the Yoast SEO plugin v27.4 - https:\/\/yoast.com\/product\/yoast-seo-wordpress\/ -->\n<title>Cumhurba\u015fkan\u0131 Tatar, 24 Kas\u0131m \u00d6\u011fretmenler G\u00fcn\u00fc dolay\u0131s\u0131yla mesaj yay\u0131mlad\u0131 -<\/title>\n<meta name=\"robots\" content=\"index, follow, max-snippet:-1, max-image-preview:large, max-video-preview:-1\" \/>\n<link rel=\"canonical\" href=\"https:\/\/kibrisdakik.com\/?p=19805\" \/>\n<meta property=\"og:locale\" content=\"tr_TR\" \/>\n<meta property=\"og:type\" content=\"article\" \/>\n<meta property=\"og:title\" content=\"Cumhurba\u015fkan\u0131 Tatar, 24 Kas\u0131m \u00d6\u011fretmenler G\u00fcn\u00fc dolay\u0131s\u0131yla mesaj yay\u0131mlad\u0131 -\" \/>\n<meta property=\"og:description\" content=\"Cumhurba\u015fkan\u0131 Ersin Tatar, 24 Kas\u0131m \u00d6\u011fretmenler G\u00fcn\u00fc dolay\u0131s\u0131yla mesaj yay\u0131mlad\u0131.&nbsp; Cumhurba\u015fkan\u0131 Tatar mesaj\u0131nda, \u201cBilgi \u00e7a\u011f\u0131nday\u0131z, b\u00fcy\u00fck teknolojik geli\u015fmeler ya\u015fan\u0131yor, b\u00f6yle bir zamanda kendi de\u011ferlerimize, hak ve menfaatlerimize sahip \u00e7\u0131kmam\u0131z gerekmektedir. Aksi takdirde ba\u015fkalar\u0131 haklar\u0131m\u0131z\u0131 al\u0131r ve onlar\u0131n g\u00fcd\u00fcm\u00fcne gireriz\u201d dedi.&nbsp; Cumhurba\u015fkanl\u0131\u011f\u0131ndan yap\u0131lan a\u00e7\u0131klamaya g\u00f6re Cumhurba\u015fkan\u0131 Tatar mesaj\u0131nda, T\u00fcrkiye Cumhuriyeti\u2019nin kurucusu B\u00fcy\u00fck \u00d6nder Mustafa Kemal Atat\u00fcrk\u2019\u00fcn\" \/>\n<meta property=\"og:url\" content=\"https:\/\/kibrisdakik.com\/?p=19805\" \/>\n<meta property=\"article:published_time\" content=\"2023-11-23T16:41:57+00:00\" \/>\n<meta property=\"og:image\" content=\"https:\/\/kibrisdakik.com\/wp-content\/uploads\/2023\/11\/cumhurbaskani-tatar-24-kasim-ogretmenler-gunu-dolayisiyla-mesaj-yayimladi-1700754646.webp.webp\" \/>\n\t<meta property=\"og:image:width\" content=\"710\" \/>\n\t<meta property=\"og:image:height\" content=\"370\" \/>\n\t<meta property=\"og:image:type\" content=\"image\/webp\" \/>\n<meta name=\"author\" content=\"admin\" \/>\n<meta name=\"twitter:card\" content=\"summary_large_image\" \/>\n<meta name=\"twitter:label1\" content=\"Yazan:\" \/>\n\t<meta name=\"twitter:data1\" content=\"admin\" \/>\n\t<meta name=\"twitter:label2\" content=\"Tahmini okuma s\u00fcresi\" \/>\n\t<meta name=\"twitter:data2\" content=\"2 dakika\" \/>\n<script type=\"application\/ld+json\" class=\"yoast-schema-graph\">{\"@context\":\"https:\\\/\\\/schema.org\",\"@graph\":[{\"@type\":\"Article\",\"@id\":\"https:\\\/\\\/kibrisdakik.com\\\/?p=19805#article\",\"isPartOf\":{\"@id\":\"https:\\\/\\\/kibrisdakik.com\\\/?p=19805\"},\"author\":{\"name\":\"admin\",\"@id\":\"https:\\\/\\\/kibrisdakik.com\\\/#\\\/schema\\\/person\\\/9cd9d437bbb44f72b73ba127e06d8e79\"},\"headline\":\"Cumhurba\u015fkan\u0131 Tatar, 24 Kas\u0131m \u00d6\u011fretmenler G\u00fcn\u00fc dolay\u0131s\u0131yla mesaj yay\u0131mlad\u0131\",\"datePublished\":\"2023-11-23T16:41:57+00:00\",\"mainEntityOfPage\":{\"@id\":\"https:\\\/\\\/kibrisdakik.com\\\/?p=19805\"},\"wordCount\":492,\"commentCount\":0,\"image\":{\"@id\":\"https:\\\/\\\/kibrisdakik.com\\\/?p=19805#primaryimage\"},\"thumbnailUrl\":\"https:\\\/\\\/kibrisdakik.com\\\/wp-content\\\/uploads\\\/2023\\\/11\\\/cumhurbaskani-tatar-24-kasim-ogretmenler-gunu-dolayisiyla-mesaj-yayimladi-1700754646.webp.webp\",\"articleSection\":[\"Spor\"],\"inLanguage\":\"tr\",\"potentialAction\":[{\"@type\":\"CommentAction\",\"name\":\"Comment\",\"target\":[\"https:\\\/\\\/kibrisdakik.com\\\/?p=19805#respond\"]}]},{\"@type\":\"WebPage\",\"@id\":\"https:\\\/\\\/kibrisdakik.com\\\/?p=19805\",\"url\":\"https:\\\/\\\/kibrisdakik.com\\\/?p=19805\",\"name\":\"Cumhurba\u015fkan\u0131 Tatar, 24 Kas\u0131m \u00d6\u011fretmenler G\u00fcn\u00fc dolay\u0131s\u0131yla mesaj yay\u0131mlad\u0131 -\",\"isPartOf\":{\"@id\":\"https:\\\/\\\/kibrisdakik.com\\\/#website\"},\"primaryImageOfPage\":{\"@id\":\"https:\\\/\\\/kibrisdakik.com\\\/?p=19805#primaryimage\"},\"image\":{\"@id\":\"https:\\\/\\\/kibrisdakik.com\\\/?p=19805#primaryimage\"},\"thumbnailUrl\":\"https:\\\/\\\/kibrisdakik.com\\\/wp-content\\\/uploads\\\/2023\\\/11\\\/cumhurbaskani-tatar-24-kasim-ogretmenler-gunu-dolayisiyla-mesaj-yayimladi-1700754646.webp.webp\",\"datePublished\":\"2023-11-23T16:41:57+00:00\",\"author\":{\"@id\":\"https:\\\/\\\/kibrisdakik.com\\\/#\\\/schema\\\/person\\\/9cd9d437bbb44f72b73ba127e06d8e79\"},\"breadcrumb\":{\"@id\":\"https:\\\/\\\/kibrisdakik.com\\\/?p=19805#breadcrumb\"},\"inLanguage\":\"tr\",\"potentialAction\":[{\"@type\":\"ReadAction\",\"target\":[\"https:\\\/\\\/kibrisdakik.com\\\/?p=19805\"]}]},{\"@type\":\"ImageObject\",\"inLanguage\":\"tr\",\"@id\":\"https:\\\/\\\/kibrisdakik.com\\\/?p=19805#primaryimage\",\"url\":\"https:\\\/\\\/kibrisdakik.com\\\/wp-content\\\/uploads\\\/2023\\\/11\\\/cumhurbaskani-tatar-24-kasim-ogretmenler-gunu-dolayisiyla-mesaj-yayimladi-1700754646.webp.webp\",\"contentUrl\":\"https:\\\/\\\/kibrisdakik.com\\\/wp-content\\\/uploads\\\/2023\\\/11\\\/cumhurbaskani-tatar-24-kasim-ogretmenler-gunu-dolayisiyla-mesaj-yayimladi-1700754646.webp.webp\",\"width\":710,\"height\":370},{\"@type\":\"BreadcrumbList\",\"@id\":\"https:\\\/\\\/kibrisdakik.com\\\/?p=19805#breadcrumb\",\"itemListElement\":[{\"@type\":\"ListItem\",\"position\":1,\"name\":\"Home\",\"item\":\"https:\\\/\\\/kibrisdakik.com\\\/\"},{\"@type\":\"ListItem\",\"position\":2,\"name\":\"Cumhurba\u015fkan\u0131 Tatar, 24 Kas\u0131m \u00d6\u011fretmenler G\u00fcn\u00fc dolay\u0131s\u0131yla mesaj yay\u0131mlad\u0131\"}]},{\"@type\":\"WebSite\",\"@id\":\"https:\\\/\\\/kibrisdakik.com\\\/#website\",\"url\":\"https:\\\/\\\/kibrisdakik.com\\\/\",\"name\":\"\",\"description\":\"Tam vaktinde haber\",\"potentialAction\":[{\"@type\":\"SearchAction\",\"target\":{\"@type\":\"EntryPoint\",\"urlTemplate\":\"https:\\\/\\\/kibrisdakik.com\\\/?s={search_term_string}\"},\"query-input\":{\"@type\":\"PropertyValueSpecification\",\"valueRequired\":true,\"valueName\":\"search_term_string\"}}],\"inLanguage\":\"tr\"},{\"@type\":\"Person\",\"@id\":\"https:\\\/\\\/kibrisdakik.com\\\/#\\\/schema\\\/person\\\/9cd9d437bbb44f72b73ba127e06d8e79\",\"name\":\"admin\",\"image\":{\"@type\":\"ImageObject\",\"inLanguage\":\"tr\",\"@id\":\"https:\\\/\\\/secure.gravatar.com\\\/avatar\\\/ccc17943b9d660506c869530f897617f7cb1c21a4bf30023f252596d83e1f007?s=96&d=mm&r=g\",\"url\":\"https:\\\/\\\/secure.gravatar.com\\\/avatar\\\/ccc17943b9d660506c869530f897617f7cb1c21a4bf30023f252596d83e1f007?s=96&d=mm&r=g\",\"contentUrl\":\"https:\\\/\\\/secure.gravatar.com\\\/avatar\\\/ccc17943b9d660506c869530f897617f7cb1c21a4bf30023f252596d83e1f007?s=96&d=mm&r=g\",\"caption\":\"admin\"},\"sameAs\":[\"https:\\\/\\\/kibrisdakik.com\"],\"url\":\"https:\\\/\\\/kibrisdakik.com\\\/?author=1\"}]}<\/script>\n<!-- \/ Yoast SEO plugin. -->","yoast_head_json":{"title":"Cumhurba\u015fkan\u0131 Tatar, 24 Kas\u0131m \u00d6\u011fretmenler G\u00fcn\u00fc dolay\u0131s\u0131yla mesaj yay\u0131mlad\u0131 -","robots":{"index":"index","follow":"follow","max-snippet":"max-snippet:-1","max-image-preview":"max-image-preview:large","max-video-preview":"max-video-preview:-1"},"canonical":"https:\/\/kibrisdakik.com\/?p=19805","og_locale":"tr_TR","og_type":"article","og_title":"Cumhurba\u015fkan\u0131 Tatar, 24 Kas\u0131m \u00d6\u011fretmenler G\u00fcn\u00fc dolay\u0131s\u0131yla mesaj yay\u0131mlad\u0131 -","og_description":"Cumhurba\u015fkan\u0131 Ersin Tatar, 24 Kas\u0131m \u00d6\u011fretmenler G\u00fcn\u00fc dolay\u0131s\u0131yla mesaj yay\u0131mlad\u0131.&nbsp; Cumhurba\u015fkan\u0131 Tatar mesaj\u0131nda, \u201cBilgi \u00e7a\u011f\u0131nday\u0131z, b\u00fcy\u00fck teknolojik geli\u015fmeler ya\u015fan\u0131yor, b\u00f6yle bir zamanda kendi de\u011ferlerimize, hak ve menfaatlerimize sahip \u00e7\u0131kmam\u0131z gerekmektedir. Aksi takdirde ba\u015fkalar\u0131 haklar\u0131m\u0131z\u0131 al\u0131r ve onlar\u0131n g\u00fcd\u00fcm\u00fcne gireriz\u201d dedi.&nbsp; Cumhurba\u015fkanl\u0131\u011f\u0131ndan yap\u0131lan a\u00e7\u0131klamaya g\u00f6re Cumhurba\u015fkan\u0131 Tatar mesaj\u0131nda, T\u00fcrkiye Cumhuriyeti\u2019nin kurucusu B\u00fcy\u00fck \u00d6nder Mustafa Kemal Atat\u00fcrk\u2019\u00fcn","og_url":"https:\/\/kibrisdakik.com\/?p=19805","article_published_time":"2023-11-23T16:41:57+00:00","og_image":[{"width":710,"height":370,"url":"https:\/\/kibrisdakik.com\/wp-content\/uploads\/2023\/11\/cumhurbaskani-tatar-24-kasim-ogretmenler-gunu-dolayisiyla-mesaj-yayimladi-1700754646.webp.webp","type":"image\/webp"}],"author":"admin","twitter_card":"summary_large_image","twitter_misc":{"Yazan:":"admin","Tahmini okuma s\u00fcresi":"2 dakika"},"schema":{"@context":"https:\/\/schema.org","@graph":[{"@type":"Article","@id":"https:\/\/kibrisdakik.com\/?p=19805#article","isPartOf":{"@id":"https:\/\/kibrisdakik.com\/?p=19805"},"author":{"name":"admin","@id":"https:\/\/kibrisdakik.com\/#\/schema\/person\/9cd9d437bbb44f72b73ba127e06d8e79"},"headline":"Cumhurba\u015fkan\u0131 Tatar, 24 Kas\u0131m \u00d6\u011fretmenler G\u00fcn\u00fc dolay\u0131s\u0131yla mesaj yay\u0131mlad\u0131","datePublished":"2023-11-23T16:41:57+00:00","mainEntityOfPage":{"@id":"https:\/\/kibrisdakik.com\/?p=19805"},"wordCount":492,"commentCount":0,"image":{"@id":"https:\/\/kibrisdakik.com\/?p=19805#primaryimage"},"thumbnailUrl":"https:\/\/kibrisdakik.com\/wp-content\/uploads\/2023\/11\/cumhurbaskani-tatar-24-kasim-ogretmenler-gunu-dolayisiyla-mesaj-yayimladi-1700754646.webp.webp","articleSection":["Spor"],"inLanguage":"tr","potentialAction":[{"@type":"CommentAction","name":"Comment","target":["https:\/\/kibrisdakik.com\/?p=19805#respond"]}]},{"@type":"WebPage","@id":"https:\/\/kibrisdakik.com\/?p=19805","url":"https:\/\/kibrisdakik.com\/?p=19805","name":"Cumhurba\u015fkan\u0131 Tatar, 24 Kas\u0131m \u00d6\u011fretmenler G\u00fcn\u00fc dolay\u0131s\u0131yla mesaj yay\u0131mlad\u0131 -","isPartOf":{"@id":"https:\/\/kibrisdakik.com\/#website"},"primaryImageOfPage":{"@id":"https:\/\/kibrisdakik.com\/?p=19805#primaryimage"},"image":{"@id":"https:\/\/kibrisdakik.com\/?p=19805#primaryimage"},"thumbnailUrl":"https:\/\/kibrisdakik.com\/wp-content\/uploads\/2023\/11\/cumhurbaskani-tatar-24-kasim-ogretmenler-gunu-dolayisiyla-mesaj-yayimladi-1700754646.webp.webp","datePublished":"2023-11-23T16:41:57+00:00","author":{"@id":"https:\/\/kibrisdakik.com\/#\/schema\/person\/9cd9d437bbb44f72b73ba127e06d8e79"},"breadcrumb":{"@id":"https:\/\/kibrisdakik.com\/?p=19805#breadcrumb"},"inLanguage":"tr","potentialAction":[{"@type":"ReadAction","target":["https:\/\/kibrisdakik.com\/?p=19805"]}]},{"@type":"ImageObject","inLanguage":"tr","@id":"https:\/\/kibrisdakik.com\/?p=19805#primaryimage","url":"https:\/\/kibrisdakik.com\/wp-content\/uploads\/2023\/11\/cumhurbaskani-tatar-24-kasim-ogretmenler-gunu-dolayisiyla-mesaj-yayimladi-1700754646.webp.webp","contentUrl":"https:\/\/kibrisdakik.com\/wp-content\/uploads\/2023\/11\/cumhurbaskani-tatar-24-kasim-ogretmenler-gunu-dolayisiyla-mesaj-yayimladi-1700754646.webp.webp","width":710,"height":370},{"@type":"BreadcrumbList","@id":"https:\/\/kibrisdakik.com\/?p=19805#breadcrumb","itemListElement":[{"@type":"ListItem","position":1,"name":"Home","item":"https:\/\/kibrisdakik.com\/"},{"@type":"ListItem","position":2,"name":"Cumhurba\u015fkan\u0131 Tatar, 24 Kas\u0131m \u00d6\u011fretmenler G\u00fcn\u00fc dolay\u0131s\u0131yla mesaj yay\u0131mlad\u0131"}]},{"@type":"WebSite","@id":"https:\/\/kibrisdakik.com\/#website","url":"https:\/\/kibrisdakik.com\/","name":"","description":"Tam vaktinde haber","potentialAction":[{"@type":"SearchAction","target":{"@type":"EntryPoint","urlTemplate":"https:\/\/kibrisdakik.com\/?s={search_term_string}"},"query-input":{"@type":"PropertyValueSpecification","valueRequired":true,"valueName":"search_term_string"}}],"inLanguage":"tr"},{"@type":"Person","@id":"https:\/\/kibrisdakik.com\/#\/schema\/person\/9cd9d437bbb44f72b73ba127e06d8e79","name":"admin","image":{"@type":"ImageObject","inLanguage":"tr","@id":"https:\/\/secure.gravatar.com\/avatar\/ccc17943b9d660506c869530f897617f7cb1c21a4bf30023f252596d83e1f007?s=96&d=mm&r=g","url":"https:\/\/secure.gravatar.com\/avatar\/ccc17943b9d660506c869530f897617f7cb1c21a4bf30023f252596d83e1f007?s=96&d=mm&r=g","contentUrl":"https:\/\/secure.gravatar.com\/avatar\/ccc17943b9d660506c869530f897617f7cb1c21a4bf30023f252596d83e1f007?s=96&d=mm&r=g","caption":"admin"},"sameAs":["https:\/\/kibrisdakik.com"],"url":"https:\/\/kibrisdakik.com\/?author=1"}]}},"_links":{"self":[{"href":"https:\/\/kibrisdakik.com\/index.php?rest_route=\/wp\/v2\/posts\/19805","targetHints":{"allow":["GET"]}}],"collection":[{"href":"https:\/\/kibrisdakik.com\/index.php?rest_route=\/wp\/v2\/posts"}],"about":[{"href":"https:\/\/kibrisdakik.com\/index.php?rest_route=\/wp\/v2\/types\/post"}],"author":[{"embeddable":true,"href":"https:\/\/kibrisdakik.com\/index.php?rest_route=\/wp\/v2\/users\/1"}],"replies":[{"embeddable":true,"href":"https:\/\/kibrisdakik.com\/index.php?rest_route=%2Fwp%2Fv2%2Fcomments&post=19805"}],"version-history":[{"count":0,"href":"https:\/\/kibrisdakik.com\/index.php?rest_route=\/wp\/v2\/posts\/19805\/revisions"}],"wp:featuredmedia":[{"embeddable":true,"href":"https:\/\/kibrisdakik.com\/index.php?rest_route=\/wp\/v2\/media\/19806"}],"wp:attachment":[{"href":"https:\/\/kibrisdakik.com\/index.php?rest_route=%2Fwp%2Fv2%2Fmedia&parent=19805"}],"wp:term":[{"taxonomy":"category","embeddable":true,"href":"https:\/\/kibrisdakik.com\/index.php?rest_route=%2Fwp%2Fv2%2Fcategories&post=19805"},{"taxonomy":"post_tag","embeddable":true,"href":"https:\/\/kibrisdakik.com\/index.php?rest_route=%2Fwp%2Fv2%2Ftags&post=19805"}],"curies":[{"name":"wp","href":"https:\/\/api.w.org\/{rel}","templated":true}]}}