{"id":19834,"date":"2023-11-23T21:27:02","date_gmt":"2023-11-23T21:27:02","guid":{"rendered":"https:\/\/kibrisdakik.com\/index.php\/2023\/11\/23\/hollandada-8-tren-istasyonunda-filistine-destek-icin-oturma-eylemleri-yapildi\/"},"modified":"2023-11-23T21:27:02","modified_gmt":"2023-11-23T21:27:02","slug":"hollandada-8-tren-istasyonunda-filistine-destek-icin-oturma-eylemleri-yapildi","status":"publish","type":"post","link":"https:\/\/kibrisdakik.com\/?p=19834","title":{"rendered":"Hollanda&#039;da 8 tren istasyonunda Filistin&#039;e destek i\u00e7in oturma eylemleri yap\u0131ld\u0131"},"content":{"rendered":"<p><img decoding=\"async\" src=\"https:\/\/www.kibristurk.com\/images\/haberler\/2023\/11\/hollandada-8-tren-istasyonunda-filistine-destek-icin-oturma-eylemleri-yapildi-1700773667.webp\" \/><\/p>\n<p>Hollanda&#8217;n\u0131n bir\u00e7ok kentindeki tren istasyonlar\u0131nda, Filistin&#8217;e destek i\u00e7in oturma eylemleri d\u00fczenlendi.<\/p>\n<p>Rotterdam merkez tren istasyonunda toplanan g\u00f6stericiler, Filistin bayraklar\u0131n\u0131 sallayarak &#8220;ate\u015fkes&#8221; \u00e7a\u011fr\u0131s\u0131 yapt\u0131.<\/p>\n<p>Eylemciler, \u0130srail&#8217;e destek verdi\u011fi gerek\u00e7esiyle Hollanda h\u00fck\u00fcmetine tepki g\u00f6sterdi.<\/p>\n<p>\u00dclkede d\u00fcn ger\u00e7ekle\u015fen genel se\u00e7imleri a\u00e7\u0131k farkla \u00f6nde tamamlayan Geert Wilders liderli\u011findeki \u0130slam d\u00fc\u015fman\u0131 ve a\u015f\u0131r\u0131 sa\u011fc\u0131 \u00d6zg\u00fcrl\u00fck Partisi&#8217;ne (PVV) de tepki g\u00f6steren g\u00f6stericiler, &#8220;Hollanda finans ediyor, \u0130srail bombal\u0131yor&#8221;, &#8220;PVV\u2019yi istemiyoruz&#8221;, &#8220;Wilders sen g\u00f6receksin, Filistin \u00d6zg\u00fcr olacak&#8221; ve &#8220;Nehirden denize \u00f6zg\u00fcr Filistin&#8221; sloganlar\u0131 att\u0131.<\/p>\n<h3>&#8220;Wilders kesinlikle \u0130srail yanl\u0131s\u0131&#8221;<\/h3>\n<p>Hollandal\u0131 g\u00f6sterici Anita Risseeuw, AA muhabirine yapt\u0131\u011f\u0131 a\u00e7\u0131klamada, Filistin halk\u0131n\u0131n, \u00f6zellikle de Gazze&#8217;nin durumuna dikkati \u00e7ekmek i\u00e7in istasyonda oturma eylemi yapt\u0131klar\u0131n\u0131 s\u00f6yledi.<\/p>\n<p>Risseeuw, &#8220;Orada ya\u015fananlar tam anlam\u0131yla bir soyk\u0131r\u0131md\u0131r. Filistinliler ve Gazze halk\u0131 i\u00e7in nihayet \u00f6zg\u00fcrl\u00fck ve adalet sa\u011flanana kadar Gazze ve Filistin davas\u0131na dikkat \u00e7ekmeye devam etmek istiyoruz.\u201d dedi.<\/p>\n<p>Hollanda&#8217;da 22 Kas\u0131m&#8217;da ger\u00e7ekle\u015fen genel se\u00e7imlerin sonucunun &#8220;korkun\u00e7&#8221; oldu\u011funu belirten Risseeuw, &#8220;Sonu\u00e7 iyi de\u011fil. Sonu\u00e7, Hollanda i\u00e7in de iyi de\u011fil, Gazze halk\u0131 i\u00e7in de iyi de\u011fil. \u00c7\u00fcnk\u00fc Wilders kesinlikle \u0130srail yanl\u0131s\u0131. Biz bunu biliyoruz. \u0130srail&#8217;deki insanlarla \u00e7ok yak\u0131n ili\u015fkileri var. \u0130ktidara gelirse Hollanda ile Filistin devleti aras\u0131ndaki ili\u015fki daha da k\u00f6t\u00fcle\u015fecek.\u201d ifadesini kulland\u0131.<\/p>\n<h3>&#8220;(Gazze) A\u00e7\u0131k hava hapishanesi de\u011fil, oras\u0131 bir toplama kamp\u0131&#8221;<\/h3>\n<p>Se\u00e7imlerin sonucunun dramatik oldu\u011funu ifade eden Camila Witte ise &#8220;\u0130nsanlar\u0131n ba\u015fkalar\u0131n\u0131n \u00f6zg\u00fcrl\u00fc\u011f\u00fcne kar\u015f\u0131 oy vermesini anlayam\u0131yorum.&#8221; diye konu\u015ftu.<\/p>\n<p>Witte, Gazze&#8217;deki durumun i\u00e7ler ac\u0131s\u0131 oldu\u011funu anlatarak, &#8220;Soyk\u0131r\u0131m ve etnik temizlik zamanlar\u0131nda tarafs\u0131z bir pozisyon almay\u0131 tercih etmek, benim i\u00e7in bir se\u00e7enek de\u011fil. Tarafs\u0131z bir tutum sergileyen insanlar\u0131n asl\u0131nda su\u00e7 orta\u011f\u0131 oldu\u011funu d\u00fc\u015f\u00fcn\u00fcyorum.&#8221; de\u011ferlendirmesinde bulundu.<\/p>\n<p>Gazze&#8217;de \u00e7at\u0131\u015fmalara verilen insani ara s\u00fcrecinin sa\u00e7ma oldu\u011funa vurgu yapan Witte, \u015funlar\u0131 kaydetti:<\/p>\n<p>&#8220;Bu durum ara verme ilgili de\u011fil, durdurmayla ilgili, bombalaman\u0131n durdurulmas\u0131yla ilgili. \u0130nsanlar a\u00e7\u0131k hava hapishanesinden bahsediyor. A\u00e7\u0131k hava hapishanesi de\u011fil, oras\u0131 bir toplama kamp\u0131. \u0130nsanlar 75 y\u0131ld\u0131r bask\u0131 alt\u0131nda ya\u015f\u0131yor. Orada ya\u015fayan insanlar\u0131n \u00f6zg\u00fcrl\u00fc\u011f\u00fcyle ilgili.&#8221;<\/p>\n<p>Geke Hasperhoven da gerekti\u011fi kadar eylem yapmaya devam edeceklerini belirterek, &#8220;Biz Filistin&#8217;in i\u015fgaline kar\u015f\u0131y\u0131z. Ve bu son bulmal\u0131. Bunu istasyonlarda yap\u0131yoruz \u00e7\u00fcnk\u00fc bir\u00e7ok insan istasyonlarda seyahat ediyor.&#8221; dedi.<\/p>\n<p>Wilders&#8217;in Filistinliler\u2019in lehine \u00e7al\u0131\u015faca\u011f\u0131n\u0131 d\u00fc\u015f\u00fcnmedi\u011fini kaydeden Hasperhoven, &#8220;Bu da bizim burada olmam\u0131z\u0131 daha da \u00f6nemli k\u0131l\u0131yor.&#8221; ifadesini kulland\u0131.<\/p>\n<p>Filistin&#8217;de hayat\u0131n\u0131 kaybedenler i\u00e7in bir dakikal\u0131k sayg\u0131 duru\u015funda bulunan g\u00f6stericilerin protestosu son buldu.<\/p>\n<p>Rotterdam ile e\u015f zamanl\u0131 olarak Amsterdam, Utrecht, Alkmaar, Almere, Roermond, Haarlem ve Enschede \u015fehirlerindeki tren istasyonlar\u0131nda da oturma eylemi yap\u0131ld\u0131.<\/p>\n<p>Hollanda&#8217;da 22 Kas\u0131m&#8217;da d\u00fczenlenen erken genel se\u00e7imlerde, Geert Wilders liderli\u011findeki \u0130slam d\u00fc\u015fman\u0131 ve a\u015f\u0131r\u0131 sa\u011fc\u0131 PVV a\u00e7\u0131k farkla ilk s\u0131ray\u0131 alm\u0131\u015ft\u0131.<\/p>\n<p>&nbsp;<\/p>\n","protected":false},"excerpt":{"rendered":"<p>Hollanda&#8217;n\u0131n bir\u00e7ok kentindeki tren istasyonlar\u0131nda, Filistin&#8217;e destek i\u00e7in oturma eylemleri d\u00fczenlendi. Rotterdam merkez tren istasyonunda toplanan g\u00f6stericiler, Filistin bayraklar\u0131n\u0131 sallayarak &#8220;ate\u015fkes&#8221; \u00e7a\u011fr\u0131s\u0131 yapt\u0131. Eylemciler, \u0130srail&#8217;e destek verdi\u011fi gerek\u00e7esiyle Hollanda h\u00fck\u00fcmetine tepki g\u00f6sterdi. \u00dclkede d\u00fcn ger\u00e7ekle\u015fen genel se\u00e7imleri a\u00e7\u0131k farkla \u00f6nde tamamlayan Geert Wilders liderli\u011findeki \u0130slam d\u00fc\u015fman\u0131 ve a\u015f\u0131r\u0131 sa\u011fc\u0131 \u00d6zg\u00fcrl\u00fck Partisi&#8217;ne (PVV) de tepki g\u00f6steren<\/p>\n","protected":false},"author":1,"featured_media":19835,"comment_status":"open","ping_status":"open","sticky":false,"template":"","format":"standard","meta":{"footnotes":""},"categories":[86],"tags":[],"class_list":["post-19834","post","type-post","status-publish","format-standard","has-post-thumbnail","hentry","category-turkiye"],"yoast_head":"<!-- This site is optimized with the Yoast SEO plugin v27.5 - https:\/\/yoast.com\/product\/yoast-seo-wordpress\/ -->\n<title>Hollanda&#039;da 8 tren istasyonunda Filistin&#039;e destek i\u00e7in oturma eylemleri yap\u0131ld\u0131 -<\/title>\n<meta name=\"robots\" content=\"index, follow, max-snippet:-1, max-image-preview:large, max-video-preview:-1\" \/>\n<link rel=\"canonical\" href=\"https:\/\/kibrisdakik.com\/?p=19834\" \/>\n<meta property=\"og:locale\" content=\"tr_TR\" \/>\n<meta property=\"og:type\" content=\"article\" \/>\n<meta property=\"og:title\" content=\"Hollanda&#039;da 8 tren istasyonunda Filistin&#039;e destek i\u00e7in oturma eylemleri yap\u0131ld\u0131 -\" \/>\n<meta property=\"og:description\" content=\"Hollanda&#8217;n\u0131n bir\u00e7ok kentindeki tren istasyonlar\u0131nda, Filistin&#8217;e destek i\u00e7in oturma eylemleri d\u00fczenlendi. Rotterdam merkez tren istasyonunda toplanan g\u00f6stericiler, Filistin bayraklar\u0131n\u0131 sallayarak &#8220;ate\u015fkes&#8221; \u00e7a\u011fr\u0131s\u0131 yapt\u0131. Eylemciler, \u0130srail&#8217;e destek verdi\u011fi gerek\u00e7esiyle Hollanda h\u00fck\u00fcmetine tepki g\u00f6sterdi. \u00dclkede d\u00fcn ger\u00e7ekle\u015fen genel se\u00e7imleri a\u00e7\u0131k farkla \u00f6nde tamamlayan Geert Wilders liderli\u011findeki \u0130slam d\u00fc\u015fman\u0131 ve a\u015f\u0131r\u0131 sa\u011fc\u0131 \u00d6zg\u00fcrl\u00fck Partisi&#8217;ne (PVV) de tepki g\u00f6steren\" \/>\n<meta property=\"og:url\" content=\"https:\/\/kibrisdakik.com\/?p=19834\" \/>\n<meta property=\"article:published_time\" content=\"2023-11-23T21:27:02+00:00\" \/>\n<meta property=\"og:image\" content=\"https:\/\/kibrisdakik.com\/wp-content\/uploads\/2023\/11\/hollandada-8-tren-istasyonunda-filistine-destek-icin-oturma-eylemleri-yapildi-1700773667.webp.webp\" \/>\n\t<meta property=\"og:image:width\" content=\"710\" \/>\n\t<meta property=\"og:image:height\" content=\"370\" \/>\n\t<meta property=\"og:image:type\" content=\"image\/webp\" \/>\n<meta name=\"author\" content=\"admin\" \/>\n<meta name=\"twitter:card\" content=\"summary_large_image\" \/>\n<meta name=\"twitter:label1\" content=\"Yazan:\" \/>\n\t<meta name=\"twitter:data1\" content=\"admin\" \/>\n\t<meta name=\"twitter:label2\" content=\"Tahmini okuma s\u00fcresi\" \/>\n\t<meta name=\"twitter:data2\" content=\"3 dakika\" \/>\n<script type=\"application\/ld+json\" class=\"yoast-schema-graph\">{\"@context\":\"https:\\\/\\\/schema.org\",\"@graph\":[{\"@type\":\"Article\",\"@id\":\"https:\\\/\\\/kibrisdakik.com\\\/?p=19834#article\",\"isPartOf\":{\"@id\":\"https:\\\/\\\/kibrisdakik.com\\\/?p=19834\"},\"author\":{\"name\":\"admin\",\"@id\":\"https:\\\/\\\/kibrisdakik.com\\\/#\\\/schema\\\/person\\\/9cd9d437bbb44f72b73ba127e06d8e79\"},\"headline\":\"Hollanda&#039;da 8 tren istasyonunda Filistin&#039;e destek i\u00e7in oturma eylemleri yap\u0131ld\u0131\",\"datePublished\":\"2023-11-23T21:27:02+00:00\",\"mainEntityOfPage\":{\"@id\":\"https:\\\/\\\/kibrisdakik.com\\\/?p=19834\"},\"wordCount\":552,\"commentCount\":0,\"image\":{\"@id\":\"https:\\\/\\\/kibrisdakik.com\\\/?p=19834#primaryimage\"},\"thumbnailUrl\":\"https:\\\/\\\/kibrisdakik.com\\\/wp-content\\\/uploads\\\/2023\\\/11\\\/hollandada-8-tren-istasyonunda-filistine-destek-icin-oturma-eylemleri-yapildi-1700773667.webp.webp\",\"articleSection\":[\"T\u00fcrkiye\"],\"inLanguage\":\"tr\",\"potentialAction\":[{\"@type\":\"CommentAction\",\"name\":\"Comment\",\"target\":[\"https:\\\/\\\/kibrisdakik.com\\\/?p=19834#respond\"]}]},{\"@type\":\"WebPage\",\"@id\":\"https:\\\/\\\/kibrisdakik.com\\\/?p=19834\",\"url\":\"https:\\\/\\\/kibrisdakik.com\\\/?p=19834\",\"name\":\"Hollanda&#039;da 8 tren istasyonunda Filistin&#039;e destek i\u00e7in oturma eylemleri yap\u0131ld\u0131 -\",\"isPartOf\":{\"@id\":\"https:\\\/\\\/kibrisdakik.com\\\/#website\"},\"primaryImageOfPage\":{\"@id\":\"https:\\\/\\\/kibrisdakik.com\\\/?p=19834#primaryimage\"},\"image\":{\"@id\":\"https:\\\/\\\/kibrisdakik.com\\\/?p=19834#primaryimage\"},\"thumbnailUrl\":\"https:\\\/\\\/kibrisdakik.com\\\/wp-content\\\/uploads\\\/2023\\\/11\\\/hollandada-8-tren-istasyonunda-filistine-destek-icin-oturma-eylemleri-yapildi-1700773667.webp.webp\",\"datePublished\":\"2023-11-23T21:27:02+00:00\",\"author\":{\"@id\":\"https:\\\/\\\/kibrisdakik.com\\\/#\\\/schema\\\/person\\\/9cd9d437bbb44f72b73ba127e06d8e79\"},\"breadcrumb\":{\"@id\":\"https:\\\/\\\/kibrisdakik.com\\\/?p=19834#breadcrumb\"},\"inLanguage\":\"tr\",\"potentialAction\":[{\"@type\":\"ReadAction\",\"target\":[\"https:\\\/\\\/kibrisdakik.com\\\/?p=19834\"]}]},{\"@type\":\"ImageObject\",\"inLanguage\":\"tr\",\"@id\":\"https:\\\/\\\/kibrisdakik.com\\\/?p=19834#primaryimage\",\"url\":\"https:\\\/\\\/kibrisdakik.com\\\/wp-content\\\/uploads\\\/2023\\\/11\\\/hollandada-8-tren-istasyonunda-filistine-destek-icin-oturma-eylemleri-yapildi-1700773667.webp.webp\",\"contentUrl\":\"https:\\\/\\\/kibrisdakik.com\\\/wp-content\\\/uploads\\\/2023\\\/11\\\/hollandada-8-tren-istasyonunda-filistine-destek-icin-oturma-eylemleri-yapildi-1700773667.webp.webp\",\"width\":710,\"height\":370},{\"@type\":\"BreadcrumbList\",\"@id\":\"https:\\\/\\\/kibrisdakik.com\\\/?p=19834#breadcrumb\",\"itemListElement\":[{\"@type\":\"ListItem\",\"position\":1,\"name\":\"Home\",\"item\":\"https:\\\/\\\/kibrisdakik.com\\\/\"},{\"@type\":\"ListItem\",\"position\":2,\"name\":\"Hollanda&#039;da 8 tren istasyonunda Filistin&#039;e destek i\u00e7in oturma eylemleri yap\u0131ld\u0131\"}]},{\"@type\":\"WebSite\",\"@id\":\"https:\\\/\\\/kibrisdakik.com\\\/#website\",\"url\":\"https:\\\/\\\/kibrisdakik.com\\\/\",\"name\":\"\",\"description\":\"Tam vaktinde haber\",\"potentialAction\":[{\"@type\":\"SearchAction\",\"target\":{\"@type\":\"EntryPoint\",\"urlTemplate\":\"https:\\\/\\\/kibrisdakik.com\\\/?s={search_term_string}\"},\"query-input\":{\"@type\":\"PropertyValueSpecification\",\"valueRequired\":true,\"valueName\":\"search_term_string\"}}],\"inLanguage\":\"tr\"},{\"@type\":\"Person\",\"@id\":\"https:\\\/\\\/kibrisdakik.com\\\/#\\\/schema\\\/person\\\/9cd9d437bbb44f72b73ba127e06d8e79\",\"name\":\"admin\",\"image\":{\"@type\":\"ImageObject\",\"inLanguage\":\"tr\",\"@id\":\"https:\\\/\\\/secure.gravatar.com\\\/avatar\\\/ccc17943b9d660506c869530f897617f7cb1c21a4bf30023f252596d83e1f007?s=96&d=mm&r=g\",\"url\":\"https:\\\/\\\/secure.gravatar.com\\\/avatar\\\/ccc17943b9d660506c869530f897617f7cb1c21a4bf30023f252596d83e1f007?s=96&d=mm&r=g\",\"contentUrl\":\"https:\\\/\\\/secure.gravatar.com\\\/avatar\\\/ccc17943b9d660506c869530f897617f7cb1c21a4bf30023f252596d83e1f007?s=96&d=mm&r=g\",\"caption\":\"admin\"},\"sameAs\":[\"https:\\\/\\\/kibrisdakik.com\"],\"url\":\"https:\\\/\\\/kibrisdakik.com\\\/?author=1\"}]}<\/script>\n<!-- \/ Yoast SEO plugin. -->","yoast_head_json":{"title":"Hollanda&#039;da 8 tren istasyonunda Filistin&#039;e destek i\u00e7in oturma eylemleri yap\u0131ld\u0131 -","robots":{"index":"index","follow":"follow","max-snippet":"max-snippet:-1","max-image-preview":"max-image-preview:large","max-video-preview":"max-video-preview:-1"},"canonical":"https:\/\/kibrisdakik.com\/?p=19834","og_locale":"tr_TR","og_type":"article","og_title":"Hollanda&#039;da 8 tren istasyonunda Filistin&#039;e destek i\u00e7in oturma eylemleri yap\u0131ld\u0131 -","og_description":"Hollanda&#8217;n\u0131n bir\u00e7ok kentindeki tren istasyonlar\u0131nda, Filistin&#8217;e destek i\u00e7in oturma eylemleri d\u00fczenlendi. Rotterdam merkez tren istasyonunda toplanan g\u00f6stericiler, Filistin bayraklar\u0131n\u0131 sallayarak &#8220;ate\u015fkes&#8221; \u00e7a\u011fr\u0131s\u0131 yapt\u0131. Eylemciler, \u0130srail&#8217;e destek verdi\u011fi gerek\u00e7esiyle Hollanda h\u00fck\u00fcmetine tepki g\u00f6sterdi. \u00dclkede d\u00fcn ger\u00e7ekle\u015fen genel se\u00e7imleri a\u00e7\u0131k farkla \u00f6nde tamamlayan Geert Wilders liderli\u011findeki \u0130slam d\u00fc\u015fman\u0131 ve a\u015f\u0131r\u0131 sa\u011fc\u0131 \u00d6zg\u00fcrl\u00fck Partisi&#8217;ne (PVV) de tepki g\u00f6steren","og_url":"https:\/\/kibrisdakik.com\/?p=19834","article_published_time":"2023-11-23T21:27:02+00:00","og_image":[{"width":710,"height":370,"url":"https:\/\/kibrisdakik.com\/wp-content\/uploads\/2023\/11\/hollandada-8-tren-istasyonunda-filistine-destek-icin-oturma-eylemleri-yapildi-1700773667.webp.webp","type":"image\/webp"}],"author":"admin","twitter_card":"summary_large_image","twitter_misc":{"Yazan:":"admin","Tahmini okuma s\u00fcresi":"3 dakika"},"schema":{"@context":"https:\/\/schema.org","@graph":[{"@type":"Article","@id":"https:\/\/kibrisdakik.com\/?p=19834#article","isPartOf":{"@id":"https:\/\/kibrisdakik.com\/?p=19834"},"author":{"name":"admin","@id":"https:\/\/kibrisdakik.com\/#\/schema\/person\/9cd9d437bbb44f72b73ba127e06d8e79"},"headline":"Hollanda&#039;da 8 tren istasyonunda Filistin&#039;e destek i\u00e7in oturma eylemleri yap\u0131ld\u0131","datePublished":"2023-11-23T21:27:02+00:00","mainEntityOfPage":{"@id":"https:\/\/kibrisdakik.com\/?p=19834"},"wordCount":552,"commentCount":0,"image":{"@id":"https:\/\/kibrisdakik.com\/?p=19834#primaryimage"},"thumbnailUrl":"https:\/\/kibrisdakik.com\/wp-content\/uploads\/2023\/11\/hollandada-8-tren-istasyonunda-filistine-destek-icin-oturma-eylemleri-yapildi-1700773667.webp.webp","articleSection":["T\u00fcrkiye"],"inLanguage":"tr","potentialAction":[{"@type":"CommentAction","name":"Comment","target":["https:\/\/kibrisdakik.com\/?p=19834#respond"]}]},{"@type":"WebPage","@id":"https:\/\/kibrisdakik.com\/?p=19834","url":"https:\/\/kibrisdakik.com\/?p=19834","name":"Hollanda&#039;da 8 tren istasyonunda Filistin&#039;e destek i\u00e7in oturma eylemleri yap\u0131ld\u0131 -","isPartOf":{"@id":"https:\/\/kibrisdakik.com\/#website"},"primaryImageOfPage":{"@id":"https:\/\/kibrisdakik.com\/?p=19834#primaryimage"},"image":{"@id":"https:\/\/kibrisdakik.com\/?p=19834#primaryimage"},"thumbnailUrl":"https:\/\/kibrisdakik.com\/wp-content\/uploads\/2023\/11\/hollandada-8-tren-istasyonunda-filistine-destek-icin-oturma-eylemleri-yapildi-1700773667.webp.webp","datePublished":"2023-11-23T21:27:02+00:00","author":{"@id":"https:\/\/kibrisdakik.com\/#\/schema\/person\/9cd9d437bbb44f72b73ba127e06d8e79"},"breadcrumb":{"@id":"https:\/\/kibrisdakik.com\/?p=19834#breadcrumb"},"inLanguage":"tr","potentialAction":[{"@type":"ReadAction","target":["https:\/\/kibrisdakik.com\/?p=19834"]}]},{"@type":"ImageObject","inLanguage":"tr","@id":"https:\/\/kibrisdakik.com\/?p=19834#primaryimage","url":"https:\/\/kibrisdakik.com\/wp-content\/uploads\/2023\/11\/hollandada-8-tren-istasyonunda-filistine-destek-icin-oturma-eylemleri-yapildi-1700773667.webp.webp","contentUrl":"https:\/\/kibrisdakik.com\/wp-content\/uploads\/2023\/11\/hollandada-8-tren-istasyonunda-filistine-destek-icin-oturma-eylemleri-yapildi-1700773667.webp.webp","width":710,"height":370},{"@type":"BreadcrumbList","@id":"https:\/\/kibrisdakik.com\/?p=19834#breadcrumb","itemListElement":[{"@type":"ListItem","position":1,"name":"Home","item":"https:\/\/kibrisdakik.com\/"},{"@type":"ListItem","position":2,"name":"Hollanda&#039;da 8 tren istasyonunda Filistin&#039;e destek i\u00e7in oturma eylemleri yap\u0131ld\u0131"}]},{"@type":"WebSite","@id":"https:\/\/kibrisdakik.com\/#website","url":"https:\/\/kibrisdakik.com\/","name":"","description":"Tam vaktinde haber","potentialAction":[{"@type":"SearchAction","target":{"@type":"EntryPoint","urlTemplate":"https:\/\/kibrisdakik.com\/?s={search_term_string}"},"query-input":{"@type":"PropertyValueSpecification","valueRequired":true,"valueName":"search_term_string"}}],"inLanguage":"tr"},{"@type":"Person","@id":"https:\/\/kibrisdakik.com\/#\/schema\/person\/9cd9d437bbb44f72b73ba127e06d8e79","name":"admin","image":{"@type":"ImageObject","inLanguage":"tr","@id":"https:\/\/secure.gravatar.com\/avatar\/ccc17943b9d660506c869530f897617f7cb1c21a4bf30023f252596d83e1f007?s=96&d=mm&r=g","url":"https:\/\/secure.gravatar.com\/avatar\/ccc17943b9d660506c869530f897617f7cb1c21a4bf30023f252596d83e1f007?s=96&d=mm&r=g","contentUrl":"https:\/\/secure.gravatar.com\/avatar\/ccc17943b9d660506c869530f897617f7cb1c21a4bf30023f252596d83e1f007?s=96&d=mm&r=g","caption":"admin"},"sameAs":["https:\/\/kibrisdakik.com"],"url":"https:\/\/kibrisdakik.com\/?author=1"}]}},"_links":{"self":[{"href":"https:\/\/kibrisdakik.com\/index.php?rest_route=\/wp\/v2\/posts\/19834","targetHints":{"allow":["GET"]}}],"collection":[{"href":"https:\/\/kibrisdakik.com\/index.php?rest_route=\/wp\/v2\/posts"}],"about":[{"href":"https:\/\/kibrisdakik.com\/index.php?rest_route=\/wp\/v2\/types\/post"}],"author":[{"embeddable":true,"href":"https:\/\/kibrisdakik.com\/index.php?rest_route=\/wp\/v2\/users\/1"}],"replies":[{"embeddable":true,"href":"https:\/\/kibrisdakik.com\/index.php?rest_route=%2Fwp%2Fv2%2Fcomments&post=19834"}],"version-history":[{"count":0,"href":"https:\/\/kibrisdakik.com\/index.php?rest_route=\/wp\/v2\/posts\/19834\/revisions"}],"wp:featuredmedia":[{"embeddable":true,"href":"https:\/\/kibrisdakik.com\/index.php?rest_route=\/wp\/v2\/media\/19835"}],"wp:attachment":[{"href":"https:\/\/kibrisdakik.com\/index.php?rest_route=%2Fwp%2Fv2%2Fmedia&parent=19834"}],"wp:term":[{"taxonomy":"category","embeddable":true,"href":"https:\/\/kibrisdakik.com\/index.php?rest_route=%2Fwp%2Fv2%2Fcategories&post=19834"},{"taxonomy":"post_tag","embeddable":true,"href":"https:\/\/kibrisdakik.com\/index.php?rest_route=%2Fwp%2Fv2%2Ftags&post=19834"}],"curies":[{"name":"wp","href":"https:\/\/api.w.org\/{rel}","templated":true}]}}