{"id":19856,"date":"2023-11-24T09:32:28","date_gmt":"2023-11-24T09:32:28","guid":{"rendered":"https:\/\/kibrisdakik.com\/index.php\/2023\/11\/24\/ogretmenlerimiz-bugun-40-yilini-kutlayan-bagimsiz-devletimizi-emanet-edecegimiz-genclerimize-de-isik-oluyorlar\/"},"modified":"2023-11-24T09:32:28","modified_gmt":"2023-11-24T09:32:28","slug":"ogretmenlerimiz-bugun-40-yilini-kutlayan-bagimsiz-devletimizi-emanet-edecegimiz-genclerimize-de-isik-oluyorlar","status":"publish","type":"post","link":"https:\/\/kibrisdakik.com\/?p=19856","title":{"rendered":"\u201c\u00d6\u011fretmenlerimiz, bug\u00fcn 40. y\u0131l\u0131n\u0131 kutlayan ba\u011f\u0131ms\u0131z devletimizi emanet edece\u011fimiz, gen\u00e7lerimize de \u0131\u015f\u0131k oluyorlar\u201d"},"content":{"rendered":"<p><img decoding=\"async\" src=\"https:\/\/www.kibristurk.com\/images\/haberler\/2023\/11\/ogretmenlerimiz-bugun-40-yilini-kutlayan-bagimsiz-devletimizi-emanet-edecegimiz-genclerimize-de-isik-oluyorlar-1700815960.webp\" \/><\/p>\n<p><span style=\"font-size:16px !important\"><span style=\"font-family:Merriweather,serif !important\"><span style=\"color:#000000 !important\">Ba\u015fbakan \u00dcnal \u00dcstel, \u00f6\u011fretmenlerin 40. Kurulu\u015f y\u0131ld\u00f6n\u00fcm\u00fcn\u00fc kutlanan KKTC\u2019nin emanet edilece\u011fi gen\u00e7lere \u0131\u015f\u0131k oldu\u011funu kaydetti.<\/span><\/span><\/span><\/p>\n<p><span style=\"font-size:16px !important\"><span style=\"font-family:Merriweather,serif !important\"><span style=\"color:#000000 !important\">\u00dcstel yay\u0131nlad\u0131\u011f\u0131 24 Kas\u0131m \u00d6\u011fretmenler G\u00fcn\u00fc mesaj\u0131nda \u015funlara yer verdi:<\/span><\/span><\/span><\/p>\n<p><span style=\"font-size:16px !important\"><span style=\"font-family:Merriweather,serif !important\"><span style=\"color:#000000 !important\">\u201cMilli m\u00fccadele d\u00f6neminde, hem cephede hem de okulda g\u00f6rev yapan, cumhuriyetimizin ilk y\u0131llar\u0131nda, devletine ba\u011fl\u0131 yeni nesiller yeti\u015ftirmek i\u00e7in en zor ko\u015fullarda b\u00fcy\u00fck bir inan\u00e7la ve fedak\u00e2rca \u00e7al\u0131\u015fan \u00f6\u011fretmenlerimiz, bug\u00fcn 40. y\u0131l\u0131n\u0131 kutlayan ba\u011f\u0131ms\u0131z devletimizi emanet edece\u011fimiz, gen\u00e7lerimize de \u0131\u015f\u0131k oluyorlar.<\/span><\/span><\/span><\/p>\n<p><span style=\"font-size:16px !important\"><span style=\"font-family:Merriweather,serif !important\"><span style=\"color:#000000 !important\">O g\u00fcnlerin gen\u00e7leri olan bizleri yeti\u015ftirerek bu g\u00fcnlere ta\u015f\u0131yan, bug\u00fcn ise gelece\u011fimizin teminat\u0131 yavrular\u0131m\u0131z\u0131 yar\u0131nlara haz\u0131rlayarak g\u00f6revlerini en iyi \u015fekilde yerine getiren de\u011ferli \u00f6\u011fretmenlerimizin bu \u00f6zel g\u00fcnlerini kutluyorum.<\/span><\/span><\/span><\/p>\n<p><span style=\"font-size:16px !important\"><span style=\"font-family:Merriweather,serif !important\"><span style=\"color:#000000 !important\">Milli e\u011fitimin bir devletin ya\u015famas\u0131 ve ya\u015fat\u0131lmas\u0131 noktas\u0131nda ya\u015famsal \u00f6neme sahip oldu\u011funa y\u00fcrekten inanan insanlar olarak, e\u011fitimin geli\u015fmesi y\u00f6n\u00fcnde \u00fcst\u00fcm\u00fcze d\u00fc\u015fen t\u00fcm sorumluluklardan ka\u00e7\u0131nmayaca\u011f\u0131m\u0131z\u0131 bu \u00f6zel g\u00fcnde bir kez daha vurgulamak istiyorum.<\/span><\/span><\/span><\/p>\n<p><span style=\"font-size:16px !important\"><span style=\"font-family:Merriweather,serif !important\"><span style=\"color:#000000 !important\">Bu vesile ile B\u00fcy\u00fck \u00d6nder Mustafa Kemal Atat\u00fcrk\u2019e Millet Mektepleri Ba\u015f\u00f6\u011fretmenlik unvan\u0131n\u0131n verilmesi dolay\u0131s\u0131 ile idrak edilen \u00d6\u011fretmenler G\u00fcn\u00fcnde t\u00fcm \u00f6\u011fretmenlerimizi bir kez daha y\u00fcrekten kutluyor, sevgi ve sayg\u0131lar\u0131m\u0131 sunuyor, ebediyete intikal eden b\u00fct\u00fcn \u00f6\u011fretmenlerimizi rahmet ve minnetle an\u0131yorum.\u201d<\/span><\/span><\/span><\/p>\n","protected":false},"excerpt":{"rendered":"<p>Ba\u015fbakan \u00dcnal \u00dcstel, \u00f6\u011fretmenlerin 40. Kurulu\u015f y\u0131ld\u00f6n\u00fcm\u00fcn\u00fc kutlanan KKTC\u2019nin emanet edilece\u011fi gen\u00e7lere \u0131\u015f\u0131k oldu\u011funu kaydetti. \u00dcstel yay\u0131nlad\u0131\u011f\u0131 24 Kas\u0131m \u00d6\u011fretmenler G\u00fcn\u00fc mesaj\u0131nda \u015funlara yer verdi: \u201cMilli m\u00fccadele d\u00f6neminde, hem cephede hem de okulda g\u00f6rev yapan, cumhuriyetimizin ilk y\u0131llar\u0131nda, devletine ba\u011fl\u0131 yeni nesiller yeti\u015ftirmek i\u00e7in en zor ko\u015fullarda b\u00fcy\u00fck bir inan\u00e7la ve fedak\u00e2rca \u00e7al\u0131\u015fan \u00f6\u011fretmenlerimiz, bug\u00fcn<\/p>\n","protected":false},"author":1,"featured_media":19857,"comment_status":"open","ping_status":"open","sticky":false,"template":"","format":"standard","meta":{"footnotes":""},"categories":[1],"tags":[],"class_list":["post-19856","post","type-post","status-publish","format-standard","has-post-thumbnail","hentry","category-gundem"],"yoast_head":"<!-- This site is optimized with the Yoast SEO plugin v27.5 - https:\/\/yoast.com\/product\/yoast-seo-wordpress\/ -->\n<title>\u201c\u00d6\u011fretmenlerimiz, bug\u00fcn 40. y\u0131l\u0131n\u0131 kutlayan ba\u011f\u0131ms\u0131z devletimizi emanet edece\u011fimiz, gen\u00e7lerimize de \u0131\u015f\u0131k oluyorlar\u201d -<\/title>\n<meta name=\"robots\" content=\"index, follow, max-snippet:-1, max-image-preview:large, max-video-preview:-1\" \/>\n<link rel=\"canonical\" href=\"https:\/\/kibrisdakik.com\/?p=19856\" \/>\n<meta property=\"og:locale\" content=\"tr_TR\" \/>\n<meta property=\"og:type\" content=\"article\" \/>\n<meta property=\"og:title\" content=\"\u201c\u00d6\u011fretmenlerimiz, bug\u00fcn 40. y\u0131l\u0131n\u0131 kutlayan ba\u011f\u0131ms\u0131z devletimizi emanet edece\u011fimiz, gen\u00e7lerimize de \u0131\u015f\u0131k oluyorlar\u201d -\" \/>\n<meta property=\"og:description\" content=\"Ba\u015fbakan \u00dcnal \u00dcstel, \u00f6\u011fretmenlerin 40. Kurulu\u015f y\u0131ld\u00f6n\u00fcm\u00fcn\u00fc kutlanan KKTC\u2019nin emanet edilece\u011fi gen\u00e7lere \u0131\u015f\u0131k oldu\u011funu kaydetti. \u00dcstel yay\u0131nlad\u0131\u011f\u0131 24 Kas\u0131m \u00d6\u011fretmenler G\u00fcn\u00fc mesaj\u0131nda \u015funlara yer verdi: \u201cMilli m\u00fccadele d\u00f6neminde, hem cephede hem de okulda g\u00f6rev yapan, cumhuriyetimizin ilk y\u0131llar\u0131nda, devletine ba\u011fl\u0131 yeni nesiller yeti\u015ftirmek i\u00e7in en zor ko\u015fullarda b\u00fcy\u00fck bir inan\u00e7la ve fedak\u00e2rca \u00e7al\u0131\u015fan \u00f6\u011fretmenlerimiz, bug\u00fcn\" \/>\n<meta property=\"og:url\" content=\"https:\/\/kibrisdakik.com\/?p=19856\" \/>\n<meta property=\"article:published_time\" content=\"2023-11-24T09:32:28+00:00\" \/>\n<meta property=\"og:image\" content=\"https:\/\/kibrisdakik.com\/wp-content\/uploads\/2023\/11\/ogretmenlerimiz-bugun-40-yilini-kutlayan-bagimsiz-devletimizi-emanet-edecegimiz-genclerimize-de-isik-oluyorlar-1700815960.webp.webp\" \/>\n\t<meta property=\"og:image:width\" content=\"710\" \/>\n\t<meta property=\"og:image:height\" content=\"370\" \/>\n\t<meta property=\"og:image:type\" content=\"image\/webp\" \/>\n<meta name=\"author\" content=\"admin\" \/>\n<meta name=\"twitter:card\" content=\"summary_large_image\" \/>\n<meta name=\"twitter:label1\" content=\"Yazan:\" \/>\n\t<meta name=\"twitter:data1\" content=\"admin\" \/>\n\t<meta name=\"twitter:label2\" content=\"Tahmini okuma s\u00fcresi\" \/>\n\t<meta name=\"twitter:data2\" content=\"1 dakika\" \/>\n<script type=\"application\/ld+json\" class=\"yoast-schema-graph\">{\"@context\":\"https:\\\/\\\/schema.org\",\"@graph\":[{\"@type\":\"Article\",\"@id\":\"https:\\\/\\\/kibrisdakik.com\\\/?p=19856#article\",\"isPartOf\":{\"@id\":\"https:\\\/\\\/kibrisdakik.com\\\/?p=19856\"},\"author\":{\"name\":\"admin\",\"@id\":\"https:\\\/\\\/kibrisdakik.com\\\/#\\\/schema\\\/person\\\/9cd9d437bbb44f72b73ba127e06d8e79\"},\"headline\":\"\u201c\u00d6\u011fretmenlerimiz, bug\u00fcn 40. y\u0131l\u0131n\u0131 kutlayan ba\u011f\u0131ms\u0131z devletimizi emanet edece\u011fimiz, gen\u00e7lerimize de \u0131\u015f\u0131k oluyorlar\u201d\",\"datePublished\":\"2023-11-24T09:32:28+00:00\",\"mainEntityOfPage\":{\"@id\":\"https:\\\/\\\/kibrisdakik.com\\\/?p=19856\"},\"wordCount\":266,\"commentCount\":0,\"image\":{\"@id\":\"https:\\\/\\\/kibrisdakik.com\\\/?p=19856#primaryimage\"},\"thumbnailUrl\":\"https:\\\/\\\/kibrisdakik.com\\\/wp-content\\\/uploads\\\/2023\\\/11\\\/ogretmenlerimiz-bugun-40-yilini-kutlayan-bagimsiz-devletimizi-emanet-edecegimiz-genclerimize-de-isik-oluyorlar-1700815960.webp.webp\",\"articleSection\":[\"G\u00fcndem\"],\"inLanguage\":\"tr\",\"potentialAction\":[{\"@type\":\"CommentAction\",\"name\":\"Comment\",\"target\":[\"https:\\\/\\\/kibrisdakik.com\\\/?p=19856#respond\"]}]},{\"@type\":\"WebPage\",\"@id\":\"https:\\\/\\\/kibrisdakik.com\\\/?p=19856\",\"url\":\"https:\\\/\\\/kibrisdakik.com\\\/?p=19856\",\"name\":\"\u201c\u00d6\u011fretmenlerimiz, bug\u00fcn 40. y\u0131l\u0131n\u0131 kutlayan ba\u011f\u0131ms\u0131z devletimizi emanet edece\u011fimiz, gen\u00e7lerimize de \u0131\u015f\u0131k oluyorlar\u201d -\",\"isPartOf\":{\"@id\":\"https:\\\/\\\/kibrisdakik.com\\\/#website\"},\"primaryImageOfPage\":{\"@id\":\"https:\\\/\\\/kibrisdakik.com\\\/?p=19856#primaryimage\"},\"image\":{\"@id\":\"https:\\\/\\\/kibrisdakik.com\\\/?p=19856#primaryimage\"},\"thumbnailUrl\":\"https:\\\/\\\/kibrisdakik.com\\\/wp-content\\\/uploads\\\/2023\\\/11\\\/ogretmenlerimiz-bugun-40-yilini-kutlayan-bagimsiz-devletimizi-emanet-edecegimiz-genclerimize-de-isik-oluyorlar-1700815960.webp.webp\",\"datePublished\":\"2023-11-24T09:32:28+00:00\",\"author\":{\"@id\":\"https:\\\/\\\/kibrisdakik.com\\\/#\\\/schema\\\/person\\\/9cd9d437bbb44f72b73ba127e06d8e79\"},\"breadcrumb\":{\"@id\":\"https:\\\/\\\/kibrisdakik.com\\\/?p=19856#breadcrumb\"},\"inLanguage\":\"tr\",\"potentialAction\":[{\"@type\":\"ReadAction\",\"target\":[\"https:\\\/\\\/kibrisdakik.com\\\/?p=19856\"]}]},{\"@type\":\"ImageObject\",\"inLanguage\":\"tr\",\"@id\":\"https:\\\/\\\/kibrisdakik.com\\\/?p=19856#primaryimage\",\"url\":\"https:\\\/\\\/kibrisdakik.com\\\/wp-content\\\/uploads\\\/2023\\\/11\\\/ogretmenlerimiz-bugun-40-yilini-kutlayan-bagimsiz-devletimizi-emanet-edecegimiz-genclerimize-de-isik-oluyorlar-1700815960.webp.webp\",\"contentUrl\":\"https:\\\/\\\/kibrisdakik.com\\\/wp-content\\\/uploads\\\/2023\\\/11\\\/ogretmenlerimiz-bugun-40-yilini-kutlayan-bagimsiz-devletimizi-emanet-edecegimiz-genclerimize-de-isik-oluyorlar-1700815960.webp.webp\",\"width\":710,\"height\":370},{\"@type\":\"BreadcrumbList\",\"@id\":\"https:\\\/\\\/kibrisdakik.com\\\/?p=19856#breadcrumb\",\"itemListElement\":[{\"@type\":\"ListItem\",\"position\":1,\"name\":\"Home\",\"item\":\"https:\\\/\\\/kibrisdakik.com\\\/\"},{\"@type\":\"ListItem\",\"position\":2,\"name\":\"\u201c\u00d6\u011fretmenlerimiz, bug\u00fcn 40. y\u0131l\u0131n\u0131 kutlayan ba\u011f\u0131ms\u0131z devletimizi emanet edece\u011fimiz, gen\u00e7lerimize de \u0131\u015f\u0131k oluyorlar\u201d\"}]},{\"@type\":\"WebSite\",\"@id\":\"https:\\\/\\\/kibrisdakik.com\\\/#website\",\"url\":\"https:\\\/\\\/kibrisdakik.com\\\/\",\"name\":\"\",\"description\":\"Tam vaktinde haber\",\"potentialAction\":[{\"@type\":\"SearchAction\",\"target\":{\"@type\":\"EntryPoint\",\"urlTemplate\":\"https:\\\/\\\/kibrisdakik.com\\\/?s={search_term_string}\"},\"query-input\":{\"@type\":\"PropertyValueSpecification\",\"valueRequired\":true,\"valueName\":\"search_term_string\"}}],\"inLanguage\":\"tr\"},{\"@type\":\"Person\",\"@id\":\"https:\\\/\\\/kibrisdakik.com\\\/#\\\/schema\\\/person\\\/9cd9d437bbb44f72b73ba127e06d8e79\",\"name\":\"admin\",\"image\":{\"@type\":\"ImageObject\",\"inLanguage\":\"tr\",\"@id\":\"https:\\\/\\\/secure.gravatar.com\\\/avatar\\\/ccc17943b9d660506c869530f897617f7cb1c21a4bf30023f252596d83e1f007?s=96&d=mm&r=g\",\"url\":\"https:\\\/\\\/secure.gravatar.com\\\/avatar\\\/ccc17943b9d660506c869530f897617f7cb1c21a4bf30023f252596d83e1f007?s=96&d=mm&r=g\",\"contentUrl\":\"https:\\\/\\\/secure.gravatar.com\\\/avatar\\\/ccc17943b9d660506c869530f897617f7cb1c21a4bf30023f252596d83e1f007?s=96&d=mm&r=g\",\"caption\":\"admin\"},\"sameAs\":[\"https:\\\/\\\/kibrisdakik.com\"],\"url\":\"https:\\\/\\\/kibrisdakik.com\\\/?author=1\"}]}<\/script>\n<!-- \/ Yoast SEO plugin. -->","yoast_head_json":{"title":"\u201c\u00d6\u011fretmenlerimiz, bug\u00fcn 40. y\u0131l\u0131n\u0131 kutlayan ba\u011f\u0131ms\u0131z devletimizi emanet edece\u011fimiz, gen\u00e7lerimize de \u0131\u015f\u0131k oluyorlar\u201d -","robots":{"index":"index","follow":"follow","max-snippet":"max-snippet:-1","max-image-preview":"max-image-preview:large","max-video-preview":"max-video-preview:-1"},"canonical":"https:\/\/kibrisdakik.com\/?p=19856","og_locale":"tr_TR","og_type":"article","og_title":"\u201c\u00d6\u011fretmenlerimiz, bug\u00fcn 40. y\u0131l\u0131n\u0131 kutlayan ba\u011f\u0131ms\u0131z devletimizi emanet edece\u011fimiz, gen\u00e7lerimize de \u0131\u015f\u0131k oluyorlar\u201d -","og_description":"Ba\u015fbakan \u00dcnal \u00dcstel, \u00f6\u011fretmenlerin 40. Kurulu\u015f y\u0131ld\u00f6n\u00fcm\u00fcn\u00fc kutlanan KKTC\u2019nin emanet edilece\u011fi gen\u00e7lere \u0131\u015f\u0131k oldu\u011funu kaydetti. \u00dcstel yay\u0131nlad\u0131\u011f\u0131 24 Kas\u0131m \u00d6\u011fretmenler G\u00fcn\u00fc mesaj\u0131nda \u015funlara yer verdi: \u201cMilli m\u00fccadele d\u00f6neminde, hem cephede hem de okulda g\u00f6rev yapan, cumhuriyetimizin ilk y\u0131llar\u0131nda, devletine ba\u011fl\u0131 yeni nesiller yeti\u015ftirmek i\u00e7in en zor ko\u015fullarda b\u00fcy\u00fck bir inan\u00e7la ve fedak\u00e2rca \u00e7al\u0131\u015fan \u00f6\u011fretmenlerimiz, bug\u00fcn","og_url":"https:\/\/kibrisdakik.com\/?p=19856","article_published_time":"2023-11-24T09:32:28+00:00","og_image":[{"width":710,"height":370,"url":"https:\/\/kibrisdakik.com\/wp-content\/uploads\/2023\/11\/ogretmenlerimiz-bugun-40-yilini-kutlayan-bagimsiz-devletimizi-emanet-edecegimiz-genclerimize-de-isik-oluyorlar-1700815960.webp.webp","type":"image\/webp"}],"author":"admin","twitter_card":"summary_large_image","twitter_misc":{"Yazan:":"admin","Tahmini okuma s\u00fcresi":"1 dakika"},"schema":{"@context":"https:\/\/schema.org","@graph":[{"@type":"Article","@id":"https:\/\/kibrisdakik.com\/?p=19856#article","isPartOf":{"@id":"https:\/\/kibrisdakik.com\/?p=19856"},"author":{"name":"admin","@id":"https:\/\/kibrisdakik.com\/#\/schema\/person\/9cd9d437bbb44f72b73ba127e06d8e79"},"headline":"\u201c\u00d6\u011fretmenlerimiz, bug\u00fcn 40. y\u0131l\u0131n\u0131 kutlayan ba\u011f\u0131ms\u0131z devletimizi emanet edece\u011fimiz, gen\u00e7lerimize de \u0131\u015f\u0131k oluyorlar\u201d","datePublished":"2023-11-24T09:32:28+00:00","mainEntityOfPage":{"@id":"https:\/\/kibrisdakik.com\/?p=19856"},"wordCount":266,"commentCount":0,"image":{"@id":"https:\/\/kibrisdakik.com\/?p=19856#primaryimage"},"thumbnailUrl":"https:\/\/kibrisdakik.com\/wp-content\/uploads\/2023\/11\/ogretmenlerimiz-bugun-40-yilini-kutlayan-bagimsiz-devletimizi-emanet-edecegimiz-genclerimize-de-isik-oluyorlar-1700815960.webp.webp","articleSection":["G\u00fcndem"],"inLanguage":"tr","potentialAction":[{"@type":"CommentAction","name":"Comment","target":["https:\/\/kibrisdakik.com\/?p=19856#respond"]}]},{"@type":"WebPage","@id":"https:\/\/kibrisdakik.com\/?p=19856","url":"https:\/\/kibrisdakik.com\/?p=19856","name":"\u201c\u00d6\u011fretmenlerimiz, bug\u00fcn 40. y\u0131l\u0131n\u0131 kutlayan ba\u011f\u0131ms\u0131z devletimizi emanet edece\u011fimiz, gen\u00e7lerimize de \u0131\u015f\u0131k oluyorlar\u201d -","isPartOf":{"@id":"https:\/\/kibrisdakik.com\/#website"},"primaryImageOfPage":{"@id":"https:\/\/kibrisdakik.com\/?p=19856#primaryimage"},"image":{"@id":"https:\/\/kibrisdakik.com\/?p=19856#primaryimage"},"thumbnailUrl":"https:\/\/kibrisdakik.com\/wp-content\/uploads\/2023\/11\/ogretmenlerimiz-bugun-40-yilini-kutlayan-bagimsiz-devletimizi-emanet-edecegimiz-genclerimize-de-isik-oluyorlar-1700815960.webp.webp","datePublished":"2023-11-24T09:32:28+00:00","author":{"@id":"https:\/\/kibrisdakik.com\/#\/schema\/person\/9cd9d437bbb44f72b73ba127e06d8e79"},"breadcrumb":{"@id":"https:\/\/kibrisdakik.com\/?p=19856#breadcrumb"},"inLanguage":"tr","potentialAction":[{"@type":"ReadAction","target":["https:\/\/kibrisdakik.com\/?p=19856"]}]},{"@type":"ImageObject","inLanguage":"tr","@id":"https:\/\/kibrisdakik.com\/?p=19856#primaryimage","url":"https:\/\/kibrisdakik.com\/wp-content\/uploads\/2023\/11\/ogretmenlerimiz-bugun-40-yilini-kutlayan-bagimsiz-devletimizi-emanet-edecegimiz-genclerimize-de-isik-oluyorlar-1700815960.webp.webp","contentUrl":"https:\/\/kibrisdakik.com\/wp-content\/uploads\/2023\/11\/ogretmenlerimiz-bugun-40-yilini-kutlayan-bagimsiz-devletimizi-emanet-edecegimiz-genclerimize-de-isik-oluyorlar-1700815960.webp.webp","width":710,"height":370},{"@type":"BreadcrumbList","@id":"https:\/\/kibrisdakik.com\/?p=19856#breadcrumb","itemListElement":[{"@type":"ListItem","position":1,"name":"Home","item":"https:\/\/kibrisdakik.com\/"},{"@type":"ListItem","position":2,"name":"\u201c\u00d6\u011fretmenlerimiz, bug\u00fcn 40. y\u0131l\u0131n\u0131 kutlayan ba\u011f\u0131ms\u0131z devletimizi emanet edece\u011fimiz, gen\u00e7lerimize de \u0131\u015f\u0131k oluyorlar\u201d"}]},{"@type":"WebSite","@id":"https:\/\/kibrisdakik.com\/#website","url":"https:\/\/kibrisdakik.com\/","name":"","description":"Tam vaktinde haber","potentialAction":[{"@type":"SearchAction","target":{"@type":"EntryPoint","urlTemplate":"https:\/\/kibrisdakik.com\/?s={search_term_string}"},"query-input":{"@type":"PropertyValueSpecification","valueRequired":true,"valueName":"search_term_string"}}],"inLanguage":"tr"},{"@type":"Person","@id":"https:\/\/kibrisdakik.com\/#\/schema\/person\/9cd9d437bbb44f72b73ba127e06d8e79","name":"admin","image":{"@type":"ImageObject","inLanguage":"tr","@id":"https:\/\/secure.gravatar.com\/avatar\/ccc17943b9d660506c869530f897617f7cb1c21a4bf30023f252596d83e1f007?s=96&d=mm&r=g","url":"https:\/\/secure.gravatar.com\/avatar\/ccc17943b9d660506c869530f897617f7cb1c21a4bf30023f252596d83e1f007?s=96&d=mm&r=g","contentUrl":"https:\/\/secure.gravatar.com\/avatar\/ccc17943b9d660506c869530f897617f7cb1c21a4bf30023f252596d83e1f007?s=96&d=mm&r=g","caption":"admin"},"sameAs":["https:\/\/kibrisdakik.com"],"url":"https:\/\/kibrisdakik.com\/?author=1"}]}},"_links":{"self":[{"href":"https:\/\/kibrisdakik.com\/index.php?rest_route=\/wp\/v2\/posts\/19856","targetHints":{"allow":["GET"]}}],"collection":[{"href":"https:\/\/kibrisdakik.com\/index.php?rest_route=\/wp\/v2\/posts"}],"about":[{"href":"https:\/\/kibrisdakik.com\/index.php?rest_route=\/wp\/v2\/types\/post"}],"author":[{"embeddable":true,"href":"https:\/\/kibrisdakik.com\/index.php?rest_route=\/wp\/v2\/users\/1"}],"replies":[{"embeddable":true,"href":"https:\/\/kibrisdakik.com\/index.php?rest_route=%2Fwp%2Fv2%2Fcomments&post=19856"}],"version-history":[{"count":0,"href":"https:\/\/kibrisdakik.com\/index.php?rest_route=\/wp\/v2\/posts\/19856\/revisions"}],"wp:featuredmedia":[{"embeddable":true,"href":"https:\/\/kibrisdakik.com\/index.php?rest_route=\/wp\/v2\/media\/19857"}],"wp:attachment":[{"href":"https:\/\/kibrisdakik.com\/index.php?rest_route=%2Fwp%2Fv2%2Fmedia&parent=19856"}],"wp:term":[{"taxonomy":"category","embeddable":true,"href":"https:\/\/kibrisdakik.com\/index.php?rest_route=%2Fwp%2Fv2%2Fcategories&post=19856"},{"taxonomy":"post_tag","embeddable":true,"href":"https:\/\/kibrisdakik.com\/index.php?rest_route=%2Fwp%2Fv2%2Ftags&post=19856"}],"curies":[{"name":"wp","href":"https:\/\/api.w.org\/{rel}","templated":true}]}}