{"id":19922,"date":"2023-11-24T15:41:22","date_gmt":"2023-11-24T15:41:22","guid":{"rendered":"https:\/\/kibrisdakik.com\/index.php\/2023\/11\/24\/turkiyedeki-bilisim-ve-dijital-donusum-antalyada-masaya-yatiriliyor\/"},"modified":"2023-11-24T15:41:22","modified_gmt":"2023-11-24T15:41:22","slug":"turkiyedeki-bilisim-ve-dijital-donusum-antalyada-masaya-yatiriliyor","status":"publish","type":"post","link":"https:\/\/kibrisdakik.com\/?p=19922","title":{"rendered":"T\u00fcrkiye&#039;deki bili\u015fim ve dijital d\u00f6n\u00fc\u015f\u00fcm Antalya&#039;da masaya yat\u0131r\u0131l\u0131yor"},"content":{"rendered":"<p><img decoding=\"async\" src=\"https:\/\/www.kibristurk.com\/images\/haberler\/2023\/11\/turkiyedeki-bilisim-ve-dijital-donusum-antalyada-masaya-yatiriliyor-1700837021.webp\" \/><\/p>\n<p>T\u00fcrkiye Bili\u015fim Derne\u011fi (TBD) taraf\u0131ndan organize edilen Kamu-B\u0130B&#8217;26 ve B\u0130MY&#8217;30 B\u00fct\u00fcnle\u015fik Etkinli\u011fi, &#8220;Do\u011fal Afetlere Dayan\u0131kl\u0131 Kritik Alt Yap\u0131lar&#8221; ana temas\u0131yla Antalya&#8217;da ba\u015flad\u0131.&nbsp;<\/p>\n<p>TC Sanayi ve Teknoloji Bakan Yard\u0131mc\u0131s\u0131 Zekeriya \u00c7o\u015ftu&#8217;nun da kat\u0131ld\u0131\u011f\u0131 programda, T\u00fcrkiye&#8217;deki bili\u015fim alan\u0131na, dijital d\u00f6n\u00fc\u015f\u00fcm politikalar\u0131 ve uygulamalar\u0131na ili\u015fkin sekt\u00f6rler bir araya geldi.&nbsp;<\/p>\n<p>Program\u0131n a\u00e7\u0131l\u0131\u015f\u0131nda, Kahramanmara\u015f merkezli 6 \u015eubat depremlerine ili\u015fkin bir video g\u00f6sterimi yap\u0131ld\u0131.&nbsp;<\/p>\n<p>Bay\u0131nd\u0131rl\u0131k ve Ula\u015ft\u0131rma Bakan\u0131 Erhan Ar\u0131kl\u0131, program\u0131n a\u00e7\u0131l\u0131\u015f\u0131nda, depremlerde T\u00fcrkiye&#8217;de 50 bin vatanda\u015f\u0131n, 24&#8217;\u00fc sporcu olmak \u00fczere 49&nbsp;KKTC&nbsp;vatanda\u015f\u0131n\u0131n ya\u015fam\u0131n\u0131 yitirdi\u011fini hat\u0131rlatt\u0131.&nbsp;<\/p>\n<p>Ar\u0131kl\u0131, deprem afetine kar\u015f\u0131 gerekli \u00f6nlemlerin al\u0131narak, ya\u015fanabilecek kay\u0131plar\u0131n \u00f6n\u00fcne ge\u00e7ilmesi gerekti\u011fini vurgulad\u0131.&nbsp;<\/p>\n<p>D\u00fcnyada teknolojik d\u00f6n\u00fc\u015f\u00fcm ve geli\u015fimin her ge\u00e7en g\u00fcn \u00f6nem kazand\u0131\u011f\u0131n\u0131 vurgulayan Ar\u0131kl\u0131, \u00c7in&#8217;in tarihi \u0130pek Yolu g\u00fczergah\u0131nda Do\u011fu-Bat\u0131 ticaretini yeniden canland\u0131rma hedefiyle Ku\u015fak ve Yol Giri\u015fimi ba\u015flatt\u0131\u011f\u0131n\u0131 an\u0131msatt\u0131.&nbsp;<\/p>\n<p>Ar\u0131kl\u0131, proje i\u00e7in \u00fc\u00e7 alternatif olu\u015fturuldu\u011funu belirterek, &#8220;Projenin \u00fc\u00e7 alternatifi vard\u0131. Rusya \u00fczerinden ge\u00e7ecek alternatif Rusya-Ukrayna sava\u015f\u0131 nedeniyle akamete u\u011frad\u0131. G\u00fcney ku\u015fa\u011f\u0131 \u0130ran \u00fczerinden ge\u00e7iyordu, o da \u00e7ok g\u00fcvenli bulunmad\u0131. Tek yol T\u00fcrk d\u00fcnyas\u0131n\u0131n i\u00e7inde oldu\u011fu bu co\u011frafya. Muazzam bir gelecek bizi bekliyor. D\u00fcnya yeniden kuruluyor ve T\u00fcrk milleti o kurulacak d\u00fcnyada yerini almaya haz\u0131rlan\u0131yor. G\u00fc\u00e7l\u00fc olmak zorunday\u0131z ve g\u00fc\u00e7l\u00fc olmak i\u00e7in teknolojiye yat\u0131r\u0131m yapmal\u0131y\u0131z.&#8221; diye konu\u015ftu.&nbsp;<\/p>\n<p>&#8211; &#8220;KKTC&#8217;yi bir bili\u015fim adas\u0131 yapaca\u011f\u0131z&#8221;&nbsp;<\/p>\n<p>Ar\u0131kl\u0131, teknoloji ne kadar erken yakalan\u0131rsa ve rekabet i\u00e7indeki \u00fclkelerin \u00f6n\u00fcne ge\u00e7ilirse, T\u00fcrk cihan hakimiyeti mefkuresinde bir ad\u0131m \u00f6ne ge\u00e7ilece\u011fini s\u00f6yledi.&nbsp;<\/p>\n<p>Bu nedenle bu t\u00fcr organizasyonlar\u0131n \u00f6nemli oldu\u011funu belirten Ar\u0131kl\u0131, &#8220;Bir araya gelip isti\u015fare etmek, bilgi payla\u015f\u0131m\u0131nda bulunmak ve yeni alanlarda ad\u0131m atmak olduk\u00e7a \u00f6nemli.&nbsp;KKTC&nbsp;i\u00e7in yeni bir mefkure, ideal geli\u015ftirdik.&nbsp;KKTC&#8217;yi bir bili\u015fim adas\u0131 yapaca\u011f\u0131z. Bununla ilgili birka\u00e7 ay \u00f6nce Sanayi ve Teknoloji Bakan\u0131 Fatih Kac\u0131r ile bir araya geldik. Bili\u015fim adas\u0131 haline getirmek i\u00e7in neler yapmam\u0131z gerekti\u011fini konu\u015ftuk, konu\u015fmaya devam edecek ve en k\u0131sa s\u00fcrede icraata ge\u00e7ece\u011fiz.&#8221; ifadelerini kulland\u0131.&nbsp;<\/p>\n<p>Ar\u0131kl\u0131, bu kapsamda&nbsp;KKTC&#8217;de y\u00fcr\u00fct\u00fclen di\u011fer \u00e7al\u0131\u015fmalara ili\u015fkin ise \u015funlar\u0131 kaydetti:&nbsp;<\/p>\n<p>&#8220;2024 y\u0131l\u0131nda evde eve fiber projemizi mutlaka ger\u00e7ekle\u015ftirecek, b\u00fct\u00fcn aday\u0131 Teknopark ilan edece\u011fiz. \u0130ki \u00fcniversitemizde iki Teknopark\u0131m\u0131z var ama maalesef istedi\u011fimiz sonucu alamad\u0131k. Art\u0131k \u00fcniversitelerde Teknopark kurmak yerine t\u00fcm aday\u0131 Teknopark ilan ederek, adadaki t\u00fcm teknolojik geli\u015fmeleri devlet deste\u011fiyle te\u015fvik kapsam\u0131na almak suretiyle umuyoruz ki 2025-2026 y\u0131l\u0131nda biz bilim adas\u0131 olma yolunda b\u00fcy\u00fck mesafe katetmi\u015f olaca\u011f\u0131z.&#8221;&nbsp;<\/p>\n<p>&#8211; &#8220;100 y\u0131ll\u0131k bir veri kayna\u011f\u0131na sahip a\u00e7\u0131k kamu verisine acil ihtiya\u00e7 var&#8221;&nbsp;<\/p>\n<p>TBD Genel Ba\u015fkan\u0131 Rahmi Aktepe ise dijital \u00e7a\u011f\u0131n en de\u011ferli kayna\u011f\u0131n\u0131n veri oldu\u011funu belirtti.&nbsp;<\/p>\n<p>\u00c7a\u011f\u0131n en \u00f6nemli unsurunun veriden de\u011fer ortaya koymak oldu\u011funu vurgulayan Aktepe, &#8220;\u00dclke olarak 100 y\u0131ll\u0131k bir veri kayna\u011f\u0131na sahip a\u00e7\u0131k kamu verisine acil ihtiya\u00e7 var. Kamu verisinin anonimle\u015ftirilerek sekt\u00f6re ve akademiye a\u00e7\u0131lmas\u0131 \u00e7ok \u00f6nemli. Bu verinin yapay zeka algoritmalar\u0131yla i\u015flenerek anlamland\u0131r\u0131lmas\u0131 daha \u00f6nemli. G\u00fcn\u00fcm\u00fczde enerji kaynaklar\u0131na sahip de\u011filseniz ekonomik anlamda g\u00fc\u00e7lenmek i\u00e7in t\u00fcketen de\u011fil \u00fcreten bir toplum haline gelmemiz gerekiyor. \u00dcretirken de katma de\u011fer olu\u015fturmal\u0131y\u0131z. En \u00f6nemli katma de\u011ferde bili\u015fimle olu\u015fuyor. \u00dclke olarak \u00dcretken Yapay Zeka konusundaki \u00e7al\u0131\u015fmalara a\u011f\u0131rl\u0131k vermeliyiz. ABD ve Avrupa Birli\u011fi bu konuda ad\u0131mlar\u0131 artt\u0131. T\u00fcrkiye de bu ad\u0131mlara e\u015flik etmeli ve \u00f6nc\u00fc olmal\u0131.&#8221; ifadelerini kulland\u0131.&nbsp;<\/p>\n<p>A\u00e7\u0131l\u0131\u015fta, Vodafone T\u00fcrkiye \u0130cra Kurulu Ba\u015fkan Yard\u0131mc\u0131s\u0131 \u00d6zlem Kestio\u011flu ve Turkcell Dijital \u0130\u015f Servisleri Genel M\u00fcd\u00fcr\u00fc G\u00fcrkan Arpac\u0131 da dijital d\u00f6n\u00fc\u015f\u00fcme ili\u015fkin de\u011ferlendirmelerde bulundu.\ufeff&nbsp;<\/p>\n<p>Program, 26 Kas\u0131m&#8217;da sona erecek.&nbsp;<\/p>\n<p>&nbsp;<\/p>\n","protected":false},"excerpt":{"rendered":"<p>T\u00fcrkiye Bili\u015fim Derne\u011fi (TBD) taraf\u0131ndan organize edilen Kamu-B\u0130B&#8217;26 ve B\u0130MY&#8217;30 B\u00fct\u00fcnle\u015fik Etkinli\u011fi, &#8220;Do\u011fal Afetlere Dayan\u0131kl\u0131 Kritik Alt Yap\u0131lar&#8221; ana temas\u0131yla Antalya&#8217;da ba\u015flad\u0131.&nbsp; TC Sanayi ve Teknoloji Bakan Yard\u0131mc\u0131s\u0131 Zekeriya \u00c7o\u015ftu&#8217;nun da kat\u0131ld\u0131\u011f\u0131 programda, T\u00fcrkiye&#8217;deki bili\u015fim alan\u0131na, dijital d\u00f6n\u00fc\u015f\u00fcm politikalar\u0131 ve uygulamalar\u0131na ili\u015fkin sekt\u00f6rler bir araya geldi.&nbsp; Program\u0131n a\u00e7\u0131l\u0131\u015f\u0131nda, Kahramanmara\u015f merkezli 6 \u015eubat depremlerine ili\u015fkin bir<\/p>\n","protected":false},"author":1,"featured_media":19923,"comment_status":"open","ping_status":"open","sticky":false,"template":"","format":"standard","meta":{"footnotes":""},"categories":[1],"tags":[],"class_list":["post-19922","post","type-post","status-publish","format-standard","has-post-thumbnail","hentry","category-gundem"],"yoast_head":"<!-- This site is optimized with the Yoast SEO plugin v27.4 - https:\/\/yoast.com\/product\/yoast-seo-wordpress\/ -->\n<title>T\u00fcrkiye&#039;deki bili\u015fim ve dijital d\u00f6n\u00fc\u015f\u00fcm Antalya&#039;da masaya yat\u0131r\u0131l\u0131yor -<\/title>\n<meta name=\"robots\" content=\"index, follow, max-snippet:-1, max-image-preview:large, max-video-preview:-1\" \/>\n<link rel=\"canonical\" href=\"https:\/\/kibrisdakik.com\/?p=19922\" \/>\n<meta property=\"og:locale\" content=\"tr_TR\" \/>\n<meta property=\"og:type\" content=\"article\" \/>\n<meta property=\"og:title\" content=\"T\u00fcrkiye&#039;deki bili\u015fim ve dijital d\u00f6n\u00fc\u015f\u00fcm Antalya&#039;da masaya yat\u0131r\u0131l\u0131yor -\" \/>\n<meta property=\"og:description\" content=\"T\u00fcrkiye Bili\u015fim Derne\u011fi (TBD) taraf\u0131ndan organize edilen Kamu-B\u0130B&#8217;26 ve B\u0130MY&#8217;30 B\u00fct\u00fcnle\u015fik Etkinli\u011fi, &#8220;Do\u011fal Afetlere Dayan\u0131kl\u0131 Kritik Alt Yap\u0131lar&#8221; ana temas\u0131yla Antalya&#8217;da ba\u015flad\u0131.&nbsp; TC Sanayi ve Teknoloji Bakan Yard\u0131mc\u0131s\u0131 Zekeriya \u00c7o\u015ftu&#8217;nun da kat\u0131ld\u0131\u011f\u0131 programda, T\u00fcrkiye&#8217;deki bili\u015fim alan\u0131na, dijital d\u00f6n\u00fc\u015f\u00fcm politikalar\u0131 ve uygulamalar\u0131na ili\u015fkin sekt\u00f6rler bir araya geldi.&nbsp; Program\u0131n a\u00e7\u0131l\u0131\u015f\u0131nda, Kahramanmara\u015f merkezli 6 \u015eubat depremlerine ili\u015fkin bir\" \/>\n<meta property=\"og:url\" content=\"https:\/\/kibrisdakik.com\/?p=19922\" \/>\n<meta property=\"article:published_time\" content=\"2023-11-24T15:41:22+00:00\" \/>\n<meta property=\"og:image\" content=\"https:\/\/kibrisdakik.com\/wp-content\/uploads\/2023\/11\/turkiyedeki-bilisim-ve-dijital-donusum-antalyada-masaya-yatiriliyor-1700837021.webp.webp\" \/>\n\t<meta property=\"og:image:width\" content=\"710\" \/>\n\t<meta property=\"og:image:height\" content=\"370\" \/>\n\t<meta property=\"og:image:type\" content=\"image\/webp\" \/>\n<meta name=\"author\" content=\"admin\" \/>\n<meta name=\"twitter:card\" content=\"summary_large_image\" \/>\n<meta name=\"twitter:label1\" content=\"Yazan:\" \/>\n\t<meta name=\"twitter:data1\" content=\"admin\" \/>\n\t<meta name=\"twitter:label2\" content=\"Tahmini okuma s\u00fcresi\" \/>\n\t<meta name=\"twitter:data2\" content=\"4 dakika\" \/>\n<script type=\"application\/ld+json\" class=\"yoast-schema-graph\">{\"@context\":\"https:\\\/\\\/schema.org\",\"@graph\":[{\"@type\":\"Article\",\"@id\":\"https:\\\/\\\/kibrisdakik.com\\\/?p=19922#article\",\"isPartOf\":{\"@id\":\"https:\\\/\\\/kibrisdakik.com\\\/?p=19922\"},\"author\":{\"name\":\"admin\",\"@id\":\"https:\\\/\\\/kibrisdakik.com\\\/#\\\/schema\\\/person\\\/9cd9d437bbb44f72b73ba127e06d8e79\"},\"headline\":\"T\u00fcrkiye&#039;deki bili\u015fim ve dijital d\u00f6n\u00fc\u015f\u00fcm Antalya&#039;da masaya yat\u0131r\u0131l\u0131yor\",\"datePublished\":\"2023-11-24T15:41:22+00:00\",\"mainEntityOfPage\":{\"@id\":\"https:\\\/\\\/kibrisdakik.com\\\/?p=19922\"},\"wordCount\":775,\"commentCount\":0,\"image\":{\"@id\":\"https:\\\/\\\/kibrisdakik.com\\\/?p=19922#primaryimage\"},\"thumbnailUrl\":\"https:\\\/\\\/kibrisdakik.com\\\/wp-content\\\/uploads\\\/2023\\\/11\\\/turkiyedeki-bilisim-ve-dijital-donusum-antalyada-masaya-yatiriliyor-1700837021.webp.webp\",\"articleSection\":[\"G\u00fcndem\"],\"inLanguage\":\"tr\",\"potentialAction\":[{\"@type\":\"CommentAction\",\"name\":\"Comment\",\"target\":[\"https:\\\/\\\/kibrisdakik.com\\\/?p=19922#respond\"]}]},{\"@type\":\"WebPage\",\"@id\":\"https:\\\/\\\/kibrisdakik.com\\\/?p=19922\",\"url\":\"https:\\\/\\\/kibrisdakik.com\\\/?p=19922\",\"name\":\"T\u00fcrkiye&#039;deki bili\u015fim ve dijital d\u00f6n\u00fc\u015f\u00fcm Antalya&#039;da masaya yat\u0131r\u0131l\u0131yor -\",\"isPartOf\":{\"@id\":\"https:\\\/\\\/kibrisdakik.com\\\/#website\"},\"primaryImageOfPage\":{\"@id\":\"https:\\\/\\\/kibrisdakik.com\\\/?p=19922#primaryimage\"},\"image\":{\"@id\":\"https:\\\/\\\/kibrisdakik.com\\\/?p=19922#primaryimage\"},\"thumbnailUrl\":\"https:\\\/\\\/kibrisdakik.com\\\/wp-content\\\/uploads\\\/2023\\\/11\\\/turkiyedeki-bilisim-ve-dijital-donusum-antalyada-masaya-yatiriliyor-1700837021.webp.webp\",\"datePublished\":\"2023-11-24T15:41:22+00:00\",\"author\":{\"@id\":\"https:\\\/\\\/kibrisdakik.com\\\/#\\\/schema\\\/person\\\/9cd9d437bbb44f72b73ba127e06d8e79\"},\"breadcrumb\":{\"@id\":\"https:\\\/\\\/kibrisdakik.com\\\/?p=19922#breadcrumb\"},\"inLanguage\":\"tr\",\"potentialAction\":[{\"@type\":\"ReadAction\",\"target\":[\"https:\\\/\\\/kibrisdakik.com\\\/?p=19922\"]}]},{\"@type\":\"ImageObject\",\"inLanguage\":\"tr\",\"@id\":\"https:\\\/\\\/kibrisdakik.com\\\/?p=19922#primaryimage\",\"url\":\"https:\\\/\\\/kibrisdakik.com\\\/wp-content\\\/uploads\\\/2023\\\/11\\\/turkiyedeki-bilisim-ve-dijital-donusum-antalyada-masaya-yatiriliyor-1700837021.webp.webp\",\"contentUrl\":\"https:\\\/\\\/kibrisdakik.com\\\/wp-content\\\/uploads\\\/2023\\\/11\\\/turkiyedeki-bilisim-ve-dijital-donusum-antalyada-masaya-yatiriliyor-1700837021.webp.webp\",\"width\":710,\"height\":370},{\"@type\":\"BreadcrumbList\",\"@id\":\"https:\\\/\\\/kibrisdakik.com\\\/?p=19922#breadcrumb\",\"itemListElement\":[{\"@type\":\"ListItem\",\"position\":1,\"name\":\"Home\",\"item\":\"https:\\\/\\\/kibrisdakik.com\\\/\"},{\"@type\":\"ListItem\",\"position\":2,\"name\":\"T\u00fcrkiye&#039;deki bili\u015fim ve dijital d\u00f6n\u00fc\u015f\u00fcm Antalya&#039;da masaya yat\u0131r\u0131l\u0131yor\"}]},{\"@type\":\"WebSite\",\"@id\":\"https:\\\/\\\/kibrisdakik.com\\\/#website\",\"url\":\"https:\\\/\\\/kibrisdakik.com\\\/\",\"name\":\"\",\"description\":\"Tam vaktinde haber\",\"potentialAction\":[{\"@type\":\"SearchAction\",\"target\":{\"@type\":\"EntryPoint\",\"urlTemplate\":\"https:\\\/\\\/kibrisdakik.com\\\/?s={search_term_string}\"},\"query-input\":{\"@type\":\"PropertyValueSpecification\",\"valueRequired\":true,\"valueName\":\"search_term_string\"}}],\"inLanguage\":\"tr\"},{\"@type\":\"Person\",\"@id\":\"https:\\\/\\\/kibrisdakik.com\\\/#\\\/schema\\\/person\\\/9cd9d437bbb44f72b73ba127e06d8e79\",\"name\":\"admin\",\"image\":{\"@type\":\"ImageObject\",\"inLanguage\":\"tr\",\"@id\":\"https:\\\/\\\/secure.gravatar.com\\\/avatar\\\/ccc17943b9d660506c869530f897617f7cb1c21a4bf30023f252596d83e1f007?s=96&d=mm&r=g\",\"url\":\"https:\\\/\\\/secure.gravatar.com\\\/avatar\\\/ccc17943b9d660506c869530f897617f7cb1c21a4bf30023f252596d83e1f007?s=96&d=mm&r=g\",\"contentUrl\":\"https:\\\/\\\/secure.gravatar.com\\\/avatar\\\/ccc17943b9d660506c869530f897617f7cb1c21a4bf30023f252596d83e1f007?s=96&d=mm&r=g\",\"caption\":\"admin\"},\"sameAs\":[\"https:\\\/\\\/kibrisdakik.com\"],\"url\":\"https:\\\/\\\/kibrisdakik.com\\\/?author=1\"}]}<\/script>\n<!-- \/ Yoast SEO plugin. -->","yoast_head_json":{"title":"T\u00fcrkiye&#039;deki bili\u015fim ve dijital d\u00f6n\u00fc\u015f\u00fcm Antalya&#039;da masaya yat\u0131r\u0131l\u0131yor -","robots":{"index":"index","follow":"follow","max-snippet":"max-snippet:-1","max-image-preview":"max-image-preview:large","max-video-preview":"max-video-preview:-1"},"canonical":"https:\/\/kibrisdakik.com\/?p=19922","og_locale":"tr_TR","og_type":"article","og_title":"T\u00fcrkiye&#039;deki bili\u015fim ve dijital d\u00f6n\u00fc\u015f\u00fcm Antalya&#039;da masaya yat\u0131r\u0131l\u0131yor -","og_description":"T\u00fcrkiye Bili\u015fim Derne\u011fi (TBD) taraf\u0131ndan organize edilen Kamu-B\u0130B&#8217;26 ve B\u0130MY&#8217;30 B\u00fct\u00fcnle\u015fik Etkinli\u011fi, &#8220;Do\u011fal Afetlere Dayan\u0131kl\u0131 Kritik Alt Yap\u0131lar&#8221; ana temas\u0131yla Antalya&#8217;da ba\u015flad\u0131.&nbsp; TC Sanayi ve Teknoloji Bakan Yard\u0131mc\u0131s\u0131 Zekeriya \u00c7o\u015ftu&#8217;nun da kat\u0131ld\u0131\u011f\u0131 programda, T\u00fcrkiye&#8217;deki bili\u015fim alan\u0131na, dijital d\u00f6n\u00fc\u015f\u00fcm politikalar\u0131 ve uygulamalar\u0131na ili\u015fkin sekt\u00f6rler bir araya geldi.&nbsp; Program\u0131n a\u00e7\u0131l\u0131\u015f\u0131nda, Kahramanmara\u015f merkezli 6 \u015eubat depremlerine ili\u015fkin bir","og_url":"https:\/\/kibrisdakik.com\/?p=19922","article_published_time":"2023-11-24T15:41:22+00:00","og_image":[{"width":710,"height":370,"url":"https:\/\/kibrisdakik.com\/wp-content\/uploads\/2023\/11\/turkiyedeki-bilisim-ve-dijital-donusum-antalyada-masaya-yatiriliyor-1700837021.webp.webp","type":"image\/webp"}],"author":"admin","twitter_card":"summary_large_image","twitter_misc":{"Yazan:":"admin","Tahmini okuma s\u00fcresi":"4 dakika"},"schema":{"@context":"https:\/\/schema.org","@graph":[{"@type":"Article","@id":"https:\/\/kibrisdakik.com\/?p=19922#article","isPartOf":{"@id":"https:\/\/kibrisdakik.com\/?p=19922"},"author":{"name":"admin","@id":"https:\/\/kibrisdakik.com\/#\/schema\/person\/9cd9d437bbb44f72b73ba127e06d8e79"},"headline":"T\u00fcrkiye&#039;deki bili\u015fim ve dijital d\u00f6n\u00fc\u015f\u00fcm Antalya&#039;da masaya yat\u0131r\u0131l\u0131yor","datePublished":"2023-11-24T15:41:22+00:00","mainEntityOfPage":{"@id":"https:\/\/kibrisdakik.com\/?p=19922"},"wordCount":775,"commentCount":0,"image":{"@id":"https:\/\/kibrisdakik.com\/?p=19922#primaryimage"},"thumbnailUrl":"https:\/\/kibrisdakik.com\/wp-content\/uploads\/2023\/11\/turkiyedeki-bilisim-ve-dijital-donusum-antalyada-masaya-yatiriliyor-1700837021.webp.webp","articleSection":["G\u00fcndem"],"inLanguage":"tr","potentialAction":[{"@type":"CommentAction","name":"Comment","target":["https:\/\/kibrisdakik.com\/?p=19922#respond"]}]},{"@type":"WebPage","@id":"https:\/\/kibrisdakik.com\/?p=19922","url":"https:\/\/kibrisdakik.com\/?p=19922","name":"T\u00fcrkiye&#039;deki bili\u015fim ve dijital d\u00f6n\u00fc\u015f\u00fcm Antalya&#039;da masaya yat\u0131r\u0131l\u0131yor -","isPartOf":{"@id":"https:\/\/kibrisdakik.com\/#website"},"primaryImageOfPage":{"@id":"https:\/\/kibrisdakik.com\/?p=19922#primaryimage"},"image":{"@id":"https:\/\/kibrisdakik.com\/?p=19922#primaryimage"},"thumbnailUrl":"https:\/\/kibrisdakik.com\/wp-content\/uploads\/2023\/11\/turkiyedeki-bilisim-ve-dijital-donusum-antalyada-masaya-yatiriliyor-1700837021.webp.webp","datePublished":"2023-11-24T15:41:22+00:00","author":{"@id":"https:\/\/kibrisdakik.com\/#\/schema\/person\/9cd9d437bbb44f72b73ba127e06d8e79"},"breadcrumb":{"@id":"https:\/\/kibrisdakik.com\/?p=19922#breadcrumb"},"inLanguage":"tr","potentialAction":[{"@type":"ReadAction","target":["https:\/\/kibrisdakik.com\/?p=19922"]}]},{"@type":"ImageObject","inLanguage":"tr","@id":"https:\/\/kibrisdakik.com\/?p=19922#primaryimage","url":"https:\/\/kibrisdakik.com\/wp-content\/uploads\/2023\/11\/turkiyedeki-bilisim-ve-dijital-donusum-antalyada-masaya-yatiriliyor-1700837021.webp.webp","contentUrl":"https:\/\/kibrisdakik.com\/wp-content\/uploads\/2023\/11\/turkiyedeki-bilisim-ve-dijital-donusum-antalyada-masaya-yatiriliyor-1700837021.webp.webp","width":710,"height":370},{"@type":"BreadcrumbList","@id":"https:\/\/kibrisdakik.com\/?p=19922#breadcrumb","itemListElement":[{"@type":"ListItem","position":1,"name":"Home","item":"https:\/\/kibrisdakik.com\/"},{"@type":"ListItem","position":2,"name":"T\u00fcrkiye&#039;deki bili\u015fim ve dijital d\u00f6n\u00fc\u015f\u00fcm Antalya&#039;da masaya yat\u0131r\u0131l\u0131yor"}]},{"@type":"WebSite","@id":"https:\/\/kibrisdakik.com\/#website","url":"https:\/\/kibrisdakik.com\/","name":"","description":"Tam vaktinde haber","potentialAction":[{"@type":"SearchAction","target":{"@type":"EntryPoint","urlTemplate":"https:\/\/kibrisdakik.com\/?s={search_term_string}"},"query-input":{"@type":"PropertyValueSpecification","valueRequired":true,"valueName":"search_term_string"}}],"inLanguage":"tr"},{"@type":"Person","@id":"https:\/\/kibrisdakik.com\/#\/schema\/person\/9cd9d437bbb44f72b73ba127e06d8e79","name":"admin","image":{"@type":"ImageObject","inLanguage":"tr","@id":"https:\/\/secure.gravatar.com\/avatar\/ccc17943b9d660506c869530f897617f7cb1c21a4bf30023f252596d83e1f007?s=96&d=mm&r=g","url":"https:\/\/secure.gravatar.com\/avatar\/ccc17943b9d660506c869530f897617f7cb1c21a4bf30023f252596d83e1f007?s=96&d=mm&r=g","contentUrl":"https:\/\/secure.gravatar.com\/avatar\/ccc17943b9d660506c869530f897617f7cb1c21a4bf30023f252596d83e1f007?s=96&d=mm&r=g","caption":"admin"},"sameAs":["https:\/\/kibrisdakik.com"],"url":"https:\/\/kibrisdakik.com\/?author=1"}]}},"_links":{"self":[{"href":"https:\/\/kibrisdakik.com\/index.php?rest_route=\/wp\/v2\/posts\/19922","targetHints":{"allow":["GET"]}}],"collection":[{"href":"https:\/\/kibrisdakik.com\/index.php?rest_route=\/wp\/v2\/posts"}],"about":[{"href":"https:\/\/kibrisdakik.com\/index.php?rest_route=\/wp\/v2\/types\/post"}],"author":[{"embeddable":true,"href":"https:\/\/kibrisdakik.com\/index.php?rest_route=\/wp\/v2\/users\/1"}],"replies":[{"embeddable":true,"href":"https:\/\/kibrisdakik.com\/index.php?rest_route=%2Fwp%2Fv2%2Fcomments&post=19922"}],"version-history":[{"count":0,"href":"https:\/\/kibrisdakik.com\/index.php?rest_route=\/wp\/v2\/posts\/19922\/revisions"}],"wp:featuredmedia":[{"embeddable":true,"href":"https:\/\/kibrisdakik.com\/index.php?rest_route=\/wp\/v2\/media\/19923"}],"wp:attachment":[{"href":"https:\/\/kibrisdakik.com\/index.php?rest_route=%2Fwp%2Fv2%2Fmedia&parent=19922"}],"wp:term":[{"taxonomy":"category","embeddable":true,"href":"https:\/\/kibrisdakik.com\/index.php?rest_route=%2Fwp%2Fv2%2Fcategories&post=19922"},{"taxonomy":"post_tag","embeddable":true,"href":"https:\/\/kibrisdakik.com\/index.php?rest_route=%2Fwp%2Fv2%2Ftags&post=19922"}],"curies":[{"name":"wp","href":"https:\/\/api.w.org\/{rel}","templated":true}]}}