{"id":19928,"date":"2023-11-24T16:41:37","date_gmt":"2023-11-24T16:41:37","guid":{"rendered":"https:\/\/kibrisdakik.com\/index.php\/2023\/11\/24\/saglik-bakan-dincyurek-saglik-merkezlerini-guclendirme-calismalarina-hizla-devam-ediyoruz\/"},"modified":"2023-11-24T16:41:37","modified_gmt":"2023-11-24T16:41:37","slug":"saglik-bakan-dincyurek-saglik-merkezlerini-guclendirme-calismalarina-hizla-devam-ediyoruz","status":"publish","type":"post","link":"https:\/\/kibrisdakik.com\/?p=19928","title":{"rendered":"Sa\u011fl\u0131k Bakan Din\u00e7y\u00fcrek: &quot;Sa\u011fl\u0131k merkezlerini g\u00fc\u00e7lendirme \u00e7al\u0131\u015fmalar\u0131na h\u0131zla devam ediyoruz&quot;"},"content":{"rendered":"<p><img decoding=\"async\" src=\"https:\/\/www.kibristurk.com\/images\/haberler\/2023\/11\/saglik-bakan-dincyurek-saglik-merkezlerini-guclendirme-calismalarina-hizla-devam-ediyoruz-1700841791.webp\" \/><\/p>\n<p>Sa\u011fl\u0131k Bakan\u0131 Hakan Din\u00e7y\u00fcrek,&nbsp;Ssa\u011fl\u0131k merkezlerini g\u00fc\u00e7lendirmek i\u00e7in \u00e7al\u0131\u015fmalar\u0131na h\u0131zla devam ettiklerini belirtti.&nbsp;<\/p>\n<p>Bakan Din\u00e7y\u00fcrek, Havva Yekta Kurteli Mehmet\u00e7ik Sa\u011fl\u0131k Merkezi ile&nbsp; Yenierenk\u00f6y Sa\u011fl\u0131k Merkezi\u2019ni ziyaret ederek, incelemelerde bulundu.&nbsp;<br \/>\n&nbsp;<\/p>\n<p>Bakanl\u0131ktan yap\u0131lan a\u00e7\u0131klamaya g\u00f6re Din\u00e7y\u00fcrek, her iki sa\u011fl\u0131k merkezinde sorumlu hekim ve sa\u011fl\u0131k \u00e7al\u0131\u015fanlar\u0131n\u0131n beklentilerini dinledi.&nbsp;<\/p>\n<p>Durum tespiti yap\u0131p eksiklikleri belirlemek i\u00e7in s\u00f6z konusu ziyaretleri ger\u00e7ekle\u015ftirdiklerini ifade eden Sa\u011fl\u0131k Bakan\u0131 Din\u00e7y\u00fcrek, sa\u011fl\u0131k merkezlerini g\u00fc\u00e7lendirmek i\u00e7in \u00e7al\u0131\u015fmalar\u0131na h\u0131zla devam ettiklerini belirtti.&nbsp;<\/p>\n<p>Sa\u011fl\u0131k merkezleri ne kadar g\u00fc\u00e7lenirse b\u00f6lge hastanelerine daha az ki\u015finin ba\u015fvuraca\u011f\u0131n\u0131, b\u00f6ylelikle merkez hastanelerinin y\u00fck\u00fcn\u00fcn azalaca\u011f\u0131n\u0131 ifade eden Din\u00e7y\u00fcrek, sa\u011fl\u0131k merkezlerinde, hem sa\u011fl\u0131k \u00e7al\u0131\u015fanlar\u0131n\u0131n daha rahat imkanlarda \u00e7al\u0131\u015fmas\u0131n\u0131 sa\u011flamak hem de vatanda\u015flar\u0131n daha etkin hizmet alabilmesi i\u00e7in \u00f6nemli ad\u0131mlar att\u0131klar\u0131n\u0131 kaydetti.&nbsp;<\/p>\n<p>Bakan Din\u00e7y\u00fcrek, ziyaretleri \u00f6ncesinde Mehmet\u00e7ik-B\u00fcy\u00fckkonuk Belediyesi ve Yenierenk\u00f6y-Dipkarpaz Belediyesi\u2019ni ziyaret ederek, belediye ba\u015fkanlar\u0131 ile de bir araya geldi.&nbsp;<\/p>\n<p>Bakan Din\u00e7y\u00fcrek\u2019e ziyaretlerinde, Temel Sa\u011fl\u0131k Hizmetleri Dairesi M\u00fcd\u00fcr\u00fc Vesile Erdo\u011fan Topcuo\u011flu e\u015flik etti.&nbsp;<\/p>\n<p>&nbsp;<\/p>\n","protected":false},"excerpt":{"rendered":"<p>Sa\u011fl\u0131k Bakan\u0131 Hakan Din\u00e7y\u00fcrek,&nbsp;Ssa\u011fl\u0131k merkezlerini g\u00fc\u00e7lendirmek i\u00e7in \u00e7al\u0131\u015fmalar\u0131na h\u0131zla devam ettiklerini belirtti.&nbsp; Bakan Din\u00e7y\u00fcrek, Havva Yekta Kurteli Mehmet\u00e7ik Sa\u011fl\u0131k Merkezi ile&nbsp; Yenierenk\u00f6y Sa\u011fl\u0131k Merkezi\u2019ni ziyaret ederek, incelemelerde bulundu.&nbsp; &nbsp; Bakanl\u0131ktan yap\u0131lan a\u00e7\u0131klamaya g\u00f6re Din\u00e7y\u00fcrek, her iki sa\u011fl\u0131k merkezinde sorumlu hekim ve sa\u011fl\u0131k \u00e7al\u0131\u015fanlar\u0131n\u0131n beklentilerini dinledi.&nbsp; Durum tespiti yap\u0131p eksiklikleri belirlemek i\u00e7in s\u00f6z konusu ziyaretleri ger\u00e7ekle\u015ftirdiklerini<\/p>\n","protected":false},"author":1,"featured_media":19929,"comment_status":"open","ping_status":"open","sticky":false,"template":"","format":"standard","meta":{"footnotes":""},"categories":[86],"tags":[],"class_list":["post-19928","post","type-post","status-publish","format-standard","has-post-thumbnail","hentry","category-turkiye"],"yoast_head":"<!-- This site is optimized with the Yoast SEO plugin v27.4 - https:\/\/yoast.com\/product\/yoast-seo-wordpress\/ -->\n<title>Sa\u011fl\u0131k Bakan Din\u00e7y\u00fcrek: &quot;Sa\u011fl\u0131k merkezlerini g\u00fc\u00e7lendirme \u00e7al\u0131\u015fmalar\u0131na h\u0131zla devam ediyoruz&quot; -<\/title>\n<meta name=\"robots\" content=\"index, follow, max-snippet:-1, max-image-preview:large, max-video-preview:-1\" \/>\n<link rel=\"canonical\" href=\"https:\/\/kibrisdakik.com\/?p=19928\" \/>\n<meta property=\"og:locale\" content=\"tr_TR\" \/>\n<meta property=\"og:type\" content=\"article\" \/>\n<meta property=\"og:title\" content=\"Sa\u011fl\u0131k Bakan Din\u00e7y\u00fcrek: &quot;Sa\u011fl\u0131k merkezlerini g\u00fc\u00e7lendirme \u00e7al\u0131\u015fmalar\u0131na h\u0131zla devam ediyoruz&quot; -\" \/>\n<meta property=\"og:description\" content=\"Sa\u011fl\u0131k Bakan\u0131 Hakan Din\u00e7y\u00fcrek,&nbsp;Ssa\u011fl\u0131k merkezlerini g\u00fc\u00e7lendirmek i\u00e7in \u00e7al\u0131\u015fmalar\u0131na h\u0131zla devam ettiklerini belirtti.&nbsp; Bakan Din\u00e7y\u00fcrek, Havva Yekta Kurteli Mehmet\u00e7ik Sa\u011fl\u0131k Merkezi ile&nbsp; Yenierenk\u00f6y Sa\u011fl\u0131k Merkezi\u2019ni ziyaret ederek, incelemelerde bulundu.&nbsp; &nbsp; Bakanl\u0131ktan yap\u0131lan a\u00e7\u0131klamaya g\u00f6re Din\u00e7y\u00fcrek, her iki sa\u011fl\u0131k merkezinde sorumlu hekim ve sa\u011fl\u0131k \u00e7al\u0131\u015fanlar\u0131n\u0131n beklentilerini dinledi.&nbsp; Durum tespiti yap\u0131p eksiklikleri belirlemek i\u00e7in s\u00f6z konusu ziyaretleri ger\u00e7ekle\u015ftirdiklerini\" \/>\n<meta property=\"og:url\" content=\"https:\/\/kibrisdakik.com\/?p=19928\" \/>\n<meta property=\"article:published_time\" content=\"2023-11-24T16:41:37+00:00\" \/>\n<meta property=\"og:image\" content=\"https:\/\/kibrisdakik.com\/wp-content\/uploads\/2023\/11\/saglik-bakan-dincyurek-saglik-merkezlerini-guclendirme-calismalarina-hizla-devam-ediyoruz-1700841791.webp.webp\" \/>\n\t<meta property=\"og:image:width\" content=\"710\" \/>\n\t<meta property=\"og:image:height\" content=\"370\" \/>\n\t<meta property=\"og:image:type\" content=\"image\/webp\" \/>\n<meta name=\"author\" content=\"admin\" \/>\n<meta name=\"twitter:card\" content=\"summary_large_image\" \/>\n<meta name=\"twitter:label1\" content=\"Yazan:\" \/>\n\t<meta name=\"twitter:data1\" content=\"admin\" \/>\n\t<meta name=\"twitter:label2\" content=\"Tahmini okuma s\u00fcresi\" \/>\n\t<meta name=\"twitter:data2\" content=\"1 dakika\" \/>\n<script type=\"application\/ld+json\" class=\"yoast-schema-graph\">{\"@context\":\"https:\\\/\\\/schema.org\",\"@graph\":[{\"@type\":\"Article\",\"@id\":\"https:\\\/\\\/kibrisdakik.com\\\/?p=19928#article\",\"isPartOf\":{\"@id\":\"https:\\\/\\\/kibrisdakik.com\\\/?p=19928\"},\"author\":{\"name\":\"admin\",\"@id\":\"https:\\\/\\\/kibrisdakik.com\\\/#\\\/schema\\\/person\\\/9cd9d437bbb44f72b73ba127e06d8e79\"},\"headline\":\"Sa\u011fl\u0131k Bakan Din\u00e7y\u00fcrek: &quot;Sa\u011fl\u0131k merkezlerini g\u00fc\u00e7lendirme \u00e7al\u0131\u015fmalar\u0131na h\u0131zla devam ediyoruz&quot;\",\"datePublished\":\"2023-11-24T16:41:37+00:00\",\"mainEntityOfPage\":{\"@id\":\"https:\\\/\\\/kibrisdakik.com\\\/?p=19928\"},\"wordCount\":271,\"commentCount\":0,\"image\":{\"@id\":\"https:\\\/\\\/kibrisdakik.com\\\/?p=19928#primaryimage\"},\"thumbnailUrl\":\"https:\\\/\\\/kibrisdakik.com\\\/wp-content\\\/uploads\\\/2023\\\/11\\\/saglik-bakan-dincyurek-saglik-merkezlerini-guclendirme-calismalarina-hizla-devam-ediyoruz-1700841791.webp.webp\",\"articleSection\":[\"T\u00fcrkiye\"],\"inLanguage\":\"tr\",\"potentialAction\":[{\"@type\":\"CommentAction\",\"name\":\"Comment\",\"target\":[\"https:\\\/\\\/kibrisdakik.com\\\/?p=19928#respond\"]}]},{\"@type\":\"WebPage\",\"@id\":\"https:\\\/\\\/kibrisdakik.com\\\/?p=19928\",\"url\":\"https:\\\/\\\/kibrisdakik.com\\\/?p=19928\",\"name\":\"Sa\u011fl\u0131k Bakan Din\u00e7y\u00fcrek: &quot;Sa\u011fl\u0131k merkezlerini g\u00fc\u00e7lendirme \u00e7al\u0131\u015fmalar\u0131na h\u0131zla devam ediyoruz&quot; -\",\"isPartOf\":{\"@id\":\"https:\\\/\\\/kibrisdakik.com\\\/#website\"},\"primaryImageOfPage\":{\"@id\":\"https:\\\/\\\/kibrisdakik.com\\\/?p=19928#primaryimage\"},\"image\":{\"@id\":\"https:\\\/\\\/kibrisdakik.com\\\/?p=19928#primaryimage\"},\"thumbnailUrl\":\"https:\\\/\\\/kibrisdakik.com\\\/wp-content\\\/uploads\\\/2023\\\/11\\\/saglik-bakan-dincyurek-saglik-merkezlerini-guclendirme-calismalarina-hizla-devam-ediyoruz-1700841791.webp.webp\",\"datePublished\":\"2023-11-24T16:41:37+00:00\",\"author\":{\"@id\":\"https:\\\/\\\/kibrisdakik.com\\\/#\\\/schema\\\/person\\\/9cd9d437bbb44f72b73ba127e06d8e79\"},\"breadcrumb\":{\"@id\":\"https:\\\/\\\/kibrisdakik.com\\\/?p=19928#breadcrumb\"},\"inLanguage\":\"tr\",\"potentialAction\":[{\"@type\":\"ReadAction\",\"target\":[\"https:\\\/\\\/kibrisdakik.com\\\/?p=19928\"]}]},{\"@type\":\"ImageObject\",\"inLanguage\":\"tr\",\"@id\":\"https:\\\/\\\/kibrisdakik.com\\\/?p=19928#primaryimage\",\"url\":\"https:\\\/\\\/kibrisdakik.com\\\/wp-content\\\/uploads\\\/2023\\\/11\\\/saglik-bakan-dincyurek-saglik-merkezlerini-guclendirme-calismalarina-hizla-devam-ediyoruz-1700841791.webp.webp\",\"contentUrl\":\"https:\\\/\\\/kibrisdakik.com\\\/wp-content\\\/uploads\\\/2023\\\/11\\\/saglik-bakan-dincyurek-saglik-merkezlerini-guclendirme-calismalarina-hizla-devam-ediyoruz-1700841791.webp.webp\",\"width\":710,\"height\":370},{\"@type\":\"BreadcrumbList\",\"@id\":\"https:\\\/\\\/kibrisdakik.com\\\/?p=19928#breadcrumb\",\"itemListElement\":[{\"@type\":\"ListItem\",\"position\":1,\"name\":\"Home\",\"item\":\"https:\\\/\\\/kibrisdakik.com\\\/\"},{\"@type\":\"ListItem\",\"position\":2,\"name\":\"Sa\u011fl\u0131k Bakan Din\u00e7y\u00fcrek: &quot;Sa\u011fl\u0131k merkezlerini g\u00fc\u00e7lendirme \u00e7al\u0131\u015fmalar\u0131na h\u0131zla devam ediyoruz&quot;\"}]},{\"@type\":\"WebSite\",\"@id\":\"https:\\\/\\\/kibrisdakik.com\\\/#website\",\"url\":\"https:\\\/\\\/kibrisdakik.com\\\/\",\"name\":\"\",\"description\":\"Tam vaktinde haber\",\"potentialAction\":[{\"@type\":\"SearchAction\",\"target\":{\"@type\":\"EntryPoint\",\"urlTemplate\":\"https:\\\/\\\/kibrisdakik.com\\\/?s={search_term_string}\"},\"query-input\":{\"@type\":\"PropertyValueSpecification\",\"valueRequired\":true,\"valueName\":\"search_term_string\"}}],\"inLanguage\":\"tr\"},{\"@type\":\"Person\",\"@id\":\"https:\\\/\\\/kibrisdakik.com\\\/#\\\/schema\\\/person\\\/9cd9d437bbb44f72b73ba127e06d8e79\",\"name\":\"admin\",\"image\":{\"@type\":\"ImageObject\",\"inLanguage\":\"tr\",\"@id\":\"https:\\\/\\\/secure.gravatar.com\\\/avatar\\\/ccc17943b9d660506c869530f897617f7cb1c21a4bf30023f252596d83e1f007?s=96&d=mm&r=g\",\"url\":\"https:\\\/\\\/secure.gravatar.com\\\/avatar\\\/ccc17943b9d660506c869530f897617f7cb1c21a4bf30023f252596d83e1f007?s=96&d=mm&r=g\",\"contentUrl\":\"https:\\\/\\\/secure.gravatar.com\\\/avatar\\\/ccc17943b9d660506c869530f897617f7cb1c21a4bf30023f252596d83e1f007?s=96&d=mm&r=g\",\"caption\":\"admin\"},\"sameAs\":[\"https:\\\/\\\/kibrisdakik.com\"],\"url\":\"https:\\\/\\\/kibrisdakik.com\\\/?author=1\"}]}<\/script>\n<!-- \/ Yoast SEO plugin. -->","yoast_head_json":{"title":"Sa\u011fl\u0131k Bakan Din\u00e7y\u00fcrek: &quot;Sa\u011fl\u0131k merkezlerini g\u00fc\u00e7lendirme \u00e7al\u0131\u015fmalar\u0131na h\u0131zla devam ediyoruz&quot; -","robots":{"index":"index","follow":"follow","max-snippet":"max-snippet:-1","max-image-preview":"max-image-preview:large","max-video-preview":"max-video-preview:-1"},"canonical":"https:\/\/kibrisdakik.com\/?p=19928","og_locale":"tr_TR","og_type":"article","og_title":"Sa\u011fl\u0131k Bakan Din\u00e7y\u00fcrek: &quot;Sa\u011fl\u0131k merkezlerini g\u00fc\u00e7lendirme \u00e7al\u0131\u015fmalar\u0131na h\u0131zla devam ediyoruz&quot; -","og_description":"Sa\u011fl\u0131k Bakan\u0131 Hakan Din\u00e7y\u00fcrek,&nbsp;Ssa\u011fl\u0131k merkezlerini g\u00fc\u00e7lendirmek i\u00e7in \u00e7al\u0131\u015fmalar\u0131na h\u0131zla devam ettiklerini belirtti.&nbsp; Bakan Din\u00e7y\u00fcrek, Havva Yekta Kurteli Mehmet\u00e7ik Sa\u011fl\u0131k Merkezi ile&nbsp; Yenierenk\u00f6y Sa\u011fl\u0131k Merkezi\u2019ni ziyaret ederek, incelemelerde bulundu.&nbsp; &nbsp; Bakanl\u0131ktan yap\u0131lan a\u00e7\u0131klamaya g\u00f6re Din\u00e7y\u00fcrek, her iki sa\u011fl\u0131k merkezinde sorumlu hekim ve sa\u011fl\u0131k \u00e7al\u0131\u015fanlar\u0131n\u0131n beklentilerini dinledi.&nbsp; Durum tespiti yap\u0131p eksiklikleri belirlemek i\u00e7in s\u00f6z konusu ziyaretleri ger\u00e7ekle\u015ftirdiklerini","og_url":"https:\/\/kibrisdakik.com\/?p=19928","article_published_time":"2023-11-24T16:41:37+00:00","og_image":[{"width":710,"height":370,"url":"https:\/\/kibrisdakik.com\/wp-content\/uploads\/2023\/11\/saglik-bakan-dincyurek-saglik-merkezlerini-guclendirme-calismalarina-hizla-devam-ediyoruz-1700841791.webp.webp","type":"image\/webp"}],"author":"admin","twitter_card":"summary_large_image","twitter_misc":{"Yazan:":"admin","Tahmini okuma s\u00fcresi":"1 dakika"},"schema":{"@context":"https:\/\/schema.org","@graph":[{"@type":"Article","@id":"https:\/\/kibrisdakik.com\/?p=19928#article","isPartOf":{"@id":"https:\/\/kibrisdakik.com\/?p=19928"},"author":{"name":"admin","@id":"https:\/\/kibrisdakik.com\/#\/schema\/person\/9cd9d437bbb44f72b73ba127e06d8e79"},"headline":"Sa\u011fl\u0131k Bakan Din\u00e7y\u00fcrek: &quot;Sa\u011fl\u0131k merkezlerini g\u00fc\u00e7lendirme \u00e7al\u0131\u015fmalar\u0131na h\u0131zla devam ediyoruz&quot;","datePublished":"2023-11-24T16:41:37+00:00","mainEntityOfPage":{"@id":"https:\/\/kibrisdakik.com\/?p=19928"},"wordCount":271,"commentCount":0,"image":{"@id":"https:\/\/kibrisdakik.com\/?p=19928#primaryimage"},"thumbnailUrl":"https:\/\/kibrisdakik.com\/wp-content\/uploads\/2023\/11\/saglik-bakan-dincyurek-saglik-merkezlerini-guclendirme-calismalarina-hizla-devam-ediyoruz-1700841791.webp.webp","articleSection":["T\u00fcrkiye"],"inLanguage":"tr","potentialAction":[{"@type":"CommentAction","name":"Comment","target":["https:\/\/kibrisdakik.com\/?p=19928#respond"]}]},{"@type":"WebPage","@id":"https:\/\/kibrisdakik.com\/?p=19928","url":"https:\/\/kibrisdakik.com\/?p=19928","name":"Sa\u011fl\u0131k Bakan Din\u00e7y\u00fcrek: &quot;Sa\u011fl\u0131k merkezlerini g\u00fc\u00e7lendirme \u00e7al\u0131\u015fmalar\u0131na h\u0131zla devam ediyoruz&quot; -","isPartOf":{"@id":"https:\/\/kibrisdakik.com\/#website"},"primaryImageOfPage":{"@id":"https:\/\/kibrisdakik.com\/?p=19928#primaryimage"},"image":{"@id":"https:\/\/kibrisdakik.com\/?p=19928#primaryimage"},"thumbnailUrl":"https:\/\/kibrisdakik.com\/wp-content\/uploads\/2023\/11\/saglik-bakan-dincyurek-saglik-merkezlerini-guclendirme-calismalarina-hizla-devam-ediyoruz-1700841791.webp.webp","datePublished":"2023-11-24T16:41:37+00:00","author":{"@id":"https:\/\/kibrisdakik.com\/#\/schema\/person\/9cd9d437bbb44f72b73ba127e06d8e79"},"breadcrumb":{"@id":"https:\/\/kibrisdakik.com\/?p=19928#breadcrumb"},"inLanguage":"tr","potentialAction":[{"@type":"ReadAction","target":["https:\/\/kibrisdakik.com\/?p=19928"]}]},{"@type":"ImageObject","inLanguage":"tr","@id":"https:\/\/kibrisdakik.com\/?p=19928#primaryimage","url":"https:\/\/kibrisdakik.com\/wp-content\/uploads\/2023\/11\/saglik-bakan-dincyurek-saglik-merkezlerini-guclendirme-calismalarina-hizla-devam-ediyoruz-1700841791.webp.webp","contentUrl":"https:\/\/kibrisdakik.com\/wp-content\/uploads\/2023\/11\/saglik-bakan-dincyurek-saglik-merkezlerini-guclendirme-calismalarina-hizla-devam-ediyoruz-1700841791.webp.webp","width":710,"height":370},{"@type":"BreadcrumbList","@id":"https:\/\/kibrisdakik.com\/?p=19928#breadcrumb","itemListElement":[{"@type":"ListItem","position":1,"name":"Home","item":"https:\/\/kibrisdakik.com\/"},{"@type":"ListItem","position":2,"name":"Sa\u011fl\u0131k Bakan Din\u00e7y\u00fcrek: &quot;Sa\u011fl\u0131k merkezlerini g\u00fc\u00e7lendirme \u00e7al\u0131\u015fmalar\u0131na h\u0131zla devam ediyoruz&quot;"}]},{"@type":"WebSite","@id":"https:\/\/kibrisdakik.com\/#website","url":"https:\/\/kibrisdakik.com\/","name":"","description":"Tam vaktinde haber","potentialAction":[{"@type":"SearchAction","target":{"@type":"EntryPoint","urlTemplate":"https:\/\/kibrisdakik.com\/?s={search_term_string}"},"query-input":{"@type":"PropertyValueSpecification","valueRequired":true,"valueName":"search_term_string"}}],"inLanguage":"tr"},{"@type":"Person","@id":"https:\/\/kibrisdakik.com\/#\/schema\/person\/9cd9d437bbb44f72b73ba127e06d8e79","name":"admin","image":{"@type":"ImageObject","inLanguage":"tr","@id":"https:\/\/secure.gravatar.com\/avatar\/ccc17943b9d660506c869530f897617f7cb1c21a4bf30023f252596d83e1f007?s=96&d=mm&r=g","url":"https:\/\/secure.gravatar.com\/avatar\/ccc17943b9d660506c869530f897617f7cb1c21a4bf30023f252596d83e1f007?s=96&d=mm&r=g","contentUrl":"https:\/\/secure.gravatar.com\/avatar\/ccc17943b9d660506c869530f897617f7cb1c21a4bf30023f252596d83e1f007?s=96&d=mm&r=g","caption":"admin"},"sameAs":["https:\/\/kibrisdakik.com"],"url":"https:\/\/kibrisdakik.com\/?author=1"}]}},"_links":{"self":[{"href":"https:\/\/kibrisdakik.com\/index.php?rest_route=\/wp\/v2\/posts\/19928","targetHints":{"allow":["GET"]}}],"collection":[{"href":"https:\/\/kibrisdakik.com\/index.php?rest_route=\/wp\/v2\/posts"}],"about":[{"href":"https:\/\/kibrisdakik.com\/index.php?rest_route=\/wp\/v2\/types\/post"}],"author":[{"embeddable":true,"href":"https:\/\/kibrisdakik.com\/index.php?rest_route=\/wp\/v2\/users\/1"}],"replies":[{"embeddable":true,"href":"https:\/\/kibrisdakik.com\/index.php?rest_route=%2Fwp%2Fv2%2Fcomments&post=19928"}],"version-history":[{"count":0,"href":"https:\/\/kibrisdakik.com\/index.php?rest_route=\/wp\/v2\/posts\/19928\/revisions"}],"wp:featuredmedia":[{"embeddable":true,"href":"https:\/\/kibrisdakik.com\/index.php?rest_route=\/wp\/v2\/media\/19929"}],"wp:attachment":[{"href":"https:\/\/kibrisdakik.com\/index.php?rest_route=%2Fwp%2Fv2%2Fmedia&parent=19928"}],"wp:term":[{"taxonomy":"category","embeddable":true,"href":"https:\/\/kibrisdakik.com\/index.php?rest_route=%2Fwp%2Fv2%2Fcategories&post=19928"},{"taxonomy":"post_tag","embeddable":true,"href":"https:\/\/kibrisdakik.com\/index.php?rest_route=%2Fwp%2Fv2%2Ftags&post=19928"}],"curies":[{"name":"wp","href":"https:\/\/api.w.org\/{rel}","templated":true}]}}