{"id":19942,"date":"2023-11-24T17:44:48","date_gmt":"2023-11-24T17:44:48","guid":{"rendered":"https:\/\/kibrisdakik.com\/index.php\/2023\/11\/24\/savasan-ogretmenler-gunu-nedeniyle-mesaj-yayimladi\/"},"modified":"2023-11-24T17:44:48","modified_gmt":"2023-11-24T17:44:48","slug":"savasan-ogretmenler-gunu-nedeniyle-mesaj-yayimladi","status":"publish","type":"post","link":"https:\/\/kibrisdakik.com\/?p=19942","title":{"rendered":"Sava\u015fan \u00d6\u011fretmenler G\u00fcn\u00fc nedeniyle mesaj yay\u0131mlad\u0131"},"content":{"rendered":"<p><img decoding=\"async\" src=\"https:\/\/www.kibristurk.com\/images\/haberler\/2023\/11\/savasan-ogretmenler-gunu-nedeniyle-mesaj-yayimladi-1700845113.webp\" \/><\/p>\n<p>UBP Milletvekili, Lefko\u015fa \u0130l\u00e7e Ba\u015fkan\u0131 Ahmet Sava\u015fan, yeni nesillerin niteli\u011finin onlar\u0131 yeti\u015ftiren \u00f6\u011fretmenlerin niteli\u011fiyle \u00f6zde\u015f olaca\u011f\u0131n\u0131 kaydetti ve toplumun kanaat \u00f6nderleri konumundaki \u00f6\u011fretmenlerin \u00e7ocuklara milli&nbsp; \u015fuur kazand\u0131rma noktas\u0131nda da hayati g\u00f6revleri bulundu\u011funu belirtti.&nbsp;<br \/>\n&nbsp;<\/p>\n<p>&nbsp;Sava\u015fan, \u00d6\u011fretmenler G\u00fcn\u00fc dolay\u0131s\u0131yla mesaj yay\u0131mlad\u0131.&nbsp;<\/p>\n<p>Sava\u015fan, mesaj\u0131nda \u201c\u00c7ocuklar\u0131m\u0131z\u0131 gelece\u011fe en iyi \u015fekilde haz\u0131rlayarak onlar\u0131;&nbsp; iyiye, g\u00fczele, ayd\u0131nl\u0131\u011fa ve bilgiye ula\u015ft\u0131ran \u00f6\u011fretmenlerin, \u00fclkemizin y\u00fcksek uygarl\u0131k d\u00fczeyine \u00e7\u0131kmas\u0131, iyi yeti\u015fmi\u015f, donan\u0131ml\u0131 bir neslin olu\u015fmas\u0131 gibi kutsal g\u00f6revleri vard\u0131r\u201d ifadelerini kulland\u0131.&nbsp;<\/p>\n<p>Bir toplumun \u00fcretti\u011fi bilgi ve k\u00fclt\u00fcr\u00fcn yeni nesillere ancak e\u011fitim sayesinde aktar\u0131labilece\u011fini ifade eden Ahmet Sava\u015fan, tarih boyunca b\u00fcy\u00fck ba\u015far\u0131lara imza atan medeniyetlerin e\u011fitime b\u00fcy\u00fck \u00f6nem verdi\u011finin alt\u0131n\u0131 \u00e7izdi. Halk\u0131n sayg\u0131n bir yere varmas\u0131nda birinci ko\u015fulun e\u011fitim, en \u00f6nemli akt\u00f6rlerin ise \u00f6\u011fretmenler oldu\u011funa dikkat \u00e7eken Ahmet Sava\u015fan, gelece\u011fin gen\u00e7lerin, gen\u00e7ler ise \u00f6\u011fretmenlerin eseri olaca\u011f\u0131n\u0131 ifade etti.&nbsp;<\/p>\n<p>&nbsp;<\/p>\n","protected":false},"excerpt":{"rendered":"<p>UBP Milletvekili, Lefko\u015fa \u0130l\u00e7e Ba\u015fkan\u0131 Ahmet Sava\u015fan, yeni nesillerin niteli\u011finin onlar\u0131 yeti\u015ftiren \u00f6\u011fretmenlerin niteli\u011fiyle \u00f6zde\u015f olaca\u011f\u0131n\u0131 kaydetti ve toplumun kanaat \u00f6nderleri konumundaki \u00f6\u011fretmenlerin \u00e7ocuklara milli&nbsp; \u015fuur kazand\u0131rma noktas\u0131nda da hayati g\u00f6revleri bulundu\u011funu belirtti.&nbsp; &nbsp; &nbsp;Sava\u015fan, \u00d6\u011fretmenler G\u00fcn\u00fc dolay\u0131s\u0131yla mesaj yay\u0131mlad\u0131.&nbsp; Sava\u015fan, mesaj\u0131nda \u201c\u00c7ocuklar\u0131m\u0131z\u0131 gelece\u011fe en iyi \u015fekilde haz\u0131rlayarak onlar\u0131;&nbsp; iyiye, g\u00fczele, ayd\u0131nl\u0131\u011fa ve bilgiye ula\u015ft\u0131ran<\/p>\n","protected":false},"author":1,"featured_media":19943,"comment_status":"open","ping_status":"open","sticky":false,"template":"","format":"standard","meta":{"footnotes":""},"categories":[1],"tags":[],"class_list":["post-19942","post","type-post","status-publish","format-standard","has-post-thumbnail","hentry","category-gundem"],"yoast_head":"<!-- This site is optimized with the Yoast SEO plugin v27.5 - https:\/\/yoast.com\/product\/yoast-seo-wordpress\/ -->\n<title>Sava\u015fan \u00d6\u011fretmenler G\u00fcn\u00fc nedeniyle mesaj yay\u0131mlad\u0131 -<\/title>\n<meta name=\"robots\" content=\"index, follow, max-snippet:-1, max-image-preview:large, max-video-preview:-1\" \/>\n<link rel=\"canonical\" href=\"https:\/\/kibrisdakik.com\/?p=19942\" \/>\n<meta property=\"og:locale\" content=\"tr_TR\" \/>\n<meta property=\"og:type\" content=\"article\" \/>\n<meta property=\"og:title\" content=\"Sava\u015fan \u00d6\u011fretmenler G\u00fcn\u00fc nedeniyle mesaj yay\u0131mlad\u0131 -\" \/>\n<meta property=\"og:description\" content=\"UBP Milletvekili, Lefko\u015fa \u0130l\u00e7e Ba\u015fkan\u0131 Ahmet Sava\u015fan, yeni nesillerin niteli\u011finin onlar\u0131 yeti\u015ftiren \u00f6\u011fretmenlerin niteli\u011fiyle \u00f6zde\u015f olaca\u011f\u0131n\u0131 kaydetti ve toplumun kanaat \u00f6nderleri konumundaki \u00f6\u011fretmenlerin \u00e7ocuklara milli&nbsp; \u015fuur kazand\u0131rma noktas\u0131nda da hayati g\u00f6revleri bulundu\u011funu belirtti.&nbsp; &nbsp; &nbsp;Sava\u015fan, \u00d6\u011fretmenler G\u00fcn\u00fc dolay\u0131s\u0131yla mesaj yay\u0131mlad\u0131.&nbsp; Sava\u015fan, mesaj\u0131nda \u201c\u00c7ocuklar\u0131m\u0131z\u0131 gelece\u011fe en iyi \u015fekilde haz\u0131rlayarak onlar\u0131;&nbsp; iyiye, g\u00fczele, ayd\u0131nl\u0131\u011fa ve bilgiye ula\u015ft\u0131ran\" \/>\n<meta property=\"og:url\" content=\"https:\/\/kibrisdakik.com\/?p=19942\" \/>\n<meta property=\"article:published_time\" content=\"2023-11-24T17:44:48+00:00\" \/>\n<meta property=\"og:image\" content=\"https:\/\/kibrisdakik.com\/wp-content\/uploads\/2023\/11\/savasan-ogretmenler-gunu-nedeniyle-mesaj-yayimladi-1700845113.webp.webp\" \/>\n\t<meta property=\"og:image:width\" content=\"710\" \/>\n\t<meta property=\"og:image:height\" content=\"370\" \/>\n\t<meta property=\"og:image:type\" content=\"image\/webp\" \/>\n<meta name=\"author\" content=\"admin\" \/>\n<meta name=\"twitter:card\" content=\"summary_large_image\" \/>\n<meta name=\"twitter:label1\" content=\"Yazan:\" \/>\n\t<meta name=\"twitter:data1\" content=\"admin\" \/>\n\t<meta name=\"twitter:label2\" content=\"Tahmini okuma s\u00fcresi\" \/>\n\t<meta name=\"twitter:data2\" content=\"1 dakika\" \/>\n<script type=\"application\/ld+json\" class=\"yoast-schema-graph\">{\"@context\":\"https:\\\/\\\/schema.org\",\"@graph\":[{\"@type\":\"Article\",\"@id\":\"https:\\\/\\\/kibrisdakik.com\\\/?p=19942#article\",\"isPartOf\":{\"@id\":\"https:\\\/\\\/kibrisdakik.com\\\/?p=19942\"},\"author\":{\"name\":\"admin\",\"@id\":\"https:\\\/\\\/kibrisdakik.com\\\/#\\\/schema\\\/person\\\/9cd9d437bbb44f72b73ba127e06d8e79\"},\"headline\":\"Sava\u015fan \u00d6\u011fretmenler G\u00fcn\u00fc nedeniyle mesaj yay\u0131mlad\u0131\",\"datePublished\":\"2023-11-24T17:44:48+00:00\",\"mainEntityOfPage\":{\"@id\":\"https:\\\/\\\/kibrisdakik.com\\\/?p=19942\"},\"wordCount\":211,\"commentCount\":0,\"image\":{\"@id\":\"https:\\\/\\\/kibrisdakik.com\\\/?p=19942#primaryimage\"},\"thumbnailUrl\":\"https:\\\/\\\/kibrisdakik.com\\\/wp-content\\\/uploads\\\/2023\\\/11\\\/savasan-ogretmenler-gunu-nedeniyle-mesaj-yayimladi-1700845113.webp.webp\",\"articleSection\":[\"G\u00fcndem\"],\"inLanguage\":\"tr\",\"potentialAction\":[{\"@type\":\"CommentAction\",\"name\":\"Comment\",\"target\":[\"https:\\\/\\\/kibrisdakik.com\\\/?p=19942#respond\"]}]},{\"@type\":\"WebPage\",\"@id\":\"https:\\\/\\\/kibrisdakik.com\\\/?p=19942\",\"url\":\"https:\\\/\\\/kibrisdakik.com\\\/?p=19942\",\"name\":\"Sava\u015fan \u00d6\u011fretmenler G\u00fcn\u00fc nedeniyle mesaj yay\u0131mlad\u0131 -\",\"isPartOf\":{\"@id\":\"https:\\\/\\\/kibrisdakik.com\\\/#website\"},\"primaryImageOfPage\":{\"@id\":\"https:\\\/\\\/kibrisdakik.com\\\/?p=19942#primaryimage\"},\"image\":{\"@id\":\"https:\\\/\\\/kibrisdakik.com\\\/?p=19942#primaryimage\"},\"thumbnailUrl\":\"https:\\\/\\\/kibrisdakik.com\\\/wp-content\\\/uploads\\\/2023\\\/11\\\/savasan-ogretmenler-gunu-nedeniyle-mesaj-yayimladi-1700845113.webp.webp\",\"datePublished\":\"2023-11-24T17:44:48+00:00\",\"author\":{\"@id\":\"https:\\\/\\\/kibrisdakik.com\\\/#\\\/schema\\\/person\\\/9cd9d437bbb44f72b73ba127e06d8e79\"},\"breadcrumb\":{\"@id\":\"https:\\\/\\\/kibrisdakik.com\\\/?p=19942#breadcrumb\"},\"inLanguage\":\"tr\",\"potentialAction\":[{\"@type\":\"ReadAction\",\"target\":[\"https:\\\/\\\/kibrisdakik.com\\\/?p=19942\"]}]},{\"@type\":\"ImageObject\",\"inLanguage\":\"tr\",\"@id\":\"https:\\\/\\\/kibrisdakik.com\\\/?p=19942#primaryimage\",\"url\":\"https:\\\/\\\/kibrisdakik.com\\\/wp-content\\\/uploads\\\/2023\\\/11\\\/savasan-ogretmenler-gunu-nedeniyle-mesaj-yayimladi-1700845113.webp.webp\",\"contentUrl\":\"https:\\\/\\\/kibrisdakik.com\\\/wp-content\\\/uploads\\\/2023\\\/11\\\/savasan-ogretmenler-gunu-nedeniyle-mesaj-yayimladi-1700845113.webp.webp\",\"width\":710,\"height\":370},{\"@type\":\"BreadcrumbList\",\"@id\":\"https:\\\/\\\/kibrisdakik.com\\\/?p=19942#breadcrumb\",\"itemListElement\":[{\"@type\":\"ListItem\",\"position\":1,\"name\":\"Home\",\"item\":\"https:\\\/\\\/kibrisdakik.com\\\/\"},{\"@type\":\"ListItem\",\"position\":2,\"name\":\"Sava\u015fan \u00d6\u011fretmenler G\u00fcn\u00fc nedeniyle mesaj yay\u0131mlad\u0131\"}]},{\"@type\":\"WebSite\",\"@id\":\"https:\\\/\\\/kibrisdakik.com\\\/#website\",\"url\":\"https:\\\/\\\/kibrisdakik.com\\\/\",\"name\":\"\",\"description\":\"Tam vaktinde haber\",\"potentialAction\":[{\"@type\":\"SearchAction\",\"target\":{\"@type\":\"EntryPoint\",\"urlTemplate\":\"https:\\\/\\\/kibrisdakik.com\\\/?s={search_term_string}\"},\"query-input\":{\"@type\":\"PropertyValueSpecification\",\"valueRequired\":true,\"valueName\":\"search_term_string\"}}],\"inLanguage\":\"tr\"},{\"@type\":\"Person\",\"@id\":\"https:\\\/\\\/kibrisdakik.com\\\/#\\\/schema\\\/person\\\/9cd9d437bbb44f72b73ba127e06d8e79\",\"name\":\"admin\",\"image\":{\"@type\":\"ImageObject\",\"inLanguage\":\"tr\",\"@id\":\"https:\\\/\\\/secure.gravatar.com\\\/avatar\\\/ccc17943b9d660506c869530f897617f7cb1c21a4bf30023f252596d83e1f007?s=96&d=mm&r=g\",\"url\":\"https:\\\/\\\/secure.gravatar.com\\\/avatar\\\/ccc17943b9d660506c869530f897617f7cb1c21a4bf30023f252596d83e1f007?s=96&d=mm&r=g\",\"contentUrl\":\"https:\\\/\\\/secure.gravatar.com\\\/avatar\\\/ccc17943b9d660506c869530f897617f7cb1c21a4bf30023f252596d83e1f007?s=96&d=mm&r=g\",\"caption\":\"admin\"},\"sameAs\":[\"https:\\\/\\\/kibrisdakik.com\"],\"url\":\"https:\\\/\\\/kibrisdakik.com\\\/?author=1\"}]}<\/script>\n<!-- \/ Yoast SEO plugin. -->","yoast_head_json":{"title":"Sava\u015fan \u00d6\u011fretmenler G\u00fcn\u00fc nedeniyle mesaj yay\u0131mlad\u0131 -","robots":{"index":"index","follow":"follow","max-snippet":"max-snippet:-1","max-image-preview":"max-image-preview:large","max-video-preview":"max-video-preview:-1"},"canonical":"https:\/\/kibrisdakik.com\/?p=19942","og_locale":"tr_TR","og_type":"article","og_title":"Sava\u015fan \u00d6\u011fretmenler G\u00fcn\u00fc nedeniyle mesaj yay\u0131mlad\u0131 -","og_description":"UBP Milletvekili, Lefko\u015fa \u0130l\u00e7e Ba\u015fkan\u0131 Ahmet Sava\u015fan, yeni nesillerin niteli\u011finin onlar\u0131 yeti\u015ftiren \u00f6\u011fretmenlerin niteli\u011fiyle \u00f6zde\u015f olaca\u011f\u0131n\u0131 kaydetti ve toplumun kanaat \u00f6nderleri konumundaki \u00f6\u011fretmenlerin \u00e7ocuklara milli&nbsp; \u015fuur kazand\u0131rma noktas\u0131nda da hayati g\u00f6revleri bulundu\u011funu belirtti.&nbsp; &nbsp; &nbsp;Sava\u015fan, \u00d6\u011fretmenler G\u00fcn\u00fc dolay\u0131s\u0131yla mesaj yay\u0131mlad\u0131.&nbsp; Sava\u015fan, mesaj\u0131nda \u201c\u00c7ocuklar\u0131m\u0131z\u0131 gelece\u011fe en iyi \u015fekilde haz\u0131rlayarak onlar\u0131;&nbsp; iyiye, g\u00fczele, ayd\u0131nl\u0131\u011fa ve bilgiye ula\u015ft\u0131ran","og_url":"https:\/\/kibrisdakik.com\/?p=19942","article_published_time":"2023-11-24T17:44:48+00:00","og_image":[{"width":710,"height":370,"url":"https:\/\/kibrisdakik.com\/wp-content\/uploads\/2023\/11\/savasan-ogretmenler-gunu-nedeniyle-mesaj-yayimladi-1700845113.webp.webp","type":"image\/webp"}],"author":"admin","twitter_card":"summary_large_image","twitter_misc":{"Yazan:":"admin","Tahmini okuma s\u00fcresi":"1 dakika"},"schema":{"@context":"https:\/\/schema.org","@graph":[{"@type":"Article","@id":"https:\/\/kibrisdakik.com\/?p=19942#article","isPartOf":{"@id":"https:\/\/kibrisdakik.com\/?p=19942"},"author":{"name":"admin","@id":"https:\/\/kibrisdakik.com\/#\/schema\/person\/9cd9d437bbb44f72b73ba127e06d8e79"},"headline":"Sava\u015fan \u00d6\u011fretmenler G\u00fcn\u00fc nedeniyle mesaj yay\u0131mlad\u0131","datePublished":"2023-11-24T17:44:48+00:00","mainEntityOfPage":{"@id":"https:\/\/kibrisdakik.com\/?p=19942"},"wordCount":211,"commentCount":0,"image":{"@id":"https:\/\/kibrisdakik.com\/?p=19942#primaryimage"},"thumbnailUrl":"https:\/\/kibrisdakik.com\/wp-content\/uploads\/2023\/11\/savasan-ogretmenler-gunu-nedeniyle-mesaj-yayimladi-1700845113.webp.webp","articleSection":["G\u00fcndem"],"inLanguage":"tr","potentialAction":[{"@type":"CommentAction","name":"Comment","target":["https:\/\/kibrisdakik.com\/?p=19942#respond"]}]},{"@type":"WebPage","@id":"https:\/\/kibrisdakik.com\/?p=19942","url":"https:\/\/kibrisdakik.com\/?p=19942","name":"Sava\u015fan \u00d6\u011fretmenler G\u00fcn\u00fc nedeniyle mesaj yay\u0131mlad\u0131 -","isPartOf":{"@id":"https:\/\/kibrisdakik.com\/#website"},"primaryImageOfPage":{"@id":"https:\/\/kibrisdakik.com\/?p=19942#primaryimage"},"image":{"@id":"https:\/\/kibrisdakik.com\/?p=19942#primaryimage"},"thumbnailUrl":"https:\/\/kibrisdakik.com\/wp-content\/uploads\/2023\/11\/savasan-ogretmenler-gunu-nedeniyle-mesaj-yayimladi-1700845113.webp.webp","datePublished":"2023-11-24T17:44:48+00:00","author":{"@id":"https:\/\/kibrisdakik.com\/#\/schema\/person\/9cd9d437bbb44f72b73ba127e06d8e79"},"breadcrumb":{"@id":"https:\/\/kibrisdakik.com\/?p=19942#breadcrumb"},"inLanguage":"tr","potentialAction":[{"@type":"ReadAction","target":["https:\/\/kibrisdakik.com\/?p=19942"]}]},{"@type":"ImageObject","inLanguage":"tr","@id":"https:\/\/kibrisdakik.com\/?p=19942#primaryimage","url":"https:\/\/kibrisdakik.com\/wp-content\/uploads\/2023\/11\/savasan-ogretmenler-gunu-nedeniyle-mesaj-yayimladi-1700845113.webp.webp","contentUrl":"https:\/\/kibrisdakik.com\/wp-content\/uploads\/2023\/11\/savasan-ogretmenler-gunu-nedeniyle-mesaj-yayimladi-1700845113.webp.webp","width":710,"height":370},{"@type":"BreadcrumbList","@id":"https:\/\/kibrisdakik.com\/?p=19942#breadcrumb","itemListElement":[{"@type":"ListItem","position":1,"name":"Home","item":"https:\/\/kibrisdakik.com\/"},{"@type":"ListItem","position":2,"name":"Sava\u015fan \u00d6\u011fretmenler G\u00fcn\u00fc nedeniyle mesaj yay\u0131mlad\u0131"}]},{"@type":"WebSite","@id":"https:\/\/kibrisdakik.com\/#website","url":"https:\/\/kibrisdakik.com\/","name":"","description":"Tam vaktinde haber","potentialAction":[{"@type":"SearchAction","target":{"@type":"EntryPoint","urlTemplate":"https:\/\/kibrisdakik.com\/?s={search_term_string}"},"query-input":{"@type":"PropertyValueSpecification","valueRequired":true,"valueName":"search_term_string"}}],"inLanguage":"tr"},{"@type":"Person","@id":"https:\/\/kibrisdakik.com\/#\/schema\/person\/9cd9d437bbb44f72b73ba127e06d8e79","name":"admin","image":{"@type":"ImageObject","inLanguage":"tr","@id":"https:\/\/secure.gravatar.com\/avatar\/ccc17943b9d660506c869530f897617f7cb1c21a4bf30023f252596d83e1f007?s=96&d=mm&r=g","url":"https:\/\/secure.gravatar.com\/avatar\/ccc17943b9d660506c869530f897617f7cb1c21a4bf30023f252596d83e1f007?s=96&d=mm&r=g","contentUrl":"https:\/\/secure.gravatar.com\/avatar\/ccc17943b9d660506c869530f897617f7cb1c21a4bf30023f252596d83e1f007?s=96&d=mm&r=g","caption":"admin"},"sameAs":["https:\/\/kibrisdakik.com"],"url":"https:\/\/kibrisdakik.com\/?author=1"}]}},"_links":{"self":[{"href":"https:\/\/kibrisdakik.com\/index.php?rest_route=\/wp\/v2\/posts\/19942","targetHints":{"allow":["GET"]}}],"collection":[{"href":"https:\/\/kibrisdakik.com\/index.php?rest_route=\/wp\/v2\/posts"}],"about":[{"href":"https:\/\/kibrisdakik.com\/index.php?rest_route=\/wp\/v2\/types\/post"}],"author":[{"embeddable":true,"href":"https:\/\/kibrisdakik.com\/index.php?rest_route=\/wp\/v2\/users\/1"}],"replies":[{"embeddable":true,"href":"https:\/\/kibrisdakik.com\/index.php?rest_route=%2Fwp%2Fv2%2Fcomments&post=19942"}],"version-history":[{"count":0,"href":"https:\/\/kibrisdakik.com\/index.php?rest_route=\/wp\/v2\/posts\/19942\/revisions"}],"wp:featuredmedia":[{"embeddable":true,"href":"https:\/\/kibrisdakik.com\/index.php?rest_route=\/wp\/v2\/media\/19943"}],"wp:attachment":[{"href":"https:\/\/kibrisdakik.com\/index.php?rest_route=%2Fwp%2Fv2%2Fmedia&parent=19942"}],"wp:term":[{"taxonomy":"category","embeddable":true,"href":"https:\/\/kibrisdakik.com\/index.php?rest_route=%2Fwp%2Fv2%2Fcategories&post=19942"},{"taxonomy":"post_tag","embeddable":true,"href":"https:\/\/kibrisdakik.com\/index.php?rest_route=%2Fwp%2Fv2%2Ftags&post=19942"}],"curies":[{"name":"wp","href":"https:\/\/api.w.org\/{rel}","templated":true}]}}