{"id":19960,"date":"2023-11-24T19:45:12","date_gmt":"2023-11-24T19:45:12","guid":{"rendered":"https:\/\/kibrisdakik.com\/index.php\/2023\/11\/24\/ozdenefe-ve-canaltay-turkpa-toplantisi-cercevesinde-gorusmeler-yapti\/"},"modified":"2023-11-24T19:45:12","modified_gmt":"2023-11-24T19:45:12","slug":"ozdenefe-ve-canaltay-turkpa-toplantisi-cercevesinde-gorusmeler-yapti","status":"publish","type":"post","link":"https:\/\/kibrisdakik.com\/?p=19960","title":{"rendered":"\u00d6zdenefe ve Canaltay T\u00dcRKPA toplant\u0131s\u0131 \u00e7er\u00e7evesinde g\u00f6r\u00fc\u015fmeler yapt\u0131"},"content":{"rendered":"<p><img decoding=\"async\" src=\"https:\/\/www.kibristurk.com\/images\/haberler\/2023\/11\/ozdenefe-ve-canaltay-turkpa-toplantisi-cercevesinde-gorusmeler-yapti-1700810955.webp\" \/><\/p>\n<p>Meclis\u2019ten yap\u0131lan a\u00e7\u0131klamaya g\u00f6re, vekiller, T\u00dcRKPA \u0130htisas Komisyonunun \u201cKad\u0131n Erkek F\u0131rsat E\u015fitli\u011finin Sa\u011flanmas\u0131 ve Kad\u0131nlar\u0131n G\u00fc\u00e7lenmesi\u201d ba\u015fl\u0131kl\u0131 toplant\u0131s\u0131 \u00e7er\u00e7evesinde ilk g\u00fcn yap\u0131lan oturumlarda s\u00f6z alarak g\u00f6r\u00fc\u015flerini ortaya koyarken toplant\u0131n\u0131n ikinci g\u00fcn\u00fcnde yer alan oturumlar\u0131 da takip etti ve konuk \u00fclkeler ile g\u00f6r\u00fc\u015fmeler ger\u00e7ekle\u015ftirdi.&nbsp;<\/p>\n<p>&#8211; T\u00fcrkiye Aile ve Sosyal Hizmetler Bakan\u0131 ile g\u00f6r\u00fc\u015fme<\/p>\n<p>\u00d6zdenefe ve Canaltay, T\u00dcRKPA toplant\u0131s\u0131na kat\u0131lan T\u00fcrkiye Aile ve Sosyal Hizmetler Bakan\u0131 Mahinur \u00d6zdemir G\u00f6kta\u015f ile bir araya geldi.&nbsp;<\/p>\n<p>Yap\u0131lan g\u00f6r\u00fc\u015fmelerde kad\u0131n\u0131n g\u00fc\u00e7lenmesi ve toplumsal hayatta daha aktif rol almas\u0131 noktas\u0131nda nelerin yap\u0131labilece\u011fi konusunda fikir teatileri yap\u0131ld\u0131.&nbsp;<\/p>\n<p>G\u00f6r\u00fc\u015fmede T\u00fcrkiye B\u00fcy\u00fck Millet Meclisi Kad\u0131n Erkek F\u0131rsat E\u015fitli\u011fi Komisyonu Ba\u015fkan\u0131 \u00c7i\u011fdem Erdo\u011fan da yer ald\u0131.&nbsp;<\/p>\n<p>&#8211; \u00dclke temsilcileri ile temaslar&nbsp;<\/p>\n<p>Toplant\u0131ya kat\u0131lan \u00fclke temsilcileri ile de temaslar ger\u00e7ekle\u015ftiren \u00d6zdenefe ve Canaltay, bu \u00e7er\u00e7evede ba\u015fta T\u00fcrkiye heyeti olmak \u00fczere, Azerbaycan, K\u0131rg\u0131zistan ve \u00d6zbekistan\u2019\u0131 temsilen T\u00dcRKPA toplant\u0131s\u0131na kat\u0131lan milletvekilleri ile bir araya geldiler.&nbsp;<\/p>\n<p>Kad\u0131nlar\u0131n g\u00fc\u00e7lenmesinin ve toplumsal cinsiyet e\u015fitli\u011finin T\u00dcRKPA toplant\u0131lar\u0131nda ele al\u0131nmas\u0131n\u0131n \u00f6nemi vurgulan\u0131rken, K\u0131br\u0131s T\u00fcrk kad\u0131n\u0131n\u0131n ge\u00e7mi\u015ften g\u00fcn\u00fcm\u00fcze m\u00fccadelesi ve toplumdaki yeri konusunda milletvekillerine bilgiler verildi.&nbsp;<\/p>\n<p>G\u00f6r\u00fc\u015fmelere heyette yer alan Meclis Genel Sekreteri Seral F\u0131rat da e\u015flik etti.&nbsp;<\/p>\n<p>T\u00dcRKPA toplant\u0131s\u0131na kat\u0131lan Cumhuriyet Meclisi heyeti d\u00fcn ak\u015fam yurda d\u00f6nd\u00fc.&nbsp;<\/p>\n","protected":false},"excerpt":{"rendered":"<p>Meclis\u2019ten yap\u0131lan a\u00e7\u0131klamaya g\u00f6re, vekiller, T\u00dcRKPA \u0130htisas Komisyonunun \u201cKad\u0131n Erkek F\u0131rsat E\u015fitli\u011finin Sa\u011flanmas\u0131 ve Kad\u0131nlar\u0131n G\u00fc\u00e7lenmesi\u201d ba\u015fl\u0131kl\u0131 toplant\u0131s\u0131 \u00e7er\u00e7evesinde ilk g\u00fcn yap\u0131lan oturumlarda s\u00f6z alarak g\u00f6r\u00fc\u015flerini ortaya koyarken toplant\u0131n\u0131n ikinci g\u00fcn\u00fcnde yer alan oturumlar\u0131 da takip etti ve konuk \u00fclkeler ile g\u00f6r\u00fc\u015fmeler ger\u00e7ekle\u015ftirdi.&nbsp; &#8211; T\u00fcrkiye Aile ve Sosyal Hizmetler Bakan\u0131 ile g\u00f6r\u00fc\u015fme \u00d6zdenefe ve Canaltay,<\/p>\n","protected":false},"author":1,"featured_media":19961,"comment_status":"open","ping_status":"open","sticky":false,"template":"","format":"standard","meta":{"footnotes":""},"categories":[1],"tags":[],"class_list":["post-19960","post","type-post","status-publish","format-standard","has-post-thumbnail","hentry","category-gundem"],"yoast_head":"<!-- This site is optimized with the Yoast SEO plugin v27.5 - https:\/\/yoast.com\/product\/yoast-seo-wordpress\/ -->\n<title>\u00d6zdenefe ve Canaltay T\u00dcRKPA toplant\u0131s\u0131 \u00e7er\u00e7evesinde g\u00f6r\u00fc\u015fmeler yapt\u0131 -<\/title>\n<meta name=\"robots\" content=\"index, follow, max-snippet:-1, max-image-preview:large, max-video-preview:-1\" \/>\n<link rel=\"canonical\" href=\"https:\/\/kibrisdakik.com\/?p=19960\" \/>\n<meta property=\"og:locale\" content=\"tr_TR\" \/>\n<meta property=\"og:type\" content=\"article\" \/>\n<meta property=\"og:title\" content=\"\u00d6zdenefe ve Canaltay T\u00dcRKPA toplant\u0131s\u0131 \u00e7er\u00e7evesinde g\u00f6r\u00fc\u015fmeler yapt\u0131 -\" \/>\n<meta property=\"og:description\" content=\"Meclis\u2019ten yap\u0131lan a\u00e7\u0131klamaya g\u00f6re, vekiller, T\u00dcRKPA \u0130htisas Komisyonunun \u201cKad\u0131n Erkek F\u0131rsat E\u015fitli\u011finin Sa\u011flanmas\u0131 ve Kad\u0131nlar\u0131n G\u00fc\u00e7lenmesi\u201d ba\u015fl\u0131kl\u0131 toplant\u0131s\u0131 \u00e7er\u00e7evesinde ilk g\u00fcn yap\u0131lan oturumlarda s\u00f6z alarak g\u00f6r\u00fc\u015flerini ortaya koyarken toplant\u0131n\u0131n ikinci g\u00fcn\u00fcnde yer alan oturumlar\u0131 da takip etti ve konuk \u00fclkeler ile g\u00f6r\u00fc\u015fmeler ger\u00e7ekle\u015ftirdi.&nbsp; &#8211; T\u00fcrkiye Aile ve Sosyal Hizmetler Bakan\u0131 ile g\u00f6r\u00fc\u015fme \u00d6zdenefe ve Canaltay,\" \/>\n<meta property=\"og:url\" content=\"https:\/\/kibrisdakik.com\/?p=19960\" \/>\n<meta property=\"article:published_time\" content=\"2023-11-24T19:45:12+00:00\" \/>\n<meta property=\"og:image\" content=\"https:\/\/kibrisdakik.com\/wp-content\/uploads\/2023\/11\/ozdenefe-ve-canaltay-turkpa-toplantisi-cercevesinde-gorusmeler-yapti-1700810955.webp.webp\" \/>\n\t<meta property=\"og:image:width\" content=\"710\" \/>\n\t<meta property=\"og:image:height\" content=\"370\" \/>\n\t<meta property=\"og:image:type\" content=\"image\/webp\" \/>\n<meta name=\"author\" content=\"admin\" \/>\n<meta name=\"twitter:card\" content=\"summary_large_image\" \/>\n<meta name=\"twitter:label1\" content=\"Yazan:\" \/>\n\t<meta name=\"twitter:data1\" content=\"admin\" \/>\n\t<meta name=\"twitter:label2\" content=\"Tahmini okuma s\u00fcresi\" \/>\n\t<meta name=\"twitter:data2\" content=\"2 dakika\" \/>\n<script type=\"application\/ld+json\" class=\"yoast-schema-graph\">{\"@context\":\"https:\\\/\\\/schema.org\",\"@graph\":[{\"@type\":\"Article\",\"@id\":\"https:\\\/\\\/kibrisdakik.com\\\/?p=19960#article\",\"isPartOf\":{\"@id\":\"https:\\\/\\\/kibrisdakik.com\\\/?p=19960\"},\"author\":{\"name\":\"admin\",\"@id\":\"https:\\\/\\\/kibrisdakik.com\\\/#\\\/schema\\\/person\\\/9cd9d437bbb44f72b73ba127e06d8e79\"},\"headline\":\"\u00d6zdenefe ve Canaltay T\u00dcRKPA toplant\u0131s\u0131 \u00e7er\u00e7evesinde g\u00f6r\u00fc\u015fmeler yapt\u0131\",\"datePublished\":\"2023-11-24T19:45:12+00:00\",\"mainEntityOfPage\":{\"@id\":\"https:\\\/\\\/kibrisdakik.com\\\/?p=19960\"},\"wordCount\":319,\"commentCount\":0,\"image\":{\"@id\":\"https:\\\/\\\/kibrisdakik.com\\\/?p=19960#primaryimage\"},\"thumbnailUrl\":\"https:\\\/\\\/kibrisdakik.com\\\/wp-content\\\/uploads\\\/2023\\\/11\\\/ozdenefe-ve-canaltay-turkpa-toplantisi-cercevesinde-gorusmeler-yapti-1700810955.webp.webp\",\"articleSection\":[\"G\u00fcndem\"],\"inLanguage\":\"tr\",\"potentialAction\":[{\"@type\":\"CommentAction\",\"name\":\"Comment\",\"target\":[\"https:\\\/\\\/kibrisdakik.com\\\/?p=19960#respond\"]}]},{\"@type\":\"WebPage\",\"@id\":\"https:\\\/\\\/kibrisdakik.com\\\/?p=19960\",\"url\":\"https:\\\/\\\/kibrisdakik.com\\\/?p=19960\",\"name\":\"\u00d6zdenefe ve Canaltay T\u00dcRKPA toplant\u0131s\u0131 \u00e7er\u00e7evesinde g\u00f6r\u00fc\u015fmeler yapt\u0131 -\",\"isPartOf\":{\"@id\":\"https:\\\/\\\/kibrisdakik.com\\\/#website\"},\"primaryImageOfPage\":{\"@id\":\"https:\\\/\\\/kibrisdakik.com\\\/?p=19960#primaryimage\"},\"image\":{\"@id\":\"https:\\\/\\\/kibrisdakik.com\\\/?p=19960#primaryimage\"},\"thumbnailUrl\":\"https:\\\/\\\/kibrisdakik.com\\\/wp-content\\\/uploads\\\/2023\\\/11\\\/ozdenefe-ve-canaltay-turkpa-toplantisi-cercevesinde-gorusmeler-yapti-1700810955.webp.webp\",\"datePublished\":\"2023-11-24T19:45:12+00:00\",\"author\":{\"@id\":\"https:\\\/\\\/kibrisdakik.com\\\/#\\\/schema\\\/person\\\/9cd9d437bbb44f72b73ba127e06d8e79\"},\"breadcrumb\":{\"@id\":\"https:\\\/\\\/kibrisdakik.com\\\/?p=19960#breadcrumb\"},\"inLanguage\":\"tr\",\"potentialAction\":[{\"@type\":\"ReadAction\",\"target\":[\"https:\\\/\\\/kibrisdakik.com\\\/?p=19960\"]}]},{\"@type\":\"ImageObject\",\"inLanguage\":\"tr\",\"@id\":\"https:\\\/\\\/kibrisdakik.com\\\/?p=19960#primaryimage\",\"url\":\"https:\\\/\\\/kibrisdakik.com\\\/wp-content\\\/uploads\\\/2023\\\/11\\\/ozdenefe-ve-canaltay-turkpa-toplantisi-cercevesinde-gorusmeler-yapti-1700810955.webp.webp\",\"contentUrl\":\"https:\\\/\\\/kibrisdakik.com\\\/wp-content\\\/uploads\\\/2023\\\/11\\\/ozdenefe-ve-canaltay-turkpa-toplantisi-cercevesinde-gorusmeler-yapti-1700810955.webp.webp\",\"width\":710,\"height\":370},{\"@type\":\"BreadcrumbList\",\"@id\":\"https:\\\/\\\/kibrisdakik.com\\\/?p=19960#breadcrumb\",\"itemListElement\":[{\"@type\":\"ListItem\",\"position\":1,\"name\":\"Home\",\"item\":\"https:\\\/\\\/kibrisdakik.com\\\/\"},{\"@type\":\"ListItem\",\"position\":2,\"name\":\"\u00d6zdenefe ve Canaltay T\u00dcRKPA toplant\u0131s\u0131 \u00e7er\u00e7evesinde g\u00f6r\u00fc\u015fmeler yapt\u0131\"}]},{\"@type\":\"WebSite\",\"@id\":\"https:\\\/\\\/kibrisdakik.com\\\/#website\",\"url\":\"https:\\\/\\\/kibrisdakik.com\\\/\",\"name\":\"\",\"description\":\"Tam vaktinde haber\",\"potentialAction\":[{\"@type\":\"SearchAction\",\"target\":{\"@type\":\"EntryPoint\",\"urlTemplate\":\"https:\\\/\\\/kibrisdakik.com\\\/?s={search_term_string}\"},\"query-input\":{\"@type\":\"PropertyValueSpecification\",\"valueRequired\":true,\"valueName\":\"search_term_string\"}}],\"inLanguage\":\"tr\"},{\"@type\":\"Person\",\"@id\":\"https:\\\/\\\/kibrisdakik.com\\\/#\\\/schema\\\/person\\\/9cd9d437bbb44f72b73ba127e06d8e79\",\"name\":\"admin\",\"image\":{\"@type\":\"ImageObject\",\"inLanguage\":\"tr\",\"@id\":\"https:\\\/\\\/secure.gravatar.com\\\/avatar\\\/ccc17943b9d660506c869530f897617f7cb1c21a4bf30023f252596d83e1f007?s=96&d=mm&r=g\",\"url\":\"https:\\\/\\\/secure.gravatar.com\\\/avatar\\\/ccc17943b9d660506c869530f897617f7cb1c21a4bf30023f252596d83e1f007?s=96&d=mm&r=g\",\"contentUrl\":\"https:\\\/\\\/secure.gravatar.com\\\/avatar\\\/ccc17943b9d660506c869530f897617f7cb1c21a4bf30023f252596d83e1f007?s=96&d=mm&r=g\",\"caption\":\"admin\"},\"sameAs\":[\"https:\\\/\\\/kibrisdakik.com\"],\"url\":\"https:\\\/\\\/kibrisdakik.com\\\/?author=1\"}]}<\/script>\n<!-- \/ Yoast SEO plugin. -->","yoast_head_json":{"title":"\u00d6zdenefe ve Canaltay T\u00dcRKPA toplant\u0131s\u0131 \u00e7er\u00e7evesinde g\u00f6r\u00fc\u015fmeler yapt\u0131 -","robots":{"index":"index","follow":"follow","max-snippet":"max-snippet:-1","max-image-preview":"max-image-preview:large","max-video-preview":"max-video-preview:-1"},"canonical":"https:\/\/kibrisdakik.com\/?p=19960","og_locale":"tr_TR","og_type":"article","og_title":"\u00d6zdenefe ve Canaltay T\u00dcRKPA toplant\u0131s\u0131 \u00e7er\u00e7evesinde g\u00f6r\u00fc\u015fmeler yapt\u0131 -","og_description":"Meclis\u2019ten yap\u0131lan a\u00e7\u0131klamaya g\u00f6re, vekiller, T\u00dcRKPA \u0130htisas Komisyonunun \u201cKad\u0131n Erkek F\u0131rsat E\u015fitli\u011finin Sa\u011flanmas\u0131 ve Kad\u0131nlar\u0131n G\u00fc\u00e7lenmesi\u201d ba\u015fl\u0131kl\u0131 toplant\u0131s\u0131 \u00e7er\u00e7evesinde ilk g\u00fcn yap\u0131lan oturumlarda s\u00f6z alarak g\u00f6r\u00fc\u015flerini ortaya koyarken toplant\u0131n\u0131n ikinci g\u00fcn\u00fcnde yer alan oturumlar\u0131 da takip etti ve konuk \u00fclkeler ile g\u00f6r\u00fc\u015fmeler ger\u00e7ekle\u015ftirdi.&nbsp; &#8211; T\u00fcrkiye Aile ve Sosyal Hizmetler Bakan\u0131 ile g\u00f6r\u00fc\u015fme \u00d6zdenefe ve Canaltay,","og_url":"https:\/\/kibrisdakik.com\/?p=19960","article_published_time":"2023-11-24T19:45:12+00:00","og_image":[{"width":710,"height":370,"url":"https:\/\/kibrisdakik.com\/wp-content\/uploads\/2023\/11\/ozdenefe-ve-canaltay-turkpa-toplantisi-cercevesinde-gorusmeler-yapti-1700810955.webp.webp","type":"image\/webp"}],"author":"admin","twitter_card":"summary_large_image","twitter_misc":{"Yazan:":"admin","Tahmini okuma s\u00fcresi":"2 dakika"},"schema":{"@context":"https:\/\/schema.org","@graph":[{"@type":"Article","@id":"https:\/\/kibrisdakik.com\/?p=19960#article","isPartOf":{"@id":"https:\/\/kibrisdakik.com\/?p=19960"},"author":{"name":"admin","@id":"https:\/\/kibrisdakik.com\/#\/schema\/person\/9cd9d437bbb44f72b73ba127e06d8e79"},"headline":"\u00d6zdenefe ve Canaltay T\u00dcRKPA toplant\u0131s\u0131 \u00e7er\u00e7evesinde g\u00f6r\u00fc\u015fmeler yapt\u0131","datePublished":"2023-11-24T19:45:12+00:00","mainEntityOfPage":{"@id":"https:\/\/kibrisdakik.com\/?p=19960"},"wordCount":319,"commentCount":0,"image":{"@id":"https:\/\/kibrisdakik.com\/?p=19960#primaryimage"},"thumbnailUrl":"https:\/\/kibrisdakik.com\/wp-content\/uploads\/2023\/11\/ozdenefe-ve-canaltay-turkpa-toplantisi-cercevesinde-gorusmeler-yapti-1700810955.webp.webp","articleSection":["G\u00fcndem"],"inLanguage":"tr","potentialAction":[{"@type":"CommentAction","name":"Comment","target":["https:\/\/kibrisdakik.com\/?p=19960#respond"]}]},{"@type":"WebPage","@id":"https:\/\/kibrisdakik.com\/?p=19960","url":"https:\/\/kibrisdakik.com\/?p=19960","name":"\u00d6zdenefe ve Canaltay T\u00dcRKPA toplant\u0131s\u0131 \u00e7er\u00e7evesinde g\u00f6r\u00fc\u015fmeler yapt\u0131 -","isPartOf":{"@id":"https:\/\/kibrisdakik.com\/#website"},"primaryImageOfPage":{"@id":"https:\/\/kibrisdakik.com\/?p=19960#primaryimage"},"image":{"@id":"https:\/\/kibrisdakik.com\/?p=19960#primaryimage"},"thumbnailUrl":"https:\/\/kibrisdakik.com\/wp-content\/uploads\/2023\/11\/ozdenefe-ve-canaltay-turkpa-toplantisi-cercevesinde-gorusmeler-yapti-1700810955.webp.webp","datePublished":"2023-11-24T19:45:12+00:00","author":{"@id":"https:\/\/kibrisdakik.com\/#\/schema\/person\/9cd9d437bbb44f72b73ba127e06d8e79"},"breadcrumb":{"@id":"https:\/\/kibrisdakik.com\/?p=19960#breadcrumb"},"inLanguage":"tr","potentialAction":[{"@type":"ReadAction","target":["https:\/\/kibrisdakik.com\/?p=19960"]}]},{"@type":"ImageObject","inLanguage":"tr","@id":"https:\/\/kibrisdakik.com\/?p=19960#primaryimage","url":"https:\/\/kibrisdakik.com\/wp-content\/uploads\/2023\/11\/ozdenefe-ve-canaltay-turkpa-toplantisi-cercevesinde-gorusmeler-yapti-1700810955.webp.webp","contentUrl":"https:\/\/kibrisdakik.com\/wp-content\/uploads\/2023\/11\/ozdenefe-ve-canaltay-turkpa-toplantisi-cercevesinde-gorusmeler-yapti-1700810955.webp.webp","width":710,"height":370},{"@type":"BreadcrumbList","@id":"https:\/\/kibrisdakik.com\/?p=19960#breadcrumb","itemListElement":[{"@type":"ListItem","position":1,"name":"Home","item":"https:\/\/kibrisdakik.com\/"},{"@type":"ListItem","position":2,"name":"\u00d6zdenefe ve Canaltay T\u00dcRKPA toplant\u0131s\u0131 \u00e7er\u00e7evesinde g\u00f6r\u00fc\u015fmeler yapt\u0131"}]},{"@type":"WebSite","@id":"https:\/\/kibrisdakik.com\/#website","url":"https:\/\/kibrisdakik.com\/","name":"","description":"Tam vaktinde haber","potentialAction":[{"@type":"SearchAction","target":{"@type":"EntryPoint","urlTemplate":"https:\/\/kibrisdakik.com\/?s={search_term_string}"},"query-input":{"@type":"PropertyValueSpecification","valueRequired":true,"valueName":"search_term_string"}}],"inLanguage":"tr"},{"@type":"Person","@id":"https:\/\/kibrisdakik.com\/#\/schema\/person\/9cd9d437bbb44f72b73ba127e06d8e79","name":"admin","image":{"@type":"ImageObject","inLanguage":"tr","@id":"https:\/\/secure.gravatar.com\/avatar\/ccc17943b9d660506c869530f897617f7cb1c21a4bf30023f252596d83e1f007?s=96&d=mm&r=g","url":"https:\/\/secure.gravatar.com\/avatar\/ccc17943b9d660506c869530f897617f7cb1c21a4bf30023f252596d83e1f007?s=96&d=mm&r=g","contentUrl":"https:\/\/secure.gravatar.com\/avatar\/ccc17943b9d660506c869530f897617f7cb1c21a4bf30023f252596d83e1f007?s=96&d=mm&r=g","caption":"admin"},"sameAs":["https:\/\/kibrisdakik.com"],"url":"https:\/\/kibrisdakik.com\/?author=1"}]}},"_links":{"self":[{"href":"https:\/\/kibrisdakik.com\/index.php?rest_route=\/wp\/v2\/posts\/19960","targetHints":{"allow":["GET"]}}],"collection":[{"href":"https:\/\/kibrisdakik.com\/index.php?rest_route=\/wp\/v2\/posts"}],"about":[{"href":"https:\/\/kibrisdakik.com\/index.php?rest_route=\/wp\/v2\/types\/post"}],"author":[{"embeddable":true,"href":"https:\/\/kibrisdakik.com\/index.php?rest_route=\/wp\/v2\/users\/1"}],"replies":[{"embeddable":true,"href":"https:\/\/kibrisdakik.com\/index.php?rest_route=%2Fwp%2Fv2%2Fcomments&post=19960"}],"version-history":[{"count":0,"href":"https:\/\/kibrisdakik.com\/index.php?rest_route=\/wp\/v2\/posts\/19960\/revisions"}],"wp:featuredmedia":[{"embeddable":true,"href":"https:\/\/kibrisdakik.com\/index.php?rest_route=\/wp\/v2\/media\/19961"}],"wp:attachment":[{"href":"https:\/\/kibrisdakik.com\/index.php?rest_route=%2Fwp%2Fv2%2Fmedia&parent=19960"}],"wp:term":[{"taxonomy":"category","embeddable":true,"href":"https:\/\/kibrisdakik.com\/index.php?rest_route=%2Fwp%2Fv2%2Fcategories&post=19960"},{"taxonomy":"post_tag","embeddable":true,"href":"https:\/\/kibrisdakik.com\/index.php?rest_route=%2Fwp%2Fv2%2Ftags&post=19960"}],"curies":[{"name":"wp","href":"https:\/\/api.w.org\/{rel}","templated":true}]}}