{"id":19984,"date":"2023-11-25T07:59:16","date_gmt":"2023-11-25T07:59:16","guid":{"rendered":"https:\/\/kibrisdakik.com\/index.php\/2023\/11\/25\/eski-pamuklu-ilkokulunda-ipekbocegi-kozasi-yetistirilecek\/"},"modified":"2023-11-25T07:59:16","modified_gmt":"2023-11-25T07:59:16","slug":"eski-pamuklu-ilkokulunda-ipekbocegi-kozasi-yetistirilecek","status":"publish","type":"post","link":"https:\/\/kibrisdakik.com\/?p=19984","title":{"rendered":"Eski Pamuklu \u0130lkokulu\u2019nda ipekb\u00f6ce\u011fi kozas\u0131 yeti\u015ftirilecek"},"content":{"rendered":"<p><img decoding=\"async\" src=\"https:\/\/www.kibristurk.com\/images\/haberler\/2023\/11\/eski-pamuklu-ilkokulunda-ipekbocegi-kozasi-yetistirilecek-1700895355.webp\" \/><\/p>\n<p style=\"text-align:start\"><span style=\"font-size:11pt\"><span style=\"color:#222222\"><span style=\"background-color:#ffffff\"><span style=\"font-family:Calibri,sans-serif\">\u201c\u0130pe\u011fin Kuzey K\u0131br\u0131s\u2019ta Yeniden Do\u011fu\u015fu\u201d projesinin ikinci etab\u0131 kapsam\u0131nda Mehmet\u00e7ik B\u00fcy\u00fckkonuk Belediyesi\u2019ne ba\u011fl\u0131 Pamuklu K\u00f6y\u00fc\u2019ndeki eski Pamuklu \u0130lkokulu\u2019nun ipekb\u00f6ce\u011fi kozas\u0131 yeti\u015ftiricili\u011fi yap\u0131lmas\u0131 i\u00e7in belediye \u0130n\u015faat ekipleri taraf\u0131ndan tadilat\u0131 yap\u0131l\u0131yor.<\/span><\/span><\/span><\/span><\/p>\n<p style=\"text-align:start\"><span style=\"font-size:11pt\"><span style=\"color:#222222\"><span style=\"background-color:#ffffff\"><span style=\"font-family:Calibri,sans-serif\">\u201c\u0130pe\u011fin Kuzey K\u0131br\u0131s\u2019ta Yeniden Do\u011fu\u015fu\u201d projesinin ikinci etab\u0131nda Mehmet\u00e7ik B\u00fcy\u00fckkonuk b\u00f6lgesinde kad\u0131n eme\u011fiyle ipekten yap\u0131lan \u00fcr\u00fcnler elde edilecek.<\/span><\/span><\/span><\/span><\/p>\n<p style=\"text-align:start\"><span style=\"font-size:11pt\"><span style=\"color:#222222\"><span style=\"background-color:#ffffff\"><span style=\"font-family:Calibri,sans-serif\">\u201c\u0130pe\u011fin Kuzey K\u0131br\u0131s\u2019ta Yeniden Do\u011fu\u015fu\u201d Cumhurba\u015fkanl\u0131\u011f\u0131 himayesinde, Cumhurba\u015fkan\u0131 Ersin Tatar\u2019\u0131n e\u015fi Sibel Tatar \u00f6nc\u00fcl\u00fc\u011f\u00fcnde \u00fclkemizde ipek kozas\u0131 \u00fcreticili\u011finin yeniden canlanmas\u0131, yayg\u0131nla\u015fmas\u0131, \u00f6zellikle k\u0131rsal b\u00f6lgelerdeki kad\u0131nlar\u0131m\u0131z\u0131n \u00f6ncelikle kendi b\u00fct\u00e7elerine sonra \u00fclke ekonomisine ve turizmine daha fazla katk\u0131 sa\u011flamas\u0131 ve ge\u00e7mi\u015fimizin gelecek nesillere aktar\u0131labilmesi amac\u0131yla hayata ge\u00e7irildi.<\/span><\/span><\/span><\/span><\/p>\n<p style=\"text-align:start\"><span style=\"font-size:11pt\"><span style=\"color:#222222\"><span style=\"background-color:#ffffff\"><span style=\"font-family:Calibri,sans-serif\">\u0130pe\u011fin yeniden canland\u0131r\u0131lmas\u0131yla kad\u0131nlar\u0131m\u0131z\u0131n i\u015f g\u00fcc\u00fcn\u00fcn artmas\u0131n\u0131n yan\u0131nda \u00fclkemizin \u00fcr\u00fcn yelpazesinin geni\u015flemesi ama\u00e7lan\u0131yor.<\/span><\/span><\/span><\/span><\/p>\n<p style=\"text-align:start\"><strong><span style=\"font-size:11pt\"><span style=\"color:#222222\"><span style=\"background-color:#ffffff\"><span style=\"font-family:Calibri,sans-serif\">TU\u011eLU: PROJEYE HER T\u00dcRL\u00dc DESTE\u011e\u0130 VERECE\u011e\u0130Z<\/span><\/span><\/span><\/span><\/strong><\/p>\n<p style=\"text-align:start\"><span style=\"font-size:11pt\"><span style=\"color:#222222\"><span style=\"background-color:#ffffff\"><span style=\"font-family:Calibri,sans-serif\">Mehmet\u00e7ik B\u00fcy\u00fckkonuk Belediye Ba\u015fkan\u0131 Dr. Fatma \u00c7imen Tu\u011flu da projeye b\u00fcy\u00fck \u00f6nem verdi\u011fini ve b\u00f6lge kad\u0131nlar\u0131n\u0131n kalk\u0131nmas\u0131 i\u00e7in projeye her t\u00fcrl\u00fc deste\u011fi vereceklerini ifade etti.<\/span><\/span><\/span><\/span><\/p>\n","protected":false},"excerpt":{"rendered":"<p>\u201c\u0130pe\u011fin Kuzey K\u0131br\u0131s\u2019ta Yeniden Do\u011fu\u015fu\u201d projesinin ikinci etab\u0131 kapsam\u0131nda Mehmet\u00e7ik B\u00fcy\u00fckkonuk Belediyesi\u2019ne ba\u011fl\u0131 Pamuklu K\u00f6y\u00fc\u2019ndeki eski Pamuklu \u0130lkokulu\u2019nun ipekb\u00f6ce\u011fi kozas\u0131 yeti\u015ftiricili\u011fi yap\u0131lmas\u0131 i\u00e7in belediye \u0130n\u015faat ekipleri taraf\u0131ndan tadilat\u0131 yap\u0131l\u0131yor. \u201c\u0130pe\u011fin Kuzey K\u0131br\u0131s\u2019ta Yeniden Do\u011fu\u015fu\u201d projesinin ikinci etab\u0131nda Mehmet\u00e7ik B\u00fcy\u00fckkonuk b\u00f6lgesinde kad\u0131n eme\u011fiyle ipekten yap\u0131lan \u00fcr\u00fcnler elde edilecek. \u201c\u0130pe\u011fin Kuzey K\u0131br\u0131s\u2019ta Yeniden Do\u011fu\u015fu\u201d Cumhurba\u015fkanl\u0131\u011f\u0131 himayesinde, Cumhurba\u015fkan\u0131<\/p>\n","protected":false},"author":1,"featured_media":19985,"comment_status":"open","ping_status":"open","sticky":false,"template":"","format":"standard","meta":{"footnotes":""},"categories":[86],"tags":[],"class_list":["post-19984","post","type-post","status-publish","format-standard","has-post-thumbnail","hentry","category-turkiye"],"yoast_head":"<!-- This site is optimized with the Yoast SEO plugin v27.4 - https:\/\/yoast.com\/product\/yoast-seo-wordpress\/ -->\n<title>Eski Pamuklu \u0130lkokulu\u2019nda ipekb\u00f6ce\u011fi kozas\u0131 yeti\u015ftirilecek -<\/title>\n<meta name=\"robots\" content=\"index, follow, max-snippet:-1, max-image-preview:large, max-video-preview:-1\" \/>\n<link rel=\"canonical\" href=\"https:\/\/kibrisdakik.com\/?p=19984\" \/>\n<meta property=\"og:locale\" content=\"tr_TR\" \/>\n<meta property=\"og:type\" content=\"article\" \/>\n<meta property=\"og:title\" content=\"Eski Pamuklu \u0130lkokulu\u2019nda ipekb\u00f6ce\u011fi kozas\u0131 yeti\u015ftirilecek -\" \/>\n<meta property=\"og:description\" content=\"\u201c\u0130pe\u011fin Kuzey K\u0131br\u0131s\u2019ta Yeniden Do\u011fu\u015fu\u201d projesinin ikinci etab\u0131 kapsam\u0131nda Mehmet\u00e7ik B\u00fcy\u00fckkonuk Belediyesi\u2019ne ba\u011fl\u0131 Pamuklu K\u00f6y\u00fc\u2019ndeki eski Pamuklu \u0130lkokulu\u2019nun ipekb\u00f6ce\u011fi kozas\u0131 yeti\u015ftiricili\u011fi yap\u0131lmas\u0131 i\u00e7in belediye \u0130n\u015faat ekipleri taraf\u0131ndan tadilat\u0131 yap\u0131l\u0131yor. \u201c\u0130pe\u011fin Kuzey K\u0131br\u0131s\u2019ta Yeniden Do\u011fu\u015fu\u201d projesinin ikinci etab\u0131nda Mehmet\u00e7ik B\u00fcy\u00fckkonuk b\u00f6lgesinde kad\u0131n eme\u011fiyle ipekten yap\u0131lan \u00fcr\u00fcnler elde edilecek. \u201c\u0130pe\u011fin Kuzey K\u0131br\u0131s\u2019ta Yeniden Do\u011fu\u015fu\u201d Cumhurba\u015fkanl\u0131\u011f\u0131 himayesinde, Cumhurba\u015fkan\u0131\" \/>\n<meta property=\"og:url\" content=\"https:\/\/kibrisdakik.com\/?p=19984\" \/>\n<meta property=\"article:published_time\" content=\"2023-11-25T07:59:16+00:00\" \/>\n<meta property=\"og:image\" content=\"https:\/\/kibrisdakik.com\/wp-content\/uploads\/2023\/11\/eski-pamuklu-ilkokulunda-ipekbocegi-kozasi-yetistirilecek-1700895355.webp.webp\" \/>\n\t<meta property=\"og:image:width\" content=\"710\" \/>\n\t<meta property=\"og:image:height\" content=\"370\" \/>\n\t<meta property=\"og:image:type\" content=\"image\/webp\" \/>\n<meta name=\"author\" content=\"admin\" \/>\n<meta name=\"twitter:card\" content=\"summary_large_image\" \/>\n<meta name=\"twitter:label1\" content=\"Yazan:\" \/>\n\t<meta name=\"twitter:data1\" content=\"admin\" \/>\n\t<meta name=\"twitter:label2\" content=\"Tahmini okuma s\u00fcresi\" \/>\n\t<meta name=\"twitter:data2\" content=\"1 dakika\" \/>\n<script type=\"application\/ld+json\" class=\"yoast-schema-graph\">{\"@context\":\"https:\\\/\\\/schema.org\",\"@graph\":[{\"@type\":\"Article\",\"@id\":\"https:\\\/\\\/kibrisdakik.com\\\/?p=19984#article\",\"isPartOf\":{\"@id\":\"https:\\\/\\\/kibrisdakik.com\\\/?p=19984\"},\"author\":{\"name\":\"admin\",\"@id\":\"https:\\\/\\\/kibrisdakik.com\\\/#\\\/schema\\\/person\\\/9cd9d437bbb44f72b73ba127e06d8e79\"},\"headline\":\"Eski Pamuklu \u0130lkokulu\u2019nda ipekb\u00f6ce\u011fi kozas\u0131 yeti\u015ftirilecek\",\"datePublished\":\"2023-11-25T07:59:16+00:00\",\"mainEntityOfPage\":{\"@id\":\"https:\\\/\\\/kibrisdakik.com\\\/?p=19984\"},\"wordCount\":252,\"commentCount\":0,\"image\":{\"@id\":\"https:\\\/\\\/kibrisdakik.com\\\/?p=19984#primaryimage\"},\"thumbnailUrl\":\"https:\\\/\\\/kibrisdakik.com\\\/wp-content\\\/uploads\\\/2023\\\/11\\\/eski-pamuklu-ilkokulunda-ipekbocegi-kozasi-yetistirilecek-1700895355.webp.webp\",\"articleSection\":[\"T\u00fcrkiye\"],\"inLanguage\":\"tr\",\"potentialAction\":[{\"@type\":\"CommentAction\",\"name\":\"Comment\",\"target\":[\"https:\\\/\\\/kibrisdakik.com\\\/?p=19984#respond\"]}]},{\"@type\":\"WebPage\",\"@id\":\"https:\\\/\\\/kibrisdakik.com\\\/?p=19984\",\"url\":\"https:\\\/\\\/kibrisdakik.com\\\/?p=19984\",\"name\":\"Eski Pamuklu \u0130lkokulu\u2019nda ipekb\u00f6ce\u011fi kozas\u0131 yeti\u015ftirilecek -\",\"isPartOf\":{\"@id\":\"https:\\\/\\\/kibrisdakik.com\\\/#website\"},\"primaryImageOfPage\":{\"@id\":\"https:\\\/\\\/kibrisdakik.com\\\/?p=19984#primaryimage\"},\"image\":{\"@id\":\"https:\\\/\\\/kibrisdakik.com\\\/?p=19984#primaryimage\"},\"thumbnailUrl\":\"https:\\\/\\\/kibrisdakik.com\\\/wp-content\\\/uploads\\\/2023\\\/11\\\/eski-pamuklu-ilkokulunda-ipekbocegi-kozasi-yetistirilecek-1700895355.webp.webp\",\"datePublished\":\"2023-11-25T07:59:16+00:00\",\"author\":{\"@id\":\"https:\\\/\\\/kibrisdakik.com\\\/#\\\/schema\\\/person\\\/9cd9d437bbb44f72b73ba127e06d8e79\"},\"breadcrumb\":{\"@id\":\"https:\\\/\\\/kibrisdakik.com\\\/?p=19984#breadcrumb\"},\"inLanguage\":\"tr\",\"potentialAction\":[{\"@type\":\"ReadAction\",\"target\":[\"https:\\\/\\\/kibrisdakik.com\\\/?p=19984\"]}]},{\"@type\":\"ImageObject\",\"inLanguage\":\"tr\",\"@id\":\"https:\\\/\\\/kibrisdakik.com\\\/?p=19984#primaryimage\",\"url\":\"https:\\\/\\\/kibrisdakik.com\\\/wp-content\\\/uploads\\\/2023\\\/11\\\/eski-pamuklu-ilkokulunda-ipekbocegi-kozasi-yetistirilecek-1700895355.webp.webp\",\"contentUrl\":\"https:\\\/\\\/kibrisdakik.com\\\/wp-content\\\/uploads\\\/2023\\\/11\\\/eski-pamuklu-ilkokulunda-ipekbocegi-kozasi-yetistirilecek-1700895355.webp.webp\",\"width\":710,\"height\":370},{\"@type\":\"BreadcrumbList\",\"@id\":\"https:\\\/\\\/kibrisdakik.com\\\/?p=19984#breadcrumb\",\"itemListElement\":[{\"@type\":\"ListItem\",\"position\":1,\"name\":\"Home\",\"item\":\"https:\\\/\\\/kibrisdakik.com\\\/\"},{\"@type\":\"ListItem\",\"position\":2,\"name\":\"Eski Pamuklu \u0130lkokulu\u2019nda ipekb\u00f6ce\u011fi kozas\u0131 yeti\u015ftirilecek\"}]},{\"@type\":\"WebSite\",\"@id\":\"https:\\\/\\\/kibrisdakik.com\\\/#website\",\"url\":\"https:\\\/\\\/kibrisdakik.com\\\/\",\"name\":\"\",\"description\":\"Tam vaktinde haber\",\"potentialAction\":[{\"@type\":\"SearchAction\",\"target\":{\"@type\":\"EntryPoint\",\"urlTemplate\":\"https:\\\/\\\/kibrisdakik.com\\\/?s={search_term_string}\"},\"query-input\":{\"@type\":\"PropertyValueSpecification\",\"valueRequired\":true,\"valueName\":\"search_term_string\"}}],\"inLanguage\":\"tr\"},{\"@type\":\"Person\",\"@id\":\"https:\\\/\\\/kibrisdakik.com\\\/#\\\/schema\\\/person\\\/9cd9d437bbb44f72b73ba127e06d8e79\",\"name\":\"admin\",\"image\":{\"@type\":\"ImageObject\",\"inLanguage\":\"tr\",\"@id\":\"https:\\\/\\\/secure.gravatar.com\\\/avatar\\\/ccc17943b9d660506c869530f897617f7cb1c21a4bf30023f252596d83e1f007?s=96&d=mm&r=g\",\"url\":\"https:\\\/\\\/secure.gravatar.com\\\/avatar\\\/ccc17943b9d660506c869530f897617f7cb1c21a4bf30023f252596d83e1f007?s=96&d=mm&r=g\",\"contentUrl\":\"https:\\\/\\\/secure.gravatar.com\\\/avatar\\\/ccc17943b9d660506c869530f897617f7cb1c21a4bf30023f252596d83e1f007?s=96&d=mm&r=g\",\"caption\":\"admin\"},\"sameAs\":[\"https:\\\/\\\/kibrisdakik.com\"],\"url\":\"https:\\\/\\\/kibrisdakik.com\\\/?author=1\"}]}<\/script>\n<!-- \/ Yoast SEO plugin. -->","yoast_head_json":{"title":"Eski Pamuklu \u0130lkokulu\u2019nda ipekb\u00f6ce\u011fi kozas\u0131 yeti\u015ftirilecek -","robots":{"index":"index","follow":"follow","max-snippet":"max-snippet:-1","max-image-preview":"max-image-preview:large","max-video-preview":"max-video-preview:-1"},"canonical":"https:\/\/kibrisdakik.com\/?p=19984","og_locale":"tr_TR","og_type":"article","og_title":"Eski Pamuklu \u0130lkokulu\u2019nda ipekb\u00f6ce\u011fi kozas\u0131 yeti\u015ftirilecek -","og_description":"\u201c\u0130pe\u011fin Kuzey K\u0131br\u0131s\u2019ta Yeniden Do\u011fu\u015fu\u201d projesinin ikinci etab\u0131 kapsam\u0131nda Mehmet\u00e7ik B\u00fcy\u00fckkonuk Belediyesi\u2019ne ba\u011fl\u0131 Pamuklu K\u00f6y\u00fc\u2019ndeki eski Pamuklu \u0130lkokulu\u2019nun ipekb\u00f6ce\u011fi kozas\u0131 yeti\u015ftiricili\u011fi yap\u0131lmas\u0131 i\u00e7in belediye \u0130n\u015faat ekipleri taraf\u0131ndan tadilat\u0131 yap\u0131l\u0131yor. \u201c\u0130pe\u011fin Kuzey K\u0131br\u0131s\u2019ta Yeniden Do\u011fu\u015fu\u201d projesinin ikinci etab\u0131nda Mehmet\u00e7ik B\u00fcy\u00fckkonuk b\u00f6lgesinde kad\u0131n eme\u011fiyle ipekten yap\u0131lan \u00fcr\u00fcnler elde edilecek. \u201c\u0130pe\u011fin Kuzey K\u0131br\u0131s\u2019ta Yeniden Do\u011fu\u015fu\u201d Cumhurba\u015fkanl\u0131\u011f\u0131 himayesinde, Cumhurba\u015fkan\u0131","og_url":"https:\/\/kibrisdakik.com\/?p=19984","article_published_time":"2023-11-25T07:59:16+00:00","og_image":[{"width":710,"height":370,"url":"https:\/\/kibrisdakik.com\/wp-content\/uploads\/2023\/11\/eski-pamuklu-ilkokulunda-ipekbocegi-kozasi-yetistirilecek-1700895355.webp.webp","type":"image\/webp"}],"author":"admin","twitter_card":"summary_large_image","twitter_misc":{"Yazan:":"admin","Tahmini okuma s\u00fcresi":"1 dakika"},"schema":{"@context":"https:\/\/schema.org","@graph":[{"@type":"Article","@id":"https:\/\/kibrisdakik.com\/?p=19984#article","isPartOf":{"@id":"https:\/\/kibrisdakik.com\/?p=19984"},"author":{"name":"admin","@id":"https:\/\/kibrisdakik.com\/#\/schema\/person\/9cd9d437bbb44f72b73ba127e06d8e79"},"headline":"Eski Pamuklu \u0130lkokulu\u2019nda ipekb\u00f6ce\u011fi kozas\u0131 yeti\u015ftirilecek","datePublished":"2023-11-25T07:59:16+00:00","mainEntityOfPage":{"@id":"https:\/\/kibrisdakik.com\/?p=19984"},"wordCount":252,"commentCount":0,"image":{"@id":"https:\/\/kibrisdakik.com\/?p=19984#primaryimage"},"thumbnailUrl":"https:\/\/kibrisdakik.com\/wp-content\/uploads\/2023\/11\/eski-pamuklu-ilkokulunda-ipekbocegi-kozasi-yetistirilecek-1700895355.webp.webp","articleSection":["T\u00fcrkiye"],"inLanguage":"tr","potentialAction":[{"@type":"CommentAction","name":"Comment","target":["https:\/\/kibrisdakik.com\/?p=19984#respond"]}]},{"@type":"WebPage","@id":"https:\/\/kibrisdakik.com\/?p=19984","url":"https:\/\/kibrisdakik.com\/?p=19984","name":"Eski Pamuklu \u0130lkokulu\u2019nda ipekb\u00f6ce\u011fi kozas\u0131 yeti\u015ftirilecek -","isPartOf":{"@id":"https:\/\/kibrisdakik.com\/#website"},"primaryImageOfPage":{"@id":"https:\/\/kibrisdakik.com\/?p=19984#primaryimage"},"image":{"@id":"https:\/\/kibrisdakik.com\/?p=19984#primaryimage"},"thumbnailUrl":"https:\/\/kibrisdakik.com\/wp-content\/uploads\/2023\/11\/eski-pamuklu-ilkokulunda-ipekbocegi-kozasi-yetistirilecek-1700895355.webp.webp","datePublished":"2023-11-25T07:59:16+00:00","author":{"@id":"https:\/\/kibrisdakik.com\/#\/schema\/person\/9cd9d437bbb44f72b73ba127e06d8e79"},"breadcrumb":{"@id":"https:\/\/kibrisdakik.com\/?p=19984#breadcrumb"},"inLanguage":"tr","potentialAction":[{"@type":"ReadAction","target":["https:\/\/kibrisdakik.com\/?p=19984"]}]},{"@type":"ImageObject","inLanguage":"tr","@id":"https:\/\/kibrisdakik.com\/?p=19984#primaryimage","url":"https:\/\/kibrisdakik.com\/wp-content\/uploads\/2023\/11\/eski-pamuklu-ilkokulunda-ipekbocegi-kozasi-yetistirilecek-1700895355.webp.webp","contentUrl":"https:\/\/kibrisdakik.com\/wp-content\/uploads\/2023\/11\/eski-pamuklu-ilkokulunda-ipekbocegi-kozasi-yetistirilecek-1700895355.webp.webp","width":710,"height":370},{"@type":"BreadcrumbList","@id":"https:\/\/kibrisdakik.com\/?p=19984#breadcrumb","itemListElement":[{"@type":"ListItem","position":1,"name":"Home","item":"https:\/\/kibrisdakik.com\/"},{"@type":"ListItem","position":2,"name":"Eski Pamuklu \u0130lkokulu\u2019nda ipekb\u00f6ce\u011fi kozas\u0131 yeti\u015ftirilecek"}]},{"@type":"WebSite","@id":"https:\/\/kibrisdakik.com\/#website","url":"https:\/\/kibrisdakik.com\/","name":"","description":"Tam vaktinde haber","potentialAction":[{"@type":"SearchAction","target":{"@type":"EntryPoint","urlTemplate":"https:\/\/kibrisdakik.com\/?s={search_term_string}"},"query-input":{"@type":"PropertyValueSpecification","valueRequired":true,"valueName":"search_term_string"}}],"inLanguage":"tr"},{"@type":"Person","@id":"https:\/\/kibrisdakik.com\/#\/schema\/person\/9cd9d437bbb44f72b73ba127e06d8e79","name":"admin","image":{"@type":"ImageObject","inLanguage":"tr","@id":"https:\/\/secure.gravatar.com\/avatar\/ccc17943b9d660506c869530f897617f7cb1c21a4bf30023f252596d83e1f007?s=96&d=mm&r=g","url":"https:\/\/secure.gravatar.com\/avatar\/ccc17943b9d660506c869530f897617f7cb1c21a4bf30023f252596d83e1f007?s=96&d=mm&r=g","contentUrl":"https:\/\/secure.gravatar.com\/avatar\/ccc17943b9d660506c869530f897617f7cb1c21a4bf30023f252596d83e1f007?s=96&d=mm&r=g","caption":"admin"},"sameAs":["https:\/\/kibrisdakik.com"],"url":"https:\/\/kibrisdakik.com\/?author=1"}]}},"_links":{"self":[{"href":"https:\/\/kibrisdakik.com\/index.php?rest_route=\/wp\/v2\/posts\/19984","targetHints":{"allow":["GET"]}}],"collection":[{"href":"https:\/\/kibrisdakik.com\/index.php?rest_route=\/wp\/v2\/posts"}],"about":[{"href":"https:\/\/kibrisdakik.com\/index.php?rest_route=\/wp\/v2\/types\/post"}],"author":[{"embeddable":true,"href":"https:\/\/kibrisdakik.com\/index.php?rest_route=\/wp\/v2\/users\/1"}],"replies":[{"embeddable":true,"href":"https:\/\/kibrisdakik.com\/index.php?rest_route=%2Fwp%2Fv2%2Fcomments&post=19984"}],"version-history":[{"count":0,"href":"https:\/\/kibrisdakik.com\/index.php?rest_route=\/wp\/v2\/posts\/19984\/revisions"}],"wp:featuredmedia":[{"embeddable":true,"href":"https:\/\/kibrisdakik.com\/index.php?rest_route=\/wp\/v2\/media\/19985"}],"wp:attachment":[{"href":"https:\/\/kibrisdakik.com\/index.php?rest_route=%2Fwp%2Fv2%2Fmedia&parent=19984"}],"wp:term":[{"taxonomy":"category","embeddable":true,"href":"https:\/\/kibrisdakik.com\/index.php?rest_route=%2Fwp%2Fv2%2Fcategories&post=19984"},{"taxonomy":"post_tag","embeddable":true,"href":"https:\/\/kibrisdakik.com\/index.php?rest_route=%2Fwp%2Fv2%2Ftags&post=19984"}],"curies":[{"name":"wp","href":"https:\/\/api.w.org\/{rel}","templated":true}]}}