{"id":20014,"date":"2023-11-25T12:01:58","date_gmt":"2023-11-25T12:01:58","guid":{"rendered":"https:\/\/kibrisdakik.com\/index.php\/2023\/11\/25\/degirmenlik-saglik-merkezi-binasi-yikildi\/"},"modified":"2023-11-25T12:01:58","modified_gmt":"2023-11-25T12:01:58","slug":"degirmenlik-saglik-merkezi-binasi-yikildi","status":"publish","type":"post","link":"https:\/\/kibrisdakik.com\/?p=20014","title":{"rendered":"De\u011firmenlik Sa\u011fl\u0131k Merkezi binas\u0131 y\u0131k\u0131ld\u0131.."},"content":{"rendered":"<p><img decoding=\"async\" src=\"https:\/\/www.kibristurk.com\/images\/haberler\/2023\/11\/degirmenlik-saglik-merkezi-binasi-yikildi-1700911298.webp\" \/><\/p>\n<p style=\"text-align:left\"><span style=\"font-size:16px\"><span style=\"font-family:Merriweather,serif !important\"><span style=\"color:#000000\"><span style=\"background-color:#ffffff\">Bir s\u00fcre \u00f6nce y\u00fcksek risk ta\u015f\u0131d\u0131\u011f\u0131 gerek\u00e7esiyle bo\u015falt\u0131lan De\u011firmenlik Sa\u011fl\u0131k Merkezi binas\u0131 bug\u00fcn y\u0131k\u0131ld\u0131. Ba\u015fbakan \u00dcnal \u00dcstel ve Sa\u011fl\u0131k Bakan\u0131 Hakan Din\u00e7y\u00fcrek y\u0131k\u0131m \u00e7al\u0131\u015fmalar\u0131n\u0131 yerinde inceledi.<\/span><\/span><\/span><\/span><\/p>\n<p style=\"text-align:left\">&nbsp;<\/p>\n<p style=\"text-align:left\"><span style=\"font-size:16px\"><span style=\"font-family:Merriweather,serif !important\"><span style=\"color:#000000\"><span style=\"background-color:#ffffff\">Sa\u011fl\u0131k Bakan\u0131 Hakan Din\u00e7y\u00fcrek, burada yapt\u0131\u011f\u0131 konu\u015fmada, 6 \u015eubat depreminin ard\u0131ndan ortaya \u00e7\u0131kan hassasiyet ve yap\u0131lan \u00e7al\u0131\u015fmalar sonucunda De\u011firmenlik Sa\u011fl\u0131k Merkezi binas\u0131n\u0131n y\u00fcksek risk ta\u015f\u0131d\u0131\u011f\u0131 gerek\u00e7esiyle bo\u015falt\u0131lmas\u0131na karar verildi\u011fini belirtti. Din\u00e7y\u00fcrek, tadilat m\u0131 y\u0131k\u0131m m\u0131 olaca\u011f\u0131 y\u00f6n\u00fcnde yap\u0131lan \u00e7al\u0131\u015fmalar neticesinde binan\u0131n y\u0131k\u0131lmas\u0131 karar\u0131 verildi\u011fini ancak bu karar\u0131n ge\u00e7 \u00e7\u0131kmas\u0131ndan dolay\u0131 y\u0131k\u0131m i\u015fleminin de gecikti\u011fini ifade etti.<\/span><\/span><\/span><\/span><\/p>\n<p style=\"text-align:left\">&nbsp;<\/p>\n<p style=\"text-align:left\"><span style=\"font-size:16px\"><span style=\"font-family:Merriweather,serif !important\"><span style=\"color:#000000\"><span style=\"background-color:#ffffff\">T\u00fcm projeleri s\u0131f\u0131rdan haz\u0131rlanan De\u011firmenlik Sa\u011fl\u0131k Merkezi yeni binas\u0131n\u0131n in\u015fas\u0131na ayn\u0131 yerde birka\u00e7 ay i\u00e7inde ba\u015flanaca\u011f\u0131n\u0131 belirten Din\u00e7y\u00fcrek, s\u00fcratle bitirilmesi planlanan \u00e7al\u0131\u015fmalar neticesinde 2024 y\u0131l\u0131n\u0131n ilk \u00e7eyre\u011finde binay\u0131 bitirerek hizmete sunmay\u0131 hedeflediklerini vurgulad\u0131.<\/span><\/span><\/span><\/span><\/p>\n<p style=\"text-align:left\">&nbsp;<\/p>\n<p style=\"text-align:left\"><span style=\"font-size:16px\"><span style=\"font-family:Merriweather,serif !important\"><span style=\"color:#000000\"><span style=\"background-color:#ffffff\">Sa\u011fl\u0131k Bakan\u0131 Din\u00e7y\u00fcrek, y\u0131k\u0131lan binan\u0131n metrekaresinden daha fazla bir alan\u0131 hizmete sunacaklar\u0131n\u0131, ayn\u0131 zamanda 112 h\u0131z\u0131r servisinin de De\u011firmenlik\u2019te konu\u015flan\u0131p hizmet verilmesinin planland\u0131\u011f\u0131n\u0131 kaydetti.<\/span><\/span><\/span><\/span><\/p>\n<p style=\"text-align:left\">&nbsp;<\/p>\n<p style=\"text-align:left\"><span style=\"font-size:16px\"><span style=\"font-family:Merriweather,serif !important\"><span style=\"color:#000000\"><span style=\"background-color:#ffffff\">De\u011firmenlik Sa\u011fl\u0131k Merkezi\u2019nin yap\u0131m\u0131 i\u00e7in b\u00fct\u00e7eden 18 milyon T\u00fcrk Liras\u0131 kaynak ayr\u0131ld\u0131\u011f\u0131n\u0131 ifade eden Din\u00e7y\u00fcrek, \u201cTamamen devletimizin kendi imkanlar\u0131, Ba\u015fbakan\u0131m\u0131z\u0131n verdi\u011fi talimat ve h\u00fck\u00fcmetin sa\u011flad\u0131\u011f\u0131 imkanlarla b\u00f6lge halk\u0131na uzun y\u0131llar hizmet edecek, b\u00f6lge ihtiyac\u0131n\u0131 kar\u015f\u0131layacak bir sa\u011fl\u0131k merkezini hayata ge\u00e7irece\u011fiz\u201d dedi.<\/span><\/span><\/span><\/span><\/p>\n<p style=\"text-align:left\">&nbsp;<\/p>\n<p style=\"text-align:left\"><span style=\"font-size:16px\"><span style=\"font-family:Merriweather,serif !important\"><span style=\"color:#000000\"><span style=\"background-color:#ffffff\">-\u00dcstel: Daha iyi hizmet i\u00e7in sa\u011fl\u0131k ocaklar\u0131 veya hastanelerde gereken yenilemeyi h\u0131zla yapaca\u011f\u0131z<\/span><\/span><\/span><\/span><\/p>\n<p style=\"text-align:left\">&nbsp;<\/p>\n<p style=\"text-align:left\"><span style=\"font-size:16px\"><span style=\"font-family:Merriweather,serif !important\"><span style=\"color:#000000\"><span style=\"background-color:#ffffff\">Ba\u015fbakan \u00dcnal \u00dcstel de yetersiz kalmas\u0131 ve depreme dayan\u0131kl\u0131 olmad\u0131\u011f\u0131ndan dolay\u0131 y\u0131k\u0131m\u0131na ba\u015flanan De\u011firmenlik Sa\u011fl\u0131k Merkezi\u2019nin yeniden h\u0131zla in\u015fa edilece\u011fini belirtti.<\/span><\/span><\/span><\/span><\/p>\n<p style=\"text-align:left\">&nbsp;<\/p>\n<p style=\"text-align:left\"><span style=\"font-size:16px\"><span style=\"font-family:Merriweather,serif !important\"><span style=\"color:#000000\"><span style=\"background-color:#ffffff\">H\u00fck\u00fcmet olarak 2024 y\u0131l\u0131n\u0131n 2023\u2019ten \u00e7ok daha iyi olaca\u011f\u0131n\u0131 s\u00f6ylediklerine dikkat \u00e7eken Ba\u015fbakan \u00dcstel, \u201c2024 y\u0131l\u0131 art\u0131k \u00fclkemizi uluslararas\u0131na haz\u0131rlama y\u0131l\u0131d\u0131r. Ama \u00f6nceli\u011fimiz insan\u0131m\u0131zd\u0131r\u201d diye konu\u015ftu.<\/span><\/span><\/span><\/span><\/p>\n<p style=\"text-align:left\">&nbsp;<\/p>\n<p style=\"text-align:left\"><span style=\"font-size:16px\"><span style=\"font-family:Merriweather,serif !important\"><span style=\"color:#000000\"><span style=\"background-color:#ffffff\">Ba\u015fbakan \u00dcstel, \u201cinsan\u0131m\u0131z\u0131n daha iyi sa\u011fl\u0131k hizmeti almas\u0131 i\u00e7in gerek hastanelerimizde gerek sa\u011fl\u0131k ocaklar\u0131m\u0131zdaki \u00e7al\u0131\u015fmalar\u0131m\u0131zla, ilaca kolay ula\u015fmas\u0131na ili\u015fkin \u00e7al\u0131\u015fmalar\u0131m\u0131z\u0131 bitirmek \u00fczereyiz. O y\u00fczden 2024\u2019te sa\u011fl\u0131kta da, ilaca eri\u015fimde de \u00e7ok daha iyi bir y\u0131l olacak ve ge\u00e7mi\u015fte ya\u015fanan s\u0131k\u0131nt\u0131lar\u0131 bundan sonra halk\u0131m\u0131za ya\u015fatmayaca\u011f\u0131z\u201d dedi.<\/span><\/span><\/span><\/span><\/p>\n<p style=\"text-align:left\">&nbsp;<\/p>\n<p style=\"text-align:left\"><span style=\"font-size:16px\"><span style=\"font-family:Merriweather,serif !important\"><span style=\"color:#000000\"><span style=\"background-color:#ffffff\">Ba\u015fbakan \u00dcnal \u00dcstel, sa\u011fl\u0131k alan\u0131nda daha iyi hizmet al\u0131nabilmesi i\u00e7in sa\u011fl\u0131k ocaklar\u0131 veya hastanelerde gereken yenileme ve takviyelerin h\u0131zla yap\u0131laca\u011f\u0131n\u0131 belirtti.<\/span><\/span><\/span><\/span><\/p>\n<p style=\"text-align:left\">&nbsp;<\/p>\n<p style=\"text-align:left\"><span style=\"font-size:16px\"><span style=\"font-family:Merriweather,serif !important\"><span style=\"color:#000000\"><span style=\"background-color:#ffffff\">Ba\u015fbakan \u00dcnal \u00dcstel a\u00e7\u0131klamas\u0131 s\u0131ras\u0131nda T\u00fcrkiye Cumhuriyeti ile sa\u011fl\u0131k alan\u0131nda yap\u0131lan protokole de de\u011findi. \u00dcstel, protokolle, eksik bran\u015flarda ihtisas yap\u0131lmas\u0131n\u0131 sa\u011flaman\u0131n da hedeflendi\u011fini belirtti.<\/span><\/span><\/span><\/span><\/p>\n<p style=\"text-align:left\">&nbsp;<\/p>\n<p style=\"text-align:left\"><span style=\"font-size:16px\"><span style=\"font-family:Merriweather,serif !important\"><span style=\"color:#000000\"><span style=\"background-color:#ffffff\">\u00dcstel, \u201cBununla da kalmayarak, burada baz\u0131 hastal\u0131klarda yeterli hizmeti alamayan insan\u0131m\u0131z i\u00e7in T\u00fcrkiye Cumhuriyeti ile yap\u0131lan protokol ile T\u00fcrkiye Cumhuriyeti kimli\u011fine sahip vatanda\u015flar\u0131m\u0131z, T\u00fcrkiye\u2019deki 85 milyon vatanda\u015f gibi 2024 y\u0131l\u0131 i\u00e7inde otomasyon hizmeti bittikten sonra ayn\u0131 hizmeti alacak\u201d diye konu\u015ftu.<\/span><\/span><\/span><\/span><\/p>\n<p style=\"text-align:left\">&nbsp;<\/p>\n<p style=\"text-align:left\"><span style=\"font-size:16px\"><span style=\"font-family:Merriweather,serif !important\"><span style=\"color:#000000\"><span style=\"background-color:#ffffff\">T\u00fcm bunlar\u0131n Kuzey K\u0131br\u0131s T\u00fcrk Cumhuriyeti\u2019nin uluslararas\u0131 platformlara haz\u0131rlamak i\u00e7in yap\u0131ld\u0131\u011f\u0131n\u0131 ifade eden Ba\u015fbakan \u00dcstel, \u201cEksikli\u011fi hissedilen ne var ise yasal d\u00fczenleme, projeler ve yat\u0131r\u0131mlarla 2024 y\u0131l\u0131 i\u00e7erisinde yap\u0131lacak\u201d dedi.<\/span><\/span><\/span><\/span><\/p>\n","protected":false},"excerpt":{"rendered":"<p>Bir s\u00fcre \u00f6nce y\u00fcksek risk ta\u015f\u0131d\u0131\u011f\u0131 gerek\u00e7esiyle bo\u015falt\u0131lan De\u011firmenlik Sa\u011fl\u0131k Merkezi binas\u0131 bug\u00fcn y\u0131k\u0131ld\u0131. Ba\u015fbakan \u00dcnal \u00dcstel ve Sa\u011fl\u0131k Bakan\u0131 Hakan Din\u00e7y\u00fcrek y\u0131k\u0131m \u00e7al\u0131\u015fmalar\u0131n\u0131 yerinde inceledi. &nbsp; Sa\u011fl\u0131k Bakan\u0131 Hakan Din\u00e7y\u00fcrek, burada yapt\u0131\u011f\u0131 konu\u015fmada, 6 \u015eubat depreminin ard\u0131ndan ortaya \u00e7\u0131kan hassasiyet ve yap\u0131lan \u00e7al\u0131\u015fmalar sonucunda De\u011firmenlik Sa\u011fl\u0131k Merkezi binas\u0131n\u0131n y\u00fcksek risk ta\u015f\u0131d\u0131\u011f\u0131 gerek\u00e7esiyle bo\u015falt\u0131lmas\u0131na karar<\/p>\n","protected":false},"author":1,"featured_media":20015,"comment_status":"open","ping_status":"open","sticky":false,"template":"","format":"standard","meta":{"footnotes":""},"categories":[79],"tags":[],"class_list":["post-20014","post","type-post","status-publish","format-standard","has-post-thumbnail","hentry","category-ekonomi"],"yoast_head":"<!-- This site is optimized with the Yoast SEO plugin v28.4 - https:\/\/yoast.com\/product\/yoast-seo-wordpress\/ -->\n<title>De\u011firmenlik Sa\u011fl\u0131k Merkezi binas\u0131 y\u0131k\u0131ld\u0131.. -<\/title>\n<meta name=\"robots\" content=\"index, follow, max-snippet:-1, max-image-preview:large, max-video-preview:-1\" \/>\n<link rel=\"canonical\" href=\"https:\/\/kibrisdakik.com\/?p=20014\" \/>\n<meta property=\"og:locale\" content=\"tr_TR\" \/>\n<meta property=\"og:type\" content=\"article\" \/>\n<meta property=\"og:title\" content=\"De\u011firmenlik Sa\u011fl\u0131k Merkezi binas\u0131 y\u0131k\u0131ld\u0131.. -\" \/>\n<meta property=\"og:description\" content=\"Bir s\u00fcre \u00f6nce y\u00fcksek risk ta\u015f\u0131d\u0131\u011f\u0131 gerek\u00e7esiyle bo\u015falt\u0131lan De\u011firmenlik Sa\u011fl\u0131k Merkezi binas\u0131 bug\u00fcn y\u0131k\u0131ld\u0131. Ba\u015fbakan \u00dcnal \u00dcstel ve Sa\u011fl\u0131k Bakan\u0131 Hakan Din\u00e7y\u00fcrek y\u0131k\u0131m \u00e7al\u0131\u015fmalar\u0131n\u0131 yerinde inceledi. &nbsp; Sa\u011fl\u0131k Bakan\u0131 Hakan Din\u00e7y\u00fcrek, burada yapt\u0131\u011f\u0131 konu\u015fmada, 6 \u015eubat depreminin ard\u0131ndan ortaya \u00e7\u0131kan hassasiyet ve yap\u0131lan \u00e7al\u0131\u015fmalar sonucunda De\u011firmenlik Sa\u011fl\u0131k Merkezi binas\u0131n\u0131n y\u00fcksek risk ta\u015f\u0131d\u0131\u011f\u0131 gerek\u00e7esiyle bo\u015falt\u0131lmas\u0131na karar\" \/>\n<meta property=\"og:url\" content=\"https:\/\/kibrisdakik.com\/?p=20014\" \/>\n<meta property=\"article:published_time\" content=\"2023-11-25T12:01:58+00:00\" \/>\n<meta property=\"og:image\" content=\"https:\/\/kibrisdakik.com\/wp-content\/uploads\/2023\/11\/degirmenlik-saglik-merkezi-binasi-yikildi-1700911298.webp.webp\" \/>\n\t<meta property=\"og:image:width\" content=\"710\" \/>\n\t<meta property=\"og:image:height\" content=\"370\" \/>\n\t<meta property=\"og:image:type\" content=\"image\/webp\" \/>\n<meta name=\"author\" content=\"admin\" \/>\n<meta name=\"twitter:card\" content=\"summary_large_image\" \/>\n<meta name=\"twitter:label1\" content=\"Yazan:\" \/>\n\t<meta name=\"twitter:data1\" content=\"admin\" \/>\n\t<meta name=\"twitter:label2\" content=\"Tahmini okuma s\u00fcresi\" \/>\n\t<meta name=\"twitter:data2\" content=\"3 dakika\" \/>\n<script type=\"application\/ld+json\" class=\"yoast-schema-graph\">{\"@context\":\"https:\\\/\\\/schema.org\",\"@graph\":[{\"@type\":\"Article\",\"@id\":\"https:\\\/\\\/kibrisdakik.com\\\/?p=20014#article\",\"isPartOf\":{\"@id\":\"https:\\\/\\\/kibrisdakik.com\\\/?p=20014\"},\"author\":{\"name\":\"admin\",\"@id\":\"https:\\\/\\\/kibrisdakik.com\\\/#\\\/schema\\\/person\\\/9cd9d437bbb44f72b73ba127e06d8e79\"},\"headline\":\"De\u011firmenlik Sa\u011fl\u0131k Merkezi binas\u0131 y\u0131k\u0131ld\u0131..\",\"datePublished\":\"2023-11-25T12:01:58+00:00\",\"mainEntityOfPage\":{\"@id\":\"https:\\\/\\\/kibrisdakik.com\\\/?p=20014\"},\"wordCount\":676,\"commentCount\":0,\"publisher\":{\"@id\":\"https:\\\/\\\/kibrisdakik.com\\\/#organization\"},\"image\":{\"@id\":\"https:\\\/\\\/kibrisdakik.com\\\/?p=20014#primaryimage\"},\"thumbnailUrl\":\"https:\\\/\\\/kibrisdakik.com\\\/wp-content\\\/uploads\\\/2023\\\/11\\\/degirmenlik-saglik-merkezi-binasi-yikildi-1700911298.webp.webp\",\"articleSection\":[\"Ekonomi\"],\"inLanguage\":\"tr\",\"potentialAction\":[{\"@type\":\"CommentAction\",\"name\":\"Comment\",\"target\":[\"https:\\\/\\\/kibrisdakik.com\\\/?p=20014#respond\"]}]},{\"@type\":\"WebPage\",\"@id\":\"https:\\\/\\\/kibrisdakik.com\\\/?p=20014\",\"url\":\"https:\\\/\\\/kibrisdakik.com\\\/?p=20014\",\"name\":\"De\u011firmenlik Sa\u011fl\u0131k Merkezi binas\u0131 y\u0131k\u0131ld\u0131.. -\",\"isPartOf\":{\"@id\":\"https:\\\/\\\/kibrisdakik.com\\\/#website\"},\"primaryImageOfPage\":{\"@id\":\"https:\\\/\\\/kibrisdakik.com\\\/?p=20014#primaryimage\"},\"image\":{\"@id\":\"https:\\\/\\\/kibrisdakik.com\\\/?p=20014#primaryimage\"},\"thumbnailUrl\":\"https:\\\/\\\/kibrisdakik.com\\\/wp-content\\\/uploads\\\/2023\\\/11\\\/degirmenlik-saglik-merkezi-binasi-yikildi-1700911298.webp.webp\",\"datePublished\":\"2023-11-25T12:01:58+00:00\",\"breadcrumb\":{\"@id\":\"https:\\\/\\\/kibrisdakik.com\\\/?p=20014#breadcrumb\"},\"inLanguage\":\"tr\",\"potentialAction\":[{\"@type\":\"ReadAction\",\"target\":[\"https:\\\/\\\/kibrisdakik.com\\\/?p=20014\"]}]},{\"@type\":\"ImageObject\",\"inLanguage\":\"tr\",\"@id\":\"https:\\\/\\\/kibrisdakik.com\\\/?p=20014#primaryimage\",\"url\":\"https:\\\/\\\/kibrisdakik.com\\\/wp-content\\\/uploads\\\/2023\\\/11\\\/degirmenlik-saglik-merkezi-binasi-yikildi-1700911298.webp.webp\",\"contentUrl\":\"https:\\\/\\\/kibrisdakik.com\\\/wp-content\\\/uploads\\\/2023\\\/11\\\/degirmenlik-saglik-merkezi-binasi-yikildi-1700911298.webp.webp\",\"width\":710,\"height\":370},{\"@type\":\"BreadcrumbList\",\"@id\":\"https:\\\/\\\/kibrisdakik.com\\\/?p=20014#breadcrumb\",\"itemListElement\":[{\"@type\":\"ListItem\",\"position\":1,\"name\":\"Home\",\"item\":\"https:\\\/\\\/kibrisdakik.com\\\/\"},{\"@type\":\"ListItem\",\"position\":2,\"name\":\"De\u011firmenlik Sa\u011fl\u0131k Merkezi binas\u0131 y\u0131k\u0131ld\u0131..\"}]},{\"@type\":\"WebSite\",\"@id\":\"https:\\\/\\\/kibrisdakik.com\\\/#website\",\"url\":\"https:\\\/\\\/kibrisdakik.com\\\/\",\"name\":\"K\u0131br\u0131s Dakik\",\"description\":\"Tam vaktinde haber\",\"publisher\":{\"@id\":\"https:\\\/\\\/kibrisdakik.com\\\/#organization\"},\"potentialAction\":[{\"@type\":\"SearchAction\",\"target\":{\"@type\":\"EntryPoint\",\"urlTemplate\":\"https:\\\/\\\/kibrisdakik.com\\\/?s={search_term_string}\"},\"query-input\":{\"@type\":\"PropertyValueSpecification\",\"valueRequired\":true,\"valueName\":\"search_term_string\"}}],\"inLanguage\":\"tr\"},{\"@type\":\"Organization\",\"@id\":\"https:\\\/\\\/kibrisdakik.com\\\/#organization\",\"name\":\"K\u0131br\u0131s Dakik\",\"url\":\"https:\\\/\\\/kibrisdakik.com\\\/\",\"logo\":{\"@type\":\"ImageObject\",\"inLanguage\":\"tr\",\"@id\":\"https:\\\/\\\/kibrisdakik.com\\\/#\\\/schema\\\/logo\\\/image\\\/\",\"url\":\"https:\\\/\\\/kibrisdakik.com\\\/wp-content\\\/uploads\\\/2025\\\/10\\\/cropped-WhatsApp-Image-2025-10-02-at-12.58.31.jpeg\",\"contentUrl\":\"https:\\\/\\\/kibrisdakik.com\\\/wp-content\\\/uploads\\\/2025\\\/10\\\/cropped-WhatsApp-Image-2025-10-02-at-12.58.31.jpeg\",\"width\":1237,\"height\":190,\"caption\":\"K\u0131br\u0131s Dakik\"},\"image\":{\"@id\":\"https:\\\/\\\/kibrisdakik.com\\\/#\\\/schema\\\/logo\\\/image\\\/\"}},{\"@type\":\"Person\",\"@id\":\"https:\\\/\\\/kibrisdakik.com\\\/#\\\/schema\\\/person\\\/9cd9d437bbb44f72b73ba127e06d8e79\",\"name\":\"admin\",\"image\":{\"@type\":\"ImageObject\",\"inLanguage\":\"tr\",\"@id\":\"https:\\\/\\\/secure.gravatar.com\\\/avatar\\\/ccc17943b9d660506c869530f897617f7cb1c21a4bf30023f252596d83e1f007?s=96&d=mm&r=g\",\"url\":\"https:\\\/\\\/secure.gravatar.com\\\/avatar\\\/ccc17943b9d660506c869530f897617f7cb1c21a4bf30023f252596d83e1f007?s=96&d=mm&r=g\",\"contentUrl\":\"https:\\\/\\\/secure.gravatar.com\\\/avatar\\\/ccc17943b9d660506c869530f897617f7cb1c21a4bf30023f252596d83e1f007?s=96&d=mm&r=g\",\"caption\":\"admin\"},\"sameAs\":[\"https:\\\/\\\/kibrisdakik.com\"],\"url\":\"https:\\\/\\\/kibrisdakik.com\\\/?author=1\"}]}<\/script>\n<!-- \/ Yoast SEO plugin. -->","yoast_head_json":{"title":"De\u011firmenlik Sa\u011fl\u0131k Merkezi binas\u0131 y\u0131k\u0131ld\u0131.. -","robots":{"index":"index","follow":"follow","max-snippet":"max-snippet:-1","max-image-preview":"max-image-preview:large","max-video-preview":"max-video-preview:-1"},"canonical":"https:\/\/kibrisdakik.com\/?p=20014","og_locale":"tr_TR","og_type":"article","og_title":"De\u011firmenlik Sa\u011fl\u0131k Merkezi binas\u0131 y\u0131k\u0131ld\u0131.. -","og_description":"Bir s\u00fcre \u00f6nce y\u00fcksek risk ta\u015f\u0131d\u0131\u011f\u0131 gerek\u00e7esiyle bo\u015falt\u0131lan De\u011firmenlik Sa\u011fl\u0131k Merkezi binas\u0131 bug\u00fcn y\u0131k\u0131ld\u0131. Ba\u015fbakan \u00dcnal \u00dcstel ve Sa\u011fl\u0131k Bakan\u0131 Hakan Din\u00e7y\u00fcrek y\u0131k\u0131m \u00e7al\u0131\u015fmalar\u0131n\u0131 yerinde inceledi. &nbsp; Sa\u011fl\u0131k Bakan\u0131 Hakan Din\u00e7y\u00fcrek, burada yapt\u0131\u011f\u0131 konu\u015fmada, 6 \u015eubat depreminin ard\u0131ndan ortaya \u00e7\u0131kan hassasiyet ve yap\u0131lan \u00e7al\u0131\u015fmalar sonucunda De\u011firmenlik Sa\u011fl\u0131k Merkezi binas\u0131n\u0131n y\u00fcksek risk ta\u015f\u0131d\u0131\u011f\u0131 gerek\u00e7esiyle bo\u015falt\u0131lmas\u0131na karar","og_url":"https:\/\/kibrisdakik.com\/?p=20014","article_published_time":"2023-11-25T12:01:58+00:00","og_image":[{"width":710,"height":370,"url":"https:\/\/kibrisdakik.com\/wp-content\/uploads\/2023\/11\/degirmenlik-saglik-merkezi-binasi-yikildi-1700911298.webp.webp","type":"image\/webp"}],"author":"admin","twitter_card":"summary_large_image","twitter_misc":{"Yazan:":"admin","Tahmini okuma s\u00fcresi":"3 dakika"},"schema":{"@context":"https:\/\/schema.org","@graph":[{"@type":"Article","@id":"https:\/\/kibrisdakik.com\/?p=20014#article","isPartOf":{"@id":"https:\/\/kibrisdakik.com\/?p=20014"},"author":{"name":"admin","@id":"https:\/\/kibrisdakik.com\/#\/schema\/person\/9cd9d437bbb44f72b73ba127e06d8e79"},"headline":"De\u011firmenlik Sa\u011fl\u0131k Merkezi binas\u0131 y\u0131k\u0131ld\u0131..","datePublished":"2023-11-25T12:01:58+00:00","mainEntityOfPage":{"@id":"https:\/\/kibrisdakik.com\/?p=20014"},"wordCount":676,"commentCount":0,"publisher":{"@id":"https:\/\/kibrisdakik.com\/#organization"},"image":{"@id":"https:\/\/kibrisdakik.com\/?p=20014#primaryimage"},"thumbnailUrl":"https:\/\/kibrisdakik.com\/wp-content\/uploads\/2023\/11\/degirmenlik-saglik-merkezi-binasi-yikildi-1700911298.webp.webp","articleSection":["Ekonomi"],"inLanguage":"tr","potentialAction":[{"@type":"CommentAction","name":"Comment","target":["https:\/\/kibrisdakik.com\/?p=20014#respond"]}]},{"@type":"WebPage","@id":"https:\/\/kibrisdakik.com\/?p=20014","url":"https:\/\/kibrisdakik.com\/?p=20014","name":"De\u011firmenlik Sa\u011fl\u0131k Merkezi binas\u0131 y\u0131k\u0131ld\u0131.. -","isPartOf":{"@id":"https:\/\/kibrisdakik.com\/#website"},"primaryImageOfPage":{"@id":"https:\/\/kibrisdakik.com\/?p=20014#primaryimage"},"image":{"@id":"https:\/\/kibrisdakik.com\/?p=20014#primaryimage"},"thumbnailUrl":"https:\/\/kibrisdakik.com\/wp-content\/uploads\/2023\/11\/degirmenlik-saglik-merkezi-binasi-yikildi-1700911298.webp.webp","datePublished":"2023-11-25T12:01:58+00:00","breadcrumb":{"@id":"https:\/\/kibrisdakik.com\/?p=20014#breadcrumb"},"inLanguage":"tr","potentialAction":[{"@type":"ReadAction","target":["https:\/\/kibrisdakik.com\/?p=20014"]}]},{"@type":"ImageObject","inLanguage":"tr","@id":"https:\/\/kibrisdakik.com\/?p=20014#primaryimage","url":"https:\/\/kibrisdakik.com\/wp-content\/uploads\/2023\/11\/degirmenlik-saglik-merkezi-binasi-yikildi-1700911298.webp.webp","contentUrl":"https:\/\/kibrisdakik.com\/wp-content\/uploads\/2023\/11\/degirmenlik-saglik-merkezi-binasi-yikildi-1700911298.webp.webp","width":710,"height":370},{"@type":"BreadcrumbList","@id":"https:\/\/kibrisdakik.com\/?p=20014#breadcrumb","itemListElement":[{"@type":"ListItem","position":1,"name":"Home","item":"https:\/\/kibrisdakik.com\/"},{"@type":"ListItem","position":2,"name":"De\u011firmenlik Sa\u011fl\u0131k Merkezi binas\u0131 y\u0131k\u0131ld\u0131.."}]},{"@type":"WebSite","@id":"https:\/\/kibrisdakik.com\/#website","url":"https:\/\/kibrisdakik.com\/","name":"K\u0131br\u0131s Dakik","description":"Tam vaktinde haber","publisher":{"@id":"https:\/\/kibrisdakik.com\/#organization"},"potentialAction":[{"@type":"SearchAction","target":{"@type":"EntryPoint","urlTemplate":"https:\/\/kibrisdakik.com\/?s={search_term_string}"},"query-input":{"@type":"PropertyValueSpecification","valueRequired":true,"valueName":"search_term_string"}}],"inLanguage":"tr"},{"@type":"Organization","@id":"https:\/\/kibrisdakik.com\/#organization","name":"K\u0131br\u0131s Dakik","url":"https:\/\/kibrisdakik.com\/","logo":{"@type":"ImageObject","inLanguage":"tr","@id":"https:\/\/kibrisdakik.com\/#\/schema\/logo\/image\/","url":"https:\/\/kibrisdakik.com\/wp-content\/uploads\/2025\/10\/cropped-WhatsApp-Image-2025-10-02-at-12.58.31.jpeg","contentUrl":"https:\/\/kibrisdakik.com\/wp-content\/uploads\/2025\/10\/cropped-WhatsApp-Image-2025-10-02-at-12.58.31.jpeg","width":1237,"height":190,"caption":"K\u0131br\u0131s Dakik"},"image":{"@id":"https:\/\/kibrisdakik.com\/#\/schema\/logo\/image\/"}},{"@type":"Person","@id":"https:\/\/kibrisdakik.com\/#\/schema\/person\/9cd9d437bbb44f72b73ba127e06d8e79","name":"admin","image":{"@type":"ImageObject","inLanguage":"tr","@id":"https:\/\/secure.gravatar.com\/avatar\/ccc17943b9d660506c869530f897617f7cb1c21a4bf30023f252596d83e1f007?s=96&d=mm&r=g","url":"https:\/\/secure.gravatar.com\/avatar\/ccc17943b9d660506c869530f897617f7cb1c21a4bf30023f252596d83e1f007?s=96&d=mm&r=g","contentUrl":"https:\/\/secure.gravatar.com\/avatar\/ccc17943b9d660506c869530f897617f7cb1c21a4bf30023f252596d83e1f007?s=96&d=mm&r=g","caption":"admin"},"sameAs":["https:\/\/kibrisdakik.com"],"url":"https:\/\/kibrisdakik.com\/?author=1"}]}},"_links":{"self":[{"href":"https:\/\/kibrisdakik.com\/index.php?rest_route=\/wp\/v2\/posts\/20014","targetHints":{"allow":["GET"]}}],"collection":[{"href":"https:\/\/kibrisdakik.com\/index.php?rest_route=\/wp\/v2\/posts"}],"about":[{"href":"https:\/\/kibrisdakik.com\/index.php?rest_route=\/wp\/v2\/types\/post"}],"author":[{"embeddable":true,"href":"https:\/\/kibrisdakik.com\/index.php?rest_route=\/wp\/v2\/users\/1"}],"replies":[{"embeddable":true,"href":"https:\/\/kibrisdakik.com\/index.php?rest_route=%2Fwp%2Fv2%2Fcomments&post=20014"}],"version-history":[{"count":0,"href":"https:\/\/kibrisdakik.com\/index.php?rest_route=\/wp\/v2\/posts\/20014\/revisions"}],"wp:featuredmedia":[{"embeddable":true,"href":"https:\/\/kibrisdakik.com\/index.php?rest_route=\/wp\/v2\/media\/20015"}],"wp:attachment":[{"href":"https:\/\/kibrisdakik.com\/index.php?rest_route=%2Fwp%2Fv2%2Fmedia&parent=20014"}],"wp:term":[{"taxonomy":"category","embeddable":true,"href":"https:\/\/kibrisdakik.com\/index.php?rest_route=%2Fwp%2Fv2%2Fcategories&post=20014"},{"taxonomy":"post_tag","embeddable":true,"href":"https:\/\/kibrisdakik.com\/index.php?rest_route=%2Fwp%2Fv2%2Ftags&post=20014"}],"curies":[{"name":"wp","href":"https:\/\/api.w.org\/{rel}","templated":true}]}}