{"id":20018,"date":"2023-11-25T12:10:48","date_gmt":"2023-11-25T12:10:48","guid":{"rendered":"https:\/\/kibrisdakik.com\/index.php\/2023\/11\/25\/sibel-tatar-gayemiz-guclu-ve-umutlu-kadinlar-yaratarak-mutlu-bir-toplum-olusturmak\/"},"modified":"2023-11-25T12:10:48","modified_gmt":"2023-11-25T12:10:48","slug":"sibel-tatar-gayemiz-guclu-ve-umutlu-kadinlar-yaratarak-mutlu-bir-toplum-olusturmak","status":"publish","type":"post","link":"https:\/\/kibrisdakik.com\/?p=20018","title":{"rendered":"Sibel Tatar: \u201cGayemiz g\u00fc\u00e7l\u00fc ve umutlu kad\u0131nlar yaratarak mutlu bir toplum olu\u015fturmak\u201d"},"content":{"rendered":"<p><img decoding=\"async\" src=\"https:\/\/www.kibristurk.com\/images\/haberler\/2023\/11\/sibel-tatar-gayemiz-guclu-ve-umutlu-kadinlar-yaratarak-mutlu-bir-toplum-olusturmak-1700913679.webp\" \/><\/p>\n<p><span style=\"font-size:12pt\"><span style=\"background-color:white\"><span style=\",serif\"><span style=\"font-size:13.0pt\"><span style=\",sans-serif\"><span style=\"color:black\">Sibel Tatar, kad\u0131nlara y\u00f6nelik destek \u00e7al\u0131\u015fmalar\u0131 ve projelerinin ilgili kurum ve kurulu\u015flarla i\u015f birli\u011fi i\u00e7erisinde devam edece\u011fini belirtti.&nbsp;<\/span><\/span><\/span><\/span><\/span><\/span><\/p>\n<p><span style=\"font-size:12pt\"><span style=\"background-color:white\"><span style=\",serif\"><span style=\"font-size:13.0pt\"><span style=\",sans-serif\"><span style=\"color:black\">\u201c25 Kas\u0131m Kad\u0131na Y\u00f6nelik \u015eiddetle M\u00fccadele G\u00fcn\u00fc\u201d nedeniyle yaz\u0131l\u0131 a\u00e7\u0131klama yapan Sibel Tatar, d\u00fcnyan\u0131n hi\u00e7bir co\u011frafyas\u0131nda, hi\u00e7bir kad\u0131n\u0131n \u015fiddetin hi\u00e7bir t\u00fcr\u00fcne u\u011framadan, haklar\u0131 ihlal edilmeden, insan haysiyet ve onuruna yara\u015f\u0131r bir hayat s\u00fcrmelerini temenni etti.<\/span><\/span><\/span><\/span><\/span><\/span><\/p>\n<p><span style=\"font-size:12pt\"><span style=\"background-color:white\"><span style=\",serif\"><span style=\"font-size:13.0pt\"><span style=\",sans-serif\"><span style=\"color:black\">Tatar, \u201cb\u00fct\u00fcn insanl\u0131\u011fa ve b\u00fct\u00fcn kad\u0131nlara \u015fiddetsiz sevgi dolu bir d\u00fcnya dilerim\u201d ifadelerini kulland\u0131.&nbsp;<\/span><\/span><\/span><\/span><\/span><\/span><\/p>\n<p><span style=\"font-size:12pt\"><span style=\"background-color:white\"><span style=\",serif\"><span style=\"font-size:13.0pt\"><span style=\",sans-serif\"><span style=\"color:black\">&#8211; \u201c\u00dclkemizde de maalesef t\u00fcm d\u00fcnyada oldu\u011fu gibi kad\u0131na y\u00f6nelik \u015fiddet sosyal bir sorun olmaya devam etmektedir\u201d<\/span><\/span><\/span><\/span><\/span><\/span><\/p>\n<p><span style=\"font-size:12pt\"><span style=\"background-color:white\"><span style=\",serif\"><span style=\"font-size:13.0pt\"><span style=\",sans-serif\"><span style=\"color:black\">Sibel Tatar, a\u00e7\u0131klamas\u0131nda, y\u0131llard\u0131r s\u00fcregelen kad\u0131na kar\u015f\u0131 \u015fiddete dur demek ve bu konuda fark\u0131ndal\u0131k yarat\u0131lmas\u0131 amac\u0131yla 1999 y\u0131l\u0131nda Birle\u015fmi\u015f Milletler taraf\u0131ndan Kad\u0131na Y\u00f6nelik \u015eiddete Kar\u015f\u0131 Uluslararas\u0131 M\u00fccadele G\u00fcn\u00fc olarak ilan edilmesine ve bu vesileyle her y\u0131l 25 Kas\u0131m\u2019da \u00e7e\u015fitli fark\u0131ndal\u0131k etkinlikleri d\u00fczenlenmesine ra\u011fmen kad\u0131na y\u00f6nelik \u015fiddetin en yayg\u0131n insan hakk\u0131 ihlali olarak t\u00fcm d\u00fcnyada devam etti\u011fini kaydetti.<\/span><\/span><\/span><\/span><\/span><\/span><\/p>\n<p><span style=\"font-size:12pt\"><span style=\"background-color:white\"><span style=\",serif\"><span style=\"font-size:13.0pt\"><span style=\",sans-serif\"><span style=\"color:black\">\u201cD\u00fcnya Sa\u011fl\u0131k \u00d6rg\u00fct\u00fc\u2019n\u00fcn raporlar\u0131nda da kad\u0131nlar\u0131n \u00fc\u00e7te birinin ya\u015famlar\u0131n\u0131n bir d\u00f6neminde \u015fiddete maruz kald\u0131\u011f\u0131 belirtilmektedir\u201d diyen Tatar, \u00fclke de t\u00fcm d\u00fcnyada oldu\u011fu gibi kad\u0131na y\u00f6nelik \u015fiddetin sosyal bir sorun olmaya devam etti\u011fini belirtti.<\/span><\/span><\/span><\/span><\/span><\/span><\/p>\n<p><span style=\"font-size:12pt\"><span style=\"background-color:white\"><span style=\",serif\"><span style=\"font-size:13.0pt\"><span style=\",sans-serif\"><span style=\"color:black\">\u015eiddet ma\u011fduru kad\u0131nlar\u0131n bir k\u0131sm\u0131n\u0131n sesini duyurup devletin ilgili birimlerinden ve sivil toplum kurulu\u015flar\u0131ndan yard\u0131m talep ederken bir k\u0131sm\u0131n\u0131n da \u015fiddete boyun e\u011fmeye ve \u015fiddet g\u00f6rmeye devam etti\u011fini s\u00f6yleyen Sibel Tatar, yap\u0131lan \u00e7al\u0131\u015fmalar\u0131n kad\u0131nlar\u0131n \u015fiddete boyun e\u011fmesinin temel sebeplerinden birinin \u201cekonomik y\u00f6nden yetersizlik\u201d oldu\u011funu ortaya \u00e7\u0131kard\u0131\u011f\u0131n\u0131 ifade etti.&nbsp;<\/span><\/span><\/span><\/span><\/span><\/span><\/p>\n<p><span style=\"font-size:12pt\"><span style=\"background-color:white\"><span style=\",serif\"><span style=\"font-size:13.0pt\"><span style=\",sans-serif\"><span style=\"color:black\">&#8211; \u201cOdak noktas\u0131 kad\u0131n olan 42 derne\u011fi \u2018Kad\u0131n \u00d6rg\u00fctleri A\u011f\u0131\u2019 ad\u0131 alt\u0131nda birle\u015ftirdik\u201d<\/span><\/span><\/span><\/span><\/span><\/span><\/p>\n<p><span style=\"font-size:12pt\"><span style=\"background-color:white\"><span style=\",serif\"><span style=\"font-size:13.0pt\"><span style=\",sans-serif\"><span style=\"color:black\">Sibel Tatar, 25 Kas\u0131m 2021\u2019de \u00fcyelerinin tamam\u0131 kad\u0131n olan, \u00fcreten ya da farkl\u0131 alanlarda faaliyet g\u00f6steren ve odak noktas\u0131 kad\u0131n olan 42 derne\u011fi Cumhurba\u015fkanl\u0131\u011f\u0131 b\u00fcnyesinde olu\u015fturulan \u201cKad\u0131n \u00d6rg\u00fctleri A\u011f\u0131\u201d ad\u0131 alt\u0131nda birle\u015ftirdiklerini hat\u0131rlatt\u0131.<\/span><\/span><\/span><\/span><\/span><\/span><\/p>\n<p><span style=\"font-size:12pt\"><span style=\"background-color:white\"><span style=\",serif\"><span style=\"font-size:13.0pt\"><span style=\",sans-serif\"><span style=\"color:black\">Ama\u00e7lar\u0131n\u0131n \u00e7e\u015fitli projeler ile ekonomik ve sosyal hayat\u0131n d\u0131\u015f\u0131nda b\u0131rak\u0131lan kad\u0131nlar\u0131n sesi olmak, kad\u0131na destek vermek ve kad\u0131n\u0131n g\u00fc\u00e7lendirilmesi ve ekonomik olarak yeterli hale gelebilmesi y\u00f6n\u00fcnde ortak projeler \u00fcretmek oldu\u011funu kaydeden Tatar, kad\u0131nlar\u0131n \u00fcretim ve pazarlama tekniklerini \u00f6\u011frenmeleri y\u00f6n\u00fcnde \u00fcniversiteler ile g\u00f6r\u00fc\u015ferek e\u011fitim programlar\u0131 da haz\u0131rlad\u0131klar\u0131na i\u015faret etti, kad\u0131nlara y\u00f6nelik uygun kredi ve hibe programlar\u0131yla ilgili \u00e7al\u0131\u015fmalar yapt\u0131klar\u0131n\u0131 ve yapmaya devam edeceklerini ekledi.&nbsp;<\/span><\/span><\/span><\/span><\/span><\/span><\/p>\n<p><span style=\"font-size:12pt\"><span style=\"background-color:white\"><span style=\",serif\"><span style=\"font-size:13.0pt\"><span style=\",sans-serif\"><span style=\"color:black\">Sibel Tatar, bir di\u011fer projelerini ise \u015f\u00f6yle kaydetti:<\/span><\/span><\/span><\/span><\/span><\/span><\/p>\n<p><span style=\"font-size:12pt\"><span style=\"background-color:white\"><span style=\",serif\"><span style=\"font-size:13.0pt\"><span style=\",sans-serif\"><span style=\"color:black\">\u201cKad\u0131nlar\u0131n ekonomik olarak g\u00fc\u00e7lenmesine ve bir meslek edinmelerine y\u00f6nelik bir ba\u015fka projemiz, &#8216;\u0130pe\u011fin Kuzey K\u0131br\u0131s&#8217;ta Yeniden Do\u011fu\u015fu Projesi&#8217; kapsam\u0131nda Ak\u00e7ayl\u0131 kad\u0131nlar\u0131n \u00fcretimin her a\u015famas\u0131nda bulundu\u011fu \u2018Kozada\u2019 markas\u0131d\u0131r.<\/span><\/span><\/span><\/span><\/span><\/span><\/p>\n<p><span style=\"font-size:12pt\"><span style=\"background-color:white\"><span style=\",serif\"><span style=\"font-size:13.0pt\"><span style=\",sans-serif\"><span style=\"color:black\">\u0130pe\u011fin Kuzey K\u0131br\u0131s\u2019ta Yeniden Do\u011fu\u015fu Projemizin birinci aya\u011f\u0131n\u0131 Ak\u00e7ay\u2019da tamamlam\u0131\u015f olup, ikinci aya\u011f\u0131n\u0131 ise Karpaz B\u00f6lgesinde ba\u015flam\u0131\u015f bulunmaktay\u0131z. \u0130pek b\u00f6ce\u011fi kozalar\u0131ndan elde edilen ipek ipli\u011finin tezgahta dokunarak, \u00fcretilen; bebek tulumu, bebek elbisesi, \u00e7ocuk yatak \u00e7ar\u015faf\u0131 seti, \u015fal ve fular \u00fcr\u00fcnlerinin sat\u0131\u015f\u0131na ilk olarak Ercan Havaalan\u0131\u2019nda ba\u015flanm\u0131\u015ft\u0131r.\u201d<\/span><\/span><\/span><\/span><\/span><\/span><\/p>\n<p><span style=\"font-size:12pt\"><span style=\"background-color:white\"><span style=\",serif\"><span style=\"font-size:13.0pt\"><span style=\",sans-serif\"><span style=\"color:black\">Tatar, t\u00fcm bu \u00e7al\u0131\u015fmalar\u0131n\u0131n g\u00fc\u00e7l\u00fc ve umutlu kad\u0131nlar yaratarak mutlu bir toplum olu\u015fturabilmek ad\u0131na oldu\u011funu vurgulad\u0131.&nbsp;<\/span><\/span><\/span><\/span><\/span><\/span><\/p>\n<p>&nbsp;<\/p>\n","protected":false},"excerpt":{"rendered":"<p>Sibel Tatar, kad\u0131nlara y\u00f6nelik destek \u00e7al\u0131\u015fmalar\u0131 ve projelerinin ilgili kurum ve kurulu\u015flarla i\u015f birli\u011fi i\u00e7erisinde devam edece\u011fini belirtti.&nbsp; \u201c25 Kas\u0131m Kad\u0131na Y\u00f6nelik \u015eiddetle M\u00fccadele G\u00fcn\u00fc\u201d nedeniyle yaz\u0131l\u0131 a\u00e7\u0131klama yapan Sibel Tatar, d\u00fcnyan\u0131n hi\u00e7bir co\u011frafyas\u0131nda, hi\u00e7bir kad\u0131n\u0131n \u015fiddetin hi\u00e7bir t\u00fcr\u00fcne u\u011framadan, haklar\u0131 ihlal edilmeden, insan haysiyet ve onuruna yara\u015f\u0131r bir hayat s\u00fcrmelerini temenni etti. Tatar, \u201cb\u00fct\u00fcn<\/p>\n","protected":false},"author":1,"featured_media":20019,"comment_status":"open","ping_status":"open","sticky":false,"template":"","format":"standard","meta":{"footnotes":""},"categories":[1],"tags":[],"class_list":["post-20018","post","type-post","status-publish","format-standard","has-post-thumbnail","hentry","category-gundem"],"yoast_head":"<!-- This site is optimized with the Yoast SEO plugin v27.4 - https:\/\/yoast.com\/product\/yoast-seo-wordpress\/ -->\n<title>Sibel Tatar: \u201cGayemiz g\u00fc\u00e7l\u00fc ve umutlu kad\u0131nlar yaratarak mutlu bir toplum olu\u015fturmak\u201d -<\/title>\n<meta name=\"robots\" content=\"index, follow, max-snippet:-1, max-image-preview:large, max-video-preview:-1\" \/>\n<link rel=\"canonical\" href=\"https:\/\/kibrisdakik.com\/?p=20018\" \/>\n<meta property=\"og:locale\" content=\"tr_TR\" \/>\n<meta property=\"og:type\" content=\"article\" \/>\n<meta property=\"og:title\" content=\"Sibel Tatar: \u201cGayemiz g\u00fc\u00e7l\u00fc ve umutlu kad\u0131nlar yaratarak mutlu bir toplum olu\u015fturmak\u201d -\" \/>\n<meta property=\"og:description\" content=\"Sibel Tatar, kad\u0131nlara y\u00f6nelik destek \u00e7al\u0131\u015fmalar\u0131 ve projelerinin ilgili kurum ve kurulu\u015flarla i\u015f birli\u011fi i\u00e7erisinde devam edece\u011fini belirtti.&nbsp; \u201c25 Kas\u0131m Kad\u0131na Y\u00f6nelik \u015eiddetle M\u00fccadele G\u00fcn\u00fc\u201d nedeniyle yaz\u0131l\u0131 a\u00e7\u0131klama yapan Sibel Tatar, d\u00fcnyan\u0131n hi\u00e7bir co\u011frafyas\u0131nda, hi\u00e7bir kad\u0131n\u0131n \u015fiddetin hi\u00e7bir t\u00fcr\u00fcne u\u011framadan, haklar\u0131 ihlal edilmeden, insan haysiyet ve onuruna yara\u015f\u0131r bir hayat s\u00fcrmelerini temenni etti. Tatar, \u201cb\u00fct\u00fcn\" \/>\n<meta property=\"og:url\" content=\"https:\/\/kibrisdakik.com\/?p=20018\" \/>\n<meta property=\"article:published_time\" content=\"2023-11-25T12:10:48+00:00\" \/>\n<meta property=\"og:image\" content=\"https:\/\/kibrisdakik.com\/wp-content\/uploads\/2023\/11\/sibel-tatar-gayemiz-guclu-ve-umutlu-kadinlar-yaratarak-mutlu-bir-toplum-olusturmak-1700913679.webp.webp\" \/>\n\t<meta property=\"og:image:width\" content=\"710\" \/>\n\t<meta property=\"og:image:height\" content=\"370\" \/>\n\t<meta property=\"og:image:type\" content=\"image\/webp\" \/>\n<meta name=\"author\" content=\"admin\" \/>\n<meta name=\"twitter:card\" content=\"summary_large_image\" \/>\n<meta name=\"twitter:label1\" content=\"Yazan:\" \/>\n\t<meta name=\"twitter:data1\" content=\"admin\" \/>\n\t<meta name=\"twitter:label2\" content=\"Tahmini okuma s\u00fcresi\" \/>\n\t<meta name=\"twitter:data2\" content=\"3 dakika\" \/>\n<script type=\"application\/ld+json\" class=\"yoast-schema-graph\">{\"@context\":\"https:\\\/\\\/schema.org\",\"@graph\":[{\"@type\":\"Article\",\"@id\":\"https:\\\/\\\/kibrisdakik.com\\\/?p=20018#article\",\"isPartOf\":{\"@id\":\"https:\\\/\\\/kibrisdakik.com\\\/?p=20018\"},\"author\":{\"name\":\"admin\",\"@id\":\"https:\\\/\\\/kibrisdakik.com\\\/#\\\/schema\\\/person\\\/9cd9d437bbb44f72b73ba127e06d8e79\"},\"headline\":\"Sibel Tatar: \u201cGayemiz g\u00fc\u00e7l\u00fc ve umutlu kad\u0131nlar yaratarak mutlu bir toplum olu\u015fturmak\u201d\",\"datePublished\":\"2023-11-25T12:10:48+00:00\",\"mainEntityOfPage\":{\"@id\":\"https:\\\/\\\/kibrisdakik.com\\\/?p=20018\"},\"wordCount\":666,\"commentCount\":0,\"image\":{\"@id\":\"https:\\\/\\\/kibrisdakik.com\\\/?p=20018#primaryimage\"},\"thumbnailUrl\":\"https:\\\/\\\/kibrisdakik.com\\\/wp-content\\\/uploads\\\/2023\\\/11\\\/sibel-tatar-gayemiz-guclu-ve-umutlu-kadinlar-yaratarak-mutlu-bir-toplum-olusturmak-1700913679.webp.webp\",\"articleSection\":[\"G\u00fcndem\"],\"inLanguage\":\"tr\",\"potentialAction\":[{\"@type\":\"CommentAction\",\"name\":\"Comment\",\"target\":[\"https:\\\/\\\/kibrisdakik.com\\\/?p=20018#respond\"]}]},{\"@type\":\"WebPage\",\"@id\":\"https:\\\/\\\/kibrisdakik.com\\\/?p=20018\",\"url\":\"https:\\\/\\\/kibrisdakik.com\\\/?p=20018\",\"name\":\"Sibel Tatar: \u201cGayemiz g\u00fc\u00e7l\u00fc ve umutlu kad\u0131nlar yaratarak mutlu bir toplum olu\u015fturmak\u201d -\",\"isPartOf\":{\"@id\":\"https:\\\/\\\/kibrisdakik.com\\\/#website\"},\"primaryImageOfPage\":{\"@id\":\"https:\\\/\\\/kibrisdakik.com\\\/?p=20018#primaryimage\"},\"image\":{\"@id\":\"https:\\\/\\\/kibrisdakik.com\\\/?p=20018#primaryimage\"},\"thumbnailUrl\":\"https:\\\/\\\/kibrisdakik.com\\\/wp-content\\\/uploads\\\/2023\\\/11\\\/sibel-tatar-gayemiz-guclu-ve-umutlu-kadinlar-yaratarak-mutlu-bir-toplum-olusturmak-1700913679.webp.webp\",\"datePublished\":\"2023-11-25T12:10:48+00:00\",\"author\":{\"@id\":\"https:\\\/\\\/kibrisdakik.com\\\/#\\\/schema\\\/person\\\/9cd9d437bbb44f72b73ba127e06d8e79\"},\"breadcrumb\":{\"@id\":\"https:\\\/\\\/kibrisdakik.com\\\/?p=20018#breadcrumb\"},\"inLanguage\":\"tr\",\"potentialAction\":[{\"@type\":\"ReadAction\",\"target\":[\"https:\\\/\\\/kibrisdakik.com\\\/?p=20018\"]}]},{\"@type\":\"ImageObject\",\"inLanguage\":\"tr\",\"@id\":\"https:\\\/\\\/kibrisdakik.com\\\/?p=20018#primaryimage\",\"url\":\"https:\\\/\\\/kibrisdakik.com\\\/wp-content\\\/uploads\\\/2023\\\/11\\\/sibel-tatar-gayemiz-guclu-ve-umutlu-kadinlar-yaratarak-mutlu-bir-toplum-olusturmak-1700913679.webp.webp\",\"contentUrl\":\"https:\\\/\\\/kibrisdakik.com\\\/wp-content\\\/uploads\\\/2023\\\/11\\\/sibel-tatar-gayemiz-guclu-ve-umutlu-kadinlar-yaratarak-mutlu-bir-toplum-olusturmak-1700913679.webp.webp\",\"width\":710,\"height\":370},{\"@type\":\"BreadcrumbList\",\"@id\":\"https:\\\/\\\/kibrisdakik.com\\\/?p=20018#breadcrumb\",\"itemListElement\":[{\"@type\":\"ListItem\",\"position\":1,\"name\":\"Home\",\"item\":\"https:\\\/\\\/kibrisdakik.com\\\/\"},{\"@type\":\"ListItem\",\"position\":2,\"name\":\"Sibel Tatar: \u201cGayemiz g\u00fc\u00e7l\u00fc ve umutlu kad\u0131nlar yaratarak mutlu bir toplum olu\u015fturmak\u201d\"}]},{\"@type\":\"WebSite\",\"@id\":\"https:\\\/\\\/kibrisdakik.com\\\/#website\",\"url\":\"https:\\\/\\\/kibrisdakik.com\\\/\",\"name\":\"\",\"description\":\"Tam vaktinde haber\",\"potentialAction\":[{\"@type\":\"SearchAction\",\"target\":{\"@type\":\"EntryPoint\",\"urlTemplate\":\"https:\\\/\\\/kibrisdakik.com\\\/?s={search_term_string}\"},\"query-input\":{\"@type\":\"PropertyValueSpecification\",\"valueRequired\":true,\"valueName\":\"search_term_string\"}}],\"inLanguage\":\"tr\"},{\"@type\":\"Person\",\"@id\":\"https:\\\/\\\/kibrisdakik.com\\\/#\\\/schema\\\/person\\\/9cd9d437bbb44f72b73ba127e06d8e79\",\"name\":\"admin\",\"image\":{\"@type\":\"ImageObject\",\"inLanguage\":\"tr\",\"@id\":\"https:\\\/\\\/secure.gravatar.com\\\/avatar\\\/ccc17943b9d660506c869530f897617f7cb1c21a4bf30023f252596d83e1f007?s=96&d=mm&r=g\",\"url\":\"https:\\\/\\\/secure.gravatar.com\\\/avatar\\\/ccc17943b9d660506c869530f897617f7cb1c21a4bf30023f252596d83e1f007?s=96&d=mm&r=g\",\"contentUrl\":\"https:\\\/\\\/secure.gravatar.com\\\/avatar\\\/ccc17943b9d660506c869530f897617f7cb1c21a4bf30023f252596d83e1f007?s=96&d=mm&r=g\",\"caption\":\"admin\"},\"sameAs\":[\"https:\\\/\\\/kibrisdakik.com\"],\"url\":\"https:\\\/\\\/kibrisdakik.com\\\/?author=1\"}]}<\/script>\n<!-- \/ Yoast SEO plugin. -->","yoast_head_json":{"title":"Sibel Tatar: \u201cGayemiz g\u00fc\u00e7l\u00fc ve umutlu kad\u0131nlar yaratarak mutlu bir toplum olu\u015fturmak\u201d -","robots":{"index":"index","follow":"follow","max-snippet":"max-snippet:-1","max-image-preview":"max-image-preview:large","max-video-preview":"max-video-preview:-1"},"canonical":"https:\/\/kibrisdakik.com\/?p=20018","og_locale":"tr_TR","og_type":"article","og_title":"Sibel Tatar: \u201cGayemiz g\u00fc\u00e7l\u00fc ve umutlu kad\u0131nlar yaratarak mutlu bir toplum olu\u015fturmak\u201d -","og_description":"Sibel Tatar, kad\u0131nlara y\u00f6nelik destek \u00e7al\u0131\u015fmalar\u0131 ve projelerinin ilgili kurum ve kurulu\u015flarla i\u015f birli\u011fi i\u00e7erisinde devam edece\u011fini belirtti.&nbsp; \u201c25 Kas\u0131m Kad\u0131na Y\u00f6nelik \u015eiddetle M\u00fccadele G\u00fcn\u00fc\u201d nedeniyle yaz\u0131l\u0131 a\u00e7\u0131klama yapan Sibel Tatar, d\u00fcnyan\u0131n hi\u00e7bir co\u011frafyas\u0131nda, hi\u00e7bir kad\u0131n\u0131n \u015fiddetin hi\u00e7bir t\u00fcr\u00fcne u\u011framadan, haklar\u0131 ihlal edilmeden, insan haysiyet ve onuruna yara\u015f\u0131r bir hayat s\u00fcrmelerini temenni etti. Tatar, \u201cb\u00fct\u00fcn","og_url":"https:\/\/kibrisdakik.com\/?p=20018","article_published_time":"2023-11-25T12:10:48+00:00","og_image":[{"width":710,"height":370,"url":"https:\/\/kibrisdakik.com\/wp-content\/uploads\/2023\/11\/sibel-tatar-gayemiz-guclu-ve-umutlu-kadinlar-yaratarak-mutlu-bir-toplum-olusturmak-1700913679.webp.webp","type":"image\/webp"}],"author":"admin","twitter_card":"summary_large_image","twitter_misc":{"Yazan:":"admin","Tahmini okuma s\u00fcresi":"3 dakika"},"schema":{"@context":"https:\/\/schema.org","@graph":[{"@type":"Article","@id":"https:\/\/kibrisdakik.com\/?p=20018#article","isPartOf":{"@id":"https:\/\/kibrisdakik.com\/?p=20018"},"author":{"name":"admin","@id":"https:\/\/kibrisdakik.com\/#\/schema\/person\/9cd9d437bbb44f72b73ba127e06d8e79"},"headline":"Sibel Tatar: \u201cGayemiz g\u00fc\u00e7l\u00fc ve umutlu kad\u0131nlar yaratarak mutlu bir toplum olu\u015fturmak\u201d","datePublished":"2023-11-25T12:10:48+00:00","mainEntityOfPage":{"@id":"https:\/\/kibrisdakik.com\/?p=20018"},"wordCount":666,"commentCount":0,"image":{"@id":"https:\/\/kibrisdakik.com\/?p=20018#primaryimage"},"thumbnailUrl":"https:\/\/kibrisdakik.com\/wp-content\/uploads\/2023\/11\/sibel-tatar-gayemiz-guclu-ve-umutlu-kadinlar-yaratarak-mutlu-bir-toplum-olusturmak-1700913679.webp.webp","articleSection":["G\u00fcndem"],"inLanguage":"tr","potentialAction":[{"@type":"CommentAction","name":"Comment","target":["https:\/\/kibrisdakik.com\/?p=20018#respond"]}]},{"@type":"WebPage","@id":"https:\/\/kibrisdakik.com\/?p=20018","url":"https:\/\/kibrisdakik.com\/?p=20018","name":"Sibel Tatar: \u201cGayemiz g\u00fc\u00e7l\u00fc ve umutlu kad\u0131nlar yaratarak mutlu bir toplum olu\u015fturmak\u201d -","isPartOf":{"@id":"https:\/\/kibrisdakik.com\/#website"},"primaryImageOfPage":{"@id":"https:\/\/kibrisdakik.com\/?p=20018#primaryimage"},"image":{"@id":"https:\/\/kibrisdakik.com\/?p=20018#primaryimage"},"thumbnailUrl":"https:\/\/kibrisdakik.com\/wp-content\/uploads\/2023\/11\/sibel-tatar-gayemiz-guclu-ve-umutlu-kadinlar-yaratarak-mutlu-bir-toplum-olusturmak-1700913679.webp.webp","datePublished":"2023-11-25T12:10:48+00:00","author":{"@id":"https:\/\/kibrisdakik.com\/#\/schema\/person\/9cd9d437bbb44f72b73ba127e06d8e79"},"breadcrumb":{"@id":"https:\/\/kibrisdakik.com\/?p=20018#breadcrumb"},"inLanguage":"tr","potentialAction":[{"@type":"ReadAction","target":["https:\/\/kibrisdakik.com\/?p=20018"]}]},{"@type":"ImageObject","inLanguage":"tr","@id":"https:\/\/kibrisdakik.com\/?p=20018#primaryimage","url":"https:\/\/kibrisdakik.com\/wp-content\/uploads\/2023\/11\/sibel-tatar-gayemiz-guclu-ve-umutlu-kadinlar-yaratarak-mutlu-bir-toplum-olusturmak-1700913679.webp.webp","contentUrl":"https:\/\/kibrisdakik.com\/wp-content\/uploads\/2023\/11\/sibel-tatar-gayemiz-guclu-ve-umutlu-kadinlar-yaratarak-mutlu-bir-toplum-olusturmak-1700913679.webp.webp","width":710,"height":370},{"@type":"BreadcrumbList","@id":"https:\/\/kibrisdakik.com\/?p=20018#breadcrumb","itemListElement":[{"@type":"ListItem","position":1,"name":"Home","item":"https:\/\/kibrisdakik.com\/"},{"@type":"ListItem","position":2,"name":"Sibel Tatar: \u201cGayemiz g\u00fc\u00e7l\u00fc ve umutlu kad\u0131nlar yaratarak mutlu bir toplum olu\u015fturmak\u201d"}]},{"@type":"WebSite","@id":"https:\/\/kibrisdakik.com\/#website","url":"https:\/\/kibrisdakik.com\/","name":"","description":"Tam vaktinde haber","potentialAction":[{"@type":"SearchAction","target":{"@type":"EntryPoint","urlTemplate":"https:\/\/kibrisdakik.com\/?s={search_term_string}"},"query-input":{"@type":"PropertyValueSpecification","valueRequired":true,"valueName":"search_term_string"}}],"inLanguage":"tr"},{"@type":"Person","@id":"https:\/\/kibrisdakik.com\/#\/schema\/person\/9cd9d437bbb44f72b73ba127e06d8e79","name":"admin","image":{"@type":"ImageObject","inLanguage":"tr","@id":"https:\/\/secure.gravatar.com\/avatar\/ccc17943b9d660506c869530f897617f7cb1c21a4bf30023f252596d83e1f007?s=96&d=mm&r=g","url":"https:\/\/secure.gravatar.com\/avatar\/ccc17943b9d660506c869530f897617f7cb1c21a4bf30023f252596d83e1f007?s=96&d=mm&r=g","contentUrl":"https:\/\/secure.gravatar.com\/avatar\/ccc17943b9d660506c869530f897617f7cb1c21a4bf30023f252596d83e1f007?s=96&d=mm&r=g","caption":"admin"},"sameAs":["https:\/\/kibrisdakik.com"],"url":"https:\/\/kibrisdakik.com\/?author=1"}]}},"_links":{"self":[{"href":"https:\/\/kibrisdakik.com\/index.php?rest_route=\/wp\/v2\/posts\/20018","targetHints":{"allow":["GET"]}}],"collection":[{"href":"https:\/\/kibrisdakik.com\/index.php?rest_route=\/wp\/v2\/posts"}],"about":[{"href":"https:\/\/kibrisdakik.com\/index.php?rest_route=\/wp\/v2\/types\/post"}],"author":[{"embeddable":true,"href":"https:\/\/kibrisdakik.com\/index.php?rest_route=\/wp\/v2\/users\/1"}],"replies":[{"embeddable":true,"href":"https:\/\/kibrisdakik.com\/index.php?rest_route=%2Fwp%2Fv2%2Fcomments&post=20018"}],"version-history":[{"count":0,"href":"https:\/\/kibrisdakik.com\/index.php?rest_route=\/wp\/v2\/posts\/20018\/revisions"}],"wp:featuredmedia":[{"embeddable":true,"href":"https:\/\/kibrisdakik.com\/index.php?rest_route=\/wp\/v2\/media\/20019"}],"wp:attachment":[{"href":"https:\/\/kibrisdakik.com\/index.php?rest_route=%2Fwp%2Fv2%2Fmedia&parent=20018"}],"wp:term":[{"taxonomy":"category","embeddable":true,"href":"https:\/\/kibrisdakik.com\/index.php?rest_route=%2Fwp%2Fv2%2Fcategories&post=20018"},{"taxonomy":"post_tag","embeddable":true,"href":"https:\/\/kibrisdakik.com\/index.php?rest_route=%2Fwp%2Fv2%2Ftags&post=20018"}],"curies":[{"name":"wp","href":"https:\/\/api.w.org\/{rel}","templated":true}]}}