{"id":20046,"date":"2023-11-26T08:39:47","date_gmt":"2023-11-26T08:39:47","guid":{"rendered":"https:\/\/kibrisdakik.com\/index.php\/2023\/11\/26\/israil-hapishanesinde-tutulan-39-filistinli-serbest-birakildi\/"},"modified":"2023-11-26T08:39:47","modified_gmt":"2023-11-26T08:39:47","slug":"israil-hapishanesinde-tutulan-39-filistinli-serbest-birakildi","status":"publish","type":"post","link":"https:\/\/kibrisdakik.com\/?p=20046","title":{"rendered":"\u0130srail hapishanesinde tutulan 39 Filistinli serbest b\u0131rak\u0131ld\u0131"},"content":{"rendered":"<p><\/p>\n<p>Filistin Kurtulu\u015f \u00d6rg\u00fct\u00fcne ba\u011fl\u0131 Esirler ve Serbest B\u0131rak\u0131lanlar Heyeti&#8217;nden yap\u0131lan a\u00e7\u0131klamada, Ofer Hapishanesi&#8217;ndeki 39 Filistinlinin Uluslararas\u0131 K\u0131z\u0131lha\u00e7 Komitesi&#8217;ne ait otob\u00fcsle i\u015fgal alt\u0131ndaki Bat\u0131 \u015eeria&#8217;n\u0131n Bireh kentine ve Kud\u00fcs&#8217;e do\u011fru yola \u00e7\u0131kt\u0131\u011f\u0131 belirtildi.<\/p>\n<p>Filistin resmi haber ajans\u0131 WAFA&#8217;da yer alan haberde de \u0130srail&#8217;in 33&#8217;\u00fc \u00e7ocuk, 6&#8217;s\u0131 kad\u0131n 39 Filistinliyi serbest b\u0131rakt\u0131\u011f\u0131 ifade edildi.<\/p>\n<p><img decoding=\"async\" alt=\"\" src=\"https:\/\/www.aa.com.tr\/uploads\/userFiles\/54a427bf-71c5-4e63-a83d-6196709e92a3\/009_2023%2F002_2023%2F06_Kasim%2F12%2F20231126_3_61418667_95317647.00_00_35_23.Still003.jpg\" \/><\/p>\n<h3>Hamas: 13 \u0130srailli esir Uluslararas\u0131 K\u0131z\u0131lha\u00e7 \u00d6rg\u00fct\u00fcne teslim edildi<\/h3>\n<p>Hamas&#8217;tan yap\u0131lan yaz\u0131l\u0131 a\u00e7\u0131klamada, \u00e7at\u0131\u015fmalara insani ara kapsam\u0131nda 13 \u0130srailli esir ile 7 yabanc\u0131 uyruklunun Uluslararas\u0131 K\u0131z\u0131lha\u00e7 \u00d6rg\u00fct\u00fcne teslim edildi\u011fi belirtildi.<\/p>\n<p>Hamas&#8217;\u0131n askeri kanad\u0131 \u0130zzeddin el-Kassam Tugaylar\u0131&#8217;ndan yap\u0131lan a\u00e7\u0131klamada ise esirlerle birlikte Uluslararas\u0131 K\u0131z\u0131lha\u00e7 \u00d6rg\u00fct\u00fcne teslim edilen yabanc\u0131 uyruklu say\u0131s\u0131n\u0131n 4 oldu\u011fu bildirildi.<\/p>\n<p><img decoding=\"async\" alt=\"\" src=\"https:\/\/www.aa.com.tr\/uploads\/userFiles\/54a427bf-71c5-4e63-a83d-6196709e92a3\/009_2023%2F002_2023%2F06_Kasim%2F12%2F20231126_3_61418667_95317647.00_00_41_09.Still004.jpg\" \/><\/p>\n<p>\u0130srail ordusundan yap\u0131lan a\u00e7\u0131klamada da Uluslararas\u0131 K\u0131z\u0131lha\u00e7 \u00d6rg\u00fct\u00fcnden al\u0131nan bilgiye g\u00f6re \u0130srailli esirlerin Refah S\u0131n\u0131r Kap\u0131s\u0131&#8217;na do\u011fru hareket etti\u011fi belirtildi.<\/p>\n<p>A\u00e7\u0131klamada, Gazze&#8217;den yola \u00e7\u0131kan esirlerin 13&#8217;\u00fc \u0130srailli ve 4&#8217;\u00fc Tayland vatanda\u015f\u0131 17 ki\u015fi oldu\u011fu ifade edildi.<\/p>\n<p><img decoding=\"async\" alt=\"\" src=\"https:\/\/admin.aa.com.tr\/uploads\/userFiles\/54a427bf-71c5-4e63-a83d-6196709e92a3\/009_2023%2F002_2023%2F06_Kasim%2F12%2F20231125_2_61418348_95316574.jpg\" \/><\/p>\n<p>\u0130srail Ba\u015fbakan\u0131 Binyamin Netanyahu&#8217;nun ofisinden yap\u0131lan a\u00e7\u0131klamada da 13 \u0130srailli ile 4 Tayland vatanda\u015f\u0131n\u0131n \u0130srail&#8217;e ula\u015ft\u0131klar\u0131 bildirildi.<\/p>\n<p>Katar D\u0131\u015fi\u015fleri Bakanl\u0131\u011f\u0131 S\u00f6zc\u00fcs\u00fc Macid el-Ensari, Kassam Tugaylar\u0131&#8217;n\u0131n, \u0130srail&#8217;in mutabakat maddelerine uymamas\u0131 nedeniyle Gazze \u015eeridi&#8217;ndeki \u0130srailli esirlerin serbest b\u0131rak\u0131lmas\u0131n\u0131 ertelediklerini duyurmas\u0131n\u0131n ard\u0131ndan X sosyal medya hesab\u0131ndan a\u00e7\u0131klama yapm\u0131\u015ft\u0131.<\/p>\n<p>Ensari, &#8220;M\u0131s\u0131r ve Katar&#8217;\u0131n, taraflarla ger\u00e7ekle\u015ftirdikleri g\u00f6r\u00fc\u015fmelerin ard\u0131ndan mutabakat\u0131n uygulanmas\u0131n\u0131n \u00f6n\u00fcndeki engeller ortadan kald\u0131r\u0131ld\u0131. Bu gece 39 Filistinli esire kar\u015f\u0131l\u0131k 13 \u0130srailli esir serbest kalacak.&#8221; ifadesini kullanm\u0131\u015ft\u0131.<\/p>\n<p>\u0130srail ile Hamas aras\u0131ndaki \u00e7at\u0131\u015fmalara 4 g\u00fcn insani ara verilmesine ili\u015fkin uzla\u015fma, 24 Kas\u0131m Cuma g\u00fcn\u00fc saat 07.00&#8217;de (TS\u0130 08.00) uygulamaya girdi.<\/p>\n<p>Uzla\u015f\u0131ya g\u00f6re Hamas&#8217;\u0131n elindeki 50 \u0130srailli esire kar\u015f\u0131l\u0131k, \u0130srail hapishanelerindeki 150 Filistinli serbest b\u0131rak\u0131lacak.<\/p>\n<p>Serbest kalacak esirler her iki taraftan kad\u0131n ve \u00e7ocuklardan olu\u015fuyor.<\/p>\n<h3>Hamas&#8217;\u0131n serbest b\u0131rakt\u0131\u011f\u0131 \u0130srailli esirlerin insanca muamele g\u00f6rd\u00fcklerini s\u00f6yledikleri ifade edildi<\/h3>\n<p>\u0130srailli haber platformu Walla&#8217;n\u0131n haberine g\u00f6re, cuma gecesi Gazze \u015eeridi&#8217;nden b\u00fcy\u00fckanne, anne ve bir erkek \u00e7ocu\u011fun serbest b\u0131rak\u0131ld\u0131\u011f\u0131 Munder ailesinin yak\u0131n\u0131, aileyi ziyaret ettikten sonra esirlerin anlatt\u0131klar\u0131n\u0131 payla\u015ft\u0131.<\/p>\n<p>Munder ailesinin \u00fcyesi, &#8220;(\u0130srailli esirler) Olumsuz bir durum ya\u015famad\u0131lar. \u0130nsanca muamele g\u00f6rd\u00fcler. D\u00fc\u015f\u00fcnd\u00fc\u011f\u00fcm\u00fcz gibi deh\u015fet hikayeleri yoktu.&#8221; ifadesini kulland\u0131.<\/p>\n<p>\u0130srailli esirlerin Gazze \u015eeridi&#8217;ne g\u00f6t\u00fcr\u00fclmek \u00fczere motosiklete bindirildikten sonra \u015fiddet g\u00f6rmediklerini belirten aile \u00fcyesi, \u0130srailli esirlerin kendilerine verilen radyo ve televizyondan haberleri takip ettiklerini s\u00f6ylediklerini aktard\u0131.<\/p>\n<h3>\u0130srail ordusu: Hamas&#8217;la var\u0131lan esir takas\u0131 mutabakat\u0131na ba\u011fl\u0131y\u0131z<\/h3>\n<p>\u0130srail Ordu S\u00f6zc\u00fcs\u00fc Daniel Hagari, d\u00fczenledi\u011fi bas\u0131n toplant\u0131s\u0131nda, esir takas\u0131nda ya\u015fanan gecikmeye ili\u015fkin de\u011ferlendirmede bulundu.<\/p>\n<p>\u0130srail ordusunun, esir takas\u0131 mutabakat\u0131na ba\u011fl\u0131 oldu\u011funu ve Katar ve M\u0131s\u0131r&#8217;la birlikte bu mutabakat\u0131n uygulanmas\u0131 konusunda kararl\u0131 oldu\u011funu aktaran Hagari, &#8220;Ka\u00e7\u0131r\u0131lanlar\u0131n (esirler) geri getirilmesi \u00e7abalar\u0131n\u0131n sonu\u00e7lanmas\u0131 i\u00e7in \u00f6n\u00fcm\u00fczde uzun bir yol var ve biz her t\u00fcrl\u00fc yolu kullanarak onlar\u0131 geri getirece\u011fiz.&#8221; dedi.<\/p>\n<p>Hagari, \u0130srail ordusunun, cuma g\u00fcn\u00fc serbest b\u0131rak\u0131lan esirlerle ilgili soru\u015fturma y\u00fcr\u00fctt\u00fc\u011f\u00fcn\u00fc belirtti ancak var\u0131lan sonu\u00e7lar\u0131 a\u00e7\u0131klamayacaklar\u0131n\u0131 kaydetti.<\/p>\n<p>Hagari, var\u0131lan mutabakat uyar\u0131nca Gazze&#8217;nin g\u00fcneyi ile kuzeyine yard\u0131m t\u0131rlar\u0131n\u0131n giri\u015fine izin verdiklerini s\u00f6zlerine ekledi.<\/p>\n<h3>Filistin K\u0131z\u0131lay\u0131: \u0130nsani aran\u0131n ikinci g\u00fcn\u00fcnde Gazze&#8217;ye 187 yard\u0131m t\u0131r\u0131 ula\u015ft\u0131<\/h3>\n<p>Filistin K\u0131z\u0131lay\u0131ndan yap\u0131lan yaz\u0131l\u0131 a\u00e7\u0131klamada, uzla\u015f\u0131 kapsam\u0131nda M\u0131s\u0131r K\u0131z\u0131lay\u0131ndan insani yard\u0131mlar\u0131n teslim al\u0131nmaya devam edildi\u011fi belirtildi.<\/p>\n<p>M\u0131s\u0131r ile Gazze \u015eeridi aras\u0131ndaki Refah S\u0131n\u0131r Kap\u0131s\u0131&#8217;ndan 25 Kas\u0131m Cumartesi g\u00fcn\u00fc 187 t\u0131r dolusu insani yard\u0131m\u0131n teslim al\u0131nd\u0131\u011f\u0131, yard\u0131mlar\u0131n g\u0131da, i\u00e7me suyu, t\u0131bbi malzeme ve ila\u00e7lardan olu\u015ftu\u011fu ifade edildi.<\/p>\n<h3>\u0130srail, Gazze&#8217;den bug\u00fcn serbest b\u0131rak\u0131lacak esirlerin listesini ald\u0131\u011f\u0131n\u0131 a\u00e7\u0131klad\u0131<\/h3>\n<p>\u0130srailli Yediot Ahronot gazetesinin haberine g\u00f6re Ba\u015fbakan Binyamin Netanyahu&#8217;nun Ofisi, bug\u00fcn serbest b\u0131rak\u0131lacak \u0130srailli esirlerin listesini ald\u0131.<\/p>\n<p>Listedeki isimlerin ailelerine bilgi verildi\u011fi, g\u00fcvenlik g\u00fc\u00e7lerinin de listeyi incelemeye ald\u0131\u011f\u0131 aktar\u0131ld\u0131.<\/p>\n","protected":false},"excerpt":{"rendered":"<p>Filistin Kurtulu\u015f \u00d6rg\u00fct\u00fcne ba\u011fl\u0131 Esirler ve Serbest B\u0131rak\u0131lanlar Heyeti&#8217;nden yap\u0131lan a\u00e7\u0131klamada, Ofer Hapishanesi&#8217;ndeki 39 Filistinlinin Uluslararas\u0131 K\u0131z\u0131lha\u00e7 Komitesi&#8217;ne ait otob\u00fcsle i\u015fgal alt\u0131ndaki Bat\u0131 \u015eeria&#8217;n\u0131n Bireh kentine ve Kud\u00fcs&#8217;e do\u011fru yola \u00e7\u0131kt\u0131\u011f\u0131 belirtildi. Filistin resmi haber ajans\u0131 WAFA&#8217;da yer alan haberde de \u0130srail&#8217;in 33&#8217;\u00fc \u00e7ocuk, 6&#8217;s\u0131 kad\u0131n 39 Filistinliyi serbest b\u0131rakt\u0131\u011f\u0131 ifade edildi. Hamas: 13 \u0130srailli<\/p>\n","protected":false},"author":1,"featured_media":0,"comment_status":"open","ping_status":"open","sticky":false,"template":"","format":"standard","meta":{"footnotes":""},"categories":[1],"tags":[],"class_list":["post-20046","post","type-post","status-publish","format-standard","hentry","category-gundem"],"yoast_head":"<!-- This site is optimized with the Yoast SEO plugin v27.4 - https:\/\/yoast.com\/product\/yoast-seo-wordpress\/ -->\n<title>\u0130srail hapishanesinde tutulan 39 Filistinli serbest b\u0131rak\u0131ld\u0131 -<\/title>\n<meta name=\"robots\" content=\"index, follow, max-snippet:-1, max-image-preview:large, max-video-preview:-1\" \/>\n<link rel=\"canonical\" href=\"https:\/\/kibrisdakik.com\/?p=20046\" \/>\n<meta property=\"og:locale\" content=\"tr_TR\" \/>\n<meta property=\"og:type\" content=\"article\" \/>\n<meta property=\"og:title\" content=\"\u0130srail hapishanesinde tutulan 39 Filistinli serbest b\u0131rak\u0131ld\u0131 -\" \/>\n<meta property=\"og:description\" content=\"Filistin Kurtulu\u015f \u00d6rg\u00fct\u00fcne ba\u011fl\u0131 Esirler ve Serbest B\u0131rak\u0131lanlar Heyeti&#8217;nden yap\u0131lan a\u00e7\u0131klamada, Ofer Hapishanesi&#8217;ndeki 39 Filistinlinin Uluslararas\u0131 K\u0131z\u0131lha\u00e7 Komitesi&#8217;ne ait otob\u00fcsle i\u015fgal alt\u0131ndaki Bat\u0131 \u015eeria&#8217;n\u0131n Bireh kentine ve Kud\u00fcs&#8217;e do\u011fru yola \u00e7\u0131kt\u0131\u011f\u0131 belirtildi. Filistin resmi haber ajans\u0131 WAFA&#8217;da yer alan haberde de \u0130srail&#8217;in 33&#8217;\u00fc \u00e7ocuk, 6&#8217;s\u0131 kad\u0131n 39 Filistinliyi serbest b\u0131rakt\u0131\u011f\u0131 ifade edildi. Hamas: 13 \u0130srailli\" \/>\n<meta property=\"og:url\" content=\"https:\/\/kibrisdakik.com\/?p=20046\" \/>\n<meta property=\"article:published_time\" content=\"2023-11-26T08:39:47+00:00\" \/>\n<meta property=\"og:image\" content=\"https:\/\/www.aa.com.tr\/uploads\/userFiles\/54a427bf-71c5-4e63-a83d-6196709e92a3\/009_2023%2F002_2023%2F06_Kasim%2F12%2F20231126_3_61418667_95317647.00_00_35_23.Still003.jpg\" \/>\n<meta name=\"author\" content=\"admin\" \/>\n<meta name=\"twitter:card\" content=\"summary_large_image\" \/>\n<meta name=\"twitter:label1\" content=\"Yazan:\" \/>\n\t<meta name=\"twitter:data1\" content=\"admin\" \/>\n\t<meta name=\"twitter:label2\" content=\"Tahmini okuma s\u00fcresi\" \/>\n\t<meta name=\"twitter:data2\" content=\"4 dakika\" \/>\n<script type=\"application\/ld+json\" class=\"yoast-schema-graph\">{\"@context\":\"https:\\\/\\\/schema.org\",\"@graph\":[{\"@type\":\"Article\",\"@id\":\"https:\\\/\\\/kibrisdakik.com\\\/?p=20046#article\",\"isPartOf\":{\"@id\":\"https:\\\/\\\/kibrisdakik.com\\\/?p=20046\"},\"author\":{\"name\":\"admin\",\"@id\":\"https:\\\/\\\/kibrisdakik.com\\\/#\\\/schema\\\/person\\\/9cd9d437bbb44f72b73ba127e06d8e79\"},\"headline\":\"\u0130srail hapishanesinde tutulan 39 Filistinli serbest b\u0131rak\u0131ld\u0131\",\"datePublished\":\"2023-11-26T08:39:47+00:00\",\"mainEntityOfPage\":{\"@id\":\"https:\\\/\\\/kibrisdakik.com\\\/?p=20046\"},\"wordCount\":780,\"commentCount\":0,\"image\":{\"@id\":\"https:\\\/\\\/kibrisdakik.com\\\/?p=20046#primaryimage\"},\"thumbnailUrl\":\"https:\\\/\\\/www.aa.com.tr\\\/uploads\\\/userFiles\\\/54a427bf-71c5-4e63-a83d-6196709e92a3\\\/009_2023%2F002_2023%2F06_Kasim%2F12%2F20231126_3_61418667_95317647.00_00_35_23.Still003.jpg\",\"articleSection\":[\"G\u00fcndem\"],\"inLanguage\":\"tr\",\"potentialAction\":[{\"@type\":\"CommentAction\",\"name\":\"Comment\",\"target\":[\"https:\\\/\\\/kibrisdakik.com\\\/?p=20046#respond\"]}]},{\"@type\":\"WebPage\",\"@id\":\"https:\\\/\\\/kibrisdakik.com\\\/?p=20046\",\"url\":\"https:\\\/\\\/kibrisdakik.com\\\/?p=20046\",\"name\":\"\u0130srail hapishanesinde tutulan 39 Filistinli serbest b\u0131rak\u0131ld\u0131 -\",\"isPartOf\":{\"@id\":\"https:\\\/\\\/kibrisdakik.com\\\/#website\"},\"primaryImageOfPage\":{\"@id\":\"https:\\\/\\\/kibrisdakik.com\\\/?p=20046#primaryimage\"},\"image\":{\"@id\":\"https:\\\/\\\/kibrisdakik.com\\\/?p=20046#primaryimage\"},\"thumbnailUrl\":\"https:\\\/\\\/www.aa.com.tr\\\/uploads\\\/userFiles\\\/54a427bf-71c5-4e63-a83d-6196709e92a3\\\/009_2023%2F002_2023%2F06_Kasim%2F12%2F20231126_3_61418667_95317647.00_00_35_23.Still003.jpg\",\"datePublished\":\"2023-11-26T08:39:47+00:00\",\"author\":{\"@id\":\"https:\\\/\\\/kibrisdakik.com\\\/#\\\/schema\\\/person\\\/9cd9d437bbb44f72b73ba127e06d8e79\"},\"breadcrumb\":{\"@id\":\"https:\\\/\\\/kibrisdakik.com\\\/?p=20046#breadcrumb\"},\"inLanguage\":\"tr\",\"potentialAction\":[{\"@type\":\"ReadAction\",\"target\":[\"https:\\\/\\\/kibrisdakik.com\\\/?p=20046\"]}]},{\"@type\":\"ImageObject\",\"inLanguage\":\"tr\",\"@id\":\"https:\\\/\\\/kibrisdakik.com\\\/?p=20046#primaryimage\",\"url\":\"https:\\\/\\\/www.aa.com.tr\\\/uploads\\\/userFiles\\\/54a427bf-71c5-4e63-a83d-6196709e92a3\\\/009_2023%2F002_2023%2F06_Kasim%2F12%2F20231126_3_61418667_95317647.00_00_35_23.Still003.jpg\",\"contentUrl\":\"https:\\\/\\\/www.aa.com.tr\\\/uploads\\\/userFiles\\\/54a427bf-71c5-4e63-a83d-6196709e92a3\\\/009_2023%2F002_2023%2F06_Kasim%2F12%2F20231126_3_61418667_95317647.00_00_35_23.Still003.jpg\"},{\"@type\":\"BreadcrumbList\",\"@id\":\"https:\\\/\\\/kibrisdakik.com\\\/?p=20046#breadcrumb\",\"itemListElement\":[{\"@type\":\"ListItem\",\"position\":1,\"name\":\"Home\",\"item\":\"https:\\\/\\\/kibrisdakik.com\\\/\"},{\"@type\":\"ListItem\",\"position\":2,\"name\":\"\u0130srail hapishanesinde tutulan 39 Filistinli serbest b\u0131rak\u0131ld\u0131\"}]},{\"@type\":\"WebSite\",\"@id\":\"https:\\\/\\\/kibrisdakik.com\\\/#website\",\"url\":\"https:\\\/\\\/kibrisdakik.com\\\/\",\"name\":\"\",\"description\":\"Tam vaktinde haber\",\"potentialAction\":[{\"@type\":\"SearchAction\",\"target\":{\"@type\":\"EntryPoint\",\"urlTemplate\":\"https:\\\/\\\/kibrisdakik.com\\\/?s={search_term_string}\"},\"query-input\":{\"@type\":\"PropertyValueSpecification\",\"valueRequired\":true,\"valueName\":\"search_term_string\"}}],\"inLanguage\":\"tr\"},{\"@type\":\"Person\",\"@id\":\"https:\\\/\\\/kibrisdakik.com\\\/#\\\/schema\\\/person\\\/9cd9d437bbb44f72b73ba127e06d8e79\",\"name\":\"admin\",\"image\":{\"@type\":\"ImageObject\",\"inLanguage\":\"tr\",\"@id\":\"https:\\\/\\\/secure.gravatar.com\\\/avatar\\\/ccc17943b9d660506c869530f897617f7cb1c21a4bf30023f252596d83e1f007?s=96&d=mm&r=g\",\"url\":\"https:\\\/\\\/secure.gravatar.com\\\/avatar\\\/ccc17943b9d660506c869530f897617f7cb1c21a4bf30023f252596d83e1f007?s=96&d=mm&r=g\",\"contentUrl\":\"https:\\\/\\\/secure.gravatar.com\\\/avatar\\\/ccc17943b9d660506c869530f897617f7cb1c21a4bf30023f252596d83e1f007?s=96&d=mm&r=g\",\"caption\":\"admin\"},\"sameAs\":[\"https:\\\/\\\/kibrisdakik.com\"],\"url\":\"https:\\\/\\\/kibrisdakik.com\\\/?author=1\"}]}<\/script>\n<!-- \/ Yoast SEO plugin. -->","yoast_head_json":{"title":"\u0130srail hapishanesinde tutulan 39 Filistinli serbest b\u0131rak\u0131ld\u0131 -","robots":{"index":"index","follow":"follow","max-snippet":"max-snippet:-1","max-image-preview":"max-image-preview:large","max-video-preview":"max-video-preview:-1"},"canonical":"https:\/\/kibrisdakik.com\/?p=20046","og_locale":"tr_TR","og_type":"article","og_title":"\u0130srail hapishanesinde tutulan 39 Filistinli serbest b\u0131rak\u0131ld\u0131 -","og_description":"Filistin Kurtulu\u015f \u00d6rg\u00fct\u00fcne ba\u011fl\u0131 Esirler ve Serbest B\u0131rak\u0131lanlar Heyeti&#8217;nden yap\u0131lan a\u00e7\u0131klamada, Ofer Hapishanesi&#8217;ndeki 39 Filistinlinin Uluslararas\u0131 K\u0131z\u0131lha\u00e7 Komitesi&#8217;ne ait otob\u00fcsle i\u015fgal alt\u0131ndaki Bat\u0131 \u015eeria&#8217;n\u0131n Bireh kentine ve Kud\u00fcs&#8217;e do\u011fru yola \u00e7\u0131kt\u0131\u011f\u0131 belirtildi. Filistin resmi haber ajans\u0131 WAFA&#8217;da yer alan haberde de \u0130srail&#8217;in 33&#8217;\u00fc \u00e7ocuk, 6&#8217;s\u0131 kad\u0131n 39 Filistinliyi serbest b\u0131rakt\u0131\u011f\u0131 ifade edildi. Hamas: 13 \u0130srailli","og_url":"https:\/\/kibrisdakik.com\/?p=20046","article_published_time":"2023-11-26T08:39:47+00:00","og_image":[{"url":"https:\/\/www.aa.com.tr\/uploads\/userFiles\/54a427bf-71c5-4e63-a83d-6196709e92a3\/009_2023%2F002_2023%2F06_Kasim%2F12%2F20231126_3_61418667_95317647.00_00_35_23.Still003.jpg","type":"","width":"","height":""}],"author":"admin","twitter_card":"summary_large_image","twitter_misc":{"Yazan:":"admin","Tahmini okuma s\u00fcresi":"4 dakika"},"schema":{"@context":"https:\/\/schema.org","@graph":[{"@type":"Article","@id":"https:\/\/kibrisdakik.com\/?p=20046#article","isPartOf":{"@id":"https:\/\/kibrisdakik.com\/?p=20046"},"author":{"name":"admin","@id":"https:\/\/kibrisdakik.com\/#\/schema\/person\/9cd9d437bbb44f72b73ba127e06d8e79"},"headline":"\u0130srail hapishanesinde tutulan 39 Filistinli serbest b\u0131rak\u0131ld\u0131","datePublished":"2023-11-26T08:39:47+00:00","mainEntityOfPage":{"@id":"https:\/\/kibrisdakik.com\/?p=20046"},"wordCount":780,"commentCount":0,"image":{"@id":"https:\/\/kibrisdakik.com\/?p=20046#primaryimage"},"thumbnailUrl":"https:\/\/www.aa.com.tr\/uploads\/userFiles\/54a427bf-71c5-4e63-a83d-6196709e92a3\/009_2023%2F002_2023%2F06_Kasim%2F12%2F20231126_3_61418667_95317647.00_00_35_23.Still003.jpg","articleSection":["G\u00fcndem"],"inLanguage":"tr","potentialAction":[{"@type":"CommentAction","name":"Comment","target":["https:\/\/kibrisdakik.com\/?p=20046#respond"]}]},{"@type":"WebPage","@id":"https:\/\/kibrisdakik.com\/?p=20046","url":"https:\/\/kibrisdakik.com\/?p=20046","name":"\u0130srail hapishanesinde tutulan 39 Filistinli serbest b\u0131rak\u0131ld\u0131 -","isPartOf":{"@id":"https:\/\/kibrisdakik.com\/#website"},"primaryImageOfPage":{"@id":"https:\/\/kibrisdakik.com\/?p=20046#primaryimage"},"image":{"@id":"https:\/\/kibrisdakik.com\/?p=20046#primaryimage"},"thumbnailUrl":"https:\/\/www.aa.com.tr\/uploads\/userFiles\/54a427bf-71c5-4e63-a83d-6196709e92a3\/009_2023%2F002_2023%2F06_Kasim%2F12%2F20231126_3_61418667_95317647.00_00_35_23.Still003.jpg","datePublished":"2023-11-26T08:39:47+00:00","author":{"@id":"https:\/\/kibrisdakik.com\/#\/schema\/person\/9cd9d437bbb44f72b73ba127e06d8e79"},"breadcrumb":{"@id":"https:\/\/kibrisdakik.com\/?p=20046#breadcrumb"},"inLanguage":"tr","potentialAction":[{"@type":"ReadAction","target":["https:\/\/kibrisdakik.com\/?p=20046"]}]},{"@type":"ImageObject","inLanguage":"tr","@id":"https:\/\/kibrisdakik.com\/?p=20046#primaryimage","url":"https:\/\/www.aa.com.tr\/uploads\/userFiles\/54a427bf-71c5-4e63-a83d-6196709e92a3\/009_2023%2F002_2023%2F06_Kasim%2F12%2F20231126_3_61418667_95317647.00_00_35_23.Still003.jpg","contentUrl":"https:\/\/www.aa.com.tr\/uploads\/userFiles\/54a427bf-71c5-4e63-a83d-6196709e92a3\/009_2023%2F002_2023%2F06_Kasim%2F12%2F20231126_3_61418667_95317647.00_00_35_23.Still003.jpg"},{"@type":"BreadcrumbList","@id":"https:\/\/kibrisdakik.com\/?p=20046#breadcrumb","itemListElement":[{"@type":"ListItem","position":1,"name":"Home","item":"https:\/\/kibrisdakik.com\/"},{"@type":"ListItem","position":2,"name":"\u0130srail hapishanesinde tutulan 39 Filistinli serbest b\u0131rak\u0131ld\u0131"}]},{"@type":"WebSite","@id":"https:\/\/kibrisdakik.com\/#website","url":"https:\/\/kibrisdakik.com\/","name":"","description":"Tam vaktinde haber","potentialAction":[{"@type":"SearchAction","target":{"@type":"EntryPoint","urlTemplate":"https:\/\/kibrisdakik.com\/?s={search_term_string}"},"query-input":{"@type":"PropertyValueSpecification","valueRequired":true,"valueName":"search_term_string"}}],"inLanguage":"tr"},{"@type":"Person","@id":"https:\/\/kibrisdakik.com\/#\/schema\/person\/9cd9d437bbb44f72b73ba127e06d8e79","name":"admin","image":{"@type":"ImageObject","inLanguage":"tr","@id":"https:\/\/secure.gravatar.com\/avatar\/ccc17943b9d660506c869530f897617f7cb1c21a4bf30023f252596d83e1f007?s=96&d=mm&r=g","url":"https:\/\/secure.gravatar.com\/avatar\/ccc17943b9d660506c869530f897617f7cb1c21a4bf30023f252596d83e1f007?s=96&d=mm&r=g","contentUrl":"https:\/\/secure.gravatar.com\/avatar\/ccc17943b9d660506c869530f897617f7cb1c21a4bf30023f252596d83e1f007?s=96&d=mm&r=g","caption":"admin"},"sameAs":["https:\/\/kibrisdakik.com"],"url":"https:\/\/kibrisdakik.com\/?author=1"}]}},"_links":{"self":[{"href":"https:\/\/kibrisdakik.com\/index.php?rest_route=\/wp\/v2\/posts\/20046","targetHints":{"allow":["GET"]}}],"collection":[{"href":"https:\/\/kibrisdakik.com\/index.php?rest_route=\/wp\/v2\/posts"}],"about":[{"href":"https:\/\/kibrisdakik.com\/index.php?rest_route=\/wp\/v2\/types\/post"}],"author":[{"embeddable":true,"href":"https:\/\/kibrisdakik.com\/index.php?rest_route=\/wp\/v2\/users\/1"}],"replies":[{"embeddable":true,"href":"https:\/\/kibrisdakik.com\/index.php?rest_route=%2Fwp%2Fv2%2Fcomments&post=20046"}],"version-history":[{"count":0,"href":"https:\/\/kibrisdakik.com\/index.php?rest_route=\/wp\/v2\/posts\/20046\/revisions"}],"wp:attachment":[{"href":"https:\/\/kibrisdakik.com\/index.php?rest_route=%2Fwp%2Fv2%2Fmedia&parent=20046"}],"wp:term":[{"taxonomy":"category","embeddable":true,"href":"https:\/\/kibrisdakik.com\/index.php?rest_route=%2Fwp%2Fv2%2Fcategories&post=20046"},{"taxonomy":"post_tag","embeddable":true,"href":"https:\/\/kibrisdakik.com\/index.php?rest_route=%2Fwp%2Fv2%2Ftags&post=20046"}],"curies":[{"name":"wp","href":"https:\/\/api.w.org\/{rel}","templated":true}]}}