{"id":20128,"date":"2023-11-27T07:07:24","date_gmt":"2023-11-27T07:07:24","guid":{"rendered":"https:\/\/kibrisdakik.com\/index.php\/2023\/11\/27\/kktc-ye-asik-birisiyim\/"},"modified":"2023-11-27T07:07:24","modified_gmt":"2023-11-27T07:07:24","slug":"kktc-ye-asik-birisiyim","status":"publish","type":"post","link":"https:\/\/kibrisdakik.com\/?p=20128","title":{"rendered":"KKTC \u2018ye a\u015f\u0131k birisiyim\u00a0"},"content":{"rendered":"<p><img decoding=\"async\" src=\"https:\/\/www.kibristurk.com\/images\/haberler\/2023\/11\/kktc-ye-asik-birisiyim-1701062996.webp\" \/><\/p>\n<p><u><strong>Orhan \u0130smailo\u011flu&nbsp;<\/strong><\/u><\/p>\n<p>T\u00fcrkiye\u2019nin sevilen isimlerinden sunucu ve yorumcu Esra Balamir ge\u00e7ti\u011fimiz ak\u015fam Mesarya b\u00f6lgesinde bulunan Do\u011fu\u015f Mesarya \u2018da hayranlar\u0131n\u0131n kar\u015f\u0131s\u0131na \u00e7\u0131kt\u0131.&nbsp;<br \/>\n&nbsp; Konser \u00f6ncesi K\u0131br\u0131s T\u00fcrk Magazin M\u00fcd\u00fcr\u00fc Orhan \u0130smailo\u011flu\u2019nun sorular\u0131n\u0131 i\u00e7tenlikle cevaplad\u0131.&nbsp;<br \/>\nUzun y\u0131llard\u0131r \u00fclkemize gelen ve burada sahne alan Esra Balamir KKTC\u2019 ye gelmekten \u00e7ok mutlu oldu\u011funu s\u00f6yledi.&nbsp;<br \/>\n&nbsp; Balamir \u201cKKTC\u2019ye y\u0131ld\u0131r geliyorum buran\u0131n insan\u0131 \u00e7ok do\u011fal havas\u0131 g\u00fczel ve &nbsp;yazda geldi\u011fim zaman denizini \u00e7ok be\u011fendim.&nbsp;<br \/>\n&nbsp; Yeni single i\u00e7in 2024 de \u00e7al\u0131\u015fmalar\u0131na ba\u015flayayaca\u011f\u0131n\u0131 s\u00f6yleyen Balamir\u201d Ge\u00e7ti\u011fimiz aylarda bir cover \u015fark\u0131s\u0131 olan \u201cElden Yar Olmaz\u201d \u015fark\u0131s\u0131n\u0131 \u00e7\u0131karm\u0131\u015ft\u0131k gayet g\u00fczel oldu. Bir \u00e7ok ki\u015fi taraf\u0131ndan be\u011fenildi \u015fimdi ise 2024 i\u00e7in \u00e7al\u0131\u015fmalara ba\u015flad\u0131k bakal\u0131m belki bir cover yada yeni bir beste olabilir dedi.<\/p>\n","protected":false},"excerpt":{"rendered":"<p>Orhan \u0130smailo\u011flu&nbsp; T\u00fcrkiye\u2019nin sevilen isimlerinden sunucu ve yorumcu Esra Balamir ge\u00e7ti\u011fimiz ak\u015fam Mesarya b\u00f6lgesinde bulunan Do\u011fu\u015f Mesarya \u2018da hayranlar\u0131n\u0131n kar\u015f\u0131s\u0131na \u00e7\u0131kt\u0131.&nbsp; &nbsp; Konser \u00f6ncesi K\u0131br\u0131s T\u00fcrk Magazin M\u00fcd\u00fcr\u00fc Orhan \u0130smailo\u011flu\u2019nun sorular\u0131n\u0131 i\u00e7tenlikle cevaplad\u0131.&nbsp; Uzun y\u0131llard\u0131r \u00fclkemize gelen ve burada sahne alan Esra Balamir KKTC\u2019 ye gelmekten \u00e7ok mutlu oldu\u011funu s\u00f6yledi.&nbsp; &nbsp; Balamir \u201cKKTC\u2019ye y\u0131ld\u0131r geliyorum<\/p>\n","protected":false},"author":1,"featured_media":20129,"comment_status":"open","ping_status":"open","sticky":false,"template":"","format":"standard","meta":{"footnotes":""},"categories":[1],"tags":[],"class_list":["post-20128","post","type-post","status-publish","format-standard","has-post-thumbnail","hentry","category-gundem"],"yoast_head":"<!-- This site is optimized with the Yoast SEO plugin v27.4 - https:\/\/yoast.com\/product\/yoast-seo-wordpress\/ -->\n<title>KKTC \u2018ye a\u015f\u0131k birisiyim\u00a0 -<\/title>\n<meta name=\"robots\" content=\"index, follow, max-snippet:-1, max-image-preview:large, max-video-preview:-1\" \/>\n<link rel=\"canonical\" href=\"https:\/\/kibrisdakik.com\/?p=20128\" \/>\n<meta property=\"og:locale\" content=\"tr_TR\" \/>\n<meta property=\"og:type\" content=\"article\" \/>\n<meta property=\"og:title\" content=\"KKTC \u2018ye a\u015f\u0131k birisiyim\u00a0 -\" \/>\n<meta property=\"og:description\" content=\"Orhan \u0130smailo\u011flu&nbsp; T\u00fcrkiye\u2019nin sevilen isimlerinden sunucu ve yorumcu Esra Balamir ge\u00e7ti\u011fimiz ak\u015fam Mesarya b\u00f6lgesinde bulunan Do\u011fu\u015f Mesarya \u2018da hayranlar\u0131n\u0131n kar\u015f\u0131s\u0131na \u00e7\u0131kt\u0131.&nbsp; &nbsp; Konser \u00f6ncesi K\u0131br\u0131s T\u00fcrk Magazin M\u00fcd\u00fcr\u00fc Orhan \u0130smailo\u011flu\u2019nun sorular\u0131n\u0131 i\u00e7tenlikle cevaplad\u0131.&nbsp; Uzun y\u0131llard\u0131r \u00fclkemize gelen ve burada sahne alan Esra Balamir KKTC\u2019 ye gelmekten \u00e7ok mutlu oldu\u011funu s\u00f6yledi.&nbsp; &nbsp; Balamir \u201cKKTC\u2019ye y\u0131ld\u0131r geliyorum\" \/>\n<meta property=\"og:url\" content=\"https:\/\/kibrisdakik.com\/?p=20128\" \/>\n<meta property=\"article:published_time\" content=\"2023-11-27T07:07:24+00:00\" \/>\n<meta property=\"og:image\" content=\"https:\/\/kibrisdakik.com\/wp-content\/uploads\/2023\/11\/kktc-ye-asik-birisiyim-1701062996.webp.webp\" \/>\n\t<meta property=\"og:image:width\" content=\"710\" \/>\n\t<meta property=\"og:image:height\" content=\"370\" \/>\n\t<meta property=\"og:image:type\" content=\"image\/webp\" \/>\n<meta name=\"author\" content=\"admin\" \/>\n<meta name=\"twitter:card\" content=\"summary_large_image\" \/>\n<meta name=\"twitter:label1\" content=\"Yazan:\" \/>\n\t<meta name=\"twitter:data1\" content=\"admin\" \/>\n\t<meta name=\"twitter:label2\" content=\"Tahmini okuma s\u00fcresi\" \/>\n\t<meta name=\"twitter:data2\" content=\"1 dakika\" \/>\n<script type=\"application\/ld+json\" class=\"yoast-schema-graph\">{\"@context\":\"https:\\\/\\\/schema.org\",\"@graph\":[{\"@type\":\"Article\",\"@id\":\"https:\\\/\\\/kibrisdakik.com\\\/?p=20128#article\",\"isPartOf\":{\"@id\":\"https:\\\/\\\/kibrisdakik.com\\\/?p=20128\"},\"author\":{\"name\":\"admin\",\"@id\":\"https:\\\/\\\/kibrisdakik.com\\\/#\\\/schema\\\/person\\\/9cd9d437bbb44f72b73ba127e06d8e79\"},\"headline\":\"KKTC \u2018ye a\u015f\u0131k birisiyim\u00a0\",\"datePublished\":\"2023-11-27T07:07:24+00:00\",\"mainEntityOfPage\":{\"@id\":\"https:\\\/\\\/kibrisdakik.com\\\/?p=20128\"},\"wordCount\":177,\"commentCount\":0,\"image\":{\"@id\":\"https:\\\/\\\/kibrisdakik.com\\\/?p=20128#primaryimage\"},\"thumbnailUrl\":\"https:\\\/\\\/kibrisdakik.com\\\/wp-content\\\/uploads\\\/2023\\\/11\\\/kktc-ye-asik-birisiyim-1701062996.webp.webp\",\"articleSection\":[\"G\u00fcndem\"],\"inLanguage\":\"tr\",\"potentialAction\":[{\"@type\":\"CommentAction\",\"name\":\"Comment\",\"target\":[\"https:\\\/\\\/kibrisdakik.com\\\/?p=20128#respond\"]}]},{\"@type\":\"WebPage\",\"@id\":\"https:\\\/\\\/kibrisdakik.com\\\/?p=20128\",\"url\":\"https:\\\/\\\/kibrisdakik.com\\\/?p=20128\",\"name\":\"KKTC \u2018ye a\u015f\u0131k birisiyim\u00a0 -\",\"isPartOf\":{\"@id\":\"https:\\\/\\\/kibrisdakik.com\\\/#website\"},\"primaryImageOfPage\":{\"@id\":\"https:\\\/\\\/kibrisdakik.com\\\/?p=20128#primaryimage\"},\"image\":{\"@id\":\"https:\\\/\\\/kibrisdakik.com\\\/?p=20128#primaryimage\"},\"thumbnailUrl\":\"https:\\\/\\\/kibrisdakik.com\\\/wp-content\\\/uploads\\\/2023\\\/11\\\/kktc-ye-asik-birisiyim-1701062996.webp.webp\",\"datePublished\":\"2023-11-27T07:07:24+00:00\",\"author\":{\"@id\":\"https:\\\/\\\/kibrisdakik.com\\\/#\\\/schema\\\/person\\\/9cd9d437bbb44f72b73ba127e06d8e79\"},\"breadcrumb\":{\"@id\":\"https:\\\/\\\/kibrisdakik.com\\\/?p=20128#breadcrumb\"},\"inLanguage\":\"tr\",\"potentialAction\":[{\"@type\":\"ReadAction\",\"target\":[\"https:\\\/\\\/kibrisdakik.com\\\/?p=20128\"]}]},{\"@type\":\"ImageObject\",\"inLanguage\":\"tr\",\"@id\":\"https:\\\/\\\/kibrisdakik.com\\\/?p=20128#primaryimage\",\"url\":\"https:\\\/\\\/kibrisdakik.com\\\/wp-content\\\/uploads\\\/2023\\\/11\\\/kktc-ye-asik-birisiyim-1701062996.webp.webp\",\"contentUrl\":\"https:\\\/\\\/kibrisdakik.com\\\/wp-content\\\/uploads\\\/2023\\\/11\\\/kktc-ye-asik-birisiyim-1701062996.webp.webp\",\"width\":710,\"height\":370},{\"@type\":\"BreadcrumbList\",\"@id\":\"https:\\\/\\\/kibrisdakik.com\\\/?p=20128#breadcrumb\",\"itemListElement\":[{\"@type\":\"ListItem\",\"position\":1,\"name\":\"Home\",\"item\":\"https:\\\/\\\/kibrisdakik.com\\\/\"},{\"@type\":\"ListItem\",\"position\":2,\"name\":\"KKTC \u2018ye a\u015f\u0131k birisiyim\u00a0\"}]},{\"@type\":\"WebSite\",\"@id\":\"https:\\\/\\\/kibrisdakik.com\\\/#website\",\"url\":\"https:\\\/\\\/kibrisdakik.com\\\/\",\"name\":\"\",\"description\":\"Tam vaktinde haber\",\"potentialAction\":[{\"@type\":\"SearchAction\",\"target\":{\"@type\":\"EntryPoint\",\"urlTemplate\":\"https:\\\/\\\/kibrisdakik.com\\\/?s={search_term_string}\"},\"query-input\":{\"@type\":\"PropertyValueSpecification\",\"valueRequired\":true,\"valueName\":\"search_term_string\"}}],\"inLanguage\":\"tr\"},{\"@type\":\"Person\",\"@id\":\"https:\\\/\\\/kibrisdakik.com\\\/#\\\/schema\\\/person\\\/9cd9d437bbb44f72b73ba127e06d8e79\",\"name\":\"admin\",\"image\":{\"@type\":\"ImageObject\",\"inLanguage\":\"tr\",\"@id\":\"https:\\\/\\\/secure.gravatar.com\\\/avatar\\\/ccc17943b9d660506c869530f897617f7cb1c21a4bf30023f252596d83e1f007?s=96&d=mm&r=g\",\"url\":\"https:\\\/\\\/secure.gravatar.com\\\/avatar\\\/ccc17943b9d660506c869530f897617f7cb1c21a4bf30023f252596d83e1f007?s=96&d=mm&r=g\",\"contentUrl\":\"https:\\\/\\\/secure.gravatar.com\\\/avatar\\\/ccc17943b9d660506c869530f897617f7cb1c21a4bf30023f252596d83e1f007?s=96&d=mm&r=g\",\"caption\":\"admin\"},\"sameAs\":[\"https:\\\/\\\/kibrisdakik.com\"],\"url\":\"https:\\\/\\\/kibrisdakik.com\\\/?author=1\"}]}<\/script>\n<!-- \/ Yoast SEO plugin. -->","yoast_head_json":{"title":"KKTC \u2018ye a\u015f\u0131k birisiyim\u00a0 -","robots":{"index":"index","follow":"follow","max-snippet":"max-snippet:-1","max-image-preview":"max-image-preview:large","max-video-preview":"max-video-preview:-1"},"canonical":"https:\/\/kibrisdakik.com\/?p=20128","og_locale":"tr_TR","og_type":"article","og_title":"KKTC \u2018ye a\u015f\u0131k birisiyim\u00a0 -","og_description":"Orhan \u0130smailo\u011flu&nbsp; T\u00fcrkiye\u2019nin sevilen isimlerinden sunucu ve yorumcu Esra Balamir ge\u00e7ti\u011fimiz ak\u015fam Mesarya b\u00f6lgesinde bulunan Do\u011fu\u015f Mesarya \u2018da hayranlar\u0131n\u0131n kar\u015f\u0131s\u0131na \u00e7\u0131kt\u0131.&nbsp; &nbsp; Konser \u00f6ncesi K\u0131br\u0131s T\u00fcrk Magazin M\u00fcd\u00fcr\u00fc Orhan \u0130smailo\u011flu\u2019nun sorular\u0131n\u0131 i\u00e7tenlikle cevaplad\u0131.&nbsp; Uzun y\u0131llard\u0131r \u00fclkemize gelen ve burada sahne alan Esra Balamir KKTC\u2019 ye gelmekten \u00e7ok mutlu oldu\u011funu s\u00f6yledi.&nbsp; &nbsp; Balamir \u201cKKTC\u2019ye y\u0131ld\u0131r geliyorum","og_url":"https:\/\/kibrisdakik.com\/?p=20128","article_published_time":"2023-11-27T07:07:24+00:00","og_image":[{"width":710,"height":370,"url":"https:\/\/kibrisdakik.com\/wp-content\/uploads\/2023\/11\/kktc-ye-asik-birisiyim-1701062996.webp.webp","type":"image\/webp"}],"author":"admin","twitter_card":"summary_large_image","twitter_misc":{"Yazan:":"admin","Tahmini okuma s\u00fcresi":"1 dakika"},"schema":{"@context":"https:\/\/schema.org","@graph":[{"@type":"Article","@id":"https:\/\/kibrisdakik.com\/?p=20128#article","isPartOf":{"@id":"https:\/\/kibrisdakik.com\/?p=20128"},"author":{"name":"admin","@id":"https:\/\/kibrisdakik.com\/#\/schema\/person\/9cd9d437bbb44f72b73ba127e06d8e79"},"headline":"KKTC \u2018ye a\u015f\u0131k birisiyim\u00a0","datePublished":"2023-11-27T07:07:24+00:00","mainEntityOfPage":{"@id":"https:\/\/kibrisdakik.com\/?p=20128"},"wordCount":177,"commentCount":0,"image":{"@id":"https:\/\/kibrisdakik.com\/?p=20128#primaryimage"},"thumbnailUrl":"https:\/\/kibrisdakik.com\/wp-content\/uploads\/2023\/11\/kktc-ye-asik-birisiyim-1701062996.webp.webp","articleSection":["G\u00fcndem"],"inLanguage":"tr","potentialAction":[{"@type":"CommentAction","name":"Comment","target":["https:\/\/kibrisdakik.com\/?p=20128#respond"]}]},{"@type":"WebPage","@id":"https:\/\/kibrisdakik.com\/?p=20128","url":"https:\/\/kibrisdakik.com\/?p=20128","name":"KKTC \u2018ye a\u015f\u0131k birisiyim\u00a0 -","isPartOf":{"@id":"https:\/\/kibrisdakik.com\/#website"},"primaryImageOfPage":{"@id":"https:\/\/kibrisdakik.com\/?p=20128#primaryimage"},"image":{"@id":"https:\/\/kibrisdakik.com\/?p=20128#primaryimage"},"thumbnailUrl":"https:\/\/kibrisdakik.com\/wp-content\/uploads\/2023\/11\/kktc-ye-asik-birisiyim-1701062996.webp.webp","datePublished":"2023-11-27T07:07:24+00:00","author":{"@id":"https:\/\/kibrisdakik.com\/#\/schema\/person\/9cd9d437bbb44f72b73ba127e06d8e79"},"breadcrumb":{"@id":"https:\/\/kibrisdakik.com\/?p=20128#breadcrumb"},"inLanguage":"tr","potentialAction":[{"@type":"ReadAction","target":["https:\/\/kibrisdakik.com\/?p=20128"]}]},{"@type":"ImageObject","inLanguage":"tr","@id":"https:\/\/kibrisdakik.com\/?p=20128#primaryimage","url":"https:\/\/kibrisdakik.com\/wp-content\/uploads\/2023\/11\/kktc-ye-asik-birisiyim-1701062996.webp.webp","contentUrl":"https:\/\/kibrisdakik.com\/wp-content\/uploads\/2023\/11\/kktc-ye-asik-birisiyim-1701062996.webp.webp","width":710,"height":370},{"@type":"BreadcrumbList","@id":"https:\/\/kibrisdakik.com\/?p=20128#breadcrumb","itemListElement":[{"@type":"ListItem","position":1,"name":"Home","item":"https:\/\/kibrisdakik.com\/"},{"@type":"ListItem","position":2,"name":"KKTC \u2018ye a\u015f\u0131k birisiyim\u00a0"}]},{"@type":"WebSite","@id":"https:\/\/kibrisdakik.com\/#website","url":"https:\/\/kibrisdakik.com\/","name":"","description":"Tam vaktinde haber","potentialAction":[{"@type":"SearchAction","target":{"@type":"EntryPoint","urlTemplate":"https:\/\/kibrisdakik.com\/?s={search_term_string}"},"query-input":{"@type":"PropertyValueSpecification","valueRequired":true,"valueName":"search_term_string"}}],"inLanguage":"tr"},{"@type":"Person","@id":"https:\/\/kibrisdakik.com\/#\/schema\/person\/9cd9d437bbb44f72b73ba127e06d8e79","name":"admin","image":{"@type":"ImageObject","inLanguage":"tr","@id":"https:\/\/secure.gravatar.com\/avatar\/ccc17943b9d660506c869530f897617f7cb1c21a4bf30023f252596d83e1f007?s=96&d=mm&r=g","url":"https:\/\/secure.gravatar.com\/avatar\/ccc17943b9d660506c869530f897617f7cb1c21a4bf30023f252596d83e1f007?s=96&d=mm&r=g","contentUrl":"https:\/\/secure.gravatar.com\/avatar\/ccc17943b9d660506c869530f897617f7cb1c21a4bf30023f252596d83e1f007?s=96&d=mm&r=g","caption":"admin"},"sameAs":["https:\/\/kibrisdakik.com"],"url":"https:\/\/kibrisdakik.com\/?author=1"}]}},"_links":{"self":[{"href":"https:\/\/kibrisdakik.com\/index.php?rest_route=\/wp\/v2\/posts\/20128","targetHints":{"allow":["GET"]}}],"collection":[{"href":"https:\/\/kibrisdakik.com\/index.php?rest_route=\/wp\/v2\/posts"}],"about":[{"href":"https:\/\/kibrisdakik.com\/index.php?rest_route=\/wp\/v2\/types\/post"}],"author":[{"embeddable":true,"href":"https:\/\/kibrisdakik.com\/index.php?rest_route=\/wp\/v2\/users\/1"}],"replies":[{"embeddable":true,"href":"https:\/\/kibrisdakik.com\/index.php?rest_route=%2Fwp%2Fv2%2Fcomments&post=20128"}],"version-history":[{"count":0,"href":"https:\/\/kibrisdakik.com\/index.php?rest_route=\/wp\/v2\/posts\/20128\/revisions"}],"wp:featuredmedia":[{"embeddable":true,"href":"https:\/\/kibrisdakik.com\/index.php?rest_route=\/wp\/v2\/media\/20129"}],"wp:attachment":[{"href":"https:\/\/kibrisdakik.com\/index.php?rest_route=%2Fwp%2Fv2%2Fmedia&parent=20128"}],"wp:term":[{"taxonomy":"category","embeddable":true,"href":"https:\/\/kibrisdakik.com\/index.php?rest_route=%2Fwp%2Fv2%2Fcategories&post=20128"},{"taxonomy":"post_tag","embeddable":true,"href":"https:\/\/kibrisdakik.com\/index.php?rest_route=%2Fwp%2Fv2%2Ftags&post=20128"}],"curies":[{"name":"wp","href":"https:\/\/api.w.org\/{rel}","templated":true}]}}