{"id":20136,"date":"2023-11-27T08:11:02","date_gmt":"2023-11-27T08:11:02","guid":{"rendered":"https:\/\/kibrisdakik.com\/index.php\/2023\/11\/27\/bakan-huseyin-cavus-siddetli-ruzgar-sebebiyle-seralarda-meydana-gelen-zarari-yerinde-inceledi\/"},"modified":"2023-11-27T08:11:02","modified_gmt":"2023-11-27T08:11:02","slug":"bakan-huseyin-cavus-siddetli-ruzgar-sebebiyle-seralarda-meydana-gelen-zarari-yerinde-inceledi","status":"publish","type":"post","link":"https:\/\/kibrisdakik.com\/?p=20136","title":{"rendered":"Bakan H\u00fcseyin \u00c7avu\u015f, \u015fiddetli r\u00fczgar sebebiyle seralarda meydana gelen zarar\u0131 yerinde inceledi"},"content":{"rendered":"<p><\/p>\n<p>Tar\u0131m ve Do\u011fal Kaynaklar Bakan\u0131&nbsp;H\u00fcseyin \u00c7avu\u015f, Ma\u011fusa Mara\u015f b\u00f6lgesinde \u015fiddetli r\u00fczgar sebebiyle bir\u00e7ok serada meydana gelen zarar\u0131 yerinde inceledi.<\/p>\n<p>Serac\u0131lar Birli\u011fi Ba\u015fkan\u0131 Veli Bay\u0131r ve \u00fcreticiler ile bir araya gelen \u00c7avu\u015f, \u00fcreticinin zarar\u0131n\u0131n tespiti i\u00e7in gerekli \u00e7al\u0131\u015fmalar\u0131 ba\u015flatt\u0131.<\/p>\n<p><img decoding=\"async\" src=\"https:\/\/www.kibrispostasi.com\/upload\/news\/v\/v2\/v2sera1_1701069728.jpg\" \/><\/p>\n<p>Tatl\u0131su b\u00f6lgesindeki seralar\u0131n da zarar g\u00f6rd\u00fc\u011f\u00fcn\u00fc dile getiren \u00c7avu\u015f, bug\u00fcn zarar g\u00f6ren t\u00fcm \u00fcreticilerin ba\u011fl\u0131 bulunduklar\u0131 Tar\u0131m Dairesi\u2019ne m\u00fcracaat etmeleri gerekti\u011fine dikkat \u00e7ekti.<\/p>\n<p>Bakan \u00c7avu\u015f\u2019a inceleme s\u0131ras\u0131nda, Ma\u011fusa Tar\u0131m Dairesi ve Genel Tar\u0131m Sigorta Fonu yetkilileri e\u015flik etti.<\/p>\n","protected":false},"excerpt":{"rendered":"<p>Tar\u0131m ve Do\u011fal Kaynaklar Bakan\u0131&nbsp;H\u00fcseyin \u00c7avu\u015f, Ma\u011fusa Mara\u015f b\u00f6lgesinde \u015fiddetli r\u00fczgar sebebiyle bir\u00e7ok serada meydana gelen zarar\u0131 yerinde inceledi. Serac\u0131lar Birli\u011fi Ba\u015fkan\u0131 Veli Bay\u0131r ve \u00fcreticiler ile bir araya gelen \u00c7avu\u015f, \u00fcreticinin zarar\u0131n\u0131n tespiti i\u00e7in gerekli \u00e7al\u0131\u015fmalar\u0131 ba\u015flatt\u0131. Tatl\u0131su b\u00f6lgesindeki seralar\u0131n da zarar g\u00f6rd\u00fc\u011f\u00fcn\u00fc dile getiren \u00c7avu\u015f, bug\u00fcn zarar g\u00f6ren t\u00fcm \u00fcreticilerin ba\u011fl\u0131 bulunduklar\u0131 Tar\u0131m<\/p>\n","protected":false},"author":1,"featured_media":20137,"comment_status":"open","ping_status":"open","sticky":false,"template":"","format":"standard","meta":{"footnotes":""},"categories":[1],"tags":[],"class_list":["post-20136","post","type-post","status-publish","format-standard","has-post-thumbnail","hentry","category-gundem"],"yoast_head":"<!-- This site is optimized with the Yoast SEO plugin v27.5 - https:\/\/yoast.com\/product\/yoast-seo-wordpress\/ -->\n<title>Bakan H\u00fcseyin \u00c7avu\u015f, \u015fiddetli r\u00fczgar sebebiyle seralarda meydana gelen zarar\u0131 yerinde inceledi -<\/title>\n<meta name=\"robots\" content=\"index, follow, max-snippet:-1, max-image-preview:large, max-video-preview:-1\" \/>\n<link rel=\"canonical\" href=\"https:\/\/kibrisdakik.com\/?p=20136\" \/>\n<meta property=\"og:locale\" content=\"tr_TR\" \/>\n<meta property=\"og:type\" content=\"article\" \/>\n<meta property=\"og:title\" content=\"Bakan H\u00fcseyin \u00c7avu\u015f, \u015fiddetli r\u00fczgar sebebiyle seralarda meydana gelen zarar\u0131 yerinde inceledi -\" \/>\n<meta property=\"og:description\" content=\"Tar\u0131m ve Do\u011fal Kaynaklar Bakan\u0131&nbsp;H\u00fcseyin \u00c7avu\u015f, Ma\u011fusa Mara\u015f b\u00f6lgesinde \u015fiddetli r\u00fczgar sebebiyle bir\u00e7ok serada meydana gelen zarar\u0131 yerinde inceledi. Serac\u0131lar Birli\u011fi Ba\u015fkan\u0131 Veli Bay\u0131r ve \u00fcreticiler ile bir araya gelen \u00c7avu\u015f, \u00fcreticinin zarar\u0131n\u0131n tespiti i\u00e7in gerekli \u00e7al\u0131\u015fmalar\u0131 ba\u015flatt\u0131. Tatl\u0131su b\u00f6lgesindeki seralar\u0131n da zarar g\u00f6rd\u00fc\u011f\u00fcn\u00fc dile getiren \u00c7avu\u015f, bug\u00fcn zarar g\u00f6ren t\u00fcm \u00fcreticilerin ba\u011fl\u0131 bulunduklar\u0131 Tar\u0131m\" \/>\n<meta property=\"og:url\" content=\"https:\/\/kibrisdakik.com\/?p=20136\" \/>\n<meta property=\"article:published_time\" content=\"2023-11-27T08:11:02+00:00\" \/>\n<meta property=\"og:image\" content=\"https:\/\/kibrisdakik.com\/wp-content\/uploads\/2023\/11\/v2sera1_1701069728-740x420.jpg\" \/>\n\t<meta property=\"og:image:width\" content=\"971\" \/>\n\t<meta property=\"og:image:height\" content=\"551\" \/>\n\t<meta property=\"og:image:type\" content=\"image\/jpeg\" \/>\n<meta name=\"author\" content=\"admin\" \/>\n<meta name=\"twitter:card\" content=\"summary_large_image\" \/>\n<meta name=\"twitter:label1\" content=\"Yazan:\" \/>\n\t<meta name=\"twitter:data1\" content=\"admin\" \/>\n\t<meta name=\"twitter:label2\" content=\"Tahmini okuma s\u00fcresi\" \/>\n\t<meta name=\"twitter:data2\" content=\"1 dakika\" \/>\n<script type=\"application\/ld+json\" class=\"yoast-schema-graph\">{\"@context\":\"https:\\\/\\\/schema.org\",\"@graph\":[{\"@type\":\"Article\",\"@id\":\"https:\\\/\\\/kibrisdakik.com\\\/?p=20136#article\",\"isPartOf\":{\"@id\":\"https:\\\/\\\/kibrisdakik.com\\\/?p=20136\"},\"author\":{\"name\":\"admin\",\"@id\":\"https:\\\/\\\/kibrisdakik.com\\\/#\\\/schema\\\/person\\\/9cd9d437bbb44f72b73ba127e06d8e79\"},\"headline\":\"Bakan H\u00fcseyin \u00c7avu\u015f, \u015fiddetli r\u00fczgar sebebiyle seralarda meydana gelen zarar\u0131 yerinde inceledi\",\"datePublished\":\"2023-11-27T08:11:02+00:00\",\"mainEntityOfPage\":{\"@id\":\"https:\\\/\\\/kibrisdakik.com\\\/?p=20136\"},\"wordCount\":128,\"commentCount\":0,\"image\":{\"@id\":\"https:\\\/\\\/kibrisdakik.com\\\/?p=20136#primaryimage\"},\"thumbnailUrl\":\"https:\\\/\\\/kibrisdakik.com\\\/wp-content\\\/uploads\\\/2023\\\/11\\\/v2sera1_1701069728-740x420.jpg\",\"articleSection\":[\"G\u00fcndem\"],\"inLanguage\":\"tr\",\"potentialAction\":[{\"@type\":\"CommentAction\",\"name\":\"Comment\",\"target\":[\"https:\\\/\\\/kibrisdakik.com\\\/?p=20136#respond\"]}]},{\"@type\":\"WebPage\",\"@id\":\"https:\\\/\\\/kibrisdakik.com\\\/?p=20136\",\"url\":\"https:\\\/\\\/kibrisdakik.com\\\/?p=20136\",\"name\":\"Bakan H\u00fcseyin \u00c7avu\u015f, \u015fiddetli r\u00fczgar sebebiyle seralarda meydana gelen zarar\u0131 yerinde inceledi -\",\"isPartOf\":{\"@id\":\"https:\\\/\\\/kibrisdakik.com\\\/#website\"},\"primaryImageOfPage\":{\"@id\":\"https:\\\/\\\/kibrisdakik.com\\\/?p=20136#primaryimage\"},\"image\":{\"@id\":\"https:\\\/\\\/kibrisdakik.com\\\/?p=20136#primaryimage\"},\"thumbnailUrl\":\"https:\\\/\\\/kibrisdakik.com\\\/wp-content\\\/uploads\\\/2023\\\/11\\\/v2sera1_1701069728-740x420.jpg\",\"datePublished\":\"2023-11-27T08:11:02+00:00\",\"author\":{\"@id\":\"https:\\\/\\\/kibrisdakik.com\\\/#\\\/schema\\\/person\\\/9cd9d437bbb44f72b73ba127e06d8e79\"},\"breadcrumb\":{\"@id\":\"https:\\\/\\\/kibrisdakik.com\\\/?p=20136#breadcrumb\"},\"inLanguage\":\"tr\",\"potentialAction\":[{\"@type\":\"ReadAction\",\"target\":[\"https:\\\/\\\/kibrisdakik.com\\\/?p=20136\"]}]},{\"@type\":\"ImageObject\",\"inLanguage\":\"tr\",\"@id\":\"https:\\\/\\\/kibrisdakik.com\\\/?p=20136#primaryimage\",\"url\":\"https:\\\/\\\/kibrisdakik.com\\\/wp-content\\\/uploads\\\/2023\\\/11\\\/v2sera1_1701069728-740x420.jpg\",\"contentUrl\":\"https:\\\/\\\/kibrisdakik.com\\\/wp-content\\\/uploads\\\/2023\\\/11\\\/v2sera1_1701069728-740x420.jpg\",\"width\":971,\"height\":551},{\"@type\":\"BreadcrumbList\",\"@id\":\"https:\\\/\\\/kibrisdakik.com\\\/?p=20136#breadcrumb\",\"itemListElement\":[{\"@type\":\"ListItem\",\"position\":1,\"name\":\"Home\",\"item\":\"https:\\\/\\\/kibrisdakik.com\\\/\"},{\"@type\":\"ListItem\",\"position\":2,\"name\":\"Bakan H\u00fcseyin \u00c7avu\u015f, \u015fiddetli r\u00fczgar sebebiyle seralarda meydana gelen zarar\u0131 yerinde inceledi\"}]},{\"@type\":\"WebSite\",\"@id\":\"https:\\\/\\\/kibrisdakik.com\\\/#website\",\"url\":\"https:\\\/\\\/kibrisdakik.com\\\/\",\"name\":\"\",\"description\":\"Tam vaktinde haber\",\"potentialAction\":[{\"@type\":\"SearchAction\",\"target\":{\"@type\":\"EntryPoint\",\"urlTemplate\":\"https:\\\/\\\/kibrisdakik.com\\\/?s={search_term_string}\"},\"query-input\":{\"@type\":\"PropertyValueSpecification\",\"valueRequired\":true,\"valueName\":\"search_term_string\"}}],\"inLanguage\":\"tr\"},{\"@type\":\"Person\",\"@id\":\"https:\\\/\\\/kibrisdakik.com\\\/#\\\/schema\\\/person\\\/9cd9d437bbb44f72b73ba127e06d8e79\",\"name\":\"admin\",\"image\":{\"@type\":\"ImageObject\",\"inLanguage\":\"tr\",\"@id\":\"https:\\\/\\\/secure.gravatar.com\\\/avatar\\\/ccc17943b9d660506c869530f897617f7cb1c21a4bf30023f252596d83e1f007?s=96&d=mm&r=g\",\"url\":\"https:\\\/\\\/secure.gravatar.com\\\/avatar\\\/ccc17943b9d660506c869530f897617f7cb1c21a4bf30023f252596d83e1f007?s=96&d=mm&r=g\",\"contentUrl\":\"https:\\\/\\\/secure.gravatar.com\\\/avatar\\\/ccc17943b9d660506c869530f897617f7cb1c21a4bf30023f252596d83e1f007?s=96&d=mm&r=g\",\"caption\":\"admin\"},\"sameAs\":[\"https:\\\/\\\/kibrisdakik.com\"],\"url\":\"https:\\\/\\\/kibrisdakik.com\\\/?author=1\"}]}<\/script>\n<!-- \/ Yoast SEO plugin. -->","yoast_head_json":{"title":"Bakan H\u00fcseyin \u00c7avu\u015f, \u015fiddetli r\u00fczgar sebebiyle seralarda meydana gelen zarar\u0131 yerinde inceledi -","robots":{"index":"index","follow":"follow","max-snippet":"max-snippet:-1","max-image-preview":"max-image-preview:large","max-video-preview":"max-video-preview:-1"},"canonical":"https:\/\/kibrisdakik.com\/?p=20136","og_locale":"tr_TR","og_type":"article","og_title":"Bakan H\u00fcseyin \u00c7avu\u015f, \u015fiddetli r\u00fczgar sebebiyle seralarda meydana gelen zarar\u0131 yerinde inceledi -","og_description":"Tar\u0131m ve Do\u011fal Kaynaklar Bakan\u0131&nbsp;H\u00fcseyin \u00c7avu\u015f, Ma\u011fusa Mara\u015f b\u00f6lgesinde \u015fiddetli r\u00fczgar sebebiyle bir\u00e7ok serada meydana gelen zarar\u0131 yerinde inceledi. Serac\u0131lar Birli\u011fi Ba\u015fkan\u0131 Veli Bay\u0131r ve \u00fcreticiler ile bir araya gelen \u00c7avu\u015f, \u00fcreticinin zarar\u0131n\u0131n tespiti i\u00e7in gerekli \u00e7al\u0131\u015fmalar\u0131 ba\u015flatt\u0131. Tatl\u0131su b\u00f6lgesindeki seralar\u0131n da zarar g\u00f6rd\u00fc\u011f\u00fcn\u00fc dile getiren \u00c7avu\u015f, bug\u00fcn zarar g\u00f6ren t\u00fcm \u00fcreticilerin ba\u011fl\u0131 bulunduklar\u0131 Tar\u0131m","og_url":"https:\/\/kibrisdakik.com\/?p=20136","article_published_time":"2023-11-27T08:11:02+00:00","og_image":[{"width":971,"height":551,"url":"https:\/\/kibrisdakik.com\/wp-content\/uploads\/2023\/11\/v2sera1_1701069728-740x420.jpg","type":"image\/jpeg"}],"author":"admin","twitter_card":"summary_large_image","twitter_misc":{"Yazan:":"admin","Tahmini okuma s\u00fcresi":"1 dakika"},"schema":{"@context":"https:\/\/schema.org","@graph":[{"@type":"Article","@id":"https:\/\/kibrisdakik.com\/?p=20136#article","isPartOf":{"@id":"https:\/\/kibrisdakik.com\/?p=20136"},"author":{"name":"admin","@id":"https:\/\/kibrisdakik.com\/#\/schema\/person\/9cd9d437bbb44f72b73ba127e06d8e79"},"headline":"Bakan H\u00fcseyin \u00c7avu\u015f, \u015fiddetli r\u00fczgar sebebiyle seralarda meydana gelen zarar\u0131 yerinde inceledi","datePublished":"2023-11-27T08:11:02+00:00","mainEntityOfPage":{"@id":"https:\/\/kibrisdakik.com\/?p=20136"},"wordCount":128,"commentCount":0,"image":{"@id":"https:\/\/kibrisdakik.com\/?p=20136#primaryimage"},"thumbnailUrl":"https:\/\/kibrisdakik.com\/wp-content\/uploads\/2023\/11\/v2sera1_1701069728-740x420.jpg","articleSection":["G\u00fcndem"],"inLanguage":"tr","potentialAction":[{"@type":"CommentAction","name":"Comment","target":["https:\/\/kibrisdakik.com\/?p=20136#respond"]}]},{"@type":"WebPage","@id":"https:\/\/kibrisdakik.com\/?p=20136","url":"https:\/\/kibrisdakik.com\/?p=20136","name":"Bakan H\u00fcseyin \u00c7avu\u015f, \u015fiddetli r\u00fczgar sebebiyle seralarda meydana gelen zarar\u0131 yerinde inceledi -","isPartOf":{"@id":"https:\/\/kibrisdakik.com\/#website"},"primaryImageOfPage":{"@id":"https:\/\/kibrisdakik.com\/?p=20136#primaryimage"},"image":{"@id":"https:\/\/kibrisdakik.com\/?p=20136#primaryimage"},"thumbnailUrl":"https:\/\/kibrisdakik.com\/wp-content\/uploads\/2023\/11\/v2sera1_1701069728-740x420.jpg","datePublished":"2023-11-27T08:11:02+00:00","author":{"@id":"https:\/\/kibrisdakik.com\/#\/schema\/person\/9cd9d437bbb44f72b73ba127e06d8e79"},"breadcrumb":{"@id":"https:\/\/kibrisdakik.com\/?p=20136#breadcrumb"},"inLanguage":"tr","potentialAction":[{"@type":"ReadAction","target":["https:\/\/kibrisdakik.com\/?p=20136"]}]},{"@type":"ImageObject","inLanguage":"tr","@id":"https:\/\/kibrisdakik.com\/?p=20136#primaryimage","url":"https:\/\/kibrisdakik.com\/wp-content\/uploads\/2023\/11\/v2sera1_1701069728-740x420.jpg","contentUrl":"https:\/\/kibrisdakik.com\/wp-content\/uploads\/2023\/11\/v2sera1_1701069728-740x420.jpg","width":971,"height":551},{"@type":"BreadcrumbList","@id":"https:\/\/kibrisdakik.com\/?p=20136#breadcrumb","itemListElement":[{"@type":"ListItem","position":1,"name":"Home","item":"https:\/\/kibrisdakik.com\/"},{"@type":"ListItem","position":2,"name":"Bakan H\u00fcseyin \u00c7avu\u015f, \u015fiddetli r\u00fczgar sebebiyle seralarda meydana gelen zarar\u0131 yerinde inceledi"}]},{"@type":"WebSite","@id":"https:\/\/kibrisdakik.com\/#website","url":"https:\/\/kibrisdakik.com\/","name":"","description":"Tam vaktinde haber","potentialAction":[{"@type":"SearchAction","target":{"@type":"EntryPoint","urlTemplate":"https:\/\/kibrisdakik.com\/?s={search_term_string}"},"query-input":{"@type":"PropertyValueSpecification","valueRequired":true,"valueName":"search_term_string"}}],"inLanguage":"tr"},{"@type":"Person","@id":"https:\/\/kibrisdakik.com\/#\/schema\/person\/9cd9d437bbb44f72b73ba127e06d8e79","name":"admin","image":{"@type":"ImageObject","inLanguage":"tr","@id":"https:\/\/secure.gravatar.com\/avatar\/ccc17943b9d660506c869530f897617f7cb1c21a4bf30023f252596d83e1f007?s=96&d=mm&r=g","url":"https:\/\/secure.gravatar.com\/avatar\/ccc17943b9d660506c869530f897617f7cb1c21a4bf30023f252596d83e1f007?s=96&d=mm&r=g","contentUrl":"https:\/\/secure.gravatar.com\/avatar\/ccc17943b9d660506c869530f897617f7cb1c21a4bf30023f252596d83e1f007?s=96&d=mm&r=g","caption":"admin"},"sameAs":["https:\/\/kibrisdakik.com"],"url":"https:\/\/kibrisdakik.com\/?author=1"}]}},"_links":{"self":[{"href":"https:\/\/kibrisdakik.com\/index.php?rest_route=\/wp\/v2\/posts\/20136","targetHints":{"allow":["GET"]}}],"collection":[{"href":"https:\/\/kibrisdakik.com\/index.php?rest_route=\/wp\/v2\/posts"}],"about":[{"href":"https:\/\/kibrisdakik.com\/index.php?rest_route=\/wp\/v2\/types\/post"}],"author":[{"embeddable":true,"href":"https:\/\/kibrisdakik.com\/index.php?rest_route=\/wp\/v2\/users\/1"}],"replies":[{"embeddable":true,"href":"https:\/\/kibrisdakik.com\/index.php?rest_route=%2Fwp%2Fv2%2Fcomments&post=20136"}],"version-history":[{"count":0,"href":"https:\/\/kibrisdakik.com\/index.php?rest_route=\/wp\/v2\/posts\/20136\/revisions"}],"wp:featuredmedia":[{"embeddable":true,"href":"https:\/\/kibrisdakik.com\/index.php?rest_route=\/wp\/v2\/media\/20137"}],"wp:attachment":[{"href":"https:\/\/kibrisdakik.com\/index.php?rest_route=%2Fwp%2Fv2%2Fmedia&parent=20136"}],"wp:term":[{"taxonomy":"category","embeddable":true,"href":"https:\/\/kibrisdakik.com\/index.php?rest_route=%2Fwp%2Fv2%2Fcategories&post=20136"},{"taxonomy":"post_tag","embeddable":true,"href":"https:\/\/kibrisdakik.com\/index.php?rest_route=%2Fwp%2Fv2%2Ftags&post=20136"}],"curies":[{"name":"wp","href":"https:\/\/api.w.org\/{rel}","templated":true}]}}