{"id":20158,"date":"2023-11-27T11:10:55","date_gmt":"2023-11-27T11:10:55","guid":{"rendered":"https:\/\/kibrisdakik.com\/index.php\/2023\/11\/27\/bagimlilik-tedavisinde-ortadogunun-en-iyisiyiz\/"},"modified":"2023-11-27T11:10:55","modified_gmt":"2023-11-27T11:10:55","slug":"bagimlilik-tedavisinde-ortadogunun-en-iyisiyiz","status":"publish","type":"post","link":"https:\/\/kibrisdakik.com\/?p=20158","title":{"rendered":"\u201cBa\u011f\u0131ml\u0131l\u0131k tedavisinde ortado\u011fu\u2019nun en iyisiyiz\u201d"},"content":{"rendered":"<p><img decoding=\"async\" src=\"https:\/\/www.kibristurk.com\/images\/haberler\/2023\/11\/bagimlilik-tedavisinde-ortadogunun-en-iyisiyiz-1701082852.webp\" \/><\/p>\n<p><span style=\"font-size:11pt\"><span style=\"font-family:Calibri,sans-serif\">Yine ayn\u0131 rapora g\u00f6re uyu\u015fturucuya ba\u011fl\u0131 bozukluklar\u0131n tedavisine y\u00f6nelik talep b\u00fcy\u00fck \u00f6l\u00e7\u00fcde kar\u015f\u0131lanm\u0131yor.&nbsp;2021&#8217;de uyu\u015fturucuya ba\u011fl\u0131 rahats\u0131zl\u0131klardan muzdarip be\u015f ki\u015fiden yaln\u0131zca biri uyu\u015fturucu kullan\u0131m\u0131 nedeniyle tedavi g\u00f6rebiliyorken, b\u00f6lgeler aras\u0131nda tedaviye eri\u015fimdeki e\u015fitsizlikler giderek art\u0131yor.<\/span><\/span><\/p>\n<p><span style=\"font-size:11pt\"><span style=\"font-family:Calibri,sans-serif\">Bu korkun\u00e7 tablonun ard\u0131ndan \u201c\u015fans\u201d olarak adland\u0131rabilir miyiz bilmiyorum ancak Kuzey K\u0131br\u0131s T\u00fcrk Cumhuriyeti (KKTC) sa\u011fl\u0131k turizminin belki de en \u00f6nemli aya\u011f\u0131na ev sahipli\u011fi yap\u0131yor: Ba\u011f\u0131ml\u0131l\u0131k tedavisi. Alkol, uyu\u015fturucu ve di\u011fer ba\u011f\u0131ml\u0131l\u0131klardan etkilenen, psikolojik tedaviye ihtiya\u00e7 duyan bireyler i\u00e7in 2002 y\u0131l\u0131nda hayata ge\u00e7irilen Pembe K\u00f6\u015fk, markala\u015fma yolunda h\u0131zla ilerliyor. Tedavi y\u00f6ntemleri ve ba\u015far\u0131 oranlar\u0131yla d\u00fcnyadaki say\u0131l\u0131 merkezlerin aras\u0131na giren Pembe K\u00f6\u015fk, d\u00fcnyan\u0131n d\u00f6rt bir yan\u0131ndan gelen hastalar ve dan\u0131\u015fanlar i\u00e7in umut \u0131\u015f\u0131\u011f\u0131 oluyor.<\/span><\/span><\/p>\n<p><span style=\"font-size:11pt\"><span style=\"font-family:Calibri,sans-serif\">Do\u011fa i\u00e7inde tatil k\u00f6y\u00fc format\u0131nda konu\u015fland\u0131r\u0131lm\u0131\u015f Pembe K\u00f6\u015fk Psikiyatri Hastanesi, do\u011fan\u0131n iyile\u015ftirici g\u00fcc\u00fcn\u00fc mahremiyetle birle\u015ftirerek, toplumdan izole olmaktan \u00e7ekinen ba\u011f\u0131ml\u0131lar i\u00e7in bir vaha i\u015flevi g\u00f6r\u00fcyor.<\/span><\/span><\/p>\n<p><span style=\"font-size:11pt\"><span style=\"font-family:Calibri,sans-serif\">Ba\u015fta Ba\u015fhekim Prof. Dr. Mehmet \u00c7ak\u0131c\u0131 olmak \u00fczere t\u00fcm ekip, ba\u011f\u0131ml\u0131y\u0131 ve psikolojik sorunlardan muzdarip bireyleri topluma yeniden kazand\u0131rmak, ki\u015finin kendine \u00f6zel do\u011fru bak\u0131m\u0131n\u0131 sa\u011flamak amac\u0131yla \u201cyatan hasta, ayaktan tedavi programlar\u0131n\u0131, bilin\u00e7li ya\u015fam se\u00e7eneklerini ve kendini kurtarma y\u00f6netimi becerilerini\u201d geli\u015ftirerek en g\u00fcvenilir ve kapsaml\u0131 bak\u0131m s\u00fcreklili\u011fi sa\u011fl\u0131yor.<\/span><\/span><\/p>\n<p><span style=\"font-size:11pt\"><span style=\"font-family:Calibri,sans-serif\">Ruh sa\u011fl\u0131\u011f\u0131 ve ba\u011f\u0131ml\u0131l\u0131k tedavisinde KKTC, b\u00f6lge \u00fclkeler ve d\u00fcnyan\u0131n d\u00f6rt bir yan\u0131ndan gelen hastalar i\u00e7in umut \u0131\u015f\u0131\u011f\u0131 olan Pembe K\u00f6\u015fk\u2019\u00fc ziyaret ettik, Ba\u015fhekim Prof. Dr. Mehmet \u00c7ak\u0131c\u0131\u2019ya bu konuda sorulamayan, merak edilen ne varsa sorduk. Mehmet hoca \u00e7ok \u015fey anlatt\u0131 ancak gururland\u0131\u011f\u0131m\u0131z, Pembe K\u00f6\u015fk\u00fcn karnesi oldu. \u201cOrtado\u011fu\u2019nun en iyisi\u201d payesini almam\u0131z, Hollanda\u2019dan gelen denetim ekibinin Pembe K\u00f6\u015fk i\u00e7in verdi\u011fi y\u00fczak\u0131 rapor, Mehmet hoca ve ekibinin emeklerinin bo\u015fa gitmedi\u011fini g\u00f6steriyor. <\/span><\/span><\/p>\n<p><span style=\"font-size:11pt\"><span style=\"font-family:Calibri,sans-serif\"><strong>Soru: Pembe K\u00f6\u015fk\u2019\u00fc bize anlat\u0131r m\u0131s\u0131n\u0131z?<\/strong><\/span><\/span><\/p>\n<p><span style=\"font-size:11pt\"><span style=\"font-family:Calibri,sans-serif\">Pembe K\u00f6\u015fk Klini\u011fi 2002 y\u0131l\u0131nda Lefko\u015fa\u2019da kuruldu. \u0130smiyle geldi diyebiliriz. Lefko\u015fa\u2019daki ilk binam\u0131z\u0131n sahibi \u0130ngiliz, Pembe (Pink) isimli k\u0131z\u0131na pembe bir ev yapt\u0131rm\u0131\u015f. Biz binaya ta\u015f\u0131n\u0131nca o ki\u015filere mektup geliyordu, zarf \u00fczerinde numara yok, sadece Pembe K\u00f6\u015fk Lefko\u015fa yaz\u0131yor. Biz de o s\u0131ra isim aray\u0131\u015f\u0131nday\u0131z. Biliyorsunuz, T\u00fcrkiye\u2019deki Alkol ve Uyu\u015fturucu Madde Ba\u011f\u0131ml\u0131lar\u0131 Tedavi ve Ara\u015ft\u0131rma Merkezi\u2019nin k\u0131saltmas\u0131 AMATEM. Biz burada K\u0131br\u0131s AMATEM desek \u201cKAMATEM\u201d olacak. Bu ismi be\u011fenmedik ve kula\u011fa daha ho\u015f gelen Pembe K\u00f6\u015fk\u2019te karar k\u0131ld\u0131k. 2019\u2019da da \u015fimdiki yerimize ta\u015f\u0131nd\u0131k. Burada 17 odam\u0131z, havuzumuz, SPA\u2019m\u0131z, saunam\u0131z, hastalar\u0131m\u0131z\u0131n y\u00fcr\u00fcy\u00fc\u015f yapabilece\u011fi b\u00fcy\u00fckl\u00fckte bah\u00e7emiz, \u015f\u00f6mineli ferah sosyal alan\u0131m\u0131z ve acil servis ba\u015fta olmak \u00fczere d\u00fcnya standartlar\u0131na uygun birinci s\u0131n\u0131f t\u0131bbi bak\u0131m sunan bir yap\u0131m\u0131z var. En \u00f6nemlisi de bu i\u015fe g\u00f6n\u00fcl vermi\u015f, gen\u00e7 dinamik, heyecanl\u0131, i\u015fine a\u015f\u0131k bir ekibimiz var.<\/span><\/span><\/p>\n<p><strong><span style=\"font-size:11.0pt\"><span style=\",sans-serif\">Soru: En \u00e7ok merak edilenlerin ba\u015f\u0131nda ba\u011f\u0131ml\u0131l\u0131k tedavisi geliyor. Mahremiyeti olan, kolayca dile getirilemeyen bir sorun oldu\u011fu i\u00e7in halk\u0131m\u0131z bu konuda yeterli bilgiye sahip de\u011fil. Ba\u011f\u0131ml\u0131l\u0131k&nbsp;<\/span><\/span><\/strong><\/p>\n<p><span style=\"font-size:11pt\"><span style=\"font-family:Calibri,sans-serif\"><strong>tedavisi nas\u0131l y\u00fcr\u00fct\u00fcl\u00fcyor? Ba\u011f\u0131ml\u0131l\u0131k ve psikolojik sorunlardan muzdarip ki\u015filerin topluma sa\u011fl\u0131kl\u0131 adaptasyonlar\u0131 noktas\u0131nda neler yap\u0131l\u0131yor?<\/strong><\/span><\/span><\/p>\n<p><span style=\"font-size:11pt\"><span style=\"font-family:Calibri,sans-serif\">Ba\u011f\u0131ml\u0131l\u0131k ve ba\u011f\u0131ml\u0131l\u0131\u011f\u0131n yaratt\u0131\u011f\u0131 davran\u0131\u015f bozukluklar\u0131 sadece aileleri de\u011fil, t\u00fcm toplumu etkileyen bir sorun. Ba\u011f\u0131ml\u0131l\u0131\u011f\u0131n yaratt\u0131\u011f\u0131 davran\u0131\u015f bozukluklar\u0131 olan ki\u015fileri rehabilite etmez, d\u0131\u015far\u0131da gezdirirseniz zarar\u0131 herkese dokunur. Kuzey K\u0131br\u0131s&#8217;ta uyu\u015fturucuya ba\u011fl\u0131 su\u00e7larda son y\u0131llarda ya\u015fanan ciddi art\u0131\u015f g\u00f6z \u00f6n\u00fcne al\u0131nd\u0131\u011f\u0131nda, uyu\u015fturucu kullan\u0131m\u0131 ard\u0131ndaki nedenlerin, risk fakt\u00f6rlerinin belirlenmesi, tedavisi ve rehabilitasyonu \u00e7ok \u00f6nemli bir meseledir. Madde kullan\u0131m bozukluklar\u0131 genellikle kronik durumlar oldu\u011fundan, hastalar\u0131n yat\u0131l\u0131 olarak multidisipliner, biyolojik, psikososyal yakla\u015f\u0131m kullan\u0131larak uzun s\u00fcreli bak\u0131ma ihtiya\u00e7lar\u0131 vard\u0131r. Uyu\u015fturucuyla m\u00fccadele, \u00f6nleme, e\u011fitim, tedavi ve rehabilitasyon alanlar\u0131ndaki payda\u015flar\u0131n e\u015f zamanl\u0131 kat\u0131l\u0131m\u0131n\u0131 gerektiren b\u00fct\u00fcnsel bir s\u00fcre\u00e7tir.&nbsp;Biz Pembe K\u00f6\u015fk\u2019te hastalar\u0131m\u0131z\u0131 sadece tedavi etmiyoruz, onlar\u0131 sosyal aktivite ve e\u011fitimlerle geli\u015ftirmeye, ba\u011f\u0131ml\u0131l\u0131\u011f\u0131n olu\u015fturdu\u011fu o bo\u015flu\u011fu doldurmaya \u00e7al\u0131\u015f\u0131yoruz. \u00d6nleme programlar\u0131yla, kazan\u0131lan ya\u015fam becerileri ile bireyleri madde ba\u011f\u0131ml\u0131l\u0131\u011f\u0131ndan tamamen uzak tutmay\u0131 hedefliyoruz. Her g\u00fcn ki\u015fiye \u00f6zel psikoterapilerimiz, bireysel g\u00f6r\u00fc\u015fmelerimiz ve grup terapilerimiz var.&nbsp;&nbsp;Madde ba\u011f\u0131ml\u0131lar\u0131 ve ba\u011f\u0131ml\u0131l\u0131k riski ta\u015f\u0131yanlar, klinik psikologlar\u0131n ve ba\u011f\u0131ml\u0131l\u0131k alan\u0131nda uzman ki\u015filerin yer ald\u0131\u011f\u0131 rehabilitasyon s\u00fcre\u00e7leriyle destekleniyor.&nbsp;<\/span><\/span><\/p>\n<p><span style=\"font-size:11pt\"><span style=\"font-family:Calibri,sans-serif\">&nbsp;Genel ba\u011f\u0131ml\u0131l\u0131k tedavisi ba\u011flam\u0131nda \u00f6ncelikle detoksifikasyon, ard\u0131ndan da rehabilitasyon ve n\u00fcksetmenin \u00f6nlenmesi hedefleniyor.&nbsp;Bu hastalar\u0131n \u00e7o\u011fu ayn\u0131 zamanda baz\u0131 zihinsel sa\u011fl\u0131k sorunlar\u0131na da sahiptir. \u00c7o\u011fu hastada, genellikle \u201cdi\u011fer madde kullan\u0131m bozukluklar\u0131\u201d, \u201cduygudurum bozukluklar\u0131\u201d veya \u201cki\u015filik bozukluklar\u0131\u201d olmak \u00fczere e\u015flik eden hastal\u0131klar vard\u0131r.&nbsp;Ba\u011f\u0131ml\u0131l\u0131k psikiyatristleri, klinik ve dan\u0131\u015fmanl\u0131k psikologlar\u0131, uzman hem\u015fireler, mesleki terapist ve uzman bir terapistten olu\u015fan deneyimli multidisipliner bir ekibin bak\u0131m\u0131 alt\u0131nda yat\u0131l\u0131 tedavi g\u00f6rerek ba\u011f\u0131ml\u0131l\u0131ktan kurtulurlar.<\/span><\/span><\/p>\n<p><span style=\"font-size:11pt\"><span style=\"font-family:Calibri,sans-serif\"><strong>Soru: Devlet yat\u0131l\u0131 tedavi masraflar\u0131n\u0131 kar\u015f\u0131l\u0131yor mu? Sosyal g\u00fcvencesi olsun ya da olmas\u0131n her ba\u011f\u0131ml\u0131 size ba\u015fvurabilir mi?<\/strong><\/span><\/span><\/p>\n<p><span style=\"font-size:11pt\"><span style=\"font-family:Calibri,sans-serif\">K\u0131br\u0131s&#8217;ta ve d\u00fcnyada b\u00fcy\u00fck tehlike olu\u015fturan uyu\u015fturucu sorununa kar\u015f\u0131 \u00f6zellikle \u00e7ocuk ve gen\u00e7lerin korunmas\u0131 konusunda herkese g\u00f6rev d\u00fc\u015f\u00fcyor.&nbsp;Bir d\u00f6nem devletle anla\u015fma olmam\u0131\u015ft\u0131, o d\u00f6nem sadece paras\u0131 olanlar tedavi olabiliyordu. Bizim \u015fu an Sa\u011fl\u0131k Bakanl\u0131\u011f\u0131\u2019yla bir protokol\u00fcm\u00fcz var. Dolay\u0131s\u0131yla sosyal g\u00fcvencesi olsun olmas\u0131n herkesi tedavi ediyoruz. Tabi \u00f6ncelikle bu ki\u015filerin Sa\u011fl\u0131k Bakanl\u0131\u011f\u0131\u2019nca olu\u015fturulan bir kurula girmesi, kurul taraf\u0131ndan buraya y\u00f6nlendirilmeleri gerekiyor. Az \u00f6nce de s\u00f6yledi\u011fim gibi uyu\u015fturucu ve alkol ba\u011f\u0131ml\u0131l\u0131\u011f\u0131, toplumu t\u00fcmden etkileyen bir durumdur. Bu ki\u015filer tedavi edilmediklerinde su\u00e7 potansiyelleri y\u00fcksektir. \u00c7ok zor bir hastal\u0131ktan s\u00f6z ediyoruz. <\/span><\/span><\/p>\n<p><span style=\"font-size:11pt\"><span style=\"font-family:Calibri,sans-serif\">O y\u00fczden ba\u011f\u0131ml\u0131l\u0131kla m\u00fccadelede m\u00fccadelenin kazan\u0131lmas\u0131 i\u00e7in t\u00fcm kurum ve kurulu\u015flar\u0131n, hatta toplumun her bireyinin birlikte hareket etmesi zorunludur.&nbsp;Bu zorunluluk, ilgili kurumlar\u0131, edinilen bilgi ve tecr\u00fcbenin payda\u015f kurum ve ki\u015filere aktar\u0131lmas\u0131n\u0131 sa\u011flayacak bilimsel s\u00fcre\u00e7leri uygulamaya itmektedir. Sosyal m\u00fcdahale ve politikalar, psikososyal destek programlar\u0131, hem kamu hem de \u00f6zel sekt\u00f6rde tedavi ve rehabilitasyon kapasitesinin g\u00fc\u00e7lendirilmesi at\u0131lacak en \u00f6nemli ad\u0131mlard\u0131r.&nbsp;Ba\u011f\u0131ml\u0131 bireyler bu rehabilitasyonlar sayesinde temel ya\u015fam becerilerini geli\u015ftirecek, daha sa\u011fl\u0131kl\u0131, daha verimli bir ya\u015fam s\u00fcrd\u00fcrebileceklerdir.&nbsp;<\/span><\/span><\/p>\n<p><span style=\"font-size:11pt\"><span style=\"font-family:Calibri,sans-serif\"><strong>Soru: Pembe K\u00f6\u015fk\u2019\u00fc, di\u011fer merkezlerden ay\u0131ran nedir?<\/strong><\/span><\/span><\/p>\n<p><span style=\"font-size:11pt\"><span style=\"font-family:Calibri,sans-serif\">2002\u2019de uyu\u015fturucu tedavisinde bir ilac\u0131 Ortado\u011fu\u2019da ilk kullanan biz olmu\u015ftuk. Avustralya Devlet Protokol\u00fcne uygun olarak kullanm\u0131\u015ft\u0131k bu ilac\u0131. Hatta o d\u00f6nem T\u00fcrkiye\u2019deki gazetelere man\u015fet olmu\u015ftuk. 2003-2007 y\u0131llar\u0131 aras\u0131nda ba\u011f\u0131ml\u0131l\u0131ktan muzdarip t\u00fcm Rumlar\u0131 ben tedavi ettim diyebilirim. O kadar yo\u011funluk olmu\u015ftu ki klini\u011fe Rum psikolog almak durumunda kalm\u0131\u015ft\u0131m.&nbsp; <\/span><\/span><\/p>\n<p><span style=\"font-size:11pt\"><span style=\"font-family:Calibri,sans-serif\">\u00d6te yandan, bu i\u015fin hem tedavi, hem de e\u011fitim k\u0131sm\u0131 var. Biz Pembe K\u00f6\u015fk\u2019te sadece hastalara hizmet vermekle kalm\u0131yor, ayn\u0131 zamanda psikoloji e\u011fitimi alan bireylerin mesleki eri\u015fkinli\u011fe ula\u015fmalar\u0131 yolunda b\u00fcy\u00fck destek sa\u011fl\u0131yoruz. \u00d6rne\u011fin NAADAC e\u011fitimi\u2026 ABD\u2019deki NAADAC taraf\u0131ndan y\u00fcr\u00fct\u00fclen \u201cPsikoaktif Madde Ba\u011f\u0131ml\u0131l\u0131\u011f\u0131 Sertifika Program\u0131\u201dn\u0131n akreditasyonunu alarak K\u0131br\u0131s\u2019ta \u201cmadde ba\u011f\u0131ml\u0131l\u0131\u011f\u0131 dan\u0131\u015fmanl\u0131\u011f\u0131\u201d e\u011fitimlerini ba\u015flatt\u0131k. Ba\u011f\u0131ml\u0131l\u0131kla ilgili uzmanla\u015fmak i\u00e7in bu e\u011fitim \u015fart. Onun yan\u0131s\u0131ra Adli Psikoloji, Klinik G\u00f6r\u00fc\u015fme Teknikleri gibi e\u011fitimlerimiz ve staj programlar\u0131m\u0131z var. Stajlar hastanede oluyor. \u00d6\u011frenci en iyi okullarda lisans e\u011fitimini alm\u0131\u015f olsa da mezun oldu\u011funda zorlanabiliyor. Biz burada terapi nas\u0131l y\u00fcr\u00fct\u00fcl\u00fcr, ilk g\u00fcn ne konu\u015fulur, ikinci, \u00fc\u00e7\u00fcnc\u00fc g\u00fcn ne konu\u015fulur mod\u00fcl mod\u00fcl onlar\u0131 \u00f6\u011fretiyoruz. <\/span><\/span><\/p>\n<p><span style=\"font-size:11pt\"><span style=\"font-family:Calibri,sans-serif\">Avrupa\u2019da grup tedavileri haftada 2\u2019dir. Bizde her g\u00fcn grup ve teke tek terapi vard\u0131r. Bizim hastalar\u0131m\u0131z\u0131 g\u00fcnde 4-5 uzman g\u00f6r\u00fcyor. Hem t\u0131bbi, hem psikolojik, hem de otelcilik hizmeti veriyoruz. Ba\u011f\u0131ml\u0131larda ge\u00e7ici ak\u0131l hastal\u0131klar\u0131 da g\u00f6r\u00fclebiliyor. O nedenle donan\u0131ml\u0131 bir ekiple psikolojik destek de veriyoruz. <\/span><\/span><\/p>\n<p><span style=\"font-size:11pt\"><span style=\"font-family:Calibri,sans-serif\">Ge\u00e7ti\u011fimiz g\u00fcnlerde Hollanda\u2019dan sa\u011fl\u0131k ekipleri gelerek bizi denetlediler, \u00e7ok da ba\u015far\u0131l\u0131 buldular. Hollanda\u2019daki merkezlerle k\u0131yasland\u0131\u011f\u0131nda \u00fcst\u00fcn oldu\u011fumuz y\u00f6nler oldu\u011funu ortaya koydular, mutlu olduk. Onlar Avrupa sisteminde, biz ise Amerikan sisteminde tedavi uyguluyoruz. Ayr\u0131ca akademik dergimiz var. <\/span><\/span><\/p>\n<p><span style=\"font-size:11pt\"><span style=\"font-family:Calibri,sans-serif\">Almanya Wiesbaden Psikoterapi Akademisi (WIAP) onayl\u0131 \u201cPozitif Psikoterapi\u201d iznimiz var. Biz 2005\u2019ten itibaren bunun e\u011fitimini veriyoruz. Diploma da Almanya\u2019dan&#8230; Yani bu e\u011fitimi alan Almanya\u2019dan diploma alm\u0131\u015f oluyor. Doktoraya e\u015fde\u011fer bir e\u011fitim\u2026 G\u00f6r\u00fc\u015fme teknikleri, adli psikoloji gibi e\u011fitimlerimiz de oldu\u011fu i\u00e7in bu noktada yurtd\u0131\u015f\u0131na muhta\u00e7l\u0131\u011f\u0131m\u0131z \u00e7ok azald\u0131. Kendi d\u00fcnyam\u0131z\u0131 kurduk diyebiliriz. <\/span><\/span><\/p>\n<p><span style=\"font-size:11pt\"><span style=\"font-family:Calibri,sans-serif\">Biz her t\u00fcrl\u00fc i\u015fbirli\u011fine a\u00e7\u0131\u011f\u0131z. \u00d6rne\u011fin bir belediye ba\u011f\u0131ml\u0131l\u0131k veya psikolojik sorunlarla ilgili bir sempozyum yapacaksa biz g\u00f6n\u00fcll\u00fc katk\u0131 koyar\u0131z. Ki Bakanl\u0131klar\u0131n kimi zaman b\u00f6yle talepleri olmu\u015ftur. Pandemi d\u00f6neminde de, hepimizi derinden etkileyen \u015eubat depreminin ard\u0131ndan da bu hizmetleri \u00fccretsiz verdik. \u015eu anda K\u0131br\u0131s\u2019\u0131n yan\u0131 s\u0131ra, T\u00fcrkiye\u2019den, Almanya\u2019dan, Hollanda\u2019dan, Bel\u00e7ika\u2019dan hastalar\u0131m\u0131z geliyor. Onlar\u0131 havaalan\u0131nda kar\u015f\u0131l\u0131yor, tedavilerini yap\u0131yor, \u00fclkelerine u\u011furluyoruz. Sa\u011fl\u0131k turizminde en az t\u00fcp bebek, di\u015f, sa\u00e7 ekimi gibi \u00f6nemli bir yer yere sahibiz ancak \u00fcye olamad\u0131k. <\/span><\/span><\/p>\n<p><span style=\"font-size:11pt\"><span style=\"font-family:Calibri,sans-serif\"><strong>\u201c\u0130\u00c7K\u0130Y\u0130, UYU\u015eTURUCUYU, KUMARI A\u015eIYLA BIRAKTIRIYORUZ\u201d<\/strong><\/span><\/span><\/p>\n<p><span style=\"font-size:11pt\"><span style=\"font-family:Calibri,sans-serif\"><strong>Soru: Yine \u00e7ok merak edilen bir soru: Ba\u011f\u0131ml\u0131l\u0131k tedavisinde bir a\u015f\u0131dan s\u00f6z ediyorsunuz. Bu a\u015f\u0131yla y\u00fcr\u00fctt\u00fc\u011f\u00fcn\u00fcz tedavinin ba\u015far\u0131 ortalamas\u0131 nedir?<\/strong><\/span><\/span><\/p>\n<p><span style=\"font-size:11pt\"><span style=\"font-family:Calibri,sans-serif\">Tedavinin bir b\u00fct\u00fcn oldu\u011funu s\u00f6ylemi\u015ftim. Burada 10 g\u00fcn kalan\u0131n ba\u015far\u0131 oran\u0131 y\u00fczde 20\u2019dir. Bir ay kalan\u0131n ba\u015far\u0131 oran\u0131 y\u00fczde 50\u2019dir, \u00fc\u00e7 ay kalan\u0131n ba\u015far\u0131 oran\u0131 ise y\u00fczde 80\u2019dir. Buna ilaveten bir de sadece bizim kulland\u0131\u011f\u0131m\u0131z a\u015f\u0131 tedavimiz var. T\u00fcm uyu\u015fturucu, alkol ba\u011f\u0131ml\u0131l\u0131klar\u0131nda kullan\u0131yoruz. Eczac\u0131lar Birli\u011fi\u2019nden ald\u0131\u011f\u0131m\u0131z izinle getiriyoruz. Bu a\u015f\u0131lar 3 ay koruyucu, molek\u00fcl\u00fc g\u00fc\u00e7l\u00fc a\u015f\u0131lar. A\u015f\u0131 olduysan\u0131z i\u00e7ki i\u00e7emiyorsunuz, uyu\u015fturucu kullanam\u0131yorsunuz. Yukar\u0131daki oranlara bir de a\u015f\u0131 eklenince ba\u015far\u0131 \u015fans\u0131 y\u00fczde 20\u2019\u015fer daha art\u0131yor. Bu a\u015f\u0131lar\u0131 kumar i\u00e7in de kulland\u0131\u011f\u0131m\u0131z oluyor. Nas\u0131l oluyor derseniz; Parkinson hastalar\u0131n\u0131n \u00e7ok kumar oynad\u0131\u011f\u0131 ortaya \u00e7\u0131km\u0131\u015f. Ara\u015ft\u0131r\u0131l\u0131nca bunun dopaminden kaynakland\u0131\u011f\u0131 anla\u015f\u0131lm\u0131\u015f. Dopamini kontrol edince ba\u011f\u0131ml\u0131l\u0131\u011fa iyi geliyor. 100\u2019den fazla hastada bunu kulland\u0131k, ba\u015far\u0131l\u0131 sonu\u00e7lar ald\u0131k. Bunlar geli\u015fig\u00fczel kullan\u0131lacak ila\u00e7lar de\u011fil, kontrolle kullanabilecek ila\u00e7lar\u2026 O y\u00fczden ba\u011f\u0131ml\u0131l\u0131k tedavisi i\u00e7in gelen hastalar\u0131m\u0131za en az bir ay kalmalar\u0131n\u0131 sal\u0131k veriyoruz. En iyi ba\u015far\u0131 \u00fc\u00e7 ay ve \u00fcst\u00fcndedir. \u015eunu da s\u00f6yleyeyim, Ortado\u011fu ve b\u00f6lgede ba\u015far\u0131 oran\u0131 en y\u00fcksek merkez biziz zira di\u011fer \u00fclkelerdeki merkezlerin hasta yo\u011funlu\u011fu hizmette aksamaya neden olurken, bizi hem teorikte, hem pratikte \u00f6ne ge\u00e7iriyor. <\/span><\/span><\/p>\n<p><span style=\"font-size:11pt\"><span style=\"font-family:Calibri,sans-serif\">*****<\/span><\/span><\/p>\n<p><span style=\"font-size:11pt\"><span style=\"font-family:Calibri,sans-serif\"><strong>Uzman Klinik Psikolog Nur \u015eeyda Peker:<\/strong> \u201cKi\u015filerin hayattan ve kendilerinden umudu kestikleri anda hayatlar\u0131na dokunabilmek, onlar\u0131 i\u00e7ine d\u00fc\u015ft\u00fckleri girdaptan kurtarabilmek \u00e7ok de\u011ferli bir hizmet. Bizler Pembe K\u00f6\u015fk\u2019\u00fc i\u015fyeri olarak g\u00f6rm\u00fcyoruz. Buras\u0131 bizden psikolojik ve ba\u011f\u0131ml\u0131l\u0131k alan\u0131nda yard\u0131m isteyenlere yard\u0131m elini uzatt\u0131\u011f\u0131m\u0131z bir yer. Kumar ba\u011f\u0131ml\u0131l\u0131\u011f\u0131, alkol ba\u011f\u0131ml\u0131l\u0131\u011f\u0131, madde (kokain, extasy, eroin, esrar, bonzai, kar\u0131\u015f\u0131k madde) ba\u011f\u0131ml\u0131l\u0131\u011f\u0131, internet ba\u011f\u0131ml\u0131l\u0131\u011f\u0131, depresyon, kayg\u0131 bozukluklar\u0131 (sosyal fobi, yayg\u0131n anksiyete, fobiler, panik atak), \u00f6fke kontrol\u00fc, \u00f6zg\u00fcven eksikli\u011fi, aile\/ili\u015fki problemleri (pozitif psikoterapi kapsam\u0131nda), durumsal kriz ile ba\u015fa \u00e7\u0131kma becerileri, ergen dan\u0131\u015fmanl\u0131\u011f\u0131 gibi alanlarla hizmet veriyoruz.\u201d<\/span><\/span><\/p>\n<p>&nbsp;<\/p>\n<p><span style=\"font-size:11pt\"><span style=\"font-family:Calibri,sans-serif\"><strong>Uzman Psikolog \u015eefika Pirin\u00e7o\u011flu<\/strong>: \u201cBurada haftan\u0131n 5 g\u00fcn\u00fc 11.30-12.30 saatleri aras\u0131nda psikoe\u011fitim toplant\u0131lar\u0131 yap\u0131yoruz. Bu e\u011fitim, hastan\u0131n rahats\u0131zl\u0131\u011f\u0131, rahats\u0131zl\u0131\u011f\u0131n\u0131 tetikleyen etmenler ve terapi esaslar\u0131yla ilgili bilgi vermeyi i\u00e7eriyor. Bu e\u011fitimler sosyal a\u00e7\u0131dan \u00e7ok k\u0131ymetli. Bunlara ilaveten psikodrama \u00e7al\u0131\u015fmalar\u0131m\u0131z oluyor. Burada bir anlamda ki\u015finin ruh d\u00fcnyas\u0131 ortaya konuyor. Her grubun dinami\u011fi farkl\u0131 oldu\u011fu i\u00e7in her \u00e7al\u0131\u015fma farkl\u0131 tecr\u00fcbe ve fark\u0131ndal\u0131k sunuyor. Hastalar burada \u201cbunu ya\u015fayan sadece ben de\u011filmi\u015fim\u201d fark\u0131ndal\u0131\u011f\u0131yla karamsarl\u0131ktan s\u0131yr\u0131labiliyor. Hayat\u0131na nas\u0131l devam edece\u011fiyle ilgili umut geli\u015ftiriyor. Ki\u015fi kendi do\u011frusunu ke\u015ffediyor. Bunlar\u0131 ortaya \u00e7\u0131karmak \u00e7ok k\u0131ymetli\u2026\u201d<\/span><\/span><\/p>\n<p><span style=\"font-size:11pt\"><span style=\"font-family:Calibri,sans-serif\"><strong>Psikolog Atakan Ta\u015fk\u0131ran:<\/strong> \u201c11 ayd\u0131r Pembe K\u00f6\u015fk\u2019te \u00e7al\u0131\u015f\u0131yorum. G\u00f6revim E\u011fitim Koordinat\u00f6rl\u00fc\u011f\u00fc. Burada y\u00fcz y\u00fcze ve online programlar\u0131m\u0131z var. Staj yapmak isteyenlere gizlilik s\u00f6zle\u015fmesi g\u00f6nderiyor, hastalar\u0131n onay\u0131n\u0131 alarak programa dahil ediyoruz. Ayr\u0131ca NADAAK Madde Ba\u011f\u0131ml\u0131l\u0131\u011f\u0131 E\u011fitim Program\u0131m\u0131z var. Sadece T\u00fcrkiye\u2019den de\u011fil, Avrupa\u2019dan da kat\u0131l\u0131m oluyor. Bu e\u011fitimleri Prof. Dr. Mehmet \u00c7ak\u0131c\u0131, Prof. Dr. Ebru Tansel ve Yrd. Do\u00e7. Dr. Ayhan \u00c7ak\u0131c\u0131 E\u015f veriyor. Buna ilaveten \u201cKlinik G\u00f6r\u00fc\u015fme\u201d e\u011fitimimiz var. \u00d6\u011frencilerin yeti\u015fmesine katk\u0131da bulunuyoruz.\u201d<\/span><\/span><\/p>\n<p><span style=\"font-size:11pt\"><span style=\"font-family:Calibri,sans-serif\"><strong>Uzman Psikolog \u015eimay Erdemirci:<\/strong> \u201cSabah 10.00-11.00 aras\u0131nda \u201cG\u00fcnayd\u0131n\u201d toplant\u0131lar\u0131 yap\u0131yoruz. G\u00fcnayd\u0131n toplant\u0131lar\u0131nda genelde nas\u0131l uyuduklar\u0131n\u0131, i\u015ftah durumlar\u0131n\u0131 soruyoruz. Tedavinin ilk ba\u015flar\u0131nda i\u015ftahta, uykuda sorun olabiliyor. Bunlar\u0131 dengeye almak \u00e7ok \u00f6nemli. Sonras\u0131nda bir konu belirleriz. Bunlar, g\u00fcven-umut-sevgi olabilir. Bu konular hakk\u0131nda konu\u015furuz, gelece\u011fe nas\u0131l bakt\u0131klar\u0131n\u0131 sorar\u0131z. Bu toplant\u0131larda hastan\u0131n g\u00f6zlerine bakma \u015fans\u0131m\u0131z olur. Onlar\u0131 olduklar\u0131 gibi kabul eder, yarg\u0131lamadan anlamaya \u00e7al\u0131\u015f\u0131r\u0131z. Empati kurmak terapide \u00e7ok \u00f6nemli bir fakt\u00f6r. Psikolo\u011fun dan\u0131\u015fan\u0131n\u0131 anlayabilmesi onunla terapotik bir ili\u015fki kurmak i\u00e7in gereken bir unsur. Empati kurmak sadece dan\u0131\u015fan\u0131n dedi\u011fini duymak de\u011fil, ayn\u0131 zamanda diyemediklerini de anlayabilmek\u2026+\u201d<\/span><\/span><\/p>\n<p><span style=\"font-size:11pt\"><span style=\"font-family:Calibri,sans-serif\"><strong>Uzman Psikolog Gamze Beyo\u011flu:<\/strong> \u201cBa\u011f\u0131ml\u0131l\u0131ktan kurtulmak isteyen ve psikolojik destek arayanlar\u0131n umut \u0131\u015f\u0131\u011f\u0131 oldu Pembe K\u00f6\u015fk. \u0130statistiklerden de g\u00f6r\u00fcld\u00fc\u011f\u00fc \u00fczere ba\u011f\u0131ml\u0131l\u0131k ve psikolojik rahats\u0131zl\u0131klar son d\u00f6nemde b\u00fcy\u00fck oranda artt\u0131. Mahremiyet sa\u011flayan fiziki yap\u0131m\u0131z ve deneyimli ekibimiz ile canla ba\u015fla \u00e7al\u0131\u015farak hastalar\u0131m\u0131z\u0131 tedavi ediyoruz. Ba\u011f\u0131ml\u0131l\u0131k tedavisinde, ki\u015finin kulland\u0131\u011f\u0131 maddeye kar\u015f\u0131 duydu\u011fu iste\u011fi kontrol alt\u0131na alabilmesinin yan\u0131s\u0131ra, d\u00fczenli bir hayata devam edebilmesi i\u00e7in gerekli \u015fartlar\u0131n olu\u015fturulmas\u0131 gerekiyor. Biz burada ayn\u0131 zamanda ki\u015filerin olaylarla ba\u015f etme ve olumsuz duygular\u0131 kontrol etme becerisini de geli\u015ftiriyoruz. Bunlara ilaveten her t\u00fcrl\u00fc psikolojik deste\u011fi veriyoruz. Y\u00fcz y\u00fcze ya da online tedavi se\u00e7eneklerimiz bulunuyor. \u00c7ift terapisi, aile dan\u0131\u015fmanl\u0131\u011f\u0131, yayg\u0131n anksiyete bozuklu\u011fu, depresyon gibi alanlarda da destek vermekteyiz. Hastanemizin sitesinden bizimle ileti\u015fime ge\u00e7ilebilir.\u201d<\/span><\/span><\/p>\n<p><span style=\"font-size:11pt\"><span style=\"font-family:Calibri,sans-serif\"><strong>Asistan Mehmet Ali Kocaba\u015fo\u011flu:<\/strong> \u201cODT\u00dc Psikoloji B\u00f6l\u00fcm\u00fc son s\u0131n\u0131f \u00f6\u011frencisiyim. Zorunlu staj yapmak \u00fczere geldi\u011fim Pembe K\u00f6\u015fk\u2019te \u015fimdi g\u00f6n\u00fcll\u00fc stajyer olarak g\u00f6rev yap\u0131yorum. Mesleki a\u00e7\u0131dan kendimi en \u00e7ok geli\u015ftirebilece\u011fim yerdeyim. \u00d6\u011frencilere bu imkan\u0131n veriliyor olmas\u0131 b\u00fcy\u00fck kazan\u0131m. Mezun olunca da burada g\u00f6rev yapmay\u0131 d\u00fc\u015f\u00fcn\u00fcyorum.\u201d &nbsp;<\/span><\/span><\/p>\n<p>&nbsp;<\/p>\n","protected":false},"excerpt":{"rendered":"<p>Yine ayn\u0131 rapora g\u00f6re uyu\u015fturucuya ba\u011fl\u0131 bozukluklar\u0131n tedavisine y\u00f6nelik talep b\u00fcy\u00fck \u00f6l\u00e7\u00fcde kar\u015f\u0131lanm\u0131yor.&nbsp;2021&#8217;de uyu\u015fturucuya ba\u011fl\u0131 rahats\u0131zl\u0131klardan muzdarip be\u015f ki\u015fiden yaln\u0131zca biri uyu\u015fturucu kullan\u0131m\u0131 nedeniyle tedavi g\u00f6rebiliyorken, b\u00f6lgeler aras\u0131nda tedaviye eri\u015fimdeki e\u015fitsizlikler giderek art\u0131yor. Bu korkun\u00e7 tablonun ard\u0131ndan \u201c\u015fans\u201d olarak adland\u0131rabilir miyiz bilmiyorum ancak Kuzey K\u0131br\u0131s T\u00fcrk Cumhuriyeti (KKTC) sa\u011fl\u0131k turizminin belki de en \u00f6nemli aya\u011f\u0131na<\/p>\n","protected":false},"author":1,"featured_media":20159,"comment_status":"open","ping_status":"open","sticky":false,"template":"","format":"standard","meta":{"footnotes":""},"categories":[86],"tags":[],"class_list":["post-20158","post","type-post","status-publish","format-standard","has-post-thumbnail","hentry","category-turkiye"],"yoast_head":"<!-- This site is optimized with the Yoast SEO plugin v27.5 - https:\/\/yoast.com\/product\/yoast-seo-wordpress\/ -->\n<title>\u201cBa\u011f\u0131ml\u0131l\u0131k tedavisinde ortado\u011fu\u2019nun en iyisiyiz\u201d -<\/title>\n<meta name=\"robots\" content=\"index, follow, max-snippet:-1, max-image-preview:large, max-video-preview:-1\" \/>\n<link rel=\"canonical\" href=\"https:\/\/kibrisdakik.com\/?p=20158\" \/>\n<meta property=\"og:locale\" content=\"tr_TR\" \/>\n<meta property=\"og:type\" content=\"article\" \/>\n<meta property=\"og:title\" content=\"\u201cBa\u011f\u0131ml\u0131l\u0131k tedavisinde ortado\u011fu\u2019nun en iyisiyiz\u201d -\" \/>\n<meta property=\"og:description\" content=\"Yine ayn\u0131 rapora g\u00f6re uyu\u015fturucuya ba\u011fl\u0131 bozukluklar\u0131n tedavisine y\u00f6nelik talep b\u00fcy\u00fck \u00f6l\u00e7\u00fcde kar\u015f\u0131lanm\u0131yor.&nbsp;2021&#8217;de uyu\u015fturucuya ba\u011fl\u0131 rahats\u0131zl\u0131klardan muzdarip be\u015f ki\u015fiden yaln\u0131zca biri uyu\u015fturucu kullan\u0131m\u0131 nedeniyle tedavi g\u00f6rebiliyorken, b\u00f6lgeler aras\u0131nda tedaviye eri\u015fimdeki e\u015fitsizlikler giderek art\u0131yor. Bu korkun\u00e7 tablonun ard\u0131ndan \u201c\u015fans\u201d olarak adland\u0131rabilir miyiz bilmiyorum ancak Kuzey K\u0131br\u0131s T\u00fcrk Cumhuriyeti (KKTC) sa\u011fl\u0131k turizminin belki de en \u00f6nemli aya\u011f\u0131na\" \/>\n<meta property=\"og:url\" content=\"https:\/\/kibrisdakik.com\/?p=20158\" \/>\n<meta property=\"article:published_time\" content=\"2023-11-27T11:10:55+00:00\" \/>\n<meta property=\"og:image\" content=\"https:\/\/kibrisdakik.com\/wp-content\/uploads\/2023\/11\/bagimlilik-tedavisinde-ortadogunun-en-iyisiyiz-1701082852.webp.webp\" \/>\n\t<meta property=\"og:image:width\" content=\"710\" \/>\n\t<meta property=\"og:image:height\" content=\"370\" \/>\n\t<meta property=\"og:image:type\" content=\"image\/webp\" \/>\n<meta name=\"author\" content=\"admin\" \/>\n<meta name=\"twitter:card\" content=\"summary_large_image\" \/>\n<meta name=\"twitter:label1\" content=\"Yazan:\" \/>\n\t<meta name=\"twitter:data1\" content=\"admin\" \/>\n\t<meta name=\"twitter:label2\" content=\"Tahmini okuma s\u00fcresi\" \/>\n\t<meta name=\"twitter:data2\" content=\"14 dakika\" \/>\n<script type=\"application\/ld+json\" class=\"yoast-schema-graph\">{\"@context\":\"https:\\\/\\\/schema.org\",\"@graph\":[{\"@type\":\"Article\",\"@id\":\"https:\\\/\\\/kibrisdakik.com\\\/?p=20158#article\",\"isPartOf\":{\"@id\":\"https:\\\/\\\/kibrisdakik.com\\\/?p=20158\"},\"author\":{\"name\":\"admin\",\"@id\":\"https:\\\/\\\/kibrisdakik.com\\\/#\\\/schema\\\/person\\\/9cd9d437bbb44f72b73ba127e06d8e79\"},\"headline\":\"\u201cBa\u011f\u0131ml\u0131l\u0131k tedavisinde ortado\u011fu\u2019nun en iyisiyiz\u201d\",\"datePublished\":\"2023-11-27T11:10:55+00:00\",\"mainEntityOfPage\":{\"@id\":\"https:\\\/\\\/kibrisdakik.com\\\/?p=20158\"},\"wordCount\":2846,\"commentCount\":0,\"image\":{\"@id\":\"https:\\\/\\\/kibrisdakik.com\\\/?p=20158#primaryimage\"},\"thumbnailUrl\":\"https:\\\/\\\/kibrisdakik.com\\\/wp-content\\\/uploads\\\/2023\\\/11\\\/bagimlilik-tedavisinde-ortadogunun-en-iyisiyiz-1701082852.webp.webp\",\"articleSection\":[\"T\u00fcrkiye\"],\"inLanguage\":\"tr\",\"potentialAction\":[{\"@type\":\"CommentAction\",\"name\":\"Comment\",\"target\":[\"https:\\\/\\\/kibrisdakik.com\\\/?p=20158#respond\"]}]},{\"@type\":\"WebPage\",\"@id\":\"https:\\\/\\\/kibrisdakik.com\\\/?p=20158\",\"url\":\"https:\\\/\\\/kibrisdakik.com\\\/?p=20158\",\"name\":\"\u201cBa\u011f\u0131ml\u0131l\u0131k tedavisinde ortado\u011fu\u2019nun en iyisiyiz\u201d -\",\"isPartOf\":{\"@id\":\"https:\\\/\\\/kibrisdakik.com\\\/#website\"},\"primaryImageOfPage\":{\"@id\":\"https:\\\/\\\/kibrisdakik.com\\\/?p=20158#primaryimage\"},\"image\":{\"@id\":\"https:\\\/\\\/kibrisdakik.com\\\/?p=20158#primaryimage\"},\"thumbnailUrl\":\"https:\\\/\\\/kibrisdakik.com\\\/wp-content\\\/uploads\\\/2023\\\/11\\\/bagimlilik-tedavisinde-ortadogunun-en-iyisiyiz-1701082852.webp.webp\",\"datePublished\":\"2023-11-27T11:10:55+00:00\",\"author\":{\"@id\":\"https:\\\/\\\/kibrisdakik.com\\\/#\\\/schema\\\/person\\\/9cd9d437bbb44f72b73ba127e06d8e79\"},\"breadcrumb\":{\"@id\":\"https:\\\/\\\/kibrisdakik.com\\\/?p=20158#breadcrumb\"},\"inLanguage\":\"tr\",\"potentialAction\":[{\"@type\":\"ReadAction\",\"target\":[\"https:\\\/\\\/kibrisdakik.com\\\/?p=20158\"]}]},{\"@type\":\"ImageObject\",\"inLanguage\":\"tr\",\"@id\":\"https:\\\/\\\/kibrisdakik.com\\\/?p=20158#primaryimage\",\"url\":\"https:\\\/\\\/kibrisdakik.com\\\/wp-content\\\/uploads\\\/2023\\\/11\\\/bagimlilik-tedavisinde-ortadogunun-en-iyisiyiz-1701082852.webp.webp\",\"contentUrl\":\"https:\\\/\\\/kibrisdakik.com\\\/wp-content\\\/uploads\\\/2023\\\/11\\\/bagimlilik-tedavisinde-ortadogunun-en-iyisiyiz-1701082852.webp.webp\",\"width\":710,\"height\":370},{\"@type\":\"BreadcrumbList\",\"@id\":\"https:\\\/\\\/kibrisdakik.com\\\/?p=20158#breadcrumb\",\"itemListElement\":[{\"@type\":\"ListItem\",\"position\":1,\"name\":\"Home\",\"item\":\"https:\\\/\\\/kibrisdakik.com\\\/\"},{\"@type\":\"ListItem\",\"position\":2,\"name\":\"\u201cBa\u011f\u0131ml\u0131l\u0131k tedavisinde ortado\u011fu\u2019nun en iyisiyiz\u201d\"}]},{\"@type\":\"WebSite\",\"@id\":\"https:\\\/\\\/kibrisdakik.com\\\/#website\",\"url\":\"https:\\\/\\\/kibrisdakik.com\\\/\",\"name\":\"\",\"description\":\"Tam vaktinde haber\",\"potentialAction\":[{\"@type\":\"SearchAction\",\"target\":{\"@type\":\"EntryPoint\",\"urlTemplate\":\"https:\\\/\\\/kibrisdakik.com\\\/?s={search_term_string}\"},\"query-input\":{\"@type\":\"PropertyValueSpecification\",\"valueRequired\":true,\"valueName\":\"search_term_string\"}}],\"inLanguage\":\"tr\"},{\"@type\":\"Person\",\"@id\":\"https:\\\/\\\/kibrisdakik.com\\\/#\\\/schema\\\/person\\\/9cd9d437bbb44f72b73ba127e06d8e79\",\"name\":\"admin\",\"image\":{\"@type\":\"ImageObject\",\"inLanguage\":\"tr\",\"@id\":\"https:\\\/\\\/secure.gravatar.com\\\/avatar\\\/ccc17943b9d660506c869530f897617f7cb1c21a4bf30023f252596d83e1f007?s=96&d=mm&r=g\",\"url\":\"https:\\\/\\\/secure.gravatar.com\\\/avatar\\\/ccc17943b9d660506c869530f897617f7cb1c21a4bf30023f252596d83e1f007?s=96&d=mm&r=g\",\"contentUrl\":\"https:\\\/\\\/secure.gravatar.com\\\/avatar\\\/ccc17943b9d660506c869530f897617f7cb1c21a4bf30023f252596d83e1f007?s=96&d=mm&r=g\",\"caption\":\"admin\"},\"sameAs\":[\"https:\\\/\\\/kibrisdakik.com\"],\"url\":\"https:\\\/\\\/kibrisdakik.com\\\/?author=1\"}]}<\/script>\n<!-- \/ Yoast SEO plugin. -->","yoast_head_json":{"title":"\u201cBa\u011f\u0131ml\u0131l\u0131k tedavisinde ortado\u011fu\u2019nun en iyisiyiz\u201d -","robots":{"index":"index","follow":"follow","max-snippet":"max-snippet:-1","max-image-preview":"max-image-preview:large","max-video-preview":"max-video-preview:-1"},"canonical":"https:\/\/kibrisdakik.com\/?p=20158","og_locale":"tr_TR","og_type":"article","og_title":"\u201cBa\u011f\u0131ml\u0131l\u0131k tedavisinde ortado\u011fu\u2019nun en iyisiyiz\u201d -","og_description":"Yine ayn\u0131 rapora g\u00f6re uyu\u015fturucuya ba\u011fl\u0131 bozukluklar\u0131n tedavisine y\u00f6nelik talep b\u00fcy\u00fck \u00f6l\u00e7\u00fcde kar\u015f\u0131lanm\u0131yor.&nbsp;2021&#8217;de uyu\u015fturucuya ba\u011fl\u0131 rahats\u0131zl\u0131klardan muzdarip be\u015f ki\u015fiden yaln\u0131zca biri uyu\u015fturucu kullan\u0131m\u0131 nedeniyle tedavi g\u00f6rebiliyorken, b\u00f6lgeler aras\u0131nda tedaviye eri\u015fimdeki e\u015fitsizlikler giderek art\u0131yor. Bu korkun\u00e7 tablonun ard\u0131ndan \u201c\u015fans\u201d olarak adland\u0131rabilir miyiz bilmiyorum ancak Kuzey K\u0131br\u0131s T\u00fcrk Cumhuriyeti (KKTC) sa\u011fl\u0131k turizminin belki de en \u00f6nemli aya\u011f\u0131na","og_url":"https:\/\/kibrisdakik.com\/?p=20158","article_published_time":"2023-11-27T11:10:55+00:00","og_image":[{"width":710,"height":370,"url":"https:\/\/kibrisdakik.com\/wp-content\/uploads\/2023\/11\/bagimlilik-tedavisinde-ortadogunun-en-iyisiyiz-1701082852.webp.webp","type":"image\/webp"}],"author":"admin","twitter_card":"summary_large_image","twitter_misc":{"Yazan:":"admin","Tahmini okuma s\u00fcresi":"14 dakika"},"schema":{"@context":"https:\/\/schema.org","@graph":[{"@type":"Article","@id":"https:\/\/kibrisdakik.com\/?p=20158#article","isPartOf":{"@id":"https:\/\/kibrisdakik.com\/?p=20158"},"author":{"name":"admin","@id":"https:\/\/kibrisdakik.com\/#\/schema\/person\/9cd9d437bbb44f72b73ba127e06d8e79"},"headline":"\u201cBa\u011f\u0131ml\u0131l\u0131k tedavisinde ortado\u011fu\u2019nun en iyisiyiz\u201d","datePublished":"2023-11-27T11:10:55+00:00","mainEntityOfPage":{"@id":"https:\/\/kibrisdakik.com\/?p=20158"},"wordCount":2846,"commentCount":0,"image":{"@id":"https:\/\/kibrisdakik.com\/?p=20158#primaryimage"},"thumbnailUrl":"https:\/\/kibrisdakik.com\/wp-content\/uploads\/2023\/11\/bagimlilik-tedavisinde-ortadogunun-en-iyisiyiz-1701082852.webp.webp","articleSection":["T\u00fcrkiye"],"inLanguage":"tr","potentialAction":[{"@type":"CommentAction","name":"Comment","target":["https:\/\/kibrisdakik.com\/?p=20158#respond"]}]},{"@type":"WebPage","@id":"https:\/\/kibrisdakik.com\/?p=20158","url":"https:\/\/kibrisdakik.com\/?p=20158","name":"\u201cBa\u011f\u0131ml\u0131l\u0131k tedavisinde ortado\u011fu\u2019nun en iyisiyiz\u201d -","isPartOf":{"@id":"https:\/\/kibrisdakik.com\/#website"},"primaryImageOfPage":{"@id":"https:\/\/kibrisdakik.com\/?p=20158#primaryimage"},"image":{"@id":"https:\/\/kibrisdakik.com\/?p=20158#primaryimage"},"thumbnailUrl":"https:\/\/kibrisdakik.com\/wp-content\/uploads\/2023\/11\/bagimlilik-tedavisinde-ortadogunun-en-iyisiyiz-1701082852.webp.webp","datePublished":"2023-11-27T11:10:55+00:00","author":{"@id":"https:\/\/kibrisdakik.com\/#\/schema\/person\/9cd9d437bbb44f72b73ba127e06d8e79"},"breadcrumb":{"@id":"https:\/\/kibrisdakik.com\/?p=20158#breadcrumb"},"inLanguage":"tr","potentialAction":[{"@type":"ReadAction","target":["https:\/\/kibrisdakik.com\/?p=20158"]}]},{"@type":"ImageObject","inLanguage":"tr","@id":"https:\/\/kibrisdakik.com\/?p=20158#primaryimage","url":"https:\/\/kibrisdakik.com\/wp-content\/uploads\/2023\/11\/bagimlilik-tedavisinde-ortadogunun-en-iyisiyiz-1701082852.webp.webp","contentUrl":"https:\/\/kibrisdakik.com\/wp-content\/uploads\/2023\/11\/bagimlilik-tedavisinde-ortadogunun-en-iyisiyiz-1701082852.webp.webp","width":710,"height":370},{"@type":"BreadcrumbList","@id":"https:\/\/kibrisdakik.com\/?p=20158#breadcrumb","itemListElement":[{"@type":"ListItem","position":1,"name":"Home","item":"https:\/\/kibrisdakik.com\/"},{"@type":"ListItem","position":2,"name":"\u201cBa\u011f\u0131ml\u0131l\u0131k tedavisinde ortado\u011fu\u2019nun en iyisiyiz\u201d"}]},{"@type":"WebSite","@id":"https:\/\/kibrisdakik.com\/#website","url":"https:\/\/kibrisdakik.com\/","name":"","description":"Tam vaktinde haber","potentialAction":[{"@type":"SearchAction","target":{"@type":"EntryPoint","urlTemplate":"https:\/\/kibrisdakik.com\/?s={search_term_string}"},"query-input":{"@type":"PropertyValueSpecification","valueRequired":true,"valueName":"search_term_string"}}],"inLanguage":"tr"},{"@type":"Person","@id":"https:\/\/kibrisdakik.com\/#\/schema\/person\/9cd9d437bbb44f72b73ba127e06d8e79","name":"admin","image":{"@type":"ImageObject","inLanguage":"tr","@id":"https:\/\/secure.gravatar.com\/avatar\/ccc17943b9d660506c869530f897617f7cb1c21a4bf30023f252596d83e1f007?s=96&d=mm&r=g","url":"https:\/\/secure.gravatar.com\/avatar\/ccc17943b9d660506c869530f897617f7cb1c21a4bf30023f252596d83e1f007?s=96&d=mm&r=g","contentUrl":"https:\/\/secure.gravatar.com\/avatar\/ccc17943b9d660506c869530f897617f7cb1c21a4bf30023f252596d83e1f007?s=96&d=mm&r=g","caption":"admin"},"sameAs":["https:\/\/kibrisdakik.com"],"url":"https:\/\/kibrisdakik.com\/?author=1"}]}},"_links":{"self":[{"href":"https:\/\/kibrisdakik.com\/index.php?rest_route=\/wp\/v2\/posts\/20158","targetHints":{"allow":["GET"]}}],"collection":[{"href":"https:\/\/kibrisdakik.com\/index.php?rest_route=\/wp\/v2\/posts"}],"about":[{"href":"https:\/\/kibrisdakik.com\/index.php?rest_route=\/wp\/v2\/types\/post"}],"author":[{"embeddable":true,"href":"https:\/\/kibrisdakik.com\/index.php?rest_route=\/wp\/v2\/users\/1"}],"replies":[{"embeddable":true,"href":"https:\/\/kibrisdakik.com\/index.php?rest_route=%2Fwp%2Fv2%2Fcomments&post=20158"}],"version-history":[{"count":0,"href":"https:\/\/kibrisdakik.com\/index.php?rest_route=\/wp\/v2\/posts\/20158\/revisions"}],"wp:featuredmedia":[{"embeddable":true,"href":"https:\/\/kibrisdakik.com\/index.php?rest_route=\/wp\/v2\/media\/20159"}],"wp:attachment":[{"href":"https:\/\/kibrisdakik.com\/index.php?rest_route=%2Fwp%2Fv2%2Fmedia&parent=20158"}],"wp:term":[{"taxonomy":"category","embeddable":true,"href":"https:\/\/kibrisdakik.com\/index.php?rest_route=%2Fwp%2Fv2%2Fcategories&post=20158"},{"taxonomy":"post_tag","embeddable":true,"href":"https:\/\/kibrisdakik.com\/index.php?rest_route=%2Fwp%2Fv2%2Ftags&post=20158"}],"curies":[{"name":"wp","href":"https:\/\/api.w.org\/{rel}","templated":true}]}}