{"id":20192,"date":"2023-11-27T14:19:50","date_gmt":"2023-11-27T14:19:50","guid":{"rendered":"https:\/\/kibrisdakik.com\/index.php\/2023\/11\/27\/ustel-yabancilara-mal-satisina-iliskin-telas-edecek-yuksek-rakamlar-yoktur\/"},"modified":"2023-11-27T14:19:50","modified_gmt":"2023-11-27T14:19:50","slug":"ustel-yabancilara-mal-satisina-iliskin-telas-edecek-yuksek-rakamlar-yoktur","status":"publish","type":"post","link":"https:\/\/kibrisdakik.com\/?p=20192","title":{"rendered":"\u00dcstel: &quot;Yabanc\u0131lara mal sat\u0131\u015f\u0131na ili\u015fkin tela\u015f edecek y\u00fcksek rakamlar yoktur&#8230;&quot;"},"content":{"rendered":"<p><img decoding=\"async\" src=\"https:\/\/www.kibristurk.com\/images\/haberler\/2023\/11\/ustel-yabancilara-mal-satisina-iliskin-telas-edecek-yuksek-rakamlar-yoktur-1701092726.webp\" \/><\/p>\n<p style=\"text-align:left\"><span style=\"font-size:16px\"><span style=\"font-family:Merriweather,serif !important\"><span style=\"color:#000000\"><span style=\"background-color:#ffffff\">Cumhuriyet Meclisi Genel Kurulu&#8217;nda muhalefet milletvekillerinin konu\u015fmalar\u0131n\u0131 cevaplayan Ba\u015fbakan \u00dcnal \u00dcstel, &#8220;Yabanc\u0131lara mal sat\u0131\u015f\u0131na ili\u015fkin tela\u015f edecek, y\u00fcksek rakamlar yoktur&#8230; Bug\u00fcn \u00fclke ekonomisinin \u00e7arklar\u0131 d\u00f6n\u00fcyorsa m\u00fcteahhitlerin yapt\u0131\u011f\u0131 i\u015fler ve bu \u00e7al\u0131\u015fmalar\u0131n turizme yapt\u0131klar\u0131 etkiler sayesindedir&#8221; dedi.<\/span><\/span><\/span><\/span><\/p>\n<p style=\"text-align:left\"><span style=\"font-size:16px\"><span style=\"font-family:Merriweather,serif !important\"><span style=\"color:#000000\"><span style=\"background-color:#ffffff\">Yasama ve denetim g\u00fcndemiyle toplanan Meclis Genel Kurulu\u2019nda ilk olarak CTP Genel Ba\u015fkan\u0131 Tufan Erh\u00fcrman, 62. madde taht\u0131nda \u201cdevletin zarar u\u011frat\u0131lmas\u0131\u201d ile ilgili konu\u015fmak \u00fczere s\u00f6z ald\u0131.<\/span><\/span><\/span><\/span><\/p>\n<p style=\"text-align:left\">&nbsp;<\/p>\n<p style=\"text-align:left\"><span style=\"font-size:16px\"><span style=\"font-family:Merriweather,serif !important\"><span style=\"color:#000000\"><span style=\"background-color:#ffffff\">Erh\u00fcrman, konu\u015fmas\u0131nda, h\u00fck\u00fcmetin &nbsp;\u201cihaleyle akaryak\u0131t al\u0131m\u0131nda devletin zarara u\u011frad\u0131\u011f\u0131\u201d iddias\u0131yla ba\u015flatt\u0131\u011f\u0131 ihalesiz akaryak\u0131t al\u0131m\u0131 sonucunda devletin &nbsp;\u201cg\u00f6z g\u00f6re g\u00f6re milyarlarca dolar zarara u\u011frat\u0131ld\u0131\u011f\u0131n\u0131\u201d s\u00f6yledi.<\/span><\/span><\/span><\/span><\/p>\n<p style=\"text-align:left\"><span style=\"font-size:16px\"><span style=\"font-family:Merriweather,serif !important\"><span style=\"color:#000000\"><span style=\"background-color:#ffffff\">Konuya ili\u015fkin bir \u00f6zel \u015firketin K\u0131b-Tek\u2019e a\u00e7t\u0131\u011f\u0131 davan\u0131n ge\u00e7en g\u00fcnlerde gerek\u00e7eli karar\u0131n\u0131n \u00e7\u0131kt\u0131\u011f\u0131n\u0131 kaydeden Erh\u00fcrman, bu karar\u0131n \u201cibretlik tespitler i\u00e7erdi\u011fini\u201d ifade etti ve ilgili mahkeme karar\u0131ndaki baz\u0131 h\u00fck\u00fcmleri okudu.<\/span><\/span><\/span><\/span><\/p>\n<p style=\"text-align:left\"><span style=\"font-size:16px\"><span style=\"font-family:Merriweather,serif !important\"><span style=\"color:#000000\"><span style=\"background-color:#ffffff\">\u201cZarar\u0131n engellenmesi i\u00e7in yap\u0131lan eylemin daha da zarara neden oldu\u011funu\u201d savunan Erh\u00fcrman, mahkemenin davac\u0131 \u015firkete 343 bin 854 dolar tazminat \u00f6denmesi karar\u0131na dikkat \u00e7ekti.<\/span><\/span><\/span><\/span><\/p>\n<p style=\"text-align:left\"><span style=\"font-size:16px\"><span style=\"font-family:Merriweather,serif !important\"><span style=\"color:#000000\"><span style=\"background-color:#ffffff\">Erh\u00fcrman, \u015firketin iddialar\u0131na kar\u015f\u0131n K\u0131b-Tek\u2019in meselede zarara u\u011frad\u0131\u011f\u0131n\u0131 iddia etti\u011fini aktararak, K\u0131b-Tek\u2019in s\u00fcre\u00e7 i\u00e7erisinde \u201cihalesiz al\u0131mdan dolay\u0131\u201d, yakla\u015f\u0131k 3 milyonluk akaryak\u0131t al\u0131m\u0131n\u0131, yakla\u015f\u0131k 9 milyonluk G\u00fcney\u2019den al\u0131nan elektrik i\u00e7in yap\u0131lan \u00f6demeyi, AKSA\u2019ya, numune analizlerine verilen ve gaz trib\u00fcnlerinin fazladan \u00e7al\u0131\u015ft\u0131r\u0131lmas\u0131 i\u00e7in yap\u0131lan \u00f6demelerin hepsini \u201czarar\u201d olarak g\u00f6sterdi\u011fini kaydetti.<\/span><\/span><\/span><\/span><\/p>\n<p style=\"text-align:left\"><span style=\"font-size:16px\"><span style=\"font-family:Merriweather,serif !important\"><span style=\"color:#000000\"><span style=\"background-color:#ffffff\">Mahkemenin karar\u0131nda, milyonlarca liral\u0131k zarar\u0131n K\u0131b-Tek taraf\u0131ndan itiraf edildi\u011fini s\u00f6yleyen Erh\u00fcrman, \u201cBu bir defa de\u011fil 5 defa istifa sebebidir\u201d dedi.<\/span><\/span><\/span><\/span><\/p>\n<p style=\"text-align:left\"><span style=\"font-size:16px\"><span style=\"font-family:Merriweather,serif !important\"><span style=\"color:#000000\"><span style=\"background-color:#ffffff\">\u0130halesiz al\u0131m\u0131, kendilerinin \u00e7ok defa uyarmas\u0131na ra\u011fmen, s\u00f6zle\u015fmeyi uzatmayarak kendilerinin tercih etti\u011fini savunan Erh\u00fcrman, s\u00f6z konusu mahkeme karar\u0131n\u0131n her bir sat\u0131r\u0131n\u0131n utan\u00e7 vesilesi oldu\u011funu \u00f6ne s\u00fcrd\u00fc.<\/span><\/span><\/span><\/span><\/p>\n<p style=\"text-align:left\"><span style=\"font-size:16px\"><span style=\"font-family:Merriweather,serif !important\"><span style=\"color:#000000\"><span style=\"background-color:#ffffff\">Erh\u00fcrman, mahkeme karar\u0131nda, neden ihalesiz al\u0131nd\u0131\u011f\u0131na dair bir izahata rastlanmad\u0131\u011f\u0131 ibaresine dikkat \u00e7ekerek, \u201cPeki neden izah etmediniz?\u201d diye sordu, her \u015feyin \u201cihalesiz akaryak\u0131t alma sevdas\u0131\u201dndan oldu\u011funu savundu.<\/span><\/span><\/span><\/span><\/p>\n<p style=\"text-align:left\"><span style=\"font-size:16px\"><span style=\"font-family:Merriweather,serif !important\"><span style=\"color:#000000\"><span style=\"background-color:#ffffff\">Erh\u00fcrman, mahkemenin ilgili \u015firketin teminat mektubunun serbest b\u0131rak\u0131lmas\u0131 talimat\u0131na ra\u011fmen, K\u0131b-Tek idaresinin buna uymad\u0131\u011f\u0131n\u0131n kararda yazd\u0131\u011f\u0131n\u0131 dile getirdi.<\/span><\/span><\/span><\/span><\/p>\n<p style=\"text-align:left\"><span style=\"font-size:16px\"><span style=\"font-family:Merriweather,serif !important\"><span style=\"color:#000000\"><span style=\"background-color:#ffffff\">Zarara ek olarak tazminat da \u00f6denilece\u011fine i\u015faret eden Erh\u00fcrman, \u201c\u015eimdi b\u00fct\u00e7e konu\u015faca\u011f\u0131z, okullara, hastanelere para yok\u201d dedi ve \u0130yi \u0130dare Yasas\u0131\u2019na i\u015faret ederek, bu paran\u0131n r\u00fccu edilmesi gerekti\u011fini kaydetti.<\/span><\/span><\/span><\/span><\/p>\n<p style=\"text-align:left\"><span style=\"font-size:16px\"><span style=\"font-family:Merriweather,serif !important\"><span style=\"color:#000000\"><span style=\"background-color:#ffffff\">CTP Milletvekili de Fazilet \u00d6zdenefe de, s\u00f6z konusu olay\u0131n Ceza Yasas\u0131 alt\u0131nda bir su\u00e7 te\u015fkil etti\u011fini savundu.<\/span><\/span><\/span><\/span><\/p>\n<p style=\"text-align:left\"><span style=\"font-size:16px\"><span style=\"font-family:Merriweather,serif !important\"><span style=\"color:#000000\"><span style=\"background-color:#ffffff\">&#8211; Yabanc\u0131lara m\u00fclk sat\u0131\u015f\u0131<\/span><\/span><\/span><\/span><\/p>\n<p style=\"text-align:left\"><span style=\"font-size:16px\"><span style=\"font-family:Merriweather,serif !important\"><span style=\"color:#000000\"><span style=\"background-color:#ffffff\">Yabanc\u0131lara m\u00fclk sat\u0131\u015f\u0131 hakk\u0131nda da konu\u015fan Erh\u00fcrman, yabac\u0131 bir \u015firkete D\u00fczova\u2019da 50 d\u00f6n\u00fcme yak\u0131n arazi al\u0131m\u0131 izni veren 23 Kas\u0131m tarihli Bakanlar Kurulu karar\u0131n\u0131 okuyarak, kararda \u015firketin yat\u0131r\u0131m amac\u0131n\u0131n yaz\u0131lmamas\u0131n\u0131 ve amac\u0131n bilinmemesini ele\u015ftirdi. Erh\u00fcrman, Bakanlar Kurulu kararlar\u0131n\u0131n gerek\u00e7eli olmas\u0131 gerekti\u011fini kaydetti.<\/span><\/span><\/span><\/span><\/p>\n<p style=\"text-align:left\"><span style=\"font-size:16px\"><span style=\"font-family:Merriweather,serif !important\"><span style=\"color:#000000\"><span style=\"background-color:#ffffff\">Ba\u015fbakan \u00dcnal \u00dcstel\u2019in bas\u0131nda \u00e7\u0131kan \u201cUBP\u2019nin kurultay\u0131n\u0131 Eyl\u00fcl 2024\u2019te yap\u0131laca\u011f\u0131 ve bunun T\u00fcrkiye Cumhuriyeti\u2019ne bildirdi\u011fi\u201d ifadelerini ele\u015ftiren Erh\u00fcrman, \u201cSiyasal Partiler Yasas\u0131\u2019nda kurultaylar\u0131n T\u00fcrkiye\u2019ye bildirilmesi gerekti\u011fini s\u00f6yleyen bir h\u00fck\u00fcm m\u00fc var?\u201d diye sordu, T\u00fcrkiye Cumhuriyeti ile mevcut ili\u015fkilere ele\u015ftirilerde bulundu.<\/span><\/span><\/span><\/span><\/p>\n<p style=\"text-align:left\"><span style=\"font-size:16px\"><span style=\"font-family:Merriweather,serif !important\"><span style=\"color:#000000\"><span style=\"background-color:#ffffff\">Erh\u00fcrman, \u201cBunlar\u0131n yan\u0131n\u0131za kalaca\u011f\u0131n\u0131z\u0131 d\u00fc\u015f\u00fcn\u00fcrs\u00fcn\u00fcz, yan\u0131n\u0131za kalmayacak\u201d dedi.<\/span><\/span><\/span><\/span><\/p>\n<p style=\"text-align:left\"><span style=\"font-size:16px\"><span style=\"font-family:Merriweather,serif !important\"><span style=\"color:#000000\"><span style=\"background-color:#ffffff\">&#8211; O\u011fuz<\/span><\/span><\/span><\/span><\/p>\n<p style=\"text-align:left\"><span style=\"font-size:16px\"><span style=\"font-family:Merriweather,serif !important\"><span style=\"color:#000000\"><span style=\"background-color:#ffffff\">Erh\u00fcrman\u2019\u0131n ard\u0131ndan s\u00f6z alan \u0130\u00e7i\u015fleri Bakan\u0131 Dursun O\u011fuz, Bakanlar Kurulu karar\u0131na ili\u015fkin a\u00e7\u0131klamalarda bulunarak, s\u00f6z konusu arazi al\u0131m\u0131n\u0131n tar\u0131msal ama\u00e7l\u0131 oldu\u011funu kaydetti.<\/span><\/span><\/span><\/span><\/p>\n<p style=\"text-align:left\"><span style=\"font-size:16px\"><span style=\"font-family:Merriweather,serif !important\"><span style=\"color:#000000\"><span style=\"background-color:#ffffff\">O\u011fuz, yabanc\u0131lara y\u00f6nelik k\u0131s\u0131tlamalara ili\u015fkin \u00e7al\u0131\u015fmalar yapt\u0131klar\u0131n\u0131 hat\u0131rlatarak, yap-sat\u2019\u0131 yasaklayacaklar\u0131n\u0131, ancak mal sat\u0131m\u0131n\u0131 yasaklamayacaklar\u0131n\u0131 belirtti; yap-sat haricinde teminat\u0131n da y\u00fckseltildi\u011fini ekledi. O\u011fuz, Mesarya&#8217;yla ilgili \u00e7al\u0131\u015fmalar\u0131n h\u0131zl\u0131 \u015fekilde devam etti\u011fini s\u00f6yledi.<\/span><\/span><\/span><\/span><\/p>\n<p style=\"text-align:left\"><span style=\"font-size:16px\"><span style=\"font-family:Merriweather,serif !important\"><span style=\"color:#000000\"><span style=\"background-color:#ffffff\">CTP Genel Ba\u015fkan\u0131 Erh\u00fcrman, yerinden s\u00f6z alarak, ele\u015ftirilerinin gelecekle ilgili de\u011fil mevcut al\u0131nan kararda gerek\u00e7enin yaz\u0131lmamas\u0131 oldu\u011funu kaydetti.<\/span><\/span><\/span><\/span><\/p>\n<p style=\"text-align:left\">&nbsp;<\/p>\n<p style=\"text-align:left\"><span style=\"font-size:16px\"><span style=\"font-family:Merriweather,serif !important\"><span style=\"color:#000000\"><span style=\"background-color:#ffffff\">&#8211; Ar\u0131kl\u0131<\/span><\/span><\/span><\/span><\/p>\n<p style=\"text-align:left\"><span style=\"font-size:16px\"><span style=\"font-family:Merriweather,serif !important\"><span style=\"color:#000000\"><span style=\"background-color:#ffffff\">Bay\u0131nd\u0131rl\u0131k ve Ula\u015ft\u0131rma Bakan\u0131 Erhan Ar\u0131kl\u0131 da, k\u00fcrs\u00fcye \u00e7\u0131karak, kendi d\u00f6neminde y\u00fcr\u00fct\u00fclen ihalesiz yak\u0131t s\u00fcrecini anlatarak, bu s\u00fcre\u00e7te yak\u0131t al\u0131m\u0131nda hi\u00e7bir zarar\u0131n meydana gelmedi\u011fini kaydetti.<\/span><\/span><\/span><\/span><\/p>\n<p style=\"text-align:left\"><span style=\"font-size:16px\"><span style=\"font-family:Merriweather,serif !important\"><span style=\"color:#000000\"><span style=\"background-color:#ffffff\">Kendisinden sona gelenlerin TP\u0130C\u2019le yeniden al\u0131m i\u00e7in \u00e7al\u0131\u015fmalar yapt\u0131klar\u0131n\u0131, s\u00f6zle\u015fme gere\u011fi davac\u0131 \u015firketin de 9 bin ton akaryak\u0131t getirece\u011fini bildiklerini belirten Ar\u0131kl\u0131, bu s\u00fcre\u00e7te \u015firketin kendilerine \u015fantaj yapt\u0131\u011f\u0131n\u0131 s\u00f6yledi ve 9 bin tonu da getirmedi\u011fini ifade etti. Ar\u0131kl\u0131, bu noktada \u00fclkenin karanl\u0131\u011fa g\u00f6m\u00fclmemesi i\u00e7in pahal\u0131 yak\u0131t almak zorunda olundu\u011funu ifade etti.<\/span><\/span><\/span><\/span><\/p>\n<p style=\"text-align:left\"><span style=\"font-size:16px\"><span style=\"font-family:Merriweather,serif !important\"><span style=\"color:#000000\"><span style=\"background-color:#ffffff\">Ar\u0131kl\u0131, mahkeme karar\u0131na ili\u015fkin, \u201cKurumun avukat\u0131 hi\u00e7 savunma yapmasayd\u0131, \u00e7ok daha hafif bir karar \u00e7\u0131kard\u0131\u201d diyerek, Bakanlar Kurulu\u2019nun s\u00fcre\u00e7ten haberi olmad\u0131\u011f\u0131n\u0131, karar\u0131n da ellerine ge\u00e7medi\u011fini dile getirdi. Kurumun bu kadar savunmas\u0131z b\u0131rak\u0131lmas\u0131n\u0131n \u00fcz\u00fcnt\u00fc verici oldu\u011funu ifade eden Ar\u0131kl\u0131, istinafa gidilece\u011fini a\u00e7\u0131klad\u0131.<\/span><\/span><\/span><\/span><\/p>\n<p style=\"text-align:left\"><span style=\"font-size:16px\"><span style=\"font-family:Merriweather,serif !important\"><span style=\"color:#000000\"><span style=\"background-color:#ffffff\">Rum taraf\u0131ndan, pik d\u00f6nemlerinden dolay\u0131 s\u00fcrekli elektrik al\u0131nd\u0131\u011f\u0131n\u0131 de belirten Ar\u0131kl\u0131, bunun bir zarar olmad\u0131\u011f\u0131n\u0131 s\u00f6yledi.<\/span><\/span><\/span><\/span><\/p>\n<p style=\"text-align:left\"><span style=\"font-size:16px\"><span style=\"font-family:Merriweather,serif !important\"><span style=\"color:#000000\"><span style=\"background-color:#ffffff\">&#8211; Atun<\/span><\/span><\/span><\/span><\/p>\n<p style=\"text-align:left\"><span style=\"font-size:16px\"><span style=\"font-family:Merriweather,serif !important\"><span style=\"color:#000000\"><span style=\"background-color:#ffffff\">Bakan Ar\u0131kl\u0131&#8217;n\u0131n ard\u0131ndan d\u00f6nemin Ekonomi ve Enerji Bakan\u0131, UBP Milletvekili Sunat Atun k\u00fcrs\u00fcye \u00e7\u0131karak, o d\u00f6nemde ya\u015fanan s\u00fcre\u00e7 hakk\u0131nda bilgi verdi; kendilerinin devletin yak\u0131t temininin g\u00fc\u00e7l\u00fc ve altyap\u0131s\u0131 geni\u015f imkanlara sahip olan bir tedarik\u00e7iden yap\u0131lmas\u0131 gerekti\u011fi g\u00f6r\u00fc\u015f\u00fcne vard\u0131klar\u0131n\u0131 kaydetti.<\/span><\/span><\/span><\/span><\/p>\n<p style=\"text-align:left\"><span style=\"font-size:16px\"><span style=\"font-family:Merriweather,serif !important\"><span style=\"color:#000000\"><span style=\"background-color:#ffffff\">Atun, bu olaylar\u0131n cereyan etti\u011fi zamanlar\u0131n Rusya-Ukrayna Sava\u015f\u0131\u2019n\u0131n en hararetli d\u00f6nemleri oldu\u011funa da i\u015faret ederek, petrol\u00fcn en \u00f6nemli emtian\u0131n oldu\u011fu o d\u00f6nemde al\u0131nan karar\u0131n \u00fcretilen bir \u00e7are oldu\u011funu belirtti. &nbsp;<\/span><\/span><\/span><\/span><\/p>\n<p style=\"text-align:left\"><span style=\"font-size:16px\"><span style=\"font-family:Merriweather,serif !important\"><span style=\"color:#000000\"><span style=\"background-color:#ffffff\">Atun, davac\u0131 \u015firketin bir devlete akaryak\u0131t sa\u011flayacak altyap\u0131ya sahip olmad\u0131\u011f\u0131 de\u011ferlendirmesi yapt\u0131klar\u0131n\u0131 kaydederek, niteliksel olarak devlet kurumu olan ve geni\u015f bir altyap\u0131ya sahip TPIC\u2019ten al\u0131nmas\u0131na karar verdiklerini anlatt\u0131.<\/span><\/span><\/span><\/span><\/p>\n<p style=\"text-align:left\"><span style=\"font-size:16px\"><span style=\"font-family:Merriweather,serif !important\"><span style=\"color:#000000\"><span style=\"background-color:#ffffff\">Mahkeme karar\u0131na ili\u015fkin de konu\u015fan Atun, G\u00fcney K\u0131br\u0131s\u2019a \u00f6denen paran\u0131n zarar olarak ifade edilmesinin de\u011ferlendirelece\u011fini, bunun tamam\u0131n\u0131n zarar olmas\u0131n\u0131n m\u00fcmk\u00fcn olmad\u0131\u011f\u0131n\u0131 kaydetti.<\/span><\/span><\/span><\/span><\/p>\n<p style=\"text-align:left\">&nbsp;<\/p>\n<p style=\"text-align:left\"><span style=\"font-size:16px\"><span style=\"font-family:Merriweather,serif !important\"><span style=\"color:#000000\"><span style=\"background-color:#ffffff\">&#8211; Ba\u015fbakan \u00dcstel<\/span><\/span><\/span><\/span><\/p>\n<p style=\"text-align:left\"><span style=\"font-size:16px\"><span style=\"font-family:Merriweather,serif !important\"><span style=\"color:#000000\"><span style=\"background-color:#ffffff\">Bakanlar ve milletvekillerinin ard\u0131ndan s\u00f6z alan Ba\u015fbakan \u00dcnal \u00dcstel ise ilk olarak Kurultay konusuna de\u011finerek, \u201cKurultay UBP\u2019nin i\u00e7erisinde ya\u015fanan bir yar\u0131\u015f. Bu yar\u0131\u015f\u0131n ne zaman olaca\u011f\u0131n\u0131 UBP\u2019nin yetkili organ\u0131 MYK karar verir, Parti Meclisi onaylar ve kamuoyu ile payla\u015f\u0131r. Yakla\u015f\u0131k bir ay \u00f6nce oy birli\u011fiyle MYK\u2019da bu karar al\u0131nd\u0131. Bu yeni \u00e7\u0131km\u0131\u015f bir tarih de\u011fildir\u201d dedi.<\/span><\/span><\/span><\/span><\/p>\n<p style=\"text-align:left\"><span style=\"font-size:16px\"><span style=\"font-family:Merriweather,serif !important\"><span style=\"color:#000000\"><span style=\"background-color:#ffffff\">\u00dcstel, 40\u2019\u0131nc\u0131 y\u0131l kutlamalar\u0131 \u00e7er\u00e7evesinde T\u00fcrkiye Cumhuriyeti\u2019nden gelen \u00fcst d\u00fczey yetkililerle yap\u0131lan konu\u015fmalarda soru \u00fczerine tarihi payla\u015ft\u0131klar\u0131n\u0131 kaydederek, \u201cYanl\u0131\u015f m\u0131 yapt\u0131k? diye sordu.<\/span><\/span><\/span><\/span><\/p>\n<p style=\"text-align:left\"><span style=\"font-size:16px\"><span style=\"font-family:Merriweather,serif !important\"><span style=\"color:#000000\"><span style=\"background-color:#ffffff\">T\u00fcrkiye D\u0131\u015fi\u015fleri Bakan\u0131 Hakan Fidan\u2019\u0131n TBMM\u2019de yapt\u0131\u011f\u0131 \u201cG\u00f6z\u00fcm\u00fcz KKTC\u2019de ve Bakanlar Kurulu\u2019ndad\u0131r\u201d a\u00e7\u0131klamas\u0131 ve mal sat\u0131\u015f\u0131na ili\u015fkin iddialara yan\u0131t veren \u00dcstel, yabanc\u0131lar\u0131n mal al\u0131m\u0131n\u0131n bu \u00fclkede 2004 Annan Plan\u0131\u2019ndan sonra s\u00fcratli bir \u015fekilde artt\u0131\u011f\u0131n\u0131, ya\u015fanan durgunlu\u011fun ard\u0131ndan, h\u00fck\u00fcmete gelen t\u00fcm iktidarlar\u0131n sekt\u00f6r\u00fcn canland\u0131r\u0131lmas\u0131 i\u00e7in \u00e7al\u0131\u015fmalar yapt\u0131\u011f\u0131n\u0131 hat\u0131rlatt\u0131.<\/span><\/span><\/span><\/span><\/p>\n<p style=\"text-align:left\"><span style=\"font-size:16px\"><span style=\"font-family:Merriweather,serif !important\"><span style=\"color:#000000\"><span style=\"background-color:#ffffff\">\u00dcstel, CTP\u2019nin iktidara geldi\u011finde bir ilki ger\u00e7ekle\u015ftirerek yabanc\u0131lara mal al\u0131m\u0131n\u0131 1\u2019den 4\u2019e \u00e7\u0131kard\u0131\u011f\u0131na i\u015faret ederek, sorgulaman\u0131n sadece son 3 y\u0131la y\u00f6nelik yap\u0131lmas\u0131n\u0131 ele\u015ftirdi.<\/span><\/span><\/span><\/span><\/p>\n<p style=\"text-align:left\"><span style=\"font-size:16px\"><span style=\"font-family:Merriweather,serif !important\"><span style=\"color:#000000\"><span style=\"background-color:#ffffff\">\u00dcstel, kendisi \u0130\u00e7i\u015fleri Bakan\u0131\u2019yken yabanc\u0131lar\u0131n tapuda yapt\u0131\u011f\u0131 s\u00f6zle\u015fmeleri bire indirdi\u011fini an\u0131msatt\u0131.<\/span><\/span><\/span><\/span><\/p>\n<p style=\"text-align:left\"><span style=\"font-size:16px\"><span style=\"font-family:Merriweather,serif !important\"><span style=\"color:#000000\"><span style=\"background-color:#ffffff\">\u201cHepimizin baz\u0131 \u015feyleri eksik yapt\u0131\u011f\u0131n\u0131 kabul etmemiz laz\u0131m\u201d diyen \u00dcstel, Tapu Dairelerinde y\u0131llard\u0131r otomasyon \u00e7al\u0131\u015fmas\u0131n\u0131n tamamlanamamas\u0131n\u0131 ele\u015ftirerek, 2022 \u00f6ncesi kay\u0131tlar\u0131n defterlerde oldu\u011funu, 2023 y\u0131l\u0131n\u0131n ise bir tu\u015fla al\u0131nabilece\u011fini kaydetti.<\/span><\/span><\/span><\/span><\/p>\n<p style=\"text-align:left\"><span style=\"font-size:16px\"><span style=\"font-family:Merriweather,serif !important\"><span style=\"color:#000000\"><span style=\"background-color:#ffffff\">Yabanc\u0131lara mal sat\u0131\u015f\u0131na ili\u015fkin \u201cTela\u015f edecek, y\u00fcksek rakamlar yoktur\u201d diyen \u00dcstel, bug\u00fcn \u00fclke ekonomisinin \u00e7arklar\u0131 d\u00f6n\u00fcyorsa m\u00fcteahhitlerin yapt\u0131\u011f\u0131 i\u015fler ve bu \u00e7al\u0131\u015fmalar\u0131n turizme yapt\u0131klar\u0131 etkiler sayesinde oldu\u011funu vurgulad\u0131.<\/span><\/span><\/span><\/span><\/p>\n<p style=\"text-align:left\"><span style=\"font-size:16px\"><span style=\"font-family:Merriweather,serif !important\"><span style=\"color:#000000\"><span style=\"background-color:#ffffff\">Fidan\u2019\u0131n a\u00e7\u0131klamalar\u0131na ili\u015fkin \u00dcstel, &#8220;Say\u0131n Hakan Fidan&#8217;\u0131n yapt\u0131\u011f\u0131 a\u00e7\u0131klama b\u00fct\u00fcn yabanc\u0131lar\u0131n mal al\u0131rken Tapu Dairesi&#8217;nde bir tane kay\u0131t hakk\u0131 var, ikincisi Bakanlar Kurulu&#8217;ndan ge\u00e7er, g\u00fcvenlik soru\u015fturmas\u0131 yap\u0131l\u0131r ve ondan sonra al\u0131r\u201d ifadelerini kulland\u0131. \u00dcstel, tapuda kayd\u0131 olan s\u00f6zle\u015fmelerin belli oldu\u011funu, di\u011fer s\u00f6zle\u015fmelerin de Meclis\u2019e getirecekleri yeni yasa ile kayda al\u0131naca\u011f\u0131n\u0131 a\u00e7\u0131klad\u0131, Savc\u0131l\u0131ktan g\u00f6r\u00fc\u015f beklediklerini bildirdi.<\/span><\/span><\/span><\/span><\/p>\n<p style=\"text-align:left\"><span style=\"font-size:16px\"><span style=\"font-family:Merriweather,serif !important\"><span style=\"color:#000000\"><span style=\"background-color:#ffffff\">&#8211; \u201cK\u0131b-Tek\u2019teki d\u00fczeni bozduk\u201d<\/span><\/span><\/span><\/span><\/p>\n<p style=\"text-align:left\"><span style=\"font-size:16px\"><span style=\"font-family:Merriweather,serif !important\"><span style=\"color:#000000\"><span style=\"background-color:#ffffff\">K\u0131b-Tek\u2019le ili\u015fkin mahkemenin gerek\u00e7eli karar\u0131n\u0131n incelenmesinin ard\u0131ndan tekrardan konu\u015fulabilece\u011fini ve kararlar \u00fcretebilece\u011fini kaydeden \u00dcstel, ge\u00e7mi\u015ften beri K\u0131b-Tek\u2019te k\u00f6t\u00fc bir d\u00fczenin oldu\u011funu ve kendilerinin bu d\u00fczeni bozdu\u011funu belirtti.<\/span><\/span><\/span><\/span><\/p>\n<p style=\"text-align:left\"><span style=\"font-size:16px\"><span style=\"font-family:Merriweather,serif !important\"><span style=\"color:#000000\"><span style=\"background-color:#ffffff\">Ba\u015fbakan \u00dcstel, yak\u0131t al\u0131m\u0131yla ili\u015fkin de ge\u00e7mi\u015ften gelen bir d\u00fczen neticesinde K\u0131b-TEk&#8217;e yak\u0131t\u0131 ihaleyi kazanan \u015firketin getirdi\u011fin, kaydederek, baz\u0131 durumlarda ihaleyi alan \u015firketlerin ertesi g\u00fcn getiremeyece\u011fini bildirmesi gibi s\u0131k\u0131nt\u0131lar ya\u015fad\u0131klar\u0131n\u0131, bu nedenle kurumsal bir \u015firketle \u00e7al\u0131\u015fmak istediklerini belirtti.<\/span><\/span><\/span><\/span><\/p>\n","protected":false},"excerpt":{"rendered":"<p>Cumhuriyet Meclisi Genel Kurulu&#8217;nda muhalefet milletvekillerinin konu\u015fmalar\u0131n\u0131 cevaplayan Ba\u015fbakan \u00dcnal \u00dcstel, &#8220;Yabanc\u0131lara mal sat\u0131\u015f\u0131na ili\u015fkin tela\u015f edecek, y\u00fcksek rakamlar yoktur&#8230; Bug\u00fcn \u00fclke ekonomisinin \u00e7arklar\u0131 d\u00f6n\u00fcyorsa m\u00fcteahhitlerin yapt\u0131\u011f\u0131 i\u015fler ve bu \u00e7al\u0131\u015fmalar\u0131n turizme yapt\u0131klar\u0131 etkiler sayesindedir&#8221; dedi. Yasama ve denetim g\u00fcndemiyle toplanan Meclis Genel Kurulu\u2019nda ilk olarak CTP Genel Ba\u015fkan\u0131 Tufan Erh\u00fcrman, 62. madde taht\u0131nda \u201cdevletin<\/p>\n","protected":false},"author":1,"featured_media":20193,"comment_status":"open","ping_status":"open","sticky":false,"template":"","format":"standard","meta":{"footnotes":""},"categories":[1],"tags":[],"class_list":["post-20192","post","type-post","status-publish","format-standard","has-post-thumbnail","hentry","category-gundem"],"yoast_head":"<!-- This site is optimized with the Yoast SEO plugin v27.4 - https:\/\/yoast.com\/product\/yoast-seo-wordpress\/ -->\n<title>\u00dcstel: &quot;Yabanc\u0131lara mal sat\u0131\u015f\u0131na ili\u015fkin tela\u015f edecek y\u00fcksek rakamlar yoktur...&quot; -<\/title>\n<meta name=\"robots\" content=\"index, follow, max-snippet:-1, max-image-preview:large, max-video-preview:-1\" \/>\n<link rel=\"canonical\" href=\"https:\/\/kibrisdakik.com\/?p=20192\" \/>\n<meta property=\"og:locale\" content=\"tr_TR\" \/>\n<meta property=\"og:type\" content=\"article\" \/>\n<meta property=\"og:title\" content=\"\u00dcstel: &quot;Yabanc\u0131lara mal sat\u0131\u015f\u0131na ili\u015fkin tela\u015f edecek y\u00fcksek rakamlar yoktur...&quot; -\" \/>\n<meta property=\"og:description\" content=\"Cumhuriyet Meclisi Genel Kurulu&#8217;nda muhalefet milletvekillerinin konu\u015fmalar\u0131n\u0131 cevaplayan Ba\u015fbakan \u00dcnal \u00dcstel, &#8220;Yabanc\u0131lara mal sat\u0131\u015f\u0131na ili\u015fkin tela\u015f edecek, y\u00fcksek rakamlar yoktur&#8230; Bug\u00fcn \u00fclke ekonomisinin \u00e7arklar\u0131 d\u00f6n\u00fcyorsa m\u00fcteahhitlerin yapt\u0131\u011f\u0131 i\u015fler ve bu \u00e7al\u0131\u015fmalar\u0131n turizme yapt\u0131klar\u0131 etkiler sayesindedir&#8221; dedi. Yasama ve denetim g\u00fcndemiyle toplanan Meclis Genel Kurulu\u2019nda ilk olarak CTP Genel Ba\u015fkan\u0131 Tufan Erh\u00fcrman, 62. madde taht\u0131nda \u201cdevletin\" \/>\n<meta property=\"og:url\" content=\"https:\/\/kibrisdakik.com\/?p=20192\" \/>\n<meta property=\"article:published_time\" content=\"2023-11-27T14:19:50+00:00\" \/>\n<meta property=\"og:image\" content=\"https:\/\/kibrisdakik.com\/wp-content\/uploads\/2023\/11\/ustel-yabancilara-mal-satisina-iliskin-telas-edecek-yuksek-rakamlar-yoktur-1701092726.webp.webp\" \/>\n\t<meta property=\"og:image:width\" content=\"710\" \/>\n\t<meta property=\"og:image:height\" content=\"370\" \/>\n\t<meta property=\"og:image:type\" content=\"image\/webp\" \/>\n<meta name=\"author\" content=\"admin\" \/>\n<meta name=\"twitter:card\" content=\"summary_large_image\" \/>\n<meta name=\"twitter:label1\" content=\"Yazan:\" \/>\n\t<meta name=\"twitter:data1\" content=\"admin\" \/>\n\t<meta name=\"twitter:label2\" content=\"Tahmini okuma s\u00fcresi\" \/>\n\t<meta name=\"twitter:data2\" content=\"8 dakika\" \/>\n<script type=\"application\/ld+json\" class=\"yoast-schema-graph\">{\"@context\":\"https:\\\/\\\/schema.org\",\"@graph\":[{\"@type\":\"Article\",\"@id\":\"https:\\\/\\\/kibrisdakik.com\\\/?p=20192#article\",\"isPartOf\":{\"@id\":\"https:\\\/\\\/kibrisdakik.com\\\/?p=20192\"},\"author\":{\"name\":\"admin\",\"@id\":\"https:\\\/\\\/kibrisdakik.com\\\/#\\\/schema\\\/person\\\/9cd9d437bbb44f72b73ba127e06d8e79\"},\"headline\":\"\u00dcstel: &quot;Yabanc\u0131lara mal sat\u0131\u015f\u0131na ili\u015fkin tela\u015f edecek y\u00fcksek rakamlar yoktur&#8230;&quot;\",\"datePublished\":\"2023-11-27T14:19:50+00:00\",\"mainEntityOfPage\":{\"@id\":\"https:\\\/\\\/kibrisdakik.com\\\/?p=20192\"},\"wordCount\":1699,\"commentCount\":0,\"image\":{\"@id\":\"https:\\\/\\\/kibrisdakik.com\\\/?p=20192#primaryimage\"},\"thumbnailUrl\":\"https:\\\/\\\/kibrisdakik.com\\\/wp-content\\\/uploads\\\/2023\\\/11\\\/ustel-yabancilara-mal-satisina-iliskin-telas-edecek-yuksek-rakamlar-yoktur-1701092726.webp.webp\",\"articleSection\":[\"G\u00fcndem\"],\"inLanguage\":\"tr\",\"potentialAction\":[{\"@type\":\"CommentAction\",\"name\":\"Comment\",\"target\":[\"https:\\\/\\\/kibrisdakik.com\\\/?p=20192#respond\"]}]},{\"@type\":\"WebPage\",\"@id\":\"https:\\\/\\\/kibrisdakik.com\\\/?p=20192\",\"url\":\"https:\\\/\\\/kibrisdakik.com\\\/?p=20192\",\"name\":\"\u00dcstel: &quot;Yabanc\u0131lara mal sat\u0131\u015f\u0131na ili\u015fkin tela\u015f edecek y\u00fcksek rakamlar yoktur...&quot; -\",\"isPartOf\":{\"@id\":\"https:\\\/\\\/kibrisdakik.com\\\/#website\"},\"primaryImageOfPage\":{\"@id\":\"https:\\\/\\\/kibrisdakik.com\\\/?p=20192#primaryimage\"},\"image\":{\"@id\":\"https:\\\/\\\/kibrisdakik.com\\\/?p=20192#primaryimage\"},\"thumbnailUrl\":\"https:\\\/\\\/kibrisdakik.com\\\/wp-content\\\/uploads\\\/2023\\\/11\\\/ustel-yabancilara-mal-satisina-iliskin-telas-edecek-yuksek-rakamlar-yoktur-1701092726.webp.webp\",\"datePublished\":\"2023-11-27T14:19:50+00:00\",\"author\":{\"@id\":\"https:\\\/\\\/kibrisdakik.com\\\/#\\\/schema\\\/person\\\/9cd9d437bbb44f72b73ba127e06d8e79\"},\"breadcrumb\":{\"@id\":\"https:\\\/\\\/kibrisdakik.com\\\/?p=20192#breadcrumb\"},\"inLanguage\":\"tr\",\"potentialAction\":[{\"@type\":\"ReadAction\",\"target\":[\"https:\\\/\\\/kibrisdakik.com\\\/?p=20192\"]}]},{\"@type\":\"ImageObject\",\"inLanguage\":\"tr\",\"@id\":\"https:\\\/\\\/kibrisdakik.com\\\/?p=20192#primaryimage\",\"url\":\"https:\\\/\\\/kibrisdakik.com\\\/wp-content\\\/uploads\\\/2023\\\/11\\\/ustel-yabancilara-mal-satisina-iliskin-telas-edecek-yuksek-rakamlar-yoktur-1701092726.webp.webp\",\"contentUrl\":\"https:\\\/\\\/kibrisdakik.com\\\/wp-content\\\/uploads\\\/2023\\\/11\\\/ustel-yabancilara-mal-satisina-iliskin-telas-edecek-yuksek-rakamlar-yoktur-1701092726.webp.webp\",\"width\":710,\"height\":370},{\"@type\":\"BreadcrumbList\",\"@id\":\"https:\\\/\\\/kibrisdakik.com\\\/?p=20192#breadcrumb\",\"itemListElement\":[{\"@type\":\"ListItem\",\"position\":1,\"name\":\"Home\",\"item\":\"https:\\\/\\\/kibrisdakik.com\\\/\"},{\"@type\":\"ListItem\",\"position\":2,\"name\":\"\u00dcstel: &quot;Yabanc\u0131lara mal sat\u0131\u015f\u0131na ili\u015fkin tela\u015f edecek y\u00fcksek rakamlar yoktur&#8230;&quot;\"}]},{\"@type\":\"WebSite\",\"@id\":\"https:\\\/\\\/kibrisdakik.com\\\/#website\",\"url\":\"https:\\\/\\\/kibrisdakik.com\\\/\",\"name\":\"\",\"description\":\"Tam vaktinde haber\",\"potentialAction\":[{\"@type\":\"SearchAction\",\"target\":{\"@type\":\"EntryPoint\",\"urlTemplate\":\"https:\\\/\\\/kibrisdakik.com\\\/?s={search_term_string}\"},\"query-input\":{\"@type\":\"PropertyValueSpecification\",\"valueRequired\":true,\"valueName\":\"search_term_string\"}}],\"inLanguage\":\"tr\"},{\"@type\":\"Person\",\"@id\":\"https:\\\/\\\/kibrisdakik.com\\\/#\\\/schema\\\/person\\\/9cd9d437bbb44f72b73ba127e06d8e79\",\"name\":\"admin\",\"image\":{\"@type\":\"ImageObject\",\"inLanguage\":\"tr\",\"@id\":\"https:\\\/\\\/secure.gravatar.com\\\/avatar\\\/ccc17943b9d660506c869530f897617f7cb1c21a4bf30023f252596d83e1f007?s=96&d=mm&r=g\",\"url\":\"https:\\\/\\\/secure.gravatar.com\\\/avatar\\\/ccc17943b9d660506c869530f897617f7cb1c21a4bf30023f252596d83e1f007?s=96&d=mm&r=g\",\"contentUrl\":\"https:\\\/\\\/secure.gravatar.com\\\/avatar\\\/ccc17943b9d660506c869530f897617f7cb1c21a4bf30023f252596d83e1f007?s=96&d=mm&r=g\",\"caption\":\"admin\"},\"sameAs\":[\"https:\\\/\\\/kibrisdakik.com\"],\"url\":\"https:\\\/\\\/kibrisdakik.com\\\/?author=1\"}]}<\/script>\n<!-- \/ Yoast SEO plugin. -->","yoast_head_json":{"title":"\u00dcstel: &quot;Yabanc\u0131lara mal sat\u0131\u015f\u0131na ili\u015fkin tela\u015f edecek y\u00fcksek rakamlar yoktur...&quot; -","robots":{"index":"index","follow":"follow","max-snippet":"max-snippet:-1","max-image-preview":"max-image-preview:large","max-video-preview":"max-video-preview:-1"},"canonical":"https:\/\/kibrisdakik.com\/?p=20192","og_locale":"tr_TR","og_type":"article","og_title":"\u00dcstel: &quot;Yabanc\u0131lara mal sat\u0131\u015f\u0131na ili\u015fkin tela\u015f edecek y\u00fcksek rakamlar yoktur...&quot; -","og_description":"Cumhuriyet Meclisi Genel Kurulu&#8217;nda muhalefet milletvekillerinin konu\u015fmalar\u0131n\u0131 cevaplayan Ba\u015fbakan \u00dcnal \u00dcstel, &#8220;Yabanc\u0131lara mal sat\u0131\u015f\u0131na ili\u015fkin tela\u015f edecek, y\u00fcksek rakamlar yoktur&#8230; Bug\u00fcn \u00fclke ekonomisinin \u00e7arklar\u0131 d\u00f6n\u00fcyorsa m\u00fcteahhitlerin yapt\u0131\u011f\u0131 i\u015fler ve bu \u00e7al\u0131\u015fmalar\u0131n turizme yapt\u0131klar\u0131 etkiler sayesindedir&#8221; dedi. Yasama ve denetim g\u00fcndemiyle toplanan Meclis Genel Kurulu\u2019nda ilk olarak CTP Genel Ba\u015fkan\u0131 Tufan Erh\u00fcrman, 62. madde taht\u0131nda \u201cdevletin","og_url":"https:\/\/kibrisdakik.com\/?p=20192","article_published_time":"2023-11-27T14:19:50+00:00","og_image":[{"width":710,"height":370,"url":"https:\/\/kibrisdakik.com\/wp-content\/uploads\/2023\/11\/ustel-yabancilara-mal-satisina-iliskin-telas-edecek-yuksek-rakamlar-yoktur-1701092726.webp.webp","type":"image\/webp"}],"author":"admin","twitter_card":"summary_large_image","twitter_misc":{"Yazan:":"admin","Tahmini okuma s\u00fcresi":"8 dakika"},"schema":{"@context":"https:\/\/schema.org","@graph":[{"@type":"Article","@id":"https:\/\/kibrisdakik.com\/?p=20192#article","isPartOf":{"@id":"https:\/\/kibrisdakik.com\/?p=20192"},"author":{"name":"admin","@id":"https:\/\/kibrisdakik.com\/#\/schema\/person\/9cd9d437bbb44f72b73ba127e06d8e79"},"headline":"\u00dcstel: &quot;Yabanc\u0131lara mal sat\u0131\u015f\u0131na ili\u015fkin tela\u015f edecek y\u00fcksek rakamlar yoktur&#8230;&quot;","datePublished":"2023-11-27T14:19:50+00:00","mainEntityOfPage":{"@id":"https:\/\/kibrisdakik.com\/?p=20192"},"wordCount":1699,"commentCount":0,"image":{"@id":"https:\/\/kibrisdakik.com\/?p=20192#primaryimage"},"thumbnailUrl":"https:\/\/kibrisdakik.com\/wp-content\/uploads\/2023\/11\/ustel-yabancilara-mal-satisina-iliskin-telas-edecek-yuksek-rakamlar-yoktur-1701092726.webp.webp","articleSection":["G\u00fcndem"],"inLanguage":"tr","potentialAction":[{"@type":"CommentAction","name":"Comment","target":["https:\/\/kibrisdakik.com\/?p=20192#respond"]}]},{"@type":"WebPage","@id":"https:\/\/kibrisdakik.com\/?p=20192","url":"https:\/\/kibrisdakik.com\/?p=20192","name":"\u00dcstel: &quot;Yabanc\u0131lara mal sat\u0131\u015f\u0131na ili\u015fkin tela\u015f edecek y\u00fcksek rakamlar yoktur...&quot; -","isPartOf":{"@id":"https:\/\/kibrisdakik.com\/#website"},"primaryImageOfPage":{"@id":"https:\/\/kibrisdakik.com\/?p=20192#primaryimage"},"image":{"@id":"https:\/\/kibrisdakik.com\/?p=20192#primaryimage"},"thumbnailUrl":"https:\/\/kibrisdakik.com\/wp-content\/uploads\/2023\/11\/ustel-yabancilara-mal-satisina-iliskin-telas-edecek-yuksek-rakamlar-yoktur-1701092726.webp.webp","datePublished":"2023-11-27T14:19:50+00:00","author":{"@id":"https:\/\/kibrisdakik.com\/#\/schema\/person\/9cd9d437bbb44f72b73ba127e06d8e79"},"breadcrumb":{"@id":"https:\/\/kibrisdakik.com\/?p=20192#breadcrumb"},"inLanguage":"tr","potentialAction":[{"@type":"ReadAction","target":["https:\/\/kibrisdakik.com\/?p=20192"]}]},{"@type":"ImageObject","inLanguage":"tr","@id":"https:\/\/kibrisdakik.com\/?p=20192#primaryimage","url":"https:\/\/kibrisdakik.com\/wp-content\/uploads\/2023\/11\/ustel-yabancilara-mal-satisina-iliskin-telas-edecek-yuksek-rakamlar-yoktur-1701092726.webp.webp","contentUrl":"https:\/\/kibrisdakik.com\/wp-content\/uploads\/2023\/11\/ustel-yabancilara-mal-satisina-iliskin-telas-edecek-yuksek-rakamlar-yoktur-1701092726.webp.webp","width":710,"height":370},{"@type":"BreadcrumbList","@id":"https:\/\/kibrisdakik.com\/?p=20192#breadcrumb","itemListElement":[{"@type":"ListItem","position":1,"name":"Home","item":"https:\/\/kibrisdakik.com\/"},{"@type":"ListItem","position":2,"name":"\u00dcstel: &quot;Yabanc\u0131lara mal sat\u0131\u015f\u0131na ili\u015fkin tela\u015f edecek y\u00fcksek rakamlar yoktur&#8230;&quot;"}]},{"@type":"WebSite","@id":"https:\/\/kibrisdakik.com\/#website","url":"https:\/\/kibrisdakik.com\/","name":"","description":"Tam vaktinde haber","potentialAction":[{"@type":"SearchAction","target":{"@type":"EntryPoint","urlTemplate":"https:\/\/kibrisdakik.com\/?s={search_term_string}"},"query-input":{"@type":"PropertyValueSpecification","valueRequired":true,"valueName":"search_term_string"}}],"inLanguage":"tr"},{"@type":"Person","@id":"https:\/\/kibrisdakik.com\/#\/schema\/person\/9cd9d437bbb44f72b73ba127e06d8e79","name":"admin","image":{"@type":"ImageObject","inLanguage":"tr","@id":"https:\/\/secure.gravatar.com\/avatar\/ccc17943b9d660506c869530f897617f7cb1c21a4bf30023f252596d83e1f007?s=96&d=mm&r=g","url":"https:\/\/secure.gravatar.com\/avatar\/ccc17943b9d660506c869530f897617f7cb1c21a4bf30023f252596d83e1f007?s=96&d=mm&r=g","contentUrl":"https:\/\/secure.gravatar.com\/avatar\/ccc17943b9d660506c869530f897617f7cb1c21a4bf30023f252596d83e1f007?s=96&d=mm&r=g","caption":"admin"},"sameAs":["https:\/\/kibrisdakik.com"],"url":"https:\/\/kibrisdakik.com\/?author=1"}]}},"_links":{"self":[{"href":"https:\/\/kibrisdakik.com\/index.php?rest_route=\/wp\/v2\/posts\/20192","targetHints":{"allow":["GET"]}}],"collection":[{"href":"https:\/\/kibrisdakik.com\/index.php?rest_route=\/wp\/v2\/posts"}],"about":[{"href":"https:\/\/kibrisdakik.com\/index.php?rest_route=\/wp\/v2\/types\/post"}],"author":[{"embeddable":true,"href":"https:\/\/kibrisdakik.com\/index.php?rest_route=\/wp\/v2\/users\/1"}],"replies":[{"embeddable":true,"href":"https:\/\/kibrisdakik.com\/index.php?rest_route=%2Fwp%2Fv2%2Fcomments&post=20192"}],"version-history":[{"count":0,"href":"https:\/\/kibrisdakik.com\/index.php?rest_route=\/wp\/v2\/posts\/20192\/revisions"}],"wp:featuredmedia":[{"embeddable":true,"href":"https:\/\/kibrisdakik.com\/index.php?rest_route=\/wp\/v2\/media\/20193"}],"wp:attachment":[{"href":"https:\/\/kibrisdakik.com\/index.php?rest_route=%2Fwp%2Fv2%2Fmedia&parent=20192"}],"wp:term":[{"taxonomy":"category","embeddable":true,"href":"https:\/\/kibrisdakik.com\/index.php?rest_route=%2Fwp%2Fv2%2Fcategories&post=20192"},{"taxonomy":"post_tag","embeddable":true,"href":"https:\/\/kibrisdakik.com\/index.php?rest_route=%2Fwp%2Fv2%2Ftags&post=20192"}],"curies":[{"name":"wp","href":"https:\/\/api.w.org\/{rel}","templated":true}]}}