{"id":20224,"date":"2023-11-27T17:23:56","date_gmt":"2023-11-27T17:23:56","guid":{"rendered":"https:\/\/kibrisdakik.com\/index.php\/2023\/11\/27\/ziya-ozturkler-milli-degerleri-ve-gelecegi-dusunerek-adimlar-atmamiz-gerekir\/"},"modified":"2023-11-27T17:23:56","modified_gmt":"2023-11-27T17:23:56","slug":"ziya-ozturkler-milli-degerleri-ve-gelecegi-dusunerek-adimlar-atmamiz-gerekir","status":"publish","type":"post","link":"https:\/\/kibrisdakik.com\/?p=20224","title":{"rendered":"Ziya \u00d6zt\u00fcrkler: Milli de\u011ferleri ve gelece\u011fi d\u00fc\u015f\u00fcnerek ad\u0131mlar atmam\u0131z gerekir"},"content":{"rendered":"<p><img decoding=\"async\" src=\"https:\/\/www.kibristurk.com\/images\/haberler\/2023\/11\/ziya-ozturkler-milli-degerleri-ve-gelecegi-dusunerek-adimlar-atmamiz-gerekir-1701084232.webp\" \/><\/p>\n<p><span style=\"font-size:12pt\"><span style=\"font-family:Calibri,sans-serif\"><span style=\"font-size:13.0pt\">Ulusal Birlik Partisi (UBP) G\u00fczelyurt Milletvekili Dr. Ziya \u00d6zt\u00fcrkler, yabanc\u0131lar\u0131n KKTC\u2019de ta\u015f\u0131nmaz mal edinmesine y\u00f6nelik olarak g\u00f6rev s\u00fcreleri i\u00e7erisinde gerek emlak\u00e7\u0131lar yasas\u0131 gerekse de yabanc\u0131lar\u0131n KKTC\u2019de mal sat\u0131n almalar\u0131na y\u00f6nelik yasa \u00e7al\u0131\u015fmalar\u0131nda son a\u015famaya getirdiklerini belirtti.<\/span><\/span><\/span><\/p>\n<p>&nbsp;<\/p>\n<p><span style=\"font-size:12pt\"><span style=\"font-family:Calibri,sans-serif\"><span style=\"font-size:13.0pt\">Bu hassas konularda yasal d\u00fczenlemeler yap\u0131lmas\u0131 gerekti\u011fini ifade eden \u00d6zt\u00fcrkler, \u201cYabanc\u0131lara ta\u015f\u0131nmaz mal sat\u0131\u015flar\u0131n\u0131n kontrol\u00fcnde en \u00f6nemli konu sat\u0131\u015f s\u00f6zle\u015fmeleridir. Emlak alan\u0131 \u00e7ok kritik bir konu, bu alanda kontrol\u00fc sa\u011flayacak yasal d\u00fczenleme ihtiyac\u0131 vard\u0131r. Yakla\u015f\u0131k 15 ay \u0130\u00e7i\u015fleri Bakanl\u0131\u011f\u0131 g\u00f6revinde bulundum. G\u00f6rev s\u00fcremiz i\u00e7erisinde bu konuda yasa tasar\u0131s\u0131 haz\u0131rland\u0131 ve bir \u00e7al\u0131\u015fma ortaya kondu. \u00d6zellikle devletin kontrol\u00fcnde olmayan emlak\u00e7\u0131 ve hukuk\u00e7ular \u00fczerinden yabanc\u0131lara yap\u0131lan sat\u0131\u015f s\u00f6zle\u015fmelerinin kontrol edilmesi ad\u0131na yasal d\u00fczenleme hedeflendi. Burada yapt\u0131\u011f\u0131m\u0131z de\u011ferlendirme sonucunda esas sorunun, yabanc\u0131lar\u0131n ta\u015f\u0131nmaz mal sat\u0131n alma izinlerinde de\u011fil, yabanc\u0131lara emlak\u00e7\u0131lar ve hukuk\u00e7ular \u00fczerinden yap\u0131lan sat\u0131\u015f s\u00f6zle\u015fmeleri konusunda ya\u015fand\u0131\u011f\u0131n\u0131 tespit ettik. Milli de\u011ferleri ve gelece\u011fi d\u00fc\u015f\u00fcnerek ad\u0131mlar atmam\u0131z gerekir. \u00dclke topraklar\u0131m\u0131z\u0131 koruyabilmek i\u00e7in yabanc\u0131lar\u0131n alaca\u011f\u0131 mallarla ilgili yasal d\u00fczenlemenin hayat bulmas\u0131 elzemdir\u201d dedi.<\/span><\/span><\/span><\/p>\n<p>&nbsp;<\/p>\n<p><span style=\"font-size:12pt\"><span style=\"font-family:Calibri,sans-serif\"><span style=\"font-size:13.0pt\">\u201c\u00dcLKEYE G\u0130R\u0130\u015e-\u00c7IKI\u015eLARIN KONTROL\u00dc ADINA HAZIR OLAN \u00c7ALI\u015eMALARIN HAYAT BULMASI \u0130LE \u00dcLKE KAZANACAKTIR\u201d<\/span><\/span><\/span><\/p>\n<p>&nbsp;<\/p>\n<p><span style=\"font-size:12pt\"><span style=\"font-family:Calibri,sans-serif\"><span style=\"font-size:13.0pt\">\u00dclkeye giri\u015f-\u00e7\u0131k\u0131\u015flarda kontrol\u00fcn art\u0131r\u0131lmas\u0131 ve d\u00fczensiz g\u00f6\u00e7le m\u00fccadele konusunda yapt\u0131klar\u0131 \u00e7al\u0131\u015fmalar\u0131 da aktaran \u00d6zt\u00fcrkler, g\u00f6rev s\u00fcreleri i\u00e7erisinde en fazla \u00f6nem verdikleri konunun \u00fclke g\u00fcvenli\u011fi ve kamu huzurunun sa\u011flanmas\u0131 oldu\u011funu hat\u0131rlatt\u0131.<\/span><\/span><\/span><\/p>\n<p>&nbsp;<\/p>\n<p><span style=\"font-size:12pt\"><span style=\"font-family:Calibri,sans-serif\"><span style=\"font-size:13.0pt\">\u00d6zt\u00fcrkler, \u00f6zellikle g\u00f6reve gelir gelmez cezaevi verilerini alarak 10 y\u0131ll\u0131k su\u00e7 ve su\u00e7a kar\u0131\u015fan \u00fclke vatanda\u015flar\u0131 konusunda ciddi bir \u00e7al\u0131\u015fma yapt\u0131rd\u0131klar\u0131n\u0131, ortaya \u00e7\u0131kan tabloya g\u00f6re de hem E-Vize Otomasyon Sistemi Projesinde ilk s\u0131raya konacak \u00fclkeleri, hem de sorunun esas\u0131na dair sistemi kurman\u0131n do\u011fru olaca\u011f\u0131n\u0131 g\u00f6rd\u00fcklerini belirtti.<\/span><\/span><\/span><\/p>\n<p>&nbsp;<\/p>\n<p><span style=\"font-size:12pt\"><span style=\"font-family:Calibri,sans-serif\"><span style=\"font-size:13.0pt\">\u00dclke g\u00fcvenli\u011fi ve kamu huzurunun korunmas\u0131 ad\u0131na herkesin bildi\u011fi gibi s\u0131f\u0131r toleransla hareket edildi\u011fini belirten \u00d6zt\u00fcrkler, \u201cBu konu en fazla dikkat etmemiz gereken hususlar\u0131n ba\u015f\u0131nda gelmektedir. E-Vize ile su\u00e7 ve su\u00e7a kar\u0131\u015fan yabanc\u0131lar\u0131n daha \u00fclkeye girmeden s\u0131k\u0131 bir denetimden ge\u00e7mesi hedeflendi. S\u00fcre\u00e7 T\u00fcrkiye Cumhuriyeti ile isti\u015fare i\u00e7erisinde g\u00f6t\u00fcr\u00fcld\u00fc. Yapt\u0131\u011f\u0131m\u0131z ortak \u00e7al\u0131\u015fma ve toplant\u0131lar sonucunda da T\u00fcrkiye D\u0131\u015fi\u015fleri Bakan\u0131 Say\u0131n Hakan Fidan ve KKTC \u0130\u00e7i\u015fleri Bakan\u0131 olarak benim, TC Cumhurba\u015fkan\u0131 Say\u0131n Recep Tayyip Erdo\u011fan ve Cumhurba\u015fkan\u0131m\u0131z Say\u0131n Ersin Tatar\u2019\u0131n huzurlar\u0131nda imzalad\u0131\u011f\u0131m\u0131z \u201cMutabakat Zapt\u0131\u201d ortaya \u00e7\u0131km\u0131\u015ft\u0131r. Bu \u00e7er\u00e7evede y\u00fcr\u00fctt\u00fc\u011f\u00fcm\u00fcz ve tam anlam\u0131yla haz\u0131r olan \u00e7al\u0131\u015fmalar\u0131n hayat bulmas\u0131 ile \u00fclkemiz kazanacakt\u0131r. KKTC D\u00fczensiz G\u00f6\u00e7le M\u00fccadele Merkezi\u2019nin Mutabakat Zapt\u0131 \u00e7er\u00e7evesinde hayat bulmas\u0131 ile \u00fclkeye giri\u015f \u00e7\u0131k\u0131\u015flar\u0131n kontrol\u00fc, E-vize sistemi ve d\u00fczensiz olan yabanc\u0131lar\u0131n kay\u0131t alt\u0131na al\u0131nmas\u0131 sa\u011flanacakt\u0131r\u201d dedi.<\/span><\/span><\/span><\/p>\n","protected":false},"excerpt":{"rendered":"<p>Ulusal Birlik Partisi (UBP) G\u00fczelyurt Milletvekili Dr. Ziya \u00d6zt\u00fcrkler, yabanc\u0131lar\u0131n KKTC\u2019de ta\u015f\u0131nmaz mal edinmesine y\u00f6nelik olarak g\u00f6rev s\u00fcreleri i\u00e7erisinde gerek emlak\u00e7\u0131lar yasas\u0131 gerekse de yabanc\u0131lar\u0131n KKTC\u2019de mal sat\u0131n almalar\u0131na y\u00f6nelik yasa \u00e7al\u0131\u015fmalar\u0131nda son a\u015famaya getirdiklerini belirtti. &nbsp; Bu hassas konularda yasal d\u00fczenlemeler yap\u0131lmas\u0131 gerekti\u011fini ifade eden \u00d6zt\u00fcrkler, \u201cYabanc\u0131lara ta\u015f\u0131nmaz mal sat\u0131\u015flar\u0131n\u0131n kontrol\u00fcnde en \u00f6nemli konu<\/p>\n","protected":false},"author":1,"featured_media":20225,"comment_status":"open","ping_status":"open","sticky":false,"template":"","format":"standard","meta":{"footnotes":""},"categories":[1],"tags":[],"class_list":["post-20224","post","type-post","status-publish","format-standard","has-post-thumbnail","hentry","category-gundem"],"yoast_head":"<!-- This site is optimized with the Yoast SEO plugin v27.5 - https:\/\/yoast.com\/product\/yoast-seo-wordpress\/ -->\n<title>Ziya \u00d6zt\u00fcrkler: Milli de\u011ferleri ve gelece\u011fi d\u00fc\u015f\u00fcnerek ad\u0131mlar atmam\u0131z gerekir -<\/title>\n<meta name=\"robots\" content=\"index, follow, max-snippet:-1, max-image-preview:large, max-video-preview:-1\" \/>\n<link rel=\"canonical\" href=\"https:\/\/kibrisdakik.com\/?p=20224\" \/>\n<meta property=\"og:locale\" content=\"tr_TR\" \/>\n<meta property=\"og:type\" content=\"article\" \/>\n<meta property=\"og:title\" content=\"Ziya \u00d6zt\u00fcrkler: Milli de\u011ferleri ve gelece\u011fi d\u00fc\u015f\u00fcnerek ad\u0131mlar atmam\u0131z gerekir -\" \/>\n<meta property=\"og:description\" content=\"Ulusal Birlik Partisi (UBP) G\u00fczelyurt Milletvekili Dr. Ziya \u00d6zt\u00fcrkler, yabanc\u0131lar\u0131n KKTC\u2019de ta\u015f\u0131nmaz mal edinmesine y\u00f6nelik olarak g\u00f6rev s\u00fcreleri i\u00e7erisinde gerek emlak\u00e7\u0131lar yasas\u0131 gerekse de yabanc\u0131lar\u0131n KKTC\u2019de mal sat\u0131n almalar\u0131na y\u00f6nelik yasa \u00e7al\u0131\u015fmalar\u0131nda son a\u015famaya getirdiklerini belirtti. &nbsp; Bu hassas konularda yasal d\u00fczenlemeler yap\u0131lmas\u0131 gerekti\u011fini ifade eden \u00d6zt\u00fcrkler, \u201cYabanc\u0131lara ta\u015f\u0131nmaz mal sat\u0131\u015flar\u0131n\u0131n kontrol\u00fcnde en \u00f6nemli konu\" \/>\n<meta property=\"og:url\" content=\"https:\/\/kibrisdakik.com\/?p=20224\" \/>\n<meta property=\"article:published_time\" content=\"2023-11-27T17:23:56+00:00\" \/>\n<meta property=\"og:image\" content=\"https:\/\/kibrisdakik.com\/wp-content\/uploads\/2023\/11\/ziya-ozturkler-milli-degerleri-ve-gelecegi-dusunerek-adimlar-atmamiz-gerekir-1701084232.webp.webp\" \/>\n\t<meta property=\"og:image:width\" content=\"710\" \/>\n\t<meta property=\"og:image:height\" content=\"370\" \/>\n\t<meta property=\"og:image:type\" content=\"image\/webp\" \/>\n<meta name=\"author\" content=\"admin\" \/>\n<meta name=\"twitter:card\" content=\"summary_large_image\" \/>\n<meta name=\"twitter:label1\" content=\"Yazan:\" \/>\n\t<meta name=\"twitter:data1\" content=\"admin\" \/>\n\t<meta name=\"twitter:label2\" content=\"Tahmini okuma s\u00fcresi\" \/>\n\t<meta name=\"twitter:data2\" content=\"3 dakika\" \/>\n<script type=\"application\/ld+json\" class=\"yoast-schema-graph\">{\"@context\":\"https:\\\/\\\/schema.org\",\"@graph\":[{\"@type\":\"Article\",\"@id\":\"https:\\\/\\\/kibrisdakik.com\\\/?p=20224#article\",\"isPartOf\":{\"@id\":\"https:\\\/\\\/kibrisdakik.com\\\/?p=20224\"},\"author\":{\"name\":\"admin\",\"@id\":\"https:\\\/\\\/kibrisdakik.com\\\/#\\\/schema\\\/person\\\/9cd9d437bbb44f72b73ba127e06d8e79\"},\"headline\":\"Ziya \u00d6zt\u00fcrkler: Milli de\u011ferleri ve gelece\u011fi d\u00fc\u015f\u00fcnerek ad\u0131mlar atmam\u0131z gerekir\",\"datePublished\":\"2023-11-27T17:23:56+00:00\",\"mainEntityOfPage\":{\"@id\":\"https:\\\/\\\/kibrisdakik.com\\\/?p=20224\"},\"wordCount\":579,\"commentCount\":0,\"image\":{\"@id\":\"https:\\\/\\\/kibrisdakik.com\\\/?p=20224#primaryimage\"},\"thumbnailUrl\":\"https:\\\/\\\/kibrisdakik.com\\\/wp-content\\\/uploads\\\/2023\\\/11\\\/ziya-ozturkler-milli-degerleri-ve-gelecegi-dusunerek-adimlar-atmamiz-gerekir-1701084232.webp.webp\",\"articleSection\":[\"G\u00fcndem\"],\"inLanguage\":\"tr\",\"potentialAction\":[{\"@type\":\"CommentAction\",\"name\":\"Comment\",\"target\":[\"https:\\\/\\\/kibrisdakik.com\\\/?p=20224#respond\"]}]},{\"@type\":\"WebPage\",\"@id\":\"https:\\\/\\\/kibrisdakik.com\\\/?p=20224\",\"url\":\"https:\\\/\\\/kibrisdakik.com\\\/?p=20224\",\"name\":\"Ziya \u00d6zt\u00fcrkler: Milli de\u011ferleri ve gelece\u011fi d\u00fc\u015f\u00fcnerek ad\u0131mlar atmam\u0131z gerekir -\",\"isPartOf\":{\"@id\":\"https:\\\/\\\/kibrisdakik.com\\\/#website\"},\"primaryImageOfPage\":{\"@id\":\"https:\\\/\\\/kibrisdakik.com\\\/?p=20224#primaryimage\"},\"image\":{\"@id\":\"https:\\\/\\\/kibrisdakik.com\\\/?p=20224#primaryimage\"},\"thumbnailUrl\":\"https:\\\/\\\/kibrisdakik.com\\\/wp-content\\\/uploads\\\/2023\\\/11\\\/ziya-ozturkler-milli-degerleri-ve-gelecegi-dusunerek-adimlar-atmamiz-gerekir-1701084232.webp.webp\",\"datePublished\":\"2023-11-27T17:23:56+00:00\",\"author\":{\"@id\":\"https:\\\/\\\/kibrisdakik.com\\\/#\\\/schema\\\/person\\\/9cd9d437bbb44f72b73ba127e06d8e79\"},\"breadcrumb\":{\"@id\":\"https:\\\/\\\/kibrisdakik.com\\\/?p=20224#breadcrumb\"},\"inLanguage\":\"tr\",\"potentialAction\":[{\"@type\":\"ReadAction\",\"target\":[\"https:\\\/\\\/kibrisdakik.com\\\/?p=20224\"]}]},{\"@type\":\"ImageObject\",\"inLanguage\":\"tr\",\"@id\":\"https:\\\/\\\/kibrisdakik.com\\\/?p=20224#primaryimage\",\"url\":\"https:\\\/\\\/kibrisdakik.com\\\/wp-content\\\/uploads\\\/2023\\\/11\\\/ziya-ozturkler-milli-degerleri-ve-gelecegi-dusunerek-adimlar-atmamiz-gerekir-1701084232.webp.webp\",\"contentUrl\":\"https:\\\/\\\/kibrisdakik.com\\\/wp-content\\\/uploads\\\/2023\\\/11\\\/ziya-ozturkler-milli-degerleri-ve-gelecegi-dusunerek-adimlar-atmamiz-gerekir-1701084232.webp.webp\",\"width\":710,\"height\":370},{\"@type\":\"BreadcrumbList\",\"@id\":\"https:\\\/\\\/kibrisdakik.com\\\/?p=20224#breadcrumb\",\"itemListElement\":[{\"@type\":\"ListItem\",\"position\":1,\"name\":\"Home\",\"item\":\"https:\\\/\\\/kibrisdakik.com\\\/\"},{\"@type\":\"ListItem\",\"position\":2,\"name\":\"Ziya \u00d6zt\u00fcrkler: Milli de\u011ferleri ve gelece\u011fi d\u00fc\u015f\u00fcnerek ad\u0131mlar atmam\u0131z gerekir\"}]},{\"@type\":\"WebSite\",\"@id\":\"https:\\\/\\\/kibrisdakik.com\\\/#website\",\"url\":\"https:\\\/\\\/kibrisdakik.com\\\/\",\"name\":\"\",\"description\":\"Tam vaktinde haber\",\"potentialAction\":[{\"@type\":\"SearchAction\",\"target\":{\"@type\":\"EntryPoint\",\"urlTemplate\":\"https:\\\/\\\/kibrisdakik.com\\\/?s={search_term_string}\"},\"query-input\":{\"@type\":\"PropertyValueSpecification\",\"valueRequired\":true,\"valueName\":\"search_term_string\"}}],\"inLanguage\":\"tr\"},{\"@type\":\"Person\",\"@id\":\"https:\\\/\\\/kibrisdakik.com\\\/#\\\/schema\\\/person\\\/9cd9d437bbb44f72b73ba127e06d8e79\",\"name\":\"admin\",\"image\":{\"@type\":\"ImageObject\",\"inLanguage\":\"tr\",\"@id\":\"https:\\\/\\\/secure.gravatar.com\\\/avatar\\\/ccc17943b9d660506c869530f897617f7cb1c21a4bf30023f252596d83e1f007?s=96&d=mm&r=g\",\"url\":\"https:\\\/\\\/secure.gravatar.com\\\/avatar\\\/ccc17943b9d660506c869530f897617f7cb1c21a4bf30023f252596d83e1f007?s=96&d=mm&r=g\",\"contentUrl\":\"https:\\\/\\\/secure.gravatar.com\\\/avatar\\\/ccc17943b9d660506c869530f897617f7cb1c21a4bf30023f252596d83e1f007?s=96&d=mm&r=g\",\"caption\":\"admin\"},\"sameAs\":[\"https:\\\/\\\/kibrisdakik.com\"],\"url\":\"https:\\\/\\\/kibrisdakik.com\\\/?author=1\"}]}<\/script>\n<!-- \/ Yoast SEO plugin. -->","yoast_head_json":{"title":"Ziya \u00d6zt\u00fcrkler: Milli de\u011ferleri ve gelece\u011fi d\u00fc\u015f\u00fcnerek ad\u0131mlar atmam\u0131z gerekir -","robots":{"index":"index","follow":"follow","max-snippet":"max-snippet:-1","max-image-preview":"max-image-preview:large","max-video-preview":"max-video-preview:-1"},"canonical":"https:\/\/kibrisdakik.com\/?p=20224","og_locale":"tr_TR","og_type":"article","og_title":"Ziya \u00d6zt\u00fcrkler: Milli de\u011ferleri ve gelece\u011fi d\u00fc\u015f\u00fcnerek ad\u0131mlar atmam\u0131z gerekir -","og_description":"Ulusal Birlik Partisi (UBP) G\u00fczelyurt Milletvekili Dr. Ziya \u00d6zt\u00fcrkler, yabanc\u0131lar\u0131n KKTC\u2019de ta\u015f\u0131nmaz mal edinmesine y\u00f6nelik olarak g\u00f6rev s\u00fcreleri i\u00e7erisinde gerek emlak\u00e7\u0131lar yasas\u0131 gerekse de yabanc\u0131lar\u0131n KKTC\u2019de mal sat\u0131n almalar\u0131na y\u00f6nelik yasa \u00e7al\u0131\u015fmalar\u0131nda son a\u015famaya getirdiklerini belirtti. &nbsp; Bu hassas konularda yasal d\u00fczenlemeler yap\u0131lmas\u0131 gerekti\u011fini ifade eden \u00d6zt\u00fcrkler, \u201cYabanc\u0131lara ta\u015f\u0131nmaz mal sat\u0131\u015flar\u0131n\u0131n kontrol\u00fcnde en \u00f6nemli konu","og_url":"https:\/\/kibrisdakik.com\/?p=20224","article_published_time":"2023-11-27T17:23:56+00:00","og_image":[{"width":710,"height":370,"url":"https:\/\/kibrisdakik.com\/wp-content\/uploads\/2023\/11\/ziya-ozturkler-milli-degerleri-ve-gelecegi-dusunerek-adimlar-atmamiz-gerekir-1701084232.webp.webp","type":"image\/webp"}],"author":"admin","twitter_card":"summary_large_image","twitter_misc":{"Yazan:":"admin","Tahmini okuma s\u00fcresi":"3 dakika"},"schema":{"@context":"https:\/\/schema.org","@graph":[{"@type":"Article","@id":"https:\/\/kibrisdakik.com\/?p=20224#article","isPartOf":{"@id":"https:\/\/kibrisdakik.com\/?p=20224"},"author":{"name":"admin","@id":"https:\/\/kibrisdakik.com\/#\/schema\/person\/9cd9d437bbb44f72b73ba127e06d8e79"},"headline":"Ziya \u00d6zt\u00fcrkler: Milli de\u011ferleri ve gelece\u011fi d\u00fc\u015f\u00fcnerek ad\u0131mlar atmam\u0131z gerekir","datePublished":"2023-11-27T17:23:56+00:00","mainEntityOfPage":{"@id":"https:\/\/kibrisdakik.com\/?p=20224"},"wordCount":579,"commentCount":0,"image":{"@id":"https:\/\/kibrisdakik.com\/?p=20224#primaryimage"},"thumbnailUrl":"https:\/\/kibrisdakik.com\/wp-content\/uploads\/2023\/11\/ziya-ozturkler-milli-degerleri-ve-gelecegi-dusunerek-adimlar-atmamiz-gerekir-1701084232.webp.webp","articleSection":["G\u00fcndem"],"inLanguage":"tr","potentialAction":[{"@type":"CommentAction","name":"Comment","target":["https:\/\/kibrisdakik.com\/?p=20224#respond"]}]},{"@type":"WebPage","@id":"https:\/\/kibrisdakik.com\/?p=20224","url":"https:\/\/kibrisdakik.com\/?p=20224","name":"Ziya \u00d6zt\u00fcrkler: Milli de\u011ferleri ve gelece\u011fi d\u00fc\u015f\u00fcnerek ad\u0131mlar atmam\u0131z gerekir -","isPartOf":{"@id":"https:\/\/kibrisdakik.com\/#website"},"primaryImageOfPage":{"@id":"https:\/\/kibrisdakik.com\/?p=20224#primaryimage"},"image":{"@id":"https:\/\/kibrisdakik.com\/?p=20224#primaryimage"},"thumbnailUrl":"https:\/\/kibrisdakik.com\/wp-content\/uploads\/2023\/11\/ziya-ozturkler-milli-degerleri-ve-gelecegi-dusunerek-adimlar-atmamiz-gerekir-1701084232.webp.webp","datePublished":"2023-11-27T17:23:56+00:00","author":{"@id":"https:\/\/kibrisdakik.com\/#\/schema\/person\/9cd9d437bbb44f72b73ba127e06d8e79"},"breadcrumb":{"@id":"https:\/\/kibrisdakik.com\/?p=20224#breadcrumb"},"inLanguage":"tr","potentialAction":[{"@type":"ReadAction","target":["https:\/\/kibrisdakik.com\/?p=20224"]}]},{"@type":"ImageObject","inLanguage":"tr","@id":"https:\/\/kibrisdakik.com\/?p=20224#primaryimage","url":"https:\/\/kibrisdakik.com\/wp-content\/uploads\/2023\/11\/ziya-ozturkler-milli-degerleri-ve-gelecegi-dusunerek-adimlar-atmamiz-gerekir-1701084232.webp.webp","contentUrl":"https:\/\/kibrisdakik.com\/wp-content\/uploads\/2023\/11\/ziya-ozturkler-milli-degerleri-ve-gelecegi-dusunerek-adimlar-atmamiz-gerekir-1701084232.webp.webp","width":710,"height":370},{"@type":"BreadcrumbList","@id":"https:\/\/kibrisdakik.com\/?p=20224#breadcrumb","itemListElement":[{"@type":"ListItem","position":1,"name":"Home","item":"https:\/\/kibrisdakik.com\/"},{"@type":"ListItem","position":2,"name":"Ziya \u00d6zt\u00fcrkler: Milli de\u011ferleri ve gelece\u011fi d\u00fc\u015f\u00fcnerek ad\u0131mlar atmam\u0131z gerekir"}]},{"@type":"WebSite","@id":"https:\/\/kibrisdakik.com\/#website","url":"https:\/\/kibrisdakik.com\/","name":"","description":"Tam vaktinde haber","potentialAction":[{"@type":"SearchAction","target":{"@type":"EntryPoint","urlTemplate":"https:\/\/kibrisdakik.com\/?s={search_term_string}"},"query-input":{"@type":"PropertyValueSpecification","valueRequired":true,"valueName":"search_term_string"}}],"inLanguage":"tr"},{"@type":"Person","@id":"https:\/\/kibrisdakik.com\/#\/schema\/person\/9cd9d437bbb44f72b73ba127e06d8e79","name":"admin","image":{"@type":"ImageObject","inLanguage":"tr","@id":"https:\/\/secure.gravatar.com\/avatar\/ccc17943b9d660506c869530f897617f7cb1c21a4bf30023f252596d83e1f007?s=96&d=mm&r=g","url":"https:\/\/secure.gravatar.com\/avatar\/ccc17943b9d660506c869530f897617f7cb1c21a4bf30023f252596d83e1f007?s=96&d=mm&r=g","contentUrl":"https:\/\/secure.gravatar.com\/avatar\/ccc17943b9d660506c869530f897617f7cb1c21a4bf30023f252596d83e1f007?s=96&d=mm&r=g","caption":"admin"},"sameAs":["https:\/\/kibrisdakik.com"],"url":"https:\/\/kibrisdakik.com\/?author=1"}]}},"_links":{"self":[{"href":"https:\/\/kibrisdakik.com\/index.php?rest_route=\/wp\/v2\/posts\/20224","targetHints":{"allow":["GET"]}}],"collection":[{"href":"https:\/\/kibrisdakik.com\/index.php?rest_route=\/wp\/v2\/posts"}],"about":[{"href":"https:\/\/kibrisdakik.com\/index.php?rest_route=\/wp\/v2\/types\/post"}],"author":[{"embeddable":true,"href":"https:\/\/kibrisdakik.com\/index.php?rest_route=\/wp\/v2\/users\/1"}],"replies":[{"embeddable":true,"href":"https:\/\/kibrisdakik.com\/index.php?rest_route=%2Fwp%2Fv2%2Fcomments&post=20224"}],"version-history":[{"count":0,"href":"https:\/\/kibrisdakik.com\/index.php?rest_route=\/wp\/v2\/posts\/20224\/revisions"}],"wp:featuredmedia":[{"embeddable":true,"href":"https:\/\/kibrisdakik.com\/index.php?rest_route=\/wp\/v2\/media\/20225"}],"wp:attachment":[{"href":"https:\/\/kibrisdakik.com\/index.php?rest_route=%2Fwp%2Fv2%2Fmedia&parent=20224"}],"wp:term":[{"taxonomy":"category","embeddable":true,"href":"https:\/\/kibrisdakik.com\/index.php?rest_route=%2Fwp%2Fv2%2Fcategories&post=20224"},{"taxonomy":"post_tag","embeddable":true,"href":"https:\/\/kibrisdakik.com\/index.php?rest_route=%2Fwp%2Fv2%2Ftags&post=20224"}],"curies":[{"name":"wp","href":"https:\/\/api.w.org\/{rel}","templated":true}]}}