{"id":20245,"date":"2023-11-27T20:24:17","date_gmt":"2023-11-27T20:24:17","guid":{"rendered":"https:\/\/kibrisdakik.com\/index.php\/2023\/11\/27\/meclis-genel-kurulunda-tukun-butceleri-onaylandi\/"},"modified":"2023-11-27T20:24:17","modified_gmt":"2023-11-27T20:24:17","slug":"meclis-genel-kurulunda-tukun-butceleri-onaylandi","status":"publish","type":"post","link":"https:\/\/kibrisdakik.com\/?p=20245","title":{"rendered":"Meclis Genel Kurulu\u2019nda T\u00dcK\u2019\u00fcn b\u00fct\u00e7eleri onayland\u0131"},"content":{"rendered":"<p><img decoding=\"async\" src=\"https:\/\/www.kibristurk.com\/images\/haberler\/2023\/11\/meclis-genel-kurulunda-tukun-butceleri-onaylandi-1701113940.webp\" \/><\/p>\n<p>Meclis Genel Kurulu\u2019nda Toprak \u00dcr\u00fcnleri Kurumu&#8217;nun (T\u00dcK) 2022 ve 2023 mali y\u0131llar\u0131na ait b\u00fct\u00e7eleri onayland\u0131.&nbsp;<\/p>\n<p>Cumhuriyet Meclisi\u2019nin AKPA heyetinde de \u00fcye de\u011fi\u015fikli\u011fine gidildi. Ulusal Birlik Partisi (UBP) Girne Milletvekili \u00d6zdemir Berova\u2019n\u0131n bakan olmas\u0131yla nedeniyle UBP Ma\u011fusa Milletvekili O\u011fuzhan Hasipo\u011flu\u2019nun g\u00f6revlendirilmesine ili\u015fkin karar oylanarak, oy birli\u011fiyle kabul edildi.<\/p>\n<p>Toprak \u00dcr\u00fcnleri Kurumu (T\u00dcK) 2022 Mali Y\u0131l\u0131 B\u00fct\u00e7e Yasa Tasar\u0131s\u0131 ise 26 kabul 12 ret olmak \u00fczere oy \u00e7oklu\u011fuyla kabul edildi. Ard\u0131ndan, T\u00dcK 2023 Mali Y\u0131l\u0131 B\u00fct\u00e7e Yasa Tasar\u0131s\u0131 g\u00f6r\u00fc\u015f\u00fclmeye ba\u015fland\u0131.&nbsp;<\/p>\n<p>Ekonomi Maliye, B\u00fct\u00e7e ve Plan Komitesi Ba\u015fkan\u0131 Resmiye Ero\u011flu Canaltay, tasar\u0131ya ili\u015fkin raporu okudu. Canaltay, Toprak \u00dcr\u00fcnleri Kurumu 2023 Mali Y\u0131l\u0131 B\u00fct\u00e7e Yasa Tasar\u0131s\u0131\u2019n\u0131n komitede, oy \u00e7oklu\u011fuyla kabul edildi\u011fini kaydetti.<\/p>\n<p>-Bar\u00e7\u0131n<\/p>\n<p>CTP Milletvekili Devrim Bar\u00e7\u0131n tasar\u0131 \u00fczerine s\u00f6z alarak, bir stenograf \u015fube amirine Cumhuriyet Meclisi Ba\u015fkan\u0131 Zorlu T\u00f6re imzas\u0131yla soru\u015fturma a\u00e7\u0131ld\u0131\u011f\u0131n\u0131 kamuoyu ile payla\u015ft\u0131.&nbsp;<\/p>\n<p>\u201cBu \u00e7al\u0131\u015fma bar\u0131\u015f\u0131 bozulmak \u00fczeredir\u201d diyen Bar\u00e7\u0131n, \u00e7al\u0131\u015fma bar\u0131\u015f\u0131n\u0131 sa\u011flaman\u0131n, sadece muhalefetin de\u011fil, h\u00fck\u00fcmetin de g\u00f6revi oldu\u011funu s\u00f6yledi.<\/p>\n<p>KTAMS\u2019\u0131n konuyla ilgili eylem yapt\u0131\u011f\u0131n\u0131 hat\u0131rlatan Bar\u00e7\u0131n, \u00e7al\u0131\u015fanlar\u0131n sendikaya \u00fcye olma hakk\u0131 oldu\u011funa vurgu yapt\u0131. Soru\u015fturma gerek\u00e7esini okuyan Bar\u00e7\u0131n, b\u00f6yle bir gerek\u00e7e olmayaca\u011f\u0131n\u0131 kaydetti.<\/p>\n<p>Demokrasi sorunu ya\u015fand\u0131\u011f\u0131n\u0131 savunan Bar\u00e7\u0131n, b\u00fct\u00e7e d\u00f6nemi gibi hassas bir d\u00f6nemde \u00e7al\u0131\u015fanlara yap\u0131lan bask\u0131n\u0131n son nokta oldu\u011funu ifade ederek, soru\u015fturman\u0131n geri al\u0131nmas\u0131n\u0131 talep etti.<\/p>\n<p>Tasar\u0131n\u0131n madde madde g\u00f6r\u00fc\u015f\u00fclmesinin ard\u0131ndan, T\u00dcK 2023 Mali Y\u0131l\u0131 B\u00fct\u00e7e Yasa Tasar\u0131s\u0131 da 26 kabul 11 ret oyuyla ve oy \u00e7oklu\u011fuyla kabul edildi.<\/p>\n","protected":false},"excerpt":{"rendered":"<p>Meclis Genel Kurulu\u2019nda Toprak \u00dcr\u00fcnleri Kurumu&#8217;nun (T\u00dcK) 2022 ve 2023 mali y\u0131llar\u0131na ait b\u00fct\u00e7eleri onayland\u0131.&nbsp; Cumhuriyet Meclisi\u2019nin AKPA heyetinde de \u00fcye de\u011fi\u015fikli\u011fine gidildi. Ulusal Birlik Partisi (UBP) Girne Milletvekili \u00d6zdemir Berova\u2019n\u0131n bakan olmas\u0131yla nedeniyle UBP Ma\u011fusa Milletvekili O\u011fuzhan Hasipo\u011flu\u2019nun g\u00f6revlendirilmesine ili\u015fkin karar oylanarak, oy birli\u011fiyle kabul edildi. Toprak \u00dcr\u00fcnleri Kurumu (T\u00dcK) 2022 Mali Y\u0131l\u0131 B\u00fct\u00e7e<\/p>\n","protected":false},"author":1,"featured_media":20246,"comment_status":"open","ping_status":"open","sticky":false,"template":"","format":"standard","meta":{"footnotes":""},"categories":[1],"tags":[],"class_list":["post-20245","post","type-post","status-publish","format-standard","has-post-thumbnail","hentry","category-gundem"],"yoast_head":"<!-- This site is optimized with the Yoast SEO plugin v27.4 - https:\/\/yoast.com\/product\/yoast-seo-wordpress\/ -->\n<title>Meclis Genel Kurulu\u2019nda T\u00dcK\u2019\u00fcn b\u00fct\u00e7eleri onayland\u0131 -<\/title>\n<meta name=\"robots\" content=\"index, follow, max-snippet:-1, max-image-preview:large, max-video-preview:-1\" \/>\n<link rel=\"canonical\" href=\"https:\/\/kibrisdakik.com\/?p=20245\" \/>\n<meta property=\"og:locale\" content=\"tr_TR\" \/>\n<meta property=\"og:type\" content=\"article\" \/>\n<meta property=\"og:title\" content=\"Meclis Genel Kurulu\u2019nda T\u00dcK\u2019\u00fcn b\u00fct\u00e7eleri onayland\u0131 -\" \/>\n<meta property=\"og:description\" content=\"Meclis Genel Kurulu\u2019nda Toprak \u00dcr\u00fcnleri Kurumu&#8217;nun (T\u00dcK) 2022 ve 2023 mali y\u0131llar\u0131na ait b\u00fct\u00e7eleri onayland\u0131.&nbsp; Cumhuriyet Meclisi\u2019nin AKPA heyetinde de \u00fcye de\u011fi\u015fikli\u011fine gidildi. Ulusal Birlik Partisi (UBP) Girne Milletvekili \u00d6zdemir Berova\u2019n\u0131n bakan olmas\u0131yla nedeniyle UBP Ma\u011fusa Milletvekili O\u011fuzhan Hasipo\u011flu\u2019nun g\u00f6revlendirilmesine ili\u015fkin karar oylanarak, oy birli\u011fiyle kabul edildi. Toprak \u00dcr\u00fcnleri Kurumu (T\u00dcK) 2022 Mali Y\u0131l\u0131 B\u00fct\u00e7e\" \/>\n<meta property=\"og:url\" content=\"https:\/\/kibrisdakik.com\/?p=20245\" \/>\n<meta property=\"article:published_time\" content=\"2023-11-27T20:24:17+00:00\" \/>\n<meta property=\"og:image\" content=\"https:\/\/kibrisdakik.com\/wp-content\/uploads\/2023\/11\/meclis-genel-kurulunda-tukun-butceleri-onaylandi-1701113940.webp.webp\" \/>\n\t<meta property=\"og:image:width\" content=\"710\" \/>\n\t<meta property=\"og:image:height\" content=\"370\" \/>\n\t<meta property=\"og:image:type\" content=\"image\/webp\" \/>\n<meta name=\"author\" content=\"admin\" \/>\n<meta name=\"twitter:card\" content=\"summary_large_image\" \/>\n<meta name=\"twitter:label1\" content=\"Yazan:\" \/>\n\t<meta name=\"twitter:data1\" content=\"admin\" \/>\n\t<meta name=\"twitter:label2\" content=\"Tahmini okuma s\u00fcresi\" \/>\n\t<meta name=\"twitter:data2\" content=\"2 dakika\" \/>\n<script type=\"application\/ld+json\" class=\"yoast-schema-graph\">{\"@context\":\"https:\\\/\\\/schema.org\",\"@graph\":[{\"@type\":\"Article\",\"@id\":\"https:\\\/\\\/kibrisdakik.com\\\/?p=20245#article\",\"isPartOf\":{\"@id\":\"https:\\\/\\\/kibrisdakik.com\\\/?p=20245\"},\"author\":{\"name\":\"admin\",\"@id\":\"https:\\\/\\\/kibrisdakik.com\\\/#\\\/schema\\\/person\\\/9cd9d437bbb44f72b73ba127e06d8e79\"},\"headline\":\"Meclis Genel Kurulu\u2019nda T\u00dcK\u2019\u00fcn b\u00fct\u00e7eleri onayland\u0131\",\"datePublished\":\"2023-11-27T20:24:17+00:00\",\"mainEntityOfPage\":{\"@id\":\"https:\\\/\\\/kibrisdakik.com\\\/?p=20245\"},\"wordCount\":339,\"commentCount\":0,\"image\":{\"@id\":\"https:\\\/\\\/kibrisdakik.com\\\/?p=20245#primaryimage\"},\"thumbnailUrl\":\"https:\\\/\\\/kibrisdakik.com\\\/wp-content\\\/uploads\\\/2023\\\/11\\\/meclis-genel-kurulunda-tukun-butceleri-onaylandi-1701113940.webp.webp\",\"articleSection\":[\"G\u00fcndem\"],\"inLanguage\":\"tr\",\"potentialAction\":[{\"@type\":\"CommentAction\",\"name\":\"Comment\",\"target\":[\"https:\\\/\\\/kibrisdakik.com\\\/?p=20245#respond\"]}]},{\"@type\":\"WebPage\",\"@id\":\"https:\\\/\\\/kibrisdakik.com\\\/?p=20245\",\"url\":\"https:\\\/\\\/kibrisdakik.com\\\/?p=20245\",\"name\":\"Meclis Genel Kurulu\u2019nda T\u00dcK\u2019\u00fcn b\u00fct\u00e7eleri onayland\u0131 -\",\"isPartOf\":{\"@id\":\"https:\\\/\\\/kibrisdakik.com\\\/#website\"},\"primaryImageOfPage\":{\"@id\":\"https:\\\/\\\/kibrisdakik.com\\\/?p=20245#primaryimage\"},\"image\":{\"@id\":\"https:\\\/\\\/kibrisdakik.com\\\/?p=20245#primaryimage\"},\"thumbnailUrl\":\"https:\\\/\\\/kibrisdakik.com\\\/wp-content\\\/uploads\\\/2023\\\/11\\\/meclis-genel-kurulunda-tukun-butceleri-onaylandi-1701113940.webp.webp\",\"datePublished\":\"2023-11-27T20:24:17+00:00\",\"author\":{\"@id\":\"https:\\\/\\\/kibrisdakik.com\\\/#\\\/schema\\\/person\\\/9cd9d437bbb44f72b73ba127e06d8e79\"},\"breadcrumb\":{\"@id\":\"https:\\\/\\\/kibrisdakik.com\\\/?p=20245#breadcrumb\"},\"inLanguage\":\"tr\",\"potentialAction\":[{\"@type\":\"ReadAction\",\"target\":[\"https:\\\/\\\/kibrisdakik.com\\\/?p=20245\"]}]},{\"@type\":\"ImageObject\",\"inLanguage\":\"tr\",\"@id\":\"https:\\\/\\\/kibrisdakik.com\\\/?p=20245#primaryimage\",\"url\":\"https:\\\/\\\/kibrisdakik.com\\\/wp-content\\\/uploads\\\/2023\\\/11\\\/meclis-genel-kurulunda-tukun-butceleri-onaylandi-1701113940.webp.webp\",\"contentUrl\":\"https:\\\/\\\/kibrisdakik.com\\\/wp-content\\\/uploads\\\/2023\\\/11\\\/meclis-genel-kurulunda-tukun-butceleri-onaylandi-1701113940.webp.webp\",\"width\":710,\"height\":370},{\"@type\":\"BreadcrumbList\",\"@id\":\"https:\\\/\\\/kibrisdakik.com\\\/?p=20245#breadcrumb\",\"itemListElement\":[{\"@type\":\"ListItem\",\"position\":1,\"name\":\"Home\",\"item\":\"https:\\\/\\\/kibrisdakik.com\\\/\"},{\"@type\":\"ListItem\",\"position\":2,\"name\":\"Meclis Genel Kurulu\u2019nda T\u00dcK\u2019\u00fcn b\u00fct\u00e7eleri onayland\u0131\"}]},{\"@type\":\"WebSite\",\"@id\":\"https:\\\/\\\/kibrisdakik.com\\\/#website\",\"url\":\"https:\\\/\\\/kibrisdakik.com\\\/\",\"name\":\"\",\"description\":\"Tam vaktinde haber\",\"potentialAction\":[{\"@type\":\"SearchAction\",\"target\":{\"@type\":\"EntryPoint\",\"urlTemplate\":\"https:\\\/\\\/kibrisdakik.com\\\/?s={search_term_string}\"},\"query-input\":{\"@type\":\"PropertyValueSpecification\",\"valueRequired\":true,\"valueName\":\"search_term_string\"}}],\"inLanguage\":\"tr\"},{\"@type\":\"Person\",\"@id\":\"https:\\\/\\\/kibrisdakik.com\\\/#\\\/schema\\\/person\\\/9cd9d437bbb44f72b73ba127e06d8e79\",\"name\":\"admin\",\"image\":{\"@type\":\"ImageObject\",\"inLanguage\":\"tr\",\"@id\":\"https:\\\/\\\/secure.gravatar.com\\\/avatar\\\/ccc17943b9d660506c869530f897617f7cb1c21a4bf30023f252596d83e1f007?s=96&d=mm&r=g\",\"url\":\"https:\\\/\\\/secure.gravatar.com\\\/avatar\\\/ccc17943b9d660506c869530f897617f7cb1c21a4bf30023f252596d83e1f007?s=96&d=mm&r=g\",\"contentUrl\":\"https:\\\/\\\/secure.gravatar.com\\\/avatar\\\/ccc17943b9d660506c869530f897617f7cb1c21a4bf30023f252596d83e1f007?s=96&d=mm&r=g\",\"caption\":\"admin\"},\"sameAs\":[\"https:\\\/\\\/kibrisdakik.com\"],\"url\":\"https:\\\/\\\/kibrisdakik.com\\\/?author=1\"}]}<\/script>\n<!-- \/ Yoast SEO plugin. -->","yoast_head_json":{"title":"Meclis Genel Kurulu\u2019nda T\u00dcK\u2019\u00fcn b\u00fct\u00e7eleri onayland\u0131 -","robots":{"index":"index","follow":"follow","max-snippet":"max-snippet:-1","max-image-preview":"max-image-preview:large","max-video-preview":"max-video-preview:-1"},"canonical":"https:\/\/kibrisdakik.com\/?p=20245","og_locale":"tr_TR","og_type":"article","og_title":"Meclis Genel Kurulu\u2019nda T\u00dcK\u2019\u00fcn b\u00fct\u00e7eleri onayland\u0131 -","og_description":"Meclis Genel Kurulu\u2019nda Toprak \u00dcr\u00fcnleri Kurumu&#8217;nun (T\u00dcK) 2022 ve 2023 mali y\u0131llar\u0131na ait b\u00fct\u00e7eleri onayland\u0131.&nbsp; Cumhuriyet Meclisi\u2019nin AKPA heyetinde de \u00fcye de\u011fi\u015fikli\u011fine gidildi. Ulusal Birlik Partisi (UBP) Girne Milletvekili \u00d6zdemir Berova\u2019n\u0131n bakan olmas\u0131yla nedeniyle UBP Ma\u011fusa Milletvekili O\u011fuzhan Hasipo\u011flu\u2019nun g\u00f6revlendirilmesine ili\u015fkin karar oylanarak, oy birli\u011fiyle kabul edildi. Toprak \u00dcr\u00fcnleri Kurumu (T\u00dcK) 2022 Mali Y\u0131l\u0131 B\u00fct\u00e7e","og_url":"https:\/\/kibrisdakik.com\/?p=20245","article_published_time":"2023-11-27T20:24:17+00:00","og_image":[{"width":710,"height":370,"url":"https:\/\/kibrisdakik.com\/wp-content\/uploads\/2023\/11\/meclis-genel-kurulunda-tukun-butceleri-onaylandi-1701113940.webp.webp","type":"image\/webp"}],"author":"admin","twitter_card":"summary_large_image","twitter_misc":{"Yazan:":"admin","Tahmini okuma s\u00fcresi":"2 dakika"},"schema":{"@context":"https:\/\/schema.org","@graph":[{"@type":"Article","@id":"https:\/\/kibrisdakik.com\/?p=20245#article","isPartOf":{"@id":"https:\/\/kibrisdakik.com\/?p=20245"},"author":{"name":"admin","@id":"https:\/\/kibrisdakik.com\/#\/schema\/person\/9cd9d437bbb44f72b73ba127e06d8e79"},"headline":"Meclis Genel Kurulu\u2019nda T\u00dcK\u2019\u00fcn b\u00fct\u00e7eleri onayland\u0131","datePublished":"2023-11-27T20:24:17+00:00","mainEntityOfPage":{"@id":"https:\/\/kibrisdakik.com\/?p=20245"},"wordCount":339,"commentCount":0,"image":{"@id":"https:\/\/kibrisdakik.com\/?p=20245#primaryimage"},"thumbnailUrl":"https:\/\/kibrisdakik.com\/wp-content\/uploads\/2023\/11\/meclis-genel-kurulunda-tukun-butceleri-onaylandi-1701113940.webp.webp","articleSection":["G\u00fcndem"],"inLanguage":"tr","potentialAction":[{"@type":"CommentAction","name":"Comment","target":["https:\/\/kibrisdakik.com\/?p=20245#respond"]}]},{"@type":"WebPage","@id":"https:\/\/kibrisdakik.com\/?p=20245","url":"https:\/\/kibrisdakik.com\/?p=20245","name":"Meclis Genel Kurulu\u2019nda T\u00dcK\u2019\u00fcn b\u00fct\u00e7eleri onayland\u0131 -","isPartOf":{"@id":"https:\/\/kibrisdakik.com\/#website"},"primaryImageOfPage":{"@id":"https:\/\/kibrisdakik.com\/?p=20245#primaryimage"},"image":{"@id":"https:\/\/kibrisdakik.com\/?p=20245#primaryimage"},"thumbnailUrl":"https:\/\/kibrisdakik.com\/wp-content\/uploads\/2023\/11\/meclis-genel-kurulunda-tukun-butceleri-onaylandi-1701113940.webp.webp","datePublished":"2023-11-27T20:24:17+00:00","author":{"@id":"https:\/\/kibrisdakik.com\/#\/schema\/person\/9cd9d437bbb44f72b73ba127e06d8e79"},"breadcrumb":{"@id":"https:\/\/kibrisdakik.com\/?p=20245#breadcrumb"},"inLanguage":"tr","potentialAction":[{"@type":"ReadAction","target":["https:\/\/kibrisdakik.com\/?p=20245"]}]},{"@type":"ImageObject","inLanguage":"tr","@id":"https:\/\/kibrisdakik.com\/?p=20245#primaryimage","url":"https:\/\/kibrisdakik.com\/wp-content\/uploads\/2023\/11\/meclis-genel-kurulunda-tukun-butceleri-onaylandi-1701113940.webp.webp","contentUrl":"https:\/\/kibrisdakik.com\/wp-content\/uploads\/2023\/11\/meclis-genel-kurulunda-tukun-butceleri-onaylandi-1701113940.webp.webp","width":710,"height":370},{"@type":"BreadcrumbList","@id":"https:\/\/kibrisdakik.com\/?p=20245#breadcrumb","itemListElement":[{"@type":"ListItem","position":1,"name":"Home","item":"https:\/\/kibrisdakik.com\/"},{"@type":"ListItem","position":2,"name":"Meclis Genel Kurulu\u2019nda T\u00dcK\u2019\u00fcn b\u00fct\u00e7eleri onayland\u0131"}]},{"@type":"WebSite","@id":"https:\/\/kibrisdakik.com\/#website","url":"https:\/\/kibrisdakik.com\/","name":"","description":"Tam vaktinde haber","potentialAction":[{"@type":"SearchAction","target":{"@type":"EntryPoint","urlTemplate":"https:\/\/kibrisdakik.com\/?s={search_term_string}"},"query-input":{"@type":"PropertyValueSpecification","valueRequired":true,"valueName":"search_term_string"}}],"inLanguage":"tr"},{"@type":"Person","@id":"https:\/\/kibrisdakik.com\/#\/schema\/person\/9cd9d437bbb44f72b73ba127e06d8e79","name":"admin","image":{"@type":"ImageObject","inLanguage":"tr","@id":"https:\/\/secure.gravatar.com\/avatar\/ccc17943b9d660506c869530f897617f7cb1c21a4bf30023f252596d83e1f007?s=96&d=mm&r=g","url":"https:\/\/secure.gravatar.com\/avatar\/ccc17943b9d660506c869530f897617f7cb1c21a4bf30023f252596d83e1f007?s=96&d=mm&r=g","contentUrl":"https:\/\/secure.gravatar.com\/avatar\/ccc17943b9d660506c869530f897617f7cb1c21a4bf30023f252596d83e1f007?s=96&d=mm&r=g","caption":"admin"},"sameAs":["https:\/\/kibrisdakik.com"],"url":"https:\/\/kibrisdakik.com\/?author=1"}]}},"_links":{"self":[{"href":"https:\/\/kibrisdakik.com\/index.php?rest_route=\/wp\/v2\/posts\/20245","targetHints":{"allow":["GET"]}}],"collection":[{"href":"https:\/\/kibrisdakik.com\/index.php?rest_route=\/wp\/v2\/posts"}],"about":[{"href":"https:\/\/kibrisdakik.com\/index.php?rest_route=\/wp\/v2\/types\/post"}],"author":[{"embeddable":true,"href":"https:\/\/kibrisdakik.com\/index.php?rest_route=\/wp\/v2\/users\/1"}],"replies":[{"embeddable":true,"href":"https:\/\/kibrisdakik.com\/index.php?rest_route=%2Fwp%2Fv2%2Fcomments&post=20245"}],"version-history":[{"count":0,"href":"https:\/\/kibrisdakik.com\/index.php?rest_route=\/wp\/v2\/posts\/20245\/revisions"}],"wp:featuredmedia":[{"embeddable":true,"href":"https:\/\/kibrisdakik.com\/index.php?rest_route=\/wp\/v2\/media\/20246"}],"wp:attachment":[{"href":"https:\/\/kibrisdakik.com\/index.php?rest_route=%2Fwp%2Fv2%2Fmedia&parent=20245"}],"wp:term":[{"taxonomy":"category","embeddable":true,"href":"https:\/\/kibrisdakik.com\/index.php?rest_route=%2Fwp%2Fv2%2Fcategories&post=20245"},{"taxonomy":"post_tag","embeddable":true,"href":"https:\/\/kibrisdakik.com\/index.php?rest_route=%2Fwp%2Fv2%2Ftags&post=20245"}],"curies":[{"name":"wp","href":"https:\/\/api.w.org\/{rel}","templated":true}]}}