{"id":20365,"date":"2023-11-28T20:25:01","date_gmt":"2023-11-28T20:25:01","guid":{"rendered":"https:\/\/kibrisdakik.com\/index.php\/2023\/11\/28\/disisleri-bakanligi-butcesi-onaylandi\/"},"modified":"2023-11-28T20:25:01","modified_gmt":"2023-11-28T20:25:01","slug":"disisleri-bakanligi-butcesi-onaylandi","status":"publish","type":"post","link":"https:\/\/kibrisdakik.com\/?p=20365","title":{"rendered":"D\u0131\u015fi\u015fleri Bakanl\u0131\u011f\u0131 B\u00fct\u00e7esi onayland\u0131"},"content":{"rendered":"<p><img decoding=\"async\" src=\"https:\/\/www.kibristurk.com\/images\/haberler\/2023\/11\/disisleri-bakanligi-butcesi-onaylandi-1701199307.webp\" \/><\/p>\n<p>Cumhuriyet Meclisi Ekonomi, Maliye, B\u00fct\u00e7e ve Plan Komitesi D\u0131\u015fi\u015fleri Bakanl\u0131\u011f\u0131n\u0131n 588 milyon 99 bin 400 TL\u2019lik b\u00fct\u00e7esini oy \u00e7oklu\u011fuyla onaylad\u0131.&nbsp;<\/p>\n<p>B\u00fct\u00e7e onaylanmadan \u00f6nce son olarak Cumhuriyet\u00e7i T\u00fcrk Partisi (CTP) Milletvekili Arma\u011fan Candan ve CTP Milletvekili Erkut \u015eahali s\u00f6z ald\u0131. Onlar\u0131n konu\u015fmalar\u0131n\u0131n ard\u0131ndan D\u0131\u015fi\u015fleri Bakan\u0131 Tahsin Ertu\u011frulo\u011flu ele\u015ftirileri yan\u0131tlad\u0131\u011f\u0131 bir konu\u015fma yapt\u0131.&nbsp;<\/p>\n<p>-Candan&nbsp;<\/p>\n<p>D\u0131\u015fi\u015fleri Bakanl\u0131\u011f\u0131 b\u00fct\u00e7esi \u00fczerine s\u00f6z alan Cumhuriyet\u00e7i T\u00fcrk Partisi (CTP) Milletvekili Arma\u011fan Candan, D\u0131\u015fi\u015fleri Bakan\u0131 Tahsin Ertu\u011frulo\u011flu\u2019na baz\u0131 sorular y\u00f6neltti.&nbsp;<\/p>\n<p>Pile\u2019de Yi\u011fitler Yolu ile ilgili son durumu soran Candan, T\u00fcrkiye Cumhuriyeti Bakan\u0131 Hakan Fidan\u2019\u0131n Kuzey K\u0131br\u0131s\u2019ta yabanc\u0131lar\u0131n mal edinmesine ili\u015fkin a\u00e7\u0131klamalar\u0131 oldu\u011funu belirterek Ertu\u011frulo\u011flu\u2019nun bu konudaki de\u011ferlendirmesini istedi.&nbsp;<\/p>\n<p>\u201cKazakistan\u2019da yap\u0131lan toplant\u0131ya neden davet edilmedi\u011finize ili\u015fkin bilginiz var m\u0131? Gerek\u00e7e ne g\u00f6sterildi?\u201d diye de soran Candan, yasak g\u00f6\u00e7 konusunu da devletin ciddiyetle ele almas\u0131 gerekti\u011fini kaydetti.&nbsp;<\/p>\n<p>Meclisi temsilen gittikleri yurt d\u0131\u015f\u0131 toplant\u0131lar\u0131nda bakanl\u0131\u011f\u0131n ve diplomatlar\u0131n kendilerine her t\u00fcrl\u00fc deste\u011fi verdi\u011fini belirten Candan, yurt d\u0131\u015f\u0131 personelin \u00e7al\u0131\u015fma ortamlar\u0131n\u0131n iyile\u015ftirilmesi gerekti\u011fini s\u00f6yledi.&nbsp;<\/p>\n<p>K\u0131br\u0131s konusuna da de\u011finen Candan, var\u0131lacak herhangi bir \u00e7\u00f6z\u00fcm\u00fcn K\u0131br\u0131sl\u0131 T\u00fcrkleri AB d\u0131\u015f\u0131na atmamas\u0131 ve K\u0131br\u0131sl\u0131 T\u00fcrkleri adan\u0131n kuzeyine hapsetmemesinin \u00f6nemine i\u015faret etti. Candan, \u201cO y\u00fczden iki devlet derken on defa d\u00fc\u015f\u00fcneceksiniz; siz de biz de T\u00fcrkiye\u2019deki yetkililer de. Neyin bizi nerelere g\u00f6t\u00fcrece\u011fini iyi hesap etmeniz gerekir\u201d dedi.&nbsp;<\/p>\n<p>-\u015eahali: \u201cYabanc\u0131 dil ihtiyac\u0131n\u0131z\u0131n en az oldu\u011fu d\u00f6nemi ya\u015f\u0131yorsunuz\u201d&nbsp;<\/p>\n<p>CTP Milletvekili Erkut \u015eahali ise D\u0131\u015fi\u015fleri Bakanl\u0131\u011f\u0131 b\u00fct\u00e7esinin her y\u0131l k\u00fc\u00e7\u00fcld\u00fc\u011f\u00fc ele\u015ftirisinde bulundu ve \u201cD\u0131\u015fi\u015fleri Bakanl\u0131\u011f\u0131\u2019n\u0131n genel b\u00fct\u00e7e i\u00e7erisinde sadece b\u00fct\u00e7esi k\u00fc\u00e7\u00fclm\u00fcyor, itibar\u0131 da k\u00fc\u00e7\u00fcl\u00fcyor\u201d dedi.&nbsp;<\/p>\n<p>KKTC\u2019nin 25 d\u0131\u015f temsilcili\u011fi oldu\u011funu ve bunlar\u0131n 7\u2019sinin T\u00fcrkiye\u2019de oldu\u011funu kaydedem \u015eahali, geriye kalan 18 d\u0131\u015f temsilcili\u011finin son 5 y\u0131ll\u0131k faaliyetlerine ili\u015fkin bir raporun genel kurulda kendileriyle payla\u015f\u0131lmas\u0131n\u0131 istedi.&nbsp;<\/p>\n<p>\u201cYabanc\u0131 dil ihtiyac\u0131n\u0131z\u0131n en az oldu\u011fu d\u00f6nemi ya\u015f\u0131yorsunuz. Bu D\u0131\u015fi\u015fleri Bakanl\u0131\u011f\u0131 a\u00e7\u0131s\u0131ndan sevindirici bir durum de\u011fil\u201d diyen \u015eahali, \u201cD\u0131\u015f temsilciliklerde yeni politika \u00e7er\u00e7evesinde i\u015f g\u00fcc\u00fcnde bir art\u0131\u015f oldu mu? Muhataplar\u0131ndan ald\u0131klar\u0131 reaksiyon sizi sevindiriyor mu?\u201d diye de sordu.&nbsp;<\/p>\n<p>K\u0131br\u0131s sorunu s\u00fcrecinde 1977 Doruk Anla\u015fmas\u0131 ve Annan Plan\u0131&#8217;n\u0131 \u201cba\u015far\u0131\u201d olarak de\u011ferlendiren \u015eahali, yeni oldu\u011fu iddia edilen politika ile \u201charakiri\u201d yap\u0131ld\u0131\u011f\u0131n\u0131 savundu.&nbsp;<\/p>\n<p>-Ertu\u011frulo\u011flu: \u201cOrtakl\u0131k \u00f6ld\u00fcr\u00fcld\u00fc. \u00d6ld\u00fcren \u00f6d\u00fcllendirildi, \u00f6ld\u00fcr\u00fclen hala daha su\u00e7lan\u0131yor\u201d&nbsp;<\/p>\n<p>Ele\u015ftirilere yan\u0131t vermek \u00fczere s\u00f6z alan D\u0131\u015fi\u015fleri Bakan\u0131 Tahsin Ertu\u011frulo\u011flu, \u201cK\u0131br\u0131s sorunu, Rum taraf\u0131n\u0131n K\u0131br\u0131s Cumhuriyeti diye tan\u0131n\u0131yor olmas\u0131ndan ba\u015fka bir sorun de\u011fildir\u201d dedi.&nbsp;<\/p>\n<p>Rum taraf\u0131n\u0131n tan\u0131nm\u0131\u015fl\u0131\u011f\u0131 K\u0131br\u0131sl\u0131 T\u00fcrklere kar\u015f\u0131 silah olarak kulland\u0131\u011f\u0131n\u0131 vurgulayan Ertu\u011frulo\u011flu, ambargolar\u0131n, K\u0131br\u0131sl\u0131 T\u00fcrk sporcular\u0131n uluslararas\u0131 m\u00fcsabakalara kat\u0131lamamas\u0131n\u0131n sorumlusu olarak Rum taraf\u0131n\u0131 i\u015faret etti.&nbsp;<\/p>\n<p>\u201cK\u0131br\u0131s sorununu yaratan BM g\u00fcvenlik konseyinin be\u015f daimi \u00fcyesidir\u201d diyen Ertu\u011frulo\u011flu, \u201cK\u0131br\u0131s T\u00fcrk\u00fc 1960 ortakl\u0131\u011f\u0131 ile gayet mutluydu. Bu ortakl\u0131k \u00f6ld\u00fcr\u00fcld\u00fc. \u00d6ld\u00fcren \u00f6d\u00fcllendirildi, \u00f6ld\u00fcr\u00fclen hala daha su\u00e7lan\u0131yor\u201d ifadelerini kulland\u0131.&nbsp;<\/p>\n<p>BM ve AB\u2019yi de ele\u015ftiren Ertu\u011frulo\u011flu, \u201cBen hamaset yapmay\u0131 seven biri de\u011filim ama ben bize d\u00fc\u015fmanca politika uygulayan \u00fclkeler olsun, uluslararas\u0131 kurulu\u015flar olsun, hepsine kar\u015f\u0131 sonuna kadar dik duru\u015f sergilemeyi misyon kabul etmi\u015f birisiyim\u201d dedi. Ertu\u011frulo\u011flu, AB\u2019nin Rum taraf\u0131n\u0131 \u00fcye yapmakla hata yapt\u0131\u011f\u0131n\u0131n fark\u0131nda oldu\u011funu ancak art\u0131k bu yanl\u0131\u015f\u0131 d\u00fczeltemeyece\u011fini de s\u00f6yledi.&nbsp;<\/p>\n<p>-\u201c Pile tamamen BM\u2019nin y\u00fcz\u00fcne g\u00f6z\u00fcne bula\u015ft\u0131rd\u0131\u011f\u0131 bir olay oldu\u201d&nbsp;<\/p>\n<p>Siyasi e\u015fitli\u011fin egemen e\u015fitli\u011fe dayand\u0131r\u0131lmadan anlams\u0131z oldu\u011funu vurgulayan Ertu\u011frulo\u011flu, Annan Plan\u0131\u2019na da de\u011finerek, \u201cAnnan plan\u0131 kadar korkun\u00e7 tehlikeli bir plan bug\u00fcne kadar kar\u015f\u0131m\u0131za gelmedi\u201d dedi.&nbsp;<\/p>\n<p>Bakan\u0131n toplant\u0131da bulunan baz\u0131 muhalefet milletvekillerini KKTC\u2019nin varl\u0131\u011f\u0131n\u0131 kabul etmemekle su\u00e7lamas\u0131 \u00fczerine tart\u0131\u015fma ya\u015fand\u0131.&nbsp;<\/p>\n<p>Ertu\u011frulo\u011flu daha sonra, Pile\u2019deki Yi\u011fitler yoluyla igili soruya \u201cPile tamamen BM\u2019nin y\u00fcz\u00fcne g\u00f6z\u00fcne bula\u015ft\u0131rd\u0131\u011f\u0131 bir olay oldu\u201d yan\u0131t\u0131n\u0131 verdi.&nbsp;<\/p>\n<p>Tahsin Ertu\u011frulo\u011flu, \u201cRum taraf\u0131 y\u0131llard\u0131r ara b\u00f6lgenin i\u00e7inde say\u0131s\u0131z ihlallerde bulunuyor, BM hi\u00e7bir \u015fey yapmad\u0131. Ne zaman biz Pile yolunu g\u00fcndeme getirsek BM kar\u015f\u0131m\u0131za \u00e7\u0131kt\u0131. Bu kez dedik ki bu yol yap\u0131lacak\u201d dedi.&nbsp;<\/p>\n<p>Ertu\u011frulo\u011flu, var\u0131lan anla\u015fman\u0131n ard\u0131ndan 23 Ekim\u2019de yol \u00e7al\u0131\u015fmas\u0131na ba\u015fland\u0131\u011f\u0131nda, yol g\u00fczergah\u0131 \u00fcst\u00fcnde Rum taraf\u0131na parselasyon \u00e7al\u0131\u015fmas\u0131na izin verildi\u011fini g\u00f6rd\u00fcklerini aktard\u0131.&nbsp;<\/p>\n<p>-&#8220;Ortakl\u0131k projesi 2017\u2019de bitti arkada\u015flar&#8221;&nbsp;<\/p>\n<p>Tahsin Ertu\u011frulo\u011flu, CTP\u2019li vekillere, \u201cDenkta\u015f, a\u015f\u0131\u011f\u0131 oldu\u011funuz federal K\u0131br\u0131s i\u00e7in \u00f6mr\u00fcn\u00fc adad\u0131. Tan\u0131ma i\u00e7in bir \u015fey yapmad\u0131. Tan\u0131may\u0131 \u00e7\u00f6z\u00fcm\u00fcn i\u00e7inde sa\u011flamaya \u00e7al\u0131\u015ft\u0131. Ortakl\u0131k projesi 2017\u2019de bitti arkada\u015flar. Bunu ne kadar hazmedersiniz bu sizin sorunuz\u201d dedi.&nbsp;<\/p>\n<p>Ertu\u011frulo\u011flu, \u201cStat\u00fckodan zarar g\u00f6rd\u00fc\u011f\u00fcm\u00fcz\u00fc ben de s\u00f6yl\u00fcyorum. BM yetkilileri ne diyor, bizim g\u00f6revimiz stat\u00fckoyu korumakt\u0131r.&nbsp; Siz istedi\u011finiz kadar pembe d\u00fcnya kurun, \u00e7\u00f6z\u00fcm deyin, ger\u00e7ek d\u00fcnya b\u00f6yle i\u015flemiyor\u201d \u015feklinde konu\u015ftu.&nbsp;<\/p>\n<p>Temsilci konusunda yeni bir isim \u00f6nerilmedi\u011fini kaydeden D\u0131\u015fi\u015fleri Bakan\u0131 Ertu\u011frulo\u011flu, bu konudaki g\u00f6r\u00fc\u015flerini dile getirdiklerini ifade etti. Tahsin Ertu\u011frulo\u011flu, \u201cAB k\u00e2\u011f\u0131t \u00fczerinde m\u00fckemmel bir \u00f6rg\u00fct. Uygulamada nerde?\u201d diye de sordu.&nbsp;<\/p>\n<p>\u201c\u0130zledi\u011fimiz politikan\u0131n tutars\u0131z olmas\u0131yla su\u00e7land\u0131k. Bunu da kabul etmiyorum\u201d diyen D\u0131\u015fi\u015fleri Bakan\u0131 Ertu\u011frulo\u011flu, \u201cSiz de h\u00fck\u00fcmetlerde bulundunuz\u2026 Biz oldu\u011fumuzda siz vard\u0131n\u0131z, neyi \u00e7\u00f6zd\u00fcn\u00fcz? Talat bile &#8216;ellerinde olsa oksijeni bile keserler&#8217; dedi\u2026\u201d \u015feklinde konu\u015ftu.&nbsp;<\/p>\n<p>Konu\u015fmalar\u0131n ard\u0131ndan D\u0131\u015fi\u015fleri Bakanl\u0131\u011f\u0131n\u0131n 588 milyon 99 bin 400 TL\u2019lik b\u00fct\u00e7esi oy \u00e7oklu\u011fuyla kabul edildi ve T\u00fcrk Ajans\u0131 K\u0131br\u0131s (TAK) b\u00fct\u00e7esinin g\u00f6r\u00fclmesine ge\u00e7ildi.&nbsp;<\/p>\n<p>&nbsp;<\/p>\n","protected":false},"excerpt":{"rendered":"<p>Cumhuriyet Meclisi Ekonomi, Maliye, B\u00fct\u00e7e ve Plan Komitesi D\u0131\u015fi\u015fleri Bakanl\u0131\u011f\u0131n\u0131n 588 milyon 99 bin 400 TL\u2019lik b\u00fct\u00e7esini oy \u00e7oklu\u011fuyla onaylad\u0131.&nbsp; B\u00fct\u00e7e onaylanmadan \u00f6nce son olarak Cumhuriyet\u00e7i T\u00fcrk Partisi (CTP) Milletvekili Arma\u011fan Candan ve CTP Milletvekili Erkut \u015eahali s\u00f6z ald\u0131. Onlar\u0131n konu\u015fmalar\u0131n\u0131n ard\u0131ndan D\u0131\u015fi\u015fleri Bakan\u0131 Tahsin Ertu\u011frulo\u011flu ele\u015ftirileri yan\u0131tlad\u0131\u011f\u0131 bir konu\u015fma yapt\u0131.&nbsp; -Candan&nbsp; D\u0131\u015fi\u015fleri Bakanl\u0131\u011f\u0131 b\u00fct\u00e7esi<\/p>\n","protected":false},"author":1,"featured_media":20366,"comment_status":"open","ping_status":"open","sticky":false,"template":"","format":"standard","meta":{"footnotes":""},"categories":[1],"tags":[],"class_list":["post-20365","post","type-post","status-publish","format-standard","has-post-thumbnail","hentry","category-gundem"],"yoast_head":"<!-- This site is optimized with the Yoast SEO plugin v27.5 - https:\/\/yoast.com\/product\/yoast-seo-wordpress\/ -->\n<title>D\u0131\u015fi\u015fleri Bakanl\u0131\u011f\u0131 B\u00fct\u00e7esi onayland\u0131 -<\/title>\n<meta name=\"robots\" content=\"index, follow, max-snippet:-1, max-image-preview:large, max-video-preview:-1\" \/>\n<link rel=\"canonical\" href=\"https:\/\/kibrisdakik.com\/?p=20365\" \/>\n<meta property=\"og:locale\" content=\"tr_TR\" \/>\n<meta property=\"og:type\" content=\"article\" \/>\n<meta property=\"og:title\" content=\"D\u0131\u015fi\u015fleri Bakanl\u0131\u011f\u0131 B\u00fct\u00e7esi onayland\u0131 -\" \/>\n<meta property=\"og:description\" content=\"Cumhuriyet Meclisi Ekonomi, Maliye, B\u00fct\u00e7e ve Plan Komitesi D\u0131\u015fi\u015fleri Bakanl\u0131\u011f\u0131n\u0131n 588 milyon 99 bin 400 TL\u2019lik b\u00fct\u00e7esini oy \u00e7oklu\u011fuyla onaylad\u0131.&nbsp; B\u00fct\u00e7e onaylanmadan \u00f6nce son olarak Cumhuriyet\u00e7i T\u00fcrk Partisi (CTP) Milletvekili Arma\u011fan Candan ve CTP Milletvekili Erkut \u015eahali s\u00f6z ald\u0131. Onlar\u0131n konu\u015fmalar\u0131n\u0131n ard\u0131ndan D\u0131\u015fi\u015fleri Bakan\u0131 Tahsin Ertu\u011frulo\u011flu ele\u015ftirileri yan\u0131tlad\u0131\u011f\u0131 bir konu\u015fma yapt\u0131.&nbsp; -Candan&nbsp; D\u0131\u015fi\u015fleri Bakanl\u0131\u011f\u0131 b\u00fct\u00e7esi\" \/>\n<meta property=\"og:url\" content=\"https:\/\/kibrisdakik.com\/?p=20365\" \/>\n<meta property=\"article:published_time\" content=\"2023-11-28T20:25:01+00:00\" \/>\n<meta property=\"og:image\" content=\"https:\/\/kibrisdakik.com\/wp-content\/uploads\/2023\/11\/disisleri-bakanligi-butcesi-onaylandi-1701199307.webp.webp\" \/>\n\t<meta property=\"og:image:width\" content=\"710\" \/>\n\t<meta property=\"og:image:height\" content=\"370\" \/>\n\t<meta property=\"og:image:type\" content=\"image\/webp\" \/>\n<meta name=\"author\" content=\"admin\" \/>\n<meta name=\"twitter:card\" content=\"summary_large_image\" \/>\n<meta name=\"twitter:label1\" content=\"Yazan:\" \/>\n\t<meta name=\"twitter:data1\" content=\"admin\" \/>\n\t<meta name=\"twitter:label2\" content=\"Tahmini okuma s\u00fcresi\" \/>\n\t<meta name=\"twitter:data2\" content=\"6 dakika\" \/>\n<script type=\"application\/ld+json\" class=\"yoast-schema-graph\">{\"@context\":\"https:\\\/\\\/schema.org\",\"@graph\":[{\"@type\":\"Article\",\"@id\":\"https:\\\/\\\/kibrisdakik.com\\\/?p=20365#article\",\"isPartOf\":{\"@id\":\"https:\\\/\\\/kibrisdakik.com\\\/?p=20365\"},\"author\":{\"name\":\"admin\",\"@id\":\"https:\\\/\\\/kibrisdakik.com\\\/#\\\/schema\\\/person\\\/9cd9d437bbb44f72b73ba127e06d8e79\"},\"headline\":\"D\u0131\u015fi\u015fleri Bakanl\u0131\u011f\u0131 B\u00fct\u00e7esi onayland\u0131\",\"datePublished\":\"2023-11-28T20:25:01+00:00\",\"mainEntityOfPage\":{\"@id\":\"https:\\\/\\\/kibrisdakik.com\\\/?p=20365\"},\"wordCount\":1181,\"commentCount\":0,\"image\":{\"@id\":\"https:\\\/\\\/kibrisdakik.com\\\/?p=20365#primaryimage\"},\"thumbnailUrl\":\"https:\\\/\\\/kibrisdakik.com\\\/wp-content\\\/uploads\\\/2023\\\/11\\\/disisleri-bakanligi-butcesi-onaylandi-1701199307.webp.webp\",\"articleSection\":[\"G\u00fcndem\"],\"inLanguage\":\"tr\",\"potentialAction\":[{\"@type\":\"CommentAction\",\"name\":\"Comment\",\"target\":[\"https:\\\/\\\/kibrisdakik.com\\\/?p=20365#respond\"]}]},{\"@type\":\"WebPage\",\"@id\":\"https:\\\/\\\/kibrisdakik.com\\\/?p=20365\",\"url\":\"https:\\\/\\\/kibrisdakik.com\\\/?p=20365\",\"name\":\"D\u0131\u015fi\u015fleri Bakanl\u0131\u011f\u0131 B\u00fct\u00e7esi onayland\u0131 -\",\"isPartOf\":{\"@id\":\"https:\\\/\\\/kibrisdakik.com\\\/#website\"},\"primaryImageOfPage\":{\"@id\":\"https:\\\/\\\/kibrisdakik.com\\\/?p=20365#primaryimage\"},\"image\":{\"@id\":\"https:\\\/\\\/kibrisdakik.com\\\/?p=20365#primaryimage\"},\"thumbnailUrl\":\"https:\\\/\\\/kibrisdakik.com\\\/wp-content\\\/uploads\\\/2023\\\/11\\\/disisleri-bakanligi-butcesi-onaylandi-1701199307.webp.webp\",\"datePublished\":\"2023-11-28T20:25:01+00:00\",\"author\":{\"@id\":\"https:\\\/\\\/kibrisdakik.com\\\/#\\\/schema\\\/person\\\/9cd9d437bbb44f72b73ba127e06d8e79\"},\"breadcrumb\":{\"@id\":\"https:\\\/\\\/kibrisdakik.com\\\/?p=20365#breadcrumb\"},\"inLanguage\":\"tr\",\"potentialAction\":[{\"@type\":\"ReadAction\",\"target\":[\"https:\\\/\\\/kibrisdakik.com\\\/?p=20365\"]}]},{\"@type\":\"ImageObject\",\"inLanguage\":\"tr\",\"@id\":\"https:\\\/\\\/kibrisdakik.com\\\/?p=20365#primaryimage\",\"url\":\"https:\\\/\\\/kibrisdakik.com\\\/wp-content\\\/uploads\\\/2023\\\/11\\\/disisleri-bakanligi-butcesi-onaylandi-1701199307.webp.webp\",\"contentUrl\":\"https:\\\/\\\/kibrisdakik.com\\\/wp-content\\\/uploads\\\/2023\\\/11\\\/disisleri-bakanligi-butcesi-onaylandi-1701199307.webp.webp\",\"width\":710,\"height\":370},{\"@type\":\"BreadcrumbList\",\"@id\":\"https:\\\/\\\/kibrisdakik.com\\\/?p=20365#breadcrumb\",\"itemListElement\":[{\"@type\":\"ListItem\",\"position\":1,\"name\":\"Home\",\"item\":\"https:\\\/\\\/kibrisdakik.com\\\/\"},{\"@type\":\"ListItem\",\"position\":2,\"name\":\"D\u0131\u015fi\u015fleri Bakanl\u0131\u011f\u0131 B\u00fct\u00e7esi onayland\u0131\"}]},{\"@type\":\"WebSite\",\"@id\":\"https:\\\/\\\/kibrisdakik.com\\\/#website\",\"url\":\"https:\\\/\\\/kibrisdakik.com\\\/\",\"name\":\"\",\"description\":\"Tam vaktinde haber\",\"potentialAction\":[{\"@type\":\"SearchAction\",\"target\":{\"@type\":\"EntryPoint\",\"urlTemplate\":\"https:\\\/\\\/kibrisdakik.com\\\/?s={search_term_string}\"},\"query-input\":{\"@type\":\"PropertyValueSpecification\",\"valueRequired\":true,\"valueName\":\"search_term_string\"}}],\"inLanguage\":\"tr\"},{\"@type\":\"Person\",\"@id\":\"https:\\\/\\\/kibrisdakik.com\\\/#\\\/schema\\\/person\\\/9cd9d437bbb44f72b73ba127e06d8e79\",\"name\":\"admin\",\"image\":{\"@type\":\"ImageObject\",\"inLanguage\":\"tr\",\"@id\":\"https:\\\/\\\/secure.gravatar.com\\\/avatar\\\/ccc17943b9d660506c869530f897617f7cb1c21a4bf30023f252596d83e1f007?s=96&d=mm&r=g\",\"url\":\"https:\\\/\\\/secure.gravatar.com\\\/avatar\\\/ccc17943b9d660506c869530f897617f7cb1c21a4bf30023f252596d83e1f007?s=96&d=mm&r=g\",\"contentUrl\":\"https:\\\/\\\/secure.gravatar.com\\\/avatar\\\/ccc17943b9d660506c869530f897617f7cb1c21a4bf30023f252596d83e1f007?s=96&d=mm&r=g\",\"caption\":\"admin\"},\"sameAs\":[\"https:\\\/\\\/kibrisdakik.com\"],\"url\":\"https:\\\/\\\/kibrisdakik.com\\\/?author=1\"}]}<\/script>\n<!-- \/ Yoast SEO plugin. -->","yoast_head_json":{"title":"D\u0131\u015fi\u015fleri Bakanl\u0131\u011f\u0131 B\u00fct\u00e7esi onayland\u0131 -","robots":{"index":"index","follow":"follow","max-snippet":"max-snippet:-1","max-image-preview":"max-image-preview:large","max-video-preview":"max-video-preview:-1"},"canonical":"https:\/\/kibrisdakik.com\/?p=20365","og_locale":"tr_TR","og_type":"article","og_title":"D\u0131\u015fi\u015fleri Bakanl\u0131\u011f\u0131 B\u00fct\u00e7esi onayland\u0131 -","og_description":"Cumhuriyet Meclisi Ekonomi, Maliye, B\u00fct\u00e7e ve Plan Komitesi D\u0131\u015fi\u015fleri Bakanl\u0131\u011f\u0131n\u0131n 588 milyon 99 bin 400 TL\u2019lik b\u00fct\u00e7esini oy \u00e7oklu\u011fuyla onaylad\u0131.&nbsp; B\u00fct\u00e7e onaylanmadan \u00f6nce son olarak Cumhuriyet\u00e7i T\u00fcrk Partisi (CTP) Milletvekili Arma\u011fan Candan ve CTP Milletvekili Erkut \u015eahali s\u00f6z ald\u0131. Onlar\u0131n konu\u015fmalar\u0131n\u0131n ard\u0131ndan D\u0131\u015fi\u015fleri Bakan\u0131 Tahsin Ertu\u011frulo\u011flu ele\u015ftirileri yan\u0131tlad\u0131\u011f\u0131 bir konu\u015fma yapt\u0131.&nbsp; -Candan&nbsp; D\u0131\u015fi\u015fleri Bakanl\u0131\u011f\u0131 b\u00fct\u00e7esi","og_url":"https:\/\/kibrisdakik.com\/?p=20365","article_published_time":"2023-11-28T20:25:01+00:00","og_image":[{"width":710,"height":370,"url":"https:\/\/kibrisdakik.com\/wp-content\/uploads\/2023\/11\/disisleri-bakanligi-butcesi-onaylandi-1701199307.webp.webp","type":"image\/webp"}],"author":"admin","twitter_card":"summary_large_image","twitter_misc":{"Yazan:":"admin","Tahmini okuma s\u00fcresi":"6 dakika"},"schema":{"@context":"https:\/\/schema.org","@graph":[{"@type":"Article","@id":"https:\/\/kibrisdakik.com\/?p=20365#article","isPartOf":{"@id":"https:\/\/kibrisdakik.com\/?p=20365"},"author":{"name":"admin","@id":"https:\/\/kibrisdakik.com\/#\/schema\/person\/9cd9d437bbb44f72b73ba127e06d8e79"},"headline":"D\u0131\u015fi\u015fleri Bakanl\u0131\u011f\u0131 B\u00fct\u00e7esi onayland\u0131","datePublished":"2023-11-28T20:25:01+00:00","mainEntityOfPage":{"@id":"https:\/\/kibrisdakik.com\/?p=20365"},"wordCount":1181,"commentCount":0,"image":{"@id":"https:\/\/kibrisdakik.com\/?p=20365#primaryimage"},"thumbnailUrl":"https:\/\/kibrisdakik.com\/wp-content\/uploads\/2023\/11\/disisleri-bakanligi-butcesi-onaylandi-1701199307.webp.webp","articleSection":["G\u00fcndem"],"inLanguage":"tr","potentialAction":[{"@type":"CommentAction","name":"Comment","target":["https:\/\/kibrisdakik.com\/?p=20365#respond"]}]},{"@type":"WebPage","@id":"https:\/\/kibrisdakik.com\/?p=20365","url":"https:\/\/kibrisdakik.com\/?p=20365","name":"D\u0131\u015fi\u015fleri Bakanl\u0131\u011f\u0131 B\u00fct\u00e7esi onayland\u0131 -","isPartOf":{"@id":"https:\/\/kibrisdakik.com\/#website"},"primaryImageOfPage":{"@id":"https:\/\/kibrisdakik.com\/?p=20365#primaryimage"},"image":{"@id":"https:\/\/kibrisdakik.com\/?p=20365#primaryimage"},"thumbnailUrl":"https:\/\/kibrisdakik.com\/wp-content\/uploads\/2023\/11\/disisleri-bakanligi-butcesi-onaylandi-1701199307.webp.webp","datePublished":"2023-11-28T20:25:01+00:00","author":{"@id":"https:\/\/kibrisdakik.com\/#\/schema\/person\/9cd9d437bbb44f72b73ba127e06d8e79"},"breadcrumb":{"@id":"https:\/\/kibrisdakik.com\/?p=20365#breadcrumb"},"inLanguage":"tr","potentialAction":[{"@type":"ReadAction","target":["https:\/\/kibrisdakik.com\/?p=20365"]}]},{"@type":"ImageObject","inLanguage":"tr","@id":"https:\/\/kibrisdakik.com\/?p=20365#primaryimage","url":"https:\/\/kibrisdakik.com\/wp-content\/uploads\/2023\/11\/disisleri-bakanligi-butcesi-onaylandi-1701199307.webp.webp","contentUrl":"https:\/\/kibrisdakik.com\/wp-content\/uploads\/2023\/11\/disisleri-bakanligi-butcesi-onaylandi-1701199307.webp.webp","width":710,"height":370},{"@type":"BreadcrumbList","@id":"https:\/\/kibrisdakik.com\/?p=20365#breadcrumb","itemListElement":[{"@type":"ListItem","position":1,"name":"Home","item":"https:\/\/kibrisdakik.com\/"},{"@type":"ListItem","position":2,"name":"D\u0131\u015fi\u015fleri Bakanl\u0131\u011f\u0131 B\u00fct\u00e7esi onayland\u0131"}]},{"@type":"WebSite","@id":"https:\/\/kibrisdakik.com\/#website","url":"https:\/\/kibrisdakik.com\/","name":"","description":"Tam vaktinde haber","potentialAction":[{"@type":"SearchAction","target":{"@type":"EntryPoint","urlTemplate":"https:\/\/kibrisdakik.com\/?s={search_term_string}"},"query-input":{"@type":"PropertyValueSpecification","valueRequired":true,"valueName":"search_term_string"}}],"inLanguage":"tr"},{"@type":"Person","@id":"https:\/\/kibrisdakik.com\/#\/schema\/person\/9cd9d437bbb44f72b73ba127e06d8e79","name":"admin","image":{"@type":"ImageObject","inLanguage":"tr","@id":"https:\/\/secure.gravatar.com\/avatar\/ccc17943b9d660506c869530f897617f7cb1c21a4bf30023f252596d83e1f007?s=96&d=mm&r=g","url":"https:\/\/secure.gravatar.com\/avatar\/ccc17943b9d660506c869530f897617f7cb1c21a4bf30023f252596d83e1f007?s=96&d=mm&r=g","contentUrl":"https:\/\/secure.gravatar.com\/avatar\/ccc17943b9d660506c869530f897617f7cb1c21a4bf30023f252596d83e1f007?s=96&d=mm&r=g","caption":"admin"},"sameAs":["https:\/\/kibrisdakik.com"],"url":"https:\/\/kibrisdakik.com\/?author=1"}]}},"_links":{"self":[{"href":"https:\/\/kibrisdakik.com\/index.php?rest_route=\/wp\/v2\/posts\/20365","targetHints":{"allow":["GET"]}}],"collection":[{"href":"https:\/\/kibrisdakik.com\/index.php?rest_route=\/wp\/v2\/posts"}],"about":[{"href":"https:\/\/kibrisdakik.com\/index.php?rest_route=\/wp\/v2\/types\/post"}],"author":[{"embeddable":true,"href":"https:\/\/kibrisdakik.com\/index.php?rest_route=\/wp\/v2\/users\/1"}],"replies":[{"embeddable":true,"href":"https:\/\/kibrisdakik.com\/index.php?rest_route=%2Fwp%2Fv2%2Fcomments&post=20365"}],"version-history":[{"count":0,"href":"https:\/\/kibrisdakik.com\/index.php?rest_route=\/wp\/v2\/posts\/20365\/revisions"}],"wp:featuredmedia":[{"embeddable":true,"href":"https:\/\/kibrisdakik.com\/index.php?rest_route=\/wp\/v2\/media\/20366"}],"wp:attachment":[{"href":"https:\/\/kibrisdakik.com\/index.php?rest_route=%2Fwp%2Fv2%2Fmedia&parent=20365"}],"wp:term":[{"taxonomy":"category","embeddable":true,"href":"https:\/\/kibrisdakik.com\/index.php?rest_route=%2Fwp%2Fv2%2Fcategories&post=20365"},{"taxonomy":"post_tag","embeddable":true,"href":"https:\/\/kibrisdakik.com\/index.php?rest_route=%2Fwp%2Fv2%2Ftags&post=20365"}],"curies":[{"name":"wp","href":"https:\/\/api.w.org\/{rel}","templated":true}]}}