{"id":20385,"date":"2023-11-29T06:39:38","date_gmt":"2023-11-29T06:39:38","guid":{"rendered":"https:\/\/kibrisdakik.com\/index.php\/2023\/11\/29\/turkiyede-aile-ve-genclik-fonu-kuruldu\/"},"modified":"2023-11-29T06:39:38","modified_gmt":"2023-11-29T06:39:38","slug":"turkiyede-aile-ve-genclik-fonu-kuruldu","status":"publish","type":"post","link":"https:\/\/kibrisdakik.com\/?p=20385","title":{"rendered":"T\u00fcrkiye&#039;de Aile ve Gen\u00e7lik Fonu Kuruldu"},"content":{"rendered":"<p><img decoding=\"async\" src=\"https:\/\/www.kibristurk.com\/images\/haberler\/2023\/11\/turkiyede-aile-ve-genclik-fonu-kuruldu-1701239712.webp\" \/><\/p>\n<p>Yeni evlenecek gen\u00e7lere maddi destek sa\u011flanacak. Pilot uygulama, deprem b\u00f6lgesinden ba\u015flat\u0131lacak..<\/p>\n<p>Aile ve Gen\u00e7lik Fonu&#8217;nun Kurulmas\u0131 Hakk\u0131nda Kanun Resmi Gazete\u2019de yay\u0131mlanarak y\u00fcr\u00fcrl\u00fc\u011fe girdi.&nbsp;<\/p>\n<p><strong>2 y\u0131l geri \u00f6demesiz 150 bin lira kredi verilecek<\/strong><\/p>\n<p>Daha \u00f6nce Meclis Genel Kurulu&#8217;nda kabul edilen kanun, yeni evlenecek gen\u00e7lere 150 bin lira faizsiz kredi verilmesini \u00f6ng\u00f6r\u00fcyor. Kredi, ilk 2 y\u0131l \u00f6demesiz, 4 y\u0131lda geri \u00f6deme \u015fart\u0131yla verilecek.&nbsp;<\/p>\n<p>Fonun y\u00f6netim kurulu, Hazine ve Maliye Bakan Yard\u0131mc\u0131s\u0131 ba\u015fkanl\u0131\u011f\u0131nda, Aile ve Sosyal Hizmetler Bakan Yard\u0131mc\u0131s\u0131, Gen\u00e7lik ve Spor Bakan Yard\u0131mc\u0131s\u0131,&nbsp;Enerji&nbsp;ve Tabii Kaynaklar Bakan Yard\u0131mc\u0131s\u0131 ile Sanayi ve Teknoloji Bakan Yard\u0131mc\u0131s\u0131ndan olmak \u00fczere be\u015f ki\u015fiden olu\u015facak. Kurul kararlar\u0131 oy \u00e7oklu\u011fu ile al\u0131nacak. Bakan yard\u0131mc\u0131lar\u0131, ilgili bakanlar taraf\u0131ndan g\u00f6revlendirilecek.<\/p>\n<p>Aile ve Gen\u00e7lik Fonu, y\u00f6netim kurulu taraf\u0131ndan y\u00f6netilecek. Y\u00f6netim kurulu, fondan kaynak aktar\u0131m\u0131 yap\u0131lacak projeleri, aktar\u0131lacak kaynak tutar\u0131n\u0131, harcama programlar\u0131n\u0131 belirlemeye yetkili olacak.<\/p>\n<p>Aile ve Gen\u00e7lik Fonu&#8217;nun sekretarya hizmetleri&nbsp;Hazine ve Maliye Bakanl\u0131\u011f\u0131&nbsp;taraf\u0131ndan yap\u0131lacak.<\/p>\n<p>&nbsp;<\/p>\n<p><strong>Pilot uygulama deprem b\u00f6lgesinde<\/strong><\/p>\n<p>Fona ba\u015fvurular internet \u00fczerinden yap\u0131lacak. Kredi miktar\u0131 her y\u0131l artacak.<\/p>\n<p>Deprem b\u00f6lgesinin ard\u0131ndan uygulama T\u00fcrkiye genelinde yayg\u0131nla\u015ft\u0131r\u0131lacak.&nbsp;<\/p>\n<p><strong>Fonun kaynaklar\u0131<\/strong><\/p>\n<p>Fonun kaynaklar\u0131, T\u00fcrk&nbsp;<a href=\"https:\/\/www.trthaber.com\/etiket\/petrol\/\" target=\"_blank\" rel=\"noopener\">Petrol<\/a>&nbsp;Kanunu kapsam\u0131nda tahsil edilen devlet hissesinin ve&nbsp;<a href=\"https:\/\/www.trthaber.com\/etiket\/maden\/\" target=\"_blank\" rel=\"noopener\">Maden<\/a>&nbsp;Kanunu \u00e7er\u00e7evesinde tahsil edilen devlet hakk\u0131n\u0131n y\u00fczde 20&#8217;sinden, kanun ve kararnamelerle kurulu bulunan ve kurulacak olan fonlar\u0131n gelirlerinden Cumhurba\u015fkan\u0131 karar\u0131yla y\u00fczde 10&#8217;una kadar aktar\u0131lacak tutarlardan, geri \u00f6deme \u00f6ng\u00f6r\u00fclen projeler kapsam\u0131nda geri \u00f6demelerden olu\u015fan tutarlardan, yurt i\u00e7i ve yurt d\u0131\u015f\u0131 kaynakl\u0131 her nevi nakdi ba\u011f\u0131\u015f, yard\u0131m ve hibelerden, di\u011fer gelirlerden olu\u015facak.<\/p>\n<p>T\u00fcrk Petrol Kanunu kapsam\u0131nda tahsil edilen devlet hissesinin ve Maden Kanunu \u00e7er\u00e7evesinde tahsil edilen devlet hakk\u0131n\u0131n oran\u0131n\u0131 s\u0131f\u0131ra kadar indirmeye veya bu oran\u0131 iki kat\u0131na kadar art\u0131rmaya Cumhurba\u015fkan\u0131 yetkili olacak.<\/p>\n<p>Fonun giderlerini ise y\u00f6netim kurulu taraf\u0131ndan onaylanan projeler kapsam\u0131ndaki te\u015fvik, hibe, destek, kredi ile teminatlar i\u00e7in ilgili kurum ve kurulu\u015flara aktar\u0131lan tutarlar, bunlardan kaynakl\u0131 hizmet bedeli \u00fccret ve komisyonlar, fonun kaynaklar\u0131n\u0131n y\u00f6netimi ve y\u00f6netim kurulu taraf\u0131ndan onaylanan projeler kapsam\u0131ndaki giderler ile di\u011fer operasyonel giderler olu\u015fturacak.<\/p>\n<p><strong>Kaynak aktar\u0131mlar\u0131<\/strong><\/p>\n<p>Fonun amac\u0131na uygun olarak y\u00f6netim kurulu taraf\u0131ndan onaylanan projeler i\u00e7in, harcama program\u0131 \u00e7er\u00e7evesinde \u00f6denmek \u00fczere, y\u00f6netim kurulu karar\u0131 ile ilgili fondan kamu kurum ve kurulu\u015flar\u0131na kaynak aktar\u0131lacak.<\/p>\n<p>Projelerin ekonomik ve teknik a\u00e7\u0131dan yap\u0131labilirli\u011fi ile fon taraf\u0131ndan aktar\u0131lan tutarlar\u0131n mevzuata uygun, etkili, ekonomik ve verimli kullan\u0131m\u0131na ili\u015fkin sorumluluk, ilgili kurum ve kurulu\u015flara ait olacak.<\/p>\n<p>Aktar\u0131lan tutarlar, genel b\u00fct\u00e7e kapsam\u0131ndaki idareler i\u00e7in genel b\u00fct\u00e7eye, di\u011fer idareler i\u00e7in ilgili kamu kurum ve kurulu\u015flar\u0131n\u0131n b\u00fct\u00e7esine gelir kaydedilecek.<\/p>\n<p>Kaydedilen tutarlar kar\u015f\u0131l\u0131\u011f\u0131n\u0131 ilgili idare b\u00fct\u00e7elerinde a\u00e7\u0131lacak tertiplere \u00f6denek kaydetmeye ve bu suretle \u00f6denek kaydedilen tutarlardan y\u0131l\u0131 i\u00e7inde harcanmayan k\u0131s\u0131mlar\u0131 ertesi y\u0131la devretmeye ilgili idareler yetkili olacak.<\/p>\n<p>Geri \u00f6deme \u00f6ng\u00f6r\u00fclen projelerde aktar\u0131lan tutarlar, ilgili kamu kurum ve kurulu\u015flar\u0131na geri \u00f6denecek. \u0130lgili kurum ve kurulu\u015flara geri \u00f6denen tutarlar\u0131 genel b\u00fct\u00e7e kapsam\u0131ndaki idareler i\u00e7in genel b\u00fct\u00e7eye, di\u011fer idareler i\u00e7in ilgili kurum ve kurulu\u015flar\u0131n b\u00fct\u00e7esine gelir ve \u00f6denek kaydetmeye ilgili idareler yetkili olacak. Gelir ve \u00f6denek kaydedilen tutarlar bir sonraki ay\u0131n en ge\u00e7 10&#8217;uncu i\u015f g\u00fcn\u00fc i\u00e7erisinde ilgili kurum ve kurulu\u015flarca b\u00fct\u00e7eye gider kayd\u0131yla fona aktar\u0131lacak.<\/p>\n<p>Y\u00f6netim kurulu taraf\u0131ndan onaylanan projelerin s\u00fcreli olmas\u0131 ve harcama program\u0131 kapsam\u0131nda \u00f6denen tutarlar\u0131n ilgili kurum ve kurulu\u015flarca harcanmamas\u0131 durumunda, harcanmayan tutarlar, ilgili projenin biti\u015fini m\u00fcteakip en ge\u00e7 10&#8217;uncu i\u015f g\u00fcn\u00fc i\u00e7erisinde ilgili kurum ve kurulu\u015flarca b\u00fct\u00e7eye gider kayd\u0131yla fona aktar\u0131lacak.<\/p>\n<p>\u0130lgili kurum ve kurulu\u015flara aktar\u0131lan kaynaklar\u0131n yararlan\u0131c\u0131lara aktar\u0131labilmesi ve do\u011fabilecek geri \u00f6demelerin al\u0131nabilmesi i\u00e7in bahse konu kurum ve kurulu\u015flar \u00d6deme ve Menkul K\u0131ymet Mutabakat Sistemleri, \u00d6deme Hizmetleri ve Elektronik Para Kurulu\u015flar\u0131 Hakk\u0131nda Kanun kapsam\u0131nda faaliyet g\u00f6steren \u00f6deme hizmeti sa\u011flay\u0131c\u0131lar, Finansal Kiralama, Faktoring, Finansman ve Tasarruf Finansman \u015eirketleri Kanunu kapsam\u0131nda faaliyet g\u00f6steren finansman \u015firketleri ile kredi garanti kurumlar\u0131yla protokol yapabilecek.<\/p>\n<p><strong>Mali veriler kamuoyu ile payla\u015f\u0131lacak<\/strong><\/p>\n<p>Fon taraf\u0131ndan veri ve bilgi talep edilmesi halinde, ilgili kurum ve kurulu\u015flar ve protokol imzalanan kurulu\u015flar, y\u00f6netim kuruluna sunulan projelere ili\u015fkin talep edilen her t\u00fcrl\u00fc veri ve bilgiyi, fonun belirleyece\u011fi \u015fekil ve s\u00fcreler i\u00e7erisinde vermekle y\u00fck\u00fcml\u00fc olacak.<\/p>\n<p>Fona ili\u015fkin&nbsp;mali&nbsp;veriler, en ge\u00e7 6&#8217;\u015far ayl\u0131k d\u00f6nemler itibar\u0131yla kamuoyu ile payla\u015f\u0131lacak.<\/p>\n<p>Fon, kurumlar vergisinden muaf tutulacak. Fonun g\u00f6revleriyle ilgili faaliyetlerinden elde etti\u011fi gelirleri dolay\u0131s\u0131yla iktisadi i\u015fletme olu\u015fmu\u015f say\u0131lmayacak. Bu muafiyet, fonun kazan\u00e7 ve iratlar\u0131 \u00fczerinden Gelir Vergisi Kanunu ile Kurumlar Vergisi Kanunu uyar\u0131nca yap\u0131lacak&nbsp;vergi&nbsp;kesintilerini de kapsayacak.<\/p>\n<p>Ayr\u0131ca fon, damga vergisi ve har\u00e7lardan muaf olacak. Fona yap\u0131lan ba\u011f\u0131\u015f ve yard\u0131mlar, veraset ve intikal vergisinden, fonun kaynaklar\u0131ndan yararlan\u0131c\u0131lara aktar\u0131lan tutarlar dolay\u0131s\u0131yla bankalar ve finansman \u015firketleri taraf\u0131ndan tahsil edilen&nbsp;<a href=\"https:\/\/www.trthaber.com\/etiket\/faiz\/\" target=\"_blank\" rel=\"noopener\">faiz<\/a>&nbsp;tutarlar\u0131 ile kar paylar\u0131 banka ve sigorta muameleleri vergisinden ve kaynak kullan\u0131m\u0131n\u0131 destekleme fonuna yap\u0131lacak kesintilerden m\u00fcstesna olacak.<\/p>\n<p>Fona yap\u0131lan nakdi ba\u011f\u0131\u015f ve yard\u0131mlar\u0131n tamam\u0131, Kurumlar Vergisi Kanunu h\u00fck\u00fcmleri \u00e7er\u00e7evesinde gelir veya kurumlar vergisi matrah\u0131n\u0131n tespitinde, gelir veya kurumlar vergisi beyannamesi \u00fczerinde ayr\u0131ca g\u00f6sterilmek \u015fart\u0131yla beyan edilen gelirden veya kurum kazanc\u0131ndan indirilebilecek.<\/p>\n<p>Fonun \u00e7al\u0131\u015fma usul ve esaslar\u0131 ile fonun kaynaklar\u0131 ve giderleri, fondan yap\u0131lacak kaynak aktar\u0131mlar\u0131na ili\u015fkin usul ve esaslar, Cumhurba\u015fkan\u0131 taraf\u0131ndan \u00e7\u0131kar\u0131lacak y\u00f6netmelikle belirlenecek.<\/p>\n","protected":false},"excerpt":{"rendered":"<p>Yeni evlenecek gen\u00e7lere maddi destek sa\u011flanacak. Pilot uygulama, deprem b\u00f6lgesinden ba\u015flat\u0131lacak.. Aile ve Gen\u00e7lik Fonu&#8217;nun Kurulmas\u0131 Hakk\u0131nda Kanun Resmi Gazete\u2019de yay\u0131mlanarak y\u00fcr\u00fcrl\u00fc\u011fe girdi.&nbsp; 2 y\u0131l geri \u00f6demesiz 150 bin lira kredi verilecek Daha \u00f6nce Meclis Genel Kurulu&#8217;nda kabul edilen kanun, yeni evlenecek gen\u00e7lere 150 bin lira faizsiz kredi verilmesini \u00f6ng\u00f6r\u00fcyor. Kredi, ilk 2 y\u0131l \u00f6demesiz,<\/p>\n","protected":false},"author":1,"featured_media":20386,"comment_status":"open","ping_status":"open","sticky":false,"template":"","format":"standard","meta":{"footnotes":""},"categories":[85],"tags":[],"class_list":["post-20385","post","type-post","status-publish","format-standard","has-post-thumbnail","hentry","category-spor"],"yoast_head":"<!-- This site is optimized with the Yoast SEO plugin v27.4 - https:\/\/yoast.com\/product\/yoast-seo-wordpress\/ -->\n<title>T\u00fcrkiye&#039;de Aile ve Gen\u00e7lik Fonu Kuruldu -<\/title>\n<meta name=\"robots\" content=\"index, follow, max-snippet:-1, max-image-preview:large, max-video-preview:-1\" \/>\n<link rel=\"canonical\" href=\"https:\/\/kibrisdakik.com\/?p=20385\" \/>\n<meta property=\"og:locale\" content=\"tr_TR\" \/>\n<meta property=\"og:type\" content=\"article\" \/>\n<meta property=\"og:title\" content=\"T\u00fcrkiye&#039;de Aile ve Gen\u00e7lik Fonu Kuruldu -\" \/>\n<meta property=\"og:description\" content=\"Yeni evlenecek gen\u00e7lere maddi destek sa\u011flanacak. Pilot uygulama, deprem b\u00f6lgesinden ba\u015flat\u0131lacak.. Aile ve Gen\u00e7lik Fonu&#8217;nun Kurulmas\u0131 Hakk\u0131nda Kanun Resmi Gazete\u2019de yay\u0131mlanarak y\u00fcr\u00fcrl\u00fc\u011fe girdi.&nbsp; 2 y\u0131l geri \u00f6demesiz 150 bin lira kredi verilecek Daha \u00f6nce Meclis Genel Kurulu&#8217;nda kabul edilen kanun, yeni evlenecek gen\u00e7lere 150 bin lira faizsiz kredi verilmesini \u00f6ng\u00f6r\u00fcyor. Kredi, ilk 2 y\u0131l \u00f6demesiz,\" \/>\n<meta property=\"og:url\" content=\"https:\/\/kibrisdakik.com\/?p=20385\" \/>\n<meta property=\"article:published_time\" content=\"2023-11-29T06:39:38+00:00\" \/>\n<meta property=\"og:image\" content=\"https:\/\/kibrisdakik.com\/wp-content\/uploads\/2023\/11\/turkiyede-aile-ve-genclik-fonu-kuruldu-1701239712.webp.webp\" \/>\n\t<meta property=\"og:image:width\" content=\"710\" \/>\n\t<meta property=\"og:image:height\" content=\"370\" \/>\n\t<meta property=\"og:image:type\" content=\"image\/webp\" \/>\n<meta name=\"author\" content=\"admin\" \/>\n<meta name=\"twitter:card\" content=\"summary_large_image\" \/>\n<meta name=\"twitter:label1\" content=\"Yazan:\" \/>\n\t<meta name=\"twitter:data1\" content=\"admin\" \/>\n\t<meta name=\"twitter:label2\" content=\"Tahmini okuma s\u00fcresi\" \/>\n\t<meta name=\"twitter:data2\" content=\"5 dakika\" \/>\n<script type=\"application\/ld+json\" class=\"yoast-schema-graph\">{\"@context\":\"https:\\\/\\\/schema.org\",\"@graph\":[{\"@type\":\"Article\",\"@id\":\"https:\\\/\\\/kibrisdakik.com\\\/?p=20385#article\",\"isPartOf\":{\"@id\":\"https:\\\/\\\/kibrisdakik.com\\\/?p=20385\"},\"author\":{\"name\":\"admin\",\"@id\":\"https:\\\/\\\/kibrisdakik.com\\\/#\\\/schema\\\/person\\\/9cd9d437bbb44f72b73ba127e06d8e79\"},\"headline\":\"T\u00fcrkiye&#039;de Aile ve Gen\u00e7lik Fonu Kuruldu\",\"datePublished\":\"2023-11-29T06:39:38+00:00\",\"mainEntityOfPage\":{\"@id\":\"https:\\\/\\\/kibrisdakik.com\\\/?p=20385\"},\"wordCount\":1072,\"commentCount\":0,\"image\":{\"@id\":\"https:\\\/\\\/kibrisdakik.com\\\/?p=20385#primaryimage\"},\"thumbnailUrl\":\"https:\\\/\\\/kibrisdakik.com\\\/wp-content\\\/uploads\\\/2023\\\/11\\\/turkiyede-aile-ve-genclik-fonu-kuruldu-1701239712.webp.webp\",\"articleSection\":[\"Spor\"],\"inLanguage\":\"tr\",\"potentialAction\":[{\"@type\":\"CommentAction\",\"name\":\"Comment\",\"target\":[\"https:\\\/\\\/kibrisdakik.com\\\/?p=20385#respond\"]}]},{\"@type\":\"WebPage\",\"@id\":\"https:\\\/\\\/kibrisdakik.com\\\/?p=20385\",\"url\":\"https:\\\/\\\/kibrisdakik.com\\\/?p=20385\",\"name\":\"T\u00fcrkiye&#039;de Aile ve Gen\u00e7lik Fonu Kuruldu -\",\"isPartOf\":{\"@id\":\"https:\\\/\\\/kibrisdakik.com\\\/#website\"},\"primaryImageOfPage\":{\"@id\":\"https:\\\/\\\/kibrisdakik.com\\\/?p=20385#primaryimage\"},\"image\":{\"@id\":\"https:\\\/\\\/kibrisdakik.com\\\/?p=20385#primaryimage\"},\"thumbnailUrl\":\"https:\\\/\\\/kibrisdakik.com\\\/wp-content\\\/uploads\\\/2023\\\/11\\\/turkiyede-aile-ve-genclik-fonu-kuruldu-1701239712.webp.webp\",\"datePublished\":\"2023-11-29T06:39:38+00:00\",\"author\":{\"@id\":\"https:\\\/\\\/kibrisdakik.com\\\/#\\\/schema\\\/person\\\/9cd9d437bbb44f72b73ba127e06d8e79\"},\"breadcrumb\":{\"@id\":\"https:\\\/\\\/kibrisdakik.com\\\/?p=20385#breadcrumb\"},\"inLanguage\":\"tr\",\"potentialAction\":[{\"@type\":\"ReadAction\",\"target\":[\"https:\\\/\\\/kibrisdakik.com\\\/?p=20385\"]}]},{\"@type\":\"ImageObject\",\"inLanguage\":\"tr\",\"@id\":\"https:\\\/\\\/kibrisdakik.com\\\/?p=20385#primaryimage\",\"url\":\"https:\\\/\\\/kibrisdakik.com\\\/wp-content\\\/uploads\\\/2023\\\/11\\\/turkiyede-aile-ve-genclik-fonu-kuruldu-1701239712.webp.webp\",\"contentUrl\":\"https:\\\/\\\/kibrisdakik.com\\\/wp-content\\\/uploads\\\/2023\\\/11\\\/turkiyede-aile-ve-genclik-fonu-kuruldu-1701239712.webp.webp\",\"width\":710,\"height\":370},{\"@type\":\"BreadcrumbList\",\"@id\":\"https:\\\/\\\/kibrisdakik.com\\\/?p=20385#breadcrumb\",\"itemListElement\":[{\"@type\":\"ListItem\",\"position\":1,\"name\":\"Home\",\"item\":\"https:\\\/\\\/kibrisdakik.com\\\/\"},{\"@type\":\"ListItem\",\"position\":2,\"name\":\"T\u00fcrkiye&#039;de Aile ve Gen\u00e7lik Fonu Kuruldu\"}]},{\"@type\":\"WebSite\",\"@id\":\"https:\\\/\\\/kibrisdakik.com\\\/#website\",\"url\":\"https:\\\/\\\/kibrisdakik.com\\\/\",\"name\":\"\",\"description\":\"Tam vaktinde haber\",\"potentialAction\":[{\"@type\":\"SearchAction\",\"target\":{\"@type\":\"EntryPoint\",\"urlTemplate\":\"https:\\\/\\\/kibrisdakik.com\\\/?s={search_term_string}\"},\"query-input\":{\"@type\":\"PropertyValueSpecification\",\"valueRequired\":true,\"valueName\":\"search_term_string\"}}],\"inLanguage\":\"tr\"},{\"@type\":\"Person\",\"@id\":\"https:\\\/\\\/kibrisdakik.com\\\/#\\\/schema\\\/person\\\/9cd9d437bbb44f72b73ba127e06d8e79\",\"name\":\"admin\",\"image\":{\"@type\":\"ImageObject\",\"inLanguage\":\"tr\",\"@id\":\"https:\\\/\\\/secure.gravatar.com\\\/avatar\\\/ccc17943b9d660506c869530f897617f7cb1c21a4bf30023f252596d83e1f007?s=96&d=mm&r=g\",\"url\":\"https:\\\/\\\/secure.gravatar.com\\\/avatar\\\/ccc17943b9d660506c869530f897617f7cb1c21a4bf30023f252596d83e1f007?s=96&d=mm&r=g\",\"contentUrl\":\"https:\\\/\\\/secure.gravatar.com\\\/avatar\\\/ccc17943b9d660506c869530f897617f7cb1c21a4bf30023f252596d83e1f007?s=96&d=mm&r=g\",\"caption\":\"admin\"},\"sameAs\":[\"https:\\\/\\\/kibrisdakik.com\"],\"url\":\"https:\\\/\\\/kibrisdakik.com\\\/?author=1\"}]}<\/script>\n<!-- \/ Yoast SEO plugin. -->","yoast_head_json":{"title":"T\u00fcrkiye&#039;de Aile ve Gen\u00e7lik Fonu Kuruldu -","robots":{"index":"index","follow":"follow","max-snippet":"max-snippet:-1","max-image-preview":"max-image-preview:large","max-video-preview":"max-video-preview:-1"},"canonical":"https:\/\/kibrisdakik.com\/?p=20385","og_locale":"tr_TR","og_type":"article","og_title":"T\u00fcrkiye&#039;de Aile ve Gen\u00e7lik Fonu Kuruldu -","og_description":"Yeni evlenecek gen\u00e7lere maddi destek sa\u011flanacak. Pilot uygulama, deprem b\u00f6lgesinden ba\u015flat\u0131lacak.. Aile ve Gen\u00e7lik Fonu&#8217;nun Kurulmas\u0131 Hakk\u0131nda Kanun Resmi Gazete\u2019de yay\u0131mlanarak y\u00fcr\u00fcrl\u00fc\u011fe girdi.&nbsp; 2 y\u0131l geri \u00f6demesiz 150 bin lira kredi verilecek Daha \u00f6nce Meclis Genel Kurulu&#8217;nda kabul edilen kanun, yeni evlenecek gen\u00e7lere 150 bin lira faizsiz kredi verilmesini \u00f6ng\u00f6r\u00fcyor. Kredi, ilk 2 y\u0131l \u00f6demesiz,","og_url":"https:\/\/kibrisdakik.com\/?p=20385","article_published_time":"2023-11-29T06:39:38+00:00","og_image":[{"width":710,"height":370,"url":"https:\/\/kibrisdakik.com\/wp-content\/uploads\/2023\/11\/turkiyede-aile-ve-genclik-fonu-kuruldu-1701239712.webp.webp","type":"image\/webp"}],"author":"admin","twitter_card":"summary_large_image","twitter_misc":{"Yazan:":"admin","Tahmini okuma s\u00fcresi":"5 dakika"},"schema":{"@context":"https:\/\/schema.org","@graph":[{"@type":"Article","@id":"https:\/\/kibrisdakik.com\/?p=20385#article","isPartOf":{"@id":"https:\/\/kibrisdakik.com\/?p=20385"},"author":{"name":"admin","@id":"https:\/\/kibrisdakik.com\/#\/schema\/person\/9cd9d437bbb44f72b73ba127e06d8e79"},"headline":"T\u00fcrkiye&#039;de Aile ve Gen\u00e7lik Fonu Kuruldu","datePublished":"2023-11-29T06:39:38+00:00","mainEntityOfPage":{"@id":"https:\/\/kibrisdakik.com\/?p=20385"},"wordCount":1072,"commentCount":0,"image":{"@id":"https:\/\/kibrisdakik.com\/?p=20385#primaryimage"},"thumbnailUrl":"https:\/\/kibrisdakik.com\/wp-content\/uploads\/2023\/11\/turkiyede-aile-ve-genclik-fonu-kuruldu-1701239712.webp.webp","articleSection":["Spor"],"inLanguage":"tr","potentialAction":[{"@type":"CommentAction","name":"Comment","target":["https:\/\/kibrisdakik.com\/?p=20385#respond"]}]},{"@type":"WebPage","@id":"https:\/\/kibrisdakik.com\/?p=20385","url":"https:\/\/kibrisdakik.com\/?p=20385","name":"T\u00fcrkiye&#039;de Aile ve Gen\u00e7lik Fonu Kuruldu -","isPartOf":{"@id":"https:\/\/kibrisdakik.com\/#website"},"primaryImageOfPage":{"@id":"https:\/\/kibrisdakik.com\/?p=20385#primaryimage"},"image":{"@id":"https:\/\/kibrisdakik.com\/?p=20385#primaryimage"},"thumbnailUrl":"https:\/\/kibrisdakik.com\/wp-content\/uploads\/2023\/11\/turkiyede-aile-ve-genclik-fonu-kuruldu-1701239712.webp.webp","datePublished":"2023-11-29T06:39:38+00:00","author":{"@id":"https:\/\/kibrisdakik.com\/#\/schema\/person\/9cd9d437bbb44f72b73ba127e06d8e79"},"breadcrumb":{"@id":"https:\/\/kibrisdakik.com\/?p=20385#breadcrumb"},"inLanguage":"tr","potentialAction":[{"@type":"ReadAction","target":["https:\/\/kibrisdakik.com\/?p=20385"]}]},{"@type":"ImageObject","inLanguage":"tr","@id":"https:\/\/kibrisdakik.com\/?p=20385#primaryimage","url":"https:\/\/kibrisdakik.com\/wp-content\/uploads\/2023\/11\/turkiyede-aile-ve-genclik-fonu-kuruldu-1701239712.webp.webp","contentUrl":"https:\/\/kibrisdakik.com\/wp-content\/uploads\/2023\/11\/turkiyede-aile-ve-genclik-fonu-kuruldu-1701239712.webp.webp","width":710,"height":370},{"@type":"BreadcrumbList","@id":"https:\/\/kibrisdakik.com\/?p=20385#breadcrumb","itemListElement":[{"@type":"ListItem","position":1,"name":"Home","item":"https:\/\/kibrisdakik.com\/"},{"@type":"ListItem","position":2,"name":"T\u00fcrkiye&#039;de Aile ve Gen\u00e7lik Fonu Kuruldu"}]},{"@type":"WebSite","@id":"https:\/\/kibrisdakik.com\/#website","url":"https:\/\/kibrisdakik.com\/","name":"","description":"Tam vaktinde haber","potentialAction":[{"@type":"SearchAction","target":{"@type":"EntryPoint","urlTemplate":"https:\/\/kibrisdakik.com\/?s={search_term_string}"},"query-input":{"@type":"PropertyValueSpecification","valueRequired":true,"valueName":"search_term_string"}}],"inLanguage":"tr"},{"@type":"Person","@id":"https:\/\/kibrisdakik.com\/#\/schema\/person\/9cd9d437bbb44f72b73ba127e06d8e79","name":"admin","image":{"@type":"ImageObject","inLanguage":"tr","@id":"https:\/\/secure.gravatar.com\/avatar\/ccc17943b9d660506c869530f897617f7cb1c21a4bf30023f252596d83e1f007?s=96&d=mm&r=g","url":"https:\/\/secure.gravatar.com\/avatar\/ccc17943b9d660506c869530f897617f7cb1c21a4bf30023f252596d83e1f007?s=96&d=mm&r=g","contentUrl":"https:\/\/secure.gravatar.com\/avatar\/ccc17943b9d660506c869530f897617f7cb1c21a4bf30023f252596d83e1f007?s=96&d=mm&r=g","caption":"admin"},"sameAs":["https:\/\/kibrisdakik.com"],"url":"https:\/\/kibrisdakik.com\/?author=1"}]}},"_links":{"self":[{"href":"https:\/\/kibrisdakik.com\/index.php?rest_route=\/wp\/v2\/posts\/20385","targetHints":{"allow":["GET"]}}],"collection":[{"href":"https:\/\/kibrisdakik.com\/index.php?rest_route=\/wp\/v2\/posts"}],"about":[{"href":"https:\/\/kibrisdakik.com\/index.php?rest_route=\/wp\/v2\/types\/post"}],"author":[{"embeddable":true,"href":"https:\/\/kibrisdakik.com\/index.php?rest_route=\/wp\/v2\/users\/1"}],"replies":[{"embeddable":true,"href":"https:\/\/kibrisdakik.com\/index.php?rest_route=%2Fwp%2Fv2%2Fcomments&post=20385"}],"version-history":[{"count":0,"href":"https:\/\/kibrisdakik.com\/index.php?rest_route=\/wp\/v2\/posts\/20385\/revisions"}],"wp:featuredmedia":[{"embeddable":true,"href":"https:\/\/kibrisdakik.com\/index.php?rest_route=\/wp\/v2\/media\/20386"}],"wp:attachment":[{"href":"https:\/\/kibrisdakik.com\/index.php?rest_route=%2Fwp%2Fv2%2Fmedia&parent=20385"}],"wp:term":[{"taxonomy":"category","embeddable":true,"href":"https:\/\/kibrisdakik.com\/index.php?rest_route=%2Fwp%2Fv2%2Fcategories&post=20385"},{"taxonomy":"post_tag","embeddable":true,"href":"https:\/\/kibrisdakik.com\/index.php?rest_route=%2Fwp%2Fv2%2Ftags&post=20385"}],"curies":[{"name":"wp","href":"https:\/\/api.w.org\/{rel}","templated":true}]}}