{"id":2043,"date":"2023-02-24T21:07:48","date_gmt":"2023-02-24T21:07:48","guid":{"rendered":"https:\/\/kibrisdakik.com\/index.php\/2023\/02\/24\/meclis-komitesinde-hal-yasa-tasarisi-gorusuluyor\/"},"modified":"2023-02-24T21:07:48","modified_gmt":"2023-02-24T21:07:48","slug":"meclis-komitesinde-hal-yasa-tasarisi-gorusuluyor","status":"publish","type":"post","link":"https:\/\/kibrisdakik.com\/?p=2043","title":{"rendered":"Meclis Komitesi\u2019nde Hal Yasa Tasar\u0131s\u0131 g\u00f6r\u00fc\u015f\u00fcl\u00fcyor"},"content":{"rendered":"<p><\/p>\n<div>\n<div class=\"mariselle-image-container none\">\n                <img width=\"300\" height=\"188\" class=\"lazy-image\" alt=\"\" decoding=\"async\" loading=\"lazy\" sizes=\"auto, (max-width: 300px) 100vw, 300px\" src=\"https:\/\/brtk.net\/wp-content\/uploads\/2023\/02\/24\/ab-komitesi-1--300x188.jpg?ver=c6335bc8be172348379cf0104776b8a5\" srcset=\"https:\/\/brtk.net\/wp-content\/uploads\/2023\/02\/24\/ab-komitesi-1--300x188.jpg?ver=c6335bc8be172348379cf0104776b8a5 300w, https:\/\/brtk.net\/wp-content\/uploads\/2023\/02\/24\/ab-komitesi-1--1024x643.jpg?ver=99a82ff2028b9cd4d39bd343bf4a0320 1024w, https:\/\/brtk.net\/wp-content\/uploads\/2023\/02\/24\/ab-komitesi-1--768x482.jpg?ver=99a82ff2028b9cd4d39bd343bf4a0320 768w, https:\/\/brtk.net\/wp-content\/uploads\/2023\/02\/24\/ab-komitesi-1--1536x965.jpg?ver=225288461b2b6a0901b6192cd269c525 1536w, https:\/\/brtk.net\/wp-content\/uploads\/2023\/02\/24\/ab-komitesi-1--2048x1286.jpg?ver=225288461b2b6a0901b6192cd269c525 2048w\"\/>                            <\/div>\n<p>Cumhuriyet Meclisi, Avrupa Birli\u011fi Uyum Yasa Tasar\u0131lar\u0131n\u0131 G\u00f6r\u00fc\u015fmek \u00dczere Olu\u015fturulan Ge\u00e7ici ve \u00d6zel Komite, \u201cHal Yasa \u00d6nerisi (\u00d6neri Sahibi <a href=\"https:\/\/brtk.net\/\"\/><a href=\"https:\/\/brtk.net\/\"\/><a href=\"https:\/\/brtk.net\/\"\/><a href=\"https:\/\/brtk.net\/\">UBP<\/a> Girne Milletvekili)\u201d ve \u201cHal Yasa Tasar\u0131s\u0131\u201d g\u00fcndemi ile topland\u0131.<\/p>\n<p>Komite bug\u00fcn saat 09.30\u2019da <a href=\"https:\/\/brtk.net\/\"\/><a href=\"https:\/\/brtk.net\/\"\/><a href=\"https:\/\/brtk.net\/\"\/><a href=\"https:\/\/brtk.net\/\">UBP<\/a> Milletvekili Komite Ba\u015fkan\u0131 O\u011fuzhan Hasipo\u011flu ba\u015fkanl\u0131\u011f\u0131nda topland\u0131.        <\/p>\n<p>Meclis\u2019ten yap\u0131lan a\u00e7\u0131klamaya g\u00f6re, Ekonomi ve Enerji Bakan\u0131 Olgun Amcao\u011flu\u2019nun da haz\u0131r bulundu\u011fu Komite toplant\u0131s\u0131na davetli olarak, Ekonomi ve Enerji Bakanl\u0131\u011f\u0131, Ticaret Dairesi, Tar\u0131m Dairesi, Tar\u0131m ve Do\u011fal Kaynaklar Bakanl\u0131\u011f\u0131\u2019ndan yetkililer kat\u0131larak konuyla ilgili g\u00f6r\u00fc\u015flerini ifade etti.<br \/>Avrupa Birli\u011fi Uyum Yasa Tasar\u0131lar\u0131n\u0131 G\u00f6r\u00fc\u015fmek \u00dczere Olu\u015fturulan Ge\u00e7ici ve \u00d6zel Komite toplant\u0131s\u0131na, <a href=\"https:\/\/brtk.net\/\"\/><a href=\"https:\/\/brtk.net\/\"\/><a href=\"https:\/\/brtk.net\/\"\/><a href=\"https:\/\/brtk.net\/\">UBP<\/a> Milletvekili Komite Ba\u015fkan\u0131 O\u011fuzhan Hasipo\u011flu, Komite Ba\u015fkan Vekili <a href=\"https:\/\/brtk.net\/\"\/><a href=\"https:\/\/brtk.net\/\"\/><a href=\"https:\/\/brtk.net\/\">CTP<\/a> Milletvekili \u015eifa \u00c7olako\u011flu, <a href=\"https:\/\/brtk.net\/\"\/><a href=\"https:\/\/brtk.net\/\"\/><a href=\"https:\/\/brtk.net\/\"\/><a href=\"https:\/\/brtk.net\/\">UBP<\/a> Milletvekili H\u00fcseyin \u00c7avu\u015f, <a href=\"https:\/\/brtk.net\/\"\/><a href=\"https:\/\/brtk.net\/\"\/><a href=\"https:\/\/brtk.net\/\"\/><a href=\"https:\/\/brtk.net\/\">UBP<\/a> Milletvekili Ahmet Sava\u015fan ve <a href=\"https:\/\/brtk.net\/\"\/><a href=\"https:\/\/brtk.net\/\"\/><a href=\"https:\/\/brtk.net\/\">CTP<\/a> Milletvekili Fide K\u00fcr\u015fat kat\u0131ld\u0131. Toplant\u0131ya ayr\u0131ca <a href=\"https:\/\/brtk.net\/\"\/><a href=\"https:\/\/brtk.net\/\"\/><a href=\"https:\/\/brtk.net\/\">CTP<\/a> Milletvekili Salahi \u015eahiner ve <a href=\"https:\/\/brtk.net\/\"\/><a href=\"https:\/\/brtk.net\/\"\/><a href=\"https:\/\/brtk.net\/\">CTP<\/a> Milletvekili Erkut \u015eahali de kat\u0131ld\u0131.<\/p>\n<p>Avrupa Birli\u011fi Uyum Yasa Tasar\u0131lar\u0131n\u0131 G\u00f6r\u00fc\u015fmek \u00dczere Olu\u015fturulan Ge\u00e7ici ve \u00d6zel Komite, ilgili yasa tasar\u0131s\u0131n\u0131 madde madde oylamaya devam ediyor. Komite, \u00e7al\u0131\u015fmalar\u0131na bir sonraki toplant\u0131s\u0131nda devam edecek.<\/p>\n<\/p><\/div>\n<p><script async\n                    defer\n                    crossorigin=\"anonymous\"\n                    src=\"https:\/\/connect.facebook.net\/tr_TR\/sdk.js#xfbml=1&#038;version=v3.3\"\n            ><\/script><\/p>\n","protected":false},"excerpt":{"rendered":"<p>Cumhuriyet Meclisi, Avrupa Birli\u011fi Uyum Yasa Tasar\u0131lar\u0131n\u0131 G\u00f6r\u00fc\u015fmek \u00dczere Olu\u015fturulan Ge\u00e7ici ve \u00d6zel Komite, \u201cHal Yasa \u00d6nerisi (\u00d6neri Sahibi UBP Girne Milletvekili)\u201d ve \u201cHal Yasa Tasar\u0131s\u0131\u201d g\u00fcndemi ile topland\u0131. Komite bug\u00fcn saat 09.30\u2019da UBP Milletvekili Komite Ba\u015fkan\u0131 O\u011fuzhan Hasipo\u011flu ba\u015fkanl\u0131\u011f\u0131nda topland\u0131. Meclis\u2019ten yap\u0131lan a\u00e7\u0131klamaya g\u00f6re, Ekonomi ve Enerji Bakan\u0131 Olgun Amcao\u011flu\u2019nun da haz\u0131r bulundu\u011fu Komite<\/p>\n","protected":false},"author":1,"featured_media":2044,"comment_status":"open","ping_status":"open","sticky":false,"template":"","format":"standard","meta":{"footnotes":""},"categories":[1],"tags":[],"class_list":["post-2043","post","type-post","status-publish","format-standard","has-post-thumbnail","hentry","category-gundem"],"yoast_head":"<!-- This site is optimized with the Yoast SEO plugin v27.4 - https:\/\/yoast.com\/product\/yoast-seo-wordpress\/ -->\n<title>Meclis Komitesi\u2019nde Hal Yasa Tasar\u0131s\u0131 g\u00f6r\u00fc\u015f\u00fcl\u00fcyor -<\/title>\n<meta name=\"robots\" content=\"index, follow, max-snippet:-1, max-image-preview:large, max-video-preview:-1\" \/>\n<link rel=\"canonical\" href=\"https:\/\/kibrisdakik.com\/?p=2043\" \/>\n<meta property=\"og:locale\" content=\"tr_TR\" \/>\n<meta property=\"og:type\" content=\"article\" \/>\n<meta property=\"og:title\" content=\"Meclis Komitesi\u2019nde Hal Yasa Tasar\u0131s\u0131 g\u00f6r\u00fc\u015f\u00fcl\u00fcyor -\" \/>\n<meta property=\"og:description\" content=\"Cumhuriyet Meclisi, Avrupa Birli\u011fi Uyum Yasa Tasar\u0131lar\u0131n\u0131 G\u00f6r\u00fc\u015fmek \u00dczere Olu\u015fturulan Ge\u00e7ici ve \u00d6zel Komite, \u201cHal Yasa \u00d6nerisi (\u00d6neri Sahibi UBP Girne Milletvekili)\u201d ve \u201cHal Yasa Tasar\u0131s\u0131\u201d g\u00fcndemi ile topland\u0131. Komite bug\u00fcn saat 09.30\u2019da UBP Milletvekili Komite Ba\u015fkan\u0131 O\u011fuzhan Hasipo\u011flu ba\u015fkanl\u0131\u011f\u0131nda topland\u0131. Meclis\u2019ten yap\u0131lan a\u00e7\u0131klamaya g\u00f6re, Ekonomi ve Enerji Bakan\u0131 Olgun Amcao\u011flu\u2019nun da haz\u0131r bulundu\u011fu Komite\" \/>\n<meta property=\"og:url\" content=\"https:\/\/kibrisdakik.com\/?p=2043\" \/>\n<meta property=\"article:published_time\" content=\"2023-02-24T21:07:48+00:00\" \/>\n<meta property=\"og:image\" content=\"https:\/\/kibrisdakik.com\/wp-content\/uploads\/2023\/02\/ab-komitesi-1-scaled-740x420.jpg\" \/>\n\t<meta property=\"og:image:width\" content=\"2560\" \/>\n\t<meta property=\"og:image:height\" content=\"1608\" \/>\n\t<meta property=\"og:image:type\" content=\"image\/jpeg\" \/>\n<meta name=\"author\" content=\"admin\" \/>\n<meta name=\"twitter:card\" content=\"summary_large_image\" \/>\n<meta name=\"twitter:label1\" content=\"Yazan:\" \/>\n\t<meta name=\"twitter:data1\" content=\"admin\" \/>\n\t<meta name=\"twitter:label2\" content=\"Tahmini okuma s\u00fcresi\" \/>\n\t<meta name=\"twitter:data2\" content=\"1 dakika\" \/>\n<script type=\"application\/ld+json\" class=\"yoast-schema-graph\">{\"@context\":\"https:\\\/\\\/schema.org\",\"@graph\":[{\"@type\":\"Article\",\"@id\":\"https:\\\/\\\/kibrisdakik.com\\\/?p=2043#article\",\"isPartOf\":{\"@id\":\"https:\\\/\\\/kibrisdakik.com\\\/?p=2043\"},\"author\":{\"name\":\"admin\",\"@id\":\"https:\\\/\\\/kibrisdakik.com\\\/#\\\/schema\\\/person\\\/9cd9d437bbb44f72b73ba127e06d8e79\"},\"headline\":\"Meclis Komitesi\u2019nde Hal Yasa Tasar\u0131s\u0131 g\u00f6r\u00fc\u015f\u00fcl\u00fcyor\",\"datePublished\":\"2023-02-24T21:07:48+00:00\",\"mainEntityOfPage\":{\"@id\":\"https:\\\/\\\/kibrisdakik.com\\\/?p=2043\"},\"wordCount\":236,\"commentCount\":0,\"image\":{\"@id\":\"https:\\\/\\\/kibrisdakik.com\\\/?p=2043#primaryimage\"},\"thumbnailUrl\":\"https:\\\/\\\/kibrisdakik.com\\\/wp-content\\\/uploads\\\/2023\\\/02\\\/ab-komitesi-1-scaled-740x420.jpg\",\"articleSection\":[\"G\u00fcndem\"],\"inLanguage\":\"tr\",\"potentialAction\":[{\"@type\":\"CommentAction\",\"name\":\"Comment\",\"target\":[\"https:\\\/\\\/kibrisdakik.com\\\/?p=2043#respond\"]}]},{\"@type\":\"WebPage\",\"@id\":\"https:\\\/\\\/kibrisdakik.com\\\/?p=2043\",\"url\":\"https:\\\/\\\/kibrisdakik.com\\\/?p=2043\",\"name\":\"Meclis Komitesi\u2019nde Hal Yasa Tasar\u0131s\u0131 g\u00f6r\u00fc\u015f\u00fcl\u00fcyor -\",\"isPartOf\":{\"@id\":\"https:\\\/\\\/kibrisdakik.com\\\/#website\"},\"primaryImageOfPage\":{\"@id\":\"https:\\\/\\\/kibrisdakik.com\\\/?p=2043#primaryimage\"},\"image\":{\"@id\":\"https:\\\/\\\/kibrisdakik.com\\\/?p=2043#primaryimage\"},\"thumbnailUrl\":\"https:\\\/\\\/kibrisdakik.com\\\/wp-content\\\/uploads\\\/2023\\\/02\\\/ab-komitesi-1-scaled-740x420.jpg\",\"datePublished\":\"2023-02-24T21:07:48+00:00\",\"author\":{\"@id\":\"https:\\\/\\\/kibrisdakik.com\\\/#\\\/schema\\\/person\\\/9cd9d437bbb44f72b73ba127e06d8e79\"},\"breadcrumb\":{\"@id\":\"https:\\\/\\\/kibrisdakik.com\\\/?p=2043#breadcrumb\"},\"inLanguage\":\"tr\",\"potentialAction\":[{\"@type\":\"ReadAction\",\"target\":[\"https:\\\/\\\/kibrisdakik.com\\\/?p=2043\"]}]},{\"@type\":\"ImageObject\",\"inLanguage\":\"tr\",\"@id\":\"https:\\\/\\\/kibrisdakik.com\\\/?p=2043#primaryimage\",\"url\":\"https:\\\/\\\/kibrisdakik.com\\\/wp-content\\\/uploads\\\/2023\\\/02\\\/ab-komitesi-1-scaled-740x420.jpg\",\"contentUrl\":\"https:\\\/\\\/kibrisdakik.com\\\/wp-content\\\/uploads\\\/2023\\\/02\\\/ab-komitesi-1-scaled-740x420.jpg\",\"width\":2560,\"height\":1608},{\"@type\":\"BreadcrumbList\",\"@id\":\"https:\\\/\\\/kibrisdakik.com\\\/?p=2043#breadcrumb\",\"itemListElement\":[{\"@type\":\"ListItem\",\"position\":1,\"name\":\"Home\",\"item\":\"https:\\\/\\\/kibrisdakik.com\\\/\"},{\"@type\":\"ListItem\",\"position\":2,\"name\":\"Meclis Komitesi\u2019nde Hal Yasa Tasar\u0131s\u0131 g\u00f6r\u00fc\u015f\u00fcl\u00fcyor\"}]},{\"@type\":\"WebSite\",\"@id\":\"https:\\\/\\\/kibrisdakik.com\\\/#website\",\"url\":\"https:\\\/\\\/kibrisdakik.com\\\/\",\"name\":\"\",\"description\":\"Tam vaktinde haber\",\"potentialAction\":[{\"@type\":\"SearchAction\",\"target\":{\"@type\":\"EntryPoint\",\"urlTemplate\":\"https:\\\/\\\/kibrisdakik.com\\\/?s={search_term_string}\"},\"query-input\":{\"@type\":\"PropertyValueSpecification\",\"valueRequired\":true,\"valueName\":\"search_term_string\"}}],\"inLanguage\":\"tr\"},{\"@type\":\"Person\",\"@id\":\"https:\\\/\\\/kibrisdakik.com\\\/#\\\/schema\\\/person\\\/9cd9d437bbb44f72b73ba127e06d8e79\",\"name\":\"admin\",\"image\":{\"@type\":\"ImageObject\",\"inLanguage\":\"tr\",\"@id\":\"https:\\\/\\\/secure.gravatar.com\\\/avatar\\\/ccc17943b9d660506c869530f897617f7cb1c21a4bf30023f252596d83e1f007?s=96&d=mm&r=g\",\"url\":\"https:\\\/\\\/secure.gravatar.com\\\/avatar\\\/ccc17943b9d660506c869530f897617f7cb1c21a4bf30023f252596d83e1f007?s=96&d=mm&r=g\",\"contentUrl\":\"https:\\\/\\\/secure.gravatar.com\\\/avatar\\\/ccc17943b9d660506c869530f897617f7cb1c21a4bf30023f252596d83e1f007?s=96&d=mm&r=g\",\"caption\":\"admin\"},\"sameAs\":[\"https:\\\/\\\/kibrisdakik.com\"],\"url\":\"https:\\\/\\\/kibrisdakik.com\\\/?author=1\"}]}<\/script>\n<!-- \/ Yoast SEO plugin. -->","yoast_head_json":{"title":"Meclis Komitesi\u2019nde Hal Yasa Tasar\u0131s\u0131 g\u00f6r\u00fc\u015f\u00fcl\u00fcyor -","robots":{"index":"index","follow":"follow","max-snippet":"max-snippet:-1","max-image-preview":"max-image-preview:large","max-video-preview":"max-video-preview:-1"},"canonical":"https:\/\/kibrisdakik.com\/?p=2043","og_locale":"tr_TR","og_type":"article","og_title":"Meclis Komitesi\u2019nde Hal Yasa Tasar\u0131s\u0131 g\u00f6r\u00fc\u015f\u00fcl\u00fcyor -","og_description":"Cumhuriyet Meclisi, Avrupa Birli\u011fi Uyum Yasa Tasar\u0131lar\u0131n\u0131 G\u00f6r\u00fc\u015fmek \u00dczere Olu\u015fturulan Ge\u00e7ici ve \u00d6zel Komite, \u201cHal Yasa \u00d6nerisi (\u00d6neri Sahibi UBP Girne Milletvekili)\u201d ve \u201cHal Yasa Tasar\u0131s\u0131\u201d g\u00fcndemi ile topland\u0131. Komite bug\u00fcn saat 09.30\u2019da UBP Milletvekili Komite Ba\u015fkan\u0131 O\u011fuzhan Hasipo\u011flu ba\u015fkanl\u0131\u011f\u0131nda topland\u0131. Meclis\u2019ten yap\u0131lan a\u00e7\u0131klamaya g\u00f6re, Ekonomi ve Enerji Bakan\u0131 Olgun Amcao\u011flu\u2019nun da haz\u0131r bulundu\u011fu Komite","og_url":"https:\/\/kibrisdakik.com\/?p=2043","article_published_time":"2023-02-24T21:07:48+00:00","og_image":[{"width":2560,"height":1608,"url":"https:\/\/kibrisdakik.com\/wp-content\/uploads\/2023\/02\/ab-komitesi-1-scaled-740x420.jpg","type":"image\/jpeg"}],"author":"admin","twitter_card":"summary_large_image","twitter_misc":{"Yazan:":"admin","Tahmini okuma s\u00fcresi":"1 dakika"},"schema":{"@context":"https:\/\/schema.org","@graph":[{"@type":"Article","@id":"https:\/\/kibrisdakik.com\/?p=2043#article","isPartOf":{"@id":"https:\/\/kibrisdakik.com\/?p=2043"},"author":{"name":"admin","@id":"https:\/\/kibrisdakik.com\/#\/schema\/person\/9cd9d437bbb44f72b73ba127e06d8e79"},"headline":"Meclis Komitesi\u2019nde Hal Yasa Tasar\u0131s\u0131 g\u00f6r\u00fc\u015f\u00fcl\u00fcyor","datePublished":"2023-02-24T21:07:48+00:00","mainEntityOfPage":{"@id":"https:\/\/kibrisdakik.com\/?p=2043"},"wordCount":236,"commentCount":0,"image":{"@id":"https:\/\/kibrisdakik.com\/?p=2043#primaryimage"},"thumbnailUrl":"https:\/\/kibrisdakik.com\/wp-content\/uploads\/2023\/02\/ab-komitesi-1-scaled-740x420.jpg","articleSection":["G\u00fcndem"],"inLanguage":"tr","potentialAction":[{"@type":"CommentAction","name":"Comment","target":["https:\/\/kibrisdakik.com\/?p=2043#respond"]}]},{"@type":"WebPage","@id":"https:\/\/kibrisdakik.com\/?p=2043","url":"https:\/\/kibrisdakik.com\/?p=2043","name":"Meclis Komitesi\u2019nde Hal Yasa Tasar\u0131s\u0131 g\u00f6r\u00fc\u015f\u00fcl\u00fcyor -","isPartOf":{"@id":"https:\/\/kibrisdakik.com\/#website"},"primaryImageOfPage":{"@id":"https:\/\/kibrisdakik.com\/?p=2043#primaryimage"},"image":{"@id":"https:\/\/kibrisdakik.com\/?p=2043#primaryimage"},"thumbnailUrl":"https:\/\/kibrisdakik.com\/wp-content\/uploads\/2023\/02\/ab-komitesi-1-scaled-740x420.jpg","datePublished":"2023-02-24T21:07:48+00:00","author":{"@id":"https:\/\/kibrisdakik.com\/#\/schema\/person\/9cd9d437bbb44f72b73ba127e06d8e79"},"breadcrumb":{"@id":"https:\/\/kibrisdakik.com\/?p=2043#breadcrumb"},"inLanguage":"tr","potentialAction":[{"@type":"ReadAction","target":["https:\/\/kibrisdakik.com\/?p=2043"]}]},{"@type":"ImageObject","inLanguage":"tr","@id":"https:\/\/kibrisdakik.com\/?p=2043#primaryimage","url":"https:\/\/kibrisdakik.com\/wp-content\/uploads\/2023\/02\/ab-komitesi-1-scaled-740x420.jpg","contentUrl":"https:\/\/kibrisdakik.com\/wp-content\/uploads\/2023\/02\/ab-komitesi-1-scaled-740x420.jpg","width":2560,"height":1608},{"@type":"BreadcrumbList","@id":"https:\/\/kibrisdakik.com\/?p=2043#breadcrumb","itemListElement":[{"@type":"ListItem","position":1,"name":"Home","item":"https:\/\/kibrisdakik.com\/"},{"@type":"ListItem","position":2,"name":"Meclis Komitesi\u2019nde Hal Yasa Tasar\u0131s\u0131 g\u00f6r\u00fc\u015f\u00fcl\u00fcyor"}]},{"@type":"WebSite","@id":"https:\/\/kibrisdakik.com\/#website","url":"https:\/\/kibrisdakik.com\/","name":"","description":"Tam vaktinde haber","potentialAction":[{"@type":"SearchAction","target":{"@type":"EntryPoint","urlTemplate":"https:\/\/kibrisdakik.com\/?s={search_term_string}"},"query-input":{"@type":"PropertyValueSpecification","valueRequired":true,"valueName":"search_term_string"}}],"inLanguage":"tr"},{"@type":"Person","@id":"https:\/\/kibrisdakik.com\/#\/schema\/person\/9cd9d437bbb44f72b73ba127e06d8e79","name":"admin","image":{"@type":"ImageObject","inLanguage":"tr","@id":"https:\/\/secure.gravatar.com\/avatar\/ccc17943b9d660506c869530f897617f7cb1c21a4bf30023f252596d83e1f007?s=96&d=mm&r=g","url":"https:\/\/secure.gravatar.com\/avatar\/ccc17943b9d660506c869530f897617f7cb1c21a4bf30023f252596d83e1f007?s=96&d=mm&r=g","contentUrl":"https:\/\/secure.gravatar.com\/avatar\/ccc17943b9d660506c869530f897617f7cb1c21a4bf30023f252596d83e1f007?s=96&d=mm&r=g","caption":"admin"},"sameAs":["https:\/\/kibrisdakik.com"],"url":"https:\/\/kibrisdakik.com\/?author=1"}]}},"_links":{"self":[{"href":"https:\/\/kibrisdakik.com\/index.php?rest_route=\/wp\/v2\/posts\/2043","targetHints":{"allow":["GET"]}}],"collection":[{"href":"https:\/\/kibrisdakik.com\/index.php?rest_route=\/wp\/v2\/posts"}],"about":[{"href":"https:\/\/kibrisdakik.com\/index.php?rest_route=\/wp\/v2\/types\/post"}],"author":[{"embeddable":true,"href":"https:\/\/kibrisdakik.com\/index.php?rest_route=\/wp\/v2\/users\/1"}],"replies":[{"embeddable":true,"href":"https:\/\/kibrisdakik.com\/index.php?rest_route=%2Fwp%2Fv2%2Fcomments&post=2043"}],"version-history":[{"count":0,"href":"https:\/\/kibrisdakik.com\/index.php?rest_route=\/wp\/v2\/posts\/2043\/revisions"}],"wp:featuredmedia":[{"embeddable":true,"href":"https:\/\/kibrisdakik.com\/index.php?rest_route=\/wp\/v2\/media\/2044"}],"wp:attachment":[{"href":"https:\/\/kibrisdakik.com\/index.php?rest_route=%2Fwp%2Fv2%2Fmedia&parent=2043"}],"wp:term":[{"taxonomy":"category","embeddable":true,"href":"https:\/\/kibrisdakik.com\/index.php?rest_route=%2Fwp%2Fv2%2Fcategories&post=2043"},{"taxonomy":"post_tag","embeddable":true,"href":"https:\/\/kibrisdakik.com\/index.php?rest_route=%2Fwp%2Fv2%2Ftags&post=2043"}],"curies":[{"name":"wp","href":"https:\/\/api.w.org\/{rel}","templated":true}]}}