{"id":20475,"date":"2023-11-29T18:41:56","date_gmt":"2023-11-29T18:41:56","guid":{"rendered":"https:\/\/kibrisdakik.com\/index.php\/2023\/11\/29\/meteoroloji-dairesinin-muduru-sinan-gunes-oldu\/"},"modified":"2023-11-29T18:41:56","modified_gmt":"2023-11-29T18:41:56","slug":"meteoroloji-dairesinin-muduru-sinan-gunes-oldu","status":"publish","type":"post","link":"https:\/\/kibrisdakik.com\/?p=20475","title":{"rendered":"Meteoroloji Dairesi&#039;nin m\u00fcd\u00fcr\u00fc Sinan G\u00fcne\u015f oldu"},"content":{"rendered":"<p><img decoding=\"async\" src=\"https:\/\/www.kibristurk.com\/images\/haberler\/2023\/11\/meteoroloji-dairesinin-muduru-sinan-gunes-oldu-1701282996.webp\" \/><\/p>\n<p>Bay\u0131nd\u0131rl\u0131k ve Ula\u015ft\u0131rma Bakanl\u0131\u011f\u0131na ba\u011fl\u0131 Meteoroloji Dairesi M\u00fcd\u00fcrl\u00fc\u011f\u00fc mevkiine Sinan G\u00fcne\u015f atand\u0131.<\/p>\n<p>Atama karar\u0131 Resmi Gazete\u2019de yay\u0131mland\u0131.<\/p>\n<p>5 Mart 2014 y\u0131l\u0131ndan beridir Meteoroloji Dairesi M\u00fcd\u00fcr\u00fc olan Raif \u0130lker Buran\u2019\u0131n ge\u00e7ti\u011fimiz g\u00fcnlerde g\u00f6revden al\u0131nmas\u0131 tart\u0131\u015fmalara neden olmu\u015ftu.<\/p>\n<p>\u00d6te yandan, Sinan G\u00fcne\u015f, 2018 y\u0131l\u0131ndan 28 Nisan 2023 tarihine kadar Girne Kaymakaml\u0131\u011f\u0131 g\u00f6revini s\u00fcrd\u00fcrm\u00fc\u015ft\u00fc.<\/p>\n","protected":false},"excerpt":{"rendered":"<p>Bay\u0131nd\u0131rl\u0131k ve Ula\u015ft\u0131rma Bakanl\u0131\u011f\u0131na ba\u011fl\u0131 Meteoroloji Dairesi M\u00fcd\u00fcrl\u00fc\u011f\u00fc mevkiine Sinan G\u00fcne\u015f atand\u0131. Atama karar\u0131 Resmi Gazete\u2019de yay\u0131mland\u0131. 5 Mart 2014 y\u0131l\u0131ndan beridir Meteoroloji Dairesi M\u00fcd\u00fcr\u00fc olan Raif \u0130lker Buran\u2019\u0131n ge\u00e7ti\u011fimiz g\u00fcnlerde g\u00f6revden al\u0131nmas\u0131 tart\u0131\u015fmalara neden olmu\u015ftu. \u00d6te yandan, Sinan G\u00fcne\u015f, 2018 y\u0131l\u0131ndan 28 Nisan 2023 tarihine kadar Girne Kaymakaml\u0131\u011f\u0131 g\u00f6revini s\u00fcrd\u00fcrm\u00fc\u015ft\u00fc.<\/p>\n","protected":false},"author":1,"featured_media":20476,"comment_status":"open","ping_status":"open","sticky":false,"template":"","format":"standard","meta":{"footnotes":""},"categories":[79],"tags":[],"class_list":["post-20475","post","type-post","status-publish","format-standard","has-post-thumbnail","hentry","category-ekonomi"],"yoast_head":"<!-- This site is optimized with the Yoast SEO plugin v27.5 - https:\/\/yoast.com\/product\/yoast-seo-wordpress\/ -->\n<title>Meteoroloji Dairesi&#039;nin m\u00fcd\u00fcr\u00fc Sinan G\u00fcne\u015f oldu -<\/title>\n<meta name=\"robots\" content=\"index, follow, max-snippet:-1, max-image-preview:large, max-video-preview:-1\" \/>\n<link rel=\"canonical\" href=\"https:\/\/kibrisdakik.com\/?p=20475\" \/>\n<meta property=\"og:locale\" content=\"tr_TR\" \/>\n<meta property=\"og:type\" content=\"article\" \/>\n<meta property=\"og:title\" content=\"Meteoroloji Dairesi&#039;nin m\u00fcd\u00fcr\u00fc Sinan G\u00fcne\u015f oldu -\" \/>\n<meta property=\"og:description\" content=\"Bay\u0131nd\u0131rl\u0131k ve Ula\u015ft\u0131rma Bakanl\u0131\u011f\u0131na ba\u011fl\u0131 Meteoroloji Dairesi M\u00fcd\u00fcrl\u00fc\u011f\u00fc mevkiine Sinan G\u00fcne\u015f atand\u0131. Atama karar\u0131 Resmi Gazete\u2019de yay\u0131mland\u0131. 5 Mart 2014 y\u0131l\u0131ndan beridir Meteoroloji Dairesi M\u00fcd\u00fcr\u00fc olan Raif \u0130lker Buran\u2019\u0131n ge\u00e7ti\u011fimiz g\u00fcnlerde g\u00f6revden al\u0131nmas\u0131 tart\u0131\u015fmalara neden olmu\u015ftu. \u00d6te yandan, Sinan G\u00fcne\u015f, 2018 y\u0131l\u0131ndan 28 Nisan 2023 tarihine kadar Girne Kaymakaml\u0131\u011f\u0131 g\u00f6revini s\u00fcrd\u00fcrm\u00fc\u015ft\u00fc.\" \/>\n<meta property=\"og:url\" content=\"https:\/\/kibrisdakik.com\/?p=20475\" \/>\n<meta property=\"article:published_time\" content=\"2023-11-29T18:41:56+00:00\" \/>\n<meta property=\"og:image\" content=\"https:\/\/kibrisdakik.com\/wp-content\/uploads\/2023\/11\/meteoroloji-dairesinin-muduru-sinan-gunes-oldu-1701282996.webp.webp\" \/>\n\t<meta property=\"og:image:width\" content=\"710\" \/>\n\t<meta property=\"og:image:height\" content=\"370\" \/>\n\t<meta property=\"og:image:type\" content=\"image\/webp\" \/>\n<meta name=\"author\" content=\"admin\" \/>\n<meta name=\"twitter:card\" content=\"summary_large_image\" \/>\n<meta name=\"twitter:label1\" content=\"Yazan:\" \/>\n\t<meta name=\"twitter:data1\" content=\"admin\" \/>\n<script type=\"application\/ld+json\" class=\"yoast-schema-graph\">{\"@context\":\"https:\\\/\\\/schema.org\",\"@graph\":[{\"@type\":\"Article\",\"@id\":\"https:\\\/\\\/kibrisdakik.com\\\/?p=20475#article\",\"isPartOf\":{\"@id\":\"https:\\\/\\\/kibrisdakik.com\\\/?p=20475\"},\"author\":{\"name\":\"admin\",\"@id\":\"https:\\\/\\\/kibrisdakik.com\\\/#\\\/schema\\\/person\\\/9cd9d437bbb44f72b73ba127e06d8e79\"},\"headline\":\"Meteoroloji Dairesi&#039;nin m\u00fcd\u00fcr\u00fc Sinan G\u00fcne\u015f oldu\",\"datePublished\":\"2023-11-29T18:41:56+00:00\",\"mainEntityOfPage\":{\"@id\":\"https:\\\/\\\/kibrisdakik.com\\\/?p=20475\"},\"wordCount\":87,\"commentCount\":0,\"image\":{\"@id\":\"https:\\\/\\\/kibrisdakik.com\\\/?p=20475#primaryimage\"},\"thumbnailUrl\":\"https:\\\/\\\/kibrisdakik.com\\\/wp-content\\\/uploads\\\/2023\\\/11\\\/meteoroloji-dairesinin-muduru-sinan-gunes-oldu-1701282996.webp.webp\",\"articleSection\":[\"Ekonomi\"],\"inLanguage\":\"tr\",\"potentialAction\":[{\"@type\":\"CommentAction\",\"name\":\"Comment\",\"target\":[\"https:\\\/\\\/kibrisdakik.com\\\/?p=20475#respond\"]}]},{\"@type\":\"WebPage\",\"@id\":\"https:\\\/\\\/kibrisdakik.com\\\/?p=20475\",\"url\":\"https:\\\/\\\/kibrisdakik.com\\\/?p=20475\",\"name\":\"Meteoroloji Dairesi&#039;nin m\u00fcd\u00fcr\u00fc Sinan G\u00fcne\u015f oldu -\",\"isPartOf\":{\"@id\":\"https:\\\/\\\/kibrisdakik.com\\\/#website\"},\"primaryImageOfPage\":{\"@id\":\"https:\\\/\\\/kibrisdakik.com\\\/?p=20475#primaryimage\"},\"image\":{\"@id\":\"https:\\\/\\\/kibrisdakik.com\\\/?p=20475#primaryimage\"},\"thumbnailUrl\":\"https:\\\/\\\/kibrisdakik.com\\\/wp-content\\\/uploads\\\/2023\\\/11\\\/meteoroloji-dairesinin-muduru-sinan-gunes-oldu-1701282996.webp.webp\",\"datePublished\":\"2023-11-29T18:41:56+00:00\",\"author\":{\"@id\":\"https:\\\/\\\/kibrisdakik.com\\\/#\\\/schema\\\/person\\\/9cd9d437bbb44f72b73ba127e06d8e79\"},\"breadcrumb\":{\"@id\":\"https:\\\/\\\/kibrisdakik.com\\\/?p=20475#breadcrumb\"},\"inLanguage\":\"tr\",\"potentialAction\":[{\"@type\":\"ReadAction\",\"target\":[\"https:\\\/\\\/kibrisdakik.com\\\/?p=20475\"]}]},{\"@type\":\"ImageObject\",\"inLanguage\":\"tr\",\"@id\":\"https:\\\/\\\/kibrisdakik.com\\\/?p=20475#primaryimage\",\"url\":\"https:\\\/\\\/kibrisdakik.com\\\/wp-content\\\/uploads\\\/2023\\\/11\\\/meteoroloji-dairesinin-muduru-sinan-gunes-oldu-1701282996.webp.webp\",\"contentUrl\":\"https:\\\/\\\/kibrisdakik.com\\\/wp-content\\\/uploads\\\/2023\\\/11\\\/meteoroloji-dairesinin-muduru-sinan-gunes-oldu-1701282996.webp.webp\",\"width\":710,\"height\":370},{\"@type\":\"BreadcrumbList\",\"@id\":\"https:\\\/\\\/kibrisdakik.com\\\/?p=20475#breadcrumb\",\"itemListElement\":[{\"@type\":\"ListItem\",\"position\":1,\"name\":\"Home\",\"item\":\"https:\\\/\\\/kibrisdakik.com\\\/\"},{\"@type\":\"ListItem\",\"position\":2,\"name\":\"Meteoroloji Dairesi&#039;nin m\u00fcd\u00fcr\u00fc Sinan G\u00fcne\u015f oldu\"}]},{\"@type\":\"WebSite\",\"@id\":\"https:\\\/\\\/kibrisdakik.com\\\/#website\",\"url\":\"https:\\\/\\\/kibrisdakik.com\\\/\",\"name\":\"\",\"description\":\"Tam vaktinde haber\",\"potentialAction\":[{\"@type\":\"SearchAction\",\"target\":{\"@type\":\"EntryPoint\",\"urlTemplate\":\"https:\\\/\\\/kibrisdakik.com\\\/?s={search_term_string}\"},\"query-input\":{\"@type\":\"PropertyValueSpecification\",\"valueRequired\":true,\"valueName\":\"search_term_string\"}}],\"inLanguage\":\"tr\"},{\"@type\":\"Person\",\"@id\":\"https:\\\/\\\/kibrisdakik.com\\\/#\\\/schema\\\/person\\\/9cd9d437bbb44f72b73ba127e06d8e79\",\"name\":\"admin\",\"image\":{\"@type\":\"ImageObject\",\"inLanguage\":\"tr\",\"@id\":\"https:\\\/\\\/secure.gravatar.com\\\/avatar\\\/ccc17943b9d660506c869530f897617f7cb1c21a4bf30023f252596d83e1f007?s=96&d=mm&r=g\",\"url\":\"https:\\\/\\\/secure.gravatar.com\\\/avatar\\\/ccc17943b9d660506c869530f897617f7cb1c21a4bf30023f252596d83e1f007?s=96&d=mm&r=g\",\"contentUrl\":\"https:\\\/\\\/secure.gravatar.com\\\/avatar\\\/ccc17943b9d660506c869530f897617f7cb1c21a4bf30023f252596d83e1f007?s=96&d=mm&r=g\",\"caption\":\"admin\"},\"sameAs\":[\"https:\\\/\\\/kibrisdakik.com\"],\"url\":\"https:\\\/\\\/kibrisdakik.com\\\/?author=1\"}]}<\/script>\n<!-- \/ Yoast SEO plugin. -->","yoast_head_json":{"title":"Meteoroloji Dairesi&#039;nin m\u00fcd\u00fcr\u00fc Sinan G\u00fcne\u015f oldu -","robots":{"index":"index","follow":"follow","max-snippet":"max-snippet:-1","max-image-preview":"max-image-preview:large","max-video-preview":"max-video-preview:-1"},"canonical":"https:\/\/kibrisdakik.com\/?p=20475","og_locale":"tr_TR","og_type":"article","og_title":"Meteoroloji Dairesi&#039;nin m\u00fcd\u00fcr\u00fc Sinan G\u00fcne\u015f oldu -","og_description":"Bay\u0131nd\u0131rl\u0131k ve Ula\u015ft\u0131rma Bakanl\u0131\u011f\u0131na ba\u011fl\u0131 Meteoroloji Dairesi M\u00fcd\u00fcrl\u00fc\u011f\u00fc mevkiine Sinan G\u00fcne\u015f atand\u0131. Atama karar\u0131 Resmi Gazete\u2019de yay\u0131mland\u0131. 5 Mart 2014 y\u0131l\u0131ndan beridir Meteoroloji Dairesi M\u00fcd\u00fcr\u00fc olan Raif \u0130lker Buran\u2019\u0131n ge\u00e7ti\u011fimiz g\u00fcnlerde g\u00f6revden al\u0131nmas\u0131 tart\u0131\u015fmalara neden olmu\u015ftu. \u00d6te yandan, Sinan G\u00fcne\u015f, 2018 y\u0131l\u0131ndan 28 Nisan 2023 tarihine kadar Girne Kaymakaml\u0131\u011f\u0131 g\u00f6revini s\u00fcrd\u00fcrm\u00fc\u015ft\u00fc.","og_url":"https:\/\/kibrisdakik.com\/?p=20475","article_published_time":"2023-11-29T18:41:56+00:00","og_image":[{"width":710,"height":370,"url":"https:\/\/kibrisdakik.com\/wp-content\/uploads\/2023\/11\/meteoroloji-dairesinin-muduru-sinan-gunes-oldu-1701282996.webp.webp","type":"image\/webp"}],"author":"admin","twitter_card":"summary_large_image","twitter_misc":{"Yazan:":"admin"},"schema":{"@context":"https:\/\/schema.org","@graph":[{"@type":"Article","@id":"https:\/\/kibrisdakik.com\/?p=20475#article","isPartOf":{"@id":"https:\/\/kibrisdakik.com\/?p=20475"},"author":{"name":"admin","@id":"https:\/\/kibrisdakik.com\/#\/schema\/person\/9cd9d437bbb44f72b73ba127e06d8e79"},"headline":"Meteoroloji Dairesi&#039;nin m\u00fcd\u00fcr\u00fc Sinan G\u00fcne\u015f oldu","datePublished":"2023-11-29T18:41:56+00:00","mainEntityOfPage":{"@id":"https:\/\/kibrisdakik.com\/?p=20475"},"wordCount":87,"commentCount":0,"image":{"@id":"https:\/\/kibrisdakik.com\/?p=20475#primaryimage"},"thumbnailUrl":"https:\/\/kibrisdakik.com\/wp-content\/uploads\/2023\/11\/meteoroloji-dairesinin-muduru-sinan-gunes-oldu-1701282996.webp.webp","articleSection":["Ekonomi"],"inLanguage":"tr","potentialAction":[{"@type":"CommentAction","name":"Comment","target":["https:\/\/kibrisdakik.com\/?p=20475#respond"]}]},{"@type":"WebPage","@id":"https:\/\/kibrisdakik.com\/?p=20475","url":"https:\/\/kibrisdakik.com\/?p=20475","name":"Meteoroloji Dairesi&#039;nin m\u00fcd\u00fcr\u00fc Sinan G\u00fcne\u015f oldu -","isPartOf":{"@id":"https:\/\/kibrisdakik.com\/#website"},"primaryImageOfPage":{"@id":"https:\/\/kibrisdakik.com\/?p=20475#primaryimage"},"image":{"@id":"https:\/\/kibrisdakik.com\/?p=20475#primaryimage"},"thumbnailUrl":"https:\/\/kibrisdakik.com\/wp-content\/uploads\/2023\/11\/meteoroloji-dairesinin-muduru-sinan-gunes-oldu-1701282996.webp.webp","datePublished":"2023-11-29T18:41:56+00:00","author":{"@id":"https:\/\/kibrisdakik.com\/#\/schema\/person\/9cd9d437bbb44f72b73ba127e06d8e79"},"breadcrumb":{"@id":"https:\/\/kibrisdakik.com\/?p=20475#breadcrumb"},"inLanguage":"tr","potentialAction":[{"@type":"ReadAction","target":["https:\/\/kibrisdakik.com\/?p=20475"]}]},{"@type":"ImageObject","inLanguage":"tr","@id":"https:\/\/kibrisdakik.com\/?p=20475#primaryimage","url":"https:\/\/kibrisdakik.com\/wp-content\/uploads\/2023\/11\/meteoroloji-dairesinin-muduru-sinan-gunes-oldu-1701282996.webp.webp","contentUrl":"https:\/\/kibrisdakik.com\/wp-content\/uploads\/2023\/11\/meteoroloji-dairesinin-muduru-sinan-gunes-oldu-1701282996.webp.webp","width":710,"height":370},{"@type":"BreadcrumbList","@id":"https:\/\/kibrisdakik.com\/?p=20475#breadcrumb","itemListElement":[{"@type":"ListItem","position":1,"name":"Home","item":"https:\/\/kibrisdakik.com\/"},{"@type":"ListItem","position":2,"name":"Meteoroloji Dairesi&#039;nin m\u00fcd\u00fcr\u00fc Sinan G\u00fcne\u015f oldu"}]},{"@type":"WebSite","@id":"https:\/\/kibrisdakik.com\/#website","url":"https:\/\/kibrisdakik.com\/","name":"","description":"Tam vaktinde haber","potentialAction":[{"@type":"SearchAction","target":{"@type":"EntryPoint","urlTemplate":"https:\/\/kibrisdakik.com\/?s={search_term_string}"},"query-input":{"@type":"PropertyValueSpecification","valueRequired":true,"valueName":"search_term_string"}}],"inLanguage":"tr"},{"@type":"Person","@id":"https:\/\/kibrisdakik.com\/#\/schema\/person\/9cd9d437bbb44f72b73ba127e06d8e79","name":"admin","image":{"@type":"ImageObject","inLanguage":"tr","@id":"https:\/\/secure.gravatar.com\/avatar\/ccc17943b9d660506c869530f897617f7cb1c21a4bf30023f252596d83e1f007?s=96&d=mm&r=g","url":"https:\/\/secure.gravatar.com\/avatar\/ccc17943b9d660506c869530f897617f7cb1c21a4bf30023f252596d83e1f007?s=96&d=mm&r=g","contentUrl":"https:\/\/secure.gravatar.com\/avatar\/ccc17943b9d660506c869530f897617f7cb1c21a4bf30023f252596d83e1f007?s=96&d=mm&r=g","caption":"admin"},"sameAs":["https:\/\/kibrisdakik.com"],"url":"https:\/\/kibrisdakik.com\/?author=1"}]}},"_links":{"self":[{"href":"https:\/\/kibrisdakik.com\/index.php?rest_route=\/wp\/v2\/posts\/20475","targetHints":{"allow":["GET"]}}],"collection":[{"href":"https:\/\/kibrisdakik.com\/index.php?rest_route=\/wp\/v2\/posts"}],"about":[{"href":"https:\/\/kibrisdakik.com\/index.php?rest_route=\/wp\/v2\/types\/post"}],"author":[{"embeddable":true,"href":"https:\/\/kibrisdakik.com\/index.php?rest_route=\/wp\/v2\/users\/1"}],"replies":[{"embeddable":true,"href":"https:\/\/kibrisdakik.com\/index.php?rest_route=%2Fwp%2Fv2%2Fcomments&post=20475"}],"version-history":[{"count":0,"href":"https:\/\/kibrisdakik.com\/index.php?rest_route=\/wp\/v2\/posts\/20475\/revisions"}],"wp:featuredmedia":[{"embeddable":true,"href":"https:\/\/kibrisdakik.com\/index.php?rest_route=\/wp\/v2\/media\/20476"}],"wp:attachment":[{"href":"https:\/\/kibrisdakik.com\/index.php?rest_route=%2Fwp%2Fv2%2Fmedia&parent=20475"}],"wp:term":[{"taxonomy":"category","embeddable":true,"href":"https:\/\/kibrisdakik.com\/index.php?rest_route=%2Fwp%2Fv2%2Fcategories&post=20475"},{"taxonomy":"post_tag","embeddable":true,"href":"https:\/\/kibrisdakik.com\/index.php?rest_route=%2Fwp%2Fv2%2Ftags&post=20475"}],"curies":[{"name":"wp","href":"https:\/\/api.w.org\/{rel}","templated":true}]}}