{"id":20487,"date":"2023-11-29T19:58:27","date_gmt":"2023-11-29T19:58:27","guid":{"rendered":"https:\/\/kibrisdakik.com\/index.php\/2023\/11\/29\/komitede-calisma-ve-sosyal-guvenlik-bakanliginin-butcesi-ele-aliniyor\/"},"modified":"2023-11-29T19:58:27","modified_gmt":"2023-11-29T19:58:27","slug":"komitede-calisma-ve-sosyal-guvenlik-bakanliginin-butcesi-ele-aliniyor","status":"publish","type":"post","link":"https:\/\/kibrisdakik.com\/?p=20487","title":{"rendered":"Komite\u2019de \u00c7al\u0131\u015fma ve Sosyal G\u00fcvenlik Bakanl\u0131\u011f\u0131n\u0131n b\u00fct\u00e7esi ele al\u0131n\u0131yor"},"content":{"rendered":"<p><img decoding=\"async\" src=\"https:\/\/www.kibristurk.com\/images\/haberler\/2023\/11\/komitede-calisma-ve-sosyal-guvenlik-bakanliginin-butcesi-ele-aliniyor-1701287589.webp\" \/><\/p>\n<p>Ekonomi, Maliye, B\u00fct\u00e7e ve Plan Komitesi\u2019nde 2024 Mali Y\u0131l\u0131 Merkezi Devlet Y\u00f6netimi B\u00fct\u00e7e Yasa Tasar\u0131s\u0131 \u00fczerinde g\u00f6r\u00fc\u015fmeler \u00c7al\u0131\u015fma ve Sosyal G\u00fcvenlik Bakanl\u0131\u011f\u0131 b\u00fct\u00e7esi ile devam ediyor.&nbsp;<\/p>\n<p>Komite\u2019de vekiller, \u00c7al\u0131\u015fma ve Sosyal G\u00fcvenlik Bakan\u0131 Sad\u0131k Gardiyano\u011flu ve b\u00fcrokratlar\u0131n kat\u0131l\u0131m\u0131yla, 3 Milyar 189 Milyon 859 bin 600 TL\u2019lik Bakanl\u0131k b\u00fct\u00e7esini ele al\u0131yor.&nbsp;&nbsp;<\/p>\n<p>UBP Milletvekili Resmiye Ero\u011flu Canaltay ba\u015fkanl\u0131\u011f\u0131ndaki g\u00f6r\u00fc\u015fme saat 20.00 itibar\u0131yla ba\u015flad\u0131.&nbsp;<\/p>\n<p>&#8211; \u0130ncirli: \u201cEczac\u0131l\u0131k mesle\u011fini \u00f6ld\u00fcrd\u00fcn\u00fcz\u201d&nbsp;<\/p>\n<p>B\u00fct\u00e7e \u00fczerine ilk s\u00f6z\u00fc alan Cumhuriyet\u00e7i T\u00fcrk Partisi (CTP) Milletvekili S\u0131la Usar \u0130ncirli, \u201csahte re\u00e7ete soru\u015fturmas\u0131\u201d olarak adland\u0131r\u0131lan olaya de\u011findi.&nbsp;&nbsp;<\/p>\n<p>\u0130ncirli, d\u00fcnyada do\u011fal afetlerin yan\u0131nda \u201cdo\u011fal olmayan afetlerin\u201d de oldu\u011funu s\u00f6yleyerek, son 2 bu\u00e7uk ayd\u0131r ya\u015fanan geli\u015fmeleri \u00c7al\u0131\u015fma ve Sosyal G\u00fcvenlik Bakanl\u0131\u011f\u0131 taraf\u0131ndan yarat\u0131lan bir \u201cdo\u011fal olmayan afet\u201d olarak nitelendirdi. Al\u0131nan karar\u0131 \u201cyanl\u0131\u015f ve eksik\u201d olarak de\u011ferlendiren \u0130ncirli, bunun Sa\u011fl\u0131k Bakanl\u0131\u011f\u0131na maliyetine i\u015faret etti; Sa\u011fl\u0131k Bakanl\u0131\u011f\u0131n\u0131n hastanelerde ila\u00e7 bulunabilmesi i\u00e7in \u201cpahal\u0131 olan ara al\u0131m\u201d dahil alm\u0131\u015f oldu\u011fu tedbirleri s\u0131ralad\u0131; Sosyal Sigortalar Dairesi taraf\u0131ndan \u00f6denmeyen ila\u00e7lar\u0131n art\u0131k Sa\u011fl\u0131k Bakanl\u0131\u011f\u0131 ve vatanda\u015f taraf\u0131ndan \u00f6dendi\u011fini s\u00f6yledi.&nbsp;&nbsp;<\/p>\n<p>Polisin 150-200 bin re\u00e7etenin pe\u015fine d\u00fc\u015ft\u00fc\u011f\u00fcn\u00fc s\u00f6yleyen Milletvekili incirli, su\u00e7 tan\u0131m\u0131 da yap\u0131lmamas\u0131 nedeniyle polisin \u201cimkans\u0131z bir g\u00f6revle\u201d g\u00f6revlendirildi\u011fini savundu;\u201cSiz bu \u00fclkede eczac\u0131l\u0131k mesle\u011fi bitirdiniz\u201d dedi.&nbsp;<\/p>\n<p>Milletvekili \u0130ncirli bir \u00fclkede b\u00fct\u00fcn hekim ve eczac\u0131lar\u0131n organize su\u00e7 i\u015fleyemeyece\u011fini kaydederek, yap\u0131lmas\u0131 gerekenin \u00f6nceden yap\u0131lan denetimle su\u00e7 i\u015fleyenlerin tespiti oldu\u011funu kaydetti. \u0130ncirli \u201cbu \u015fekilde b\u00f6b\u00fcrlenmenin\u201d yanl\u0131\u015f oldu\u011funu s\u00f6yleyerek, Bakanl\u0131k taraf\u0131ndan bak\u0131lmas\u0131 gerekenin Sosyal Sigortalar Dairesi\u2019nin yapm\u0131\u015f oldu\u011fu \u00f6demeler oldu\u011funu savundu.&nbsp;<\/p>\n<p>Sosyal Sigortalar \u0130dare Meclisi\u2019nde bir sa\u011fl\u0131k\u00e7\u0131n\u0131n olmamas\u0131n\u0131 da ele\u015ftiren \u0130ncirli, \u00e7\u00f6plerde bulunan ila\u00e7lar\u0131n bir k\u0131sm\u0131n\u0131n da bertaraf edilemeyen ila\u00e7lar oldu\u011funu kaydetti; s\u00fcrecin do\u011fru y\u00f6netilmesi \u00e7a\u011fr\u0131s\u0131nda bulundu.&nbsp;&nbsp;<\/p>\n<p>&#8211; Derya, toplumda kad\u0131n\u0131n ya\u015fad\u0131\u011f\u0131 zorluklara de\u011finerek, Bakanl\u0131\u011f\u0131n \u00e7al\u0131\u015fmalar\u0131n\u0131 sordu&nbsp;&nbsp;<\/p>\n<p>CTP Milletvekili Do\u011fu\u015f Derya da, \u00fclkede ka\u00e7ak i\u015fg\u00fcc\u00fc ve kay\u0131ts\u0131zl\u0131\u011f\u0131n yerli i\u015fg\u00fcc\u00fcn\u00fcn aleyhine oldu\u011funu kaydederek, bu noktada gen\u00e7lerin istihdam edilmesine y\u00f6nelik bir projenin gereklili\u011fine dikkat \u00e7ekti.&nbsp;&nbsp;<\/p>\n<p>\u00d6zel sekt\u00f6rde \u00f6rg\u00fctlenme&nbsp; olmamas\u0131ndan dolay\u0131 ciddi hak gasplar\u0131 ya\u015fand\u0131\u011f\u0131n\u0131n herkes taraf\u0131ndan bilindi\u011fini belirten Derya, en az\u0131ndan belli say\u0131da personeli olan \u015firketlerde toplu s\u00f6zle\u015fme gibi birtak\u0131m haklar\u0131n\u0131n g\u00fcvence alt\u0131na al\u0131nabilece\u011fini s\u00f6yledi; toplumsal hareket sendikac\u0131l\u0131\u011f\u0131n\u0131 \u00f6rnek verdi.&nbsp;&nbsp;<\/p>\n<p>\u0130\u015f kazalar\u0131nda denetimin \u00f6nemine vurgu yapan Derya, Bakanl\u0131k b\u00fcnyesinde m\u00fcfetti\u015flere ili\u015fkin rakamlar\u0131 ve \u00e7al\u0131\u015fmalar\u0131 sordu. Derya\u2019ya cevap veren Bakan Gardiyano\u011flu, m\u00fcnhali a\u00e7\u0131yor olduklar\u0131n\u0131 kaydetti.&nbsp;&nbsp;<\/p>\n<p>Derya, kad\u0131nlar\u0131n i\u015fg\u00fcc\u00fcne kat\u0131l\u0131m\u0131n\u0131n te\u015fvik edilmesi i\u00e7in \u00e7e\u015fitli meslek \u00f6rg\u00fctleriyle birlikte eskiden e\u011fitimler oldu\u011funu hat\u0131rlatarak, bunun durmu\u015f oldu\u011funu g\u00f6zlemledi\u011fini kaydetti.&nbsp;&nbsp;<\/p>\n<p>N\u00fcfusunu bilmeyen bir \u00fclkenin kalk\u0131nma plan\u0131 yapmas\u0131n\u0131n kolay olmad\u0131\u011f\u0131n\u0131 belirten Derya, projeksiyon rakamlar\u0131na g\u00f6re, \u00fclkedeki kad\u0131n n\u00fcfusunun y\u00fczde 60\u2019\u0131n\u0131n \u00e7al\u0131\u015fabilir ya\u015fta oldu\u011funu belirtti. \u00c7al\u0131\u015fma Dairesi M\u00fcd\u00fcrl\u00fc\u011f\u00fcn\u00fcn 2021 y\u0131l\u0131 faaliyet raporuna g\u00f6re, Daire\u2019ye i\u015f ba\u015fvurusunda olan kad\u0131n say\u0131s\u0131n\u0131n erkek say\u0131s\u0131n\u0131n iki kat\u0131 oldu\u011funu, ancak i\u015fe al\u0131nmad\u0131klar\u0131n\u0131n g\u00f6r\u00fcld\u00fc\u011f\u00fcn\u00fc s\u00f6yledi.&nbsp;&nbsp;<\/p>\n<p>Verilere g\u00f6re, i\u015f piyasas\u0131nda a\u00e7\u0131lan m\u00fcnhallerin y\u00fczde 60\u2019\u0131n\u0131n erkekler i\u00e7in y\u00fczde 40\u2019\u0131n\u0131n kad\u0131nlar i\u00e7in a\u00e7\u0131ld\u0131\u011f\u0131 bilgisini payla\u015fan Derya, bu kapsamda i\u015fe al\u0131nan kad\u0131n say\u0131s\u0131n\u0131n da ba\u015fvuran kad\u0131n say\u0131s\u0131n\u0131n d\u00f6rtte biri oldu\u011funa dikkat \u00e7ekti.&nbsp;&nbsp;<\/p>\n<p>Derya, \u00f6te yandan, d\u00fcnyada kad\u0131nlar\u0131n daha yo\u011fun olarak eme\u011fin yo\u011fun i\u015flerde istihdam edildi\u011fine, \u00fclkede kad\u0131nlar\u0131n bu t\u00fcr i\u015flere bile eri\u015fiminin zor oldu\u011funa de\u011findi.&nbsp;<\/p>\n<p>Toplumsal Cinsiyet E\u015fitli\u011fi Dairesi (TO\u00c7ED) Yasas\u0131 h\u00fck\u00fcmlerine i\u015faret eden Derya, kad\u0131na \u015fiddetin \u00f6nlenmesinin \u00f6n\u00fcne ge\u00e7ilebilmesi yolunda kad\u0131n\u0131n g\u00fc\u00e7lendirilmesi i\u00e7in kad\u0131n istihdam \u015fubesinin a\u00e7\u0131lmas\u0131 gerekti\u011fini ifade etti.&nbsp;&nbsp;<\/p>\n<p>Sosyal Sigortalar verilerine g\u00f6re, evde, pasta b\u00f6rek yap\u0131m\u0131, terzilik gibi toplumda kad\u0131n\u0131n g\u00f6revi olarak g\u00f6r\u00fclen g\u00f6revlerin bile piyasada erkek taraf\u0131ndan domine edildi\u011fini s\u00f6yleyen Derya, Sosyal Sigortalar\u2019\u0131n verilerine bak\u0131ld\u0131\u011f\u0131nda \u201ckad\u0131nlar \u00e7al\u0131\u015f\u0131yorsa bile sosyal g\u00fcvenceden yoksun \u00e7al\u0131\u015ft\u0131\u011f\u0131n\u0131\u201d savundu. Sosyal sigortal\u0131 \u00e7al\u0131\u015fma anlam\u0131nda Lefke, G\u00fczelyurt ve \u0130skele b\u00f6lgelerinin ba\u015f\u0131 \u00e7ekti\u011fini ifade eden Milletvekili Derya, buna ili\u015fkin proje \u00e7a\u011fr\u0131s\u0131nda bulundu.&nbsp;&nbsp;<\/p>\n<p>Do\u011fu\u015f Derya, sosyal yard\u0131m\u0131n y\u00fckseltilmesinin \u00f6nemine de vurgu yaparak, \u00fclkede 601 kad\u0131n\u0131n \u201canal\u0131k yard\u0131m\u0131\u201d ald\u0131\u011f\u0131n\u0131, destekleyecek kimsesi olmayan insanlar\u0131n \u00e7ocuklar\u0131na b\u0131rakacak bir yer sa\u011flanmamas\u0131ndan dolay\u0131 \u00e7al\u0131\u015famad\u0131\u011f\u0131n\u0131 ve yard\u0131ma muhta\u00e7 b\u0131rak\u0131ld\u0131\u011f\u0131n\u0131 savundu; bak\u0131m hizmetleri kurumlar\u0131n\u0131n a\u00e7\u0131lmas\u0131n\u0131n \u00f6nemini dile getirdi. Derya, bunun yan\u0131nda \u00c7ocuk Yuvas\u0131\u2019ndaki g\u00f6zlemlerini payla\u015farak, evlat edinme prosed\u00fcr\u00fcn\u00fcn kolayla\u015ft\u0131r\u0131lmas\u0131 gerekti\u011fi g\u00f6r\u00fc\u015f\u00fcn\u00fc dile getirdi.&nbsp;&nbsp;<\/p>\n<p>Kad\u0131n\u0131n \u201cg\u00f6r\u00fcnmeyen eme\u011finin\u201d maliyetinin hesaplanmas\u0131 halinde, bu eme\u011finin kar\u015f\u0131l\u0131\u011f\u0131n\u0131n bir daire m\u00fcd\u00fcr\u00fc maa\u015f\u0131na denk geldi\u011finin g\u00f6r\u00fcnebilece\u011fini belirterek, \u201ctoplumsal cinsiyete duyarl\u0131 b\u00fct\u00e7elemenin\u201d olmas\u0131 gerekti\u011fini s\u00f6yledi.&nbsp;&nbsp;<\/p>\n<p>Derya, ev kad\u0131nlar\u0131n\u0131n sosyal g\u00fcvenlik sistemine zorunlu olarak dahil edilece\u011fi bir yasa de\u011fi\u015fikli\u011fine gidilmesi gerekti\u011fini de kaydetti.&nbsp;&nbsp;<\/p>\n<p>TO\u00c7ED Yasas\u0131\u2019nda \u015fiddetle m\u00fcdahale birimlerinin a\u00e7\u0131lmas\u0131 \u00f6ng\u00f6r\u00fclmesi \u00fczerine poliste ilgili birimin a\u00e7\u0131ld\u0131\u011f\u0131n\u0131 anlatan Derya, bununla ili\u015fkin poliste zafiyet ya\u015fand\u0131\u011f\u0131n\u0131 savundu, bu birimin Lefko\u015fa d\u0131\u015f\u0131nda aktif \u00e7al\u0131\u015fmad\u0131\u011f\u0131n\u0131 \u00f6ne s\u00fcrd\u00fc. Derya, polis raporlar\u0131nda kad\u0131na \u015fiddette d\u00fc\u015f\u00fc\u015f oldu\u011fu gibi g\u00f6r\u00fcld\u00fc\u011f\u00fcn\u00fc ancak bunun TO\u00c7ED\u2019e yap\u0131lan ba\u015fvurularla kar\u015f\u0131la\u015ft\u0131r\u0131ld\u0131\u011f\u0131nda do\u011fru olmad\u0131\u011f\u0131n\u0131 ortaya \u00e7\u0131kt\u0131\u011f\u0131n\u0131 ifade etti.&nbsp;&nbsp;<\/p>\n<p>Adli yard\u0131m alan kad\u0131n say\u0131s\u0131ndaki art\u0131\u015fa da dikkat \u00e7eken Derya, bu hizmete eri\u015febilmi\u015f kesimin \u201c\u015fansl\u0131 kesim\u201d oldu\u011funu dile getirdi, ALO 183 Adli Yard\u0131m gibi olanaklar hakk\u0131nda kampanyalar yap\u0131lmas\u0131 gibi, g\u00f6r\u00fcn\u00fcrl\u00fc\u011f\u00fcn\u00fcn art\u0131r\u0131lmas\u0131 gerekti\u011fi d\u00fc\u015f\u00fcncesini payla\u015ft\u0131.&nbsp;&nbsp;<\/p>\n<p>Derya, Sosyal Hizmetler Yasas\u0131\u2019ndaki 16 ya\u015f kriterine de ele\u015ftirilerde bulunarak, de\u011fi\u015ftirilmesi talebini yineledi.&nbsp;&nbsp;<\/p>\n<p>\u0130stanbul S\u00f6zle\u015fmesi\u2019nin 2011 y\u0131l\u0131nda bu \u00fclkede y\u00fcr\u00fcrl\u00fc\u011fe girdi\u011fini hat\u0131rlatan Derya, son koordinasyon protokol\u00fcn\u00fcn bu s\u00f6zle\u015fmeye at\u0131fta bulundu\u011fu i\u00e7in imzalanmad\u0131\u011f\u0131na y\u00f6nelik iddialar\u0131 sordu.&nbsp;<\/p>\n<p>-\u00d6zdenefe: \u201cRe\u00e7ete meselesi ile ilgili Bakanl\u0131\u011f\u0131n acilen almas\u0131 gereken \u00f6nlemler vard\u0131r\u201d&nbsp;<\/p>\n<p>CTP Milletvekili Fazilet \u00d6zdenefe, eczane ve ecza depolar\u0131n\u0131n kapanma noktas\u0131na geldi\u011fini belirterek, \u201cRe\u00e7ete meselesi ile ilgili Bakanl\u0131\u011f\u0131n acilen almas\u0131 gereken \u00f6nlemler vard\u0131r\u201d dedi.&nbsp;<\/p>\n<p>\u0130\u015fg\u00fcc\u00fc piyasas\u0131nda cinsiyete dayal\u0131 e\u015fitsizli\u011fin \u00e7ok ciddi boyutta oldu\u011funu s\u00f6yleyen \u00d6zdenefe, kendi nam ve hesab\u0131na \u00e7al\u0131\u015fan kad\u0131nlara y\u00f6nelik ge\u00e7mi\u015f h\u00fck\u00fcmet d\u00f6nemlerinde baz\u0131 \u00e7al\u0131\u015fmalar oldu\u011funu an\u0131msatt\u0131 ve \u015fu an bu hususta bir \u00e7al\u0131\u015fma varsa bununla ilgili bilgi istedi.&nbsp;<\/p>\n<p>Ulusal Birlik Partisi\u2019ne de ele\u015ftirilerde bulunan \u00d6zdenefe, UBP\u2019nin \u00fclkeyi y\u00f6netme iradesi olmad\u0131\u011f\u0131n\u0131 savundu.&nbsp;<\/p>\n<p>\u00d6zdenefe, yasalarda kad\u0131na y\u00f6nelik yer alan ayr\u0131mc\u0131l\u0131klar oldu\u011funa dikkat \u00e7ekerek, \u00f6nerilerini payla\u015ft\u0131.&nbsp;<\/p>\n<p>&nbsp;<\/p>\n","protected":false},"excerpt":{"rendered":"<p>Ekonomi, Maliye, B\u00fct\u00e7e ve Plan Komitesi\u2019nde 2024 Mali Y\u0131l\u0131 Merkezi Devlet Y\u00f6netimi B\u00fct\u00e7e Yasa Tasar\u0131s\u0131 \u00fczerinde g\u00f6r\u00fc\u015fmeler \u00c7al\u0131\u015fma ve Sosyal G\u00fcvenlik Bakanl\u0131\u011f\u0131 b\u00fct\u00e7esi ile devam ediyor.&nbsp; Komite\u2019de vekiller, \u00c7al\u0131\u015fma ve Sosyal G\u00fcvenlik Bakan\u0131 Sad\u0131k Gardiyano\u011flu ve b\u00fcrokratlar\u0131n kat\u0131l\u0131m\u0131yla, 3 Milyar 189 Milyon 859 bin 600 TL\u2019lik Bakanl\u0131k b\u00fct\u00e7esini ele al\u0131yor.&nbsp;&nbsp; UBP Milletvekili Resmiye Ero\u011flu Canaltay<\/p>\n","protected":false},"author":1,"featured_media":20488,"comment_status":"open","ping_status":"open","sticky":false,"template":"","format":"standard","meta":{"footnotes":""},"categories":[1],"tags":[],"class_list":["post-20487","post","type-post","status-publish","format-standard","has-post-thumbnail","hentry","category-gundem"],"yoast_head":"<!-- This site is optimized with the Yoast SEO plugin v27.5 - https:\/\/yoast.com\/product\/yoast-seo-wordpress\/ -->\n<title>Komite\u2019de \u00c7al\u0131\u015fma ve Sosyal G\u00fcvenlik Bakanl\u0131\u011f\u0131n\u0131n b\u00fct\u00e7esi ele al\u0131n\u0131yor -<\/title>\n<meta name=\"robots\" content=\"index, follow, max-snippet:-1, max-image-preview:large, max-video-preview:-1\" \/>\n<link rel=\"canonical\" href=\"https:\/\/kibrisdakik.com\/?p=20487\" \/>\n<meta property=\"og:locale\" content=\"tr_TR\" \/>\n<meta property=\"og:type\" content=\"article\" \/>\n<meta property=\"og:title\" content=\"Komite\u2019de \u00c7al\u0131\u015fma ve Sosyal G\u00fcvenlik Bakanl\u0131\u011f\u0131n\u0131n b\u00fct\u00e7esi ele al\u0131n\u0131yor -\" \/>\n<meta property=\"og:description\" content=\"Ekonomi, Maliye, B\u00fct\u00e7e ve Plan Komitesi\u2019nde 2024 Mali Y\u0131l\u0131 Merkezi Devlet Y\u00f6netimi B\u00fct\u00e7e Yasa Tasar\u0131s\u0131 \u00fczerinde g\u00f6r\u00fc\u015fmeler \u00c7al\u0131\u015fma ve Sosyal G\u00fcvenlik Bakanl\u0131\u011f\u0131 b\u00fct\u00e7esi ile devam ediyor.&nbsp; Komite\u2019de vekiller, \u00c7al\u0131\u015fma ve Sosyal G\u00fcvenlik Bakan\u0131 Sad\u0131k Gardiyano\u011flu ve b\u00fcrokratlar\u0131n kat\u0131l\u0131m\u0131yla, 3 Milyar 189 Milyon 859 bin 600 TL\u2019lik Bakanl\u0131k b\u00fct\u00e7esini ele al\u0131yor.&nbsp;&nbsp; UBP Milletvekili Resmiye Ero\u011flu Canaltay\" \/>\n<meta property=\"og:url\" content=\"https:\/\/kibrisdakik.com\/?p=20487\" \/>\n<meta property=\"article:published_time\" content=\"2023-11-29T19:58:27+00:00\" \/>\n<meta property=\"og:image\" content=\"https:\/\/kibrisdakik.com\/wp-content\/uploads\/2023\/11\/komitede-calisma-ve-sosyal-guvenlik-bakanliginin-butcesi-ele-aliniyor-1701287589.webp.webp\" \/>\n\t<meta property=\"og:image:width\" content=\"710\" \/>\n\t<meta property=\"og:image:height\" content=\"370\" \/>\n\t<meta property=\"og:image:type\" content=\"image\/webp\" \/>\n<meta name=\"author\" content=\"admin\" \/>\n<meta name=\"twitter:card\" content=\"summary_large_image\" \/>\n<meta name=\"twitter:label1\" content=\"Yazan:\" \/>\n\t<meta name=\"twitter:data1\" content=\"admin\" \/>\n\t<meta name=\"twitter:label2\" content=\"Tahmini okuma s\u00fcresi\" \/>\n\t<meta name=\"twitter:data2\" content=\"7 dakika\" \/>\n<script type=\"application\/ld+json\" class=\"yoast-schema-graph\">{\"@context\":\"https:\\\/\\\/schema.org\",\"@graph\":[{\"@type\":\"Article\",\"@id\":\"https:\\\/\\\/kibrisdakik.com\\\/?p=20487#article\",\"isPartOf\":{\"@id\":\"https:\\\/\\\/kibrisdakik.com\\\/?p=20487\"},\"author\":{\"name\":\"admin\",\"@id\":\"https:\\\/\\\/kibrisdakik.com\\\/#\\\/schema\\\/person\\\/9cd9d437bbb44f72b73ba127e06d8e79\"},\"headline\":\"Komite\u2019de \u00c7al\u0131\u015fma ve Sosyal G\u00fcvenlik Bakanl\u0131\u011f\u0131n\u0131n b\u00fct\u00e7esi ele al\u0131n\u0131yor\",\"datePublished\":\"2023-11-29T19:58:27+00:00\",\"mainEntityOfPage\":{\"@id\":\"https:\\\/\\\/kibrisdakik.com\\\/?p=20487\"},\"wordCount\":1450,\"commentCount\":0,\"image\":{\"@id\":\"https:\\\/\\\/kibrisdakik.com\\\/?p=20487#primaryimage\"},\"thumbnailUrl\":\"https:\\\/\\\/kibrisdakik.com\\\/wp-content\\\/uploads\\\/2023\\\/11\\\/komitede-calisma-ve-sosyal-guvenlik-bakanliginin-butcesi-ele-aliniyor-1701287589.webp.webp\",\"articleSection\":[\"G\u00fcndem\"],\"inLanguage\":\"tr\",\"potentialAction\":[{\"@type\":\"CommentAction\",\"name\":\"Comment\",\"target\":[\"https:\\\/\\\/kibrisdakik.com\\\/?p=20487#respond\"]}]},{\"@type\":\"WebPage\",\"@id\":\"https:\\\/\\\/kibrisdakik.com\\\/?p=20487\",\"url\":\"https:\\\/\\\/kibrisdakik.com\\\/?p=20487\",\"name\":\"Komite\u2019de \u00c7al\u0131\u015fma ve Sosyal G\u00fcvenlik Bakanl\u0131\u011f\u0131n\u0131n b\u00fct\u00e7esi ele al\u0131n\u0131yor -\",\"isPartOf\":{\"@id\":\"https:\\\/\\\/kibrisdakik.com\\\/#website\"},\"primaryImageOfPage\":{\"@id\":\"https:\\\/\\\/kibrisdakik.com\\\/?p=20487#primaryimage\"},\"image\":{\"@id\":\"https:\\\/\\\/kibrisdakik.com\\\/?p=20487#primaryimage\"},\"thumbnailUrl\":\"https:\\\/\\\/kibrisdakik.com\\\/wp-content\\\/uploads\\\/2023\\\/11\\\/komitede-calisma-ve-sosyal-guvenlik-bakanliginin-butcesi-ele-aliniyor-1701287589.webp.webp\",\"datePublished\":\"2023-11-29T19:58:27+00:00\",\"author\":{\"@id\":\"https:\\\/\\\/kibrisdakik.com\\\/#\\\/schema\\\/person\\\/9cd9d437bbb44f72b73ba127e06d8e79\"},\"breadcrumb\":{\"@id\":\"https:\\\/\\\/kibrisdakik.com\\\/?p=20487#breadcrumb\"},\"inLanguage\":\"tr\",\"potentialAction\":[{\"@type\":\"ReadAction\",\"target\":[\"https:\\\/\\\/kibrisdakik.com\\\/?p=20487\"]}]},{\"@type\":\"ImageObject\",\"inLanguage\":\"tr\",\"@id\":\"https:\\\/\\\/kibrisdakik.com\\\/?p=20487#primaryimage\",\"url\":\"https:\\\/\\\/kibrisdakik.com\\\/wp-content\\\/uploads\\\/2023\\\/11\\\/komitede-calisma-ve-sosyal-guvenlik-bakanliginin-butcesi-ele-aliniyor-1701287589.webp.webp\",\"contentUrl\":\"https:\\\/\\\/kibrisdakik.com\\\/wp-content\\\/uploads\\\/2023\\\/11\\\/komitede-calisma-ve-sosyal-guvenlik-bakanliginin-butcesi-ele-aliniyor-1701287589.webp.webp\",\"width\":710,\"height\":370},{\"@type\":\"BreadcrumbList\",\"@id\":\"https:\\\/\\\/kibrisdakik.com\\\/?p=20487#breadcrumb\",\"itemListElement\":[{\"@type\":\"ListItem\",\"position\":1,\"name\":\"Home\",\"item\":\"https:\\\/\\\/kibrisdakik.com\\\/\"},{\"@type\":\"ListItem\",\"position\":2,\"name\":\"Komite\u2019de \u00c7al\u0131\u015fma ve Sosyal G\u00fcvenlik Bakanl\u0131\u011f\u0131n\u0131n b\u00fct\u00e7esi ele al\u0131n\u0131yor\"}]},{\"@type\":\"WebSite\",\"@id\":\"https:\\\/\\\/kibrisdakik.com\\\/#website\",\"url\":\"https:\\\/\\\/kibrisdakik.com\\\/\",\"name\":\"\",\"description\":\"Tam vaktinde haber\",\"potentialAction\":[{\"@type\":\"SearchAction\",\"target\":{\"@type\":\"EntryPoint\",\"urlTemplate\":\"https:\\\/\\\/kibrisdakik.com\\\/?s={search_term_string}\"},\"query-input\":{\"@type\":\"PropertyValueSpecification\",\"valueRequired\":true,\"valueName\":\"search_term_string\"}}],\"inLanguage\":\"tr\"},{\"@type\":\"Person\",\"@id\":\"https:\\\/\\\/kibrisdakik.com\\\/#\\\/schema\\\/person\\\/9cd9d437bbb44f72b73ba127e06d8e79\",\"name\":\"admin\",\"image\":{\"@type\":\"ImageObject\",\"inLanguage\":\"tr\",\"@id\":\"https:\\\/\\\/secure.gravatar.com\\\/avatar\\\/ccc17943b9d660506c869530f897617f7cb1c21a4bf30023f252596d83e1f007?s=96&d=mm&r=g\",\"url\":\"https:\\\/\\\/secure.gravatar.com\\\/avatar\\\/ccc17943b9d660506c869530f897617f7cb1c21a4bf30023f252596d83e1f007?s=96&d=mm&r=g\",\"contentUrl\":\"https:\\\/\\\/secure.gravatar.com\\\/avatar\\\/ccc17943b9d660506c869530f897617f7cb1c21a4bf30023f252596d83e1f007?s=96&d=mm&r=g\",\"caption\":\"admin\"},\"sameAs\":[\"https:\\\/\\\/kibrisdakik.com\"],\"url\":\"https:\\\/\\\/kibrisdakik.com\\\/?author=1\"}]}<\/script>\n<!-- \/ Yoast SEO plugin. -->","yoast_head_json":{"title":"Komite\u2019de \u00c7al\u0131\u015fma ve Sosyal G\u00fcvenlik Bakanl\u0131\u011f\u0131n\u0131n b\u00fct\u00e7esi ele al\u0131n\u0131yor -","robots":{"index":"index","follow":"follow","max-snippet":"max-snippet:-1","max-image-preview":"max-image-preview:large","max-video-preview":"max-video-preview:-1"},"canonical":"https:\/\/kibrisdakik.com\/?p=20487","og_locale":"tr_TR","og_type":"article","og_title":"Komite\u2019de \u00c7al\u0131\u015fma ve Sosyal G\u00fcvenlik Bakanl\u0131\u011f\u0131n\u0131n b\u00fct\u00e7esi ele al\u0131n\u0131yor -","og_description":"Ekonomi, Maliye, B\u00fct\u00e7e ve Plan Komitesi\u2019nde 2024 Mali Y\u0131l\u0131 Merkezi Devlet Y\u00f6netimi B\u00fct\u00e7e Yasa Tasar\u0131s\u0131 \u00fczerinde g\u00f6r\u00fc\u015fmeler \u00c7al\u0131\u015fma ve Sosyal G\u00fcvenlik Bakanl\u0131\u011f\u0131 b\u00fct\u00e7esi ile devam ediyor.&nbsp; Komite\u2019de vekiller, \u00c7al\u0131\u015fma ve Sosyal G\u00fcvenlik Bakan\u0131 Sad\u0131k Gardiyano\u011flu ve b\u00fcrokratlar\u0131n kat\u0131l\u0131m\u0131yla, 3 Milyar 189 Milyon 859 bin 600 TL\u2019lik Bakanl\u0131k b\u00fct\u00e7esini ele al\u0131yor.&nbsp;&nbsp; UBP Milletvekili Resmiye Ero\u011flu Canaltay","og_url":"https:\/\/kibrisdakik.com\/?p=20487","article_published_time":"2023-11-29T19:58:27+00:00","og_image":[{"width":710,"height":370,"url":"https:\/\/kibrisdakik.com\/wp-content\/uploads\/2023\/11\/komitede-calisma-ve-sosyal-guvenlik-bakanliginin-butcesi-ele-aliniyor-1701287589.webp.webp","type":"image\/webp"}],"author":"admin","twitter_card":"summary_large_image","twitter_misc":{"Yazan:":"admin","Tahmini okuma s\u00fcresi":"7 dakika"},"schema":{"@context":"https:\/\/schema.org","@graph":[{"@type":"Article","@id":"https:\/\/kibrisdakik.com\/?p=20487#article","isPartOf":{"@id":"https:\/\/kibrisdakik.com\/?p=20487"},"author":{"name":"admin","@id":"https:\/\/kibrisdakik.com\/#\/schema\/person\/9cd9d437bbb44f72b73ba127e06d8e79"},"headline":"Komite\u2019de \u00c7al\u0131\u015fma ve Sosyal G\u00fcvenlik Bakanl\u0131\u011f\u0131n\u0131n b\u00fct\u00e7esi ele al\u0131n\u0131yor","datePublished":"2023-11-29T19:58:27+00:00","mainEntityOfPage":{"@id":"https:\/\/kibrisdakik.com\/?p=20487"},"wordCount":1450,"commentCount":0,"image":{"@id":"https:\/\/kibrisdakik.com\/?p=20487#primaryimage"},"thumbnailUrl":"https:\/\/kibrisdakik.com\/wp-content\/uploads\/2023\/11\/komitede-calisma-ve-sosyal-guvenlik-bakanliginin-butcesi-ele-aliniyor-1701287589.webp.webp","articleSection":["G\u00fcndem"],"inLanguage":"tr","potentialAction":[{"@type":"CommentAction","name":"Comment","target":["https:\/\/kibrisdakik.com\/?p=20487#respond"]}]},{"@type":"WebPage","@id":"https:\/\/kibrisdakik.com\/?p=20487","url":"https:\/\/kibrisdakik.com\/?p=20487","name":"Komite\u2019de \u00c7al\u0131\u015fma ve Sosyal G\u00fcvenlik Bakanl\u0131\u011f\u0131n\u0131n b\u00fct\u00e7esi ele al\u0131n\u0131yor -","isPartOf":{"@id":"https:\/\/kibrisdakik.com\/#website"},"primaryImageOfPage":{"@id":"https:\/\/kibrisdakik.com\/?p=20487#primaryimage"},"image":{"@id":"https:\/\/kibrisdakik.com\/?p=20487#primaryimage"},"thumbnailUrl":"https:\/\/kibrisdakik.com\/wp-content\/uploads\/2023\/11\/komitede-calisma-ve-sosyal-guvenlik-bakanliginin-butcesi-ele-aliniyor-1701287589.webp.webp","datePublished":"2023-11-29T19:58:27+00:00","author":{"@id":"https:\/\/kibrisdakik.com\/#\/schema\/person\/9cd9d437bbb44f72b73ba127e06d8e79"},"breadcrumb":{"@id":"https:\/\/kibrisdakik.com\/?p=20487#breadcrumb"},"inLanguage":"tr","potentialAction":[{"@type":"ReadAction","target":["https:\/\/kibrisdakik.com\/?p=20487"]}]},{"@type":"ImageObject","inLanguage":"tr","@id":"https:\/\/kibrisdakik.com\/?p=20487#primaryimage","url":"https:\/\/kibrisdakik.com\/wp-content\/uploads\/2023\/11\/komitede-calisma-ve-sosyal-guvenlik-bakanliginin-butcesi-ele-aliniyor-1701287589.webp.webp","contentUrl":"https:\/\/kibrisdakik.com\/wp-content\/uploads\/2023\/11\/komitede-calisma-ve-sosyal-guvenlik-bakanliginin-butcesi-ele-aliniyor-1701287589.webp.webp","width":710,"height":370},{"@type":"BreadcrumbList","@id":"https:\/\/kibrisdakik.com\/?p=20487#breadcrumb","itemListElement":[{"@type":"ListItem","position":1,"name":"Home","item":"https:\/\/kibrisdakik.com\/"},{"@type":"ListItem","position":2,"name":"Komite\u2019de \u00c7al\u0131\u015fma ve Sosyal G\u00fcvenlik Bakanl\u0131\u011f\u0131n\u0131n b\u00fct\u00e7esi ele al\u0131n\u0131yor"}]},{"@type":"WebSite","@id":"https:\/\/kibrisdakik.com\/#website","url":"https:\/\/kibrisdakik.com\/","name":"","description":"Tam vaktinde haber","potentialAction":[{"@type":"SearchAction","target":{"@type":"EntryPoint","urlTemplate":"https:\/\/kibrisdakik.com\/?s={search_term_string}"},"query-input":{"@type":"PropertyValueSpecification","valueRequired":true,"valueName":"search_term_string"}}],"inLanguage":"tr"},{"@type":"Person","@id":"https:\/\/kibrisdakik.com\/#\/schema\/person\/9cd9d437bbb44f72b73ba127e06d8e79","name":"admin","image":{"@type":"ImageObject","inLanguage":"tr","@id":"https:\/\/secure.gravatar.com\/avatar\/ccc17943b9d660506c869530f897617f7cb1c21a4bf30023f252596d83e1f007?s=96&d=mm&r=g","url":"https:\/\/secure.gravatar.com\/avatar\/ccc17943b9d660506c869530f897617f7cb1c21a4bf30023f252596d83e1f007?s=96&d=mm&r=g","contentUrl":"https:\/\/secure.gravatar.com\/avatar\/ccc17943b9d660506c869530f897617f7cb1c21a4bf30023f252596d83e1f007?s=96&d=mm&r=g","caption":"admin"},"sameAs":["https:\/\/kibrisdakik.com"],"url":"https:\/\/kibrisdakik.com\/?author=1"}]}},"_links":{"self":[{"href":"https:\/\/kibrisdakik.com\/index.php?rest_route=\/wp\/v2\/posts\/20487","targetHints":{"allow":["GET"]}}],"collection":[{"href":"https:\/\/kibrisdakik.com\/index.php?rest_route=\/wp\/v2\/posts"}],"about":[{"href":"https:\/\/kibrisdakik.com\/index.php?rest_route=\/wp\/v2\/types\/post"}],"author":[{"embeddable":true,"href":"https:\/\/kibrisdakik.com\/index.php?rest_route=\/wp\/v2\/users\/1"}],"replies":[{"embeddable":true,"href":"https:\/\/kibrisdakik.com\/index.php?rest_route=%2Fwp%2Fv2%2Fcomments&post=20487"}],"version-history":[{"count":0,"href":"https:\/\/kibrisdakik.com\/index.php?rest_route=\/wp\/v2\/posts\/20487\/revisions"}],"wp:featuredmedia":[{"embeddable":true,"href":"https:\/\/kibrisdakik.com\/index.php?rest_route=\/wp\/v2\/media\/20488"}],"wp:attachment":[{"href":"https:\/\/kibrisdakik.com\/index.php?rest_route=%2Fwp%2Fv2%2Fmedia&parent=20487"}],"wp:term":[{"taxonomy":"category","embeddable":true,"href":"https:\/\/kibrisdakik.com\/index.php?rest_route=%2Fwp%2Fv2%2Fcategories&post=20487"},{"taxonomy":"post_tag","embeddable":true,"href":"https:\/\/kibrisdakik.com\/index.php?rest_route=%2Fwp%2Fv2%2Ftags&post=20487"}],"curies":[{"name":"wp","href":"https:\/\/api.w.org\/{rel}","templated":true}]}}