{"id":20529,"date":"2023-11-30T09:10:01","date_gmt":"2023-11-30T09:10:01","guid":{"rendered":"https:\/\/kibrisdakik.com\/index.php\/2023\/11\/30\/turkiye-ekonomisi-ucuncu-ceyrekte-yuzde-59-buyudu\/"},"modified":"2023-11-30T09:10:01","modified_gmt":"2023-11-30T09:10:01","slug":"turkiye-ekonomisi-ucuncu-ceyrekte-yuzde-59-buyudu","status":"publish","type":"post","link":"https:\/\/kibrisdakik.com\/?p=20529","title":{"rendered":"T\u00fcrkiye ekonomisi \u00fc\u00e7\u00fcnc\u00fc \u00e7eyrekte y\u00fczde 5,9 b\u00fcy\u00fcd\u00fc"},"content":{"rendered":"<p><img decoding=\"async\" src=\"https:\/\/www.kibristurk.com\/images\/haberler\/2023\/11\/turkiye-ekonomisi-ucuncu-ceyrekte-yuzde-59-buyudu-1701332340.webp\" \/><\/p>\n<p>T\u00fcrkiye \u0130statistik Kurumu, bu y\u0131l\u0131n \u00fc\u00e7\u00fcnc\u00fc \u00e7eyre\u011fine (temmuz-eyl\u00fcl) ili\u015fkin gayrisafi yurt i\u00e7i has\u0131la (GSYH) sonu\u00e7lar\u0131n\u0131 a\u00e7\u0131klad\u0131.<\/p>\n<p>Buna g\u00f6re, GSYH 2023 y\u0131l\u0131 \u00fc\u00e7\u00fcnc\u00fc \u00e7eyrek ilk tahmini; zincirlenmi\u015f hacim endeksi olarak, bir \u00f6nceki y\u0131l\u0131n ayn\u0131 \u00e7eyre\u011fine g\u00f6re y\u00fczde 5,9 artt\u0131.<\/p>\n<p>GSYH&#8217;yi olu\u015fturan faaliyetler incelendi\u011finde; 2023 y\u0131l\u0131 \u00fc\u00e7\u00fcnc\u00fc \u00e7eyre\u011finde bir \u00f6nceki y\u0131la g\u00f6re zincirlenmi\u015f hacim endeksi olarak; in\u015faat y\u00fczde 8,1, sanayi y\u00fczde 5,7, finans ve sigorta faaliyetleri y\u00fczde 5,1, hizmetler y\u00fczde 4,3, kamu y\u00f6netimi, e\u011fitim, insan sa\u011fl\u0131\u011f\u0131 ve sosyal hizmet faaliyetleri y\u00fczde 3,6, gayrimenkul faaliyetleri y\u00fczde 2,7, di\u011fer hizmet faaliyetleri y\u00fczde 2,2, bilgi ve ileti\u015fim faaliyetleri y\u00fczde 1,7 ve tar\u0131m sekt\u00f6r\u00fc y\u00fczde 0,3 artarken mesleki, idari ve destek hizmet faaliyetleri y\u00fczde 2,5 azald\u0131. \u00dcr\u00fcn \u00fczerindeki vergiler eksi s\u00fcbvansiyonlar ise y\u00fczde 16,5 artt\u0131.<\/p>\n<p><strong>Y\u0131l\u0131n \u00fc\u00e7\u00fcnc\u00fc \u00e7eyre\u011fine ili\u015fkin gayrisafi yurt i\u00e7i has\u0131la verileri<\/strong><\/p>\n<p>Mevsim ve takvim etkilerinden ar\u0131nd\u0131r\u0131lm\u0131\u015f GSYH zincirlenmi\u015f hacim endeksi, bir \u00f6nceki \u00e7eyre\u011fe g\u00f6re y\u00fczde 0,3 artt\u0131. Takvim etkisinden ar\u0131nd\u0131r\u0131lm\u0131\u015f GSYH zincirlenmi\u015f hacim endeksi, 2023 y\u0131l\u0131 \u00fc\u00e7\u00fcnc\u00fc \u00e7eyre\u011finde bir \u00f6nceki y\u0131l\u0131n ayn\u0131 \u00e7eyre\u011fine g\u00f6re y\u00fczde 5,1 artt\u0131.<\/p>\n<p>\u00dcretim y\u00f6ntemiyle Gayrisafi Yurt \u0130\u00e7i Has\u0131la tahmini, 2023 y\u0131l\u0131n\u0131n \u00fc\u00e7\u00fcnc\u00fc \u00e7eyre\u011finde cari fiyatlarla bir \u00f6nceki y\u0131l\u0131n ayn\u0131 \u00e7eyre\u011fine g\u00f6re y\u00fczde 79,8 artarak 7 trilyon 681 milyar 432 milyon TL oldu. GSYH&#8217;nin \u00fc\u00e7\u00fcnc\u00fc \u00e7eyrek de\u011feri cari fiyatlarla ABD dolar\u0131 baz\u0131nda 295 milyar 815 milyon olarak ger\u00e7ekle\u015fti.<\/p>\n<p>Yerle\u015fik hanehalklar\u0131n\u0131n nihai t\u00fcketim harcamalar\u0131 2023 y\u0131l\u0131n\u0131n \u00fc\u00e7\u00fcnc\u00fc \u00e7eyre\u011finde bir \u00f6nceki y\u0131l\u0131n ayn\u0131 \u00e7eyre\u011fine g\u00f6re zincirlenmi\u015f hacim endeksi olarak y\u00fczde 11,2 artt\u0131. Devletin nihai t\u00fcketim harcamalar\u0131 y\u00fczde 5,3, gayrisafi sabit sermaye olu\u015fumu ise y\u00fczde 14,7 artt\u0131.<\/p>\n<p>Mal ve hizmet ithalat\u0131, 2023 y\u0131l\u0131n\u0131n \u00fc\u00e7\u00fcnc\u00fc \u00e7eyre\u011finde bir \u00f6nceki y\u0131l\u0131n ayn\u0131 \u00e7eyre\u011fine g\u00f6re zincirlenmi\u015f hacim endeksi olarak y\u00fczde 14,5, ihracat\u0131 ise y\u00fczde 1,1 artt\u0131.<\/p>\n<p><strong>\u0130\u015f g\u00fcc\u00fc \u00f6demelerinde y\u00fczde 117,2 art\u0131\u015f<\/strong><\/p>\n<p>\u0130\u015fg\u00fcc\u00fc \u00f6demeleri, 2023 y\u0131l\u0131n\u0131n \u00fc\u00e7\u00fcnc\u00fc \u00e7eyre\u011finde bir \u00f6nceki y\u0131l\u0131n ayn\u0131 \u00e7eyre\u011fine g\u00f6re y\u00fczde 117,2 artt\u0131. Net i\u015fletme art\u0131\u011f\u0131\/karma gelir y\u00fczde 50,7 artt\u0131.<\/p>\n<p>\u0130\u015fg\u00fcc\u00fc \u00f6demelerinin cari fiyatlarla Gayrisafi Katma De\u011fer i\u00e7erisindeki pay\u0131 ge\u00e7en y\u0131l\u0131n \u00fc\u00e7\u00fcnc\u00fc \u00e7eyre\u011finde y\u00fczde 26,1 iken, bu oran 2023 y\u0131l\u0131nda y\u00fczde 32,2 oldu. Net i\u015fletme art\u0131\u011f\u0131\/karma gelirin pay\u0131 ise y\u00fczde 55,0 iken y\u00fczde 47,0 oldu.<\/p>\n","protected":false},"excerpt":{"rendered":"<p>T\u00fcrkiye \u0130statistik Kurumu, bu y\u0131l\u0131n \u00fc\u00e7\u00fcnc\u00fc \u00e7eyre\u011fine (temmuz-eyl\u00fcl) ili\u015fkin gayrisafi yurt i\u00e7i has\u0131la (GSYH) sonu\u00e7lar\u0131n\u0131 a\u00e7\u0131klad\u0131. Buna g\u00f6re, GSYH 2023 y\u0131l\u0131 \u00fc\u00e7\u00fcnc\u00fc \u00e7eyrek ilk tahmini; zincirlenmi\u015f hacim endeksi olarak, bir \u00f6nceki y\u0131l\u0131n ayn\u0131 \u00e7eyre\u011fine g\u00f6re y\u00fczde 5,9 artt\u0131. GSYH&#8217;yi olu\u015fturan faaliyetler incelendi\u011finde; 2023 y\u0131l\u0131 \u00fc\u00e7\u00fcnc\u00fc \u00e7eyre\u011finde bir \u00f6nceki y\u0131la g\u00f6re zincirlenmi\u015f hacim endeksi olarak; in\u015faat<\/p>\n","protected":false},"author":1,"featured_media":20530,"comment_status":"open","ping_status":"open","sticky":false,"template":"","format":"standard","meta":{"footnotes":""},"categories":[1],"tags":[],"class_list":["post-20529","post","type-post","status-publish","format-standard","has-post-thumbnail","hentry","category-gundem"],"yoast_head":"<!-- This site is optimized with the Yoast SEO plugin v27.4 - https:\/\/yoast.com\/product\/yoast-seo-wordpress\/ -->\n<title>T\u00fcrkiye ekonomisi \u00fc\u00e7\u00fcnc\u00fc \u00e7eyrekte y\u00fczde 5,9 b\u00fcy\u00fcd\u00fc -<\/title>\n<meta name=\"robots\" content=\"index, follow, max-snippet:-1, max-image-preview:large, max-video-preview:-1\" \/>\n<link rel=\"canonical\" href=\"https:\/\/kibrisdakik.com\/?p=20529\" \/>\n<meta property=\"og:locale\" content=\"tr_TR\" \/>\n<meta property=\"og:type\" content=\"article\" \/>\n<meta property=\"og:title\" content=\"T\u00fcrkiye ekonomisi \u00fc\u00e7\u00fcnc\u00fc \u00e7eyrekte y\u00fczde 5,9 b\u00fcy\u00fcd\u00fc -\" \/>\n<meta property=\"og:description\" content=\"T\u00fcrkiye \u0130statistik Kurumu, bu y\u0131l\u0131n \u00fc\u00e7\u00fcnc\u00fc \u00e7eyre\u011fine (temmuz-eyl\u00fcl) ili\u015fkin gayrisafi yurt i\u00e7i has\u0131la (GSYH) sonu\u00e7lar\u0131n\u0131 a\u00e7\u0131klad\u0131. Buna g\u00f6re, GSYH 2023 y\u0131l\u0131 \u00fc\u00e7\u00fcnc\u00fc \u00e7eyrek ilk tahmini; zincirlenmi\u015f hacim endeksi olarak, bir \u00f6nceki y\u0131l\u0131n ayn\u0131 \u00e7eyre\u011fine g\u00f6re y\u00fczde 5,9 artt\u0131. GSYH&#8217;yi olu\u015fturan faaliyetler incelendi\u011finde; 2023 y\u0131l\u0131 \u00fc\u00e7\u00fcnc\u00fc \u00e7eyre\u011finde bir \u00f6nceki y\u0131la g\u00f6re zincirlenmi\u015f hacim endeksi olarak; in\u015faat\" \/>\n<meta property=\"og:url\" content=\"https:\/\/kibrisdakik.com\/?p=20529\" \/>\n<meta property=\"article:published_time\" content=\"2023-11-30T09:10:01+00:00\" \/>\n<meta property=\"og:image\" content=\"https:\/\/kibrisdakik.com\/wp-content\/uploads\/2023\/11\/turkiye-ekonomisi-ucuncu-ceyrekte-yuzde-59-buyudu-1701332340.webp.webp\" \/>\n\t<meta property=\"og:image:width\" content=\"710\" \/>\n\t<meta property=\"og:image:height\" content=\"370\" \/>\n\t<meta property=\"og:image:type\" content=\"image\/webp\" \/>\n<meta name=\"author\" content=\"admin\" \/>\n<meta name=\"twitter:card\" content=\"summary_large_image\" \/>\n<meta name=\"twitter:label1\" content=\"Yazan:\" \/>\n\t<meta name=\"twitter:data1\" content=\"admin\" \/>\n\t<meta name=\"twitter:label2\" content=\"Tahmini okuma s\u00fcresi\" \/>\n\t<meta name=\"twitter:data2\" content=\"2 dakika\" \/>\n<script type=\"application\/ld+json\" class=\"yoast-schema-graph\">{\"@context\":\"https:\\\/\\\/schema.org\",\"@graph\":[{\"@type\":\"Article\",\"@id\":\"https:\\\/\\\/kibrisdakik.com\\\/?p=20529#article\",\"isPartOf\":{\"@id\":\"https:\\\/\\\/kibrisdakik.com\\\/?p=20529\"},\"author\":{\"name\":\"admin\",\"@id\":\"https:\\\/\\\/kibrisdakik.com\\\/#\\\/schema\\\/person\\\/9cd9d437bbb44f72b73ba127e06d8e79\"},\"headline\":\"T\u00fcrkiye ekonomisi \u00fc\u00e7\u00fcnc\u00fc \u00e7eyrekte y\u00fczde 5,9 b\u00fcy\u00fcd\u00fc\",\"datePublished\":\"2023-11-30T09:10:01+00:00\",\"mainEntityOfPage\":{\"@id\":\"https:\\\/\\\/kibrisdakik.com\\\/?p=20529\"},\"wordCount\":441,\"commentCount\":0,\"image\":{\"@id\":\"https:\\\/\\\/kibrisdakik.com\\\/?p=20529#primaryimage\"},\"thumbnailUrl\":\"https:\\\/\\\/kibrisdakik.com\\\/wp-content\\\/uploads\\\/2023\\\/11\\\/turkiye-ekonomisi-ucuncu-ceyrekte-yuzde-59-buyudu-1701332340.webp.webp\",\"articleSection\":[\"G\u00fcndem\"],\"inLanguage\":\"tr\",\"potentialAction\":[{\"@type\":\"CommentAction\",\"name\":\"Comment\",\"target\":[\"https:\\\/\\\/kibrisdakik.com\\\/?p=20529#respond\"]}]},{\"@type\":\"WebPage\",\"@id\":\"https:\\\/\\\/kibrisdakik.com\\\/?p=20529\",\"url\":\"https:\\\/\\\/kibrisdakik.com\\\/?p=20529\",\"name\":\"T\u00fcrkiye ekonomisi \u00fc\u00e7\u00fcnc\u00fc \u00e7eyrekte y\u00fczde 5,9 b\u00fcy\u00fcd\u00fc -\",\"isPartOf\":{\"@id\":\"https:\\\/\\\/kibrisdakik.com\\\/#website\"},\"primaryImageOfPage\":{\"@id\":\"https:\\\/\\\/kibrisdakik.com\\\/?p=20529#primaryimage\"},\"image\":{\"@id\":\"https:\\\/\\\/kibrisdakik.com\\\/?p=20529#primaryimage\"},\"thumbnailUrl\":\"https:\\\/\\\/kibrisdakik.com\\\/wp-content\\\/uploads\\\/2023\\\/11\\\/turkiye-ekonomisi-ucuncu-ceyrekte-yuzde-59-buyudu-1701332340.webp.webp\",\"datePublished\":\"2023-11-30T09:10:01+00:00\",\"author\":{\"@id\":\"https:\\\/\\\/kibrisdakik.com\\\/#\\\/schema\\\/person\\\/9cd9d437bbb44f72b73ba127e06d8e79\"},\"breadcrumb\":{\"@id\":\"https:\\\/\\\/kibrisdakik.com\\\/?p=20529#breadcrumb\"},\"inLanguage\":\"tr\",\"potentialAction\":[{\"@type\":\"ReadAction\",\"target\":[\"https:\\\/\\\/kibrisdakik.com\\\/?p=20529\"]}]},{\"@type\":\"ImageObject\",\"inLanguage\":\"tr\",\"@id\":\"https:\\\/\\\/kibrisdakik.com\\\/?p=20529#primaryimage\",\"url\":\"https:\\\/\\\/kibrisdakik.com\\\/wp-content\\\/uploads\\\/2023\\\/11\\\/turkiye-ekonomisi-ucuncu-ceyrekte-yuzde-59-buyudu-1701332340.webp.webp\",\"contentUrl\":\"https:\\\/\\\/kibrisdakik.com\\\/wp-content\\\/uploads\\\/2023\\\/11\\\/turkiye-ekonomisi-ucuncu-ceyrekte-yuzde-59-buyudu-1701332340.webp.webp\",\"width\":710,\"height\":370},{\"@type\":\"BreadcrumbList\",\"@id\":\"https:\\\/\\\/kibrisdakik.com\\\/?p=20529#breadcrumb\",\"itemListElement\":[{\"@type\":\"ListItem\",\"position\":1,\"name\":\"Home\",\"item\":\"https:\\\/\\\/kibrisdakik.com\\\/\"},{\"@type\":\"ListItem\",\"position\":2,\"name\":\"T\u00fcrkiye ekonomisi \u00fc\u00e7\u00fcnc\u00fc \u00e7eyrekte y\u00fczde 5,9 b\u00fcy\u00fcd\u00fc\"}]},{\"@type\":\"WebSite\",\"@id\":\"https:\\\/\\\/kibrisdakik.com\\\/#website\",\"url\":\"https:\\\/\\\/kibrisdakik.com\\\/\",\"name\":\"\",\"description\":\"Tam vaktinde haber\",\"potentialAction\":[{\"@type\":\"SearchAction\",\"target\":{\"@type\":\"EntryPoint\",\"urlTemplate\":\"https:\\\/\\\/kibrisdakik.com\\\/?s={search_term_string}\"},\"query-input\":{\"@type\":\"PropertyValueSpecification\",\"valueRequired\":true,\"valueName\":\"search_term_string\"}}],\"inLanguage\":\"tr\"},{\"@type\":\"Person\",\"@id\":\"https:\\\/\\\/kibrisdakik.com\\\/#\\\/schema\\\/person\\\/9cd9d437bbb44f72b73ba127e06d8e79\",\"name\":\"admin\",\"image\":{\"@type\":\"ImageObject\",\"inLanguage\":\"tr\",\"@id\":\"https:\\\/\\\/secure.gravatar.com\\\/avatar\\\/ccc17943b9d660506c869530f897617f7cb1c21a4bf30023f252596d83e1f007?s=96&d=mm&r=g\",\"url\":\"https:\\\/\\\/secure.gravatar.com\\\/avatar\\\/ccc17943b9d660506c869530f897617f7cb1c21a4bf30023f252596d83e1f007?s=96&d=mm&r=g\",\"contentUrl\":\"https:\\\/\\\/secure.gravatar.com\\\/avatar\\\/ccc17943b9d660506c869530f897617f7cb1c21a4bf30023f252596d83e1f007?s=96&d=mm&r=g\",\"caption\":\"admin\"},\"sameAs\":[\"https:\\\/\\\/kibrisdakik.com\"],\"url\":\"https:\\\/\\\/kibrisdakik.com\\\/?author=1\"}]}<\/script>\n<!-- \/ Yoast SEO plugin. -->","yoast_head_json":{"title":"T\u00fcrkiye ekonomisi \u00fc\u00e7\u00fcnc\u00fc \u00e7eyrekte y\u00fczde 5,9 b\u00fcy\u00fcd\u00fc -","robots":{"index":"index","follow":"follow","max-snippet":"max-snippet:-1","max-image-preview":"max-image-preview:large","max-video-preview":"max-video-preview:-1"},"canonical":"https:\/\/kibrisdakik.com\/?p=20529","og_locale":"tr_TR","og_type":"article","og_title":"T\u00fcrkiye ekonomisi \u00fc\u00e7\u00fcnc\u00fc \u00e7eyrekte y\u00fczde 5,9 b\u00fcy\u00fcd\u00fc -","og_description":"T\u00fcrkiye \u0130statistik Kurumu, bu y\u0131l\u0131n \u00fc\u00e7\u00fcnc\u00fc \u00e7eyre\u011fine (temmuz-eyl\u00fcl) ili\u015fkin gayrisafi yurt i\u00e7i has\u0131la (GSYH) sonu\u00e7lar\u0131n\u0131 a\u00e7\u0131klad\u0131. Buna g\u00f6re, GSYH 2023 y\u0131l\u0131 \u00fc\u00e7\u00fcnc\u00fc \u00e7eyrek ilk tahmini; zincirlenmi\u015f hacim endeksi olarak, bir \u00f6nceki y\u0131l\u0131n ayn\u0131 \u00e7eyre\u011fine g\u00f6re y\u00fczde 5,9 artt\u0131. GSYH&#8217;yi olu\u015fturan faaliyetler incelendi\u011finde; 2023 y\u0131l\u0131 \u00fc\u00e7\u00fcnc\u00fc \u00e7eyre\u011finde bir \u00f6nceki y\u0131la g\u00f6re zincirlenmi\u015f hacim endeksi olarak; in\u015faat","og_url":"https:\/\/kibrisdakik.com\/?p=20529","article_published_time":"2023-11-30T09:10:01+00:00","og_image":[{"width":710,"height":370,"url":"https:\/\/kibrisdakik.com\/wp-content\/uploads\/2023\/11\/turkiye-ekonomisi-ucuncu-ceyrekte-yuzde-59-buyudu-1701332340.webp.webp","type":"image\/webp"}],"author":"admin","twitter_card":"summary_large_image","twitter_misc":{"Yazan:":"admin","Tahmini okuma s\u00fcresi":"2 dakika"},"schema":{"@context":"https:\/\/schema.org","@graph":[{"@type":"Article","@id":"https:\/\/kibrisdakik.com\/?p=20529#article","isPartOf":{"@id":"https:\/\/kibrisdakik.com\/?p=20529"},"author":{"name":"admin","@id":"https:\/\/kibrisdakik.com\/#\/schema\/person\/9cd9d437bbb44f72b73ba127e06d8e79"},"headline":"T\u00fcrkiye ekonomisi \u00fc\u00e7\u00fcnc\u00fc \u00e7eyrekte y\u00fczde 5,9 b\u00fcy\u00fcd\u00fc","datePublished":"2023-11-30T09:10:01+00:00","mainEntityOfPage":{"@id":"https:\/\/kibrisdakik.com\/?p=20529"},"wordCount":441,"commentCount":0,"image":{"@id":"https:\/\/kibrisdakik.com\/?p=20529#primaryimage"},"thumbnailUrl":"https:\/\/kibrisdakik.com\/wp-content\/uploads\/2023\/11\/turkiye-ekonomisi-ucuncu-ceyrekte-yuzde-59-buyudu-1701332340.webp.webp","articleSection":["G\u00fcndem"],"inLanguage":"tr","potentialAction":[{"@type":"CommentAction","name":"Comment","target":["https:\/\/kibrisdakik.com\/?p=20529#respond"]}]},{"@type":"WebPage","@id":"https:\/\/kibrisdakik.com\/?p=20529","url":"https:\/\/kibrisdakik.com\/?p=20529","name":"T\u00fcrkiye ekonomisi \u00fc\u00e7\u00fcnc\u00fc \u00e7eyrekte y\u00fczde 5,9 b\u00fcy\u00fcd\u00fc -","isPartOf":{"@id":"https:\/\/kibrisdakik.com\/#website"},"primaryImageOfPage":{"@id":"https:\/\/kibrisdakik.com\/?p=20529#primaryimage"},"image":{"@id":"https:\/\/kibrisdakik.com\/?p=20529#primaryimage"},"thumbnailUrl":"https:\/\/kibrisdakik.com\/wp-content\/uploads\/2023\/11\/turkiye-ekonomisi-ucuncu-ceyrekte-yuzde-59-buyudu-1701332340.webp.webp","datePublished":"2023-11-30T09:10:01+00:00","author":{"@id":"https:\/\/kibrisdakik.com\/#\/schema\/person\/9cd9d437bbb44f72b73ba127e06d8e79"},"breadcrumb":{"@id":"https:\/\/kibrisdakik.com\/?p=20529#breadcrumb"},"inLanguage":"tr","potentialAction":[{"@type":"ReadAction","target":["https:\/\/kibrisdakik.com\/?p=20529"]}]},{"@type":"ImageObject","inLanguage":"tr","@id":"https:\/\/kibrisdakik.com\/?p=20529#primaryimage","url":"https:\/\/kibrisdakik.com\/wp-content\/uploads\/2023\/11\/turkiye-ekonomisi-ucuncu-ceyrekte-yuzde-59-buyudu-1701332340.webp.webp","contentUrl":"https:\/\/kibrisdakik.com\/wp-content\/uploads\/2023\/11\/turkiye-ekonomisi-ucuncu-ceyrekte-yuzde-59-buyudu-1701332340.webp.webp","width":710,"height":370},{"@type":"BreadcrumbList","@id":"https:\/\/kibrisdakik.com\/?p=20529#breadcrumb","itemListElement":[{"@type":"ListItem","position":1,"name":"Home","item":"https:\/\/kibrisdakik.com\/"},{"@type":"ListItem","position":2,"name":"T\u00fcrkiye ekonomisi \u00fc\u00e7\u00fcnc\u00fc \u00e7eyrekte y\u00fczde 5,9 b\u00fcy\u00fcd\u00fc"}]},{"@type":"WebSite","@id":"https:\/\/kibrisdakik.com\/#website","url":"https:\/\/kibrisdakik.com\/","name":"","description":"Tam vaktinde haber","potentialAction":[{"@type":"SearchAction","target":{"@type":"EntryPoint","urlTemplate":"https:\/\/kibrisdakik.com\/?s={search_term_string}"},"query-input":{"@type":"PropertyValueSpecification","valueRequired":true,"valueName":"search_term_string"}}],"inLanguage":"tr"},{"@type":"Person","@id":"https:\/\/kibrisdakik.com\/#\/schema\/person\/9cd9d437bbb44f72b73ba127e06d8e79","name":"admin","image":{"@type":"ImageObject","inLanguage":"tr","@id":"https:\/\/secure.gravatar.com\/avatar\/ccc17943b9d660506c869530f897617f7cb1c21a4bf30023f252596d83e1f007?s=96&d=mm&r=g","url":"https:\/\/secure.gravatar.com\/avatar\/ccc17943b9d660506c869530f897617f7cb1c21a4bf30023f252596d83e1f007?s=96&d=mm&r=g","contentUrl":"https:\/\/secure.gravatar.com\/avatar\/ccc17943b9d660506c869530f897617f7cb1c21a4bf30023f252596d83e1f007?s=96&d=mm&r=g","caption":"admin"},"sameAs":["https:\/\/kibrisdakik.com"],"url":"https:\/\/kibrisdakik.com\/?author=1"}]}},"_links":{"self":[{"href":"https:\/\/kibrisdakik.com\/index.php?rest_route=\/wp\/v2\/posts\/20529","targetHints":{"allow":["GET"]}}],"collection":[{"href":"https:\/\/kibrisdakik.com\/index.php?rest_route=\/wp\/v2\/posts"}],"about":[{"href":"https:\/\/kibrisdakik.com\/index.php?rest_route=\/wp\/v2\/types\/post"}],"author":[{"embeddable":true,"href":"https:\/\/kibrisdakik.com\/index.php?rest_route=\/wp\/v2\/users\/1"}],"replies":[{"embeddable":true,"href":"https:\/\/kibrisdakik.com\/index.php?rest_route=%2Fwp%2Fv2%2Fcomments&post=20529"}],"version-history":[{"count":0,"href":"https:\/\/kibrisdakik.com\/index.php?rest_route=\/wp\/v2\/posts\/20529\/revisions"}],"wp:featuredmedia":[{"embeddable":true,"href":"https:\/\/kibrisdakik.com\/index.php?rest_route=\/wp\/v2\/media\/20530"}],"wp:attachment":[{"href":"https:\/\/kibrisdakik.com\/index.php?rest_route=%2Fwp%2Fv2%2Fmedia&parent=20529"}],"wp:term":[{"taxonomy":"category","embeddable":true,"href":"https:\/\/kibrisdakik.com\/index.php?rest_route=%2Fwp%2Fv2%2Fcategories&post=20529"},{"taxonomy":"post_tag","embeddable":true,"href":"https:\/\/kibrisdakik.com\/index.php?rest_route=%2Fwp%2Fv2%2Ftags&post=20529"}],"curies":[{"name":"wp","href":"https:\/\/api.w.org\/{rel}","templated":true}]}}