{"id":20585,"date":"2023-11-30T15:22:21","date_gmt":"2023-11-30T15:22:21","guid":{"rendered":"https:\/\/kibrisdakik.com\/index.php\/2023\/11\/30\/ustel-suc-ve-suclularla-mucadelede-sifir-tolerans-her-zaman-temel-ilkemiz-olmustur\/"},"modified":"2023-11-30T15:22:21","modified_gmt":"2023-11-30T15:22:21","slug":"ustel-suc-ve-suclularla-mucadelede-sifir-tolerans-her-zaman-temel-ilkemiz-olmustur","status":"publish","type":"post","link":"https:\/\/kibrisdakik.com\/?p=20585","title":{"rendered":"\u00dcstel: Su\u00e7 ve su\u00e7lularla m\u00fccadelede \u2018s\u0131f\u0131r tolerans\u2019 her zaman temel ilkemiz olmu\u015ftur"},"content":{"rendered":"<p><img decoding=\"async\" src=\"https:\/\/www.kibristurk.com\/images\/haberler\/2023\/11\/ustel-suc-ve-suclularla-mucadelede-sifir-tolerans-her-zaman-temel-ilkemiz-olmustur-1701339473.webp\" \/><\/p>\n<p>Ba\u015fbakan&nbsp;\u00dcnal \u00dcstel, son g\u00fcnlerde Kuzey K\u0131br\u0131s\u2019ta kara para akland\u0131\u011f\u0131 ve bununla m\u00fccadele edilmedi\u011fi y\u00f6n\u00fcnde ortaya at\u0131lan iddialarla ilgili a\u00e7\u0131klama yapt\u0131. \u00dcstel a\u00e7\u0131klamas\u0131nda, iddialar\u0131n as\u0131ls\u0131z ve \u00fclkeyi karalamak amac\u0131yla ortaya at\u0131ld\u0131\u011f\u0131n\u0131n alt\u0131n\u0131 \u00e7izdi.<\/p>\n<p><u><strong>Ba\u015fbakan \u00dcstel\u2019in a\u00e7\u0131klamas\u0131 \u015fu \u015fekilde:<\/strong><\/u><\/p>\n<p><em>\u201cSon g\u00fcnlerde KKTC\u2019de kara para akland\u0131\u011f\u0131, bununla m\u00fccadele edilmedi\u011fi su\u00e7lamalar\u0131yla ilgili halk\u0131m\u0131z\u0131n m\u00fcsterih olmas\u0131n\u0131 istiyorum.<\/em><\/p>\n<p><em>Buradan belirtmek isterim ki;<\/em><\/p>\n<p><em>Bu konuyla ilgili m\u00fccadele edilmedi\u011fi y\u00f6n\u00fcndeki alg\u0131lara maalesef muhalefetimiz de katk\u0131 yapmaktad\u0131r. Bu y\u00f6ndeki ithamlar, tamamen temelsizdir ve g\u00fczel \u00fclkemizi karalamaya y\u00f6neliktir. Su\u00e7 Gelirlerinin Aklanmas\u0131n\u0131n \u00d6nlenmesi Yasam\u0131z, 2007 y\u0131l\u0131ndan bu yana y\u00fcr\u00fcrl\u00fcktedir ve uygulanmaktad\u0131r. Su\u00e7 ve su\u00e7lularla m\u00fccadele konusunda ba\u015fta Interpol ve Europol olmak \u00fczere uluslararas\u0131 kurulu\u015flarla ve yine ba\u015fta T\u00fcrkiye Cumhuriyeti Emniyet Te\u015fkilat\u0131 olmak \u00fclkelerle tam i\u015f birli\u011fi i\u00e7erisinde \u00e7al\u0131\u015f\u0131lmaktad\u0131r. G\u00fcney K\u0131br\u0131s Rum Kesimi ile de su\u00e7 ve su\u00e7lulara y\u00f6nelik faaliyetlerde bir i\u015f birli\u011fi kanal\u0131 yarat\u0131lm\u0131\u015f ve i\u015fletilmektedir.<\/em><\/p>\n<p><strong><em>\u2018Y\u00dcZLERCE KA\u00c7AK \u00dcLKELER\u0130NE G\u00d6NDER\u0130LM\u0130\u015e VEYA G\u00d6NDER\u0130LMEY\u0130 BEKLEMEKTED\u0130R\u2019<\/em><\/strong><\/p>\n<p><em>\u00dclkemizde ka\u00e7ak ya\u015fama y\u00f6nelik polis denetimleri benim ba\u015fbakanl\u0131\u011f\u0131m d\u00f6nemimde art\u0131r\u0131lm\u0131\u015f ve y\u00fczlerce ka\u00e7ak \u00fclkelerine g\u00f6nderilmi\u015f veya g\u00f6nderilmeyi beklemektedir.<\/em><\/p>\n<p><em>Ayr\u0131ca, k\u0131rm\u0131z\u0131 b\u00fcltenle aranan \u00e7ok say\u0131da isim tespit edilerek \u00fclkelerine iade edilmi\u015ftir. Bu \u00fclkeler aras\u0131nda T\u00fcrkiye, \u0130ngiltere, Avustralya ve Rusya da vard\u0131r.<\/em><\/p>\n<p><em>Herhangi bir su\u00e7 \u00f6rg\u00fct\u00fcne dahil oldu\u011fu tespit edilen onlarca ki\u015finin \u00fclkemize giri\u015fi ise yasaklanm\u0131\u015ft\u0131r.<\/em><\/p>\n<p><em>Su\u00e7 \u00f6rg\u00fctleri ba\u011flant\u0131l\u0131 olup, \u00fclkemizde bar\u0131nmak isteyenlerin ihrac\u0131 da kat\u0131 bir \u015fekilde devam etmektedir.<\/em><\/p>\n<p><strong>\u2018SU\u00c7 VE SU\u00c7LULARLA M\u00dcCADELEDE \u2018SIFIR TOLERANS\u2019 HER ZAMAN TEMEL ALDI\u011eIMIZ \u0130LKE OLMU\u015eTUR\u2019<\/strong><\/p>\n<p><em>Su\u00e7 ve su\u00e7lularla m\u00fccadelede \u2018s\u0131f\u0131r tolerans\u2019 her zaman temel ald\u0131\u011f\u0131m\u0131z ilke olmu\u015ftur ve olmaya devam edecektir.<\/em><\/p>\n<p><em>Bankac\u0131l\u0131k finans sistemimiz, Merkez Bankas\u0131 taraf\u0131ndan d\u00fczenli olarak denetlenmekte, t\u00fcm i\u015flemleri uluslararas\u0131 genel kabul g\u00f6rm\u00fc\u015f bankac\u0131l\u0131k ilkeleri do\u011frultusunda y\u00fcr\u00fct\u00fclmektedir.<\/em><\/p>\n<p><em>Bankalar\u0131m\u0131z hem yeni hesap a\u00e7\u0131l\u0131\u015f\u0131 hem de sonras\u0131nda \u2018uyum\u2019 kurallar\u0131na tam riayet etmekte, yasakl\u0131 \u00fclke, ki\u015fi ya da kurumlarla ili\u015fkiye kesinlikle izin vermemektedir.<\/em><\/p>\n<p><strong>\u2018YASA SON A\u015eAMADA, MECL\u0130S\u2019E SUNULACAK\u2019<\/strong><\/p>\n<p><em>Mevcut yasan\u0131n yerine ge\u00e7mek \u00fczere \u00fczerinde \u00e7al\u0131\u015ft\u0131\u011f\u0131m\u0131z Su\u00e7 Gelirlerinin Aklanmas\u0131n\u0131n \u00d6nlenmesi Yasa Tasar\u0131s\u0131 AB\u2019nin son direktiflerine uygun \u015fekilde d\u00fczenlenmi\u015ftir ve tasar\u0131 ilgili Meclis komitesinde son a\u015famadad\u0131r. Uzun s\u00fcredir yasala\u015ft\u0131r\u0131lamayan bu yasa da son haliyle k\u0131sa s\u00fcrede meclis g\u00fcndeminde olacakt\u0131r.<\/em><\/p>\n<p><strong>\u2018MESNETS\u0130Z A\u00c7IKLAMALARA DESTEK VERMEK G\u00dcZEL \u00dcLKEM\u0130ZE Y\u00d6NEL\u0130K B\u0130R KARALAMA ADIMIDIR\u2019<\/strong><\/p>\n<p><em>T\u00fcm kurum ve kurulu\u015flar\u0131m\u0131zla birlikte yap\u0131lan m\u00fccadeleyi g\u00f6rmezden gelmek ve mesnetsiz a\u00e7\u0131klamalara destek vermek g\u00fczel \u00fclkemize y\u00f6nelik bir karalama ad\u0131m\u0131d\u0131r.<\/em><\/p>\n<p><em>Beni ba\u015fbakan olarak ele\u015ftirebilirsiniz. Buna hi\u00e7 itiraz\u0131m olmaz. Ama, uzun s\u00fcredir etkin bir \u015fekilde y\u00fcr\u00fctt\u00fc\u011f\u00fcm\u00fcz her t\u00fcrl\u00fc su\u00e7 ve su\u00e7lularla m\u00fccadelenin g\u00f6rmezden gelinmesi, \u00fclkemizin karalama kampanyas\u0131n\u0131n bir \u00f6znesi yap\u0131lmas\u0131 asla kabul edece\u011fim bir \u015fey de\u011fildir.<\/em><\/p>\n<p><em>KKTC devletinin su\u00e7 ve su\u00e7lularla m\u00fccadelesine y\u00f6nelik \u00e7abas\u0131na iktidar ya da muhalefet birlikte destek vermemiz gereken bir konudur. Net olarak s\u00f6yl\u00fcyorum, bu konuda polisimizin ve mali denetimle y\u00fck\u00fcml\u00fc t\u00fcm kurumlar\u0131m\u0131z\u0131n \u00e7al\u0131\u015fmalar\u0131na deste\u011fimiz tamd\u0131r. G\u00f6reve geldi\u011fim g\u00fcnden itibaren, t\u00fcm devlet y\u00f6netimi tecr\u00fcbemle kurumlar\u0131m\u0131za talimat\u0131m \u2018s\u0131f\u0131r tolerans\u2019 ile proaktif m\u00fccadele y\u00fcr\u00fct\u00fclmesidir.<\/em><\/p>\n<p><strong>\u2018KKTC\u2019N\u0130N SU\u00c7LULARIN BARINDI\u011eI B\u0130R \u00dcLKE \u015eEKL\u0130NDE TANIMLANMASINA \u0130ZN\u0130M\u0130Z YOKTUR\u2019<\/strong><\/p>\n<p><em>Asla ve asla KKTC\u2019nin su\u00e7lular\u0131n bar\u0131nd\u0131\u011f\u0131 bir \u00fclke \u015feklinde tan\u0131mlanmas\u0131na iznimiz yoktur. \u00dclkemiz b\u00f6yle bir \u00fclke de\u011fildir. \u00dclkemizi farkl\u0131 bir \u015fekilde g\u00f6sterme \u00e7abas\u0131 g\u00fczel \u00fclkemize, insan\u0131m\u0131za, kurumlar\u0131m\u0131za \u00e7ok b\u00fcy\u00fck bir haks\u0131zl\u0131kt\u0131r. \u00dclkemiz bir huzur adas\u0131d\u0131r ve bu yap\u0131s\u0131n\u0131 korumak ba\u015fta ben olmak \u00fczere hepimizin g\u00f6revidir.<\/em><\/p>\n<p><em>&nbsp;KKTC hukuk sistemi, uluslararas\u0131 camiada da takdir ve g\u00fcven duyulan yan\u0131m\u0131zd\u0131r. Yap\u0131lan a\u00e7\u0131klamalar, organize karalama s\u00f6ylemleri, Rum lobisinin s\u00f6ylemleri \u00fcst \u00fcste geliyor.<\/em><\/p>\n<p><em>Ba\u015fta s\u00f6yledi\u011fimi sonda da tekrar edece\u011fim. Bu \u00fclke sahipsiz de\u011fildir. Hi\u00e7bir su\u00e7 \u00f6rg\u00fct\u00fc burada bar\u0131namaz, yasa d\u0131\u015f\u0131, hukuk d\u0131\u015f\u0131 hi\u00e7bir faaliyete izin vermeyiz.<\/em><\/p>\n<p><em>Polis te\u015fkilat\u0131m\u0131z, merkez bankam\u0131z ve devletimizin t\u00fcm kurumlar\u0131 bu alanda ge\u00e7mi\u015ften elde ettikleri g\u00fc\u00e7l\u00fc tecr\u00fcbelerle g\u00f6rev yapmaktad\u0131r. H\u00fck\u00fcmetimizin kendilerine deste\u011fi ise tamd\u0131r\u2026<\/em><\/p>\n","protected":false},"excerpt":{"rendered":"<p>Ba\u015fbakan&nbsp;\u00dcnal \u00dcstel, son g\u00fcnlerde Kuzey K\u0131br\u0131s\u2019ta kara para akland\u0131\u011f\u0131 ve bununla m\u00fccadele edilmedi\u011fi y\u00f6n\u00fcnde ortaya at\u0131lan iddialarla ilgili a\u00e7\u0131klama yapt\u0131. \u00dcstel a\u00e7\u0131klamas\u0131nda, iddialar\u0131n as\u0131ls\u0131z ve \u00fclkeyi karalamak amac\u0131yla ortaya at\u0131ld\u0131\u011f\u0131n\u0131n alt\u0131n\u0131 \u00e7izdi. Ba\u015fbakan \u00dcstel\u2019in a\u00e7\u0131klamas\u0131 \u015fu \u015fekilde: \u201cSon g\u00fcnlerde KKTC\u2019de kara para akland\u0131\u011f\u0131, bununla m\u00fccadele edilmedi\u011fi su\u00e7lamalar\u0131yla ilgili halk\u0131m\u0131z\u0131n m\u00fcsterih olmas\u0131n\u0131 istiyorum. Buradan belirtmek isterim<\/p>\n","protected":false},"author":1,"featured_media":20586,"comment_status":"open","ping_status":"open","sticky":false,"template":"","format":"standard","meta":{"footnotes":""},"categories":[1],"tags":[],"class_list":["post-20585","post","type-post","status-publish","format-standard","has-post-thumbnail","hentry","category-gundem"],"yoast_head":"<!-- This site is optimized with the Yoast SEO plugin v27.5 - https:\/\/yoast.com\/product\/yoast-seo-wordpress\/ -->\n<title>\u00dcstel: Su\u00e7 ve su\u00e7lularla m\u00fccadelede \u2018s\u0131f\u0131r tolerans\u2019 her zaman temel ilkemiz olmu\u015ftur -<\/title>\n<meta name=\"robots\" content=\"index, follow, max-snippet:-1, max-image-preview:large, max-video-preview:-1\" \/>\n<link rel=\"canonical\" href=\"https:\/\/kibrisdakik.com\/?p=20585\" \/>\n<meta property=\"og:locale\" content=\"tr_TR\" \/>\n<meta property=\"og:type\" content=\"article\" \/>\n<meta property=\"og:title\" content=\"\u00dcstel: Su\u00e7 ve su\u00e7lularla m\u00fccadelede \u2018s\u0131f\u0131r tolerans\u2019 her zaman temel ilkemiz olmu\u015ftur -\" \/>\n<meta property=\"og:description\" content=\"Ba\u015fbakan&nbsp;\u00dcnal \u00dcstel, son g\u00fcnlerde Kuzey K\u0131br\u0131s\u2019ta kara para akland\u0131\u011f\u0131 ve bununla m\u00fccadele edilmedi\u011fi y\u00f6n\u00fcnde ortaya at\u0131lan iddialarla ilgili a\u00e7\u0131klama yapt\u0131. \u00dcstel a\u00e7\u0131klamas\u0131nda, iddialar\u0131n as\u0131ls\u0131z ve \u00fclkeyi karalamak amac\u0131yla ortaya at\u0131ld\u0131\u011f\u0131n\u0131n alt\u0131n\u0131 \u00e7izdi. Ba\u015fbakan \u00dcstel\u2019in a\u00e7\u0131klamas\u0131 \u015fu \u015fekilde: \u201cSon g\u00fcnlerde KKTC\u2019de kara para akland\u0131\u011f\u0131, bununla m\u00fccadele edilmedi\u011fi su\u00e7lamalar\u0131yla ilgili halk\u0131m\u0131z\u0131n m\u00fcsterih olmas\u0131n\u0131 istiyorum. Buradan belirtmek isterim\" \/>\n<meta property=\"og:url\" content=\"https:\/\/kibrisdakik.com\/?p=20585\" \/>\n<meta property=\"article:published_time\" content=\"2023-11-30T15:22:21+00:00\" \/>\n<meta property=\"og:image\" content=\"https:\/\/kibrisdakik.com\/wp-content\/uploads\/2023\/11\/ustel-suc-ve-suclularla-mucadelede-sifir-tolerans-her-zaman-temel-ilkemiz-olmustur-1701339473.webp.webp\" \/>\n\t<meta property=\"og:image:width\" content=\"710\" \/>\n\t<meta property=\"og:image:height\" content=\"370\" \/>\n\t<meta property=\"og:image:type\" content=\"image\/webp\" \/>\n<meta name=\"author\" content=\"admin\" \/>\n<meta name=\"twitter:card\" content=\"summary_large_image\" \/>\n<meta name=\"twitter:label1\" content=\"Yazan:\" \/>\n\t<meta name=\"twitter:data1\" content=\"admin\" \/>\n\t<meta name=\"twitter:label2\" content=\"Tahmini okuma s\u00fcresi\" \/>\n\t<meta name=\"twitter:data2\" content=\"4 dakika\" \/>\n<script type=\"application\/ld+json\" class=\"yoast-schema-graph\">{\"@context\":\"https:\\\/\\\/schema.org\",\"@graph\":[{\"@type\":\"Article\",\"@id\":\"https:\\\/\\\/kibrisdakik.com\\\/?p=20585#article\",\"isPartOf\":{\"@id\":\"https:\\\/\\\/kibrisdakik.com\\\/?p=20585\"},\"author\":{\"name\":\"admin\",\"@id\":\"https:\\\/\\\/kibrisdakik.com\\\/#\\\/schema\\\/person\\\/9cd9d437bbb44f72b73ba127e06d8e79\"},\"headline\":\"\u00dcstel: Su\u00e7 ve su\u00e7lularla m\u00fccadelede \u2018s\u0131f\u0131r tolerans\u2019 her zaman temel ilkemiz olmu\u015ftur\",\"datePublished\":\"2023-11-30T15:22:21+00:00\",\"mainEntityOfPage\":{\"@id\":\"https:\\\/\\\/kibrisdakik.com\\\/?p=20585\"},\"wordCount\":878,\"commentCount\":0,\"image\":{\"@id\":\"https:\\\/\\\/kibrisdakik.com\\\/?p=20585#primaryimage\"},\"thumbnailUrl\":\"https:\\\/\\\/kibrisdakik.com\\\/wp-content\\\/uploads\\\/2023\\\/11\\\/ustel-suc-ve-suclularla-mucadelede-sifir-tolerans-her-zaman-temel-ilkemiz-olmustur-1701339473.webp.webp\",\"articleSection\":[\"G\u00fcndem\"],\"inLanguage\":\"tr\",\"potentialAction\":[{\"@type\":\"CommentAction\",\"name\":\"Comment\",\"target\":[\"https:\\\/\\\/kibrisdakik.com\\\/?p=20585#respond\"]}]},{\"@type\":\"WebPage\",\"@id\":\"https:\\\/\\\/kibrisdakik.com\\\/?p=20585\",\"url\":\"https:\\\/\\\/kibrisdakik.com\\\/?p=20585\",\"name\":\"\u00dcstel: Su\u00e7 ve su\u00e7lularla m\u00fccadelede \u2018s\u0131f\u0131r tolerans\u2019 her zaman temel ilkemiz olmu\u015ftur -\",\"isPartOf\":{\"@id\":\"https:\\\/\\\/kibrisdakik.com\\\/#website\"},\"primaryImageOfPage\":{\"@id\":\"https:\\\/\\\/kibrisdakik.com\\\/?p=20585#primaryimage\"},\"image\":{\"@id\":\"https:\\\/\\\/kibrisdakik.com\\\/?p=20585#primaryimage\"},\"thumbnailUrl\":\"https:\\\/\\\/kibrisdakik.com\\\/wp-content\\\/uploads\\\/2023\\\/11\\\/ustel-suc-ve-suclularla-mucadelede-sifir-tolerans-her-zaman-temel-ilkemiz-olmustur-1701339473.webp.webp\",\"datePublished\":\"2023-11-30T15:22:21+00:00\",\"author\":{\"@id\":\"https:\\\/\\\/kibrisdakik.com\\\/#\\\/schema\\\/person\\\/9cd9d437bbb44f72b73ba127e06d8e79\"},\"breadcrumb\":{\"@id\":\"https:\\\/\\\/kibrisdakik.com\\\/?p=20585#breadcrumb\"},\"inLanguage\":\"tr\",\"potentialAction\":[{\"@type\":\"ReadAction\",\"target\":[\"https:\\\/\\\/kibrisdakik.com\\\/?p=20585\"]}]},{\"@type\":\"ImageObject\",\"inLanguage\":\"tr\",\"@id\":\"https:\\\/\\\/kibrisdakik.com\\\/?p=20585#primaryimage\",\"url\":\"https:\\\/\\\/kibrisdakik.com\\\/wp-content\\\/uploads\\\/2023\\\/11\\\/ustel-suc-ve-suclularla-mucadelede-sifir-tolerans-her-zaman-temel-ilkemiz-olmustur-1701339473.webp.webp\",\"contentUrl\":\"https:\\\/\\\/kibrisdakik.com\\\/wp-content\\\/uploads\\\/2023\\\/11\\\/ustel-suc-ve-suclularla-mucadelede-sifir-tolerans-her-zaman-temel-ilkemiz-olmustur-1701339473.webp.webp\",\"width\":710,\"height\":370},{\"@type\":\"BreadcrumbList\",\"@id\":\"https:\\\/\\\/kibrisdakik.com\\\/?p=20585#breadcrumb\",\"itemListElement\":[{\"@type\":\"ListItem\",\"position\":1,\"name\":\"Home\",\"item\":\"https:\\\/\\\/kibrisdakik.com\\\/\"},{\"@type\":\"ListItem\",\"position\":2,\"name\":\"\u00dcstel: Su\u00e7 ve su\u00e7lularla m\u00fccadelede \u2018s\u0131f\u0131r tolerans\u2019 her zaman temel ilkemiz olmu\u015ftur\"}]},{\"@type\":\"WebSite\",\"@id\":\"https:\\\/\\\/kibrisdakik.com\\\/#website\",\"url\":\"https:\\\/\\\/kibrisdakik.com\\\/\",\"name\":\"\",\"description\":\"Tam vaktinde haber\",\"potentialAction\":[{\"@type\":\"SearchAction\",\"target\":{\"@type\":\"EntryPoint\",\"urlTemplate\":\"https:\\\/\\\/kibrisdakik.com\\\/?s={search_term_string}\"},\"query-input\":{\"@type\":\"PropertyValueSpecification\",\"valueRequired\":true,\"valueName\":\"search_term_string\"}}],\"inLanguage\":\"tr\"},{\"@type\":\"Person\",\"@id\":\"https:\\\/\\\/kibrisdakik.com\\\/#\\\/schema\\\/person\\\/9cd9d437bbb44f72b73ba127e06d8e79\",\"name\":\"admin\",\"image\":{\"@type\":\"ImageObject\",\"inLanguage\":\"tr\",\"@id\":\"https:\\\/\\\/secure.gravatar.com\\\/avatar\\\/ccc17943b9d660506c869530f897617f7cb1c21a4bf30023f252596d83e1f007?s=96&d=mm&r=g\",\"url\":\"https:\\\/\\\/secure.gravatar.com\\\/avatar\\\/ccc17943b9d660506c869530f897617f7cb1c21a4bf30023f252596d83e1f007?s=96&d=mm&r=g\",\"contentUrl\":\"https:\\\/\\\/secure.gravatar.com\\\/avatar\\\/ccc17943b9d660506c869530f897617f7cb1c21a4bf30023f252596d83e1f007?s=96&d=mm&r=g\",\"caption\":\"admin\"},\"sameAs\":[\"https:\\\/\\\/kibrisdakik.com\"],\"url\":\"https:\\\/\\\/kibrisdakik.com\\\/?author=1\"}]}<\/script>\n<!-- \/ Yoast SEO plugin. -->","yoast_head_json":{"title":"\u00dcstel: Su\u00e7 ve su\u00e7lularla m\u00fccadelede \u2018s\u0131f\u0131r tolerans\u2019 her zaman temel ilkemiz olmu\u015ftur -","robots":{"index":"index","follow":"follow","max-snippet":"max-snippet:-1","max-image-preview":"max-image-preview:large","max-video-preview":"max-video-preview:-1"},"canonical":"https:\/\/kibrisdakik.com\/?p=20585","og_locale":"tr_TR","og_type":"article","og_title":"\u00dcstel: Su\u00e7 ve su\u00e7lularla m\u00fccadelede \u2018s\u0131f\u0131r tolerans\u2019 her zaman temel ilkemiz olmu\u015ftur -","og_description":"Ba\u015fbakan&nbsp;\u00dcnal \u00dcstel, son g\u00fcnlerde Kuzey K\u0131br\u0131s\u2019ta kara para akland\u0131\u011f\u0131 ve bununla m\u00fccadele edilmedi\u011fi y\u00f6n\u00fcnde ortaya at\u0131lan iddialarla ilgili a\u00e7\u0131klama yapt\u0131. \u00dcstel a\u00e7\u0131klamas\u0131nda, iddialar\u0131n as\u0131ls\u0131z ve \u00fclkeyi karalamak amac\u0131yla ortaya at\u0131ld\u0131\u011f\u0131n\u0131n alt\u0131n\u0131 \u00e7izdi. Ba\u015fbakan \u00dcstel\u2019in a\u00e7\u0131klamas\u0131 \u015fu \u015fekilde: \u201cSon g\u00fcnlerde KKTC\u2019de kara para akland\u0131\u011f\u0131, bununla m\u00fccadele edilmedi\u011fi su\u00e7lamalar\u0131yla ilgili halk\u0131m\u0131z\u0131n m\u00fcsterih olmas\u0131n\u0131 istiyorum. Buradan belirtmek isterim","og_url":"https:\/\/kibrisdakik.com\/?p=20585","article_published_time":"2023-11-30T15:22:21+00:00","og_image":[{"width":710,"height":370,"url":"https:\/\/kibrisdakik.com\/wp-content\/uploads\/2023\/11\/ustel-suc-ve-suclularla-mucadelede-sifir-tolerans-her-zaman-temel-ilkemiz-olmustur-1701339473.webp.webp","type":"image\/webp"}],"author":"admin","twitter_card":"summary_large_image","twitter_misc":{"Yazan:":"admin","Tahmini okuma s\u00fcresi":"4 dakika"},"schema":{"@context":"https:\/\/schema.org","@graph":[{"@type":"Article","@id":"https:\/\/kibrisdakik.com\/?p=20585#article","isPartOf":{"@id":"https:\/\/kibrisdakik.com\/?p=20585"},"author":{"name":"admin","@id":"https:\/\/kibrisdakik.com\/#\/schema\/person\/9cd9d437bbb44f72b73ba127e06d8e79"},"headline":"\u00dcstel: Su\u00e7 ve su\u00e7lularla m\u00fccadelede \u2018s\u0131f\u0131r tolerans\u2019 her zaman temel ilkemiz olmu\u015ftur","datePublished":"2023-11-30T15:22:21+00:00","mainEntityOfPage":{"@id":"https:\/\/kibrisdakik.com\/?p=20585"},"wordCount":878,"commentCount":0,"image":{"@id":"https:\/\/kibrisdakik.com\/?p=20585#primaryimage"},"thumbnailUrl":"https:\/\/kibrisdakik.com\/wp-content\/uploads\/2023\/11\/ustel-suc-ve-suclularla-mucadelede-sifir-tolerans-her-zaman-temel-ilkemiz-olmustur-1701339473.webp.webp","articleSection":["G\u00fcndem"],"inLanguage":"tr","potentialAction":[{"@type":"CommentAction","name":"Comment","target":["https:\/\/kibrisdakik.com\/?p=20585#respond"]}]},{"@type":"WebPage","@id":"https:\/\/kibrisdakik.com\/?p=20585","url":"https:\/\/kibrisdakik.com\/?p=20585","name":"\u00dcstel: Su\u00e7 ve su\u00e7lularla m\u00fccadelede \u2018s\u0131f\u0131r tolerans\u2019 her zaman temel ilkemiz olmu\u015ftur -","isPartOf":{"@id":"https:\/\/kibrisdakik.com\/#website"},"primaryImageOfPage":{"@id":"https:\/\/kibrisdakik.com\/?p=20585#primaryimage"},"image":{"@id":"https:\/\/kibrisdakik.com\/?p=20585#primaryimage"},"thumbnailUrl":"https:\/\/kibrisdakik.com\/wp-content\/uploads\/2023\/11\/ustel-suc-ve-suclularla-mucadelede-sifir-tolerans-her-zaman-temel-ilkemiz-olmustur-1701339473.webp.webp","datePublished":"2023-11-30T15:22:21+00:00","author":{"@id":"https:\/\/kibrisdakik.com\/#\/schema\/person\/9cd9d437bbb44f72b73ba127e06d8e79"},"breadcrumb":{"@id":"https:\/\/kibrisdakik.com\/?p=20585#breadcrumb"},"inLanguage":"tr","potentialAction":[{"@type":"ReadAction","target":["https:\/\/kibrisdakik.com\/?p=20585"]}]},{"@type":"ImageObject","inLanguage":"tr","@id":"https:\/\/kibrisdakik.com\/?p=20585#primaryimage","url":"https:\/\/kibrisdakik.com\/wp-content\/uploads\/2023\/11\/ustel-suc-ve-suclularla-mucadelede-sifir-tolerans-her-zaman-temel-ilkemiz-olmustur-1701339473.webp.webp","contentUrl":"https:\/\/kibrisdakik.com\/wp-content\/uploads\/2023\/11\/ustel-suc-ve-suclularla-mucadelede-sifir-tolerans-her-zaman-temel-ilkemiz-olmustur-1701339473.webp.webp","width":710,"height":370},{"@type":"BreadcrumbList","@id":"https:\/\/kibrisdakik.com\/?p=20585#breadcrumb","itemListElement":[{"@type":"ListItem","position":1,"name":"Home","item":"https:\/\/kibrisdakik.com\/"},{"@type":"ListItem","position":2,"name":"\u00dcstel: Su\u00e7 ve su\u00e7lularla m\u00fccadelede \u2018s\u0131f\u0131r tolerans\u2019 her zaman temel ilkemiz olmu\u015ftur"}]},{"@type":"WebSite","@id":"https:\/\/kibrisdakik.com\/#website","url":"https:\/\/kibrisdakik.com\/","name":"","description":"Tam vaktinde haber","potentialAction":[{"@type":"SearchAction","target":{"@type":"EntryPoint","urlTemplate":"https:\/\/kibrisdakik.com\/?s={search_term_string}"},"query-input":{"@type":"PropertyValueSpecification","valueRequired":true,"valueName":"search_term_string"}}],"inLanguage":"tr"},{"@type":"Person","@id":"https:\/\/kibrisdakik.com\/#\/schema\/person\/9cd9d437bbb44f72b73ba127e06d8e79","name":"admin","image":{"@type":"ImageObject","inLanguage":"tr","@id":"https:\/\/secure.gravatar.com\/avatar\/ccc17943b9d660506c869530f897617f7cb1c21a4bf30023f252596d83e1f007?s=96&d=mm&r=g","url":"https:\/\/secure.gravatar.com\/avatar\/ccc17943b9d660506c869530f897617f7cb1c21a4bf30023f252596d83e1f007?s=96&d=mm&r=g","contentUrl":"https:\/\/secure.gravatar.com\/avatar\/ccc17943b9d660506c869530f897617f7cb1c21a4bf30023f252596d83e1f007?s=96&d=mm&r=g","caption":"admin"},"sameAs":["https:\/\/kibrisdakik.com"],"url":"https:\/\/kibrisdakik.com\/?author=1"}]}},"_links":{"self":[{"href":"https:\/\/kibrisdakik.com\/index.php?rest_route=\/wp\/v2\/posts\/20585","targetHints":{"allow":["GET"]}}],"collection":[{"href":"https:\/\/kibrisdakik.com\/index.php?rest_route=\/wp\/v2\/posts"}],"about":[{"href":"https:\/\/kibrisdakik.com\/index.php?rest_route=\/wp\/v2\/types\/post"}],"author":[{"embeddable":true,"href":"https:\/\/kibrisdakik.com\/index.php?rest_route=\/wp\/v2\/users\/1"}],"replies":[{"embeddable":true,"href":"https:\/\/kibrisdakik.com\/index.php?rest_route=%2Fwp%2Fv2%2Fcomments&post=20585"}],"version-history":[{"count":0,"href":"https:\/\/kibrisdakik.com\/index.php?rest_route=\/wp\/v2\/posts\/20585\/revisions"}],"wp:featuredmedia":[{"embeddable":true,"href":"https:\/\/kibrisdakik.com\/index.php?rest_route=\/wp\/v2\/media\/20586"}],"wp:attachment":[{"href":"https:\/\/kibrisdakik.com\/index.php?rest_route=%2Fwp%2Fv2%2Fmedia&parent=20585"}],"wp:term":[{"taxonomy":"category","embeddable":true,"href":"https:\/\/kibrisdakik.com\/index.php?rest_route=%2Fwp%2Fv2%2Fcategories&post=20585"},{"taxonomy":"post_tag","embeddable":true,"href":"https:\/\/kibrisdakik.com\/index.php?rest_route=%2Fwp%2Fv2%2Ftags&post=20585"}],"curies":[{"name":"wp","href":"https:\/\/api.w.org\/{rel}","templated":true}]}}